{"id":18870,"date":"2022-04-26T20:10:43","date_gmt":"2022-04-26T18:10:43","guid":{"rendered":"https:\/\/www.caudete.org\/ayuntamiento\/?p=18870"},"modified":"2022-04-26T21:33:16","modified_gmt":"2022-04-26T19:33:16","slug":"el-proximo-viernes-se-reunira-la-comision-de-interior-y-el-consejo-local-de-seguridad","status":"publish","type":"post","link":"https:\/\/www.caudete.org\/ayuntamiento\/el-proximo-viernes-se-reunira-la-comision-de-interior-y-el-consejo-local-de-seguridad\/","title":{"rendered":"El pr\u00f3ximo viernes se reunir\u00e1 la COMISI\u00d3N DE INTERIOR y el CONSEJO LOCAL DE SEGURIDAD"},"content":{"rendered":"<p style=\"text-align: justify;\"><span style=\"font-family: 'Arial','sans-serif';\">Esta ma\u00f1ana el Gobierno Municipal firmaba las convocatorias de la Comisi\u00f3n Informativa de Interior y del Consejo Local de Seguridad, Orden C\u00edvico y Convivencia, toda vez que en la ma\u00f1ana de ayer se daba a conocer por la Guardia Civil y la Subdelegaci\u00f3n del Gobierno de Espa\u00f1a 4 detenciones por los hechos vand\u00e1licos sufridos en la localidad desde hace tres meses.<\/span><\/p>\n<p style=\"text-align: justify;\"><span style=\"font-family: 'Arial','sans-serif';\">La primera convocatoria ser\u00e1 para el viernes a las 08:00h donde los miembros de la Corporaci\u00f3n Municipal integrantes de dicho \u00f3rgano podr\u00e1n tratar sobre las \u00faltimas novedades que en dicha materia se conocen, bajo la presidencia de la Concejal titular de Interior.<\/span><\/p>\n<p style=\"text-align: justify;\"><span style=\"font-family: 'Arial','sans-serif';\">La segunda, tendr\u00e1 lugar a las 20:00h, y supondr\u00e1 la segunda sesi\u00f3n en menos de un mes para este reci\u00e9n creado \u00f3rgano consultivo en el que tienen representaci\u00f3n un amplio abanico del tejido asociativo y vecinal de la localidad. En este caso ser\u00e1 bajo la presidencia del Alcalde, y con la intervenci\u00f3n de la Polic\u00eda Local, donde se analizar\u00e1 la situaci\u00f3n y el estado actual de la seguridad en el municipio tras el operativo especial dispuesto al amparo de la Junta Local de Seguridad celebrada en Febrero.<\/span><\/p>\n","protected":false},"excerpt":{"rendered":"<p>Esta ma\u00f1ana el Gobierno Municipal firmaba las convocatorias de la Comisi\u00f3n Informativa de Interior y del Consejo Local de Seguridad, Orden C\u00edvico y Convivencia, toda vez que en la ma\u00f1ana de ayer se daba a conocer por la Guardia Civil y la Subdelegaci\u00f3n del Gobierno de Espa\u00f1a 4 detenciones por los hechos vand\u00e1licos sufridos en &hellip;<\/p>\n","protected":false},"author":3,"featured_media":16102,"comment_status":"closed","ping_status":"open","sticky":false,"template":"","format":"standard","meta":{"ngg_post_thumbnail":0,"footnotes":""},"categories":[34],"tags":[],"class_list":["post-18870","post","type-post","status-publish","format-standard","has-post-thumbnail","hentry","category-interior"],"yoast_head":"<!-- This site is optimized with the Yoast SEO plugin v27.5 - https:\/\/yoast.com\/product\/yoast-seo-wordpress\/ -->\n<title>El pr\u00f3ximo viernes se reunir\u00e1 la COMISI\u00d3N DE INTERIOR y el CONSEJO LOCAL DE SEGURIDAD - MI Ayuntamiento de Caudete<\/title>\n<meta name=\"description\" content=\"P\u00e1gina Oficial del Ayuntamiento de Caudete (Albacete)\" \/>\n<meta name=\"robots\" content=\"index, follow, max-snippet:-1, max-image-preview:large, max-video-preview:-1\" \/>\n<link rel=\"canonical\" href=\"https:\/\/www.caudete.org\/ayuntamiento\/el-proximo-viernes-se-reunira-la-comision-de-interior-y-el-consejo-local-de-seguridad\/\" \/>\n<meta property=\"og:locale\" content=\"es_ES\" \/>\n<meta property=\"og:type\" content=\"article\" \/>\n<meta property=\"og:title\" content=\"El pr\u00f3ximo viernes se reunir\u00e1 la COMISI\u00d3N DE INTERIOR y el CONSEJO LOCAL DE SEGURIDAD - MI Ayuntamiento de Caudete\" \/>\n<meta property=\"og:description\" content=\"P\u00e1gina Oficial del Ayuntamiento de Caudete (Albacete)\" \/>\n<meta property=\"og:url\" content=\"https:\/\/www.caudete.org\/ayuntamiento\/el-proximo-viernes-se-reunira-la-comision-de-interior-y-el-consejo-local-de-seguridad\/\" \/>\n<meta property=\"og:site_name\" content=\"MI Ayuntamiento de Caudete\" \/>\n<meta property=\"article:publisher\" content=\"https:\/\/www.facebook.com\/ayuntamientocaudete\/\" \/>\n<meta property=\"article:published_time\" content=\"2022-04-26T18:10:43+00:00\" \/>\n<meta property=\"article:modified_time\" content=\"2022-04-26T19:33:16+00:00\" \/>\n<meta property=\"og:image\" content=\"https:\/\/www.caudete.org\/ayuntamiento\/wp-content\/uploads\/2021\/09\/ayuntamiento_2020_caudete_digital.jpg\" \/>\n\t<meta property=\"og:image:width\" content=\"700\" \/>\n\t<meta property=\"og:image:height\" content=\"344\" \/>\n\t<meta property=\"og:image:type\" content=\"image\/jpeg\" \/>\n<meta name=\"author\" content=\"alcalde\" \/>\n<meta name=\"twitter:card\" content=\"summary_large_image\" \/>\n<meta name=\"twitter:label1\" content=\"Escrito por\" \/>\n\t<meta name=\"twitter:data1\" content=\"alcalde\" \/>\n\t<meta name=\"twitter:label2\" content=\"Tiempo de lectura\" \/>\n\t<meta name=\"twitter:data2\" content=\"1 minuto\" \/>\n<script type=\"application\/ld+json\" class=\"yoast-schema-graph\">{\"@context\":\"https:\\\/\\\/schema.org\",\"@graph\":[{\"@type\":\"Article\",\"@id\":\"https:\\\/\\\/www.caudete.org\\\/ayuntamiento\\\/el-proximo-viernes-se-reunira-la-comision-de-interior-y-el-consejo-local-de-seguridad\\\/#article\",\"isPartOf\":{\"@id\":\"https:\\\/\\\/www.caudete.org\\\/ayuntamiento\\\/el-proximo-viernes-se-reunira-la-comision-de-interior-y-el-consejo-local-de-seguridad\\\/\"},\"author\":{\"name\":\"alcalde\",\"@id\":\"https:\\\/\\\/www.caudete.org\\\/ayuntamiento\\\/#\\\/schema\\\/person\\\/cc646da9133078ee4d8dd47457947253\"},\"headline\":\"El pr\u00f3ximo viernes se reunir\u00e1 la COMISI\u00d3N DE INTERIOR y el CONSEJO LOCAL DE SEGURIDAD\",\"datePublished\":\"2022-04-26T18:10:43+00:00\",\"dateModified\":\"2022-04-26T19:33:16+00:00\",\"mainEntityOfPage\":{\"@id\":\"https:\\\/\\\/www.caudete.org\\\/ayuntamiento\\\/el-proximo-viernes-se-reunira-la-comision-de-interior-y-el-consejo-local-de-seguridad\\\/\"},\"wordCount\":221,\"image\":{\"@id\":\"https:\\\/\\\/www.caudete.org\\\/ayuntamiento\\\/el-proximo-viernes-se-reunira-la-comision-de-interior-y-el-consejo-local-de-seguridad\\\/#primaryimage\"},\"thumbnailUrl\":\"https:\\\/\\\/www.caudete.org\\\/ayuntamiento\\\/wp-content\\\/uploads\\\/2021\\\/09\\\/ayuntamiento_2020_caudete_digital.jpg\",\"articleSection\":[\"Interior\"],\"inLanguage\":\"es\"},{\"@type\":\"WebPage\",\"@id\":\"https:\\\/\\\/www.caudete.org\\\/ayuntamiento\\\/el-proximo-viernes-se-reunira-la-comision-de-interior-y-el-consejo-local-de-seguridad\\\/\",\"url\":\"https:\\\/\\\/www.caudete.org\\\/ayuntamiento\\\/el-proximo-viernes-se-reunira-la-comision-de-interior-y-el-consejo-local-de-seguridad\\\/\",\"name\":\"El pr\u00f3ximo viernes se reunir\u00e1 la COMISI\u00d3N DE INTERIOR y el CONSEJO LOCAL DE SEGURIDAD - MI Ayuntamiento de Caudete\",\"isPartOf\":{\"@id\":\"https:\\\/\\\/www.caudete.org\\\/ayuntamiento\\\/#website\"},\"primaryImageOfPage\":{\"@id\":\"https:\\\/\\\/www.caudete.org\\\/ayuntamiento\\\/el-proximo-viernes-se-reunira-la-comision-de-interior-y-el-consejo-local-de-seguridad\\\/#primaryimage\"},\"image\":{\"@id\":\"https:\\\/\\\/www.caudete.org\\\/ayuntamiento\\\/el-proximo-viernes-se-reunira-la-comision-de-interior-y-el-consejo-local-de-seguridad\\\/#primaryimage\"},\"thumbnailUrl\":\"https:\\\/\\\/www.caudete.org\\\/ayuntamiento\\\/wp-content\\\/uploads\\\/2021\\\/09\\\/ayuntamiento_2020_caudete_digital.jpg\",\"datePublished\":\"2022-04-26T18:10:43+00:00\",\"dateModified\":\"2022-04-26T19:33:16+00:00\",\"author\":{\"@id\":\"https:\\\/\\\/www.caudete.org\\\/ayuntamiento\\\/#\\\/schema\\\/person\\\/cc646da9133078ee4d8dd47457947253\"},\"description\":\"P\u00e1gina Oficial del Ayuntamiento de Caudete (Albacete)\",\"breadcrumb\":{\"@id\":\"https:\\\/\\\/www.caudete.org\\\/ayuntamiento\\\/el-proximo-viernes-se-reunira-la-comision-de-interior-y-el-consejo-local-de-seguridad\\\/#breadcrumb\"},\"inLanguage\":\"es\",\"potentialAction\":[{\"@type\":\"ReadAction\",\"target\":[\"https:\\\/\\\/www.caudete.org\\\/ayuntamiento\\\/el-proximo-viernes-se-reunira-la-comision-de-interior-y-el-consejo-local-de-seguridad\\\/\"]}]},{\"@type\":\"ImageObject\",\"inLanguage\":\"es\",\"@id\":\"https:\\\/\\\/www.caudete.org\\\/ayuntamiento\\\/el-proximo-viernes-se-reunira-la-comision-de-interior-y-el-consejo-local-de-seguridad\\\/#primaryimage\",\"url\":\"https:\\\/\\\/www.caudete.org\\\/ayuntamiento\\\/wp-content\\\/uploads\\\/2021\\\/09\\\/ayuntamiento_2020_caudete_digital.jpg\",\"contentUrl\":\"https:\\\/\\\/www.caudete.org\\\/ayuntamiento\\\/wp-content\\\/uploads\\\/2021\\\/09\\\/ayuntamiento_2020_caudete_digital.jpg\",\"width\":700,\"height\":344},{\"@type\":\"BreadcrumbList\",\"@id\":\"https:\\\/\\\/www.caudete.org\\\/ayuntamiento\\\/el-proximo-viernes-se-reunira-la-comision-de-interior-y-el-consejo-local-de-seguridad\\\/#breadcrumb\",\"itemListElement\":[{\"@type\":\"ListItem\",\"position\":1,\"name\":\"Inicio\",\"item\":\"https:\\\/\\\/www.caudete.org\\\/ayuntamiento\\\/\"},{\"@type\":\"ListItem\",\"position\":2,\"name\":\"El pr\u00f3ximo viernes se reunir\u00e1 la COMISI\u00d3N DE INTERIOR y el CONSEJO LOCAL DE SEGURIDAD\"}]},{\"@type\":\"WebSite\",\"@id\":\"https:\\\/\\\/www.caudete.org\\\/ayuntamiento\\\/#website\",\"url\":\"https:\\\/\\\/www.caudete.org\\\/ayuntamiento\\\/\",\"name\":\"MI Ayuntamiento de Caudete\",\"description\":\"P\u00e1gina Oficial del MI Ayuntamiento de Caudete\",\"potentialAction\":[{\"@type\":\"SearchAction\",\"target\":{\"@type\":\"EntryPoint\",\"urlTemplate\":\"https:\\\/\\\/www.caudete.org\\\/ayuntamiento\\\/?s={search_term_string}\"},\"query-input\":{\"@type\":\"PropertyValueSpecification\",\"valueRequired\":true,\"valueName\":\"search_term_string\"}}],\"inLanguage\":\"es\"},{\"@type\":\"Person\",\"@id\":\"https:\\\/\\\/www.caudete.org\\\/ayuntamiento\\\/#\\\/schema\\\/person\\\/cc646da9133078ee4d8dd47457947253\",\"name\":\"alcalde\",\"image\":{\"@type\":\"ImageObject\",\"inLanguage\":\"es\",\"@id\":\"https:\\\/\\\/secure.gravatar.com\\\/avatar\\\/84a817ba065b29ff08d666b215a215f5c79186a645ccb25b14a663d48a130f77?s=96&d=mm&r=g\",\"url\":\"https:\\\/\\\/secure.gravatar.com\\\/avatar\\\/84a817ba065b29ff08d666b215a215f5c79186a645ccb25b14a663d48a130f77?s=96&d=mm&r=g\",\"contentUrl\":\"https:\\\/\\\/secure.gravatar.com\\\/avatar\\\/84a817ba065b29ff08d666b215a215f5c79186a645ccb25b14a663d48a130f77?s=96&d=mm&r=g\",\"caption\":\"alcalde\"},\"url\":\"https:\\\/\\\/www.caudete.org\\\/ayuntamiento\\\/author\\\/alcalde\\\/\"}]}<\/script>\n<!-- \/ Yoast SEO plugin. -->","yoast_head_json":{"title":"El pr\u00f3ximo viernes se reunir\u00e1 la COMISI\u00d3N DE INTERIOR y el CONSEJO LOCAL DE SEGURIDAD - MI Ayuntamiento de Caudete","description":"P\u00e1gina Oficial del Ayuntamiento de Caudete (Albacete)","robots":{"index":"index","follow":"follow","max-snippet":"max-snippet:-1","max-image-preview":"max-image-preview:large","max-video-preview":"max-video-preview:-1"},"canonical":"https:\/\/www.caudete.org\/ayuntamiento\/el-proximo-viernes-se-reunira-la-comision-de-interior-y-el-consejo-local-de-seguridad\/","og_locale":"es_ES","og_type":"article","og_title":"El pr\u00f3ximo viernes se reunir\u00e1 la COMISI\u00d3N DE INTERIOR y el CONSEJO LOCAL DE SEGURIDAD - MI Ayuntamiento de Caudete","og_description":"P\u00e1gina Oficial del Ayuntamiento de Caudete (Albacete)","og_url":"https:\/\/www.caudete.org\/ayuntamiento\/el-proximo-viernes-se-reunira-la-comision-de-interior-y-el-consejo-local-de-seguridad\/","og_site_name":"MI Ayuntamiento de Caudete","article_publisher":"https:\/\/www.facebook.com\/ayuntamientocaudete\/","article_published_time":"2022-04-26T18:10:43+00:00","article_modified_time":"2022-04-26T19:33:16+00:00","og_image":[{"width":700,"height":344,"url":"https:\/\/www.caudete.org\/ayuntamiento\/wp-content\/uploads\/2021\/09\/ayuntamiento_2020_caudete_digital.jpg","type":"image\/jpeg"}],"author":"alcalde","twitter_card":"summary_large_image","twitter_misc":{"Escrito por":"alcalde","Tiempo de lectura":"1 minuto"},"schema":{"@context":"https:\/\/schema.org","@graph":[{"@type":"Article","@id":"https:\/\/www.caudete.org\/ayuntamiento\/el-proximo-viernes-se-reunira-la-comision-de-interior-y-el-consejo-local-de-seguridad\/#article","isPartOf":{"@id":"https:\/\/www.caudete.org\/ayuntamiento\/el-proximo-viernes-se-reunira-la-comision-de-interior-y-el-consejo-local-de-seguridad\/"},"author":{"name":"alcalde","@id":"https:\/\/www.caudete.org\/ayuntamiento\/#\/schema\/person\/cc646da9133078ee4d8dd47457947253"},"headline":"El pr\u00f3ximo viernes se reunir\u00e1 la COMISI\u00d3N DE INTERIOR y el CONSEJO LOCAL DE SEGURIDAD","datePublished":"2022-04-26T18:10:43+00:00","dateModified":"2022-04-26T19:33:16+00:00","mainEntityOfPage":{"@id":"https:\/\/www.caudete.org\/ayuntamiento\/el-proximo-viernes-se-reunira-la-comision-de-interior-y-el-consejo-local-de-seguridad\/"},"wordCount":221,"image":{"@id":"https:\/\/www.caudete.org\/ayuntamiento\/el-proximo-viernes-se-reunira-la-comision-de-interior-y-el-consejo-local-de-seguridad\/#primaryimage"},"thumbnailUrl":"https:\/\/www.caudete.org\/ayuntamiento\/wp-content\/uploads\/2021\/09\/ayuntamiento_2020_caudete_digital.jpg","articleSection":["Interior"],"inLanguage":"es"},{"@type":"WebPage","@id":"https:\/\/www.caudete.org\/ayuntamiento\/el-proximo-viernes-se-reunira-la-comision-de-interior-y-el-consejo-local-de-seguridad\/","url":"https:\/\/www.caudete.org\/ayuntamiento\/el-proximo-viernes-se-reunira-la-comision-de-interior-y-el-consejo-local-de-seguridad\/","name":"El pr\u00f3ximo viernes se reunir\u00e1 la COMISI\u00d3N DE INTERIOR y el CONSEJO LOCAL DE SEGURIDAD - MI Ayuntamiento de Caudete","isPartOf":{"@id":"https:\/\/www.caudete.org\/ayuntamiento\/#website"},"primaryImageOfPage":{"@id":"https:\/\/www.caudete.org\/ayuntamiento\/el-proximo-viernes-se-reunira-la-comision-de-interior-y-el-consejo-local-de-seguridad\/#primaryimage"},"image":{"@id":"https:\/\/www.caudete.org\/ayuntamiento\/el-proximo-viernes-se-reunira-la-comision-de-interior-y-el-consejo-local-de-seguridad\/#primaryimage"},"thumbnailUrl":"https:\/\/www.caudete.org\/ayuntamiento\/wp-content\/uploads\/2021\/09\/ayuntamiento_2020_caudete_digital.jpg","datePublished":"2022-04-26T18:10:43+00:00","dateModified":"2022-04-26T19:33:16+00:00","author":{"@id":"https:\/\/www.caudete.org\/ayuntamiento\/#\/schema\/person\/cc646da9133078ee4d8dd47457947253"},"description":"P\u00e1gina Oficial del Ayuntamiento de Caudete (Albacete)","breadcrumb":{"@id":"https:\/\/www.caudete.org\/ayuntamiento\/el-proximo-viernes-se-reunira-la-comision-de-interior-y-el-consejo-local-de-seguridad\/#breadcrumb"},"inLanguage":"es","potentialAction":[{"@type":"ReadAction","target":["https:\/\/www.caudete.org\/ayuntamiento\/el-proximo-viernes-se-reunira-la-comision-de-interior-y-el-consejo-local-de-seguridad\/"]}]},{"@type":"ImageObject","inLanguage":"es","@id":"https:\/\/www.caudete.org\/ayuntamiento\/el-proximo-viernes-se-reunira-la-comision-de-interior-y-el-consejo-local-de-seguridad\/#primaryimage","url":"https:\/\/www.caudete.org\/ayuntamiento\/wp-content\/uploads\/2021\/09\/ayuntamiento_2020_caudete_digital.jpg","contentUrl":"https:\/\/www.caudete.org\/ayuntamiento\/wp-content\/uploads\/2021\/09\/ayuntamiento_2020_caudete_digital.jpg","width":700,"height":344},{"@type":"BreadcrumbList","@id":"https:\/\/www.caudete.org\/ayuntamiento\/el-proximo-viernes-se-reunira-la-comision-de-interior-y-el-consejo-local-de-seguridad\/#breadcrumb","itemListElement":[{"@type":"ListItem","position":1,"name":"Inicio","item":"https:\/\/www.caudete.org\/ayuntamiento\/"},{"@type":"ListItem","position":2,"name":"El pr\u00f3ximo viernes se reunir\u00e1 la COMISI\u00d3N DE INTERIOR y el CONSEJO LOCAL DE SEGURIDAD"}]},{"@type":"WebSite","@id":"https:\/\/www.caudete.org\/ayuntamiento\/#website","url":"https:\/\/www.caudete.org\/ayuntamiento\/","name":"MI Ayuntamiento de Caudete","description":"P\u00e1gina Oficial del MI Ayuntamiento de Caudete","potentialAction":[{"@type":"SearchAction","target":{"@type":"EntryPoint","urlTemplate":"https:\/\/www.caudete.org\/ayuntamiento\/?s={search_term_string}"},"query-input":{"@type":"PropertyValueSpecification","valueRequired":true,"valueName":"search_term_string"}}],"inLanguage":"es"},{"@type":"Person","@id":"https:\/\/www.caudete.org\/ayuntamiento\/#\/schema\/person\/cc646da9133078ee4d8dd47457947253","name":"alcalde","image":{"@type":"ImageObject","inLanguage":"es","@id":"https:\/\/secure.gravatar.com\/avatar\/84a817ba065b29ff08d666b215a215f5c79186a645ccb25b14a663d48a130f77?s=96&d=mm&r=g","url":"https:\/\/secure.gravatar.com\/avatar\/84a817ba065b29ff08d666b215a215f5c79186a645ccb25b14a663d48a130f77?s=96&d=mm&r=g","contentUrl":"https:\/\/secure.gravatar.com\/avatar\/84a817ba065b29ff08d666b215a215f5c79186a645ccb25b14a663d48a130f77?s=96&d=mm&r=g","caption":"alcalde"},"url":"https:\/\/www.caudete.org\/ayuntamiento\/author\/alcalde\/"}]}},"_links":{"self":[{"href":"https:\/\/www.caudete.org\/ayuntamiento\/wp-json\/wp\/v2\/posts\/18870","targetHints":{"allow":["GET"]}}],"collection":[{"href":"https:\/\/www.caudete.org\/ayuntamiento\/wp-json\/wp\/v2\/posts"}],"about":[{"href":"https:\/\/www.caudete.org\/ayuntamiento\/wp-json\/wp\/v2\/types\/post"}],"author":[{"embeddable":true,"href":"https:\/\/www.caudete.org\/ayuntamiento\/wp-json\/wp\/v2\/users\/3"}],"replies":[{"embeddable":true,"href":"https:\/\/www.caudete.org\/ayuntamiento\/wp-json\/wp\/v2\/comments?post=18870"}],"version-history":[{"count":2,"href":"https:\/\/www.caudete.org\/ayuntamiento\/wp-json\/wp\/v2\/posts\/18870\/revisions"}],"predecessor-version":[{"id":18872,"href":"https:\/\/www.caudete.org\/ayuntamiento\/wp-json\/wp\/v2\/posts\/18870\/revisions\/18872"}],"wp:featuredmedia":[{"embeddable":true,"href":"https:\/\/www.caudete.org\/ayuntamiento\/wp-json\/wp\/v2\/media\/16102"}],"wp:attachment":[{"href":"https:\/\/www.caudete.org\/ayuntamiento\/wp-json\/wp\/v2\/media?parent=18870"}],"wp:term":[{"taxonomy":"category","embeddable":true,"href":"https:\/\/www.caudete.org\/ayuntamiento\/wp-json\/wp\/v2\/categories?post=18870"},{"taxonomy":"post_tag","embeddable":true,"href":"https:\/\/www.caudete.org\/ayuntamiento\/wp-json\/wp\/v2\/tags?post=18870"}],"curies":[{"name":"wp","href":"https:\/\/api.w.org\/{rel}","templated":true}]}}