{"id":18877,"date":"2022-04-27T14:48:23","date_gmt":"2022-04-27T12:48:23","guid":{"rendered":"https:\/\/www.caudete.org\/ayuntamiento\/?p=18877"},"modified":"2022-04-27T17:50:40","modified_gmt":"2022-04-27T15:50:40","slug":"el-ayuntamiento-invierte-10-000e-en-la-mejora-de-espacios-para-servicios-sociales-y-caritas-en-el-edificio-san-cristobal","status":"publish","type":"post","link":"https:\/\/www.caudete.org\/ayuntamiento\/el-ayuntamiento-invierte-10-000e-en-la-mejora-de-espacios-para-servicios-sociales-y-caritas-en-el-edificio-san-cristobal\/","title":{"rendered":"El Ayuntamiento invierte 10.000\u20ac en la mejora de espacios para SERVICIOS SOCIALES y C\u00c1RITAS en el Edificio &#8220;San Crist\u00f3bal&#8221;"},"content":{"rendered":"<p><a href=\"https:\/\/www.caudete.org\/ayuntamiento\/wp-content\/uploads\/2022\/04\/IMG_20220427_164916.jpg\" rel='prettyPhoto'><img fetchpriority=\"high\" decoding=\"async\" class=\"aligncenter wp-image-18891 size-medium\" src=\"https:\/\/www.caudete.org\/ayuntamiento\/wp-content\/uploads\/2022\/04\/IMG_20220427_164916-300x207.jpg\" alt=\"\" width=\"300\" height=\"207\" srcset=\"https:\/\/www.caudete.org\/ayuntamiento\/wp-content\/uploads\/2022\/04\/IMG_20220427_164916-300x207.jpg 300w, https:\/\/www.caudete.org\/ayuntamiento\/wp-content\/uploads\/2022\/04\/IMG_20220427_164916-1024x707.jpg 1024w, https:\/\/www.caudete.org\/ayuntamiento\/wp-content\/uploads\/2022\/04\/IMG_20220427_164916-768x530.jpg 768w, https:\/\/www.caudete.org\/ayuntamiento\/wp-content\/uploads\/2022\/04\/IMG_20220427_164916.jpg 1043w\" sizes=\"(max-width: 300px) 100vw, 300px\" \/><\/a><\/p>\n<p style=\"text-align: justify;\">Inma Garc\u00eda, Concejal de Bienestar Social presentaba en el Edificio &#8220;San Crsit\u00f3bal&#8221; las instalaciones cedidas por el Ayuntamiento donde Servicios Sociales y C\u00e1ritas realizan su programa de &#8220;Prevenci\u00f3n e Integraci\u00f3n Social&#8221;.<\/p>\n<p style=\"text-align: justify;\">En los locales cedidos para la realizaci\u00f3n de dichas actividades, se ha realizado una serie de obras de adecuaci\u00f3n y mejora por parte de la Brigada de Obras Municipal que permiten trabajar en unas condiciones m\u00e1s adecuadas.<\/p>\n<p><a href=\"https:\/\/www.caudete.org\/ayuntamiento\/wp-content\/uploads\/2022\/04\/IMG_20220427_164729.jpg\" rel='prettyPhoto'><img decoding=\"async\" class=\"alignnone wp-image-18885 size-medium\" src=\"https:\/\/www.caudete.org\/ayuntamiento\/wp-content\/uploads\/2022\/04\/IMG_20220427_164729-300x166.jpg\" alt=\"\" width=\"300\" height=\"166\" srcset=\"https:\/\/www.caudete.org\/ayuntamiento\/wp-content\/uploads\/2022\/04\/IMG_20220427_164729-300x166.jpg 300w, https:\/\/www.caudete.org\/ayuntamiento\/wp-content\/uploads\/2022\/04\/IMG_20220427_164729-1024x565.jpg 1024w, https:\/\/www.caudete.org\/ayuntamiento\/wp-content\/uploads\/2022\/04\/IMG_20220427_164729-768x424.jpg 768w, https:\/\/www.caudete.org\/ayuntamiento\/wp-content\/uploads\/2022\/04\/IMG_20220427_164729.jpg 1304w\" sizes=\"(max-width: 300px) 100vw, 300px\" \/><\/a> <a href=\"https:\/\/www.caudete.org\/ayuntamiento\/wp-content\/uploads\/2022\/04\/IMG_20220427_164803.jpg\" rel='prettyPhoto'><img decoding=\"async\" class=\"alignnone wp-image-18890 size-medium\" src=\"https:\/\/www.caudete.org\/ayuntamiento\/wp-content\/uploads\/2022\/04\/IMG_20220427_164803-300x170.jpg\" alt=\"\" width=\"300\" height=\"170\" srcset=\"https:\/\/www.caudete.org\/ayuntamiento\/wp-content\/uploads\/2022\/04\/IMG_20220427_164803-300x170.jpg 300w, https:\/\/www.caudete.org\/ayuntamiento\/wp-content\/uploads\/2022\/04\/IMG_20220427_164803-1024x581.jpg 1024w, https:\/\/www.caudete.org\/ayuntamiento\/wp-content\/uploads\/2022\/04\/IMG_20220427_164803-768x435.jpg 768w, https:\/\/www.caudete.org\/ayuntamiento\/wp-content\/uploads\/2022\/04\/IMG_20220427_164803.jpg 1270w\" sizes=\"(max-width: 300px) 100vw, 300px\" \/><\/a><\/p>\n<p style=\"text-align: justify;\">Se han realizado reformas a nivel de estancias y despachos principalmente. Era una necesidad y una demanda solicitada por el colectivo al propio Consistorio, al realizar una reestructuraci\u00f3n de actividades que llevan a cabo en el Barrio de San Francisco, lugar donde se ubica el edificio que los acoge. Para ello, el Equipo de Gobierno destin\u00f3 el pasado a\u00f1o 2021 una partida de 10.000\u20ac del remanente con los que poder hacer frente a los diferentes gastos necesarios para adecuar dichas instalaciones.<\/p>\n<p><a href=\"https:\/\/www.caudete.org\/ayuntamiento\/wp-content\/uploads\/2022\/04\/IMG_20220427_164842.jpg\" rel='prettyPhoto'><img loading=\"lazy\" decoding=\"async\" class=\"aligncenter wp-image-18887 size-medium\" src=\"https:\/\/www.caudete.org\/ayuntamiento\/wp-content\/uploads\/2022\/04\/IMG_20220427_164842-300x173.jpg\" alt=\"\" width=\"300\" height=\"173\" srcset=\"https:\/\/www.caudete.org\/ayuntamiento\/wp-content\/uploads\/2022\/04\/IMG_20220427_164842-300x173.jpg 300w, https:\/\/www.caudete.org\/ayuntamiento\/wp-content\/uploads\/2022\/04\/IMG_20220427_164842-1024x589.jpg 1024w, https:\/\/www.caudete.org\/ayuntamiento\/wp-content\/uploads\/2022\/04\/IMG_20220427_164842-768x442.jpg 768w, https:\/\/www.caudete.org\/ayuntamiento\/wp-content\/uploads\/2022\/04\/IMG_20220427_164842.jpg 1251w\" sizes=\"(max-width: 300px) 100vw, 300px\" \/><\/a><\/p>\n<p style=\"text-align: justify;\">Recordaba la Concejal que C\u00e1ritas, mediante Servicios Sociales tiene actividad en dos espacios municipales de la localidad, donde realiza sus diferentes actividades y talleres: el Centro del \u00c1ngel y el Edificio San Crist\u00f3bal.<\/p>\n<p style=\"text-align: justify;\">En las nuevas dependencias habilitadas, las Trabajadoras Sociales realizan un soporte a nivel de respuesta sobre la problem\u00e1tica social, familiar e individual, as\u00ed como favorecer hacia un desarrollo comunitario.<\/p>\n<p><a href=\"https:\/\/www.caudete.org\/ayuntamiento\/wp-content\/uploads\/2022\/04\/IMG_20220427_164934.jpg\" rel='prettyPhoto'><img loading=\"lazy\" decoding=\"async\" class=\"aligncenter wp-image-18889 size-medium\" src=\"https:\/\/www.caudete.org\/ayuntamiento\/wp-content\/uploads\/2022\/04\/IMG_20220427_164934-300x167.jpg\" alt=\"\" width=\"300\" height=\"167\" srcset=\"https:\/\/www.caudete.org\/ayuntamiento\/wp-content\/uploads\/2022\/04\/IMG_20220427_164934-300x167.jpg 300w, https:\/\/www.caudete.org\/ayuntamiento\/wp-content\/uploads\/2022\/04\/IMG_20220427_164934-1024x572.jpg 1024w, https:\/\/www.caudete.org\/ayuntamiento\/wp-content\/uploads\/2022\/04\/IMG_20220427_164934-768x429.jpg 768w, https:\/\/www.caudete.org\/ayuntamiento\/wp-content\/uploads\/2022\/04\/IMG_20220427_164934.jpg 1290w\" sizes=\"(max-width: 300px) 100vw, 300px\" \/><\/a><\/p>\n<p style=\"text-align: justify;\">C\u00e1ritas, con su programa de Infancia, Adolescencia y Familia realiza un amplio abanico de actividades a nivel l\u00fadico, formativo, recreativo y de refuerzo escolar.<\/p>\n<p style=\"text-align: justify;\">El objetivo de estos programas es lograr una inserci\u00f3n social con una mejora de la zona.<\/p>\n<p style=\"text-align: justify;\">Agradec\u00eda Inma Garc\u00eda la labora que desempe\u00f1an los trabajadores de C\u00e1ritas, pues suponen una ayuda para el Ayuntamiento en el trabajo diario con colectivos desfavorecidos, anim\u00e1ndoles a trabajar en la misma l\u00ednea.<\/p>\n<p><a href=\"https:\/\/www.caudete.org\/ayuntamiento\/wp-content\/uploads\/2022\/04\/IMG_20220427_164952.jpg\" rel='prettyPhoto'><img loading=\"lazy\" decoding=\"async\" class=\"alignnone wp-image-18888 size-medium\" src=\"https:\/\/www.caudete.org\/ayuntamiento\/wp-content\/uploads\/2022\/04\/IMG_20220427_164952-300x216.jpg\" alt=\"\" width=\"300\" height=\"216\" srcset=\"https:\/\/www.caudete.org\/ayuntamiento\/wp-content\/uploads\/2022\/04\/IMG_20220427_164952-300x216.jpg 300w, https:\/\/www.caudete.org\/ayuntamiento\/wp-content\/uploads\/2022\/04\/IMG_20220427_164952-768x552.jpg 768w, https:\/\/www.caudete.org\/ayuntamiento\/wp-content\/uploads\/2022\/04\/IMG_20220427_164952.jpg 1002w\" sizes=\"(max-width: 300px) 100vw, 300px\" \/><\/a> <a href=\"https:\/\/www.caudete.org\/ayuntamiento\/wp-content\/uploads\/2022\/04\/IMG_20220427_165010.jpg\" rel='prettyPhoto'><img loading=\"lazy\" decoding=\"async\" class=\"alignnone wp-image-18892 size-medium\" src=\"https:\/\/www.caudete.org\/ayuntamiento\/wp-content\/uploads\/2022\/04\/IMG_20220427_165010-300x206.jpg\" alt=\"\" width=\"300\" height=\"206\" srcset=\"https:\/\/www.caudete.org\/ayuntamiento\/wp-content\/uploads\/2022\/04\/IMG_20220427_165010-300x206.jpg 300w, https:\/\/www.caudete.org\/ayuntamiento\/wp-content\/uploads\/2022\/04\/IMG_20220427_165010-1024x702.jpg 1024w, https:\/\/www.caudete.org\/ayuntamiento\/wp-content\/uploads\/2022\/04\/IMG_20220427_165010-768x526.jpg 768w, https:\/\/www.caudete.org\/ayuntamiento\/wp-content\/uploads\/2022\/04\/IMG_20220427_165010.jpg 1051w\" sizes=\"(max-width: 300px) 100vw, 300px\" \/><\/a><\/p>\n","protected":false},"excerpt":{"rendered":"<p>Inma Garc\u00eda, Concejal de Bienestar Social presentaba en el Edificio &#8220;San Crsit\u00f3bal&#8221; las instalaciones cedidas por el Ayuntamiento donde Servicios Sociales y C\u00e1ritas realizan su programa de &#8220;Prevenci\u00f3n e Integraci\u00f3n Social&#8221;. En los locales cedidos para la realizaci\u00f3n de dichas actividades, se ha realizado una serie de obras de adecuaci\u00f3n y mejora por parte de &hellip;<\/p>\n","protected":false},"author":3,"featured_media":18884,"comment_status":"closed","ping_status":"open","sticky":false,"template":"","format":"standard","meta":{"ngg_post_thumbnail":0,"footnotes":""},"categories":[51],"tags":[],"class_list":["post-18877","post","type-post","status-publish","format-standard","has-post-thumbnail","hentry","category-bienestar-social"],"yoast_head":"<!-- This site is optimized with the Yoast SEO plugin v27.5 - https:\/\/yoast.com\/product\/yoast-seo-wordpress\/ -->\n<title>El Ayuntamiento invierte 10.000\u20ac en la mejora de espacios para SERVICIOS SOCIALES y C\u00c1RITAS en el Edificio &quot;San Crist\u00f3bal&quot; - MI Ayuntamiento de Caudete<\/title>\n<meta name=\"description\" content=\"P\u00e1gina Oficial del Ayuntamiento de Caudete (Albacete)\" \/>\n<meta name=\"robots\" content=\"index, follow, max-snippet:-1, max-image-preview:large, max-video-preview:-1\" \/>\n<link rel=\"canonical\" href=\"https:\/\/www.caudete.org\/ayuntamiento\/el-ayuntamiento-invierte-10-000e-en-la-mejora-de-espacios-para-servicios-sociales-y-caritas-en-el-edificio-san-cristobal\/\" \/>\n<meta property=\"og:locale\" content=\"es_ES\" \/>\n<meta property=\"og:type\" content=\"article\" \/>\n<meta property=\"og:title\" content=\"El Ayuntamiento invierte 10.000\u20ac en la mejora de espacios para SERVICIOS SOCIALES y C\u00c1RITAS en el Edificio &quot;San Crist\u00f3bal&quot; - MI Ayuntamiento de Caudete\" \/>\n<meta property=\"og:description\" content=\"P\u00e1gina Oficial del Ayuntamiento de Caudete (Albacete)\" \/>\n<meta property=\"og:url\" content=\"https:\/\/www.caudete.org\/ayuntamiento\/el-ayuntamiento-invierte-10-000e-en-la-mejora-de-espacios-para-servicios-sociales-y-caritas-en-el-edificio-san-cristobal\/\" \/>\n<meta property=\"og:site_name\" content=\"MI Ayuntamiento de Caudete\" \/>\n<meta property=\"article:publisher\" content=\"https:\/\/www.facebook.com\/ayuntamientocaudete\/\" \/>\n<meta property=\"article:published_time\" content=\"2022-04-27T12:48:23+00:00\" \/>\n<meta property=\"article:modified_time\" content=\"2022-04-27T15:50:40+00:00\" \/>\n<meta property=\"og:image\" content=\"https:\/\/www.caudete.org\/ayuntamiento\/wp-content\/uploads\/2022\/04\/INMA-112-LOCALES-CARITAS-Y-SSOCIALES.jpg\" \/>\n\t<meta property=\"og:image:width\" content=\"1218\" \/>\n\t<meta property=\"og:image:height\" content=\"797\" \/>\n\t<meta property=\"og:image:type\" content=\"image\/jpeg\" \/>\n<meta name=\"author\" content=\"alcalde\" \/>\n<meta name=\"twitter:card\" content=\"summary_large_image\" \/>\n<meta name=\"twitter:label1\" content=\"Escrito por\" \/>\n\t<meta name=\"twitter:data1\" content=\"alcalde\" \/>\n\t<meta name=\"twitter:label2\" content=\"Tiempo de lectura\" \/>\n\t<meta name=\"twitter:data2\" content=\"2 minutos\" \/>\n<script type=\"application\/ld+json\" class=\"yoast-schema-graph\">{\"@context\":\"https:\\\/\\\/schema.org\",\"@graph\":[{\"@type\":\"Article\",\"@id\":\"https:\\\/\\\/www.caudete.org\\\/ayuntamiento\\\/el-ayuntamiento-invierte-10-000e-en-la-mejora-de-espacios-para-servicios-sociales-y-caritas-en-el-edificio-san-cristobal\\\/#article\",\"isPartOf\":{\"@id\":\"https:\\\/\\\/www.caudete.org\\\/ayuntamiento\\\/el-ayuntamiento-invierte-10-000e-en-la-mejora-de-espacios-para-servicios-sociales-y-caritas-en-el-edificio-san-cristobal\\\/\"},\"author\":{\"name\":\"alcalde\",\"@id\":\"https:\\\/\\\/www.caudete.org\\\/ayuntamiento\\\/#\\\/schema\\\/person\\\/cc646da9133078ee4d8dd47457947253\"},\"headline\":\"El Ayuntamiento invierte 10.000\u20ac en la mejora de espacios para SERVICIOS SOCIALES y C\u00c1RITAS en el Edificio &#8220;San Crist\u00f3bal&#8221;\",\"datePublished\":\"2022-04-27T12:48:23+00:00\",\"dateModified\":\"2022-04-27T15:50:40+00:00\",\"mainEntityOfPage\":{\"@id\":\"https:\\\/\\\/www.caudete.org\\\/ayuntamiento\\\/el-ayuntamiento-invierte-10-000e-en-la-mejora-de-espacios-para-servicios-sociales-y-caritas-en-el-edificio-san-cristobal\\\/\"},\"wordCount\":323,\"image\":{\"@id\":\"https:\\\/\\\/www.caudete.org\\\/ayuntamiento\\\/el-ayuntamiento-invierte-10-000e-en-la-mejora-de-espacios-para-servicios-sociales-y-caritas-en-el-edificio-san-cristobal\\\/#primaryimage\"},\"thumbnailUrl\":\"https:\\\/\\\/www.caudete.org\\\/ayuntamiento\\\/wp-content\\\/uploads\\\/2022\\\/04\\\/INMA-112-LOCALES-CARITAS-Y-SSOCIALES.jpg\",\"articleSection\":[\"Bienestar Social\"],\"inLanguage\":\"es\"},{\"@type\":\"WebPage\",\"@id\":\"https:\\\/\\\/www.caudete.org\\\/ayuntamiento\\\/el-ayuntamiento-invierte-10-000e-en-la-mejora-de-espacios-para-servicios-sociales-y-caritas-en-el-edificio-san-cristobal\\\/\",\"url\":\"https:\\\/\\\/www.caudete.org\\\/ayuntamiento\\\/el-ayuntamiento-invierte-10-000e-en-la-mejora-de-espacios-para-servicios-sociales-y-caritas-en-el-edificio-san-cristobal\\\/\",\"name\":\"El Ayuntamiento invierte 10.000\u20ac en la mejora de espacios para SERVICIOS SOCIALES y C\u00c1RITAS en el Edificio \\\"San Crist\u00f3bal\\\" - MI Ayuntamiento de Caudete\",\"isPartOf\":{\"@id\":\"https:\\\/\\\/www.caudete.org\\\/ayuntamiento\\\/#website\"},\"primaryImageOfPage\":{\"@id\":\"https:\\\/\\\/www.caudete.org\\\/ayuntamiento\\\/el-ayuntamiento-invierte-10-000e-en-la-mejora-de-espacios-para-servicios-sociales-y-caritas-en-el-edificio-san-cristobal\\\/#primaryimage\"},\"image\":{\"@id\":\"https:\\\/\\\/www.caudete.org\\\/ayuntamiento\\\/el-ayuntamiento-invierte-10-000e-en-la-mejora-de-espacios-para-servicios-sociales-y-caritas-en-el-edificio-san-cristobal\\\/#primaryimage\"},\"thumbnailUrl\":\"https:\\\/\\\/www.caudete.org\\\/ayuntamiento\\\/wp-content\\\/uploads\\\/2022\\\/04\\\/INMA-112-LOCALES-CARITAS-Y-SSOCIALES.jpg\",\"datePublished\":\"2022-04-27T12:48:23+00:00\",\"dateModified\":\"2022-04-27T15:50:40+00:00\",\"author\":{\"@id\":\"https:\\\/\\\/www.caudete.org\\\/ayuntamiento\\\/#\\\/schema\\\/person\\\/cc646da9133078ee4d8dd47457947253\"},\"description\":\"P\u00e1gina Oficial del Ayuntamiento de Caudete (Albacete)\",\"breadcrumb\":{\"@id\":\"https:\\\/\\\/www.caudete.org\\\/ayuntamiento\\\/el-ayuntamiento-invierte-10-000e-en-la-mejora-de-espacios-para-servicios-sociales-y-caritas-en-el-edificio-san-cristobal\\\/#breadcrumb\"},\"inLanguage\":\"es\",\"potentialAction\":[{\"@type\":\"ReadAction\",\"target\":[\"https:\\\/\\\/www.caudete.org\\\/ayuntamiento\\\/el-ayuntamiento-invierte-10-000e-en-la-mejora-de-espacios-para-servicios-sociales-y-caritas-en-el-edificio-san-cristobal\\\/\"]}]},{\"@type\":\"ImageObject\",\"inLanguage\":\"es\",\"@id\":\"https:\\\/\\\/www.caudete.org\\\/ayuntamiento\\\/el-ayuntamiento-invierte-10-000e-en-la-mejora-de-espacios-para-servicios-sociales-y-caritas-en-el-edificio-san-cristobal\\\/#primaryimage\",\"url\":\"https:\\\/\\\/www.caudete.org\\\/ayuntamiento\\\/wp-content\\\/uploads\\\/2022\\\/04\\\/INMA-112-LOCALES-CARITAS-Y-SSOCIALES.jpg\",\"contentUrl\":\"https:\\\/\\\/www.caudete.org\\\/ayuntamiento\\\/wp-content\\\/uploads\\\/2022\\\/04\\\/INMA-112-LOCALES-CARITAS-Y-SSOCIALES.jpg\",\"width\":1218,\"height\":797},{\"@type\":\"BreadcrumbList\",\"@id\":\"https:\\\/\\\/www.caudete.org\\\/ayuntamiento\\\/el-ayuntamiento-invierte-10-000e-en-la-mejora-de-espacios-para-servicios-sociales-y-caritas-en-el-edificio-san-cristobal\\\/#breadcrumb\",\"itemListElement\":[{\"@type\":\"ListItem\",\"position\":1,\"name\":\"Inicio\",\"item\":\"https:\\\/\\\/www.caudete.org\\\/ayuntamiento\\\/\"},{\"@type\":\"ListItem\",\"position\":2,\"name\":\"El Ayuntamiento invierte 10.000\u20ac en la mejora de espacios para SERVICIOS SOCIALES y C\u00c1RITAS en el Edificio &#8220;San Crist\u00f3bal&#8221;\"}]},{\"@type\":\"WebSite\",\"@id\":\"https:\\\/\\\/www.caudete.org\\\/ayuntamiento\\\/#website\",\"url\":\"https:\\\/\\\/www.caudete.org\\\/ayuntamiento\\\/\",\"name\":\"MI Ayuntamiento de Caudete\",\"description\":\"P\u00e1gina Oficial del MI Ayuntamiento de Caudete\",\"potentialAction\":[{\"@type\":\"SearchAction\",\"target\":{\"@type\":\"EntryPoint\",\"urlTemplate\":\"https:\\\/\\\/www.caudete.org\\\/ayuntamiento\\\/?s={search_term_string}\"},\"query-input\":{\"@type\":\"PropertyValueSpecification\",\"valueRequired\":true,\"valueName\":\"search_term_string\"}}],\"inLanguage\":\"es\"},{\"@type\":\"Person\",\"@id\":\"https:\\\/\\\/www.caudete.org\\\/ayuntamiento\\\/#\\\/schema\\\/person\\\/cc646da9133078ee4d8dd47457947253\",\"name\":\"alcalde\",\"image\":{\"@type\":\"ImageObject\",\"inLanguage\":\"es\",\"@id\":\"https:\\\/\\\/secure.gravatar.com\\\/avatar\\\/84a817ba065b29ff08d666b215a215f5c79186a645ccb25b14a663d48a130f77?s=96&d=mm&r=g\",\"url\":\"https:\\\/\\\/secure.gravatar.com\\\/avatar\\\/84a817ba065b29ff08d666b215a215f5c79186a645ccb25b14a663d48a130f77?s=96&d=mm&r=g\",\"contentUrl\":\"https:\\\/\\\/secure.gravatar.com\\\/avatar\\\/84a817ba065b29ff08d666b215a215f5c79186a645ccb25b14a663d48a130f77?s=96&d=mm&r=g\",\"caption\":\"alcalde\"},\"url\":\"https:\\\/\\\/www.caudete.org\\\/ayuntamiento\\\/author\\\/alcalde\\\/\"}]}<\/script>\n<!-- \/ Yoast SEO plugin. -->","yoast_head_json":{"title":"El Ayuntamiento invierte 10.000\u20ac en la mejora de espacios para SERVICIOS SOCIALES y C\u00c1RITAS en el Edificio \"San Crist\u00f3bal\" - MI Ayuntamiento de Caudete","description":"P\u00e1gina Oficial del Ayuntamiento de Caudete (Albacete)","robots":{"index":"index","follow":"follow","max-snippet":"max-snippet:-1","max-image-preview":"max-image-preview:large","max-video-preview":"max-video-preview:-1"},"canonical":"https:\/\/www.caudete.org\/ayuntamiento\/el-ayuntamiento-invierte-10-000e-en-la-mejora-de-espacios-para-servicios-sociales-y-caritas-en-el-edificio-san-cristobal\/","og_locale":"es_ES","og_type":"article","og_title":"El Ayuntamiento invierte 10.000\u20ac en la mejora de espacios para SERVICIOS SOCIALES y C\u00c1RITAS en el Edificio \"San Crist\u00f3bal\" - MI Ayuntamiento de Caudete","og_description":"P\u00e1gina Oficial del Ayuntamiento de Caudete (Albacete)","og_url":"https:\/\/www.caudete.org\/ayuntamiento\/el-ayuntamiento-invierte-10-000e-en-la-mejora-de-espacios-para-servicios-sociales-y-caritas-en-el-edificio-san-cristobal\/","og_site_name":"MI Ayuntamiento de Caudete","article_publisher":"https:\/\/www.facebook.com\/ayuntamientocaudete\/","article_published_time":"2022-04-27T12:48:23+00:00","article_modified_time":"2022-04-27T15:50:40+00:00","og_image":[{"width":1218,"height":797,"url":"https:\/\/www.caudete.org\/ayuntamiento\/wp-content\/uploads\/2022\/04\/INMA-112-LOCALES-CARITAS-Y-SSOCIALES.jpg","type":"image\/jpeg"}],"author":"alcalde","twitter_card":"summary_large_image","twitter_misc":{"Escrito por":"alcalde","Tiempo de lectura":"2 minutos"},"schema":{"@context":"https:\/\/schema.org","@graph":[{"@type":"Article","@id":"https:\/\/www.caudete.org\/ayuntamiento\/el-ayuntamiento-invierte-10-000e-en-la-mejora-de-espacios-para-servicios-sociales-y-caritas-en-el-edificio-san-cristobal\/#article","isPartOf":{"@id":"https:\/\/www.caudete.org\/ayuntamiento\/el-ayuntamiento-invierte-10-000e-en-la-mejora-de-espacios-para-servicios-sociales-y-caritas-en-el-edificio-san-cristobal\/"},"author":{"name":"alcalde","@id":"https:\/\/www.caudete.org\/ayuntamiento\/#\/schema\/person\/cc646da9133078ee4d8dd47457947253"},"headline":"El Ayuntamiento invierte 10.000\u20ac en la mejora de espacios para SERVICIOS SOCIALES y C\u00c1RITAS en el Edificio &#8220;San Crist\u00f3bal&#8221;","datePublished":"2022-04-27T12:48:23+00:00","dateModified":"2022-04-27T15:50:40+00:00","mainEntityOfPage":{"@id":"https:\/\/www.caudete.org\/ayuntamiento\/el-ayuntamiento-invierte-10-000e-en-la-mejora-de-espacios-para-servicios-sociales-y-caritas-en-el-edificio-san-cristobal\/"},"wordCount":323,"image":{"@id":"https:\/\/www.caudete.org\/ayuntamiento\/el-ayuntamiento-invierte-10-000e-en-la-mejora-de-espacios-para-servicios-sociales-y-caritas-en-el-edificio-san-cristobal\/#primaryimage"},"thumbnailUrl":"https:\/\/www.caudete.org\/ayuntamiento\/wp-content\/uploads\/2022\/04\/INMA-112-LOCALES-CARITAS-Y-SSOCIALES.jpg","articleSection":["Bienestar Social"],"inLanguage":"es"},{"@type":"WebPage","@id":"https:\/\/www.caudete.org\/ayuntamiento\/el-ayuntamiento-invierte-10-000e-en-la-mejora-de-espacios-para-servicios-sociales-y-caritas-en-el-edificio-san-cristobal\/","url":"https:\/\/www.caudete.org\/ayuntamiento\/el-ayuntamiento-invierte-10-000e-en-la-mejora-de-espacios-para-servicios-sociales-y-caritas-en-el-edificio-san-cristobal\/","name":"El Ayuntamiento invierte 10.000\u20ac en la mejora de espacios para SERVICIOS SOCIALES y C\u00c1RITAS en el Edificio \"San Crist\u00f3bal\" - MI Ayuntamiento de Caudete","isPartOf":{"@id":"https:\/\/www.caudete.org\/ayuntamiento\/#website"},"primaryImageOfPage":{"@id":"https:\/\/www.caudete.org\/ayuntamiento\/el-ayuntamiento-invierte-10-000e-en-la-mejora-de-espacios-para-servicios-sociales-y-caritas-en-el-edificio-san-cristobal\/#primaryimage"},"image":{"@id":"https:\/\/www.caudete.org\/ayuntamiento\/el-ayuntamiento-invierte-10-000e-en-la-mejora-de-espacios-para-servicios-sociales-y-caritas-en-el-edificio-san-cristobal\/#primaryimage"},"thumbnailUrl":"https:\/\/www.caudete.org\/ayuntamiento\/wp-content\/uploads\/2022\/04\/INMA-112-LOCALES-CARITAS-Y-SSOCIALES.jpg","datePublished":"2022-04-27T12:48:23+00:00","dateModified":"2022-04-27T15:50:40+00:00","author":{"@id":"https:\/\/www.caudete.org\/ayuntamiento\/#\/schema\/person\/cc646da9133078ee4d8dd47457947253"},"description":"P\u00e1gina Oficial del Ayuntamiento de Caudete (Albacete)","breadcrumb":{"@id":"https:\/\/www.caudete.org\/ayuntamiento\/el-ayuntamiento-invierte-10-000e-en-la-mejora-de-espacios-para-servicios-sociales-y-caritas-en-el-edificio-san-cristobal\/#breadcrumb"},"inLanguage":"es","potentialAction":[{"@type":"ReadAction","target":["https:\/\/www.caudete.org\/ayuntamiento\/el-ayuntamiento-invierte-10-000e-en-la-mejora-de-espacios-para-servicios-sociales-y-caritas-en-el-edificio-san-cristobal\/"]}]},{"@type":"ImageObject","inLanguage":"es","@id":"https:\/\/www.caudete.org\/ayuntamiento\/el-ayuntamiento-invierte-10-000e-en-la-mejora-de-espacios-para-servicios-sociales-y-caritas-en-el-edificio-san-cristobal\/#primaryimage","url":"https:\/\/www.caudete.org\/ayuntamiento\/wp-content\/uploads\/2022\/04\/INMA-112-LOCALES-CARITAS-Y-SSOCIALES.jpg","contentUrl":"https:\/\/www.caudete.org\/ayuntamiento\/wp-content\/uploads\/2022\/04\/INMA-112-LOCALES-CARITAS-Y-SSOCIALES.jpg","width":1218,"height":797},{"@type":"BreadcrumbList","@id":"https:\/\/www.caudete.org\/ayuntamiento\/el-ayuntamiento-invierte-10-000e-en-la-mejora-de-espacios-para-servicios-sociales-y-caritas-en-el-edificio-san-cristobal\/#breadcrumb","itemListElement":[{"@type":"ListItem","position":1,"name":"Inicio","item":"https:\/\/www.caudete.org\/ayuntamiento\/"},{"@type":"ListItem","position":2,"name":"El Ayuntamiento invierte 10.000\u20ac en la mejora de espacios para SERVICIOS SOCIALES y C\u00c1RITAS en el Edificio &#8220;San Crist\u00f3bal&#8221;"}]},{"@type":"WebSite","@id":"https:\/\/www.caudete.org\/ayuntamiento\/#website","url":"https:\/\/www.caudete.org\/ayuntamiento\/","name":"MI Ayuntamiento de Caudete","description":"P\u00e1gina Oficial del MI Ayuntamiento de Caudete","potentialAction":[{"@type":"SearchAction","target":{"@type":"EntryPoint","urlTemplate":"https:\/\/www.caudete.org\/ayuntamiento\/?s={search_term_string}"},"query-input":{"@type":"PropertyValueSpecification","valueRequired":true,"valueName":"search_term_string"}}],"inLanguage":"es"},{"@type":"Person","@id":"https:\/\/www.caudete.org\/ayuntamiento\/#\/schema\/person\/cc646da9133078ee4d8dd47457947253","name":"alcalde","image":{"@type":"ImageObject","inLanguage":"es","@id":"https:\/\/secure.gravatar.com\/avatar\/84a817ba065b29ff08d666b215a215f5c79186a645ccb25b14a663d48a130f77?s=96&d=mm&r=g","url":"https:\/\/secure.gravatar.com\/avatar\/84a817ba065b29ff08d666b215a215f5c79186a645ccb25b14a663d48a130f77?s=96&d=mm&r=g","contentUrl":"https:\/\/secure.gravatar.com\/avatar\/84a817ba065b29ff08d666b215a215f5c79186a645ccb25b14a663d48a130f77?s=96&d=mm&r=g","caption":"alcalde"},"url":"https:\/\/www.caudete.org\/ayuntamiento\/author\/alcalde\/"}]}},"_links":{"self":[{"href":"https:\/\/www.caudete.org\/ayuntamiento\/wp-json\/wp\/v2\/posts\/18877","targetHints":{"allow":["GET"]}}],"collection":[{"href":"https:\/\/www.caudete.org\/ayuntamiento\/wp-json\/wp\/v2\/posts"}],"about":[{"href":"https:\/\/www.caudete.org\/ayuntamiento\/wp-json\/wp\/v2\/types\/post"}],"author":[{"embeddable":true,"href":"https:\/\/www.caudete.org\/ayuntamiento\/wp-json\/wp\/v2\/users\/3"}],"replies":[{"embeddable":true,"href":"https:\/\/www.caudete.org\/ayuntamiento\/wp-json\/wp\/v2\/comments?post=18877"}],"version-history":[{"count":4,"href":"https:\/\/www.caudete.org\/ayuntamiento\/wp-json\/wp\/v2\/posts\/18877\/revisions"}],"predecessor-version":[{"id":18896,"href":"https:\/\/www.caudete.org\/ayuntamiento\/wp-json\/wp\/v2\/posts\/18877\/revisions\/18896"}],"wp:featuredmedia":[{"embeddable":true,"href":"https:\/\/www.caudete.org\/ayuntamiento\/wp-json\/wp\/v2\/media\/18884"}],"wp:attachment":[{"href":"https:\/\/www.caudete.org\/ayuntamiento\/wp-json\/wp\/v2\/media?parent=18877"}],"wp:term":[{"taxonomy":"category","embeddable":true,"href":"https:\/\/www.caudete.org\/ayuntamiento\/wp-json\/wp\/v2\/categories?post=18877"},{"taxonomy":"post_tag","embeddable":true,"href":"https:\/\/www.caudete.org\/ayuntamiento\/wp-json\/wp\/v2\/tags?post=18877"}],"curies":[{"name":"wp","href":"https:\/\/api.w.org\/{rel}","templated":true}]}}