{"id":18879,"date":"2022-04-27T16:41:51","date_gmt":"2022-04-27T14:41:51","guid":{"rendered":"https:\/\/www.caudete.org\/ayuntamiento\/?p=18879"},"modified":"2022-05-06T21:07:28","modified_gmt":"2022-05-06T19:07:28","slug":"caudeteeneuropa-recepcion-de-los-7-paises-participantes-en-el-erasmus-cross-creando-otros-entornos-de-aprendizaje","status":"publish","type":"post","link":"https:\/\/www.caudete.org\/ayuntamiento\/caudeteeneuropa-recepcion-de-los-7-paises-participantes-en-el-erasmus-cross-creando-otros-entornos-de-aprendizaje\/","title":{"rendered":"CaudeteEnEUROPA: recepci\u00f3n de los 7 pa\u00edses participantes en el &#8220;Erasmus+ CROSS-Creando Otros Entornos de Aprendizaje&#8221;"},"content":{"rendered":"<p style=\"text-align: justify;\"><span style=\"font-family: georgia, palatino, serif; font-size: 12pt;\">Esta ma\u00f1ana la Sala de Prensa acog\u00eda el acto de bienvenida que el Ayuntamiento de Caudete, integrante del proyecto <span style=\"color: #000000;\">Erasmus+ \u201cCROSS-Creando Otros Entornos de Aprendizaje&#8221;, ten\u00eda previsto para la recepci\u00f3n oficial de los 6 pa\u00edses participantes, recibidos por el Alcalde Mois\u00e9s L\u00f3pez, junto a los Concejales de Formaci\u00f3n y Empleo, M\u00aa del Mar Requena, el de Cultura Luis Felipe Ba\u00f1\u00f3n y los de Deportes y Servicios Pilar Egea y Joaqu\u00edn Pag\u00e1n, as\u00ed como de empleados de la casa participantes del proyecto, como los Departamentos de Desarrollo Local y Cultura.<\/span><\/span><\/p>\n<p>La ciudad alemana de\u00a0Iserlohn es el socio coordinador de un proyecto que junto a Caudete, se suman\u00a0Hungr\u00eda, Rumania, Eslovenia, Luxemburgo y Holanda; y que durante los d\u00edas\u00a027, 28 y 29 de abril del 2022 Caudete va a ser la sede de esta reuni\u00f3n, en la que dentro del\u00a0proyecto\u00a0CROSS se ha fijado a trabajar en torno al tema de la inmigraci\u00f3n y c\u00f3mo hacer de los\u00a0<em>Terceros Lugares<\/em>, como Bibliotecas y Casas de Cultura, lugares de encuentro para la ense\u00f1anza y el aprendizaje informal para inmigrantes. As\u00ed lo resum\u00eda Luis Felipe Ba\u00f1\u00f3n.<\/p>\n<p style=\"text-align: justify;\"><span style=\"font-family: georgia, palatino, serif; font-size: 12pt;\">La Concejal de Formaci\u00f3n y Empleo, encargada del Departamento de Desarrollo Local, y por lo tanto gestora de los programas Erasmus en la localidad explicaba que el proyecto transnacional ERASMUS + CROSS \u201c<span style=\"color: #000000;\">Creando otros espacios de aprendizaje\u201d <\/span><span style=\"color: #000000;\">tiene como objetivo<\/span><span style=\"color: #000000;\"> el intercambio de buenas pr\u00e1cticas en la educaci\u00f3n no formal de adultos en entornos culturales como los ofrecidos por las bibliotecas p\u00fablicas, <\/span><span style=\"color: #000000;\">escuelas de adultos, museos, <\/span><span style=\"color: #000000;\">as\u00ed como el an\u00e1lisis de las posibles v\u00edas de cooperaci\u00f3n entre estas instituciones y otros proveedores de educaci\u00f3n de adultos.<\/span><\/span><\/p>\n<p style=\"text-align: justify;\"><span style=\"font-family: georgia, palatino, serif; font-size: 12pt;\"><span style=\"color: #000000;\">Este proyecto est\u00e1 cofinanciado por el programa Erasmus+ de la Uni\u00f3n Europea. <\/span><span style=\"color: #000000;\">Desde el Ayuntamiento de Caudete gracias al programa Erasmus+ impulsamos las perspectivas laborales y el desarrollo personal, adem\u00e1s de ayudar a nuestros sistemas de educaci\u00f3n, formaci\u00f3n y juventud a proporcionar una ense\u00f1anza y un aprendizaje que doten a las personas de las capacidades necesarias para el mercado laboral y la sociedad actual y futura. <\/span><\/span><\/p>\n<p style=\"text-align: justify;\"><span style=\"font-family: georgia, palatino, serif; font-size: 12pt;\">Por su parte, el Alcalde Mois\u00e9s L\u00f3pez, se dirig\u00eda a los participantes trasmitiendoles que Caudete les\u00a0 &#8220;<em>acoge con los brazos abiertos, como hermanos europeos<\/em>&#8221; en unas jornadas dise\u00f1adas\u00a0 &#8220;<em>para aprender unos pa\u00edses de otros, para sumar y progresar conjuntamente como sociedad, como pueblos de Europa<\/em>&#8220;.<\/span><\/p>\n<p><a href=\"https:\/\/www.caudete.org\/ayuntamiento\/wp-content\/uploads\/2022\/04\/WhatsApp-Image-2022-04-27-at-3.40.36-PM.jpeg\" rel='prettyPhoto'><img fetchpriority=\"high\" decoding=\"async\" class=\"aligncenter wp-image-18880 size-medium\" src=\"https:\/\/www.caudete.org\/ayuntamiento\/wp-content\/uploads\/2022\/04\/WhatsApp-Image-2022-04-27-at-3.40.36-PM-300x225.jpeg\" alt=\"\" width=\"300\" height=\"225\" srcset=\"https:\/\/www.caudete.org\/ayuntamiento\/wp-content\/uploads\/2022\/04\/WhatsApp-Image-2022-04-27-at-3.40.36-PM-300x225.jpeg 300w, https:\/\/www.caudete.org\/ayuntamiento\/wp-content\/uploads\/2022\/04\/WhatsApp-Image-2022-04-27-at-3.40.36-PM-1024x769.jpeg 1024w, https:\/\/www.caudete.org\/ayuntamiento\/wp-content\/uploads\/2022\/04\/WhatsApp-Image-2022-04-27-at-3.40.36-PM-768x576.jpeg 768w, https:\/\/www.caudete.org\/ayuntamiento\/wp-content\/uploads\/2022\/04\/WhatsApp-Image-2022-04-27-at-3.40.36-PM-1536x1153.jpeg 1536w, https:\/\/www.caudete.org\/ayuntamiento\/wp-content\/uploads\/2022\/04\/WhatsApp-Image-2022-04-27-at-3.40.36-PM.jpeg 1600w\" sizes=\"(max-width: 300px) 100vw, 300px\" \/><\/a><\/p>\n<p style=\"text-align: justify;\"><span style=\"font-family: georgia, palatino, serif; font-size: 12pt;\">Remarcaba el lema de &#8220;Caudete en Europa&#8221; y les explicaba que es la frase o slogan indiscutible que siempre abre en la prensa nuestra actuaci\u00f3n o participaci\u00f3n con los diferentes programas Erasmus de los que Caudete forma parte desde hace 6 a\u00f1os. Rese\u00f1aba el trabajo realizado y la apuesta firme y decidida por medio del Departamento de Desarrollo, y del Gobierno Municipal, donde agradec\u00eda la labor de Elia Lac\u00e1rcel en esta materia, como empleada municipal, as\u00ed como al resto de personas que han hecho posible la realizaci\u00f3n de este programa en Caudete.<\/span><\/p>\n<p style=\"text-align: justify;\"><span style=\"font-family: georgia, palatino, serif; font-size: 12pt;\">De hecho, ha destacado que gracias a esta fuerte apuesta por los programas ERASMUS en la localidad, cientos de caudetanos, de edades variadas, han viajado para aprender a numerosos pa\u00edses de la Uni\u00f3n Europea; as\u00ed como que hoy d\u00eda, Caudete es referente en programas Erasmus a nivel provincial, regional y estatal. Y detr\u00e1s de ello, hay convicci\u00f3n, y trabajo, mucho trabajo, finalizando el Primer Edil con la frase &#8220;<em>Caudete en Europa, porque Caudete es Europa, y porque Caudete apuesta por Europa<\/em>&#8220;.<\/span><\/p>\n<p style=\"text-align: justify;\">Finalizaba Frank Finkeldei, responsable del VHS de Iserlohn, como socio promotor del proyecto, para agradecer la hospitalidad y disposici\u00f3n de Caudete como anfitri\u00f3n de las jornadas, invitando a los participantes a aprovechar y disfrutar de las actividades programadas y a dar gracias de poder retomar el proyecto tras el par\u00f3n que la pandemia impuso al mismo.<\/p>\n<p style=\"text-align: justify;\">\n","protected":false},"excerpt":{"rendered":"<p>Esta ma\u00f1ana la Sala de Prensa acog\u00eda el acto de bienvenida que el Ayuntamiento de Caudete, integrante del proyecto Erasmus+ \u201cCROSS-Creando Otros Entornos de Aprendizaje&#8221;, ten\u00eda previsto para la recepci\u00f3n oficial de los 6 pa\u00edses participantes, recibidos por el Alcalde Mois\u00e9s L\u00f3pez, junto a los Concejales de Formaci\u00f3n y Empleo, M\u00aa del Mar Requena, el &hellip;<\/p>\n","protected":false},"author":3,"featured_media":18881,"comment_status":"closed","ping_status":"open","sticky":false,"template":"","format":"standard","meta":{"ngg_post_thumbnail":0,"footnotes":""},"categories":[37],"tags":[],"class_list":["post-18879","post","type-post","status-publish","format-standard","has-post-thumbnail","hentry","category-empleo-y-formacion"],"yoast_head":"<!-- This site is optimized with the Yoast SEO plugin v27.4 - https:\/\/yoast.com\/product\/yoast-seo-wordpress\/ -->\n<title>CaudeteEnEUROPA: recepci\u00f3n de los 7 pa\u00edses participantes en el &quot;Erasmus+ CROSS-Creando Otros Entornos de Aprendizaje&quot; - MI Ayuntamiento de Caudete<\/title>\n<meta name=\"description\" content=\"P\u00e1gina Oficial del Ayuntamiento de Caudete (Albacete)\" \/>\n<meta name=\"robots\" content=\"index, follow, max-snippet:-1, max-image-preview:large, max-video-preview:-1\" \/>\n<link rel=\"canonical\" href=\"https:\/\/www.caudete.org\/ayuntamiento\/caudeteeneuropa-recepcion-de-los-7-paises-participantes-en-el-erasmus-cross-creando-otros-entornos-de-aprendizaje\/\" \/>\n<meta property=\"og:locale\" content=\"es_ES\" \/>\n<meta property=\"og:type\" content=\"article\" \/>\n<meta property=\"og:title\" content=\"CaudeteEnEUROPA: recepci\u00f3n de los 7 pa\u00edses participantes en el &quot;Erasmus+ CROSS-Creando Otros Entornos de Aprendizaje&quot; - MI Ayuntamiento de Caudete\" \/>\n<meta property=\"og:description\" content=\"P\u00e1gina Oficial del Ayuntamiento de Caudete (Albacete)\" \/>\n<meta property=\"og:url\" content=\"https:\/\/www.caudete.org\/ayuntamiento\/caudeteeneuropa-recepcion-de-los-7-paises-participantes-en-el-erasmus-cross-creando-otros-entornos-de-aprendizaje\/\" \/>\n<meta property=\"og:site_name\" content=\"MI Ayuntamiento de Caudete\" \/>\n<meta property=\"article:publisher\" content=\"https:\/\/www.facebook.com\/ayuntamientocaudete\/\" \/>\n<meta property=\"article:published_time\" content=\"2022-04-27T14:41:51+00:00\" \/>\n<meta property=\"article:modified_time\" content=\"2022-05-06T19:07:28+00:00\" \/>\n<meta property=\"og:image\" content=\"https:\/\/www.caudete.org\/ayuntamiento\/wp-content\/uploads\/2022\/04\/WhatsApp-Image-2022-04-27-at-3.40.35-PM.jpeg\" \/>\n\t<meta property=\"og:image:width\" content=\"1600\" \/>\n\t<meta property=\"og:image:height\" content=\"1201\" \/>\n\t<meta property=\"og:image:type\" content=\"image\/jpeg\" \/>\n<meta name=\"author\" content=\"alcalde\" \/>\n<meta name=\"twitter:card\" content=\"summary_large_image\" \/>\n<meta name=\"twitter:label1\" content=\"Escrito por\" \/>\n\t<meta name=\"twitter:data1\" content=\"alcalde\" \/>\n\t<meta name=\"twitter:label2\" content=\"Tiempo de lectura\" \/>\n\t<meta name=\"twitter:data2\" content=\"3 minutos\" \/>\n<script type=\"application\/ld+json\" class=\"yoast-schema-graph\">{\"@context\":\"https:\\\/\\\/schema.org\",\"@graph\":[{\"@type\":\"Article\",\"@id\":\"https:\\\/\\\/www.caudete.org\\\/ayuntamiento\\\/caudeteeneuropa-recepcion-de-los-7-paises-participantes-en-el-erasmus-cross-creando-otros-entornos-de-aprendizaje\\\/#article\",\"isPartOf\":{\"@id\":\"https:\\\/\\\/www.caudete.org\\\/ayuntamiento\\\/caudeteeneuropa-recepcion-de-los-7-paises-participantes-en-el-erasmus-cross-creando-otros-entornos-de-aprendizaje\\\/\"},\"author\":{\"name\":\"alcalde\",\"@id\":\"https:\\\/\\\/www.caudete.org\\\/ayuntamiento\\\/#\\\/schema\\\/person\\\/cc646da9133078ee4d8dd47457947253\"},\"headline\":\"CaudeteEnEUROPA: recepci\u00f3n de los 7 pa\u00edses participantes en el &#8220;Erasmus+ CROSS-Creando Otros Entornos de Aprendizaje&#8221;\",\"datePublished\":\"2022-04-27T14:41:51+00:00\",\"dateModified\":\"2022-05-06T19:07:28+00:00\",\"mainEntityOfPage\":{\"@id\":\"https:\\\/\\\/www.caudete.org\\\/ayuntamiento\\\/caudeteeneuropa-recepcion-de-los-7-paises-participantes-en-el-erasmus-cross-creando-otros-entornos-de-aprendizaje\\\/\"},\"wordCount\":672,\"publisher\":{\"@id\":\"https:\\\/\\\/www.caudete.org\\\/ayuntamiento\\\/#organization\"},\"image\":{\"@id\":\"https:\\\/\\\/www.caudete.org\\\/ayuntamiento\\\/caudeteeneuropa-recepcion-de-los-7-paises-participantes-en-el-erasmus-cross-creando-otros-entornos-de-aprendizaje\\\/#primaryimage\"},\"thumbnailUrl\":\"https:\\\/\\\/www.caudete.org\\\/ayuntamiento\\\/wp-content\\\/uploads\\\/2022\\\/04\\\/WhatsApp-Image-2022-04-27-at-3.40.35-PM.jpeg\",\"articleSection\":[\"Empleo y Formaci\u00f3n\"],\"inLanguage\":\"es\"},{\"@type\":\"WebPage\",\"@id\":\"https:\\\/\\\/www.caudete.org\\\/ayuntamiento\\\/caudeteeneuropa-recepcion-de-los-7-paises-participantes-en-el-erasmus-cross-creando-otros-entornos-de-aprendizaje\\\/\",\"url\":\"https:\\\/\\\/www.caudete.org\\\/ayuntamiento\\\/caudeteeneuropa-recepcion-de-los-7-paises-participantes-en-el-erasmus-cross-creando-otros-entornos-de-aprendizaje\\\/\",\"name\":\"CaudeteEnEUROPA: recepci\u00f3n de los 7 pa\u00edses participantes en el \\\"Erasmus+ CROSS-Creando Otros Entornos de Aprendizaje\\\" - MI Ayuntamiento de Caudete\",\"isPartOf\":{\"@id\":\"https:\\\/\\\/www.caudete.org\\\/ayuntamiento\\\/#website\"},\"primaryImageOfPage\":{\"@id\":\"https:\\\/\\\/www.caudete.org\\\/ayuntamiento\\\/caudeteeneuropa-recepcion-de-los-7-paises-participantes-en-el-erasmus-cross-creando-otros-entornos-de-aprendizaje\\\/#primaryimage\"},\"image\":{\"@id\":\"https:\\\/\\\/www.caudete.org\\\/ayuntamiento\\\/caudeteeneuropa-recepcion-de-los-7-paises-participantes-en-el-erasmus-cross-creando-otros-entornos-de-aprendizaje\\\/#primaryimage\"},\"thumbnailUrl\":\"https:\\\/\\\/www.caudete.org\\\/ayuntamiento\\\/wp-content\\\/uploads\\\/2022\\\/04\\\/WhatsApp-Image-2022-04-27-at-3.40.35-PM.jpeg\",\"datePublished\":\"2022-04-27T14:41:51+00:00\",\"dateModified\":\"2022-05-06T19:07:28+00:00\",\"description\":\"P\u00e1gina Oficial del Ayuntamiento de Caudete (Albacete)\",\"breadcrumb\":{\"@id\":\"https:\\\/\\\/www.caudete.org\\\/ayuntamiento\\\/caudeteeneuropa-recepcion-de-los-7-paises-participantes-en-el-erasmus-cross-creando-otros-entornos-de-aprendizaje\\\/#breadcrumb\"},\"inLanguage\":\"es\",\"potentialAction\":[{\"@type\":\"ReadAction\",\"target\":[\"https:\\\/\\\/www.caudete.org\\\/ayuntamiento\\\/caudeteeneuropa-recepcion-de-los-7-paises-participantes-en-el-erasmus-cross-creando-otros-entornos-de-aprendizaje\\\/\"]}]},{\"@type\":\"ImageObject\",\"inLanguage\":\"es\",\"@id\":\"https:\\\/\\\/www.caudete.org\\\/ayuntamiento\\\/caudeteeneuropa-recepcion-de-los-7-paises-participantes-en-el-erasmus-cross-creando-otros-entornos-de-aprendizaje\\\/#primaryimage\",\"url\":\"https:\\\/\\\/www.caudete.org\\\/ayuntamiento\\\/wp-content\\\/uploads\\\/2022\\\/04\\\/WhatsApp-Image-2022-04-27-at-3.40.35-PM.jpeg\",\"contentUrl\":\"https:\\\/\\\/www.caudete.org\\\/ayuntamiento\\\/wp-content\\\/uploads\\\/2022\\\/04\\\/WhatsApp-Image-2022-04-27-at-3.40.35-PM.jpeg\",\"width\":1600,\"height\":1201},{\"@type\":\"BreadcrumbList\",\"@id\":\"https:\\\/\\\/www.caudete.org\\\/ayuntamiento\\\/caudeteeneuropa-recepcion-de-los-7-paises-participantes-en-el-erasmus-cross-creando-otros-entornos-de-aprendizaje\\\/#breadcrumb\",\"itemListElement\":[{\"@type\":\"ListItem\",\"position\":1,\"name\":\"Inicio\",\"item\":\"https:\\\/\\\/www.caudete.org\\\/ayuntamiento\\\/\"},{\"@type\":\"ListItem\",\"position\":2,\"name\":\"CaudeteEnEUROPA: recepci\u00f3n de los 7 pa\u00edses participantes en el &#8220;Erasmus+ CROSS-Creando Otros Entornos de Aprendizaje&#8221;\"}]},{\"@type\":\"WebSite\",\"@id\":\"https:\\\/\\\/www.caudete.org\\\/ayuntamiento\\\/#website\",\"url\":\"https:\\\/\\\/www.caudete.org\\\/ayuntamiento\\\/\",\"name\":\"MI Ayuntamiento de Caudete\",\"description\":\"P\u00e1gina Oficial del MI Ayuntamiento de Caudete\",\"publisher\":{\"@id\":\"https:\\\/\\\/www.caudete.org\\\/ayuntamiento\\\/#organization\"},\"potentialAction\":[{\"@type\":\"SearchAction\",\"target\":{\"@type\":\"EntryPoint\",\"urlTemplate\":\"https:\\\/\\\/www.caudete.org\\\/ayuntamiento\\\/?s={search_term_string}\"},\"query-input\":{\"@type\":\"PropertyValueSpecification\",\"valueRequired\":true,\"valueName\":\"search_term_string\"}}],\"inLanguage\":\"es\"},{\"@type\":\"Organization\",\"@id\":\"https:\\\/\\\/www.caudete.org\\\/ayuntamiento\\\/#organization\",\"name\":\"Ayuntamiento de Caudete\",\"url\":\"https:\\\/\\\/www.caudete.org\\\/ayuntamiento\\\/\",\"logo\":{\"@type\":\"ImageObject\",\"inLanguage\":\"es\",\"@id\":\"https:\\\/\\\/www.caudete.org\\\/ayuntamiento\\\/#\\\/schema\\\/logo\\\/image\\\/\",\"url\":\"https:\\\/\\\/www.caudete.org\\\/ayuntamiento\\\/wp-content\\\/uploads\\\/2020\\\/11\\\/logo_ayuntamiento_caudete.jpg\",\"contentUrl\":\"https:\\\/\\\/www.caudete.org\\\/ayuntamiento\\\/wp-content\\\/uploads\\\/2020\\\/11\\\/logo_ayuntamiento_caudete.jpg\",\"width\":600,\"height\":150,\"caption\":\"Ayuntamiento de Caudete\"},\"image\":{\"@id\":\"https:\\\/\\\/www.caudete.org\\\/ayuntamiento\\\/#\\\/schema\\\/logo\\\/image\\\/\"},\"sameAs\":[\"https:\\\/\\\/www.facebook.com\\\/ayuntamientocaudete\\\/\",\"https:\\\/\\\/www.youtube.com\\\/channel\\\/UC6VztHaooNsGpw-tNoBEFnQ\"]},{\"@type\":\"Person\",\"@id\":\"https:\\\/\\\/www.caudete.org\\\/ayuntamiento\\\/#\\\/schema\\\/person\\\/cc646da9133078ee4d8dd47457947253\",\"name\":\"alcalde\",\"image\":{\"@type\":\"ImageObject\",\"inLanguage\":\"es\",\"@id\":\"https:\\\/\\\/secure.gravatar.com\\\/avatar\\\/84a817ba065b29ff08d666b215a215f5c79186a645ccb25b14a663d48a130f77?s=96&d=mm&r=g\",\"url\":\"https:\\\/\\\/secure.gravatar.com\\\/avatar\\\/84a817ba065b29ff08d666b215a215f5c79186a645ccb25b14a663d48a130f77?s=96&d=mm&r=g\",\"contentUrl\":\"https:\\\/\\\/secure.gravatar.com\\\/avatar\\\/84a817ba065b29ff08d666b215a215f5c79186a645ccb25b14a663d48a130f77?s=96&d=mm&r=g\",\"caption\":\"alcalde\"},\"url\":\"https:\\\/\\\/www.caudete.org\\\/ayuntamiento\\\/author\\\/alcalde\\\/\"}]}<\/script>\n<!-- \/ Yoast SEO plugin. -->","yoast_head_json":{"title":"CaudeteEnEUROPA: recepci\u00f3n de los 7 pa\u00edses participantes en el \"Erasmus+ CROSS-Creando Otros Entornos de Aprendizaje\" - MI Ayuntamiento de Caudete","description":"P\u00e1gina Oficial del Ayuntamiento de Caudete (Albacete)","robots":{"index":"index","follow":"follow","max-snippet":"max-snippet:-1","max-image-preview":"max-image-preview:large","max-video-preview":"max-video-preview:-1"},"canonical":"https:\/\/www.caudete.org\/ayuntamiento\/caudeteeneuropa-recepcion-de-los-7-paises-participantes-en-el-erasmus-cross-creando-otros-entornos-de-aprendizaje\/","og_locale":"es_ES","og_type":"article","og_title":"CaudeteEnEUROPA: recepci\u00f3n de los 7 pa\u00edses participantes en el \"Erasmus+ CROSS-Creando Otros Entornos de Aprendizaje\" - MI Ayuntamiento de Caudete","og_description":"P\u00e1gina Oficial del Ayuntamiento de Caudete (Albacete)","og_url":"https:\/\/www.caudete.org\/ayuntamiento\/caudeteeneuropa-recepcion-de-los-7-paises-participantes-en-el-erasmus-cross-creando-otros-entornos-de-aprendizaje\/","og_site_name":"MI Ayuntamiento de Caudete","article_publisher":"https:\/\/www.facebook.com\/ayuntamientocaudete\/","article_published_time":"2022-04-27T14:41:51+00:00","article_modified_time":"2022-05-06T19:07:28+00:00","og_image":[{"width":1600,"height":1201,"url":"https:\/\/www.caudete.org\/ayuntamiento\/wp-content\/uploads\/2022\/04\/WhatsApp-Image-2022-04-27-at-3.40.35-PM.jpeg","type":"image\/jpeg"}],"author":"alcalde","twitter_card":"summary_large_image","twitter_misc":{"Escrito por":"alcalde","Tiempo de lectura":"3 minutos"},"schema":{"@context":"https:\/\/schema.org","@graph":[{"@type":"Article","@id":"https:\/\/www.caudete.org\/ayuntamiento\/caudeteeneuropa-recepcion-de-los-7-paises-participantes-en-el-erasmus-cross-creando-otros-entornos-de-aprendizaje\/#article","isPartOf":{"@id":"https:\/\/www.caudete.org\/ayuntamiento\/caudeteeneuropa-recepcion-de-los-7-paises-participantes-en-el-erasmus-cross-creando-otros-entornos-de-aprendizaje\/"},"author":{"name":"alcalde","@id":"https:\/\/www.caudete.org\/ayuntamiento\/#\/schema\/person\/cc646da9133078ee4d8dd47457947253"},"headline":"CaudeteEnEUROPA: recepci\u00f3n de los 7 pa\u00edses participantes en el &#8220;Erasmus+ CROSS-Creando Otros Entornos de Aprendizaje&#8221;","datePublished":"2022-04-27T14:41:51+00:00","dateModified":"2022-05-06T19:07:28+00:00","mainEntityOfPage":{"@id":"https:\/\/www.caudete.org\/ayuntamiento\/caudeteeneuropa-recepcion-de-los-7-paises-participantes-en-el-erasmus-cross-creando-otros-entornos-de-aprendizaje\/"},"wordCount":672,"publisher":{"@id":"https:\/\/www.caudete.org\/ayuntamiento\/#organization"},"image":{"@id":"https:\/\/www.caudete.org\/ayuntamiento\/caudeteeneuropa-recepcion-de-los-7-paises-participantes-en-el-erasmus-cross-creando-otros-entornos-de-aprendizaje\/#primaryimage"},"thumbnailUrl":"https:\/\/www.caudete.org\/ayuntamiento\/wp-content\/uploads\/2022\/04\/WhatsApp-Image-2022-04-27-at-3.40.35-PM.jpeg","articleSection":["Empleo y Formaci\u00f3n"],"inLanguage":"es"},{"@type":"WebPage","@id":"https:\/\/www.caudete.org\/ayuntamiento\/caudeteeneuropa-recepcion-de-los-7-paises-participantes-en-el-erasmus-cross-creando-otros-entornos-de-aprendizaje\/","url":"https:\/\/www.caudete.org\/ayuntamiento\/caudeteeneuropa-recepcion-de-los-7-paises-participantes-en-el-erasmus-cross-creando-otros-entornos-de-aprendizaje\/","name":"CaudeteEnEUROPA: recepci\u00f3n de los 7 pa\u00edses participantes en el \"Erasmus+ CROSS-Creando Otros Entornos de Aprendizaje\" - MI Ayuntamiento de Caudete","isPartOf":{"@id":"https:\/\/www.caudete.org\/ayuntamiento\/#website"},"primaryImageOfPage":{"@id":"https:\/\/www.caudete.org\/ayuntamiento\/caudeteeneuropa-recepcion-de-los-7-paises-participantes-en-el-erasmus-cross-creando-otros-entornos-de-aprendizaje\/#primaryimage"},"image":{"@id":"https:\/\/www.caudete.org\/ayuntamiento\/caudeteeneuropa-recepcion-de-los-7-paises-participantes-en-el-erasmus-cross-creando-otros-entornos-de-aprendizaje\/#primaryimage"},"thumbnailUrl":"https:\/\/www.caudete.org\/ayuntamiento\/wp-content\/uploads\/2022\/04\/WhatsApp-Image-2022-04-27-at-3.40.35-PM.jpeg","datePublished":"2022-04-27T14:41:51+00:00","dateModified":"2022-05-06T19:07:28+00:00","description":"P\u00e1gina Oficial del Ayuntamiento de Caudete (Albacete)","breadcrumb":{"@id":"https:\/\/www.caudete.org\/ayuntamiento\/caudeteeneuropa-recepcion-de-los-7-paises-participantes-en-el-erasmus-cross-creando-otros-entornos-de-aprendizaje\/#breadcrumb"},"inLanguage":"es","potentialAction":[{"@type":"ReadAction","target":["https:\/\/www.caudete.org\/ayuntamiento\/caudeteeneuropa-recepcion-de-los-7-paises-participantes-en-el-erasmus-cross-creando-otros-entornos-de-aprendizaje\/"]}]},{"@type":"ImageObject","inLanguage":"es","@id":"https:\/\/www.caudete.org\/ayuntamiento\/caudeteeneuropa-recepcion-de-los-7-paises-participantes-en-el-erasmus-cross-creando-otros-entornos-de-aprendizaje\/#primaryimage","url":"https:\/\/www.caudete.org\/ayuntamiento\/wp-content\/uploads\/2022\/04\/WhatsApp-Image-2022-04-27-at-3.40.35-PM.jpeg","contentUrl":"https:\/\/www.caudete.org\/ayuntamiento\/wp-content\/uploads\/2022\/04\/WhatsApp-Image-2022-04-27-at-3.40.35-PM.jpeg","width":1600,"height":1201},{"@type":"BreadcrumbList","@id":"https:\/\/www.caudete.org\/ayuntamiento\/caudeteeneuropa-recepcion-de-los-7-paises-participantes-en-el-erasmus-cross-creando-otros-entornos-de-aprendizaje\/#breadcrumb","itemListElement":[{"@type":"ListItem","position":1,"name":"Inicio","item":"https:\/\/www.caudete.org\/ayuntamiento\/"},{"@type":"ListItem","position":2,"name":"CaudeteEnEUROPA: recepci\u00f3n de los 7 pa\u00edses participantes en el &#8220;Erasmus+ CROSS-Creando Otros Entornos de Aprendizaje&#8221;"}]},{"@type":"WebSite","@id":"https:\/\/www.caudete.org\/ayuntamiento\/#website","url":"https:\/\/www.caudete.org\/ayuntamiento\/","name":"MI Ayuntamiento de Caudete","description":"P\u00e1gina Oficial del MI Ayuntamiento de Caudete","publisher":{"@id":"https:\/\/www.caudete.org\/ayuntamiento\/#organization"},"potentialAction":[{"@type":"SearchAction","target":{"@type":"EntryPoint","urlTemplate":"https:\/\/www.caudete.org\/ayuntamiento\/?s={search_term_string}"},"query-input":{"@type":"PropertyValueSpecification","valueRequired":true,"valueName":"search_term_string"}}],"inLanguage":"es"},{"@type":"Organization","@id":"https:\/\/www.caudete.org\/ayuntamiento\/#organization","name":"Ayuntamiento de Caudete","url":"https:\/\/www.caudete.org\/ayuntamiento\/","logo":{"@type":"ImageObject","inLanguage":"es","@id":"https:\/\/www.caudete.org\/ayuntamiento\/#\/schema\/logo\/image\/","url":"https:\/\/www.caudete.org\/ayuntamiento\/wp-content\/uploads\/2020\/11\/logo_ayuntamiento_caudete.jpg","contentUrl":"https:\/\/www.caudete.org\/ayuntamiento\/wp-content\/uploads\/2020\/11\/logo_ayuntamiento_caudete.jpg","width":600,"height":150,"caption":"Ayuntamiento de Caudete"},"image":{"@id":"https:\/\/www.caudete.org\/ayuntamiento\/#\/schema\/logo\/image\/"},"sameAs":["https:\/\/www.facebook.com\/ayuntamientocaudete\/","https:\/\/www.youtube.com\/channel\/UC6VztHaooNsGpw-tNoBEFnQ"]},{"@type":"Person","@id":"https:\/\/www.caudete.org\/ayuntamiento\/#\/schema\/person\/cc646da9133078ee4d8dd47457947253","name":"alcalde","image":{"@type":"ImageObject","inLanguage":"es","@id":"https:\/\/secure.gravatar.com\/avatar\/84a817ba065b29ff08d666b215a215f5c79186a645ccb25b14a663d48a130f77?s=96&d=mm&r=g","url":"https:\/\/secure.gravatar.com\/avatar\/84a817ba065b29ff08d666b215a215f5c79186a645ccb25b14a663d48a130f77?s=96&d=mm&r=g","contentUrl":"https:\/\/secure.gravatar.com\/avatar\/84a817ba065b29ff08d666b215a215f5c79186a645ccb25b14a663d48a130f77?s=96&d=mm&r=g","caption":"alcalde"},"url":"https:\/\/www.caudete.org\/ayuntamiento\/author\/alcalde\/"}]}},"_links":{"self":[{"href":"https:\/\/www.caudete.org\/ayuntamiento\/wp-json\/wp\/v2\/posts\/18879","targetHints":{"allow":["GET"]}}],"collection":[{"href":"https:\/\/www.caudete.org\/ayuntamiento\/wp-json\/wp\/v2\/posts"}],"about":[{"href":"https:\/\/www.caudete.org\/ayuntamiento\/wp-json\/wp\/v2\/types\/post"}],"author":[{"embeddable":true,"href":"https:\/\/www.caudete.org\/ayuntamiento\/wp-json\/wp\/v2\/users\/3"}],"replies":[{"embeddable":true,"href":"https:\/\/www.caudete.org\/ayuntamiento\/wp-json\/wp\/v2\/comments?post=18879"}],"version-history":[{"count":4,"href":"https:\/\/www.caudete.org\/ayuntamiento\/wp-json\/wp\/v2\/posts\/18879\/revisions"}],"predecessor-version":[{"id":19031,"href":"https:\/\/www.caudete.org\/ayuntamiento\/wp-json\/wp\/v2\/posts\/18879\/revisions\/19031"}],"wp:featuredmedia":[{"embeddable":true,"href":"https:\/\/www.caudete.org\/ayuntamiento\/wp-json\/wp\/v2\/media\/18881"}],"wp:attachment":[{"href":"https:\/\/www.caudete.org\/ayuntamiento\/wp-json\/wp\/v2\/media?parent=18879"}],"wp:term":[{"taxonomy":"category","embeddable":true,"href":"https:\/\/www.caudete.org\/ayuntamiento\/wp-json\/wp\/v2\/categories?post=18879"},{"taxonomy":"post_tag","embeddable":true,"href":"https:\/\/www.caudete.org\/ayuntamiento\/wp-json\/wp\/v2\/tags?post=18879"}],"curies":[{"name":"wp","href":"https:\/\/api.w.org\/{rel}","templated":true}]}}