{"id":18903,"date":"2022-04-28T15:48:38","date_gmt":"2022-04-28T13:48:38","guid":{"rendered":"https:\/\/www.caudete.org\/ayuntamiento\/?p=18903"},"modified":"2022-04-28T16:19:13","modified_gmt":"2022-04-28T14:19:13","slug":"caudeteemprende-molina-fotografos","status":"publish","type":"post","link":"https:\/\/www.caudete.org\/ayuntamiento\/caudeteemprende-molina-fotografos\/","title":{"rendered":"CaudeteEMPRENDE,  \u201cMOLINA FOT\u00d3GRAFOS\u201d"},"content":{"rendered":"<p style=\"text-align: justify;\"><span style=\"font-family: Arial, sans-serif;\">Una semana m\u00e1s, la Concejal\u00eda de Comercio que ostenta el edil Diego Cuenca Olivares, contin\u00faa con la campa\u00f1a CaudeteEmprende, desde donde nos presenta en el d\u00eda de hoy, la nueva ubicaci\u00f3n de \u201cMolina Fotografos\u201d.<\/span><\/p>\n<p style=\"text-align: justify;\"><span style=\"font-family: Arial, sans-serif;\">Silvia y Javier Molina Marco nos comentaban muy ilusionados y nerviosos su nueva andadura con ampliaci\u00f3n de servicios:<\/span><\/p>\n<p style=\"text-align: justify;\"><span style=\"font-family: Arial, sans-serif;\">\u201c<i>Ahora Molina Fot\u00f3grafos m\u00e1s cerca de ti!<\/i><\/span><span style=\"font-family: Arial, sans-serif;\"><i>Cambiamos nuestra ubicaci\u00f3n a una zona con m\u00e1s aparcamiento, m\u00e1s luz, m\u00e1s espacio y comodidad para nuestros clientes. Ahora tenemos un estudio en el que montamos muchos escenarios diferentes, incluso en algunos utilizamos luz natural.<\/i><\/span><span style=\"font-family: Arial, sans-serif;\"><i>Somos la tercera generaci\u00f3n de fot\u00f3grafos, estamos a vuestro servicio desde 1946, sumando as\u00ed muchos a\u00f1os de experiencia, profesionalidad y siempre adapt\u00e1ndonos a los nuevos tiempos, a trav\u00e9s de cursos, talleres y formaci\u00f3n. Incluso nos hemos estrenado como profes para formaci\u00f3n a empresas sobre la fotograf\u00eda para ecomerce.<\/i><\/span><span style=\"font-family: Arial, sans-serif;\"><i>Con este cambio hemos querido tambi\u00e9n hacer de Molina Fot\u00f3grafos m\u00e1s nuestro, joven, actual, din\u00e1mico, emprendedor\u2026<\/i><\/span><span style=\"font-family: Arial, sans-serif;\"><i>Seguimos acompa\u00f1\u00e1ndote en los momentos m\u00e1s bonitos de tu vida, conf\u00eda en nuestra profesionalidad y larga experiencia en cualquier tipo de eventos.<\/i><\/span><\/p>\n<p style=\"text-align: justify;\"><span style=\"font-family: Arial, sans-serif;\"><i>Creamos para las bodas un t\u00e1ndem perfecto de v\u00eddeo y fotograf\u00eda apoy\u00e1ndonos entre nosotros para mostrar lo mejor de vosotros.<\/i><\/span><span style=\"font-family: Arial, sans-serif;\"><i>Cualquier momento que quieras recordar, nosotros lo plasmamos en tu mejor imagen.<\/i><\/span><span style=\"font-family: Arial, sans-serif;\"><i>Os invitamos a visitarnos cuando quer\u00e1is en nuestro nuevo estudio en calle La Zafra n\u00ba44 y en nuestras redes sociales.<\/i><\/span><\/p>\n<p style=\"text-align: justify;\">Tu fot\u00f3grafo de siempre, ahora como nunca!\u201d<\/p>\n<p style=\"text-align: justify;\">CaudeteEmprende es una campa\u00f1a creada desde la Concejal\u00eda de comercio con el objetivo de dar visibilidad y apoyo a los nuevos comercios de la localidad, acerc\u00e1ndolos a la ciudadan\u00eda a trav\u00e9s de las redes sociales del M.I. Ayuntamiento y la TV.<\/p>\n<p style=\"text-align: justify;\"><a href=\"https:\/\/www.caudete.org\/ayuntamiento\/wp-content\/uploads\/2022\/04\/WhatsApp-Image-2022-04-28-at-2.41.44-PM.jpeg\" rel='prettyPhoto'><img fetchpriority=\"high\" decoding=\"async\" class=\"wp-image-18907\" src=\"https:\/\/www.caudete.org\/ayuntamiento\/wp-content\/uploads\/2022\/04\/WhatsApp-Image-2022-04-28-at-2.41.44-PM-300x169.jpeg\" alt=\"\" width=\"575\" height=\"324\" srcset=\"https:\/\/www.caudete.org\/ayuntamiento\/wp-content\/uploads\/2022\/04\/WhatsApp-Image-2022-04-28-at-2.41.44-PM-300x169.jpeg 300w, https:\/\/www.caudete.org\/ayuntamiento\/wp-content\/uploads\/2022\/04\/WhatsApp-Image-2022-04-28-at-2.41.44-PM-1024x575.jpeg 1024w, https:\/\/www.caudete.org\/ayuntamiento\/wp-content\/uploads\/2022\/04\/WhatsApp-Image-2022-04-28-at-2.41.44-PM-768x432.jpeg 768w, https:\/\/www.caudete.org\/ayuntamiento\/wp-content\/uploads\/2022\/04\/WhatsApp-Image-2022-04-28-at-2.41.44-PM-1536x863.jpeg 1536w, https:\/\/www.caudete.org\/ayuntamiento\/wp-content\/uploads\/2022\/04\/WhatsApp-Image-2022-04-28-at-2.41.44-PM.jpeg 1600w\" sizes=\"(max-width: 575px) 100vw, 575px\" \/><\/a><\/p>\n","protected":false},"excerpt":{"rendered":"<p>Una semana m\u00e1s, la Concejal\u00eda de Comercio que ostenta el edil Diego Cuenca Olivares, contin\u00faa con la campa\u00f1a CaudeteEmprende, desde donde nos presenta en el d\u00eda de hoy, la nueva ubicaci\u00f3n de \u201cMolina Fotografos\u201d. Silvia y Javier Molina Marco nos comentaban muy ilusionados y nerviosos su nueva andadura con ampliaci\u00f3n de servicios: \u201cAhora Molina Fot\u00f3grafos &hellip;<\/p>\n","protected":false},"author":2,"featured_media":18906,"comment_status":"closed","ping_status":"open","sticky":false,"template":"","format":"standard","meta":{"ngg_post_thumbnail":0,"footnotes":""},"categories":[42],"tags":[655,829],"class_list":["post-18903","post","type-post","status-publish","format-standard","has-post-thumbnail","hentry","category-comercio","tag-caudeteemprende","tag-molina-fotografos"],"yoast_head":"<!-- This site is optimized with the Yoast SEO plugin v27.5 - https:\/\/yoast.com\/product\/yoast-seo-wordpress\/ -->\n<title>CaudeteEMPRENDE, \u201cMOLINA FOT\u00d3GRAFOS\u201d - MI Ayuntamiento de Caudete<\/title>\n<meta name=\"description\" content=\"P\u00e1gina Oficial del Ayuntamiento de Caudete (Albacete)\" \/>\n<meta name=\"robots\" content=\"index, follow, max-snippet:-1, max-image-preview:large, max-video-preview:-1\" \/>\n<link rel=\"canonical\" href=\"https:\/\/www.caudete.org\/ayuntamiento\/caudeteemprende-molina-fotografos\/\" \/>\n<meta property=\"og:locale\" content=\"es_ES\" \/>\n<meta property=\"og:type\" content=\"article\" \/>\n<meta property=\"og:title\" content=\"CaudeteEMPRENDE, \u201cMOLINA FOT\u00d3GRAFOS\u201d - MI Ayuntamiento de Caudete\" \/>\n<meta property=\"og:description\" content=\"P\u00e1gina Oficial del Ayuntamiento de Caudete (Albacete)\" \/>\n<meta property=\"og:url\" content=\"https:\/\/www.caudete.org\/ayuntamiento\/caudeteemprende-molina-fotografos\/\" \/>\n<meta property=\"og:site_name\" content=\"MI Ayuntamiento de Caudete\" \/>\n<meta property=\"article:publisher\" content=\"https:\/\/www.facebook.com\/ayuntamientocaudete\/\" \/>\n<meta property=\"article:published_time\" content=\"2022-04-28T13:48:38+00:00\" \/>\n<meta property=\"article:modified_time\" content=\"2022-04-28T14:19:13+00:00\" \/>\n<meta property=\"og:image\" content=\"https:\/\/www.caudete.org\/ayuntamiento\/wp-content\/uploads\/2022\/04\/WhatsApp-Image-2022-04-28-at-2.41.11-PM.jpeg\" \/>\n\t<meta property=\"og:image:width\" content=\"1600\" \/>\n\t<meta property=\"og:image:height\" content=\"720\" \/>\n\t<meta property=\"og:image:type\" content=\"image\/jpeg\" \/>\n<meta name=\"author\" content=\"Juan\" \/>\n<meta name=\"twitter:card\" content=\"summary_large_image\" \/>\n<meta name=\"twitter:label1\" content=\"Escrito por\" \/>\n\t<meta name=\"twitter:data1\" content=\"Juan\" \/>\n\t<meta name=\"twitter:label2\" content=\"Tiempo de lectura\" \/>\n\t<meta name=\"twitter:data2\" content=\"2 minutos\" \/>\n<script type=\"application\/ld+json\" class=\"yoast-schema-graph\">{\"@context\":\"https:\\\/\\\/schema.org\",\"@graph\":[{\"@type\":\"Article\",\"@id\":\"https:\\\/\\\/www.caudete.org\\\/ayuntamiento\\\/caudeteemprende-molina-fotografos\\\/#article\",\"isPartOf\":{\"@id\":\"https:\\\/\\\/www.caudete.org\\\/ayuntamiento\\\/caudeteemprende-molina-fotografos\\\/\"},\"author\":{\"name\":\"Juan\",\"@id\":\"https:\\\/\\\/www.caudete.org\\\/ayuntamiento\\\/#\\\/schema\\\/person\\\/7656a5bb58fca95b9814e940de0fda63\"},\"headline\":\"CaudeteEMPRENDE, \u201cMOLINA FOT\u00d3GRAFOS\u201d\",\"datePublished\":\"2022-04-28T13:48:38+00:00\",\"dateModified\":\"2022-04-28T14:19:13+00:00\",\"mainEntityOfPage\":{\"@id\":\"https:\\\/\\\/www.caudete.org\\\/ayuntamiento\\\/caudeteemprende-molina-fotografos\\\/\"},\"wordCount\":323,\"publisher\":{\"@id\":\"https:\\\/\\\/www.caudete.org\\\/ayuntamiento\\\/#organization\"},\"image\":{\"@id\":\"https:\\\/\\\/www.caudete.org\\\/ayuntamiento\\\/caudeteemprende-molina-fotografos\\\/#primaryimage\"},\"thumbnailUrl\":\"https:\\\/\\\/www.caudete.org\\\/ayuntamiento\\\/wp-content\\\/uploads\\\/2022\\\/04\\\/WhatsApp-Image-2022-04-28-at-2.41.11-PM.jpeg\",\"keywords\":[\"CaudeteEMPRENDE\",\"Molina Fot\u00f3grafos\"],\"articleSection\":[\"Comercio\"],\"inLanguage\":\"es\"},{\"@type\":\"WebPage\",\"@id\":\"https:\\\/\\\/www.caudete.org\\\/ayuntamiento\\\/caudeteemprende-molina-fotografos\\\/\",\"url\":\"https:\\\/\\\/www.caudete.org\\\/ayuntamiento\\\/caudeteemprende-molina-fotografos\\\/\",\"name\":\"CaudeteEMPRENDE, \u201cMOLINA FOT\u00d3GRAFOS\u201d - MI Ayuntamiento de Caudete\",\"isPartOf\":{\"@id\":\"https:\\\/\\\/www.caudete.org\\\/ayuntamiento\\\/#website\"},\"primaryImageOfPage\":{\"@id\":\"https:\\\/\\\/www.caudete.org\\\/ayuntamiento\\\/caudeteemprende-molina-fotografos\\\/#primaryimage\"},\"image\":{\"@id\":\"https:\\\/\\\/www.caudete.org\\\/ayuntamiento\\\/caudeteemprende-molina-fotografos\\\/#primaryimage\"},\"thumbnailUrl\":\"https:\\\/\\\/www.caudete.org\\\/ayuntamiento\\\/wp-content\\\/uploads\\\/2022\\\/04\\\/WhatsApp-Image-2022-04-28-at-2.41.11-PM.jpeg\",\"datePublished\":\"2022-04-28T13:48:38+00:00\",\"dateModified\":\"2022-04-28T14:19:13+00:00\",\"description\":\"P\u00e1gina Oficial del Ayuntamiento de Caudete (Albacete)\",\"breadcrumb\":{\"@id\":\"https:\\\/\\\/www.caudete.org\\\/ayuntamiento\\\/caudeteemprende-molina-fotografos\\\/#breadcrumb\"},\"inLanguage\":\"es\",\"potentialAction\":[{\"@type\":\"ReadAction\",\"target\":[\"https:\\\/\\\/www.caudete.org\\\/ayuntamiento\\\/caudeteemprende-molina-fotografos\\\/\"]}]},{\"@type\":\"ImageObject\",\"inLanguage\":\"es\",\"@id\":\"https:\\\/\\\/www.caudete.org\\\/ayuntamiento\\\/caudeteemprende-molina-fotografos\\\/#primaryimage\",\"url\":\"https:\\\/\\\/www.caudete.org\\\/ayuntamiento\\\/wp-content\\\/uploads\\\/2022\\\/04\\\/WhatsApp-Image-2022-04-28-at-2.41.11-PM.jpeg\",\"contentUrl\":\"https:\\\/\\\/www.caudete.org\\\/ayuntamiento\\\/wp-content\\\/uploads\\\/2022\\\/04\\\/WhatsApp-Image-2022-04-28-at-2.41.11-PM.jpeg\",\"width\":1600,\"height\":720},{\"@type\":\"BreadcrumbList\",\"@id\":\"https:\\\/\\\/www.caudete.org\\\/ayuntamiento\\\/caudeteemprende-molina-fotografos\\\/#breadcrumb\",\"itemListElement\":[{\"@type\":\"ListItem\",\"position\":1,\"name\":\"Inicio\",\"item\":\"https:\\\/\\\/www.caudete.org\\\/ayuntamiento\\\/\"},{\"@type\":\"ListItem\",\"position\":2,\"name\":\"CaudeteEMPRENDE, \u201cMOLINA FOT\u00d3GRAFOS\u201d\"}]},{\"@type\":\"WebSite\",\"@id\":\"https:\\\/\\\/www.caudete.org\\\/ayuntamiento\\\/#website\",\"url\":\"https:\\\/\\\/www.caudete.org\\\/ayuntamiento\\\/\",\"name\":\"MI Ayuntamiento de Caudete\",\"description\":\"P\u00e1gina Oficial del MI Ayuntamiento de Caudete\",\"publisher\":{\"@id\":\"https:\\\/\\\/www.caudete.org\\\/ayuntamiento\\\/#organization\"},\"potentialAction\":[{\"@type\":\"SearchAction\",\"target\":{\"@type\":\"EntryPoint\",\"urlTemplate\":\"https:\\\/\\\/www.caudete.org\\\/ayuntamiento\\\/?s={search_term_string}\"},\"query-input\":{\"@type\":\"PropertyValueSpecification\",\"valueRequired\":true,\"valueName\":\"search_term_string\"}}],\"inLanguage\":\"es\"},{\"@type\":\"Organization\",\"@id\":\"https:\\\/\\\/www.caudete.org\\\/ayuntamiento\\\/#organization\",\"name\":\"Ayuntamiento de Caudete\",\"url\":\"https:\\\/\\\/www.caudete.org\\\/ayuntamiento\\\/\",\"logo\":{\"@type\":\"ImageObject\",\"inLanguage\":\"es\",\"@id\":\"https:\\\/\\\/www.caudete.org\\\/ayuntamiento\\\/#\\\/schema\\\/logo\\\/image\\\/\",\"url\":\"https:\\\/\\\/www.caudete.org\\\/ayuntamiento\\\/wp-content\\\/uploads\\\/2020\\\/11\\\/logo_ayuntamiento_caudete.jpg\",\"contentUrl\":\"https:\\\/\\\/www.caudete.org\\\/ayuntamiento\\\/wp-content\\\/uploads\\\/2020\\\/11\\\/logo_ayuntamiento_caudete.jpg\",\"width\":600,\"height\":150,\"caption\":\"Ayuntamiento de Caudete\"},\"image\":{\"@id\":\"https:\\\/\\\/www.caudete.org\\\/ayuntamiento\\\/#\\\/schema\\\/logo\\\/image\\\/\"},\"sameAs\":[\"https:\\\/\\\/www.facebook.com\\\/ayuntamientocaudete\\\/\",\"https:\\\/\\\/www.youtube.com\\\/channel\\\/UC6VztHaooNsGpw-tNoBEFnQ\"]},{\"@type\":\"Person\",\"@id\":\"https:\\\/\\\/www.caudete.org\\\/ayuntamiento\\\/#\\\/schema\\\/person\\\/7656a5bb58fca95b9814e940de0fda63\",\"name\":\"Juan\",\"image\":{\"@type\":\"ImageObject\",\"inLanguage\":\"es\",\"@id\":\"https:\\\/\\\/secure.gravatar.com\\\/avatar\\\/dd53e51c0cd6ab23f52d4f3e4f1c59730240727763de3dbbf26750b079a2c292?s=96&d=mm&r=g\",\"url\":\"https:\\\/\\\/secure.gravatar.com\\\/avatar\\\/dd53e51c0cd6ab23f52d4f3e4f1c59730240727763de3dbbf26750b079a2c292?s=96&d=mm&r=g\",\"contentUrl\":\"https:\\\/\\\/secure.gravatar.com\\\/avatar\\\/dd53e51c0cd6ab23f52d4f3e4f1c59730240727763de3dbbf26750b079a2c292?s=96&d=mm&r=g\",\"caption\":\"Juan\"},\"url\":\"https:\\\/\\\/www.caudete.org\\\/ayuntamiento\\\/author\\\/centrodeinternet\\\/\"}]}<\/script>\n<!-- \/ Yoast SEO plugin. -->","yoast_head_json":{"title":"CaudeteEMPRENDE, \u201cMOLINA FOT\u00d3GRAFOS\u201d - MI Ayuntamiento de Caudete","description":"P\u00e1gina Oficial del Ayuntamiento de Caudete (Albacete)","robots":{"index":"index","follow":"follow","max-snippet":"max-snippet:-1","max-image-preview":"max-image-preview:large","max-video-preview":"max-video-preview:-1"},"canonical":"https:\/\/www.caudete.org\/ayuntamiento\/caudeteemprende-molina-fotografos\/","og_locale":"es_ES","og_type":"article","og_title":"CaudeteEMPRENDE, \u201cMOLINA FOT\u00d3GRAFOS\u201d - MI Ayuntamiento de Caudete","og_description":"P\u00e1gina Oficial del Ayuntamiento de Caudete (Albacete)","og_url":"https:\/\/www.caudete.org\/ayuntamiento\/caudeteemprende-molina-fotografos\/","og_site_name":"MI Ayuntamiento de Caudete","article_publisher":"https:\/\/www.facebook.com\/ayuntamientocaudete\/","article_published_time":"2022-04-28T13:48:38+00:00","article_modified_time":"2022-04-28T14:19:13+00:00","og_image":[{"width":1600,"height":720,"url":"https:\/\/www.caudete.org\/ayuntamiento\/wp-content\/uploads\/2022\/04\/WhatsApp-Image-2022-04-28-at-2.41.11-PM.jpeg","type":"image\/jpeg"}],"author":"Juan","twitter_card":"summary_large_image","twitter_misc":{"Escrito por":"Juan","Tiempo de lectura":"2 minutos"},"schema":{"@context":"https:\/\/schema.org","@graph":[{"@type":"Article","@id":"https:\/\/www.caudete.org\/ayuntamiento\/caudeteemprende-molina-fotografos\/#article","isPartOf":{"@id":"https:\/\/www.caudete.org\/ayuntamiento\/caudeteemprende-molina-fotografos\/"},"author":{"name":"Juan","@id":"https:\/\/www.caudete.org\/ayuntamiento\/#\/schema\/person\/7656a5bb58fca95b9814e940de0fda63"},"headline":"CaudeteEMPRENDE, \u201cMOLINA FOT\u00d3GRAFOS\u201d","datePublished":"2022-04-28T13:48:38+00:00","dateModified":"2022-04-28T14:19:13+00:00","mainEntityOfPage":{"@id":"https:\/\/www.caudete.org\/ayuntamiento\/caudeteemprende-molina-fotografos\/"},"wordCount":323,"publisher":{"@id":"https:\/\/www.caudete.org\/ayuntamiento\/#organization"},"image":{"@id":"https:\/\/www.caudete.org\/ayuntamiento\/caudeteemprende-molina-fotografos\/#primaryimage"},"thumbnailUrl":"https:\/\/www.caudete.org\/ayuntamiento\/wp-content\/uploads\/2022\/04\/WhatsApp-Image-2022-04-28-at-2.41.11-PM.jpeg","keywords":["CaudeteEMPRENDE","Molina Fot\u00f3grafos"],"articleSection":["Comercio"],"inLanguage":"es"},{"@type":"WebPage","@id":"https:\/\/www.caudete.org\/ayuntamiento\/caudeteemprende-molina-fotografos\/","url":"https:\/\/www.caudete.org\/ayuntamiento\/caudeteemprende-molina-fotografos\/","name":"CaudeteEMPRENDE, \u201cMOLINA FOT\u00d3GRAFOS\u201d - MI Ayuntamiento de Caudete","isPartOf":{"@id":"https:\/\/www.caudete.org\/ayuntamiento\/#website"},"primaryImageOfPage":{"@id":"https:\/\/www.caudete.org\/ayuntamiento\/caudeteemprende-molina-fotografos\/#primaryimage"},"image":{"@id":"https:\/\/www.caudete.org\/ayuntamiento\/caudeteemprende-molina-fotografos\/#primaryimage"},"thumbnailUrl":"https:\/\/www.caudete.org\/ayuntamiento\/wp-content\/uploads\/2022\/04\/WhatsApp-Image-2022-04-28-at-2.41.11-PM.jpeg","datePublished":"2022-04-28T13:48:38+00:00","dateModified":"2022-04-28T14:19:13+00:00","description":"P\u00e1gina Oficial del Ayuntamiento de Caudete (Albacete)","breadcrumb":{"@id":"https:\/\/www.caudete.org\/ayuntamiento\/caudeteemprende-molina-fotografos\/#breadcrumb"},"inLanguage":"es","potentialAction":[{"@type":"ReadAction","target":["https:\/\/www.caudete.org\/ayuntamiento\/caudeteemprende-molina-fotografos\/"]}]},{"@type":"ImageObject","inLanguage":"es","@id":"https:\/\/www.caudete.org\/ayuntamiento\/caudeteemprende-molina-fotografos\/#primaryimage","url":"https:\/\/www.caudete.org\/ayuntamiento\/wp-content\/uploads\/2022\/04\/WhatsApp-Image-2022-04-28-at-2.41.11-PM.jpeg","contentUrl":"https:\/\/www.caudete.org\/ayuntamiento\/wp-content\/uploads\/2022\/04\/WhatsApp-Image-2022-04-28-at-2.41.11-PM.jpeg","width":1600,"height":720},{"@type":"BreadcrumbList","@id":"https:\/\/www.caudete.org\/ayuntamiento\/caudeteemprende-molina-fotografos\/#breadcrumb","itemListElement":[{"@type":"ListItem","position":1,"name":"Inicio","item":"https:\/\/www.caudete.org\/ayuntamiento\/"},{"@type":"ListItem","position":2,"name":"CaudeteEMPRENDE, \u201cMOLINA FOT\u00d3GRAFOS\u201d"}]},{"@type":"WebSite","@id":"https:\/\/www.caudete.org\/ayuntamiento\/#website","url":"https:\/\/www.caudete.org\/ayuntamiento\/","name":"MI Ayuntamiento de Caudete","description":"P\u00e1gina Oficial del MI Ayuntamiento de Caudete","publisher":{"@id":"https:\/\/www.caudete.org\/ayuntamiento\/#organization"},"potentialAction":[{"@type":"SearchAction","target":{"@type":"EntryPoint","urlTemplate":"https:\/\/www.caudete.org\/ayuntamiento\/?s={search_term_string}"},"query-input":{"@type":"PropertyValueSpecification","valueRequired":true,"valueName":"search_term_string"}}],"inLanguage":"es"},{"@type":"Organization","@id":"https:\/\/www.caudete.org\/ayuntamiento\/#organization","name":"Ayuntamiento de Caudete","url":"https:\/\/www.caudete.org\/ayuntamiento\/","logo":{"@type":"ImageObject","inLanguage":"es","@id":"https:\/\/www.caudete.org\/ayuntamiento\/#\/schema\/logo\/image\/","url":"https:\/\/www.caudete.org\/ayuntamiento\/wp-content\/uploads\/2020\/11\/logo_ayuntamiento_caudete.jpg","contentUrl":"https:\/\/www.caudete.org\/ayuntamiento\/wp-content\/uploads\/2020\/11\/logo_ayuntamiento_caudete.jpg","width":600,"height":150,"caption":"Ayuntamiento de Caudete"},"image":{"@id":"https:\/\/www.caudete.org\/ayuntamiento\/#\/schema\/logo\/image\/"},"sameAs":["https:\/\/www.facebook.com\/ayuntamientocaudete\/","https:\/\/www.youtube.com\/channel\/UC6VztHaooNsGpw-tNoBEFnQ"]},{"@type":"Person","@id":"https:\/\/www.caudete.org\/ayuntamiento\/#\/schema\/person\/7656a5bb58fca95b9814e940de0fda63","name":"Juan","image":{"@type":"ImageObject","inLanguage":"es","@id":"https:\/\/secure.gravatar.com\/avatar\/dd53e51c0cd6ab23f52d4f3e4f1c59730240727763de3dbbf26750b079a2c292?s=96&d=mm&r=g","url":"https:\/\/secure.gravatar.com\/avatar\/dd53e51c0cd6ab23f52d4f3e4f1c59730240727763de3dbbf26750b079a2c292?s=96&d=mm&r=g","contentUrl":"https:\/\/secure.gravatar.com\/avatar\/dd53e51c0cd6ab23f52d4f3e4f1c59730240727763de3dbbf26750b079a2c292?s=96&d=mm&r=g","caption":"Juan"},"url":"https:\/\/www.caudete.org\/ayuntamiento\/author\/centrodeinternet\/"}]}},"_links":{"self":[{"href":"https:\/\/www.caudete.org\/ayuntamiento\/wp-json\/wp\/v2\/posts\/18903","targetHints":{"allow":["GET"]}}],"collection":[{"href":"https:\/\/www.caudete.org\/ayuntamiento\/wp-json\/wp\/v2\/posts"}],"about":[{"href":"https:\/\/www.caudete.org\/ayuntamiento\/wp-json\/wp\/v2\/types\/post"}],"author":[{"embeddable":true,"href":"https:\/\/www.caudete.org\/ayuntamiento\/wp-json\/wp\/v2\/users\/2"}],"replies":[{"embeddable":true,"href":"https:\/\/www.caudete.org\/ayuntamiento\/wp-json\/wp\/v2\/comments?post=18903"}],"version-history":[{"count":11,"href":"https:\/\/www.caudete.org\/ayuntamiento\/wp-json\/wp\/v2\/posts\/18903\/revisions"}],"predecessor-version":[{"id":18926,"href":"https:\/\/www.caudete.org\/ayuntamiento\/wp-json\/wp\/v2\/posts\/18903\/revisions\/18926"}],"wp:featuredmedia":[{"embeddable":true,"href":"https:\/\/www.caudete.org\/ayuntamiento\/wp-json\/wp\/v2\/media\/18906"}],"wp:attachment":[{"href":"https:\/\/www.caudete.org\/ayuntamiento\/wp-json\/wp\/v2\/media?parent=18903"}],"wp:term":[{"taxonomy":"category","embeddable":true,"href":"https:\/\/www.caudete.org\/ayuntamiento\/wp-json\/wp\/v2\/categories?post=18903"},{"taxonomy":"post_tag","embeddable":true,"href":"https:\/\/www.caudete.org\/ayuntamiento\/wp-json\/wp\/v2\/tags?post=18903"}],"curies":[{"name":"wp","href":"https:\/\/api.w.org\/{rel}","templated":true}]}}