{"id":18927,"date":"2022-04-28T20:55:30","date_gmt":"2022-04-28T18:55:30","guid":{"rendered":"https:\/\/www.caudete.org\/ayuntamiento\/?p=18927"},"modified":"2022-04-28T22:26:19","modified_gmt":"2022-04-28T20:26:19","slug":"el-centro-de-mayores-ha-acogido-las-jornadas-de-la-udp-envejecimiento-activo-asociacionismo-promocion-del-buen-trato-y-voluntariado","status":"publish","type":"post","link":"https:\/\/www.caudete.org\/ayuntamiento\/el-centro-de-mayores-ha-acogido-las-jornadas-de-la-udp-envejecimiento-activo-asociacionismo-promocion-del-buen-trato-y-voluntariado\/","title":{"rendered":"El Centro de Mayores ha acogido las Jornadas de la UDP &#8220;Envejecimiento activo, Asociacionismo, Promoci\u00f3n del Buen Trato y Voluntariado&#8221;"},"content":{"rendered":"<p style=\"text-align: justify;\">Esta ma\u00f1ana el Centro de Mayores acog\u00eda a las 10:00h la inauguraci\u00f3n de las Jornadas de Envejecimiento Activo, Asociacionismo, Promoci\u00f3n del Buen Trato y Voluntariado, a manos del Alcalde Mois\u00e9s L\u00f3pez y del Presidente Territorial de CLM de la UDP, Ram\u00f3n Munera.<\/p>\n<p><a href=\"https:\/\/www.caudete.org\/ayuntamiento\/wp-content\/uploads\/2022\/04\/IMG-20220428-WA0027.jpg\" rel='prettyPhoto'><img fetchpriority=\"high\" decoding=\"async\" class=\"aligncenter wp-image-18930 size-medium\" src=\"https:\/\/www.caudete.org\/ayuntamiento\/wp-content\/uploads\/2022\/04\/IMG-20220428-WA0027-300x169.jpg\" alt=\"\" width=\"300\" height=\"169\" srcset=\"https:\/\/www.caudete.org\/ayuntamiento\/wp-content\/uploads\/2022\/04\/IMG-20220428-WA0027-300x169.jpg 300w, https:\/\/www.caudete.org\/ayuntamiento\/wp-content\/uploads\/2022\/04\/IMG-20220428-WA0027-1024x576.jpg 1024w, https:\/\/www.caudete.org\/ayuntamiento\/wp-content\/uploads\/2022\/04\/IMG-20220428-WA0027-768x432.jpg 768w, https:\/\/www.caudete.org\/ayuntamiento\/wp-content\/uploads\/2022\/04\/IMG-20220428-WA0027-1536x864.jpg 1536w, https:\/\/www.caudete.org\/ayuntamiento\/wp-content\/uploads\/2022\/04\/IMG-20220428-WA0027.jpg 1600w\" sizes=\"(max-width: 300px) 100vw, 300px\" \/><\/a><\/p>\n<p style=\"text-align: justify;\">Organizado por la UDP (Uni\u00f3n Democr\u00e1tica de Pensionistas), con la colaboraci\u00f3n de la Concejal\u00eda de Mayores del Ayuntamiento de Caudete y de la Asociaci\u00f3n de Pensionistas \u00abLa Villa\u00bb, esta jornada se enfocaba con el prop\u00f3sito sentar las bases que permitan avanzar hacia un mayor protagonismo de las personas mayores, poniendo en valor programas y actividades que puedan ser consideradas \u00abbuenas pr\u00e1cticas\u00bb en torno al nuevo concepto de envejecimiento activo en el actual contexto social.<\/p>\n<p><a href=\"https:\/\/www.caudete.org\/ayuntamiento\/wp-content\/uploads\/2022\/04\/IMG-20220428-WA0031.jpg\" rel='prettyPhoto'><img decoding=\"async\" class=\"aligncenter wp-image-18931 size-medium\" src=\"https:\/\/www.caudete.org\/ayuntamiento\/wp-content\/uploads\/2022\/04\/IMG-20220428-WA0031-300x169.jpg\" alt=\"\" width=\"300\" height=\"169\" srcset=\"https:\/\/www.caudete.org\/ayuntamiento\/wp-content\/uploads\/2022\/04\/IMG-20220428-WA0031-300x169.jpg 300w, https:\/\/www.caudete.org\/ayuntamiento\/wp-content\/uploads\/2022\/04\/IMG-20220428-WA0031-1024x576.jpg 1024w, https:\/\/www.caudete.org\/ayuntamiento\/wp-content\/uploads\/2022\/04\/IMG-20220428-WA0031-768x432.jpg 768w, https:\/\/www.caudete.org\/ayuntamiento\/wp-content\/uploads\/2022\/04\/IMG-20220428-WA0031-1536x864.jpg 1536w, https:\/\/www.caudete.org\/ayuntamiento\/wp-content\/uploads\/2022\/04\/IMG-20220428-WA0031.jpg 1600w\" sizes=\"(max-width: 300px) 100vw, 300px\" \/><\/a><\/p>\n<p>&nbsp;<\/p>\n<p style=\"text-align: justify;\">Ha clausurado las mismas la Concejal de Mayores Pilar Egea, qui\u00e9n ha participado en el Vino de Honor en representaci\u00f3n del Consistorio.<\/p>\n","protected":false},"excerpt":{"rendered":"<p>Esta ma\u00f1ana el Centro de Mayores acog\u00eda a las 10:00h la inauguraci\u00f3n de las Jornadas de Envejecimiento Activo, Asociacionismo, Promoci\u00f3n del Buen Trato y Voluntariado, a manos del Alcalde Mois\u00e9s L\u00f3pez y del Presidente Territorial de CLM de la UDP, Ram\u00f3n Munera. Organizado por la UDP (Uni\u00f3n Democr\u00e1tica de Pensionistas), con la colaboraci\u00f3n de la &hellip;<\/p>\n","protected":false},"author":3,"featured_media":18928,"comment_status":"closed","ping_status":"open","sticky":false,"template":"","format":"standard","meta":{"ngg_post_thumbnail":0,"footnotes":""},"categories":[39],"tags":[],"class_list":["post-18927","post","type-post","status-publish","format-standard","has-post-thumbnail","hentry","category-mayores"],"yoast_head":"<!-- This site is optimized with the Yoast SEO plugin v27.5 - https:\/\/yoast.com\/product\/yoast-seo-wordpress\/ -->\n<title>El Centro de Mayores ha acogido las Jornadas de la UDP &quot;Envejecimiento activo, Asociacionismo, Promoci\u00f3n del Buen Trato y Voluntariado&quot; - MI Ayuntamiento de Caudete<\/title>\n<meta name=\"description\" content=\"P\u00e1gina Oficial del Ayuntamiento de Caudete (Albacete)\" \/>\n<meta name=\"robots\" content=\"index, follow, max-snippet:-1, max-image-preview:large, max-video-preview:-1\" \/>\n<link rel=\"canonical\" href=\"https:\/\/www.caudete.org\/ayuntamiento\/el-centro-de-mayores-ha-acogido-las-jornadas-de-la-udp-envejecimiento-activo-asociacionismo-promocion-del-buen-trato-y-voluntariado\/\" \/>\n<meta property=\"og:locale\" content=\"es_ES\" \/>\n<meta property=\"og:type\" content=\"article\" \/>\n<meta property=\"og:title\" content=\"El Centro de Mayores ha acogido las Jornadas de la UDP &quot;Envejecimiento activo, Asociacionismo, Promoci\u00f3n del Buen Trato y Voluntariado&quot; - MI Ayuntamiento de Caudete\" \/>\n<meta property=\"og:description\" content=\"P\u00e1gina Oficial del Ayuntamiento de Caudete (Albacete)\" \/>\n<meta property=\"og:url\" content=\"https:\/\/www.caudete.org\/ayuntamiento\/el-centro-de-mayores-ha-acogido-las-jornadas-de-la-udp-envejecimiento-activo-asociacionismo-promocion-del-buen-trato-y-voluntariado\/\" \/>\n<meta property=\"og:site_name\" content=\"MI Ayuntamiento de Caudete\" \/>\n<meta property=\"article:publisher\" content=\"https:\/\/www.facebook.com\/ayuntamientocaudete\/\" \/>\n<meta property=\"article:published_time\" content=\"2022-04-28T18:55:30+00:00\" \/>\n<meta property=\"article:modified_time\" content=\"2022-04-28T20:26:19+00:00\" \/>\n<meta property=\"og:image\" content=\"https:\/\/www.caudete.org\/ayuntamiento\/wp-content\/uploads\/2022\/04\/IMG-20220428-WA0025.jpg\" \/>\n\t<meta property=\"og:image:width\" content=\"1600\" \/>\n\t<meta property=\"og:image:height\" content=\"900\" \/>\n\t<meta property=\"og:image:type\" content=\"image\/jpeg\" \/>\n<meta name=\"author\" content=\"alcalde\" \/>\n<meta name=\"twitter:card\" content=\"summary_large_image\" \/>\n<meta name=\"twitter:label1\" content=\"Escrito por\" \/>\n\t<meta name=\"twitter:data1\" content=\"alcalde\" \/>\n\t<meta name=\"twitter:label2\" content=\"Tiempo de lectura\" \/>\n\t<meta name=\"twitter:data2\" content=\"2 minutos\" \/>\n<script type=\"application\/ld+json\" class=\"yoast-schema-graph\">{\"@context\":\"https:\\\/\\\/schema.org\",\"@graph\":[{\"@type\":\"Article\",\"@id\":\"https:\\\/\\\/www.caudete.org\\\/ayuntamiento\\\/el-centro-de-mayores-ha-acogido-las-jornadas-de-la-udp-envejecimiento-activo-asociacionismo-promocion-del-buen-trato-y-voluntariado\\\/#article\",\"isPartOf\":{\"@id\":\"https:\\\/\\\/www.caudete.org\\\/ayuntamiento\\\/el-centro-de-mayores-ha-acogido-las-jornadas-de-la-udp-envejecimiento-activo-asociacionismo-promocion-del-buen-trato-y-voluntariado\\\/\"},\"author\":{\"name\":\"alcalde\",\"@id\":\"https:\\\/\\\/www.caudete.org\\\/ayuntamiento\\\/#\\\/schema\\\/person\\\/cc646da9133078ee4d8dd47457947253\"},\"headline\":\"El Centro de Mayores ha acogido las Jornadas de la UDP &#8220;Envejecimiento activo, Asociacionismo, Promoci\u00f3n del Buen Trato y Voluntariado&#8221;\",\"datePublished\":\"2022-04-28T18:55:30+00:00\",\"dateModified\":\"2022-04-28T20:26:19+00:00\",\"mainEntityOfPage\":{\"@id\":\"https:\\\/\\\/www.caudete.org\\\/ayuntamiento\\\/el-centro-de-mayores-ha-acogido-las-jornadas-de-la-udp-envejecimiento-activo-asociacionismo-promocion-del-buen-trato-y-voluntariado\\\/\"},\"wordCount\":176,\"publisher\":{\"@id\":\"https:\\\/\\\/www.caudete.org\\\/ayuntamiento\\\/#organization\"},\"image\":{\"@id\":\"https:\\\/\\\/www.caudete.org\\\/ayuntamiento\\\/el-centro-de-mayores-ha-acogido-las-jornadas-de-la-udp-envejecimiento-activo-asociacionismo-promocion-del-buen-trato-y-voluntariado\\\/#primaryimage\"},\"thumbnailUrl\":\"https:\\\/\\\/www.caudete.org\\\/ayuntamiento\\\/wp-content\\\/uploads\\\/2022\\\/04\\\/IMG-20220428-WA0025.jpg\",\"articleSection\":[\"Mayores\"],\"inLanguage\":\"es\"},{\"@type\":\"WebPage\",\"@id\":\"https:\\\/\\\/www.caudete.org\\\/ayuntamiento\\\/el-centro-de-mayores-ha-acogido-las-jornadas-de-la-udp-envejecimiento-activo-asociacionismo-promocion-del-buen-trato-y-voluntariado\\\/\",\"url\":\"https:\\\/\\\/www.caudete.org\\\/ayuntamiento\\\/el-centro-de-mayores-ha-acogido-las-jornadas-de-la-udp-envejecimiento-activo-asociacionismo-promocion-del-buen-trato-y-voluntariado\\\/\",\"name\":\"El Centro de Mayores ha acogido las Jornadas de la UDP \\\"Envejecimiento activo, Asociacionismo, Promoci\u00f3n del Buen Trato y Voluntariado\\\" - MI Ayuntamiento de Caudete\",\"isPartOf\":{\"@id\":\"https:\\\/\\\/www.caudete.org\\\/ayuntamiento\\\/#website\"},\"primaryImageOfPage\":{\"@id\":\"https:\\\/\\\/www.caudete.org\\\/ayuntamiento\\\/el-centro-de-mayores-ha-acogido-las-jornadas-de-la-udp-envejecimiento-activo-asociacionismo-promocion-del-buen-trato-y-voluntariado\\\/#primaryimage\"},\"image\":{\"@id\":\"https:\\\/\\\/www.caudete.org\\\/ayuntamiento\\\/el-centro-de-mayores-ha-acogido-las-jornadas-de-la-udp-envejecimiento-activo-asociacionismo-promocion-del-buen-trato-y-voluntariado\\\/#primaryimage\"},\"thumbnailUrl\":\"https:\\\/\\\/www.caudete.org\\\/ayuntamiento\\\/wp-content\\\/uploads\\\/2022\\\/04\\\/IMG-20220428-WA0025.jpg\",\"datePublished\":\"2022-04-28T18:55:30+00:00\",\"dateModified\":\"2022-04-28T20:26:19+00:00\",\"description\":\"P\u00e1gina Oficial del Ayuntamiento de Caudete (Albacete)\",\"breadcrumb\":{\"@id\":\"https:\\\/\\\/www.caudete.org\\\/ayuntamiento\\\/el-centro-de-mayores-ha-acogido-las-jornadas-de-la-udp-envejecimiento-activo-asociacionismo-promocion-del-buen-trato-y-voluntariado\\\/#breadcrumb\"},\"inLanguage\":\"es\",\"potentialAction\":[{\"@type\":\"ReadAction\",\"target\":[\"https:\\\/\\\/www.caudete.org\\\/ayuntamiento\\\/el-centro-de-mayores-ha-acogido-las-jornadas-de-la-udp-envejecimiento-activo-asociacionismo-promocion-del-buen-trato-y-voluntariado\\\/\"]}]},{\"@type\":\"ImageObject\",\"inLanguage\":\"es\",\"@id\":\"https:\\\/\\\/www.caudete.org\\\/ayuntamiento\\\/el-centro-de-mayores-ha-acogido-las-jornadas-de-la-udp-envejecimiento-activo-asociacionismo-promocion-del-buen-trato-y-voluntariado\\\/#primaryimage\",\"url\":\"https:\\\/\\\/www.caudete.org\\\/ayuntamiento\\\/wp-content\\\/uploads\\\/2022\\\/04\\\/IMG-20220428-WA0025.jpg\",\"contentUrl\":\"https:\\\/\\\/www.caudete.org\\\/ayuntamiento\\\/wp-content\\\/uploads\\\/2022\\\/04\\\/IMG-20220428-WA0025.jpg\",\"width\":1600,\"height\":900},{\"@type\":\"BreadcrumbList\",\"@id\":\"https:\\\/\\\/www.caudete.org\\\/ayuntamiento\\\/el-centro-de-mayores-ha-acogido-las-jornadas-de-la-udp-envejecimiento-activo-asociacionismo-promocion-del-buen-trato-y-voluntariado\\\/#breadcrumb\",\"itemListElement\":[{\"@type\":\"ListItem\",\"position\":1,\"name\":\"Inicio\",\"item\":\"https:\\\/\\\/www.caudete.org\\\/ayuntamiento\\\/\"},{\"@type\":\"ListItem\",\"position\":2,\"name\":\"El Centro de Mayores ha acogido las Jornadas de la UDP &#8220;Envejecimiento activo, Asociacionismo, Promoci\u00f3n del Buen Trato y Voluntariado&#8221;\"}]},{\"@type\":\"WebSite\",\"@id\":\"https:\\\/\\\/www.caudete.org\\\/ayuntamiento\\\/#website\",\"url\":\"https:\\\/\\\/www.caudete.org\\\/ayuntamiento\\\/\",\"name\":\"MI Ayuntamiento de Caudete\",\"description\":\"P\u00e1gina Oficial del MI Ayuntamiento de Caudete\",\"publisher\":{\"@id\":\"https:\\\/\\\/www.caudete.org\\\/ayuntamiento\\\/#organization\"},\"potentialAction\":[{\"@type\":\"SearchAction\",\"target\":{\"@type\":\"EntryPoint\",\"urlTemplate\":\"https:\\\/\\\/www.caudete.org\\\/ayuntamiento\\\/?s={search_term_string}\"},\"query-input\":{\"@type\":\"PropertyValueSpecification\",\"valueRequired\":true,\"valueName\":\"search_term_string\"}}],\"inLanguage\":\"es\"},{\"@type\":\"Organization\",\"@id\":\"https:\\\/\\\/www.caudete.org\\\/ayuntamiento\\\/#organization\",\"name\":\"Ayuntamiento de Caudete\",\"url\":\"https:\\\/\\\/www.caudete.org\\\/ayuntamiento\\\/\",\"logo\":{\"@type\":\"ImageObject\",\"inLanguage\":\"es\",\"@id\":\"https:\\\/\\\/www.caudete.org\\\/ayuntamiento\\\/#\\\/schema\\\/logo\\\/image\\\/\",\"url\":\"https:\\\/\\\/www.caudete.org\\\/ayuntamiento\\\/wp-content\\\/uploads\\\/2020\\\/11\\\/logo_ayuntamiento_caudete.jpg\",\"contentUrl\":\"https:\\\/\\\/www.caudete.org\\\/ayuntamiento\\\/wp-content\\\/uploads\\\/2020\\\/11\\\/logo_ayuntamiento_caudete.jpg\",\"width\":600,\"height\":150,\"caption\":\"Ayuntamiento de Caudete\"},\"image\":{\"@id\":\"https:\\\/\\\/www.caudete.org\\\/ayuntamiento\\\/#\\\/schema\\\/logo\\\/image\\\/\"},\"sameAs\":[\"https:\\\/\\\/www.facebook.com\\\/ayuntamientocaudete\\\/\",\"https:\\\/\\\/www.youtube.com\\\/channel\\\/UC6VztHaooNsGpw-tNoBEFnQ\"]},{\"@type\":\"Person\",\"@id\":\"https:\\\/\\\/www.caudete.org\\\/ayuntamiento\\\/#\\\/schema\\\/person\\\/cc646da9133078ee4d8dd47457947253\",\"name\":\"alcalde\",\"image\":{\"@type\":\"ImageObject\",\"inLanguage\":\"es\",\"@id\":\"https:\\\/\\\/secure.gravatar.com\\\/avatar\\\/84a817ba065b29ff08d666b215a215f5c79186a645ccb25b14a663d48a130f77?s=96&d=mm&r=g\",\"url\":\"https:\\\/\\\/secure.gravatar.com\\\/avatar\\\/84a817ba065b29ff08d666b215a215f5c79186a645ccb25b14a663d48a130f77?s=96&d=mm&r=g\",\"contentUrl\":\"https:\\\/\\\/secure.gravatar.com\\\/avatar\\\/84a817ba065b29ff08d666b215a215f5c79186a645ccb25b14a663d48a130f77?s=96&d=mm&r=g\",\"caption\":\"alcalde\"},\"url\":\"https:\\\/\\\/www.caudete.org\\\/ayuntamiento\\\/author\\\/alcalde\\\/\"}]}<\/script>\n<!-- \/ Yoast SEO plugin. -->","yoast_head_json":{"title":"El Centro de Mayores ha acogido las Jornadas de la UDP \"Envejecimiento activo, Asociacionismo, Promoci\u00f3n del Buen Trato y Voluntariado\" - MI Ayuntamiento de Caudete","description":"P\u00e1gina Oficial del Ayuntamiento de Caudete (Albacete)","robots":{"index":"index","follow":"follow","max-snippet":"max-snippet:-1","max-image-preview":"max-image-preview:large","max-video-preview":"max-video-preview:-1"},"canonical":"https:\/\/www.caudete.org\/ayuntamiento\/el-centro-de-mayores-ha-acogido-las-jornadas-de-la-udp-envejecimiento-activo-asociacionismo-promocion-del-buen-trato-y-voluntariado\/","og_locale":"es_ES","og_type":"article","og_title":"El Centro de Mayores ha acogido las Jornadas de la UDP \"Envejecimiento activo, Asociacionismo, Promoci\u00f3n del Buen Trato y Voluntariado\" - MI Ayuntamiento de Caudete","og_description":"P\u00e1gina Oficial del Ayuntamiento de Caudete (Albacete)","og_url":"https:\/\/www.caudete.org\/ayuntamiento\/el-centro-de-mayores-ha-acogido-las-jornadas-de-la-udp-envejecimiento-activo-asociacionismo-promocion-del-buen-trato-y-voluntariado\/","og_site_name":"MI Ayuntamiento de Caudete","article_publisher":"https:\/\/www.facebook.com\/ayuntamientocaudete\/","article_published_time":"2022-04-28T18:55:30+00:00","article_modified_time":"2022-04-28T20:26:19+00:00","og_image":[{"width":1600,"height":900,"url":"https:\/\/www.caudete.org\/ayuntamiento\/wp-content\/uploads\/2022\/04\/IMG-20220428-WA0025.jpg","type":"image\/jpeg"}],"author":"alcalde","twitter_card":"summary_large_image","twitter_misc":{"Escrito por":"alcalde","Tiempo de lectura":"2 minutos"},"schema":{"@context":"https:\/\/schema.org","@graph":[{"@type":"Article","@id":"https:\/\/www.caudete.org\/ayuntamiento\/el-centro-de-mayores-ha-acogido-las-jornadas-de-la-udp-envejecimiento-activo-asociacionismo-promocion-del-buen-trato-y-voluntariado\/#article","isPartOf":{"@id":"https:\/\/www.caudete.org\/ayuntamiento\/el-centro-de-mayores-ha-acogido-las-jornadas-de-la-udp-envejecimiento-activo-asociacionismo-promocion-del-buen-trato-y-voluntariado\/"},"author":{"name":"alcalde","@id":"https:\/\/www.caudete.org\/ayuntamiento\/#\/schema\/person\/cc646da9133078ee4d8dd47457947253"},"headline":"El Centro de Mayores ha acogido las Jornadas de la UDP &#8220;Envejecimiento activo, Asociacionismo, Promoci\u00f3n del Buen Trato y Voluntariado&#8221;","datePublished":"2022-04-28T18:55:30+00:00","dateModified":"2022-04-28T20:26:19+00:00","mainEntityOfPage":{"@id":"https:\/\/www.caudete.org\/ayuntamiento\/el-centro-de-mayores-ha-acogido-las-jornadas-de-la-udp-envejecimiento-activo-asociacionismo-promocion-del-buen-trato-y-voluntariado\/"},"wordCount":176,"publisher":{"@id":"https:\/\/www.caudete.org\/ayuntamiento\/#organization"},"image":{"@id":"https:\/\/www.caudete.org\/ayuntamiento\/el-centro-de-mayores-ha-acogido-las-jornadas-de-la-udp-envejecimiento-activo-asociacionismo-promocion-del-buen-trato-y-voluntariado\/#primaryimage"},"thumbnailUrl":"https:\/\/www.caudete.org\/ayuntamiento\/wp-content\/uploads\/2022\/04\/IMG-20220428-WA0025.jpg","articleSection":["Mayores"],"inLanguage":"es"},{"@type":"WebPage","@id":"https:\/\/www.caudete.org\/ayuntamiento\/el-centro-de-mayores-ha-acogido-las-jornadas-de-la-udp-envejecimiento-activo-asociacionismo-promocion-del-buen-trato-y-voluntariado\/","url":"https:\/\/www.caudete.org\/ayuntamiento\/el-centro-de-mayores-ha-acogido-las-jornadas-de-la-udp-envejecimiento-activo-asociacionismo-promocion-del-buen-trato-y-voluntariado\/","name":"El Centro de Mayores ha acogido las Jornadas de la UDP \"Envejecimiento activo, Asociacionismo, Promoci\u00f3n del Buen Trato y Voluntariado\" - MI Ayuntamiento de Caudete","isPartOf":{"@id":"https:\/\/www.caudete.org\/ayuntamiento\/#website"},"primaryImageOfPage":{"@id":"https:\/\/www.caudete.org\/ayuntamiento\/el-centro-de-mayores-ha-acogido-las-jornadas-de-la-udp-envejecimiento-activo-asociacionismo-promocion-del-buen-trato-y-voluntariado\/#primaryimage"},"image":{"@id":"https:\/\/www.caudete.org\/ayuntamiento\/el-centro-de-mayores-ha-acogido-las-jornadas-de-la-udp-envejecimiento-activo-asociacionismo-promocion-del-buen-trato-y-voluntariado\/#primaryimage"},"thumbnailUrl":"https:\/\/www.caudete.org\/ayuntamiento\/wp-content\/uploads\/2022\/04\/IMG-20220428-WA0025.jpg","datePublished":"2022-04-28T18:55:30+00:00","dateModified":"2022-04-28T20:26:19+00:00","description":"P\u00e1gina Oficial del Ayuntamiento de Caudete (Albacete)","breadcrumb":{"@id":"https:\/\/www.caudete.org\/ayuntamiento\/el-centro-de-mayores-ha-acogido-las-jornadas-de-la-udp-envejecimiento-activo-asociacionismo-promocion-del-buen-trato-y-voluntariado\/#breadcrumb"},"inLanguage":"es","potentialAction":[{"@type":"ReadAction","target":["https:\/\/www.caudete.org\/ayuntamiento\/el-centro-de-mayores-ha-acogido-las-jornadas-de-la-udp-envejecimiento-activo-asociacionismo-promocion-del-buen-trato-y-voluntariado\/"]}]},{"@type":"ImageObject","inLanguage":"es","@id":"https:\/\/www.caudete.org\/ayuntamiento\/el-centro-de-mayores-ha-acogido-las-jornadas-de-la-udp-envejecimiento-activo-asociacionismo-promocion-del-buen-trato-y-voluntariado\/#primaryimage","url":"https:\/\/www.caudete.org\/ayuntamiento\/wp-content\/uploads\/2022\/04\/IMG-20220428-WA0025.jpg","contentUrl":"https:\/\/www.caudete.org\/ayuntamiento\/wp-content\/uploads\/2022\/04\/IMG-20220428-WA0025.jpg","width":1600,"height":900},{"@type":"BreadcrumbList","@id":"https:\/\/www.caudete.org\/ayuntamiento\/el-centro-de-mayores-ha-acogido-las-jornadas-de-la-udp-envejecimiento-activo-asociacionismo-promocion-del-buen-trato-y-voluntariado\/#breadcrumb","itemListElement":[{"@type":"ListItem","position":1,"name":"Inicio","item":"https:\/\/www.caudete.org\/ayuntamiento\/"},{"@type":"ListItem","position":2,"name":"El Centro de Mayores ha acogido las Jornadas de la UDP &#8220;Envejecimiento activo, Asociacionismo, Promoci\u00f3n del Buen Trato y Voluntariado&#8221;"}]},{"@type":"WebSite","@id":"https:\/\/www.caudete.org\/ayuntamiento\/#website","url":"https:\/\/www.caudete.org\/ayuntamiento\/","name":"MI Ayuntamiento de Caudete","description":"P\u00e1gina Oficial del MI Ayuntamiento de Caudete","publisher":{"@id":"https:\/\/www.caudete.org\/ayuntamiento\/#organization"},"potentialAction":[{"@type":"SearchAction","target":{"@type":"EntryPoint","urlTemplate":"https:\/\/www.caudete.org\/ayuntamiento\/?s={search_term_string}"},"query-input":{"@type":"PropertyValueSpecification","valueRequired":true,"valueName":"search_term_string"}}],"inLanguage":"es"},{"@type":"Organization","@id":"https:\/\/www.caudete.org\/ayuntamiento\/#organization","name":"Ayuntamiento de Caudete","url":"https:\/\/www.caudete.org\/ayuntamiento\/","logo":{"@type":"ImageObject","inLanguage":"es","@id":"https:\/\/www.caudete.org\/ayuntamiento\/#\/schema\/logo\/image\/","url":"https:\/\/www.caudete.org\/ayuntamiento\/wp-content\/uploads\/2020\/11\/logo_ayuntamiento_caudete.jpg","contentUrl":"https:\/\/www.caudete.org\/ayuntamiento\/wp-content\/uploads\/2020\/11\/logo_ayuntamiento_caudete.jpg","width":600,"height":150,"caption":"Ayuntamiento de Caudete"},"image":{"@id":"https:\/\/www.caudete.org\/ayuntamiento\/#\/schema\/logo\/image\/"},"sameAs":["https:\/\/www.facebook.com\/ayuntamientocaudete\/","https:\/\/www.youtube.com\/channel\/UC6VztHaooNsGpw-tNoBEFnQ"]},{"@type":"Person","@id":"https:\/\/www.caudete.org\/ayuntamiento\/#\/schema\/person\/cc646da9133078ee4d8dd47457947253","name":"alcalde","image":{"@type":"ImageObject","inLanguage":"es","@id":"https:\/\/secure.gravatar.com\/avatar\/84a817ba065b29ff08d666b215a215f5c79186a645ccb25b14a663d48a130f77?s=96&d=mm&r=g","url":"https:\/\/secure.gravatar.com\/avatar\/84a817ba065b29ff08d666b215a215f5c79186a645ccb25b14a663d48a130f77?s=96&d=mm&r=g","contentUrl":"https:\/\/secure.gravatar.com\/avatar\/84a817ba065b29ff08d666b215a215f5c79186a645ccb25b14a663d48a130f77?s=96&d=mm&r=g","caption":"alcalde"},"url":"https:\/\/www.caudete.org\/ayuntamiento\/author\/alcalde\/"}]}},"_links":{"self":[{"href":"https:\/\/www.caudete.org\/ayuntamiento\/wp-json\/wp\/v2\/posts\/18927","targetHints":{"allow":["GET"]}}],"collection":[{"href":"https:\/\/www.caudete.org\/ayuntamiento\/wp-json\/wp\/v2\/posts"}],"about":[{"href":"https:\/\/www.caudete.org\/ayuntamiento\/wp-json\/wp\/v2\/types\/post"}],"author":[{"embeddable":true,"href":"https:\/\/www.caudete.org\/ayuntamiento\/wp-json\/wp\/v2\/users\/3"}],"replies":[{"embeddable":true,"href":"https:\/\/www.caudete.org\/ayuntamiento\/wp-json\/wp\/v2\/comments?post=18927"}],"version-history":[{"count":4,"href":"https:\/\/www.caudete.org\/ayuntamiento\/wp-json\/wp\/v2\/posts\/18927\/revisions"}],"predecessor-version":[{"id":18935,"href":"https:\/\/www.caudete.org\/ayuntamiento\/wp-json\/wp\/v2\/posts\/18927\/revisions\/18935"}],"wp:featuredmedia":[{"embeddable":true,"href":"https:\/\/www.caudete.org\/ayuntamiento\/wp-json\/wp\/v2\/media\/18928"}],"wp:attachment":[{"href":"https:\/\/www.caudete.org\/ayuntamiento\/wp-json\/wp\/v2\/media?parent=18927"}],"wp:term":[{"taxonomy":"category","embeddable":true,"href":"https:\/\/www.caudete.org\/ayuntamiento\/wp-json\/wp\/v2\/categories?post=18927"},{"taxonomy":"post_tag","embeddable":true,"href":"https:\/\/www.caudete.org\/ayuntamiento\/wp-json\/wp\/v2\/tags?post=18927"}],"curies":[{"name":"wp","href":"https:\/\/api.w.org\/{rel}","templated":true}]}}