{"id":18943,"date":"2022-04-29T17:37:11","date_gmt":"2022-04-29T15:37:11","guid":{"rendered":"https:\/\/www.caudete.org\/ayuntamiento\/?p=18943"},"modified":"2022-04-29T21:24:21","modified_gmt":"2022-04-29T19:24:21","slug":"xxv-certamen-literario-evaristo-banon-2022","status":"publish","type":"post","link":"https:\/\/www.caudete.org\/ayuntamiento\/xxv-certamen-literario-evaristo-banon-2022\/","title":{"rendered":"XXV CERTAMEN LITERARIO EVARISTO BA\u00d1\u00d3N 2022."},"content":{"rendered":"<p style=\"text-align: justify;\" align=\"left\"><span style=\"font-family: georgia, palatino, serif;\">Desde la Concejalia de Cultura del Ayuntamiento de Caudete queremos informar que en relaci\u00f3n al XXV Certamen Literario Evaristo Ba\u00f1\u00f3n 2022, se ha d<span style=\"font-size: medium;\"><span lang=\"es-ES\">etectado un error, al no cumplir con uno de los requisitos de las bases <\/span><\/span><span style=\"font-size: medium;\"><span lang=\"es-ES\">de esta edici\u00f3n <\/span><\/span><span style=\"font-size: medium;\"><span lang=\"es-ES\">en la Categor\u00eda Especial<\/span><\/span> <span style=\"font-size: medium;\"><span lang=\"es-ES\">que dice que: \u201d<\/span><\/span><span style=\"font-size: medium;\">No podr\u00e1n presentarse a concurso en la misma categor\u00eda, aquellos autores que hayan si<\/span><span style=\"font-size: medium;\">d<\/span><span style=\"font-size: medium;\">o premiados en la anterior edici\u00f3n\u201d.<\/span><\/span><\/p>\n<p style=\"text-align: justify;\" align=\"left\"><span style=\"font-family: georgia, palatino, serif;\"><strong><span style=\"font-size: medium;\">E<\/span><span style=\"font-size: medium;\"><span lang=\"es-ES\">l j<\/span><\/span><span style=\"font-size: medium;\"><span lang=\"es-ES\">urado acuerda dejar el <\/span><\/span><span style=\"font-size: medium;\"><span lang=\"es-ES\">Premio Categor\u00eda Especial <\/span><\/span><span style=\"font-size: medium;\"><span lang=\"es-ES\">de <\/span><\/span> <span style=\"font-size: medium;\"><span lang=\"es-ES\">Poes\u00eda<\/span><\/span> <span style=\"font-size: medium;\"><span lang=\"es-ES\">de esta present<\/span><\/span><span style=\"font-size: medium;\"><span lang=\"es-ES\">e<\/span><\/span><span style=\"font-size: medium;\"><span lang=\"es-ES\"> edici\u00f3n<\/span><\/span> <span style=\"font-size: medium;\"><span lang=\"es-ES\">desierto<\/span><\/span>.<\/strong><\/span><\/p>\n<p style=\"text-align: justify;\" align=\"left\"><span style=\"font-family: georgia, palatino, serif;\">Desde la Concejal\u00eda de Cultura y la propia Biblioteca P\u00fablica Municipal Ana Mar\u00eda Matute , lamentamos las molestias que este fallo ha podido ocasionar, reiteramos la enhorabuena a todos los premiados de nuevo y agradecemos la colaboraci\u00f3n de los participantes, jurado, centros educativos y A.M.P.A.S. que a lo largo de estos a\u00f1os nos han apoyado para llegar a la 25 edici\u00f3n. <\/span><\/p>\n","protected":false},"excerpt":{"rendered":"<p>Desde la Concejalia de Cultura del Ayuntamiento de Caudete queremos informar que en relaci\u00f3n al XXV Certamen Literario Evaristo Ba\u00f1\u00f3n 2022, se ha detectado un error, al no cumplir con uno de los requisitos de las bases de esta edici\u00f3n en la Categor\u00eda Especial que dice que: \u201dNo podr\u00e1n presentarse a concurso en la misma &hellip;<\/p>\n","protected":false},"author":2,"featured_media":18945,"comment_status":"closed","ping_status":"open","sticky":false,"template":"","format":"standard","meta":{"ngg_post_thumbnail":0,"footnotes":""},"categories":[14],"tags":[538],"class_list":["post-18943","post","type-post","status-publish","format-standard","has-post-thumbnail","hentry","category-cultura","tag-certamen-literario-evaristo-banon"],"yoast_head":"<!-- This site is optimized with the Yoast SEO plugin v27.5 - https:\/\/yoast.com\/product\/yoast-seo-wordpress\/ -->\n<title>XXV CERTAMEN LITERARIO EVARISTO BA\u00d1\u00d3N 2022. - MI Ayuntamiento de Caudete<\/title>\n<meta name=\"description\" content=\"P\u00e1gina Oficial del Ayuntamiento de Caudete (Albacete)\" \/>\n<meta name=\"robots\" content=\"index, follow, max-snippet:-1, max-image-preview:large, max-video-preview:-1\" \/>\n<link rel=\"canonical\" href=\"https:\/\/www.caudete.org\/ayuntamiento\/xxv-certamen-literario-evaristo-banon-2022\/\" \/>\n<meta property=\"og:locale\" content=\"es_ES\" \/>\n<meta property=\"og:type\" content=\"article\" \/>\n<meta property=\"og:title\" content=\"XXV CERTAMEN LITERARIO EVARISTO BA\u00d1\u00d3N 2022. - MI Ayuntamiento de Caudete\" \/>\n<meta property=\"og:description\" content=\"P\u00e1gina Oficial del Ayuntamiento de Caudete (Albacete)\" \/>\n<meta property=\"og:url\" content=\"https:\/\/www.caudete.org\/ayuntamiento\/xxv-certamen-literario-evaristo-banon-2022\/\" \/>\n<meta property=\"og:site_name\" content=\"MI Ayuntamiento de Caudete\" \/>\n<meta property=\"article:publisher\" content=\"https:\/\/www.facebook.com\/ayuntamientocaudete\/\" \/>\n<meta property=\"article:published_time\" content=\"2022-04-29T15:37:11+00:00\" \/>\n<meta property=\"article:modified_time\" content=\"2022-04-29T19:24:21+00:00\" \/>\n<meta property=\"og:image\" content=\"https:\/\/www.caudete.org\/ayuntamiento\/wp-content\/uploads\/2022\/04\/Concejalia-Cultura-y-Ayuntamiento-informan-WEB-1.jpg\" \/>\n\t<meta property=\"og:image:width\" content=\"864\" \/>\n\t<meta property=\"og:image:height\" content=\"380\" \/>\n\t<meta property=\"og:image:type\" content=\"image\/jpeg\" \/>\n<meta name=\"author\" content=\"Juan\" \/>\n<meta name=\"twitter:card\" content=\"summary_large_image\" \/>\n<meta name=\"twitter:label1\" content=\"Escrito por\" \/>\n\t<meta name=\"twitter:data1\" content=\"Juan\" \/>\n\t<meta name=\"twitter:label2\" content=\"Tiempo de lectura\" \/>\n\t<meta name=\"twitter:data2\" content=\"1 minuto\" \/>\n<script type=\"application\/ld+json\" class=\"yoast-schema-graph\">{\"@context\":\"https:\\\/\\\/schema.org\",\"@graph\":[{\"@type\":\"Article\",\"@id\":\"https:\\\/\\\/www.caudete.org\\\/ayuntamiento\\\/xxv-certamen-literario-evaristo-banon-2022\\\/#article\",\"isPartOf\":{\"@id\":\"https:\\\/\\\/www.caudete.org\\\/ayuntamiento\\\/xxv-certamen-literario-evaristo-banon-2022\\\/\"},\"author\":{\"name\":\"Juan\",\"@id\":\"https:\\\/\\\/www.caudete.org\\\/ayuntamiento\\\/#\\\/schema\\\/person\\\/7656a5bb58fca95b9814e940de0fda63\"},\"headline\":\"XXV CERTAMEN LITERARIO EVARISTO BA\u00d1\u00d3N 2022.\",\"datePublished\":\"2022-04-29T15:37:11+00:00\",\"dateModified\":\"2022-04-29T19:24:21+00:00\",\"mainEntityOfPage\":{\"@id\":\"https:\\\/\\\/www.caudete.org\\\/ayuntamiento\\\/xxv-certamen-literario-evaristo-banon-2022\\\/\"},\"wordCount\":171,\"image\":{\"@id\":\"https:\\\/\\\/www.caudete.org\\\/ayuntamiento\\\/xxv-certamen-literario-evaristo-banon-2022\\\/#primaryimage\"},\"thumbnailUrl\":\"https:\\\/\\\/www.caudete.org\\\/ayuntamiento\\\/wp-content\\\/uploads\\\/2022\\\/04\\\/Concejalia-Cultura-y-Ayuntamiento-informan-WEB-1.jpg\",\"keywords\":[\"Certamen Literario \\\"Evaristo Ba\u00f1\u00f3n\\\"\"],\"articleSection\":[\"Cultura\"],\"inLanguage\":\"es\"},{\"@type\":\"WebPage\",\"@id\":\"https:\\\/\\\/www.caudete.org\\\/ayuntamiento\\\/xxv-certamen-literario-evaristo-banon-2022\\\/\",\"url\":\"https:\\\/\\\/www.caudete.org\\\/ayuntamiento\\\/xxv-certamen-literario-evaristo-banon-2022\\\/\",\"name\":\"XXV CERTAMEN LITERARIO EVARISTO BA\u00d1\u00d3N 2022. - MI Ayuntamiento de Caudete\",\"isPartOf\":{\"@id\":\"https:\\\/\\\/www.caudete.org\\\/ayuntamiento\\\/#website\"},\"primaryImageOfPage\":{\"@id\":\"https:\\\/\\\/www.caudete.org\\\/ayuntamiento\\\/xxv-certamen-literario-evaristo-banon-2022\\\/#primaryimage\"},\"image\":{\"@id\":\"https:\\\/\\\/www.caudete.org\\\/ayuntamiento\\\/xxv-certamen-literario-evaristo-banon-2022\\\/#primaryimage\"},\"thumbnailUrl\":\"https:\\\/\\\/www.caudete.org\\\/ayuntamiento\\\/wp-content\\\/uploads\\\/2022\\\/04\\\/Concejalia-Cultura-y-Ayuntamiento-informan-WEB-1.jpg\",\"datePublished\":\"2022-04-29T15:37:11+00:00\",\"dateModified\":\"2022-04-29T19:24:21+00:00\",\"author\":{\"@id\":\"https:\\\/\\\/www.caudete.org\\\/ayuntamiento\\\/#\\\/schema\\\/person\\\/7656a5bb58fca95b9814e940de0fda63\"},\"description\":\"P\u00e1gina Oficial del Ayuntamiento de Caudete (Albacete)\",\"breadcrumb\":{\"@id\":\"https:\\\/\\\/www.caudete.org\\\/ayuntamiento\\\/xxv-certamen-literario-evaristo-banon-2022\\\/#breadcrumb\"},\"inLanguage\":\"es\",\"potentialAction\":[{\"@type\":\"ReadAction\",\"target\":[\"https:\\\/\\\/www.caudete.org\\\/ayuntamiento\\\/xxv-certamen-literario-evaristo-banon-2022\\\/\"]}]},{\"@type\":\"ImageObject\",\"inLanguage\":\"es\",\"@id\":\"https:\\\/\\\/www.caudete.org\\\/ayuntamiento\\\/xxv-certamen-literario-evaristo-banon-2022\\\/#primaryimage\",\"url\":\"https:\\\/\\\/www.caudete.org\\\/ayuntamiento\\\/wp-content\\\/uploads\\\/2022\\\/04\\\/Concejalia-Cultura-y-Ayuntamiento-informan-WEB-1.jpg\",\"contentUrl\":\"https:\\\/\\\/www.caudete.org\\\/ayuntamiento\\\/wp-content\\\/uploads\\\/2022\\\/04\\\/Concejalia-Cultura-y-Ayuntamiento-informan-WEB-1.jpg\",\"width\":864,\"height\":380},{\"@type\":\"BreadcrumbList\",\"@id\":\"https:\\\/\\\/www.caudete.org\\\/ayuntamiento\\\/xxv-certamen-literario-evaristo-banon-2022\\\/#breadcrumb\",\"itemListElement\":[{\"@type\":\"ListItem\",\"position\":1,\"name\":\"Inicio\",\"item\":\"https:\\\/\\\/www.caudete.org\\\/ayuntamiento\\\/\"},{\"@type\":\"ListItem\",\"position\":2,\"name\":\"XXV CERTAMEN LITERARIO EVARISTO BA\u00d1\u00d3N 2022.\"}]},{\"@type\":\"WebSite\",\"@id\":\"https:\\\/\\\/www.caudete.org\\\/ayuntamiento\\\/#website\",\"url\":\"https:\\\/\\\/www.caudete.org\\\/ayuntamiento\\\/\",\"name\":\"MI Ayuntamiento de Caudete\",\"description\":\"P\u00e1gina Oficial del MI Ayuntamiento de Caudete\",\"potentialAction\":[{\"@type\":\"SearchAction\",\"target\":{\"@type\":\"EntryPoint\",\"urlTemplate\":\"https:\\\/\\\/www.caudete.org\\\/ayuntamiento\\\/?s={search_term_string}\"},\"query-input\":{\"@type\":\"PropertyValueSpecification\",\"valueRequired\":true,\"valueName\":\"search_term_string\"}}],\"inLanguage\":\"es\"},{\"@type\":\"Person\",\"@id\":\"https:\\\/\\\/www.caudete.org\\\/ayuntamiento\\\/#\\\/schema\\\/person\\\/7656a5bb58fca95b9814e940de0fda63\",\"name\":\"Juan\",\"image\":{\"@type\":\"ImageObject\",\"inLanguage\":\"es\",\"@id\":\"https:\\\/\\\/secure.gravatar.com\\\/avatar\\\/dd53e51c0cd6ab23f52d4f3e4f1c59730240727763de3dbbf26750b079a2c292?s=96&d=mm&r=g\",\"url\":\"https:\\\/\\\/secure.gravatar.com\\\/avatar\\\/dd53e51c0cd6ab23f52d4f3e4f1c59730240727763de3dbbf26750b079a2c292?s=96&d=mm&r=g\",\"contentUrl\":\"https:\\\/\\\/secure.gravatar.com\\\/avatar\\\/dd53e51c0cd6ab23f52d4f3e4f1c59730240727763de3dbbf26750b079a2c292?s=96&d=mm&r=g\",\"caption\":\"Juan\"},\"url\":\"https:\\\/\\\/www.caudete.org\\\/ayuntamiento\\\/author\\\/centrodeinternet\\\/\"}]}<\/script>\n<!-- \/ Yoast SEO plugin. -->","yoast_head_json":{"title":"XXV CERTAMEN LITERARIO EVARISTO BA\u00d1\u00d3N 2022. - MI Ayuntamiento de Caudete","description":"P\u00e1gina Oficial del Ayuntamiento de Caudete (Albacete)","robots":{"index":"index","follow":"follow","max-snippet":"max-snippet:-1","max-image-preview":"max-image-preview:large","max-video-preview":"max-video-preview:-1"},"canonical":"https:\/\/www.caudete.org\/ayuntamiento\/xxv-certamen-literario-evaristo-banon-2022\/","og_locale":"es_ES","og_type":"article","og_title":"XXV CERTAMEN LITERARIO EVARISTO BA\u00d1\u00d3N 2022. - MI Ayuntamiento de Caudete","og_description":"P\u00e1gina Oficial del Ayuntamiento de Caudete (Albacete)","og_url":"https:\/\/www.caudete.org\/ayuntamiento\/xxv-certamen-literario-evaristo-banon-2022\/","og_site_name":"MI Ayuntamiento de Caudete","article_publisher":"https:\/\/www.facebook.com\/ayuntamientocaudete\/","article_published_time":"2022-04-29T15:37:11+00:00","article_modified_time":"2022-04-29T19:24:21+00:00","og_image":[{"width":864,"height":380,"url":"https:\/\/www.caudete.org\/ayuntamiento\/wp-content\/uploads\/2022\/04\/Concejalia-Cultura-y-Ayuntamiento-informan-WEB-1.jpg","type":"image\/jpeg"}],"author":"Juan","twitter_card":"summary_large_image","twitter_misc":{"Escrito por":"Juan","Tiempo de lectura":"1 minuto"},"schema":{"@context":"https:\/\/schema.org","@graph":[{"@type":"Article","@id":"https:\/\/www.caudete.org\/ayuntamiento\/xxv-certamen-literario-evaristo-banon-2022\/#article","isPartOf":{"@id":"https:\/\/www.caudete.org\/ayuntamiento\/xxv-certamen-literario-evaristo-banon-2022\/"},"author":{"name":"Juan","@id":"https:\/\/www.caudete.org\/ayuntamiento\/#\/schema\/person\/7656a5bb58fca95b9814e940de0fda63"},"headline":"XXV CERTAMEN LITERARIO EVARISTO BA\u00d1\u00d3N 2022.","datePublished":"2022-04-29T15:37:11+00:00","dateModified":"2022-04-29T19:24:21+00:00","mainEntityOfPage":{"@id":"https:\/\/www.caudete.org\/ayuntamiento\/xxv-certamen-literario-evaristo-banon-2022\/"},"wordCount":171,"image":{"@id":"https:\/\/www.caudete.org\/ayuntamiento\/xxv-certamen-literario-evaristo-banon-2022\/#primaryimage"},"thumbnailUrl":"https:\/\/www.caudete.org\/ayuntamiento\/wp-content\/uploads\/2022\/04\/Concejalia-Cultura-y-Ayuntamiento-informan-WEB-1.jpg","keywords":["Certamen Literario \"Evaristo Ba\u00f1\u00f3n\""],"articleSection":["Cultura"],"inLanguage":"es"},{"@type":"WebPage","@id":"https:\/\/www.caudete.org\/ayuntamiento\/xxv-certamen-literario-evaristo-banon-2022\/","url":"https:\/\/www.caudete.org\/ayuntamiento\/xxv-certamen-literario-evaristo-banon-2022\/","name":"XXV CERTAMEN LITERARIO EVARISTO BA\u00d1\u00d3N 2022. - MI Ayuntamiento de Caudete","isPartOf":{"@id":"https:\/\/www.caudete.org\/ayuntamiento\/#website"},"primaryImageOfPage":{"@id":"https:\/\/www.caudete.org\/ayuntamiento\/xxv-certamen-literario-evaristo-banon-2022\/#primaryimage"},"image":{"@id":"https:\/\/www.caudete.org\/ayuntamiento\/xxv-certamen-literario-evaristo-banon-2022\/#primaryimage"},"thumbnailUrl":"https:\/\/www.caudete.org\/ayuntamiento\/wp-content\/uploads\/2022\/04\/Concejalia-Cultura-y-Ayuntamiento-informan-WEB-1.jpg","datePublished":"2022-04-29T15:37:11+00:00","dateModified":"2022-04-29T19:24:21+00:00","author":{"@id":"https:\/\/www.caudete.org\/ayuntamiento\/#\/schema\/person\/7656a5bb58fca95b9814e940de0fda63"},"description":"P\u00e1gina Oficial del Ayuntamiento de Caudete (Albacete)","breadcrumb":{"@id":"https:\/\/www.caudete.org\/ayuntamiento\/xxv-certamen-literario-evaristo-banon-2022\/#breadcrumb"},"inLanguage":"es","potentialAction":[{"@type":"ReadAction","target":["https:\/\/www.caudete.org\/ayuntamiento\/xxv-certamen-literario-evaristo-banon-2022\/"]}]},{"@type":"ImageObject","inLanguage":"es","@id":"https:\/\/www.caudete.org\/ayuntamiento\/xxv-certamen-literario-evaristo-banon-2022\/#primaryimage","url":"https:\/\/www.caudete.org\/ayuntamiento\/wp-content\/uploads\/2022\/04\/Concejalia-Cultura-y-Ayuntamiento-informan-WEB-1.jpg","contentUrl":"https:\/\/www.caudete.org\/ayuntamiento\/wp-content\/uploads\/2022\/04\/Concejalia-Cultura-y-Ayuntamiento-informan-WEB-1.jpg","width":864,"height":380},{"@type":"BreadcrumbList","@id":"https:\/\/www.caudete.org\/ayuntamiento\/xxv-certamen-literario-evaristo-banon-2022\/#breadcrumb","itemListElement":[{"@type":"ListItem","position":1,"name":"Inicio","item":"https:\/\/www.caudete.org\/ayuntamiento\/"},{"@type":"ListItem","position":2,"name":"XXV CERTAMEN LITERARIO EVARISTO BA\u00d1\u00d3N 2022."}]},{"@type":"WebSite","@id":"https:\/\/www.caudete.org\/ayuntamiento\/#website","url":"https:\/\/www.caudete.org\/ayuntamiento\/","name":"MI Ayuntamiento de Caudete","description":"P\u00e1gina Oficial del MI Ayuntamiento de Caudete","potentialAction":[{"@type":"SearchAction","target":{"@type":"EntryPoint","urlTemplate":"https:\/\/www.caudete.org\/ayuntamiento\/?s={search_term_string}"},"query-input":{"@type":"PropertyValueSpecification","valueRequired":true,"valueName":"search_term_string"}}],"inLanguage":"es"},{"@type":"Person","@id":"https:\/\/www.caudete.org\/ayuntamiento\/#\/schema\/person\/7656a5bb58fca95b9814e940de0fda63","name":"Juan","image":{"@type":"ImageObject","inLanguage":"es","@id":"https:\/\/secure.gravatar.com\/avatar\/dd53e51c0cd6ab23f52d4f3e4f1c59730240727763de3dbbf26750b079a2c292?s=96&d=mm&r=g","url":"https:\/\/secure.gravatar.com\/avatar\/dd53e51c0cd6ab23f52d4f3e4f1c59730240727763de3dbbf26750b079a2c292?s=96&d=mm&r=g","contentUrl":"https:\/\/secure.gravatar.com\/avatar\/dd53e51c0cd6ab23f52d4f3e4f1c59730240727763de3dbbf26750b079a2c292?s=96&d=mm&r=g","caption":"Juan"},"url":"https:\/\/www.caudete.org\/ayuntamiento\/author\/centrodeinternet\/"}]}},"_links":{"self":[{"href":"https:\/\/www.caudete.org\/ayuntamiento\/wp-json\/wp\/v2\/posts\/18943","targetHints":{"allow":["GET"]}}],"collection":[{"href":"https:\/\/www.caudete.org\/ayuntamiento\/wp-json\/wp\/v2\/posts"}],"about":[{"href":"https:\/\/www.caudete.org\/ayuntamiento\/wp-json\/wp\/v2\/types\/post"}],"author":[{"embeddable":true,"href":"https:\/\/www.caudete.org\/ayuntamiento\/wp-json\/wp\/v2\/users\/2"}],"replies":[{"embeddable":true,"href":"https:\/\/www.caudete.org\/ayuntamiento\/wp-json\/wp\/v2\/comments?post=18943"}],"version-history":[{"count":2,"href":"https:\/\/www.caudete.org\/ayuntamiento\/wp-json\/wp\/v2\/posts\/18943\/revisions"}],"predecessor-version":[{"id":18958,"href":"https:\/\/www.caudete.org\/ayuntamiento\/wp-json\/wp\/v2\/posts\/18943\/revisions\/18958"}],"wp:featuredmedia":[{"embeddable":true,"href":"https:\/\/www.caudete.org\/ayuntamiento\/wp-json\/wp\/v2\/media\/18945"}],"wp:attachment":[{"href":"https:\/\/www.caudete.org\/ayuntamiento\/wp-json\/wp\/v2\/media?parent=18943"}],"wp:term":[{"taxonomy":"category","embeddable":true,"href":"https:\/\/www.caudete.org\/ayuntamiento\/wp-json\/wp\/v2\/categories?post=18943"},{"taxonomy":"post_tag","embeddable":true,"href":"https:\/\/www.caudete.org\/ayuntamiento\/wp-json\/wp\/v2\/tags?post=18943"}],"curies":[{"name":"wp","href":"https:\/\/api.w.org\/{rel}","templated":true}]}}