{"id":18971,"date":"2022-05-03T10:22:20","date_gmt":"2022-05-03T08:22:20","guid":{"rendered":"https:\/\/www.caudete.org\/ayuntamiento\/?p=18971"},"modified":"2022-05-03T10:52:43","modified_gmt":"2022-05-03T08:52:43","slug":"inicio-de-la-campana-de-desbroce-y-mantenimiento-de-solares-y-parcelas-y-cunetas","status":"publish","type":"post","link":"https:\/\/www.caudete.org\/ayuntamiento\/inicio-de-la-campana-de-desbroce-y-mantenimiento-de-solares-y-parcelas-y-cunetas\/","title":{"rendered":"Inicio de la campa\u00f1a de DESBROCE y MANTENIMIENTO DE SOLARES Y PARCELAS, y Cunetas"},"content":{"rendered":"<p style=\"text-align: justify;\"><span style=\"font-weight: 400;\">Joaqu\u00edn Pag\u00e1n, Concejal de Medio Ambiente y Servicios, informa del inicio de la campa\u00f1a de limpieza y desbroce de parcelas y solares urbanos, donde el primer paso es el env\u00edo por parte del Ayuntamiento de la notificaci\u00f3n a los propietarios de estas parcelas o solares, y donde les informamos de la necesidad y de la obligaci\u00f3n de realizar estas tareas.<\/span><\/p>\n<p style=\"text-align: justify;\"><span style=\"font-weight: 400;\">Como novedad en la notificaci\u00f3n este a\u00f1o, se fija una fecha m\u00e1xima para atender el requerimiento municipal, concretamente el 30 de junio, para que esta limpieza y desbroce se haya realizado. Destacaba Pag\u00e1n que &#8220;<em>en a\u00f1os anteriores y tras repetidas solicitudes ten\u00edamos a propietarios desbrozando parcelas en Julio, mes en que ya el peligro de incendio es considerable. Por tanto, creemos que el 30 de junio es una buena fecha para que est\u00e9n las parcelas desbrozadas<\/em>&#8220;.<\/span><\/p>\n<p style=\"text-align: justify;\"><span style=\"font-weight: 400;\">Adem\u00e1s, informa que con la experiencia de estos dos \u00faltimos a\u00f1os el grado de satisfacci\u00f3n y cumplimiento por parte de los propietarios en la realizaci\u00f3n de estas tareas es muy alto y que solo un n\u00famero muy peque\u00f1o de propietarios no la atiende. <\/span><span style=\"font-weight: 400;\">Para ello el Ayuntamiento cuenta para este a\u00f1o una nueva herramienta de gesti\u00f3n, una nueva Ordenanza Municipal Reguladora de este tipo de actividad, que fue aprobada por unanimidad del Pleno.\u00a0<\/span><\/p>\n<p style=\"text-align: justify;\"><span style=\"font-weight: 400;\">Recordaba el Concejal que la campa\u00f1a va dirigida especialmente para todos los propietarios de solares y parcelas en suelo urbano, por lo que no se env\u00eda notificaci\u00f3n a propietarios de parcelas\u00a0 en suelo r\u00fastico. Sin embargo, recalca que ello no significa que los propietarios de suelo r\u00fastico no esten igualmente obligados a mantenerlos en condiciones de salubridad, sin escombros y sin maleza. Por tanto, si alg\u00fan vecino de Caudete detecta alguna parcela en suelo r\u00fastico que de forma manifiesta no est\u00e9 en condiciones puede solicitar por registro de entrada la revisi\u00f3n por el Departamento T\u00e9cnico Municipal y se solicitar\u00e1 su desbroce o limpieza, en este caso es muy\u00a0 importante registrar de forma precisa la parcela afectada.<\/span><\/p>\n<p style=\"text-align: justify;\"><span style=\"font-weight: 400;\">Por \u00faltimo, el Concejal destacaba que los expedientes para la contrataci\u00f3n de los servicios de desbroce de cunetas y parcelas de titularidad municipal ya est\u00e1n en marcha, y que este a\u00f1o contamos con una Brigada de 22 personas provenientes de Planes de Empleo, 3 desbrozadoras manuales adquiridas en estos 2 \u00faltimos a\u00f1os y 1 cami\u00f3n de apoyo adquirido el a\u00f1o pasado para la recogida de restos vegetales. Con todo este equipo se prev\u00e9 la limpieza y desbroce de aceras, zonas colindantes\u00a0 y diferentes zonas del casco urbano que lo precisen.<\/span><\/p>\n<p><a href=\"https:\/\/www.caudete.org\/ayuntamiento\/wp-content\/uploads\/2022\/05\/DESBROCE-ACERAS.jpg\" rel='prettyPhoto'><img fetchpriority=\"high\" decoding=\"async\" class=\"aligncenter wp-image-18972 size-full\" src=\"https:\/\/www.caudete.org\/ayuntamiento\/wp-content\/uploads\/2022\/05\/DESBROCE-ACERAS.jpg\" alt=\"\" width=\"934\" height=\"685\" srcset=\"https:\/\/www.caudete.org\/ayuntamiento\/wp-content\/uploads\/2022\/05\/DESBROCE-ACERAS.jpg 934w, https:\/\/www.caudete.org\/ayuntamiento\/wp-content\/uploads\/2022\/05\/DESBROCE-ACERAS-300x220.jpg 300w, https:\/\/www.caudete.org\/ayuntamiento\/wp-content\/uploads\/2022\/05\/DESBROCE-ACERAS-768x563.jpg 768w\" sizes=\"(max-width: 934px) 100vw, 934px\" \/><\/a><\/p>\n","protected":false},"excerpt":{"rendered":"<p>Joaqu\u00edn Pag\u00e1n, Concejal de Medio Ambiente y Servicios, informa del inicio de la campa\u00f1a de limpieza y desbroce de parcelas y solares urbanos, donde el primer paso es el env\u00edo por parte del Ayuntamiento de la notificaci\u00f3n a los propietarios de estas parcelas o solares, y donde les informamos de la necesidad y de la &hellip;<\/p>\n","protected":false},"author":3,"featured_media":18973,"comment_status":"closed","ping_status":"open","sticky":false,"template":"","format":"standard","meta":{"ngg_post_thumbnail":0,"footnotes":""},"categories":[29],"tags":[],"class_list":["post-18971","post","type-post","status-publish","format-standard","has-post-thumbnail","hentry","category-medio-ambiente"],"yoast_head":"<!-- This site is optimized with the Yoast SEO plugin v27.5 - https:\/\/yoast.com\/product\/yoast-seo-wordpress\/ -->\n<title>Inicio de la campa\u00f1a de DESBROCE y MANTENIMIENTO DE SOLARES Y PARCELAS, y Cunetas - MI Ayuntamiento de Caudete<\/title>\n<meta name=\"description\" content=\"P\u00e1gina Oficial del Ayuntamiento de Caudete (Albacete)\" \/>\n<meta name=\"robots\" content=\"index, follow, max-snippet:-1, max-image-preview:large, max-video-preview:-1\" \/>\n<link rel=\"canonical\" href=\"https:\/\/www.caudete.org\/ayuntamiento\/inicio-de-la-campana-de-desbroce-y-mantenimiento-de-solares-y-parcelas-y-cunetas\/\" \/>\n<meta property=\"og:locale\" content=\"es_ES\" \/>\n<meta property=\"og:type\" content=\"article\" \/>\n<meta property=\"og:title\" content=\"Inicio de la campa\u00f1a de DESBROCE y MANTENIMIENTO DE SOLARES Y PARCELAS, y Cunetas - MI Ayuntamiento de Caudete\" \/>\n<meta property=\"og:description\" content=\"P\u00e1gina Oficial del Ayuntamiento de Caudete (Albacete)\" \/>\n<meta property=\"og:url\" content=\"https:\/\/www.caudete.org\/ayuntamiento\/inicio-de-la-campana-de-desbroce-y-mantenimiento-de-solares-y-parcelas-y-cunetas\/\" \/>\n<meta property=\"og:site_name\" content=\"MI Ayuntamiento de Caudete\" \/>\n<meta property=\"article:publisher\" content=\"https:\/\/www.facebook.com\/ayuntamientocaudete\/\" \/>\n<meta property=\"article:published_time\" content=\"2022-05-03T08:22:20+00:00\" \/>\n<meta property=\"article:modified_time\" content=\"2022-05-03T08:52:43+00:00\" \/>\n<meta property=\"og:image\" content=\"https:\/\/www.caudete.org\/ayuntamiento\/wp-content\/uploads\/2022\/05\/DESBROCE-CUNETAS.jpg\" \/>\n\t<meta property=\"og:image:width\" content=\"935\" \/>\n\t<meta property=\"og:image:height\" content=\"667\" \/>\n\t<meta property=\"og:image:type\" content=\"image\/jpeg\" \/>\n<meta name=\"author\" content=\"alcalde\" \/>\n<meta name=\"twitter:card\" content=\"summary_large_image\" \/>\n<meta name=\"twitter:label1\" content=\"Escrito por\" \/>\n\t<meta name=\"twitter:data1\" content=\"alcalde\" \/>\n\t<meta name=\"twitter:label2\" content=\"Tiempo de lectura\" \/>\n\t<meta name=\"twitter:data2\" content=\"3 minutos\" \/>\n<script type=\"application\/ld+json\" class=\"yoast-schema-graph\">{\"@context\":\"https:\\\/\\\/schema.org\",\"@graph\":[{\"@type\":\"Article\",\"@id\":\"https:\\\/\\\/www.caudete.org\\\/ayuntamiento\\\/inicio-de-la-campana-de-desbroce-y-mantenimiento-de-solares-y-parcelas-y-cunetas\\\/#article\",\"isPartOf\":{\"@id\":\"https:\\\/\\\/www.caudete.org\\\/ayuntamiento\\\/inicio-de-la-campana-de-desbroce-y-mantenimiento-de-solares-y-parcelas-y-cunetas\\\/\"},\"author\":{\"name\":\"alcalde\",\"@id\":\"https:\\\/\\\/www.caudete.org\\\/ayuntamiento\\\/#\\\/schema\\\/person\\\/cc646da9133078ee4d8dd47457947253\"},\"headline\":\"Inicio de la campa\u00f1a de DESBROCE y MANTENIMIENTO DE SOLARES Y PARCELAS, y Cunetas\",\"datePublished\":\"2022-05-03T08:22:20+00:00\",\"dateModified\":\"2022-05-03T08:52:43+00:00\",\"mainEntityOfPage\":{\"@id\":\"https:\\\/\\\/www.caudete.org\\\/ayuntamiento\\\/inicio-de-la-campana-de-desbroce-y-mantenimiento-de-solares-y-parcelas-y-cunetas\\\/\"},\"wordCount\":460,\"image\":{\"@id\":\"https:\\\/\\\/www.caudete.org\\\/ayuntamiento\\\/inicio-de-la-campana-de-desbroce-y-mantenimiento-de-solares-y-parcelas-y-cunetas\\\/#primaryimage\"},\"thumbnailUrl\":\"https:\\\/\\\/www.caudete.org\\\/ayuntamiento\\\/wp-content\\\/uploads\\\/2022\\\/05\\\/DESBROCE-CUNETAS.jpg\",\"articleSection\":[\"Medio Ambiente\"],\"inLanguage\":\"es\"},{\"@type\":\"WebPage\",\"@id\":\"https:\\\/\\\/www.caudete.org\\\/ayuntamiento\\\/inicio-de-la-campana-de-desbroce-y-mantenimiento-de-solares-y-parcelas-y-cunetas\\\/\",\"url\":\"https:\\\/\\\/www.caudete.org\\\/ayuntamiento\\\/inicio-de-la-campana-de-desbroce-y-mantenimiento-de-solares-y-parcelas-y-cunetas\\\/\",\"name\":\"Inicio de la campa\u00f1a de DESBROCE y MANTENIMIENTO DE SOLARES Y PARCELAS, y Cunetas - MI Ayuntamiento de Caudete\",\"isPartOf\":{\"@id\":\"https:\\\/\\\/www.caudete.org\\\/ayuntamiento\\\/#website\"},\"primaryImageOfPage\":{\"@id\":\"https:\\\/\\\/www.caudete.org\\\/ayuntamiento\\\/inicio-de-la-campana-de-desbroce-y-mantenimiento-de-solares-y-parcelas-y-cunetas\\\/#primaryimage\"},\"image\":{\"@id\":\"https:\\\/\\\/www.caudete.org\\\/ayuntamiento\\\/inicio-de-la-campana-de-desbroce-y-mantenimiento-de-solares-y-parcelas-y-cunetas\\\/#primaryimage\"},\"thumbnailUrl\":\"https:\\\/\\\/www.caudete.org\\\/ayuntamiento\\\/wp-content\\\/uploads\\\/2022\\\/05\\\/DESBROCE-CUNETAS.jpg\",\"datePublished\":\"2022-05-03T08:22:20+00:00\",\"dateModified\":\"2022-05-03T08:52:43+00:00\",\"author\":{\"@id\":\"https:\\\/\\\/www.caudete.org\\\/ayuntamiento\\\/#\\\/schema\\\/person\\\/cc646da9133078ee4d8dd47457947253\"},\"description\":\"P\u00e1gina Oficial del Ayuntamiento de Caudete (Albacete)\",\"breadcrumb\":{\"@id\":\"https:\\\/\\\/www.caudete.org\\\/ayuntamiento\\\/inicio-de-la-campana-de-desbroce-y-mantenimiento-de-solares-y-parcelas-y-cunetas\\\/#breadcrumb\"},\"inLanguage\":\"es\",\"potentialAction\":[{\"@type\":\"ReadAction\",\"target\":[\"https:\\\/\\\/www.caudete.org\\\/ayuntamiento\\\/inicio-de-la-campana-de-desbroce-y-mantenimiento-de-solares-y-parcelas-y-cunetas\\\/\"]}]},{\"@type\":\"ImageObject\",\"inLanguage\":\"es\",\"@id\":\"https:\\\/\\\/www.caudete.org\\\/ayuntamiento\\\/inicio-de-la-campana-de-desbroce-y-mantenimiento-de-solares-y-parcelas-y-cunetas\\\/#primaryimage\",\"url\":\"https:\\\/\\\/www.caudete.org\\\/ayuntamiento\\\/wp-content\\\/uploads\\\/2022\\\/05\\\/DESBROCE-CUNETAS.jpg\",\"contentUrl\":\"https:\\\/\\\/www.caudete.org\\\/ayuntamiento\\\/wp-content\\\/uploads\\\/2022\\\/05\\\/DESBROCE-CUNETAS.jpg\",\"width\":935,\"height\":667},{\"@type\":\"BreadcrumbList\",\"@id\":\"https:\\\/\\\/www.caudete.org\\\/ayuntamiento\\\/inicio-de-la-campana-de-desbroce-y-mantenimiento-de-solares-y-parcelas-y-cunetas\\\/#breadcrumb\",\"itemListElement\":[{\"@type\":\"ListItem\",\"position\":1,\"name\":\"Inicio\",\"item\":\"https:\\\/\\\/www.caudete.org\\\/ayuntamiento\\\/\"},{\"@type\":\"ListItem\",\"position\":2,\"name\":\"Inicio de la campa\u00f1a de DESBROCE y MANTENIMIENTO DE SOLARES Y PARCELAS, y Cunetas\"}]},{\"@type\":\"WebSite\",\"@id\":\"https:\\\/\\\/www.caudete.org\\\/ayuntamiento\\\/#website\",\"url\":\"https:\\\/\\\/www.caudete.org\\\/ayuntamiento\\\/\",\"name\":\"MI Ayuntamiento de Caudete\",\"description\":\"P\u00e1gina Oficial del MI Ayuntamiento de Caudete\",\"potentialAction\":[{\"@type\":\"SearchAction\",\"target\":{\"@type\":\"EntryPoint\",\"urlTemplate\":\"https:\\\/\\\/www.caudete.org\\\/ayuntamiento\\\/?s={search_term_string}\"},\"query-input\":{\"@type\":\"PropertyValueSpecification\",\"valueRequired\":true,\"valueName\":\"search_term_string\"}}],\"inLanguage\":\"es\"},{\"@type\":\"Person\",\"@id\":\"https:\\\/\\\/www.caudete.org\\\/ayuntamiento\\\/#\\\/schema\\\/person\\\/cc646da9133078ee4d8dd47457947253\",\"name\":\"alcalde\",\"image\":{\"@type\":\"ImageObject\",\"inLanguage\":\"es\",\"@id\":\"https:\\\/\\\/secure.gravatar.com\\\/avatar\\\/84a817ba065b29ff08d666b215a215f5c79186a645ccb25b14a663d48a130f77?s=96&d=mm&r=g\",\"url\":\"https:\\\/\\\/secure.gravatar.com\\\/avatar\\\/84a817ba065b29ff08d666b215a215f5c79186a645ccb25b14a663d48a130f77?s=96&d=mm&r=g\",\"contentUrl\":\"https:\\\/\\\/secure.gravatar.com\\\/avatar\\\/84a817ba065b29ff08d666b215a215f5c79186a645ccb25b14a663d48a130f77?s=96&d=mm&r=g\",\"caption\":\"alcalde\"},\"url\":\"https:\\\/\\\/www.caudete.org\\\/ayuntamiento\\\/author\\\/alcalde\\\/\"}]}<\/script>\n<!-- \/ Yoast SEO plugin. -->","yoast_head_json":{"title":"Inicio de la campa\u00f1a de DESBROCE y MANTENIMIENTO DE SOLARES Y PARCELAS, y Cunetas - MI Ayuntamiento de Caudete","description":"P\u00e1gina Oficial del Ayuntamiento de Caudete (Albacete)","robots":{"index":"index","follow":"follow","max-snippet":"max-snippet:-1","max-image-preview":"max-image-preview:large","max-video-preview":"max-video-preview:-1"},"canonical":"https:\/\/www.caudete.org\/ayuntamiento\/inicio-de-la-campana-de-desbroce-y-mantenimiento-de-solares-y-parcelas-y-cunetas\/","og_locale":"es_ES","og_type":"article","og_title":"Inicio de la campa\u00f1a de DESBROCE y MANTENIMIENTO DE SOLARES Y PARCELAS, y Cunetas - MI Ayuntamiento de Caudete","og_description":"P\u00e1gina Oficial del Ayuntamiento de Caudete (Albacete)","og_url":"https:\/\/www.caudete.org\/ayuntamiento\/inicio-de-la-campana-de-desbroce-y-mantenimiento-de-solares-y-parcelas-y-cunetas\/","og_site_name":"MI Ayuntamiento de Caudete","article_publisher":"https:\/\/www.facebook.com\/ayuntamientocaudete\/","article_published_time":"2022-05-03T08:22:20+00:00","article_modified_time":"2022-05-03T08:52:43+00:00","og_image":[{"width":935,"height":667,"url":"https:\/\/www.caudete.org\/ayuntamiento\/wp-content\/uploads\/2022\/05\/DESBROCE-CUNETAS.jpg","type":"image\/jpeg"}],"author":"alcalde","twitter_card":"summary_large_image","twitter_misc":{"Escrito por":"alcalde","Tiempo de lectura":"3 minutos"},"schema":{"@context":"https:\/\/schema.org","@graph":[{"@type":"Article","@id":"https:\/\/www.caudete.org\/ayuntamiento\/inicio-de-la-campana-de-desbroce-y-mantenimiento-de-solares-y-parcelas-y-cunetas\/#article","isPartOf":{"@id":"https:\/\/www.caudete.org\/ayuntamiento\/inicio-de-la-campana-de-desbroce-y-mantenimiento-de-solares-y-parcelas-y-cunetas\/"},"author":{"name":"alcalde","@id":"https:\/\/www.caudete.org\/ayuntamiento\/#\/schema\/person\/cc646da9133078ee4d8dd47457947253"},"headline":"Inicio de la campa\u00f1a de DESBROCE y MANTENIMIENTO DE SOLARES Y PARCELAS, y Cunetas","datePublished":"2022-05-03T08:22:20+00:00","dateModified":"2022-05-03T08:52:43+00:00","mainEntityOfPage":{"@id":"https:\/\/www.caudete.org\/ayuntamiento\/inicio-de-la-campana-de-desbroce-y-mantenimiento-de-solares-y-parcelas-y-cunetas\/"},"wordCount":460,"image":{"@id":"https:\/\/www.caudete.org\/ayuntamiento\/inicio-de-la-campana-de-desbroce-y-mantenimiento-de-solares-y-parcelas-y-cunetas\/#primaryimage"},"thumbnailUrl":"https:\/\/www.caudete.org\/ayuntamiento\/wp-content\/uploads\/2022\/05\/DESBROCE-CUNETAS.jpg","articleSection":["Medio Ambiente"],"inLanguage":"es"},{"@type":"WebPage","@id":"https:\/\/www.caudete.org\/ayuntamiento\/inicio-de-la-campana-de-desbroce-y-mantenimiento-de-solares-y-parcelas-y-cunetas\/","url":"https:\/\/www.caudete.org\/ayuntamiento\/inicio-de-la-campana-de-desbroce-y-mantenimiento-de-solares-y-parcelas-y-cunetas\/","name":"Inicio de la campa\u00f1a de DESBROCE y MANTENIMIENTO DE SOLARES Y PARCELAS, y Cunetas - MI Ayuntamiento de Caudete","isPartOf":{"@id":"https:\/\/www.caudete.org\/ayuntamiento\/#website"},"primaryImageOfPage":{"@id":"https:\/\/www.caudete.org\/ayuntamiento\/inicio-de-la-campana-de-desbroce-y-mantenimiento-de-solares-y-parcelas-y-cunetas\/#primaryimage"},"image":{"@id":"https:\/\/www.caudete.org\/ayuntamiento\/inicio-de-la-campana-de-desbroce-y-mantenimiento-de-solares-y-parcelas-y-cunetas\/#primaryimage"},"thumbnailUrl":"https:\/\/www.caudete.org\/ayuntamiento\/wp-content\/uploads\/2022\/05\/DESBROCE-CUNETAS.jpg","datePublished":"2022-05-03T08:22:20+00:00","dateModified":"2022-05-03T08:52:43+00:00","author":{"@id":"https:\/\/www.caudete.org\/ayuntamiento\/#\/schema\/person\/cc646da9133078ee4d8dd47457947253"},"description":"P\u00e1gina Oficial del Ayuntamiento de Caudete (Albacete)","breadcrumb":{"@id":"https:\/\/www.caudete.org\/ayuntamiento\/inicio-de-la-campana-de-desbroce-y-mantenimiento-de-solares-y-parcelas-y-cunetas\/#breadcrumb"},"inLanguage":"es","potentialAction":[{"@type":"ReadAction","target":["https:\/\/www.caudete.org\/ayuntamiento\/inicio-de-la-campana-de-desbroce-y-mantenimiento-de-solares-y-parcelas-y-cunetas\/"]}]},{"@type":"ImageObject","inLanguage":"es","@id":"https:\/\/www.caudete.org\/ayuntamiento\/inicio-de-la-campana-de-desbroce-y-mantenimiento-de-solares-y-parcelas-y-cunetas\/#primaryimage","url":"https:\/\/www.caudete.org\/ayuntamiento\/wp-content\/uploads\/2022\/05\/DESBROCE-CUNETAS.jpg","contentUrl":"https:\/\/www.caudete.org\/ayuntamiento\/wp-content\/uploads\/2022\/05\/DESBROCE-CUNETAS.jpg","width":935,"height":667},{"@type":"BreadcrumbList","@id":"https:\/\/www.caudete.org\/ayuntamiento\/inicio-de-la-campana-de-desbroce-y-mantenimiento-de-solares-y-parcelas-y-cunetas\/#breadcrumb","itemListElement":[{"@type":"ListItem","position":1,"name":"Inicio","item":"https:\/\/www.caudete.org\/ayuntamiento\/"},{"@type":"ListItem","position":2,"name":"Inicio de la campa\u00f1a de DESBROCE y MANTENIMIENTO DE SOLARES Y PARCELAS, y Cunetas"}]},{"@type":"WebSite","@id":"https:\/\/www.caudete.org\/ayuntamiento\/#website","url":"https:\/\/www.caudete.org\/ayuntamiento\/","name":"MI Ayuntamiento de Caudete","description":"P\u00e1gina Oficial del MI Ayuntamiento de Caudete","potentialAction":[{"@type":"SearchAction","target":{"@type":"EntryPoint","urlTemplate":"https:\/\/www.caudete.org\/ayuntamiento\/?s={search_term_string}"},"query-input":{"@type":"PropertyValueSpecification","valueRequired":true,"valueName":"search_term_string"}}],"inLanguage":"es"},{"@type":"Person","@id":"https:\/\/www.caudete.org\/ayuntamiento\/#\/schema\/person\/cc646da9133078ee4d8dd47457947253","name":"alcalde","image":{"@type":"ImageObject","inLanguage":"es","@id":"https:\/\/secure.gravatar.com\/avatar\/84a817ba065b29ff08d666b215a215f5c79186a645ccb25b14a663d48a130f77?s=96&d=mm&r=g","url":"https:\/\/secure.gravatar.com\/avatar\/84a817ba065b29ff08d666b215a215f5c79186a645ccb25b14a663d48a130f77?s=96&d=mm&r=g","contentUrl":"https:\/\/secure.gravatar.com\/avatar\/84a817ba065b29ff08d666b215a215f5c79186a645ccb25b14a663d48a130f77?s=96&d=mm&r=g","caption":"alcalde"},"url":"https:\/\/www.caudete.org\/ayuntamiento\/author\/alcalde\/"}]}},"_links":{"self":[{"href":"https:\/\/www.caudete.org\/ayuntamiento\/wp-json\/wp\/v2\/posts\/18971","targetHints":{"allow":["GET"]}}],"collection":[{"href":"https:\/\/www.caudete.org\/ayuntamiento\/wp-json\/wp\/v2\/posts"}],"about":[{"href":"https:\/\/www.caudete.org\/ayuntamiento\/wp-json\/wp\/v2\/types\/post"}],"author":[{"embeddable":true,"href":"https:\/\/www.caudete.org\/ayuntamiento\/wp-json\/wp\/v2\/users\/3"}],"replies":[{"embeddable":true,"href":"https:\/\/www.caudete.org\/ayuntamiento\/wp-json\/wp\/v2\/comments?post=18971"}],"version-history":[{"count":2,"href":"https:\/\/www.caudete.org\/ayuntamiento\/wp-json\/wp\/v2\/posts\/18971\/revisions"}],"predecessor-version":[{"id":18976,"href":"https:\/\/www.caudete.org\/ayuntamiento\/wp-json\/wp\/v2\/posts\/18971\/revisions\/18976"}],"wp:featuredmedia":[{"embeddable":true,"href":"https:\/\/www.caudete.org\/ayuntamiento\/wp-json\/wp\/v2\/media\/18973"}],"wp:attachment":[{"href":"https:\/\/www.caudete.org\/ayuntamiento\/wp-json\/wp\/v2\/media?parent=18971"}],"wp:term":[{"taxonomy":"category","embeddable":true,"href":"https:\/\/www.caudete.org\/ayuntamiento\/wp-json\/wp\/v2\/categories?post=18971"},{"taxonomy":"post_tag","embeddable":true,"href":"https:\/\/www.caudete.org\/ayuntamiento\/wp-json\/wp\/v2\/tags?post=18971"}],"curies":[{"name":"wp","href":"https:\/\/api.w.org\/{rel}","templated":true}]}}