{"id":18986,"date":"2022-05-04T09:00:58","date_gmt":"2022-05-04T07:00:58","guid":{"rendered":"https:\/\/www.caudete.org\/ayuntamiento\/?p=18986"},"modified":"2022-05-04T17:39:11","modified_gmt":"2022-05-04T15:39:11","slug":"caudeteeneuropa-alumnos-y-profesores-del-ies-rafael-requena-viajan-a-francia-e-italia-con-erasmus","status":"publish","type":"post","link":"https:\/\/www.caudete.org\/ayuntamiento\/caudeteeneuropa-alumnos-y-profesores-del-ies-rafael-requena-viajan-a-francia-e-italia-con-erasmus\/","title":{"rendered":"CaudeteEnEUROPA: Alumnos y Profesores del IES Rafael Requena viajan a Francia e Italia con ERASMUS+"},"content":{"rendered":"<p align=\"justify\">M.\u00aa del Mar Requena Moll\u00e1, Concejal de Empleo y Formaci\u00f3n informa de las diferentes actividades de movilidad que, desde el mes de abril, se est\u00e1n desarrollando en el curso 2021-2022 en el IES Pintor Rafael Requena de Caudete, en el marco del proyecto de consorcio Erasmus+ FP Caudete en Europa III coordinado por el Ayuntamiento de Caudete.<\/p>\n<p align=\"justify\"><a href=\"https:\/\/www.caudete.org\/ayuntamiento\/wp-content\/uploads\/2022\/05\/ErasmusIES8.jpg\" rel='prettyPhoto'><img fetchpriority=\"high\" decoding=\"async\" class=\"aligncenter wp-image-18989 size-full\" src=\"https:\/\/www.caudete.org\/ayuntamiento\/wp-content\/uploads\/2022\/05\/ErasmusIES8.jpg\" alt=\"\" width=\"968\" height=\"687\" srcset=\"https:\/\/www.caudete.org\/ayuntamiento\/wp-content\/uploads\/2022\/05\/ErasmusIES8.jpg 968w, https:\/\/www.caudete.org\/ayuntamiento\/wp-content\/uploads\/2022\/05\/ErasmusIES8-300x213.jpg 300w, https:\/\/www.caudete.org\/ayuntamiento\/wp-content\/uploads\/2022\/05\/ErasmusIES8-768x545.jpg 768w\" sizes=\"(max-width: 968px) 100vw, 968px\" \/><\/a><\/p>\n<p align=\"justify\">Por una parte, profesorado de Formaci\u00f3n Profesional del IES de Caudete visit\u00f3 recientemente el Lyc\u00e9e La Sagesse de Valenciennes, Francia, centro con el que comparte, entre otras, las ense\u00f1anzas de Atenci\u00f3n a Personas en Situaci\u00f3n de Dependencia, pudiendo conocer su organizaci\u00f3n, curr\u00edculo formativo, pr\u00e1cticas y metodolog\u00edas docentes. Alumnado de este centro franc\u00e9s, de FP Administraci\u00f3n, estuvo en Caudete en marzo de 2020, realizando pr\u00e1cticas en empresas de la localidad durante 15 d\u00edas.<\/p>\n<p align=\"justify\"><a href=\"https:\/\/www.caudete.org\/ayuntamiento\/wp-content\/uploads\/2022\/05\/ErasmusIES2.jpg\" rel='prettyPhoto'><img decoding=\"async\" class=\"aligncenter wp-image-18988 size-full\" src=\"https:\/\/www.caudete.org\/ayuntamiento\/wp-content\/uploads\/2022\/05\/ErasmusIES2.jpg\" alt=\"\" width=\"957\" height=\"665\" srcset=\"https:\/\/www.caudete.org\/ayuntamiento\/wp-content\/uploads\/2022\/05\/ErasmusIES2.jpg 957w, https:\/\/www.caudete.org\/ayuntamiento\/wp-content\/uploads\/2022\/05\/ErasmusIES2-300x208.jpg 300w, https:\/\/www.caudete.org\/ayuntamiento\/wp-content\/uploads\/2022\/05\/ErasmusIES2-768x534.jpg 768w\" sizes=\"(max-width: 957px) 100vw, 957px\" \/><\/a><\/p>\n<p align=\"justify\">Por otro lado, 2 estudiantes del Ciclo de Grado Medio de Gesti\u00f3n Administrativa y 4 del Ciclo de Grado Medio de Atenci\u00f3n a Personas en Situaci\u00f3n de Dependencia realizan la totalidad o parte del m\u00f3dulo de Formaci\u00f3n en Centros de Trabajo de sus estudios en diferentes entidades en Italia, y han contado con el acompa\u00f1amiento durantes los primeros d\u00edas de profesoras del IES de Caudete.<\/p>\n<p align=\"justify\">Profesorado el IES tambi\u00e9n ha realizado una visita de planificaci\u00f3n previa a la Cooperativa Social L\u2019Ovile, en Reggio Emilia, que acoge a 2 de los estudiantes del centro durante 3 meses.<\/p>\n<p align=\"justify\"><a href=\"https:\/\/www.caudete.org\/ayuntamiento\/wp-content\/uploads\/2022\/05\/ErasmusIES3.jpg\" rel='prettyPhoto'><img decoding=\"async\" class=\"aligncenter wp-image-18994 size-full\" src=\"https:\/\/www.caudete.org\/ayuntamiento\/wp-content\/uploads\/2022\/05\/ErasmusIES3.jpg\" alt=\"\" width=\"845\" height=\"645\" srcset=\"https:\/\/www.caudete.org\/ayuntamiento\/wp-content\/uploads\/2022\/05\/ErasmusIES3.jpg 845w, https:\/\/www.caudete.org\/ayuntamiento\/wp-content\/uploads\/2022\/05\/ErasmusIES3-300x229.jpg 300w, https:\/\/www.caudete.org\/ayuntamiento\/wp-content\/uploads\/2022\/05\/ErasmusIES3-768x586.jpg 768w\" sizes=\"(max-width: 845px) 100vw, 845px\" \/><\/a><a href=\"https:\/\/www.caudete.org\/ayuntamiento\/wp-content\/uploads\/2022\/05\/ErasmusIES4.jpg\" rel='prettyPhoto'><img loading=\"lazy\" decoding=\"async\" class=\"aligncenter wp-image-18993 size-full\" src=\"https:\/\/www.caudete.org\/ayuntamiento\/wp-content\/uploads\/2022\/05\/ErasmusIES4.jpg\" alt=\"\" width=\"859\" height=\"481\" srcset=\"https:\/\/www.caudete.org\/ayuntamiento\/wp-content\/uploads\/2022\/05\/ErasmusIES4.jpg 859w, https:\/\/www.caudete.org\/ayuntamiento\/wp-content\/uploads\/2022\/05\/ErasmusIES4-300x168.jpg 300w, https:\/\/www.caudete.org\/ayuntamiento\/wp-content\/uploads\/2022\/05\/ErasmusIES4-768x430.jpg 768w\" sizes=\"(max-width: 859px) 100vw, 859px\" \/><\/a><\/p>\n<p align=\"justify\">Todas estas actividades en las que participa el IES Pintor Rafael Requena suponen una continuaci\u00f3n del marco de colaboraci\u00f3n que desde el Ayuntamiento de Caudete se ha establecido con diferentes centros educativos, empresas y organizaciones sin \u00e1nimo de lucro en diferentes pa\u00edses europeos, para seguir ofreciendo oportunidades de movilidad Erasmus+ en beneficio del alumnado y profesorado de Formaci\u00f3n Profesional del municipio, contribuyendo a construir el Espacio Europeo de Educaci\u00f3n 2025 que la Comisi\u00f3n Europea ha planteado como horizonte para los pr\u00f3ximos a\u00f1os y que pretende favorecer el aprendizaje de idiomas, la mejora de las competencias profesionales, el intercambio de buenas pr\u00e1cticas, la interculturalidad y el sentimiento de ciudadan\u00eda europea.<\/p>\n<p align=\"justify\">Gracias a Lyc\u00e9e La Sagesse de Valenciennes (Francia); L\u2019Ovile Cooperativa Sociale, en Reggio Emilia; a Associazione Sementera, en Perugia, CE-RES, Semar Viaggi y Grand Hotel di Lecce, en Lecce (Italia).<\/p>\n<p align=\"justify\"><a href=\"https:\/\/www.caudete.org\/ayuntamiento\/wp-content\/uploads\/2022\/05\/ErasmusIES5.jpg\" rel='prettyPhoto'><img loading=\"lazy\" decoding=\"async\" class=\"aligncenter wp-image-18992 size-full\" src=\"https:\/\/www.caudete.org\/ayuntamiento\/wp-content\/uploads\/2022\/05\/ErasmusIES5.jpg\" alt=\"\" width=\"804\" height=\"596\" srcset=\"https:\/\/www.caudete.org\/ayuntamiento\/wp-content\/uploads\/2022\/05\/ErasmusIES5.jpg 804w, https:\/\/www.caudete.org\/ayuntamiento\/wp-content\/uploads\/2022\/05\/ErasmusIES5-300x222.jpg 300w, https:\/\/www.caudete.org\/ayuntamiento\/wp-content\/uploads\/2022\/05\/ErasmusIES5-768x569.jpg 768w\" sizes=\"(max-width: 804px) 100vw, 804px\" \/><\/a> <a href=\"https:\/\/www.caudete.org\/ayuntamiento\/wp-content\/uploads\/2022\/05\/ErasmusIES6.jpg\" rel='prettyPhoto'><img loading=\"lazy\" decoding=\"async\" class=\"aligncenter wp-image-18991 size-full\" src=\"https:\/\/www.caudete.org\/ayuntamiento\/wp-content\/uploads\/2022\/05\/ErasmusIES6.jpg\" alt=\"\" width=\"521\" height=\"769\" srcset=\"https:\/\/www.caudete.org\/ayuntamiento\/wp-content\/uploads\/2022\/05\/ErasmusIES6.jpg 521w, https:\/\/www.caudete.org\/ayuntamiento\/wp-content\/uploads\/2022\/05\/ErasmusIES6-203x300.jpg 203w\" sizes=\"(max-width: 521px) 100vw, 521px\" \/><\/a> <a href=\"https:\/\/www.caudete.org\/ayuntamiento\/wp-content\/uploads\/2022\/05\/ErasmusIES7.jpg\" rel='prettyPhoto'><img loading=\"lazy\" decoding=\"async\" class=\"aligncenter wp-image-18990 size-medium\" src=\"https:\/\/www.caudete.org\/ayuntamiento\/wp-content\/uploads\/2022\/05\/ErasmusIES7-235x300.jpg\" alt=\"\" width=\"235\" height=\"300\" srcset=\"https:\/\/www.caudete.org\/ayuntamiento\/wp-content\/uploads\/2022\/05\/ErasmusIES7-235x300.jpg 235w, https:\/\/www.caudete.org\/ayuntamiento\/wp-content\/uploads\/2022\/05\/ErasmusIES7.jpg 601w\" sizes=\"(max-width: 235px) 100vw, 235px\" \/><\/a><\/p>\n","protected":false},"excerpt":{"rendered":"<p>M.\u00aa del Mar Requena Moll\u00e1, Concejal de Empleo y Formaci\u00f3n informa de las diferentes actividades de movilidad que, desde el mes de abril, se est\u00e1n desarrollando en el curso 2021-2022 en el IES Pintor Rafael Requena de Caudete, en el marco del proyecto de consorcio Erasmus+ FP Caudete en Europa III coordinado por el Ayuntamiento &hellip;<\/p>\n","protected":false},"author":3,"featured_media":18987,"comment_status":"closed","ping_status":"open","sticky":false,"template":"","format":"standard","meta":{"ngg_post_thumbnail":0,"footnotes":""},"categories":[37],"tags":[],"class_list":["post-18986","post","type-post","status-publish","format-standard","has-post-thumbnail","hentry","category-empleo-y-formacion"],"yoast_head":"<!-- This site is optimized with the Yoast SEO plugin v27.4 - https:\/\/yoast.com\/product\/yoast-seo-wordpress\/ -->\n<title>CaudeteEnEUROPA: Alumnos y Profesores del IES Rafael Requena viajan a Francia e Italia con ERASMUS+ - MI Ayuntamiento de Caudete<\/title>\n<meta name=\"description\" content=\"P\u00e1gina Oficial del Ayuntamiento de Caudete (Albacete)\" \/>\n<meta name=\"robots\" content=\"index, follow, max-snippet:-1, max-image-preview:large, max-video-preview:-1\" \/>\n<link rel=\"canonical\" href=\"https:\/\/www.caudete.org\/ayuntamiento\/caudeteeneuropa-alumnos-y-profesores-del-ies-rafael-requena-viajan-a-francia-e-italia-con-erasmus\/\" \/>\n<meta property=\"og:locale\" content=\"es_ES\" \/>\n<meta property=\"og:type\" content=\"article\" \/>\n<meta property=\"og:title\" content=\"CaudeteEnEUROPA: Alumnos y Profesores del IES Rafael Requena viajan a Francia e Italia con ERASMUS+ - MI Ayuntamiento de Caudete\" \/>\n<meta property=\"og:description\" content=\"P\u00e1gina Oficial del Ayuntamiento de Caudete (Albacete)\" \/>\n<meta property=\"og:url\" content=\"https:\/\/www.caudete.org\/ayuntamiento\/caudeteeneuropa-alumnos-y-profesores-del-ies-rafael-requena-viajan-a-francia-e-italia-con-erasmus\/\" \/>\n<meta property=\"og:site_name\" content=\"MI Ayuntamiento de Caudete\" \/>\n<meta property=\"article:publisher\" content=\"https:\/\/www.facebook.com\/ayuntamientocaudete\/\" \/>\n<meta property=\"article:published_time\" content=\"2022-05-04T07:00:58+00:00\" \/>\n<meta property=\"article:modified_time\" content=\"2022-05-04T15:39:11+00:00\" \/>\n<meta property=\"og:image\" content=\"https:\/\/www.caudete.org\/ayuntamiento\/wp-content\/uploads\/2022\/05\/ErasmusIES.jpg\" \/>\n\t<meta property=\"og:image:width\" content=\"1262\" \/>\n\t<meta property=\"og:image:height\" content=\"711\" \/>\n\t<meta property=\"og:image:type\" content=\"image\/jpeg\" \/>\n<meta name=\"author\" content=\"alcalde\" \/>\n<meta name=\"twitter:card\" content=\"summary_large_image\" \/>\n<meta name=\"twitter:label1\" content=\"Escrito por\" \/>\n\t<meta name=\"twitter:data1\" content=\"alcalde\" \/>\n\t<meta name=\"twitter:label2\" content=\"Tiempo de lectura\" \/>\n\t<meta name=\"twitter:data2\" content=\"2 minutos\" \/>\n<script type=\"application\/ld+json\" class=\"yoast-schema-graph\">{\"@context\":\"https:\\\/\\\/schema.org\",\"@graph\":[{\"@type\":\"Article\",\"@id\":\"https:\\\/\\\/www.caudete.org\\\/ayuntamiento\\\/caudeteeneuropa-alumnos-y-profesores-del-ies-rafael-requena-viajan-a-francia-e-italia-con-erasmus\\\/#article\",\"isPartOf\":{\"@id\":\"https:\\\/\\\/www.caudete.org\\\/ayuntamiento\\\/caudeteeneuropa-alumnos-y-profesores-del-ies-rafael-requena-viajan-a-francia-e-italia-con-erasmus\\\/\"},\"author\":{\"name\":\"alcalde\",\"@id\":\"https:\\\/\\\/www.caudete.org\\\/ayuntamiento\\\/#\\\/schema\\\/person\\\/cc646da9133078ee4d8dd47457947253\"},\"headline\":\"CaudeteEnEUROPA: Alumnos y Profesores del IES Rafael Requena viajan a Francia e Italia con ERASMUS+\",\"datePublished\":\"2022-05-04T07:00:58+00:00\",\"dateModified\":\"2022-05-04T15:39:11+00:00\",\"mainEntityOfPage\":{\"@id\":\"https:\\\/\\\/www.caudete.org\\\/ayuntamiento\\\/caudeteeneuropa-alumnos-y-profesores-del-ies-rafael-requena-viajan-a-francia-e-italia-con-erasmus\\\/\"},\"wordCount\":409,\"publisher\":{\"@id\":\"https:\\\/\\\/www.caudete.org\\\/ayuntamiento\\\/#organization\"},\"image\":{\"@id\":\"https:\\\/\\\/www.caudete.org\\\/ayuntamiento\\\/caudeteeneuropa-alumnos-y-profesores-del-ies-rafael-requena-viajan-a-francia-e-italia-con-erasmus\\\/#primaryimage\"},\"thumbnailUrl\":\"https:\\\/\\\/www.caudete.org\\\/ayuntamiento\\\/wp-content\\\/uploads\\\/2022\\\/05\\\/ErasmusIES.jpg\",\"articleSection\":[\"Empleo y Formaci\u00f3n\"],\"inLanguage\":\"es\"},{\"@type\":\"WebPage\",\"@id\":\"https:\\\/\\\/www.caudete.org\\\/ayuntamiento\\\/caudeteeneuropa-alumnos-y-profesores-del-ies-rafael-requena-viajan-a-francia-e-italia-con-erasmus\\\/\",\"url\":\"https:\\\/\\\/www.caudete.org\\\/ayuntamiento\\\/caudeteeneuropa-alumnos-y-profesores-del-ies-rafael-requena-viajan-a-francia-e-italia-con-erasmus\\\/\",\"name\":\"CaudeteEnEUROPA: Alumnos y Profesores del IES Rafael Requena viajan a Francia e Italia con ERASMUS+ - MI Ayuntamiento de Caudete\",\"isPartOf\":{\"@id\":\"https:\\\/\\\/www.caudete.org\\\/ayuntamiento\\\/#website\"},\"primaryImageOfPage\":{\"@id\":\"https:\\\/\\\/www.caudete.org\\\/ayuntamiento\\\/caudeteeneuropa-alumnos-y-profesores-del-ies-rafael-requena-viajan-a-francia-e-italia-con-erasmus\\\/#primaryimage\"},\"image\":{\"@id\":\"https:\\\/\\\/www.caudete.org\\\/ayuntamiento\\\/caudeteeneuropa-alumnos-y-profesores-del-ies-rafael-requena-viajan-a-francia-e-italia-con-erasmus\\\/#primaryimage\"},\"thumbnailUrl\":\"https:\\\/\\\/www.caudete.org\\\/ayuntamiento\\\/wp-content\\\/uploads\\\/2022\\\/05\\\/ErasmusIES.jpg\",\"datePublished\":\"2022-05-04T07:00:58+00:00\",\"dateModified\":\"2022-05-04T15:39:11+00:00\",\"description\":\"P\u00e1gina Oficial del Ayuntamiento de Caudete (Albacete)\",\"breadcrumb\":{\"@id\":\"https:\\\/\\\/www.caudete.org\\\/ayuntamiento\\\/caudeteeneuropa-alumnos-y-profesores-del-ies-rafael-requena-viajan-a-francia-e-italia-con-erasmus\\\/#breadcrumb\"},\"inLanguage\":\"es\",\"potentialAction\":[{\"@type\":\"ReadAction\",\"target\":[\"https:\\\/\\\/www.caudete.org\\\/ayuntamiento\\\/caudeteeneuropa-alumnos-y-profesores-del-ies-rafael-requena-viajan-a-francia-e-italia-con-erasmus\\\/\"]}]},{\"@type\":\"ImageObject\",\"inLanguage\":\"es\",\"@id\":\"https:\\\/\\\/www.caudete.org\\\/ayuntamiento\\\/caudeteeneuropa-alumnos-y-profesores-del-ies-rafael-requena-viajan-a-francia-e-italia-con-erasmus\\\/#primaryimage\",\"url\":\"https:\\\/\\\/www.caudete.org\\\/ayuntamiento\\\/wp-content\\\/uploads\\\/2022\\\/05\\\/ErasmusIES.jpg\",\"contentUrl\":\"https:\\\/\\\/www.caudete.org\\\/ayuntamiento\\\/wp-content\\\/uploads\\\/2022\\\/05\\\/ErasmusIES.jpg\",\"width\":1262,\"height\":711},{\"@type\":\"BreadcrumbList\",\"@id\":\"https:\\\/\\\/www.caudete.org\\\/ayuntamiento\\\/caudeteeneuropa-alumnos-y-profesores-del-ies-rafael-requena-viajan-a-francia-e-italia-con-erasmus\\\/#breadcrumb\",\"itemListElement\":[{\"@type\":\"ListItem\",\"position\":1,\"name\":\"Inicio\",\"item\":\"https:\\\/\\\/www.caudete.org\\\/ayuntamiento\\\/\"},{\"@type\":\"ListItem\",\"position\":2,\"name\":\"CaudeteEnEUROPA: Alumnos y Profesores del IES Rafael Requena viajan a Francia e Italia con ERASMUS+\"}]},{\"@type\":\"WebSite\",\"@id\":\"https:\\\/\\\/www.caudete.org\\\/ayuntamiento\\\/#website\",\"url\":\"https:\\\/\\\/www.caudete.org\\\/ayuntamiento\\\/\",\"name\":\"MI Ayuntamiento de Caudete\",\"description\":\"P\u00e1gina Oficial del MI Ayuntamiento de Caudete\",\"publisher\":{\"@id\":\"https:\\\/\\\/www.caudete.org\\\/ayuntamiento\\\/#organization\"},\"potentialAction\":[{\"@type\":\"SearchAction\",\"target\":{\"@type\":\"EntryPoint\",\"urlTemplate\":\"https:\\\/\\\/www.caudete.org\\\/ayuntamiento\\\/?s={search_term_string}\"},\"query-input\":{\"@type\":\"PropertyValueSpecification\",\"valueRequired\":true,\"valueName\":\"search_term_string\"}}],\"inLanguage\":\"es\"},{\"@type\":\"Organization\",\"@id\":\"https:\\\/\\\/www.caudete.org\\\/ayuntamiento\\\/#organization\",\"name\":\"Ayuntamiento de Caudete\",\"url\":\"https:\\\/\\\/www.caudete.org\\\/ayuntamiento\\\/\",\"logo\":{\"@type\":\"ImageObject\",\"inLanguage\":\"es\",\"@id\":\"https:\\\/\\\/www.caudete.org\\\/ayuntamiento\\\/#\\\/schema\\\/logo\\\/image\\\/\",\"url\":\"https:\\\/\\\/www.caudete.org\\\/ayuntamiento\\\/wp-content\\\/uploads\\\/2020\\\/11\\\/logo_ayuntamiento_caudete.jpg\",\"contentUrl\":\"https:\\\/\\\/www.caudete.org\\\/ayuntamiento\\\/wp-content\\\/uploads\\\/2020\\\/11\\\/logo_ayuntamiento_caudete.jpg\",\"width\":600,\"height\":150,\"caption\":\"Ayuntamiento de Caudete\"},\"image\":{\"@id\":\"https:\\\/\\\/www.caudete.org\\\/ayuntamiento\\\/#\\\/schema\\\/logo\\\/image\\\/\"},\"sameAs\":[\"https:\\\/\\\/www.facebook.com\\\/ayuntamientocaudete\\\/\",\"https:\\\/\\\/www.youtube.com\\\/channel\\\/UC6VztHaooNsGpw-tNoBEFnQ\"]},{\"@type\":\"Person\",\"@id\":\"https:\\\/\\\/www.caudete.org\\\/ayuntamiento\\\/#\\\/schema\\\/person\\\/cc646da9133078ee4d8dd47457947253\",\"name\":\"alcalde\",\"image\":{\"@type\":\"ImageObject\",\"inLanguage\":\"es\",\"@id\":\"https:\\\/\\\/secure.gravatar.com\\\/avatar\\\/84a817ba065b29ff08d666b215a215f5c79186a645ccb25b14a663d48a130f77?s=96&d=mm&r=g\",\"url\":\"https:\\\/\\\/secure.gravatar.com\\\/avatar\\\/84a817ba065b29ff08d666b215a215f5c79186a645ccb25b14a663d48a130f77?s=96&d=mm&r=g\",\"contentUrl\":\"https:\\\/\\\/secure.gravatar.com\\\/avatar\\\/84a817ba065b29ff08d666b215a215f5c79186a645ccb25b14a663d48a130f77?s=96&d=mm&r=g\",\"caption\":\"alcalde\"},\"url\":\"https:\\\/\\\/www.caudete.org\\\/ayuntamiento\\\/author\\\/alcalde\\\/\"}]}<\/script>\n<!-- \/ Yoast SEO plugin. -->","yoast_head_json":{"title":"CaudeteEnEUROPA: Alumnos y Profesores del IES Rafael Requena viajan a Francia e Italia con ERASMUS+ - MI Ayuntamiento de Caudete","description":"P\u00e1gina Oficial del Ayuntamiento de Caudete (Albacete)","robots":{"index":"index","follow":"follow","max-snippet":"max-snippet:-1","max-image-preview":"max-image-preview:large","max-video-preview":"max-video-preview:-1"},"canonical":"https:\/\/www.caudete.org\/ayuntamiento\/caudeteeneuropa-alumnos-y-profesores-del-ies-rafael-requena-viajan-a-francia-e-italia-con-erasmus\/","og_locale":"es_ES","og_type":"article","og_title":"CaudeteEnEUROPA: Alumnos y Profesores del IES Rafael Requena viajan a Francia e Italia con ERASMUS+ - MI Ayuntamiento de Caudete","og_description":"P\u00e1gina Oficial del Ayuntamiento de Caudete (Albacete)","og_url":"https:\/\/www.caudete.org\/ayuntamiento\/caudeteeneuropa-alumnos-y-profesores-del-ies-rafael-requena-viajan-a-francia-e-italia-con-erasmus\/","og_site_name":"MI Ayuntamiento de Caudete","article_publisher":"https:\/\/www.facebook.com\/ayuntamientocaudete\/","article_published_time":"2022-05-04T07:00:58+00:00","article_modified_time":"2022-05-04T15:39:11+00:00","og_image":[{"width":1262,"height":711,"url":"https:\/\/www.caudete.org\/ayuntamiento\/wp-content\/uploads\/2022\/05\/ErasmusIES.jpg","type":"image\/jpeg"}],"author":"alcalde","twitter_card":"summary_large_image","twitter_misc":{"Escrito por":"alcalde","Tiempo de lectura":"2 minutos"},"schema":{"@context":"https:\/\/schema.org","@graph":[{"@type":"Article","@id":"https:\/\/www.caudete.org\/ayuntamiento\/caudeteeneuropa-alumnos-y-profesores-del-ies-rafael-requena-viajan-a-francia-e-italia-con-erasmus\/#article","isPartOf":{"@id":"https:\/\/www.caudete.org\/ayuntamiento\/caudeteeneuropa-alumnos-y-profesores-del-ies-rafael-requena-viajan-a-francia-e-italia-con-erasmus\/"},"author":{"name":"alcalde","@id":"https:\/\/www.caudete.org\/ayuntamiento\/#\/schema\/person\/cc646da9133078ee4d8dd47457947253"},"headline":"CaudeteEnEUROPA: Alumnos y Profesores del IES Rafael Requena viajan a Francia e Italia con ERASMUS+","datePublished":"2022-05-04T07:00:58+00:00","dateModified":"2022-05-04T15:39:11+00:00","mainEntityOfPage":{"@id":"https:\/\/www.caudete.org\/ayuntamiento\/caudeteeneuropa-alumnos-y-profesores-del-ies-rafael-requena-viajan-a-francia-e-italia-con-erasmus\/"},"wordCount":409,"publisher":{"@id":"https:\/\/www.caudete.org\/ayuntamiento\/#organization"},"image":{"@id":"https:\/\/www.caudete.org\/ayuntamiento\/caudeteeneuropa-alumnos-y-profesores-del-ies-rafael-requena-viajan-a-francia-e-italia-con-erasmus\/#primaryimage"},"thumbnailUrl":"https:\/\/www.caudete.org\/ayuntamiento\/wp-content\/uploads\/2022\/05\/ErasmusIES.jpg","articleSection":["Empleo y Formaci\u00f3n"],"inLanguage":"es"},{"@type":"WebPage","@id":"https:\/\/www.caudete.org\/ayuntamiento\/caudeteeneuropa-alumnos-y-profesores-del-ies-rafael-requena-viajan-a-francia-e-italia-con-erasmus\/","url":"https:\/\/www.caudete.org\/ayuntamiento\/caudeteeneuropa-alumnos-y-profesores-del-ies-rafael-requena-viajan-a-francia-e-italia-con-erasmus\/","name":"CaudeteEnEUROPA: Alumnos y Profesores del IES Rafael Requena viajan a Francia e Italia con ERASMUS+ - MI Ayuntamiento de Caudete","isPartOf":{"@id":"https:\/\/www.caudete.org\/ayuntamiento\/#website"},"primaryImageOfPage":{"@id":"https:\/\/www.caudete.org\/ayuntamiento\/caudeteeneuropa-alumnos-y-profesores-del-ies-rafael-requena-viajan-a-francia-e-italia-con-erasmus\/#primaryimage"},"image":{"@id":"https:\/\/www.caudete.org\/ayuntamiento\/caudeteeneuropa-alumnos-y-profesores-del-ies-rafael-requena-viajan-a-francia-e-italia-con-erasmus\/#primaryimage"},"thumbnailUrl":"https:\/\/www.caudete.org\/ayuntamiento\/wp-content\/uploads\/2022\/05\/ErasmusIES.jpg","datePublished":"2022-05-04T07:00:58+00:00","dateModified":"2022-05-04T15:39:11+00:00","description":"P\u00e1gina Oficial del Ayuntamiento de Caudete (Albacete)","breadcrumb":{"@id":"https:\/\/www.caudete.org\/ayuntamiento\/caudeteeneuropa-alumnos-y-profesores-del-ies-rafael-requena-viajan-a-francia-e-italia-con-erasmus\/#breadcrumb"},"inLanguage":"es","potentialAction":[{"@type":"ReadAction","target":["https:\/\/www.caudete.org\/ayuntamiento\/caudeteeneuropa-alumnos-y-profesores-del-ies-rafael-requena-viajan-a-francia-e-italia-con-erasmus\/"]}]},{"@type":"ImageObject","inLanguage":"es","@id":"https:\/\/www.caudete.org\/ayuntamiento\/caudeteeneuropa-alumnos-y-profesores-del-ies-rafael-requena-viajan-a-francia-e-italia-con-erasmus\/#primaryimage","url":"https:\/\/www.caudete.org\/ayuntamiento\/wp-content\/uploads\/2022\/05\/ErasmusIES.jpg","contentUrl":"https:\/\/www.caudete.org\/ayuntamiento\/wp-content\/uploads\/2022\/05\/ErasmusIES.jpg","width":1262,"height":711},{"@type":"BreadcrumbList","@id":"https:\/\/www.caudete.org\/ayuntamiento\/caudeteeneuropa-alumnos-y-profesores-del-ies-rafael-requena-viajan-a-francia-e-italia-con-erasmus\/#breadcrumb","itemListElement":[{"@type":"ListItem","position":1,"name":"Inicio","item":"https:\/\/www.caudete.org\/ayuntamiento\/"},{"@type":"ListItem","position":2,"name":"CaudeteEnEUROPA: Alumnos y Profesores del IES Rafael Requena viajan a Francia e Italia con ERASMUS+"}]},{"@type":"WebSite","@id":"https:\/\/www.caudete.org\/ayuntamiento\/#website","url":"https:\/\/www.caudete.org\/ayuntamiento\/","name":"MI Ayuntamiento de Caudete","description":"P\u00e1gina Oficial del MI Ayuntamiento de Caudete","publisher":{"@id":"https:\/\/www.caudete.org\/ayuntamiento\/#organization"},"potentialAction":[{"@type":"SearchAction","target":{"@type":"EntryPoint","urlTemplate":"https:\/\/www.caudete.org\/ayuntamiento\/?s={search_term_string}"},"query-input":{"@type":"PropertyValueSpecification","valueRequired":true,"valueName":"search_term_string"}}],"inLanguage":"es"},{"@type":"Organization","@id":"https:\/\/www.caudete.org\/ayuntamiento\/#organization","name":"Ayuntamiento de Caudete","url":"https:\/\/www.caudete.org\/ayuntamiento\/","logo":{"@type":"ImageObject","inLanguage":"es","@id":"https:\/\/www.caudete.org\/ayuntamiento\/#\/schema\/logo\/image\/","url":"https:\/\/www.caudete.org\/ayuntamiento\/wp-content\/uploads\/2020\/11\/logo_ayuntamiento_caudete.jpg","contentUrl":"https:\/\/www.caudete.org\/ayuntamiento\/wp-content\/uploads\/2020\/11\/logo_ayuntamiento_caudete.jpg","width":600,"height":150,"caption":"Ayuntamiento de Caudete"},"image":{"@id":"https:\/\/www.caudete.org\/ayuntamiento\/#\/schema\/logo\/image\/"},"sameAs":["https:\/\/www.facebook.com\/ayuntamientocaudete\/","https:\/\/www.youtube.com\/channel\/UC6VztHaooNsGpw-tNoBEFnQ"]},{"@type":"Person","@id":"https:\/\/www.caudete.org\/ayuntamiento\/#\/schema\/person\/cc646da9133078ee4d8dd47457947253","name":"alcalde","image":{"@type":"ImageObject","inLanguage":"es","@id":"https:\/\/secure.gravatar.com\/avatar\/84a817ba065b29ff08d666b215a215f5c79186a645ccb25b14a663d48a130f77?s=96&d=mm&r=g","url":"https:\/\/secure.gravatar.com\/avatar\/84a817ba065b29ff08d666b215a215f5c79186a645ccb25b14a663d48a130f77?s=96&d=mm&r=g","contentUrl":"https:\/\/secure.gravatar.com\/avatar\/84a817ba065b29ff08d666b215a215f5c79186a645ccb25b14a663d48a130f77?s=96&d=mm&r=g","caption":"alcalde"},"url":"https:\/\/www.caudete.org\/ayuntamiento\/author\/alcalde\/"}]}},"_links":{"self":[{"href":"https:\/\/www.caudete.org\/ayuntamiento\/wp-json\/wp\/v2\/posts\/18986","targetHints":{"allow":["GET"]}}],"collection":[{"href":"https:\/\/www.caudete.org\/ayuntamiento\/wp-json\/wp\/v2\/posts"}],"about":[{"href":"https:\/\/www.caudete.org\/ayuntamiento\/wp-json\/wp\/v2\/types\/post"}],"author":[{"embeddable":true,"href":"https:\/\/www.caudete.org\/ayuntamiento\/wp-json\/wp\/v2\/users\/3"}],"replies":[{"embeddable":true,"href":"https:\/\/www.caudete.org\/ayuntamiento\/wp-json\/wp\/v2\/comments?post=18986"}],"version-history":[{"count":3,"href":"https:\/\/www.caudete.org\/ayuntamiento\/wp-json\/wp\/v2\/posts\/18986\/revisions"}],"predecessor-version":[{"id":19013,"href":"https:\/\/www.caudete.org\/ayuntamiento\/wp-json\/wp\/v2\/posts\/18986\/revisions\/19013"}],"wp:featuredmedia":[{"embeddable":true,"href":"https:\/\/www.caudete.org\/ayuntamiento\/wp-json\/wp\/v2\/media\/18987"}],"wp:attachment":[{"href":"https:\/\/www.caudete.org\/ayuntamiento\/wp-json\/wp\/v2\/media?parent=18986"}],"wp:term":[{"taxonomy":"category","embeddable":true,"href":"https:\/\/www.caudete.org\/ayuntamiento\/wp-json\/wp\/v2\/categories?post=18986"},{"taxonomy":"post_tag","embeddable":true,"href":"https:\/\/www.caudete.org\/ayuntamiento\/wp-json\/wp\/v2\/tags?post=18986"}],"curies":[{"name":"wp","href":"https:\/\/api.w.org\/{rel}","templated":true}]}}