{"id":19000,"date":"2022-05-04T09:00:33","date_gmt":"2022-05-04T07:00:33","guid":{"rendered":"https:\/\/www.caudete.org\/ayuntamiento\/?p=19000"},"modified":"2022-05-04T17:33:42","modified_gmt":"2022-05-04T15:33:42","slug":"avanzan-los-trabajos-en-el-nuevo-pozo-de-agua","status":"publish","type":"post","link":"https:\/\/www.caudete.org\/ayuntamiento\/avanzan-los-trabajos-en-el-nuevo-pozo-de-agua\/","title":{"rendered":"Avanzan los trabajos en el nuevo POZO DE AGUA"},"content":{"rendered":"<p style=\"text-align: justify;\">El Alcalde Mois\u00e9s L\u00f3pez, visitaba hace unos d\u00edas junto a T\u00e9cnicos Municipales el lugar donde el Ayuntamiento se encuentra realizando trabajos para dotar de un nuevo Pozo de Agua a la poblaci\u00f3n, a las faldas de la Sierra Oliva.<\/p>\n<p style=\"text-align: justify;\">El proyecto, adjudicado a la empresa villenense Sondeos Mart\u00ednez S.L., tiene por objeto acometer las Obras de Rehabilitaci\u00f3n y Acondicionamiento del Pozo de Santa Ana II, en la parcela que el Consistorio adquiri\u00f3 en 2020 a Canal de la Huerta, S.L. como resultado de la Sentencia Judicial n\u00ba126\/2019 del TSJ-CLM, y de las negociaciones posteriores con la propiedad a fin de evitar el desmontaje de uno de los dos pozos que abastecen en la actualidad a la poblaci\u00f3n.<\/p>\n<p><a href=\"https:\/\/www.caudete.org\/ayuntamiento\/wp-content\/uploads\/2021\/01\/IMG_0084.jpg\" rel='prettyPhoto'><img fetchpriority=\"high\" decoding=\"async\" class=\"aligncenter wp-image-11872 size-large\" src=\"https:\/\/www.caudete.org\/ayuntamiento\/wp-content\/uploads\/2021\/01\/IMG_0084-1024x683.jpg\" alt=\"\" width=\"1024\" height=\"683\" srcset=\"https:\/\/www.caudete.org\/ayuntamiento\/wp-content\/uploads\/2021\/01\/IMG_0084-1024x683.jpg 1024w, https:\/\/www.caudete.org\/ayuntamiento\/wp-content\/uploads\/2021\/01\/IMG_0084-300x200.jpg 300w, https:\/\/www.caudete.org\/ayuntamiento\/wp-content\/uploads\/2021\/01\/IMG_0084-768x512.jpg 768w, https:\/\/www.caudete.org\/ayuntamiento\/wp-content\/uploads\/2021\/01\/IMG_0084-1536x1024.jpg 1536w, https:\/\/www.caudete.org\/ayuntamiento\/wp-content\/uploads\/2021\/01\/IMG_0084.jpg 2048w\" sizes=\"(max-width: 1024px) 100vw, 1024px\" \/><\/a><\/p>\n<p style=\"text-align: justify;\">Haciendo memoria, el Alcalde recordaba que en dicha parcela exist\u00eda un sondeo realizado en el a\u00f1o 1989 por la Sociedad Canal de La Huerta que nunca fue puesto en uso por causas ajenas al promotor, y que tras la adquisici\u00f3n por parte del Ayuntamiento de los terrenos, se estudi\u00f3 la idoneidad de recuperar el sondeo, aforarlo y ponerlo en funcionamiento para el abastecimiento de la poblaci\u00f3n en caso de ser favorable, lo que supondr\u00eda que Caudete tendr\u00eda un &#8220;<em>pozo de alivio<\/em>&#8221; frente a los que actualmente est\u00e1n en funcionamiento. Algo que el Alcalde remarcaba como &#8220;<em>de vital importancia, de necesidad b\u00e1sica, y de asegurar el futuro pr\u00f3ximo a Caudete<\/em>&#8220;.<\/p>\n<p><a href=\"https:\/\/www.caudete.org\/ayuntamiento\/wp-content\/uploads\/2021\/12\/POZO-NUEVO-VEREDA.jpg\" rel='prettyPhoto'><img decoding=\"async\" class=\"aligncenter wp-image-17666 size-full\" src=\"https:\/\/www.caudete.org\/ayuntamiento\/wp-content\/uploads\/2021\/12\/POZO-NUEVO-VEREDA.jpg\" alt=\"\" width=\"931\" height=\"627\" srcset=\"https:\/\/www.caudete.org\/ayuntamiento\/wp-content\/uploads\/2021\/12\/POZO-NUEVO-VEREDA.jpg 931w, https:\/\/www.caudete.org\/ayuntamiento\/wp-content\/uploads\/2021\/12\/POZO-NUEVO-VEREDA-300x202.jpg 300w, https:\/\/www.caudete.org\/ayuntamiento\/wp-content\/uploads\/2021\/12\/POZO-NUEVO-VEREDA-768x517.jpg 768w\" sizes=\"(max-width: 931px) 100vw, 931px\" \/><\/a><\/p>\n<p style=\"text-align: justify;\">En estos momentos ha concluido una primera fase, que consiste en la extracci\u00f3n de la tuber\u00eda vieja y rota del pozo, para su posterior entubaci\u00f3n as\u00ed como la limpieza del fondo, con la fabricaci\u00f3n de herramientas de pesca para la extracci\u00f3n de la tuber\u00eda; en la realizaci\u00f3n de los trabajos de testificaci\u00f3n para comprobar el estado del resto de la tuber\u00eda; as\u00ed como en el entubado de todo el pozo para asegurar el mismo.<\/p>\n<p><a href=\"https:\/\/www.caudete.org\/ayuntamiento\/wp-content\/uploads\/2022\/05\/IMG_20220413_120503-scaled.jpg\" rel='prettyPhoto'><img decoding=\"async\" class=\"aligncenter wp-image-19003 size-large\" src=\"https:\/\/www.caudete.org\/ayuntamiento\/wp-content\/uploads\/2022\/05\/IMG_20220413_120503-1024x768.jpg\" alt=\"\" width=\"1024\" height=\"768\" srcset=\"https:\/\/www.caudete.org\/ayuntamiento\/wp-content\/uploads\/2022\/05\/IMG_20220413_120503-1024x768.jpg 1024w, https:\/\/www.caudete.org\/ayuntamiento\/wp-content\/uploads\/2022\/05\/IMG_20220413_120503-300x225.jpg 300w, https:\/\/www.caudete.org\/ayuntamiento\/wp-content\/uploads\/2022\/05\/IMG_20220413_120503-768x576.jpg 768w, https:\/\/www.caudete.org\/ayuntamiento\/wp-content\/uploads\/2022\/05\/IMG_20220413_120503-1536x1152.jpg 1536w, https:\/\/www.caudete.org\/ayuntamiento\/wp-content\/uploads\/2022\/05\/IMG_20220413_120503-2048x1536.jpg 2048w\" sizes=\"(max-width: 1024px) 100vw, 1024px\" \/><\/a><\/p>\n<p style=\"text-align: justify;\">Queda en una segunda fase, a realizar en pr\u00f3ximos d\u00edas y que se extender\u00e1 en unas semanas, el aforo del pozo y el montaje posterior de la tuber\u00eda de impulsi\u00f3n con el conjunto de la instalaci\u00f3n el\u00e9ctrica de bombeo, as\u00ed como la conexi\u00f3n del pozo con la red de distribuci\u00f3n principal.<\/p>\n<p style=\"text-align: justify;\">El Primer Edil, destacaba el trabajo y la dedicaci\u00f3n que el Departamento de Aguas junto al de Obras est\u00e1n dedicando en este proyecto, coordinado desde el inicio por la Concejal\u00eda del Ciclo Integral del Agua, y que supone materializar una vez m\u00e1s, otro de los objetivos fijados para la presente legislatura en materia h\u00eddrica.<\/p>\n<p><a href=\"https:\/\/www.caudete.org\/ayuntamiento\/wp-content\/uploads\/2022\/05\/WhatsApp-Image-2022-03-03-at-6.05.35-PM.jpeg\" rel='prettyPhoto'><img loading=\"lazy\" decoding=\"async\" class=\"aligncenter wp-image-19002 size-large\" src=\"https:\/\/www.caudete.org\/ayuntamiento\/wp-content\/uploads\/2022\/05\/WhatsApp-Image-2022-03-03-at-6.05.35-PM-1024x768.jpeg\" alt=\"\" width=\"1024\" height=\"768\" srcset=\"https:\/\/www.caudete.org\/ayuntamiento\/wp-content\/uploads\/2022\/05\/WhatsApp-Image-2022-03-03-at-6.05.35-PM-1024x768.jpeg 1024w, https:\/\/www.caudete.org\/ayuntamiento\/wp-content\/uploads\/2022\/05\/WhatsApp-Image-2022-03-03-at-6.05.35-PM-300x225.jpeg 300w, https:\/\/www.caudete.org\/ayuntamiento\/wp-content\/uploads\/2022\/05\/WhatsApp-Image-2022-03-03-at-6.05.35-PM-768x576.jpeg 768w, https:\/\/www.caudete.org\/ayuntamiento\/wp-content\/uploads\/2022\/05\/WhatsApp-Image-2022-03-03-at-6.05.35-PM-1536x1152.jpeg 1536w, https:\/\/www.caudete.org\/ayuntamiento\/wp-content\/uploads\/2022\/05\/WhatsApp-Image-2022-03-03-at-6.05.35-PM.jpeg 2048w\" sizes=\"(max-width: 1024px) 100vw, 1024px\" \/><\/a><\/p>\n","protected":false},"excerpt":{"rendered":"<p>El Alcalde Mois\u00e9s L\u00f3pez, visitaba hace unos d\u00edas junto a T\u00e9cnicos Municipales el lugar donde el Ayuntamiento se encuentra realizando trabajos para dotar de un nuevo Pozo de Agua a la poblaci\u00f3n, a las faldas de la Sierra Oliva. El proyecto, adjudicado a la empresa villenense Sondeos Mart\u00ednez S.L., tiene por objeto acometer las Obras &hellip;<\/p>\n","protected":false},"author":3,"featured_media":19001,"comment_status":"closed","ping_status":"open","sticky":false,"template":"","format":"standard","meta":{"ngg_post_thumbnail":0,"footnotes":""},"categories":[49],"tags":[],"class_list":["post-19000","post","type-post","status-publish","format-standard","has-post-thumbnail","hentry","category-ciclo-integral-del-agua"],"yoast_head":"<!-- This site is optimized with the Yoast SEO plugin v27.5 - https:\/\/yoast.com\/product\/yoast-seo-wordpress\/ -->\n<title>Avanzan los trabajos en el nuevo POZO DE AGUA - MI Ayuntamiento de Caudete<\/title>\n<meta name=\"description\" content=\"P\u00e1gina Oficial del Ayuntamiento de Caudete (Albacete)\" \/>\n<meta name=\"robots\" content=\"index, follow, max-snippet:-1, max-image-preview:large, max-video-preview:-1\" \/>\n<link rel=\"canonical\" href=\"https:\/\/www.caudete.org\/ayuntamiento\/avanzan-los-trabajos-en-el-nuevo-pozo-de-agua\/\" \/>\n<meta property=\"og:locale\" content=\"es_ES\" \/>\n<meta property=\"og:type\" content=\"article\" \/>\n<meta property=\"og:title\" content=\"Avanzan los trabajos en el nuevo POZO DE AGUA - MI Ayuntamiento de Caudete\" \/>\n<meta property=\"og:description\" content=\"P\u00e1gina Oficial del Ayuntamiento de Caudete (Albacete)\" \/>\n<meta property=\"og:url\" content=\"https:\/\/www.caudete.org\/ayuntamiento\/avanzan-los-trabajos-en-el-nuevo-pozo-de-agua\/\" \/>\n<meta property=\"og:site_name\" content=\"MI Ayuntamiento de Caudete\" \/>\n<meta property=\"article:publisher\" content=\"https:\/\/www.facebook.com\/ayuntamientocaudete\/\" \/>\n<meta property=\"article:published_time\" content=\"2022-05-04T07:00:33+00:00\" \/>\n<meta property=\"article:modified_time\" content=\"2022-05-04T15:33:42+00:00\" \/>\n<meta property=\"og:image\" content=\"https:\/\/www.caudete.org\/ayuntamiento\/wp-content\/uploads\/2022\/05\/WhatsApp-Image-2022-03-03-at-6.05.35-PM-1.jpeg\" \/>\n\t<meta property=\"og:image:width\" content=\"2048\" \/>\n\t<meta property=\"og:image:height\" content=\"1536\" \/>\n\t<meta property=\"og:image:type\" content=\"image\/jpeg\" \/>\n<meta name=\"author\" content=\"alcalde\" \/>\n<meta name=\"twitter:card\" content=\"summary_large_image\" \/>\n<meta name=\"twitter:label1\" content=\"Escrito por\" \/>\n\t<meta name=\"twitter:data1\" content=\"alcalde\" \/>\n\t<meta name=\"twitter:label2\" content=\"Tiempo de lectura\" \/>\n\t<meta name=\"twitter:data2\" content=\"3 minutos\" \/>\n<script type=\"application\/ld+json\" class=\"yoast-schema-graph\">{\"@context\":\"https:\\\/\\\/schema.org\",\"@graph\":[{\"@type\":\"Article\",\"@id\":\"https:\\\/\\\/www.caudete.org\\\/ayuntamiento\\\/avanzan-los-trabajos-en-el-nuevo-pozo-de-agua\\\/#article\",\"isPartOf\":{\"@id\":\"https:\\\/\\\/www.caudete.org\\\/ayuntamiento\\\/avanzan-los-trabajos-en-el-nuevo-pozo-de-agua\\\/\"},\"author\":{\"name\":\"alcalde\",\"@id\":\"https:\\\/\\\/www.caudete.org\\\/ayuntamiento\\\/#\\\/schema\\\/person\\\/cc646da9133078ee4d8dd47457947253\"},\"headline\":\"Avanzan los trabajos en el nuevo POZO DE AGUA\",\"datePublished\":\"2022-05-04T07:00:33+00:00\",\"dateModified\":\"2022-05-04T15:33:42+00:00\",\"mainEntityOfPage\":{\"@id\":\"https:\\\/\\\/www.caudete.org\\\/ayuntamiento\\\/avanzan-los-trabajos-en-el-nuevo-pozo-de-agua\\\/\"},\"wordCount\":453,\"publisher\":{\"@id\":\"https:\\\/\\\/www.caudete.org\\\/ayuntamiento\\\/#organization\"},\"image\":{\"@id\":\"https:\\\/\\\/www.caudete.org\\\/ayuntamiento\\\/avanzan-los-trabajos-en-el-nuevo-pozo-de-agua\\\/#primaryimage\"},\"thumbnailUrl\":\"https:\\\/\\\/www.caudete.org\\\/ayuntamiento\\\/wp-content\\\/uploads\\\/2022\\\/05\\\/WhatsApp-Image-2022-03-03-at-6.05.35-PM-1.jpeg\",\"articleSection\":[\"Ciclo Integral del Agua\"],\"inLanguage\":\"es\"},{\"@type\":\"WebPage\",\"@id\":\"https:\\\/\\\/www.caudete.org\\\/ayuntamiento\\\/avanzan-los-trabajos-en-el-nuevo-pozo-de-agua\\\/\",\"url\":\"https:\\\/\\\/www.caudete.org\\\/ayuntamiento\\\/avanzan-los-trabajos-en-el-nuevo-pozo-de-agua\\\/\",\"name\":\"Avanzan los trabajos en el nuevo POZO DE AGUA - MI Ayuntamiento de Caudete\",\"isPartOf\":{\"@id\":\"https:\\\/\\\/www.caudete.org\\\/ayuntamiento\\\/#website\"},\"primaryImageOfPage\":{\"@id\":\"https:\\\/\\\/www.caudete.org\\\/ayuntamiento\\\/avanzan-los-trabajos-en-el-nuevo-pozo-de-agua\\\/#primaryimage\"},\"image\":{\"@id\":\"https:\\\/\\\/www.caudete.org\\\/ayuntamiento\\\/avanzan-los-trabajos-en-el-nuevo-pozo-de-agua\\\/#primaryimage\"},\"thumbnailUrl\":\"https:\\\/\\\/www.caudete.org\\\/ayuntamiento\\\/wp-content\\\/uploads\\\/2022\\\/05\\\/WhatsApp-Image-2022-03-03-at-6.05.35-PM-1.jpeg\",\"datePublished\":\"2022-05-04T07:00:33+00:00\",\"dateModified\":\"2022-05-04T15:33:42+00:00\",\"description\":\"P\u00e1gina Oficial del Ayuntamiento de Caudete (Albacete)\",\"breadcrumb\":{\"@id\":\"https:\\\/\\\/www.caudete.org\\\/ayuntamiento\\\/avanzan-los-trabajos-en-el-nuevo-pozo-de-agua\\\/#breadcrumb\"},\"inLanguage\":\"es\",\"potentialAction\":[{\"@type\":\"ReadAction\",\"target\":[\"https:\\\/\\\/www.caudete.org\\\/ayuntamiento\\\/avanzan-los-trabajos-en-el-nuevo-pozo-de-agua\\\/\"]}]},{\"@type\":\"ImageObject\",\"inLanguage\":\"es\",\"@id\":\"https:\\\/\\\/www.caudete.org\\\/ayuntamiento\\\/avanzan-los-trabajos-en-el-nuevo-pozo-de-agua\\\/#primaryimage\",\"url\":\"https:\\\/\\\/www.caudete.org\\\/ayuntamiento\\\/wp-content\\\/uploads\\\/2022\\\/05\\\/WhatsApp-Image-2022-03-03-at-6.05.35-PM-1.jpeg\",\"contentUrl\":\"https:\\\/\\\/www.caudete.org\\\/ayuntamiento\\\/wp-content\\\/uploads\\\/2022\\\/05\\\/WhatsApp-Image-2022-03-03-at-6.05.35-PM-1.jpeg\",\"width\":2048,\"height\":1536},{\"@type\":\"BreadcrumbList\",\"@id\":\"https:\\\/\\\/www.caudete.org\\\/ayuntamiento\\\/avanzan-los-trabajos-en-el-nuevo-pozo-de-agua\\\/#breadcrumb\",\"itemListElement\":[{\"@type\":\"ListItem\",\"position\":1,\"name\":\"Inicio\",\"item\":\"https:\\\/\\\/www.caudete.org\\\/ayuntamiento\\\/\"},{\"@type\":\"ListItem\",\"position\":2,\"name\":\"Avanzan los trabajos en el nuevo POZO DE AGUA\"}]},{\"@type\":\"WebSite\",\"@id\":\"https:\\\/\\\/www.caudete.org\\\/ayuntamiento\\\/#website\",\"url\":\"https:\\\/\\\/www.caudete.org\\\/ayuntamiento\\\/\",\"name\":\"MI Ayuntamiento de Caudete\",\"description\":\"P\u00e1gina Oficial del MI Ayuntamiento de Caudete\",\"publisher\":{\"@id\":\"https:\\\/\\\/www.caudete.org\\\/ayuntamiento\\\/#organization\"},\"potentialAction\":[{\"@type\":\"SearchAction\",\"target\":{\"@type\":\"EntryPoint\",\"urlTemplate\":\"https:\\\/\\\/www.caudete.org\\\/ayuntamiento\\\/?s={search_term_string}\"},\"query-input\":{\"@type\":\"PropertyValueSpecification\",\"valueRequired\":true,\"valueName\":\"search_term_string\"}}],\"inLanguage\":\"es\"},{\"@type\":\"Organization\",\"@id\":\"https:\\\/\\\/www.caudete.org\\\/ayuntamiento\\\/#organization\",\"name\":\"Ayuntamiento de Caudete\",\"url\":\"https:\\\/\\\/www.caudete.org\\\/ayuntamiento\\\/\",\"logo\":{\"@type\":\"ImageObject\",\"inLanguage\":\"es\",\"@id\":\"https:\\\/\\\/www.caudete.org\\\/ayuntamiento\\\/#\\\/schema\\\/logo\\\/image\\\/\",\"url\":\"https:\\\/\\\/www.caudete.org\\\/ayuntamiento\\\/wp-content\\\/uploads\\\/2020\\\/11\\\/logo_ayuntamiento_caudete.jpg\",\"contentUrl\":\"https:\\\/\\\/www.caudete.org\\\/ayuntamiento\\\/wp-content\\\/uploads\\\/2020\\\/11\\\/logo_ayuntamiento_caudete.jpg\",\"width\":600,\"height\":150,\"caption\":\"Ayuntamiento de Caudete\"},\"image\":{\"@id\":\"https:\\\/\\\/www.caudete.org\\\/ayuntamiento\\\/#\\\/schema\\\/logo\\\/image\\\/\"},\"sameAs\":[\"https:\\\/\\\/www.facebook.com\\\/ayuntamientocaudete\\\/\",\"https:\\\/\\\/www.youtube.com\\\/channel\\\/UC6VztHaooNsGpw-tNoBEFnQ\"]},{\"@type\":\"Person\",\"@id\":\"https:\\\/\\\/www.caudete.org\\\/ayuntamiento\\\/#\\\/schema\\\/person\\\/cc646da9133078ee4d8dd47457947253\",\"name\":\"alcalde\",\"image\":{\"@type\":\"ImageObject\",\"inLanguage\":\"es\",\"@id\":\"https:\\\/\\\/secure.gravatar.com\\\/avatar\\\/84a817ba065b29ff08d666b215a215f5c79186a645ccb25b14a663d48a130f77?s=96&d=mm&r=g\",\"url\":\"https:\\\/\\\/secure.gravatar.com\\\/avatar\\\/84a817ba065b29ff08d666b215a215f5c79186a645ccb25b14a663d48a130f77?s=96&d=mm&r=g\",\"contentUrl\":\"https:\\\/\\\/secure.gravatar.com\\\/avatar\\\/84a817ba065b29ff08d666b215a215f5c79186a645ccb25b14a663d48a130f77?s=96&d=mm&r=g\",\"caption\":\"alcalde\"},\"url\":\"https:\\\/\\\/www.caudete.org\\\/ayuntamiento\\\/author\\\/alcalde\\\/\"}]}<\/script>\n<!-- \/ Yoast SEO plugin. -->","yoast_head_json":{"title":"Avanzan los trabajos en el nuevo POZO DE AGUA - MI Ayuntamiento de Caudete","description":"P\u00e1gina Oficial del Ayuntamiento de Caudete (Albacete)","robots":{"index":"index","follow":"follow","max-snippet":"max-snippet:-1","max-image-preview":"max-image-preview:large","max-video-preview":"max-video-preview:-1"},"canonical":"https:\/\/www.caudete.org\/ayuntamiento\/avanzan-los-trabajos-en-el-nuevo-pozo-de-agua\/","og_locale":"es_ES","og_type":"article","og_title":"Avanzan los trabajos en el nuevo POZO DE AGUA - MI Ayuntamiento de Caudete","og_description":"P\u00e1gina Oficial del Ayuntamiento de Caudete (Albacete)","og_url":"https:\/\/www.caudete.org\/ayuntamiento\/avanzan-los-trabajos-en-el-nuevo-pozo-de-agua\/","og_site_name":"MI Ayuntamiento de Caudete","article_publisher":"https:\/\/www.facebook.com\/ayuntamientocaudete\/","article_published_time":"2022-05-04T07:00:33+00:00","article_modified_time":"2022-05-04T15:33:42+00:00","og_image":[{"width":2048,"height":1536,"url":"https:\/\/www.caudete.org\/ayuntamiento\/wp-content\/uploads\/2022\/05\/WhatsApp-Image-2022-03-03-at-6.05.35-PM-1.jpeg","type":"image\/jpeg"}],"author":"alcalde","twitter_card":"summary_large_image","twitter_misc":{"Escrito por":"alcalde","Tiempo de lectura":"3 minutos"},"schema":{"@context":"https:\/\/schema.org","@graph":[{"@type":"Article","@id":"https:\/\/www.caudete.org\/ayuntamiento\/avanzan-los-trabajos-en-el-nuevo-pozo-de-agua\/#article","isPartOf":{"@id":"https:\/\/www.caudete.org\/ayuntamiento\/avanzan-los-trabajos-en-el-nuevo-pozo-de-agua\/"},"author":{"name":"alcalde","@id":"https:\/\/www.caudete.org\/ayuntamiento\/#\/schema\/person\/cc646da9133078ee4d8dd47457947253"},"headline":"Avanzan los trabajos en el nuevo POZO DE AGUA","datePublished":"2022-05-04T07:00:33+00:00","dateModified":"2022-05-04T15:33:42+00:00","mainEntityOfPage":{"@id":"https:\/\/www.caudete.org\/ayuntamiento\/avanzan-los-trabajos-en-el-nuevo-pozo-de-agua\/"},"wordCount":453,"publisher":{"@id":"https:\/\/www.caudete.org\/ayuntamiento\/#organization"},"image":{"@id":"https:\/\/www.caudete.org\/ayuntamiento\/avanzan-los-trabajos-en-el-nuevo-pozo-de-agua\/#primaryimage"},"thumbnailUrl":"https:\/\/www.caudete.org\/ayuntamiento\/wp-content\/uploads\/2022\/05\/WhatsApp-Image-2022-03-03-at-6.05.35-PM-1.jpeg","articleSection":["Ciclo Integral del Agua"],"inLanguage":"es"},{"@type":"WebPage","@id":"https:\/\/www.caudete.org\/ayuntamiento\/avanzan-los-trabajos-en-el-nuevo-pozo-de-agua\/","url":"https:\/\/www.caudete.org\/ayuntamiento\/avanzan-los-trabajos-en-el-nuevo-pozo-de-agua\/","name":"Avanzan los trabajos en el nuevo POZO DE AGUA - MI Ayuntamiento de Caudete","isPartOf":{"@id":"https:\/\/www.caudete.org\/ayuntamiento\/#website"},"primaryImageOfPage":{"@id":"https:\/\/www.caudete.org\/ayuntamiento\/avanzan-los-trabajos-en-el-nuevo-pozo-de-agua\/#primaryimage"},"image":{"@id":"https:\/\/www.caudete.org\/ayuntamiento\/avanzan-los-trabajos-en-el-nuevo-pozo-de-agua\/#primaryimage"},"thumbnailUrl":"https:\/\/www.caudete.org\/ayuntamiento\/wp-content\/uploads\/2022\/05\/WhatsApp-Image-2022-03-03-at-6.05.35-PM-1.jpeg","datePublished":"2022-05-04T07:00:33+00:00","dateModified":"2022-05-04T15:33:42+00:00","description":"P\u00e1gina Oficial del Ayuntamiento de Caudete (Albacete)","breadcrumb":{"@id":"https:\/\/www.caudete.org\/ayuntamiento\/avanzan-los-trabajos-en-el-nuevo-pozo-de-agua\/#breadcrumb"},"inLanguage":"es","potentialAction":[{"@type":"ReadAction","target":["https:\/\/www.caudete.org\/ayuntamiento\/avanzan-los-trabajos-en-el-nuevo-pozo-de-agua\/"]}]},{"@type":"ImageObject","inLanguage":"es","@id":"https:\/\/www.caudete.org\/ayuntamiento\/avanzan-los-trabajos-en-el-nuevo-pozo-de-agua\/#primaryimage","url":"https:\/\/www.caudete.org\/ayuntamiento\/wp-content\/uploads\/2022\/05\/WhatsApp-Image-2022-03-03-at-6.05.35-PM-1.jpeg","contentUrl":"https:\/\/www.caudete.org\/ayuntamiento\/wp-content\/uploads\/2022\/05\/WhatsApp-Image-2022-03-03-at-6.05.35-PM-1.jpeg","width":2048,"height":1536},{"@type":"BreadcrumbList","@id":"https:\/\/www.caudete.org\/ayuntamiento\/avanzan-los-trabajos-en-el-nuevo-pozo-de-agua\/#breadcrumb","itemListElement":[{"@type":"ListItem","position":1,"name":"Inicio","item":"https:\/\/www.caudete.org\/ayuntamiento\/"},{"@type":"ListItem","position":2,"name":"Avanzan los trabajos en el nuevo POZO DE AGUA"}]},{"@type":"WebSite","@id":"https:\/\/www.caudete.org\/ayuntamiento\/#website","url":"https:\/\/www.caudete.org\/ayuntamiento\/","name":"MI Ayuntamiento de Caudete","description":"P\u00e1gina Oficial del MI Ayuntamiento de Caudete","publisher":{"@id":"https:\/\/www.caudete.org\/ayuntamiento\/#organization"},"potentialAction":[{"@type":"SearchAction","target":{"@type":"EntryPoint","urlTemplate":"https:\/\/www.caudete.org\/ayuntamiento\/?s={search_term_string}"},"query-input":{"@type":"PropertyValueSpecification","valueRequired":true,"valueName":"search_term_string"}}],"inLanguage":"es"},{"@type":"Organization","@id":"https:\/\/www.caudete.org\/ayuntamiento\/#organization","name":"Ayuntamiento de Caudete","url":"https:\/\/www.caudete.org\/ayuntamiento\/","logo":{"@type":"ImageObject","inLanguage":"es","@id":"https:\/\/www.caudete.org\/ayuntamiento\/#\/schema\/logo\/image\/","url":"https:\/\/www.caudete.org\/ayuntamiento\/wp-content\/uploads\/2020\/11\/logo_ayuntamiento_caudete.jpg","contentUrl":"https:\/\/www.caudete.org\/ayuntamiento\/wp-content\/uploads\/2020\/11\/logo_ayuntamiento_caudete.jpg","width":600,"height":150,"caption":"Ayuntamiento de Caudete"},"image":{"@id":"https:\/\/www.caudete.org\/ayuntamiento\/#\/schema\/logo\/image\/"},"sameAs":["https:\/\/www.facebook.com\/ayuntamientocaudete\/","https:\/\/www.youtube.com\/channel\/UC6VztHaooNsGpw-tNoBEFnQ"]},{"@type":"Person","@id":"https:\/\/www.caudete.org\/ayuntamiento\/#\/schema\/person\/cc646da9133078ee4d8dd47457947253","name":"alcalde","image":{"@type":"ImageObject","inLanguage":"es","@id":"https:\/\/secure.gravatar.com\/avatar\/84a817ba065b29ff08d666b215a215f5c79186a645ccb25b14a663d48a130f77?s=96&d=mm&r=g","url":"https:\/\/secure.gravatar.com\/avatar\/84a817ba065b29ff08d666b215a215f5c79186a645ccb25b14a663d48a130f77?s=96&d=mm&r=g","contentUrl":"https:\/\/secure.gravatar.com\/avatar\/84a817ba065b29ff08d666b215a215f5c79186a645ccb25b14a663d48a130f77?s=96&d=mm&r=g","caption":"alcalde"},"url":"https:\/\/www.caudete.org\/ayuntamiento\/author\/alcalde\/"}]}},"_links":{"self":[{"href":"https:\/\/www.caudete.org\/ayuntamiento\/wp-json\/wp\/v2\/posts\/19000","targetHints":{"allow":["GET"]}}],"collection":[{"href":"https:\/\/www.caudete.org\/ayuntamiento\/wp-json\/wp\/v2\/posts"}],"about":[{"href":"https:\/\/www.caudete.org\/ayuntamiento\/wp-json\/wp\/v2\/types\/post"}],"author":[{"embeddable":true,"href":"https:\/\/www.caudete.org\/ayuntamiento\/wp-json\/wp\/v2\/users\/3"}],"replies":[{"embeddable":true,"href":"https:\/\/www.caudete.org\/ayuntamiento\/wp-json\/wp\/v2\/comments?post=19000"}],"version-history":[{"count":3,"href":"https:\/\/www.caudete.org\/ayuntamiento\/wp-json\/wp\/v2\/posts\/19000\/revisions"}],"predecessor-version":[{"id":19010,"href":"https:\/\/www.caudete.org\/ayuntamiento\/wp-json\/wp\/v2\/posts\/19000\/revisions\/19010"}],"wp:featuredmedia":[{"embeddable":true,"href":"https:\/\/www.caudete.org\/ayuntamiento\/wp-json\/wp\/v2\/media\/19001"}],"wp:attachment":[{"href":"https:\/\/www.caudete.org\/ayuntamiento\/wp-json\/wp\/v2\/media?parent=19000"}],"wp:term":[{"taxonomy":"category","embeddable":true,"href":"https:\/\/www.caudete.org\/ayuntamiento\/wp-json\/wp\/v2\/categories?post=19000"},{"taxonomy":"post_tag","embeddable":true,"href":"https:\/\/www.caudete.org\/ayuntamiento\/wp-json\/wp\/v2\/tags?post=19000"}],"curies":[{"name":"wp","href":"https:\/\/api.w.org\/{rel}","templated":true}]}}