{"id":19014,"date":"2022-05-04T22:25:22","date_gmt":"2022-05-04T20:25:22","guid":{"rendered":"https:\/\/www.caudete.org\/ayuntamiento\/?p=19014"},"modified":"2022-05-05T07:26:33","modified_gmt":"2022-05-05T05:26:33","slug":"miembros-de-la-policia-local-de-caudete-entre-los-158-condecorados-hoy-en-toledo","status":"publish","type":"post","link":"https:\/\/www.caudete.org\/ayuntamiento\/miembros-de-la-policia-local-de-caudete-entre-los-158-condecorados-hoy-en-toledo\/","title":{"rendered":"Miembros de la Polic\u00eda Local de Caudete, entre los 158 CONDECORADOS hoy en Toledo"},"content":{"rendered":"<p>&nbsp;<\/p>\n<p style=\"text-align: justify;\"><a href=\"https:\/\/www.caudete.org\/ayuntamiento\/wp-content\/uploads\/2022\/05\/52049519403_187d839923_b.jpg\" rel='prettyPhoto'><img fetchpriority=\"high\" decoding=\"async\" class=\"aligncenter wp-image-19015 size-full\" src=\"https:\/\/www.caudete.org\/ayuntamiento\/wp-content\/uploads\/2022\/05\/52049519403_187d839923_b.jpg\" alt=\"\" width=\"1024\" height=\"683\" srcset=\"https:\/\/www.caudete.org\/ayuntamiento\/wp-content\/uploads\/2022\/05\/52049519403_187d839923_b.jpg 1024w, https:\/\/www.caudete.org\/ayuntamiento\/wp-content\/uploads\/2022\/05\/52049519403_187d839923_b-300x200.jpg 300w, https:\/\/www.caudete.org\/ayuntamiento\/wp-content\/uploads\/2022\/05\/52049519403_187d839923_b-768x512.jpg 768w\" sizes=\"(max-width: 1024px) 100vw, 1024px\" \/><\/a>La F\u00e1brica de Armas de Toledo ha celebrado hoy el <em>Acto Institucional de Entrega de Condecoraciones a Polic\u00edas Locales de Castilla La Mancha<\/em>, evento presidido por el Consejero de Hacienda y Administraciones P\u00fablicas y que ha reconocido la labor de 158 Polic\u00edas Locales de toda la regi\u00f3n manchega.<\/p>\n<p style=\"text-align: justify;\">Del total de distinciones, seis se han concedido al m\u00e9rito profesional, categor\u00eda plata; ocho al m\u00e9rito policial, categor\u00eda plata; 99 medallas a la permanencia, categor\u00eda oro; y 45 medallas a la permanencia, categor\u00eda plata.<\/p>\n<p>\u00a0<a href=\"https:\/\/www.caudete.org\/ayuntamiento\/wp-content\/uploads\/2022\/05\/52048425282_c58bcb0845_4k-scaled.jpg\" rel='prettyPhoto'><img decoding=\"async\" class=\"aligncenter wp-image-19017 size-large\" src=\"https:\/\/www.caudete.org\/ayuntamiento\/wp-content\/uploads\/2022\/05\/52048425282_c58bcb0845_4k-1024x683.jpg\" alt=\"\" width=\"1024\" height=\"683\" srcset=\"https:\/\/www.caudete.org\/ayuntamiento\/wp-content\/uploads\/2022\/05\/52048425282_c58bcb0845_4k-1024x683.jpg 1024w, https:\/\/www.caudete.org\/ayuntamiento\/wp-content\/uploads\/2022\/05\/52048425282_c58bcb0845_4k-300x200.jpg 300w, https:\/\/www.caudete.org\/ayuntamiento\/wp-content\/uploads\/2022\/05\/52048425282_c58bcb0845_4k-768x512.jpg 768w, https:\/\/www.caudete.org\/ayuntamiento\/wp-content\/uploads\/2022\/05\/52048425282_c58bcb0845_4k-1536x1024.jpg 1536w, https:\/\/www.caudete.org\/ayuntamiento\/wp-content\/uploads\/2022\/05\/52048425282_c58bcb0845_4k-2048x1365.jpg 2048w\" sizes=\"(max-width: 1024px) 100vw, 1024px\" \/><\/a><\/p>\n<p style=\"text-align: justify;\">El Alcalde Mois\u00e9s L\u00f3pez, la Concejal de Interior M\u00aa del Mar Requena y el SubInspector Jefe de la Polic\u00eda Local de Caudete han asistido al mismo como invitados toda vez que entre los galardonados se encontraban Agentes de la plantilla de Caudete. La Junta de Gobierno Local, en fecha 4 de Marzo solicit\u00f3 a propuesta del Alcalde la condecoraci\u00f3n de 9 de sus Agentes toda vez que cumpl\u00edan los requisitos fijados por la convocatoria de la JCCM, como reconocimiento a sus mas de 20 y 30 a\u00f1os como integrantes del cuerpo policial caudetano.<\/p>\n<p style=\"text-align: justify;\">Bartolom\u00e9 Marco y Javier Torres recib\u00edan esta ma\u00f1ana la medalla a la permanencia en categor\u00eda de plata de manos del Consejero, acto en el que han contado adem\u00e1s, con la presencia de familiares.<\/p>\n<p style=\"text-align: justify;\">Finalizado el acto, todos los galardonados se han realizado una foto de familia, y se ha procedido al Vino de Honor.<\/p>\n","protected":false},"excerpt":{"rendered":"<p>&nbsp; La F\u00e1brica de Armas de Toledo ha celebrado hoy el Acto Institucional de Entrega de Condecoraciones a Polic\u00edas Locales de Castilla La Mancha, evento presidido por el Consejero de Hacienda y Administraciones P\u00fablicas y que ha reconocido la labor de 158 Polic\u00edas Locales de toda la regi\u00f3n manchega. Del total de distinciones, seis se &hellip;<\/p>\n","protected":false},"author":3,"featured_media":19016,"comment_status":"closed","ping_status":"open","sticky":false,"template":"","format":"standard","meta":{"ngg_post_thumbnail":0,"footnotes":""},"categories":[34],"tags":[],"class_list":["post-19014","post","type-post","status-publish","format-standard","has-post-thumbnail","hentry","category-interior"],"yoast_head":"<!-- This site is optimized with the Yoast SEO plugin v27.5 - https:\/\/yoast.com\/product\/yoast-seo-wordpress\/ -->\n<title>Miembros de la Polic\u00eda Local de Caudete, entre los 158 CONDECORADOS hoy en Toledo - MI Ayuntamiento de Caudete<\/title>\n<meta name=\"description\" content=\"P\u00e1gina Oficial del Ayuntamiento de Caudete (Albacete)\" \/>\n<meta name=\"robots\" content=\"index, follow, max-snippet:-1, max-image-preview:large, max-video-preview:-1\" \/>\n<link rel=\"canonical\" href=\"https:\/\/www.caudete.org\/ayuntamiento\/miembros-de-la-policia-local-de-caudete-entre-los-158-condecorados-hoy-en-toledo\/\" \/>\n<meta property=\"og:locale\" content=\"es_ES\" \/>\n<meta property=\"og:type\" content=\"article\" \/>\n<meta property=\"og:title\" content=\"Miembros de la Polic\u00eda Local de Caudete, entre los 158 CONDECORADOS hoy en Toledo - MI Ayuntamiento de Caudete\" \/>\n<meta property=\"og:description\" content=\"P\u00e1gina Oficial del Ayuntamiento de Caudete (Albacete)\" \/>\n<meta property=\"og:url\" content=\"https:\/\/www.caudete.org\/ayuntamiento\/miembros-de-la-policia-local-de-caudete-entre-los-158-condecorados-hoy-en-toledo\/\" \/>\n<meta property=\"og:site_name\" content=\"MI Ayuntamiento de Caudete\" \/>\n<meta property=\"article:publisher\" content=\"https:\/\/www.facebook.com\/ayuntamientocaudete\/\" \/>\n<meta property=\"article:published_time\" content=\"2022-05-04T20:25:22+00:00\" \/>\n<meta property=\"article:modified_time\" content=\"2022-05-05T05:26:33+00:00\" \/>\n<meta property=\"og:image\" content=\"https:\/\/www.caudete.org\/ayuntamiento\/wp-content\/uploads\/2022\/05\/WhatsApp-Image-2022-05-04-at-4.51.38-PM.jpeg\" \/>\n\t<meta property=\"og:image:width\" content=\"2048\" \/>\n\t<meta property=\"og:image:height\" content=\"1536\" \/>\n\t<meta property=\"og:image:type\" content=\"image\/jpeg\" \/>\n<meta name=\"author\" content=\"alcalde\" \/>\n<meta name=\"twitter:card\" content=\"summary_large_image\" \/>\n<meta name=\"twitter:label1\" content=\"Escrito por\" \/>\n\t<meta name=\"twitter:data1\" content=\"alcalde\" \/>\n\t<meta name=\"twitter:label2\" content=\"Tiempo de lectura\" \/>\n\t<meta name=\"twitter:data2\" content=\"2 minutos\" \/>\n<script type=\"application\/ld+json\" class=\"yoast-schema-graph\">{\"@context\":\"https:\\\/\\\/schema.org\",\"@graph\":[{\"@type\":\"Article\",\"@id\":\"https:\\\/\\\/www.caudete.org\\\/ayuntamiento\\\/miembros-de-la-policia-local-de-caudete-entre-los-158-condecorados-hoy-en-toledo\\\/#article\",\"isPartOf\":{\"@id\":\"https:\\\/\\\/www.caudete.org\\\/ayuntamiento\\\/miembros-de-la-policia-local-de-caudete-entre-los-158-condecorados-hoy-en-toledo\\\/\"},\"author\":{\"name\":\"alcalde\",\"@id\":\"https:\\\/\\\/www.caudete.org\\\/ayuntamiento\\\/#\\\/schema\\\/person\\\/cc646da9133078ee4d8dd47457947253\"},\"headline\":\"Miembros de la Polic\u00eda Local de Caudete, entre los 158 CONDECORADOS hoy en Toledo\",\"datePublished\":\"2022-05-04T20:25:22+00:00\",\"dateModified\":\"2022-05-05T05:26:33+00:00\",\"mainEntityOfPage\":{\"@id\":\"https:\\\/\\\/www.caudete.org\\\/ayuntamiento\\\/miembros-de-la-policia-local-de-caudete-entre-los-158-condecorados-hoy-en-toledo\\\/\"},\"wordCount\":258,\"image\":{\"@id\":\"https:\\\/\\\/www.caudete.org\\\/ayuntamiento\\\/miembros-de-la-policia-local-de-caudete-entre-los-158-condecorados-hoy-en-toledo\\\/#primaryimage\"},\"thumbnailUrl\":\"https:\\\/\\\/www.caudete.org\\\/ayuntamiento\\\/wp-content\\\/uploads\\\/2022\\\/05\\\/WhatsApp-Image-2022-05-04-at-4.51.38-PM.jpeg\",\"articleSection\":[\"Interior\"],\"inLanguage\":\"es\"},{\"@type\":\"WebPage\",\"@id\":\"https:\\\/\\\/www.caudete.org\\\/ayuntamiento\\\/miembros-de-la-policia-local-de-caudete-entre-los-158-condecorados-hoy-en-toledo\\\/\",\"url\":\"https:\\\/\\\/www.caudete.org\\\/ayuntamiento\\\/miembros-de-la-policia-local-de-caudete-entre-los-158-condecorados-hoy-en-toledo\\\/\",\"name\":\"Miembros de la Polic\u00eda Local de Caudete, entre los 158 CONDECORADOS hoy en Toledo - MI Ayuntamiento de Caudete\",\"isPartOf\":{\"@id\":\"https:\\\/\\\/www.caudete.org\\\/ayuntamiento\\\/#website\"},\"primaryImageOfPage\":{\"@id\":\"https:\\\/\\\/www.caudete.org\\\/ayuntamiento\\\/miembros-de-la-policia-local-de-caudete-entre-los-158-condecorados-hoy-en-toledo\\\/#primaryimage\"},\"image\":{\"@id\":\"https:\\\/\\\/www.caudete.org\\\/ayuntamiento\\\/miembros-de-la-policia-local-de-caudete-entre-los-158-condecorados-hoy-en-toledo\\\/#primaryimage\"},\"thumbnailUrl\":\"https:\\\/\\\/www.caudete.org\\\/ayuntamiento\\\/wp-content\\\/uploads\\\/2022\\\/05\\\/WhatsApp-Image-2022-05-04-at-4.51.38-PM.jpeg\",\"datePublished\":\"2022-05-04T20:25:22+00:00\",\"dateModified\":\"2022-05-05T05:26:33+00:00\",\"author\":{\"@id\":\"https:\\\/\\\/www.caudete.org\\\/ayuntamiento\\\/#\\\/schema\\\/person\\\/cc646da9133078ee4d8dd47457947253\"},\"description\":\"P\u00e1gina Oficial del Ayuntamiento de Caudete (Albacete)\",\"breadcrumb\":{\"@id\":\"https:\\\/\\\/www.caudete.org\\\/ayuntamiento\\\/miembros-de-la-policia-local-de-caudete-entre-los-158-condecorados-hoy-en-toledo\\\/#breadcrumb\"},\"inLanguage\":\"es\",\"potentialAction\":[{\"@type\":\"ReadAction\",\"target\":[\"https:\\\/\\\/www.caudete.org\\\/ayuntamiento\\\/miembros-de-la-policia-local-de-caudete-entre-los-158-condecorados-hoy-en-toledo\\\/\"]}]},{\"@type\":\"ImageObject\",\"inLanguage\":\"es\",\"@id\":\"https:\\\/\\\/www.caudete.org\\\/ayuntamiento\\\/miembros-de-la-policia-local-de-caudete-entre-los-158-condecorados-hoy-en-toledo\\\/#primaryimage\",\"url\":\"https:\\\/\\\/www.caudete.org\\\/ayuntamiento\\\/wp-content\\\/uploads\\\/2022\\\/05\\\/WhatsApp-Image-2022-05-04-at-4.51.38-PM.jpeg\",\"contentUrl\":\"https:\\\/\\\/www.caudete.org\\\/ayuntamiento\\\/wp-content\\\/uploads\\\/2022\\\/05\\\/WhatsApp-Image-2022-05-04-at-4.51.38-PM.jpeg\",\"width\":2048,\"height\":1536},{\"@type\":\"BreadcrumbList\",\"@id\":\"https:\\\/\\\/www.caudete.org\\\/ayuntamiento\\\/miembros-de-la-policia-local-de-caudete-entre-los-158-condecorados-hoy-en-toledo\\\/#breadcrumb\",\"itemListElement\":[{\"@type\":\"ListItem\",\"position\":1,\"name\":\"Inicio\",\"item\":\"https:\\\/\\\/www.caudete.org\\\/ayuntamiento\\\/\"},{\"@type\":\"ListItem\",\"position\":2,\"name\":\"Miembros de la Polic\u00eda Local de Caudete, entre los 158 CONDECORADOS hoy en Toledo\"}]},{\"@type\":\"WebSite\",\"@id\":\"https:\\\/\\\/www.caudete.org\\\/ayuntamiento\\\/#website\",\"url\":\"https:\\\/\\\/www.caudete.org\\\/ayuntamiento\\\/\",\"name\":\"MI Ayuntamiento de Caudete\",\"description\":\"P\u00e1gina Oficial del MI Ayuntamiento de Caudete\",\"potentialAction\":[{\"@type\":\"SearchAction\",\"target\":{\"@type\":\"EntryPoint\",\"urlTemplate\":\"https:\\\/\\\/www.caudete.org\\\/ayuntamiento\\\/?s={search_term_string}\"},\"query-input\":{\"@type\":\"PropertyValueSpecification\",\"valueRequired\":true,\"valueName\":\"search_term_string\"}}],\"inLanguage\":\"es\"},{\"@type\":\"Person\",\"@id\":\"https:\\\/\\\/www.caudete.org\\\/ayuntamiento\\\/#\\\/schema\\\/person\\\/cc646da9133078ee4d8dd47457947253\",\"name\":\"alcalde\",\"image\":{\"@type\":\"ImageObject\",\"inLanguage\":\"es\",\"@id\":\"https:\\\/\\\/secure.gravatar.com\\\/avatar\\\/84a817ba065b29ff08d666b215a215f5c79186a645ccb25b14a663d48a130f77?s=96&d=mm&r=g\",\"url\":\"https:\\\/\\\/secure.gravatar.com\\\/avatar\\\/84a817ba065b29ff08d666b215a215f5c79186a645ccb25b14a663d48a130f77?s=96&d=mm&r=g\",\"contentUrl\":\"https:\\\/\\\/secure.gravatar.com\\\/avatar\\\/84a817ba065b29ff08d666b215a215f5c79186a645ccb25b14a663d48a130f77?s=96&d=mm&r=g\",\"caption\":\"alcalde\"},\"url\":\"https:\\\/\\\/www.caudete.org\\\/ayuntamiento\\\/author\\\/alcalde\\\/\"}]}<\/script>\n<!-- \/ Yoast SEO plugin. -->","yoast_head_json":{"title":"Miembros de la Polic\u00eda Local de Caudete, entre los 158 CONDECORADOS hoy en Toledo - MI Ayuntamiento de Caudete","description":"P\u00e1gina Oficial del Ayuntamiento de Caudete (Albacete)","robots":{"index":"index","follow":"follow","max-snippet":"max-snippet:-1","max-image-preview":"max-image-preview:large","max-video-preview":"max-video-preview:-1"},"canonical":"https:\/\/www.caudete.org\/ayuntamiento\/miembros-de-la-policia-local-de-caudete-entre-los-158-condecorados-hoy-en-toledo\/","og_locale":"es_ES","og_type":"article","og_title":"Miembros de la Polic\u00eda Local de Caudete, entre los 158 CONDECORADOS hoy en Toledo - MI Ayuntamiento de Caudete","og_description":"P\u00e1gina Oficial del Ayuntamiento de Caudete (Albacete)","og_url":"https:\/\/www.caudete.org\/ayuntamiento\/miembros-de-la-policia-local-de-caudete-entre-los-158-condecorados-hoy-en-toledo\/","og_site_name":"MI Ayuntamiento de Caudete","article_publisher":"https:\/\/www.facebook.com\/ayuntamientocaudete\/","article_published_time":"2022-05-04T20:25:22+00:00","article_modified_time":"2022-05-05T05:26:33+00:00","og_image":[{"width":2048,"height":1536,"url":"https:\/\/www.caudete.org\/ayuntamiento\/wp-content\/uploads\/2022\/05\/WhatsApp-Image-2022-05-04-at-4.51.38-PM.jpeg","type":"image\/jpeg"}],"author":"alcalde","twitter_card":"summary_large_image","twitter_misc":{"Escrito por":"alcalde","Tiempo de lectura":"2 minutos"},"schema":{"@context":"https:\/\/schema.org","@graph":[{"@type":"Article","@id":"https:\/\/www.caudete.org\/ayuntamiento\/miembros-de-la-policia-local-de-caudete-entre-los-158-condecorados-hoy-en-toledo\/#article","isPartOf":{"@id":"https:\/\/www.caudete.org\/ayuntamiento\/miembros-de-la-policia-local-de-caudete-entre-los-158-condecorados-hoy-en-toledo\/"},"author":{"name":"alcalde","@id":"https:\/\/www.caudete.org\/ayuntamiento\/#\/schema\/person\/cc646da9133078ee4d8dd47457947253"},"headline":"Miembros de la Polic\u00eda Local de Caudete, entre los 158 CONDECORADOS hoy en Toledo","datePublished":"2022-05-04T20:25:22+00:00","dateModified":"2022-05-05T05:26:33+00:00","mainEntityOfPage":{"@id":"https:\/\/www.caudete.org\/ayuntamiento\/miembros-de-la-policia-local-de-caudete-entre-los-158-condecorados-hoy-en-toledo\/"},"wordCount":258,"image":{"@id":"https:\/\/www.caudete.org\/ayuntamiento\/miembros-de-la-policia-local-de-caudete-entre-los-158-condecorados-hoy-en-toledo\/#primaryimage"},"thumbnailUrl":"https:\/\/www.caudete.org\/ayuntamiento\/wp-content\/uploads\/2022\/05\/WhatsApp-Image-2022-05-04-at-4.51.38-PM.jpeg","articleSection":["Interior"],"inLanguage":"es"},{"@type":"WebPage","@id":"https:\/\/www.caudete.org\/ayuntamiento\/miembros-de-la-policia-local-de-caudete-entre-los-158-condecorados-hoy-en-toledo\/","url":"https:\/\/www.caudete.org\/ayuntamiento\/miembros-de-la-policia-local-de-caudete-entre-los-158-condecorados-hoy-en-toledo\/","name":"Miembros de la Polic\u00eda Local de Caudete, entre los 158 CONDECORADOS hoy en Toledo - MI Ayuntamiento de Caudete","isPartOf":{"@id":"https:\/\/www.caudete.org\/ayuntamiento\/#website"},"primaryImageOfPage":{"@id":"https:\/\/www.caudete.org\/ayuntamiento\/miembros-de-la-policia-local-de-caudete-entre-los-158-condecorados-hoy-en-toledo\/#primaryimage"},"image":{"@id":"https:\/\/www.caudete.org\/ayuntamiento\/miembros-de-la-policia-local-de-caudete-entre-los-158-condecorados-hoy-en-toledo\/#primaryimage"},"thumbnailUrl":"https:\/\/www.caudete.org\/ayuntamiento\/wp-content\/uploads\/2022\/05\/WhatsApp-Image-2022-05-04-at-4.51.38-PM.jpeg","datePublished":"2022-05-04T20:25:22+00:00","dateModified":"2022-05-05T05:26:33+00:00","author":{"@id":"https:\/\/www.caudete.org\/ayuntamiento\/#\/schema\/person\/cc646da9133078ee4d8dd47457947253"},"description":"P\u00e1gina Oficial del Ayuntamiento de Caudete (Albacete)","breadcrumb":{"@id":"https:\/\/www.caudete.org\/ayuntamiento\/miembros-de-la-policia-local-de-caudete-entre-los-158-condecorados-hoy-en-toledo\/#breadcrumb"},"inLanguage":"es","potentialAction":[{"@type":"ReadAction","target":["https:\/\/www.caudete.org\/ayuntamiento\/miembros-de-la-policia-local-de-caudete-entre-los-158-condecorados-hoy-en-toledo\/"]}]},{"@type":"ImageObject","inLanguage":"es","@id":"https:\/\/www.caudete.org\/ayuntamiento\/miembros-de-la-policia-local-de-caudete-entre-los-158-condecorados-hoy-en-toledo\/#primaryimage","url":"https:\/\/www.caudete.org\/ayuntamiento\/wp-content\/uploads\/2022\/05\/WhatsApp-Image-2022-05-04-at-4.51.38-PM.jpeg","contentUrl":"https:\/\/www.caudete.org\/ayuntamiento\/wp-content\/uploads\/2022\/05\/WhatsApp-Image-2022-05-04-at-4.51.38-PM.jpeg","width":2048,"height":1536},{"@type":"BreadcrumbList","@id":"https:\/\/www.caudete.org\/ayuntamiento\/miembros-de-la-policia-local-de-caudete-entre-los-158-condecorados-hoy-en-toledo\/#breadcrumb","itemListElement":[{"@type":"ListItem","position":1,"name":"Inicio","item":"https:\/\/www.caudete.org\/ayuntamiento\/"},{"@type":"ListItem","position":2,"name":"Miembros de la Polic\u00eda Local de Caudete, entre los 158 CONDECORADOS hoy en Toledo"}]},{"@type":"WebSite","@id":"https:\/\/www.caudete.org\/ayuntamiento\/#website","url":"https:\/\/www.caudete.org\/ayuntamiento\/","name":"MI Ayuntamiento de Caudete","description":"P\u00e1gina Oficial del MI Ayuntamiento de Caudete","potentialAction":[{"@type":"SearchAction","target":{"@type":"EntryPoint","urlTemplate":"https:\/\/www.caudete.org\/ayuntamiento\/?s={search_term_string}"},"query-input":{"@type":"PropertyValueSpecification","valueRequired":true,"valueName":"search_term_string"}}],"inLanguage":"es"},{"@type":"Person","@id":"https:\/\/www.caudete.org\/ayuntamiento\/#\/schema\/person\/cc646da9133078ee4d8dd47457947253","name":"alcalde","image":{"@type":"ImageObject","inLanguage":"es","@id":"https:\/\/secure.gravatar.com\/avatar\/84a817ba065b29ff08d666b215a215f5c79186a645ccb25b14a663d48a130f77?s=96&d=mm&r=g","url":"https:\/\/secure.gravatar.com\/avatar\/84a817ba065b29ff08d666b215a215f5c79186a645ccb25b14a663d48a130f77?s=96&d=mm&r=g","contentUrl":"https:\/\/secure.gravatar.com\/avatar\/84a817ba065b29ff08d666b215a215f5c79186a645ccb25b14a663d48a130f77?s=96&d=mm&r=g","caption":"alcalde"},"url":"https:\/\/www.caudete.org\/ayuntamiento\/author\/alcalde\/"}]}},"_links":{"self":[{"href":"https:\/\/www.caudete.org\/ayuntamiento\/wp-json\/wp\/v2\/posts\/19014","targetHints":{"allow":["GET"]}}],"collection":[{"href":"https:\/\/www.caudete.org\/ayuntamiento\/wp-json\/wp\/v2\/posts"}],"about":[{"href":"https:\/\/www.caudete.org\/ayuntamiento\/wp-json\/wp\/v2\/types\/post"}],"author":[{"embeddable":true,"href":"https:\/\/www.caudete.org\/ayuntamiento\/wp-json\/wp\/v2\/users\/3"}],"replies":[{"embeddable":true,"href":"https:\/\/www.caudete.org\/ayuntamiento\/wp-json\/wp\/v2\/comments?post=19014"}],"version-history":[{"count":3,"href":"https:\/\/www.caudete.org\/ayuntamiento\/wp-json\/wp\/v2\/posts\/19014\/revisions"}],"predecessor-version":[{"id":19021,"href":"https:\/\/www.caudete.org\/ayuntamiento\/wp-json\/wp\/v2\/posts\/19014\/revisions\/19021"}],"wp:featuredmedia":[{"embeddable":true,"href":"https:\/\/www.caudete.org\/ayuntamiento\/wp-json\/wp\/v2\/media\/19016"}],"wp:attachment":[{"href":"https:\/\/www.caudete.org\/ayuntamiento\/wp-json\/wp\/v2\/media?parent=19014"}],"wp:term":[{"taxonomy":"category","embeddable":true,"href":"https:\/\/www.caudete.org\/ayuntamiento\/wp-json\/wp\/v2\/categories?post=19014"},{"taxonomy":"post_tag","embeddable":true,"href":"https:\/\/www.caudete.org\/ayuntamiento\/wp-json\/wp\/v2\/tags?post=19014"}],"curies":[{"name":"wp","href":"https:\/\/api.w.org\/{rel}","templated":true}]}}