{"id":19030,"date":"2022-05-06T21:45:11","date_gmt":"2022-05-06T19:45:11","guid":{"rendered":"https:\/\/www.caudete.org\/ayuntamiento\/?p=19030"},"modified":"2022-05-06T23:33:20","modified_gmt":"2022-05-06T21:33:20","slug":"se-expone-al-publico-hasta-el-17-de-junio-la-ordenanza-reguladora-de-limpieza-y-vallado-de-parcelas-y-solares","status":"publish","type":"post","link":"https:\/\/www.caudete.org\/ayuntamiento\/se-expone-al-publico-hasta-el-17-de-junio-la-ordenanza-reguladora-de-limpieza-y-vallado-de-parcelas-y-solares\/","title":{"rendered":"Se expone al p\u00fablico, hasta el 17 de Junio, la Ordenanza Reguladora de LIMPIEZA Y VALLADO DE PARCELAS Y SOLARES"},"content":{"rendered":"<p style=\"text-align: justify;\">Joaqu\u00edn Pag\u00e1n, Concejal de Medio Ambiente y Servicios ha informado que hasta el pr\u00f3ximo viernes 17 de Junio est\u00e1 expuesto al p\u00fablico el texto de la Ordenanza Reguladora de Limpieza y Vallados de Parcelas y Solares, que el Pleno aprob\u00f3 incialmente por unanimidad el d\u00eda 7 de Abril.<\/p>\n<p style=\"text-align: justify;\">Pag\u00e1n recordaba que durante el Pleno defendi\u00f3 la necesidad de la aprobaci\u00f3n del citado texto normativo como un marco regulador a una gesti\u00f3n municipal sobre terrenos privados con el objeto de mejorar el ornato y la prevenci\u00f3n de riesgos de incendios y de insalubridad, estableciendo un mecanismo sancionador que lejos de ser recaudatoria, est\u00e1 pensado para los titulares que omiten los requerimientos municipales.<\/p>\n<p style=\"text-align: justify;\">Igualmente, el Concejal informa que la parte de la Ordenanza que trata sobre el vallado de solares y parcelas, se prev\u00e9 sea para conseguir el mantenimiento y ornato adecuado, no siendo una medida que se vaya a aplicar de forma extensiva, sino para casos puntuales en los que bajo criterio de los T\u00e9cnicos Municipales sea conveniente requerirlo al propietario para adem\u00e1s de lo expuesto anteriormente sirva evitar la deposici\u00f3n de cualquier tipo de residuo, o atienda a cuestiones de salubridad o seguridad.<\/p>\n<p><img fetchpriority=\"high\" decoding=\"async\" class=\"size-medium wp-image-19033 aligncenter\" src=\"https:\/\/www.caudete.org\/ayuntamiento\/wp-content\/uploads\/2022\/05\/ORDENANZA-LIMPIEZA-SOLARES-JOAQUIN-300x240.jpg\" alt=\"\" width=\"300\" height=\"240\" srcset=\"https:\/\/www.caudete.org\/ayuntamiento\/wp-content\/uploads\/2022\/05\/ORDENANZA-LIMPIEZA-SOLARES-JOAQUIN-300x240.jpg 300w, https:\/\/www.caudete.org\/ayuntamiento\/wp-content\/uploads\/2022\/05\/ORDENANZA-LIMPIEZA-SOLARES-JOAQUIN-768x613.jpg 768w, https:\/\/www.caudete.org\/ayuntamiento\/wp-content\/uploads\/2022\/05\/ORDENANZA-LIMPIEZA-SOLARES-JOAQUIN.jpg 1008w\" sizes=\"(max-width: 300px) 100vw, 300px\" \/><\/p>\n<p style=\"text-align: justify;\">El texto ser\u00e1 aprobado definitivamente una vez expire el plazo de exposici\u00f3n p\u00fablico, atendiendo las alegaciones en caso de producirse, pudiendo acceder para su consulta accediendo al siguiente enlace:\u00a0<a href=\"https:\/\/caudete.sedipualba.es\/tablondeanuncios\/anuncio.aspx?id=39463\" target=\"_blank\" rel=\"nofollow\">https:\/\/caudete.sedipualba.es\/tablondeanuncios\/anuncio.aspx?id=39463<\/a><\/p>\n<p>&nbsp;<\/p>\n","protected":false},"excerpt":{"rendered":"<p>Joaqu\u00edn Pag\u00e1n, Concejal de Medio Ambiente y Servicios ha informado que hasta el pr\u00f3ximo viernes 17 de Junio est\u00e1 expuesto al p\u00fablico el texto de la Ordenanza Reguladora de Limpieza y Vallados de Parcelas y Solares, que el Pleno aprob\u00f3 incialmente por unanimidad el d\u00eda 7 de Abril. Pag\u00e1n recordaba que durante el Pleno defendi\u00f3 &hellip;<\/p>\n","protected":false},"author":3,"featured_media":19038,"comment_status":"closed","ping_status":"open","sticky":false,"template":"","format":"standard","meta":{"ngg_post_thumbnail":0,"footnotes":""},"categories":[29],"tags":[],"class_list":["post-19030","post","type-post","status-publish","format-standard","has-post-thumbnail","hentry","category-medio-ambiente"],"yoast_head":"<!-- This site is optimized with the Yoast SEO plugin v27.5 - https:\/\/yoast.com\/product\/yoast-seo-wordpress\/ -->\n<title>Se expone al p\u00fablico, hasta el 17 de Junio, la Ordenanza Reguladora de LIMPIEZA Y VALLADO DE PARCELAS Y SOLARES - MI Ayuntamiento de Caudete<\/title>\n<meta name=\"description\" content=\"P\u00e1gina Oficial del Ayuntamiento de Caudete (Albacete)\" \/>\n<meta name=\"robots\" content=\"index, follow, max-snippet:-1, max-image-preview:large, max-video-preview:-1\" \/>\n<link rel=\"canonical\" href=\"https:\/\/www.caudete.org\/ayuntamiento\/se-expone-al-publico-hasta-el-17-de-junio-la-ordenanza-reguladora-de-limpieza-y-vallado-de-parcelas-y-solares\/\" \/>\n<meta property=\"og:locale\" content=\"es_ES\" \/>\n<meta property=\"og:type\" content=\"article\" \/>\n<meta property=\"og:title\" content=\"Se expone al p\u00fablico, hasta el 17 de Junio, la Ordenanza Reguladora de LIMPIEZA Y VALLADO DE PARCELAS Y SOLARES - MI Ayuntamiento de Caudete\" \/>\n<meta property=\"og:description\" content=\"P\u00e1gina Oficial del Ayuntamiento de Caudete (Albacete)\" \/>\n<meta property=\"og:url\" content=\"https:\/\/www.caudete.org\/ayuntamiento\/se-expone-al-publico-hasta-el-17-de-junio-la-ordenanza-reguladora-de-limpieza-y-vallado-de-parcelas-y-solares\/\" \/>\n<meta property=\"og:site_name\" content=\"MI Ayuntamiento de Caudete\" \/>\n<meta property=\"article:publisher\" content=\"https:\/\/www.facebook.com\/ayuntamientocaudete\/\" \/>\n<meta property=\"article:published_time\" content=\"2022-05-06T19:45:11+00:00\" \/>\n<meta property=\"article:modified_time\" content=\"2022-05-06T21:33:20+00:00\" \/>\n<meta property=\"og:image\" content=\"https:\/\/www.caudete.org\/ayuntamiento\/wp-content\/uploads\/2022\/05\/Ordenanza-Vallado-WEB.jpg\" \/>\n\t<meta property=\"og:image:width\" content=\"864\" \/>\n\t<meta property=\"og:image:height\" content=\"380\" \/>\n\t<meta property=\"og:image:type\" content=\"image\/jpeg\" \/>\n<meta name=\"author\" content=\"alcalde\" \/>\n<meta name=\"twitter:card\" content=\"summary_large_image\" \/>\n<meta name=\"twitter:label1\" content=\"Escrito por\" \/>\n\t<meta name=\"twitter:data1\" content=\"alcalde\" \/>\n\t<meta name=\"twitter:label2\" content=\"Tiempo de lectura\" \/>\n\t<meta name=\"twitter:data2\" content=\"2 minutos\" \/>\n<script type=\"application\/ld+json\" class=\"yoast-schema-graph\">{\"@context\":\"https:\\\/\\\/schema.org\",\"@graph\":[{\"@type\":\"Article\",\"@id\":\"https:\\\/\\\/www.caudete.org\\\/ayuntamiento\\\/se-expone-al-publico-hasta-el-17-de-junio-la-ordenanza-reguladora-de-limpieza-y-vallado-de-parcelas-y-solares\\\/#article\",\"isPartOf\":{\"@id\":\"https:\\\/\\\/www.caudete.org\\\/ayuntamiento\\\/se-expone-al-publico-hasta-el-17-de-junio-la-ordenanza-reguladora-de-limpieza-y-vallado-de-parcelas-y-solares\\\/\"},\"author\":{\"name\":\"alcalde\",\"@id\":\"https:\\\/\\\/www.caudete.org\\\/ayuntamiento\\\/#\\\/schema\\\/person\\\/cc646da9133078ee4d8dd47457947253\"},\"headline\":\"Se expone al p\u00fablico, hasta el 17 de Junio, la Ordenanza Reguladora de LIMPIEZA Y VALLADO DE PARCELAS Y SOLARES\",\"datePublished\":\"2022-05-06T19:45:11+00:00\",\"dateModified\":\"2022-05-06T21:33:20+00:00\",\"mainEntityOfPage\":{\"@id\":\"https:\\\/\\\/www.caudete.org\\\/ayuntamiento\\\/se-expone-al-publico-hasta-el-17-de-junio-la-ordenanza-reguladora-de-limpieza-y-vallado-de-parcelas-y-solares\\\/\"},\"wordCount\":263,\"image\":{\"@id\":\"https:\\\/\\\/www.caudete.org\\\/ayuntamiento\\\/se-expone-al-publico-hasta-el-17-de-junio-la-ordenanza-reguladora-de-limpieza-y-vallado-de-parcelas-y-solares\\\/#primaryimage\"},\"thumbnailUrl\":\"https:\\\/\\\/www.caudete.org\\\/ayuntamiento\\\/wp-content\\\/uploads\\\/2022\\\/05\\\/Ordenanza-Vallado-WEB.jpg\",\"articleSection\":[\"Medio Ambiente\"],\"inLanguage\":\"es\"},{\"@type\":\"WebPage\",\"@id\":\"https:\\\/\\\/www.caudete.org\\\/ayuntamiento\\\/se-expone-al-publico-hasta-el-17-de-junio-la-ordenanza-reguladora-de-limpieza-y-vallado-de-parcelas-y-solares\\\/\",\"url\":\"https:\\\/\\\/www.caudete.org\\\/ayuntamiento\\\/se-expone-al-publico-hasta-el-17-de-junio-la-ordenanza-reguladora-de-limpieza-y-vallado-de-parcelas-y-solares\\\/\",\"name\":\"Se expone al p\u00fablico, hasta el 17 de Junio, la Ordenanza Reguladora de LIMPIEZA Y VALLADO DE PARCELAS Y SOLARES - MI Ayuntamiento de Caudete\",\"isPartOf\":{\"@id\":\"https:\\\/\\\/www.caudete.org\\\/ayuntamiento\\\/#website\"},\"primaryImageOfPage\":{\"@id\":\"https:\\\/\\\/www.caudete.org\\\/ayuntamiento\\\/se-expone-al-publico-hasta-el-17-de-junio-la-ordenanza-reguladora-de-limpieza-y-vallado-de-parcelas-y-solares\\\/#primaryimage\"},\"image\":{\"@id\":\"https:\\\/\\\/www.caudete.org\\\/ayuntamiento\\\/se-expone-al-publico-hasta-el-17-de-junio-la-ordenanza-reguladora-de-limpieza-y-vallado-de-parcelas-y-solares\\\/#primaryimage\"},\"thumbnailUrl\":\"https:\\\/\\\/www.caudete.org\\\/ayuntamiento\\\/wp-content\\\/uploads\\\/2022\\\/05\\\/Ordenanza-Vallado-WEB.jpg\",\"datePublished\":\"2022-05-06T19:45:11+00:00\",\"dateModified\":\"2022-05-06T21:33:20+00:00\",\"author\":{\"@id\":\"https:\\\/\\\/www.caudete.org\\\/ayuntamiento\\\/#\\\/schema\\\/person\\\/cc646da9133078ee4d8dd47457947253\"},\"description\":\"P\u00e1gina Oficial del Ayuntamiento de Caudete (Albacete)\",\"breadcrumb\":{\"@id\":\"https:\\\/\\\/www.caudete.org\\\/ayuntamiento\\\/se-expone-al-publico-hasta-el-17-de-junio-la-ordenanza-reguladora-de-limpieza-y-vallado-de-parcelas-y-solares\\\/#breadcrumb\"},\"inLanguage\":\"es\",\"potentialAction\":[{\"@type\":\"ReadAction\",\"target\":[\"https:\\\/\\\/www.caudete.org\\\/ayuntamiento\\\/se-expone-al-publico-hasta-el-17-de-junio-la-ordenanza-reguladora-de-limpieza-y-vallado-de-parcelas-y-solares\\\/\"]}]},{\"@type\":\"ImageObject\",\"inLanguage\":\"es\",\"@id\":\"https:\\\/\\\/www.caudete.org\\\/ayuntamiento\\\/se-expone-al-publico-hasta-el-17-de-junio-la-ordenanza-reguladora-de-limpieza-y-vallado-de-parcelas-y-solares\\\/#primaryimage\",\"url\":\"https:\\\/\\\/www.caudete.org\\\/ayuntamiento\\\/wp-content\\\/uploads\\\/2022\\\/05\\\/Ordenanza-Vallado-WEB.jpg\",\"contentUrl\":\"https:\\\/\\\/www.caudete.org\\\/ayuntamiento\\\/wp-content\\\/uploads\\\/2022\\\/05\\\/Ordenanza-Vallado-WEB.jpg\",\"width\":864,\"height\":380},{\"@type\":\"BreadcrumbList\",\"@id\":\"https:\\\/\\\/www.caudete.org\\\/ayuntamiento\\\/se-expone-al-publico-hasta-el-17-de-junio-la-ordenanza-reguladora-de-limpieza-y-vallado-de-parcelas-y-solares\\\/#breadcrumb\",\"itemListElement\":[{\"@type\":\"ListItem\",\"position\":1,\"name\":\"Inicio\",\"item\":\"https:\\\/\\\/www.caudete.org\\\/ayuntamiento\\\/\"},{\"@type\":\"ListItem\",\"position\":2,\"name\":\"Se expone al p\u00fablico, hasta el 17 de Junio, la Ordenanza Reguladora de LIMPIEZA Y VALLADO DE PARCELAS Y SOLARES\"}]},{\"@type\":\"WebSite\",\"@id\":\"https:\\\/\\\/www.caudete.org\\\/ayuntamiento\\\/#website\",\"url\":\"https:\\\/\\\/www.caudete.org\\\/ayuntamiento\\\/\",\"name\":\"MI Ayuntamiento de Caudete\",\"description\":\"P\u00e1gina Oficial del MI Ayuntamiento de Caudete\",\"potentialAction\":[{\"@type\":\"SearchAction\",\"target\":{\"@type\":\"EntryPoint\",\"urlTemplate\":\"https:\\\/\\\/www.caudete.org\\\/ayuntamiento\\\/?s={search_term_string}\"},\"query-input\":{\"@type\":\"PropertyValueSpecification\",\"valueRequired\":true,\"valueName\":\"search_term_string\"}}],\"inLanguage\":\"es\"},{\"@type\":\"Person\",\"@id\":\"https:\\\/\\\/www.caudete.org\\\/ayuntamiento\\\/#\\\/schema\\\/person\\\/cc646da9133078ee4d8dd47457947253\",\"name\":\"alcalde\",\"image\":{\"@type\":\"ImageObject\",\"inLanguage\":\"es\",\"@id\":\"https:\\\/\\\/secure.gravatar.com\\\/avatar\\\/84a817ba065b29ff08d666b215a215f5c79186a645ccb25b14a663d48a130f77?s=96&d=mm&r=g\",\"url\":\"https:\\\/\\\/secure.gravatar.com\\\/avatar\\\/84a817ba065b29ff08d666b215a215f5c79186a645ccb25b14a663d48a130f77?s=96&d=mm&r=g\",\"contentUrl\":\"https:\\\/\\\/secure.gravatar.com\\\/avatar\\\/84a817ba065b29ff08d666b215a215f5c79186a645ccb25b14a663d48a130f77?s=96&d=mm&r=g\",\"caption\":\"alcalde\"},\"url\":\"https:\\\/\\\/www.caudete.org\\\/ayuntamiento\\\/author\\\/alcalde\\\/\"}]}<\/script>\n<!-- \/ Yoast SEO plugin. -->","yoast_head_json":{"title":"Se expone al p\u00fablico, hasta el 17 de Junio, la Ordenanza Reguladora de LIMPIEZA Y VALLADO DE PARCELAS Y SOLARES - MI Ayuntamiento de Caudete","description":"P\u00e1gina Oficial del Ayuntamiento de Caudete (Albacete)","robots":{"index":"index","follow":"follow","max-snippet":"max-snippet:-1","max-image-preview":"max-image-preview:large","max-video-preview":"max-video-preview:-1"},"canonical":"https:\/\/www.caudete.org\/ayuntamiento\/se-expone-al-publico-hasta-el-17-de-junio-la-ordenanza-reguladora-de-limpieza-y-vallado-de-parcelas-y-solares\/","og_locale":"es_ES","og_type":"article","og_title":"Se expone al p\u00fablico, hasta el 17 de Junio, la Ordenanza Reguladora de LIMPIEZA Y VALLADO DE PARCELAS Y SOLARES - MI Ayuntamiento de Caudete","og_description":"P\u00e1gina Oficial del Ayuntamiento de Caudete (Albacete)","og_url":"https:\/\/www.caudete.org\/ayuntamiento\/se-expone-al-publico-hasta-el-17-de-junio-la-ordenanza-reguladora-de-limpieza-y-vallado-de-parcelas-y-solares\/","og_site_name":"MI Ayuntamiento de Caudete","article_publisher":"https:\/\/www.facebook.com\/ayuntamientocaudete\/","article_published_time":"2022-05-06T19:45:11+00:00","article_modified_time":"2022-05-06T21:33:20+00:00","og_image":[{"width":864,"height":380,"url":"https:\/\/www.caudete.org\/ayuntamiento\/wp-content\/uploads\/2022\/05\/Ordenanza-Vallado-WEB.jpg","type":"image\/jpeg"}],"author":"alcalde","twitter_card":"summary_large_image","twitter_misc":{"Escrito por":"alcalde","Tiempo de lectura":"2 minutos"},"schema":{"@context":"https:\/\/schema.org","@graph":[{"@type":"Article","@id":"https:\/\/www.caudete.org\/ayuntamiento\/se-expone-al-publico-hasta-el-17-de-junio-la-ordenanza-reguladora-de-limpieza-y-vallado-de-parcelas-y-solares\/#article","isPartOf":{"@id":"https:\/\/www.caudete.org\/ayuntamiento\/se-expone-al-publico-hasta-el-17-de-junio-la-ordenanza-reguladora-de-limpieza-y-vallado-de-parcelas-y-solares\/"},"author":{"name":"alcalde","@id":"https:\/\/www.caudete.org\/ayuntamiento\/#\/schema\/person\/cc646da9133078ee4d8dd47457947253"},"headline":"Se expone al p\u00fablico, hasta el 17 de Junio, la Ordenanza Reguladora de LIMPIEZA Y VALLADO DE PARCELAS Y SOLARES","datePublished":"2022-05-06T19:45:11+00:00","dateModified":"2022-05-06T21:33:20+00:00","mainEntityOfPage":{"@id":"https:\/\/www.caudete.org\/ayuntamiento\/se-expone-al-publico-hasta-el-17-de-junio-la-ordenanza-reguladora-de-limpieza-y-vallado-de-parcelas-y-solares\/"},"wordCount":263,"image":{"@id":"https:\/\/www.caudete.org\/ayuntamiento\/se-expone-al-publico-hasta-el-17-de-junio-la-ordenanza-reguladora-de-limpieza-y-vallado-de-parcelas-y-solares\/#primaryimage"},"thumbnailUrl":"https:\/\/www.caudete.org\/ayuntamiento\/wp-content\/uploads\/2022\/05\/Ordenanza-Vallado-WEB.jpg","articleSection":["Medio Ambiente"],"inLanguage":"es"},{"@type":"WebPage","@id":"https:\/\/www.caudete.org\/ayuntamiento\/se-expone-al-publico-hasta-el-17-de-junio-la-ordenanza-reguladora-de-limpieza-y-vallado-de-parcelas-y-solares\/","url":"https:\/\/www.caudete.org\/ayuntamiento\/se-expone-al-publico-hasta-el-17-de-junio-la-ordenanza-reguladora-de-limpieza-y-vallado-de-parcelas-y-solares\/","name":"Se expone al p\u00fablico, hasta el 17 de Junio, la Ordenanza Reguladora de LIMPIEZA Y VALLADO DE PARCELAS Y SOLARES - MI Ayuntamiento de Caudete","isPartOf":{"@id":"https:\/\/www.caudete.org\/ayuntamiento\/#website"},"primaryImageOfPage":{"@id":"https:\/\/www.caudete.org\/ayuntamiento\/se-expone-al-publico-hasta-el-17-de-junio-la-ordenanza-reguladora-de-limpieza-y-vallado-de-parcelas-y-solares\/#primaryimage"},"image":{"@id":"https:\/\/www.caudete.org\/ayuntamiento\/se-expone-al-publico-hasta-el-17-de-junio-la-ordenanza-reguladora-de-limpieza-y-vallado-de-parcelas-y-solares\/#primaryimage"},"thumbnailUrl":"https:\/\/www.caudete.org\/ayuntamiento\/wp-content\/uploads\/2022\/05\/Ordenanza-Vallado-WEB.jpg","datePublished":"2022-05-06T19:45:11+00:00","dateModified":"2022-05-06T21:33:20+00:00","author":{"@id":"https:\/\/www.caudete.org\/ayuntamiento\/#\/schema\/person\/cc646da9133078ee4d8dd47457947253"},"description":"P\u00e1gina Oficial del Ayuntamiento de Caudete (Albacete)","breadcrumb":{"@id":"https:\/\/www.caudete.org\/ayuntamiento\/se-expone-al-publico-hasta-el-17-de-junio-la-ordenanza-reguladora-de-limpieza-y-vallado-de-parcelas-y-solares\/#breadcrumb"},"inLanguage":"es","potentialAction":[{"@type":"ReadAction","target":["https:\/\/www.caudete.org\/ayuntamiento\/se-expone-al-publico-hasta-el-17-de-junio-la-ordenanza-reguladora-de-limpieza-y-vallado-de-parcelas-y-solares\/"]}]},{"@type":"ImageObject","inLanguage":"es","@id":"https:\/\/www.caudete.org\/ayuntamiento\/se-expone-al-publico-hasta-el-17-de-junio-la-ordenanza-reguladora-de-limpieza-y-vallado-de-parcelas-y-solares\/#primaryimage","url":"https:\/\/www.caudete.org\/ayuntamiento\/wp-content\/uploads\/2022\/05\/Ordenanza-Vallado-WEB.jpg","contentUrl":"https:\/\/www.caudete.org\/ayuntamiento\/wp-content\/uploads\/2022\/05\/Ordenanza-Vallado-WEB.jpg","width":864,"height":380},{"@type":"BreadcrumbList","@id":"https:\/\/www.caudete.org\/ayuntamiento\/se-expone-al-publico-hasta-el-17-de-junio-la-ordenanza-reguladora-de-limpieza-y-vallado-de-parcelas-y-solares\/#breadcrumb","itemListElement":[{"@type":"ListItem","position":1,"name":"Inicio","item":"https:\/\/www.caudete.org\/ayuntamiento\/"},{"@type":"ListItem","position":2,"name":"Se expone al p\u00fablico, hasta el 17 de Junio, la Ordenanza Reguladora de LIMPIEZA Y VALLADO DE PARCELAS Y SOLARES"}]},{"@type":"WebSite","@id":"https:\/\/www.caudete.org\/ayuntamiento\/#website","url":"https:\/\/www.caudete.org\/ayuntamiento\/","name":"MI Ayuntamiento de Caudete","description":"P\u00e1gina Oficial del MI Ayuntamiento de Caudete","potentialAction":[{"@type":"SearchAction","target":{"@type":"EntryPoint","urlTemplate":"https:\/\/www.caudete.org\/ayuntamiento\/?s={search_term_string}"},"query-input":{"@type":"PropertyValueSpecification","valueRequired":true,"valueName":"search_term_string"}}],"inLanguage":"es"},{"@type":"Person","@id":"https:\/\/www.caudete.org\/ayuntamiento\/#\/schema\/person\/cc646da9133078ee4d8dd47457947253","name":"alcalde","image":{"@type":"ImageObject","inLanguage":"es","@id":"https:\/\/secure.gravatar.com\/avatar\/84a817ba065b29ff08d666b215a215f5c79186a645ccb25b14a663d48a130f77?s=96&d=mm&r=g","url":"https:\/\/secure.gravatar.com\/avatar\/84a817ba065b29ff08d666b215a215f5c79186a645ccb25b14a663d48a130f77?s=96&d=mm&r=g","contentUrl":"https:\/\/secure.gravatar.com\/avatar\/84a817ba065b29ff08d666b215a215f5c79186a645ccb25b14a663d48a130f77?s=96&d=mm&r=g","caption":"alcalde"},"url":"https:\/\/www.caudete.org\/ayuntamiento\/author\/alcalde\/"}]}},"_links":{"self":[{"href":"https:\/\/www.caudete.org\/ayuntamiento\/wp-json\/wp\/v2\/posts\/19030","targetHints":{"allow":["GET"]}}],"collection":[{"href":"https:\/\/www.caudete.org\/ayuntamiento\/wp-json\/wp\/v2\/posts"}],"about":[{"href":"https:\/\/www.caudete.org\/ayuntamiento\/wp-json\/wp\/v2\/types\/post"}],"author":[{"embeddable":true,"href":"https:\/\/www.caudete.org\/ayuntamiento\/wp-json\/wp\/v2\/users\/3"}],"replies":[{"embeddable":true,"href":"https:\/\/www.caudete.org\/ayuntamiento\/wp-json\/wp\/v2\/comments?post=19030"}],"version-history":[{"count":4,"href":"https:\/\/www.caudete.org\/ayuntamiento\/wp-json\/wp\/v2\/posts\/19030\/revisions"}],"predecessor-version":[{"id":19036,"href":"https:\/\/www.caudete.org\/ayuntamiento\/wp-json\/wp\/v2\/posts\/19030\/revisions\/19036"}],"wp:featuredmedia":[{"embeddable":true,"href":"https:\/\/www.caudete.org\/ayuntamiento\/wp-json\/wp\/v2\/media\/19038"}],"wp:attachment":[{"href":"https:\/\/www.caudete.org\/ayuntamiento\/wp-json\/wp\/v2\/media?parent=19030"}],"wp:term":[{"taxonomy":"category","embeddable":true,"href":"https:\/\/www.caudete.org\/ayuntamiento\/wp-json\/wp\/v2\/categories?post=19030"},{"taxonomy":"post_tag","embeddable":true,"href":"https:\/\/www.caudete.org\/ayuntamiento\/wp-json\/wp\/v2\/tags?post=19030"}],"curies":[{"name":"wp","href":"https:\/\/api.w.org\/{rel}","templated":true}]}}