{"id":19043,"date":"2022-05-09T20:52:15","date_gmt":"2022-05-09T18:52:15","guid":{"rendered":"https:\/\/www.caudete.org\/ayuntamiento\/?p=19043"},"modified":"2022-05-09T20:52:15","modified_gmt":"2022-05-09T18:52:15","slug":"caudete-en-el-proyecto-erasmus-cross-creando-otros-entornos-de-aprendizaje","status":"publish","type":"post","link":"https:\/\/www.caudete.org\/ayuntamiento\/caudete-en-el-proyecto-erasmus-cross-creando-otros-entornos-de-aprendizaje\/","title":{"rendered":"Caudete en el proyecto Erasmus+ \u201cCROSS-Creando Otros Entornos de Aprendizaje\u201d"},"content":{"rendered":"<p align=\"left\"><span style=\"color: #000000;\"><span style=\"font-family: Arial, sans-serif;\"><span style=\"font-size: medium;\"><span style=\"color: #050505;\">La Biblioteca P\u00fablica Municipal Ana Mar\u00eda Matute y la Casa de Cultura del Ayuntamiento de Caudete, con la colaboraci\u00f3n de la Agencia de Desarrollo Local de la entidad, <\/span><span style=\"color: #050505;\">participa<\/span><span style=\"color: #050505;\">n<\/span><span style=\"color: #050505;\"> en <\/span><span style=\"color: #050505;\">el proyecto Erasmus+ \u201cCROSS-Creando Otros Entornos de Aprendizaje\u201d. <\/span><\/span><\/span><\/span><\/p>\n<p align=\"left\"><span style=\"color: #050505;\"><span style=\"font-family: Arial, sans-serif;\"><span style=\"font-size: medium;\">Durante los pasados d\u00edas 27, 28 y 29 de abril, Caudete acogi\u00f3 el 5\u00ba Encuentro transnacional <\/span><\/span><\/span><span style=\"color: #050505;\"><span style=\"font-family: Arial, sans-serif;\"><span style=\"font-size: medium;\"><a href=\"https:\/\/www.facebook.com\/hashtag\/erasmusplus?__eep__=6&amp;__cft__[0]=AZUlivNuFZfK5dDi95W4sETfMxqnGNktkPpKPfpfVT6O4JxCmP6mqxrrOT88sKwBgjlf88N53QlcxaqxVn4396eoXRmo5AoLcYpHr6Kaf4zi4Ne3y-7f9kg2ppZeh8Rx9R2bUxeji0Rg_80sDzYVtHimvuO5F6_BmDE4NMlNETU5vHiAgbPBDlGdY4-zFexh4Os&amp;__tn__=*NK-R\" target=\"_blank\" rel=\"nofollow\">#Erasmusplus<\/a><\/span><\/span><\/span><span style=\"color: #050505;\"><span style=\"font-family: Arial, sans-serif;\"><span style=\"font-size: medium;\"> del proyecto <\/span><\/span><\/span><span style=\"color: #050505;\"><span style=\"font-family: Arial, sans-serif;\"><span style=\"font-size: medium;\"><a href=\"https:\/\/www.facebook.com\/hashtag\/cross?__eep__=6&amp;__cft__[0]=AZUlivNuFZfK5dDi95W4sETfMxqnGNktkPpKPfpfVT6O4JxCmP6mqxrrOT88sKwBgjlf88N53QlcxaqxVn4396eoXRmo5AoLcYpHr6Kaf4zi4Ne3y-7f9kg2ppZeh8Rx9R2bUxeji0Rg_80sDzYVtHimvuO5F6_BmDE4NMlNETU5vHiAgbPBDlGdY4-zFexh4Os&amp;__tn__=*NK-R\" target=\"_blank\" rel=\"nofollow\">#CROSS<\/a><\/span><\/span><\/span><span style=\"color: #050505;\"><span style=\"font-family: Arial, sans-serif;\"><span style=\"font-size: medium;\"> \u201cCROSS-Creando Otros Entornos de Aprendizaje. <\/span><\/span><\/span><span style=\"color: #050505;\"><span style=\"font-family: Arial, sans-serif;\"><span style=\"font-size: medium;\">El ayuntamiento de l<\/span><\/span><\/span><span style=\"color: #050505;\"><span style=\"font-family: Arial, sans-serif;\"><span style=\"font-size: medium;\">a ciudad alemana de Iserlohn es el socio coordinador de este proyecto <\/span><\/span><\/span><span style=\"color: #050505;\"><span style=\"font-family: Arial, sans-serif;\"><span style=\"font-size: medium;\">en el <\/span><\/span><\/span><span style=\"color: #050505;\"><span style=\"font-family: Arial, sans-serif;\"><span style=\"font-size: medium;\">que junto a Caudete, <\/span><\/span><\/span><span style=\"color: #050505;\"><span style=\"font-family: Arial, sans-serif;\"><span style=\"font-size: medium;\">participan<\/span><\/span><\/span><span style=\"color: #050505;\"><span style=\"font-family: Arial, sans-serif;\"><span style=\"font-size: medium;\"> Hungr\u00eda, Rumania, Eslovenia, Luxemburgo y Pa\u00edses Bajos. <\/span><\/span><\/span><\/p>\n<p align=\"left\"><span style=\"color: #050505;\"><span style=\"font-family: Arial, sans-serif;\"><span style=\"font-size: medium;\">Tres d\u00edas de trabajo intenso en torno al tema de la inmigraci\u00f3n y c\u00f3mo hacer de los Terceros Lugares, como Bibliotecas y Casas de Cultura, espacios de encuentro para la ense\u00f1anza y el aprendizaje informal para inmigrantes. Entre otras actividades, contamos con la charla &#8220;Bibliotecas para todos&#8221; de Alicia Sell\u00e9s Bibliotecaria y Presidenta de FESABID (Federaci\u00f3n Espa\u00f1ola de Sociedades de Archiv\u00edstica, Biblioteconom\u00eda, Documentaci\u00f3n y Muse\u00edstica), con talleres para el intercambio de ideas, con presentaciones de buenas pr\u00e1cticas por parte del VHS Iserlohn (Alemania), del Centro de Adultos GERO Luxembourg (Luxemburgo) , de la Biblioteca de Oosterschelde (Paises Bajos) y del proyecto de la Biblioteca de Caudete llamado Welcome Library. <\/span><\/span><\/span><\/p>\n<p align=\"left\"><span style=\"color: #050505;\"><span style=\"font-family: Arial, sans-serif;\"><span style=\"font-size: medium;\">El objetivo del proyecto Welcome Library no es otro que el crear una biblioteca intercultural con los libros m\u00e1s representativos de cada uno de los pa\u00edses participantes en este proyecto, para tener t\u00edtulos en su idioma original y crear una biblioteca de bienvenida, con la que las personas migrantes se sienta acogidas en diferentes espacios como Bibliotecas, Escuelas de adultos y otros espacios de aprendizaje. <\/span><\/span><\/span><\/p>\n<p align=\"left\"><span style=\"font-size: medium;\"><span style=\"color: #050505;\"><span style=\"font-family: Arial, sans-serif;\">Contamos adem\u00e1s <\/span><\/span><span style=\"color: #050505;\"><span style=\"font-family: Arial, sans-serif;\">durante estos d\u00edas con actividades tan variadas como una sesi\u00f3n de Jazz Caf\u00e9, <\/span><\/span><span style=\"color: #050505;\"><span style=\"font-family: Arial, sans-serif;\">una exhibici\u00f3n de danza espa\u00f1ola <\/span><\/span><span style=\"color: #050505;\"><span style=\"font-family: Arial, sans-serif;\">ofrecida por<\/span><\/span> <span style=\"color: #050505;\"><span style=\"font-family: Arial, sans-serif;\">alumnado y profesorado<\/span><\/span> <span style=\"color: #050505;\"><span style=\"font-family: Arial, sans-serif;\">de los cursos de <\/span><\/span><span style=\"color: #050505;\"><span style=\"font-family: Arial, sans-serif;\">Danza de la Universidad Popular, visitas a la Sala de Exposiciones, Biblioteca <\/span><\/span><span style=\"color: #050505;\"><span style=\"font-family: Arial, sans-serif;\">P\u00fablica Municipal<\/span><\/span><span style=\"color: #050505;\"><span style=\"font-family: Arial, sans-serif;\">, Aulas de <\/span><\/span><span style=\"color: #050505;\"><span style=\"font-family: Arial, sans-serif;\">formaci\u00f3n<\/span><\/span><span style=\"color: #050505;\"><span style=\"font-family: Arial, sans-serif;\">, Auditorio, Sal\u00f3n de Plenos y Centro Joven. <\/span><\/span><span style=\"color: #050505;\"><span style=\"font-family: Arial, sans-serif;\">Dimos as\u00ed a conocer <\/span><\/span><span style=\"color: #050505;\"><span style=\"font-family: Arial, sans-serif;\">nuestro Tercer Lugar, <\/span><\/span><span style=\"color: #050505;\"><span style=\"font-family: Arial, sans-serif;\">nuestra Casa de Cultura, <\/span><\/span><span style=\"color: #050505;\"><span style=\"font-family: Arial, sans-serif;\">que aglutina todos esas estructuras culturales y de formaci\u00f3n que funcionan como <\/span><\/span><span style=\"color: #050505;\"><span style=\"font-family: Arial, sans-serif;\">espacio<\/span><\/span><span style=\"color: #050505;\"><span style=\"font-family: Arial, sans-serif;\">s<\/span><\/span><span style=\"color: #050505;\"><span style=\"font-family: Arial, sans-serif;\"> de encuentro y aprendizaje informal, en <\/span><\/span><span style=\"color: #050505;\"><span style=\"font-family: Arial, sans-serif;\">los<\/span><\/span><span style=\"color: #050505;\"><span style=\"font-family: Arial, sans-serif;\"> que todos los ciudadanos tienen <\/span><\/span><span style=\"color: #050505;\"><span style=\"font-family: Arial, sans-serif;\">pueden<\/span><\/span><span style=\"color: #050505;\"><span style=\"font-family: Arial, sans-serif;\"> aprender y compartir. <\/span><\/span><\/span><\/p>\n<p align=\"left\"><span style=\"color: #050505;\"><span style=\"font-family: Arial, sans-serif;\"><span style=\"font-size: medium;\">Como despedida, se obsequi\u00f3 a todos los asistentes con una acuarela elaborada por los alumnos del Taller de Acuarela de la Universidad Popular, haci\u00e9ndoles participes de la disciplina en la que Caudete es referente a nivel nacional e internacional, por las actividades que se desarrollan en torno al Museo Pintor Rafael Requena y su patrimonio cultural. <\/span><\/span><\/span><\/p>\n<p align=\"left\"><span style=\"font-family: Arial, sans-serif;\"><span style=\"font-size: medium;\"><span style=\"color: #050505;\">Y por supuesto, <\/span><span style=\"color: #050505;\">finalizamos con <\/span><span style=\"color: #050505;\">una visita guiada por nuestro pueblo, <\/span><span style=\"color: #050505;\">a cargo <\/span><span style=\"color: #050505;\">de la t\u00e9cnico de Turismo. <\/span><\/span><\/span><\/p>\n<p align=\"left\"><span style=\"font-size: medium;\"><span style=\"color: #050505;\"><span style=\"font-family: Arial, sans-serif;\">A lo largo del proyecto que se inicio en 2019 y se ha podido retomar tras la <\/span><\/span><span style=\"color: #050505;\"><span style=\"font-family: Arial, sans-serif;\">COVID<\/span><\/span><span style=\"color: #050505;\"><span style=\"font-family: Arial, sans-serif;\">, personal de la <\/span><\/span><span style=\"color: #050505;\"><span style=\"font-family: Arial, sans-serif;\">B<\/span><\/span><span style=\"color: #050505;\"><span style=\"font-family: Arial, sans-serif;\">iblioteca y del <\/span><\/span><span style=\"color: #050505;\"><span style=\"font-family: Arial, sans-serif;\">A<\/span><\/span><span style=\"color: #050505;\"><span style=\"font-family: Arial, sans-serif;\">yuntamiento de Caudete ha podido conocer las buenas pr\u00e1cticas en cada pa\u00eds socio, y hemos podido conocer el concepto de Tercer Lugar, que tiene un desarrollo muy relevante en Europa para hacer m\u00e1s atractivos los entornos de aprendizaje para la ciudadan\u00eda, y que ser\u00e1 un concepto que se trabajar\u00e1, <\/span><\/span><span style=\"color: #050505;\"><span style=\"font-family: Arial, sans-serif;\">tras el paso por<\/span><\/span> <span style=\"color: #050505;\"><span style=\"font-family: Arial, sans-serif;\">e<\/span><\/span><span style=\"color: #050505;\"><span style=\"font-family: Arial, sans-serif;\">l proyecto, en los espacios de educaci\u00f3n y formaci\u00f3n del ayuntamiento.<\/span><\/span><\/span><\/p>\n<p align=\"left\"><span style=\"color: #050505;\"><span style=\"font-family: Arial, sans-serif;\"><span style=\"font-size: medium;\">El proyecto transnacional ERASMUS + CROSS \u201c<\/span><\/span><\/span><span style=\"color: #000000;\"><span style=\"font-family: Arial, sans-serif;\"><span style=\"font-size: medium;\"><strong>Creando otros espacios de aprendizaje\u201d<\/strong><\/span><\/span><\/span><b> <\/b><span style=\"color: #000000;\"><span style=\"font-family: Arial, sans-serif;\"><span style=\"font-size: medium;\"><strong>tiene como objetivo<\/strong><\/span><\/span><\/span><span style=\"color: #000000;\"><span style=\"font-family: Arial, sans-serif;\"><span style=\"font-size: medium;\"><strong> el intercambio de buenas pr\u00e1cticas en la educaci\u00f3n no formal de adultos en entornos culturales como los ofrecidos por las bibliotecas p\u00fablicas, escuelas de adultos, museos, as\u00ed como el an\u00e1lisis de las posibles v\u00edas de cooperaci\u00f3n entre estas instituciones y otros proveedores de educaci\u00f3n de adultos.<\/strong><\/span><\/span><\/span><\/p>\n<p align=\"left\"><span style=\"color: #000000;\"><span style=\"font-family: Arial, sans-serif;\"><span style=\"font-size: medium;\"><strong>E<\/strong><\/span><\/span><\/span><span style=\"color: #000000;\"><span style=\"font-family: Arial, sans-serif;\"><span style=\"font-size: medium;\"><strong>ste proyecto est\u00e1 cofinanciado por el programa Erasmus+ de la Uni\u00f3n Europea <\/strong><\/span><\/span><\/span><span style=\"color: #000000;\"><span style=\"font-family: Arial, sans-serif;\"><span style=\"font-size: medium;\"><strong>y que este encuentro, <\/strong><\/span><\/span><\/span><span style=\"color: #000000;\"><span style=\"font-family: Arial, sans-serif;\"><span style=\"font-size: medium;\"><strong>en el que trabajan conjuntamente<\/strong><\/span><\/span><\/span><span style=\"color: #050505;\"><span style=\"font-family: Arial, sans-serif;\"><span style=\"font-size: medium;\"> la Biblioteca P\u00fablica Municipal Ana Mar\u00eda Matute, la Casa de Cultura y la Agencia de Desarrollo Local del Ayuntamiento de Caudete, <\/span><\/span><\/span><span style=\"color: #050505;\"><span style=\"font-family: Arial, sans-serif;\"><span style=\"font-size: medium;\">se enmarca en la estrategia de internacionalizaci\u00f3n de la educaci\u00f3n adoptada por el municipio en el marco del programa para avanzar en la construcci\u00f3n de un Espacio Europeo de Educaci\u00f3n y acercar Europa a la ciudadan\u00eda.<\/span><\/span><\/span><\/p>\n<p align=\"left\">\n","protected":false},"excerpt":{"rendered":"<p>La Biblioteca P\u00fablica Municipal Ana Mar\u00eda Matute y la Casa de Cultura del Ayuntamiento de Caudete, con la colaboraci\u00f3n de la Agencia de Desarrollo Local de la entidad, participan en el proyecto Erasmus+ \u201cCROSS-Creando Otros Entornos de Aprendizaje\u201d. Durante los pasados d\u00edas 27, 28 y 29 de abril, Caudete acogi\u00f3 el 5\u00ba Encuentro transnacional #Erasmusplus &hellip;<\/p>\n","protected":false},"author":2,"featured_media":19053,"comment_status":"closed","ping_status":"open","sticky":false,"template":"","format":"standard","meta":{"ngg_post_thumbnail":0,"footnotes":""},"categories":[835],"tags":[836,559],"class_list":["post-19043","post","type-post","status-publish","format-standard","has-post-thumbnail","hentry","category-cultura-y-desarrollo-local","tag-cross-creando-otros-entornos-de-aprendizaje","tag-erasmus"],"yoast_head":"<!-- This site is optimized with the Yoast SEO plugin v27.4 - https:\/\/yoast.com\/product\/yoast-seo-wordpress\/ -->\n<title>Caudete en el proyecto Erasmus+ \u201cCROSS-Creando Otros Entornos de Aprendizaje\u201d - MI Ayuntamiento de Caudete<\/title>\n<meta name=\"description\" content=\"P\u00e1gina Oficial del Ayuntamiento de Caudete (Albacete)\" \/>\n<meta name=\"robots\" content=\"index, follow, max-snippet:-1, max-image-preview:large, max-video-preview:-1\" \/>\n<link rel=\"canonical\" href=\"https:\/\/www.caudete.org\/ayuntamiento\/caudete-en-el-proyecto-erasmus-cross-creando-otros-entornos-de-aprendizaje\/\" \/>\n<meta property=\"og:locale\" content=\"es_ES\" \/>\n<meta property=\"og:type\" content=\"article\" \/>\n<meta property=\"og:title\" content=\"Caudete en el proyecto Erasmus+ \u201cCROSS-Creando Otros Entornos de Aprendizaje\u201d - MI Ayuntamiento de Caudete\" \/>\n<meta property=\"og:description\" content=\"P\u00e1gina Oficial del Ayuntamiento de Caudete (Albacete)\" \/>\n<meta property=\"og:url\" content=\"https:\/\/www.caudete.org\/ayuntamiento\/caudete-en-el-proyecto-erasmus-cross-creando-otros-entornos-de-aprendizaje\/\" \/>\n<meta property=\"og:site_name\" content=\"MI Ayuntamiento de Caudete\" \/>\n<meta property=\"article:publisher\" content=\"https:\/\/www.facebook.com\/ayuntamientocaudete\/\" \/>\n<meta property=\"article:published_time\" content=\"2022-05-09T18:52:15+00:00\" \/>\n<meta property=\"og:image\" content=\"https:\/\/www.caudete.org\/ayuntamiento\/wp-content\/uploads\/2022\/05\/Erasmus-Escalera-WEB.jpg\" \/>\n\t<meta property=\"og:image:width\" content=\"864\" \/>\n\t<meta property=\"og:image:height\" content=\"380\" \/>\n\t<meta property=\"og:image:type\" content=\"image\/jpeg\" \/>\n<meta name=\"author\" content=\"Juan\" \/>\n<meta name=\"twitter:card\" content=\"summary_large_image\" \/>\n<meta name=\"twitter:label1\" content=\"Escrito por\" \/>\n\t<meta name=\"twitter:data1\" content=\"Juan\" \/>\n\t<meta name=\"twitter:label2\" content=\"Tiempo de lectura\" \/>\n\t<meta name=\"twitter:data2\" content=\"4 minutos\" \/>\n<script type=\"application\/ld+json\" class=\"yoast-schema-graph\">{\"@context\":\"https:\\\/\\\/schema.org\",\"@graph\":[{\"@type\":\"Article\",\"@id\":\"https:\\\/\\\/www.caudete.org\\\/ayuntamiento\\\/caudete-en-el-proyecto-erasmus-cross-creando-otros-entornos-de-aprendizaje\\\/#article\",\"isPartOf\":{\"@id\":\"https:\\\/\\\/www.caudete.org\\\/ayuntamiento\\\/caudete-en-el-proyecto-erasmus-cross-creando-otros-entornos-de-aprendizaje\\\/\"},\"author\":{\"name\":\"Juan\",\"@id\":\"https:\\\/\\\/www.caudete.org\\\/ayuntamiento\\\/#\\\/schema\\\/person\\\/7656a5bb58fca95b9814e940de0fda63\"},\"headline\":\"Caudete en el proyecto Erasmus+ \u201cCROSS-Creando Otros Entornos de Aprendizaje\u201d\",\"datePublished\":\"2022-05-09T18:52:15+00:00\",\"mainEntityOfPage\":{\"@id\":\"https:\\\/\\\/www.caudete.org\\\/ayuntamiento\\\/caudete-en-el-proyecto-erasmus-cross-creando-otros-entornos-de-aprendizaje\\\/\"},\"wordCount\":722,\"publisher\":{\"@id\":\"https:\\\/\\\/www.caudete.org\\\/ayuntamiento\\\/#organization\"},\"image\":{\"@id\":\"https:\\\/\\\/www.caudete.org\\\/ayuntamiento\\\/caudete-en-el-proyecto-erasmus-cross-creando-otros-entornos-de-aprendizaje\\\/#primaryimage\"},\"thumbnailUrl\":\"https:\\\/\\\/www.caudete.org\\\/ayuntamiento\\\/wp-content\\\/uploads\\\/2022\\\/05\\\/Erasmus-Escalera-WEB.jpg\",\"keywords\":[\"CROSS-Creando Otros Entornos de Aprendizaje\",\"Erasmus\"],\"articleSection\":[\"Cultura y Desarrollo local\"],\"inLanguage\":\"es\"},{\"@type\":\"WebPage\",\"@id\":\"https:\\\/\\\/www.caudete.org\\\/ayuntamiento\\\/caudete-en-el-proyecto-erasmus-cross-creando-otros-entornos-de-aprendizaje\\\/\",\"url\":\"https:\\\/\\\/www.caudete.org\\\/ayuntamiento\\\/caudete-en-el-proyecto-erasmus-cross-creando-otros-entornos-de-aprendizaje\\\/\",\"name\":\"Caudete en el proyecto Erasmus+ \u201cCROSS-Creando Otros Entornos de Aprendizaje\u201d - MI Ayuntamiento de Caudete\",\"isPartOf\":{\"@id\":\"https:\\\/\\\/www.caudete.org\\\/ayuntamiento\\\/#website\"},\"primaryImageOfPage\":{\"@id\":\"https:\\\/\\\/www.caudete.org\\\/ayuntamiento\\\/caudete-en-el-proyecto-erasmus-cross-creando-otros-entornos-de-aprendizaje\\\/#primaryimage\"},\"image\":{\"@id\":\"https:\\\/\\\/www.caudete.org\\\/ayuntamiento\\\/caudete-en-el-proyecto-erasmus-cross-creando-otros-entornos-de-aprendizaje\\\/#primaryimage\"},\"thumbnailUrl\":\"https:\\\/\\\/www.caudete.org\\\/ayuntamiento\\\/wp-content\\\/uploads\\\/2022\\\/05\\\/Erasmus-Escalera-WEB.jpg\",\"datePublished\":\"2022-05-09T18:52:15+00:00\",\"description\":\"P\u00e1gina Oficial del Ayuntamiento de Caudete (Albacete)\",\"breadcrumb\":{\"@id\":\"https:\\\/\\\/www.caudete.org\\\/ayuntamiento\\\/caudete-en-el-proyecto-erasmus-cross-creando-otros-entornos-de-aprendizaje\\\/#breadcrumb\"},\"inLanguage\":\"es\",\"potentialAction\":[{\"@type\":\"ReadAction\",\"target\":[\"https:\\\/\\\/www.caudete.org\\\/ayuntamiento\\\/caudete-en-el-proyecto-erasmus-cross-creando-otros-entornos-de-aprendizaje\\\/\"]}]},{\"@type\":\"ImageObject\",\"inLanguage\":\"es\",\"@id\":\"https:\\\/\\\/www.caudete.org\\\/ayuntamiento\\\/caudete-en-el-proyecto-erasmus-cross-creando-otros-entornos-de-aprendizaje\\\/#primaryimage\",\"url\":\"https:\\\/\\\/www.caudete.org\\\/ayuntamiento\\\/wp-content\\\/uploads\\\/2022\\\/05\\\/Erasmus-Escalera-WEB.jpg\",\"contentUrl\":\"https:\\\/\\\/www.caudete.org\\\/ayuntamiento\\\/wp-content\\\/uploads\\\/2022\\\/05\\\/Erasmus-Escalera-WEB.jpg\",\"width\":864,\"height\":380},{\"@type\":\"BreadcrumbList\",\"@id\":\"https:\\\/\\\/www.caudete.org\\\/ayuntamiento\\\/caudete-en-el-proyecto-erasmus-cross-creando-otros-entornos-de-aprendizaje\\\/#breadcrumb\",\"itemListElement\":[{\"@type\":\"ListItem\",\"position\":1,\"name\":\"Inicio\",\"item\":\"https:\\\/\\\/www.caudete.org\\\/ayuntamiento\\\/\"},{\"@type\":\"ListItem\",\"position\":2,\"name\":\"Caudete en el proyecto Erasmus+ \u201cCROSS-Creando Otros Entornos de Aprendizaje\u201d\"}]},{\"@type\":\"WebSite\",\"@id\":\"https:\\\/\\\/www.caudete.org\\\/ayuntamiento\\\/#website\",\"url\":\"https:\\\/\\\/www.caudete.org\\\/ayuntamiento\\\/\",\"name\":\"MI Ayuntamiento de Caudete\",\"description\":\"P\u00e1gina Oficial del MI Ayuntamiento de Caudete\",\"publisher\":{\"@id\":\"https:\\\/\\\/www.caudete.org\\\/ayuntamiento\\\/#organization\"},\"potentialAction\":[{\"@type\":\"SearchAction\",\"target\":{\"@type\":\"EntryPoint\",\"urlTemplate\":\"https:\\\/\\\/www.caudete.org\\\/ayuntamiento\\\/?s={search_term_string}\"},\"query-input\":{\"@type\":\"PropertyValueSpecification\",\"valueRequired\":true,\"valueName\":\"search_term_string\"}}],\"inLanguage\":\"es\"},{\"@type\":\"Organization\",\"@id\":\"https:\\\/\\\/www.caudete.org\\\/ayuntamiento\\\/#organization\",\"name\":\"Ayuntamiento de Caudete\",\"url\":\"https:\\\/\\\/www.caudete.org\\\/ayuntamiento\\\/\",\"logo\":{\"@type\":\"ImageObject\",\"inLanguage\":\"es\",\"@id\":\"https:\\\/\\\/www.caudete.org\\\/ayuntamiento\\\/#\\\/schema\\\/logo\\\/image\\\/\",\"url\":\"https:\\\/\\\/www.caudete.org\\\/ayuntamiento\\\/wp-content\\\/uploads\\\/2020\\\/11\\\/logo_ayuntamiento_caudete.jpg\",\"contentUrl\":\"https:\\\/\\\/www.caudete.org\\\/ayuntamiento\\\/wp-content\\\/uploads\\\/2020\\\/11\\\/logo_ayuntamiento_caudete.jpg\",\"width\":600,\"height\":150,\"caption\":\"Ayuntamiento de Caudete\"},\"image\":{\"@id\":\"https:\\\/\\\/www.caudete.org\\\/ayuntamiento\\\/#\\\/schema\\\/logo\\\/image\\\/\"},\"sameAs\":[\"https:\\\/\\\/www.facebook.com\\\/ayuntamientocaudete\\\/\",\"https:\\\/\\\/www.youtube.com\\\/channel\\\/UC6VztHaooNsGpw-tNoBEFnQ\"]},{\"@type\":\"Person\",\"@id\":\"https:\\\/\\\/www.caudete.org\\\/ayuntamiento\\\/#\\\/schema\\\/person\\\/7656a5bb58fca95b9814e940de0fda63\",\"name\":\"Juan\",\"image\":{\"@type\":\"ImageObject\",\"inLanguage\":\"es\",\"@id\":\"https:\\\/\\\/secure.gravatar.com\\\/avatar\\\/dd53e51c0cd6ab23f52d4f3e4f1c59730240727763de3dbbf26750b079a2c292?s=96&d=mm&r=g\",\"url\":\"https:\\\/\\\/secure.gravatar.com\\\/avatar\\\/dd53e51c0cd6ab23f52d4f3e4f1c59730240727763de3dbbf26750b079a2c292?s=96&d=mm&r=g\",\"contentUrl\":\"https:\\\/\\\/secure.gravatar.com\\\/avatar\\\/dd53e51c0cd6ab23f52d4f3e4f1c59730240727763de3dbbf26750b079a2c292?s=96&d=mm&r=g\",\"caption\":\"Juan\"},\"url\":\"https:\\\/\\\/www.caudete.org\\\/ayuntamiento\\\/author\\\/centrodeinternet\\\/\"}]}<\/script>\n<!-- \/ Yoast SEO plugin. -->","yoast_head_json":{"title":"Caudete en el proyecto Erasmus+ \u201cCROSS-Creando Otros Entornos de Aprendizaje\u201d - MI Ayuntamiento de Caudete","description":"P\u00e1gina Oficial del Ayuntamiento de Caudete (Albacete)","robots":{"index":"index","follow":"follow","max-snippet":"max-snippet:-1","max-image-preview":"max-image-preview:large","max-video-preview":"max-video-preview:-1"},"canonical":"https:\/\/www.caudete.org\/ayuntamiento\/caudete-en-el-proyecto-erasmus-cross-creando-otros-entornos-de-aprendizaje\/","og_locale":"es_ES","og_type":"article","og_title":"Caudete en el proyecto Erasmus+ \u201cCROSS-Creando Otros Entornos de Aprendizaje\u201d - MI Ayuntamiento de Caudete","og_description":"P\u00e1gina Oficial del Ayuntamiento de Caudete (Albacete)","og_url":"https:\/\/www.caudete.org\/ayuntamiento\/caudete-en-el-proyecto-erasmus-cross-creando-otros-entornos-de-aprendizaje\/","og_site_name":"MI Ayuntamiento de Caudete","article_publisher":"https:\/\/www.facebook.com\/ayuntamientocaudete\/","article_published_time":"2022-05-09T18:52:15+00:00","og_image":[{"width":864,"height":380,"url":"https:\/\/www.caudete.org\/ayuntamiento\/wp-content\/uploads\/2022\/05\/Erasmus-Escalera-WEB.jpg","type":"image\/jpeg"}],"author":"Juan","twitter_card":"summary_large_image","twitter_misc":{"Escrito por":"Juan","Tiempo de lectura":"4 minutos"},"schema":{"@context":"https:\/\/schema.org","@graph":[{"@type":"Article","@id":"https:\/\/www.caudete.org\/ayuntamiento\/caudete-en-el-proyecto-erasmus-cross-creando-otros-entornos-de-aprendizaje\/#article","isPartOf":{"@id":"https:\/\/www.caudete.org\/ayuntamiento\/caudete-en-el-proyecto-erasmus-cross-creando-otros-entornos-de-aprendizaje\/"},"author":{"name":"Juan","@id":"https:\/\/www.caudete.org\/ayuntamiento\/#\/schema\/person\/7656a5bb58fca95b9814e940de0fda63"},"headline":"Caudete en el proyecto Erasmus+ \u201cCROSS-Creando Otros Entornos de Aprendizaje\u201d","datePublished":"2022-05-09T18:52:15+00:00","mainEntityOfPage":{"@id":"https:\/\/www.caudete.org\/ayuntamiento\/caudete-en-el-proyecto-erasmus-cross-creando-otros-entornos-de-aprendizaje\/"},"wordCount":722,"publisher":{"@id":"https:\/\/www.caudete.org\/ayuntamiento\/#organization"},"image":{"@id":"https:\/\/www.caudete.org\/ayuntamiento\/caudete-en-el-proyecto-erasmus-cross-creando-otros-entornos-de-aprendizaje\/#primaryimage"},"thumbnailUrl":"https:\/\/www.caudete.org\/ayuntamiento\/wp-content\/uploads\/2022\/05\/Erasmus-Escalera-WEB.jpg","keywords":["CROSS-Creando Otros Entornos de Aprendizaje","Erasmus"],"articleSection":["Cultura y Desarrollo local"],"inLanguage":"es"},{"@type":"WebPage","@id":"https:\/\/www.caudete.org\/ayuntamiento\/caudete-en-el-proyecto-erasmus-cross-creando-otros-entornos-de-aprendizaje\/","url":"https:\/\/www.caudete.org\/ayuntamiento\/caudete-en-el-proyecto-erasmus-cross-creando-otros-entornos-de-aprendizaje\/","name":"Caudete en el proyecto Erasmus+ \u201cCROSS-Creando Otros Entornos de Aprendizaje\u201d - MI Ayuntamiento de Caudete","isPartOf":{"@id":"https:\/\/www.caudete.org\/ayuntamiento\/#website"},"primaryImageOfPage":{"@id":"https:\/\/www.caudete.org\/ayuntamiento\/caudete-en-el-proyecto-erasmus-cross-creando-otros-entornos-de-aprendizaje\/#primaryimage"},"image":{"@id":"https:\/\/www.caudete.org\/ayuntamiento\/caudete-en-el-proyecto-erasmus-cross-creando-otros-entornos-de-aprendizaje\/#primaryimage"},"thumbnailUrl":"https:\/\/www.caudete.org\/ayuntamiento\/wp-content\/uploads\/2022\/05\/Erasmus-Escalera-WEB.jpg","datePublished":"2022-05-09T18:52:15+00:00","description":"P\u00e1gina Oficial del Ayuntamiento de Caudete (Albacete)","breadcrumb":{"@id":"https:\/\/www.caudete.org\/ayuntamiento\/caudete-en-el-proyecto-erasmus-cross-creando-otros-entornos-de-aprendizaje\/#breadcrumb"},"inLanguage":"es","potentialAction":[{"@type":"ReadAction","target":["https:\/\/www.caudete.org\/ayuntamiento\/caudete-en-el-proyecto-erasmus-cross-creando-otros-entornos-de-aprendizaje\/"]}]},{"@type":"ImageObject","inLanguage":"es","@id":"https:\/\/www.caudete.org\/ayuntamiento\/caudete-en-el-proyecto-erasmus-cross-creando-otros-entornos-de-aprendizaje\/#primaryimage","url":"https:\/\/www.caudete.org\/ayuntamiento\/wp-content\/uploads\/2022\/05\/Erasmus-Escalera-WEB.jpg","contentUrl":"https:\/\/www.caudete.org\/ayuntamiento\/wp-content\/uploads\/2022\/05\/Erasmus-Escalera-WEB.jpg","width":864,"height":380},{"@type":"BreadcrumbList","@id":"https:\/\/www.caudete.org\/ayuntamiento\/caudete-en-el-proyecto-erasmus-cross-creando-otros-entornos-de-aprendizaje\/#breadcrumb","itemListElement":[{"@type":"ListItem","position":1,"name":"Inicio","item":"https:\/\/www.caudete.org\/ayuntamiento\/"},{"@type":"ListItem","position":2,"name":"Caudete en el proyecto Erasmus+ \u201cCROSS-Creando Otros Entornos de Aprendizaje\u201d"}]},{"@type":"WebSite","@id":"https:\/\/www.caudete.org\/ayuntamiento\/#website","url":"https:\/\/www.caudete.org\/ayuntamiento\/","name":"MI Ayuntamiento de Caudete","description":"P\u00e1gina Oficial del MI Ayuntamiento de Caudete","publisher":{"@id":"https:\/\/www.caudete.org\/ayuntamiento\/#organization"},"potentialAction":[{"@type":"SearchAction","target":{"@type":"EntryPoint","urlTemplate":"https:\/\/www.caudete.org\/ayuntamiento\/?s={search_term_string}"},"query-input":{"@type":"PropertyValueSpecification","valueRequired":true,"valueName":"search_term_string"}}],"inLanguage":"es"},{"@type":"Organization","@id":"https:\/\/www.caudete.org\/ayuntamiento\/#organization","name":"Ayuntamiento de Caudete","url":"https:\/\/www.caudete.org\/ayuntamiento\/","logo":{"@type":"ImageObject","inLanguage":"es","@id":"https:\/\/www.caudete.org\/ayuntamiento\/#\/schema\/logo\/image\/","url":"https:\/\/www.caudete.org\/ayuntamiento\/wp-content\/uploads\/2020\/11\/logo_ayuntamiento_caudete.jpg","contentUrl":"https:\/\/www.caudete.org\/ayuntamiento\/wp-content\/uploads\/2020\/11\/logo_ayuntamiento_caudete.jpg","width":600,"height":150,"caption":"Ayuntamiento de Caudete"},"image":{"@id":"https:\/\/www.caudete.org\/ayuntamiento\/#\/schema\/logo\/image\/"},"sameAs":["https:\/\/www.facebook.com\/ayuntamientocaudete\/","https:\/\/www.youtube.com\/channel\/UC6VztHaooNsGpw-tNoBEFnQ"]},{"@type":"Person","@id":"https:\/\/www.caudete.org\/ayuntamiento\/#\/schema\/person\/7656a5bb58fca95b9814e940de0fda63","name":"Juan","image":{"@type":"ImageObject","inLanguage":"es","@id":"https:\/\/secure.gravatar.com\/avatar\/dd53e51c0cd6ab23f52d4f3e4f1c59730240727763de3dbbf26750b079a2c292?s=96&d=mm&r=g","url":"https:\/\/secure.gravatar.com\/avatar\/dd53e51c0cd6ab23f52d4f3e4f1c59730240727763de3dbbf26750b079a2c292?s=96&d=mm&r=g","contentUrl":"https:\/\/secure.gravatar.com\/avatar\/dd53e51c0cd6ab23f52d4f3e4f1c59730240727763de3dbbf26750b079a2c292?s=96&d=mm&r=g","caption":"Juan"},"url":"https:\/\/www.caudete.org\/ayuntamiento\/author\/centrodeinternet\/"}]}},"_links":{"self":[{"href":"https:\/\/www.caudete.org\/ayuntamiento\/wp-json\/wp\/v2\/posts\/19043","targetHints":{"allow":["GET"]}}],"collection":[{"href":"https:\/\/www.caudete.org\/ayuntamiento\/wp-json\/wp\/v2\/posts"}],"about":[{"href":"https:\/\/www.caudete.org\/ayuntamiento\/wp-json\/wp\/v2\/types\/post"}],"author":[{"embeddable":true,"href":"https:\/\/www.caudete.org\/ayuntamiento\/wp-json\/wp\/v2\/users\/2"}],"replies":[{"embeddable":true,"href":"https:\/\/www.caudete.org\/ayuntamiento\/wp-json\/wp\/v2\/comments?post=19043"}],"version-history":[{"count":2,"href":"https:\/\/www.caudete.org\/ayuntamiento\/wp-json\/wp\/v2\/posts\/19043\/revisions"}],"predecessor-version":[{"id":19045,"href":"https:\/\/www.caudete.org\/ayuntamiento\/wp-json\/wp\/v2\/posts\/19043\/revisions\/19045"}],"wp:featuredmedia":[{"embeddable":true,"href":"https:\/\/www.caudete.org\/ayuntamiento\/wp-json\/wp\/v2\/media\/19053"}],"wp:attachment":[{"href":"https:\/\/www.caudete.org\/ayuntamiento\/wp-json\/wp\/v2\/media?parent=19043"}],"wp:term":[{"taxonomy":"category","embeddable":true,"href":"https:\/\/www.caudete.org\/ayuntamiento\/wp-json\/wp\/v2\/categories?post=19043"},{"taxonomy":"post_tag","embeddable":true,"href":"https:\/\/www.caudete.org\/ayuntamiento\/wp-json\/wp\/v2\/tags?post=19043"}],"curies":[{"name":"wp","href":"https:\/\/api.w.org\/{rel}","templated":true}]}}