{"id":19049,"date":"2022-05-09T20:54:56","date_gmt":"2022-05-09T18:54:56","guid":{"rendered":"https:\/\/www.caudete.org\/ayuntamiento\/?p=19049"},"modified":"2022-05-09T21:02:55","modified_gmt":"2022-05-09T19:02:55","slug":"cuentos-para-mayores-organizado-por-la-biblioteca-publica-municipal","status":"publish","type":"post","link":"https:\/\/www.caudete.org\/ayuntamiento\/cuentos-para-mayores-organizado-por-la-biblioteca-publica-municipal\/","title":{"rendered":"Cuentos para mayores organizado por la Biblioteca P\u00fablica Municipal"},"content":{"rendered":"<p class=\"western\" lang=\"es-ES-u-co-trad\" align=\"left\"><span style=\"font-family: Arial, sans-serif;\"><span style=\"font-size: medium;\">Contin\u00faan las actividades de animaci\u00f3n a la lectura organizadas <\/span><\/span><span style=\"font-family: Arial, sans-serif;\"><span style=\"font-size: medium;\"><span lang=\"es-ES\"> desde la Concejal\u00eda de Cultura del M. I. Ayuntamiento de Caudete y desarrolladas por la Biblioteca P\u00fablica Municipal \u201cAna Maria Matute\u201d para este mes de abril. Esta actividad est\u00e1 dentro de la Semana del Libro 2022 con <\/span><\/span><\/span><span style=\"color: #000000;\"><span style=\"font-family: Arial, sans-serif;\"><span style=\"font-size: medium;\"><span lang=\"es-ES\">la<\/span><\/span><\/span><\/span><span style=\"font-family: Arial, sans-serif;\"><span style=\"font-size: medium;\"><span lang=\"es-ES\"> que la Biblioteca P\u00fablica Municipal \u201cAna Maria Matute\u201d, celebra el D\u00eda de Libro, <\/span><\/span><\/span><span style=\"color: #000000;\"><span style=\"font-family: Arial, sans-serif;\"><span style=\"font-size: medium;\"><span lang=\"es-ES\">organizando una<\/span><\/span><\/span><\/span><span style=\"font-family: Arial, sans-serif;\"><span style=\"font-size: medium;\"><span lang=\"es-ES\"> actividad<\/span><\/span><\/span><span style=\"color: #000000;\"><span style=\"font-family: Arial, sans-serif;\"><span style=\"font-size: medium;\"><span lang=\"es-ES\"> dirigida al colectivo de mayores de nuestro municipio.<\/span><\/span><\/span><\/span><\/p>\n<p class=\"western\" align=\"left\"><span style=\"font-size: small;\"><span style=\"color: #000000;\"><span style=\"font-family: Arial, sans-serif;\"><span style=\"font-size: medium;\"><span lang=\"es-ES\">Este mi\u00e9rcoles 11 de mayo la Biblioteca organiza <\/span><\/span><\/span><\/span><span style=\"color: #000000;\"><span style=\"font-family: Arial, sans-serif;\"><span style=\"font-size: medium;\"><span lang=\"es-ES\">dos <\/span><\/span><\/span><\/span><span style=\"color: #000000;\"><span style=\"font-family: Arial, sans-serif;\"><span style=\"font-size: medium;\"><span lang=\"es-ES\">sesiones de cuentos para mayores \u201cLa cajita de f\u00f3sforos\u201d a cargo de Teresa S\u00e1nchez Arnedo, narradora profesional y componente de uno de los clubes de lectura de <\/span><\/span><\/span><\/span><span style=\"color: #000000;\"><span style=\"font-family: Arial, sans-serif;\"><span style=\"font-size: medium;\"><span lang=\"es-ES\">nuestra<\/span><\/span><\/span><\/span><span style=\"color: #000000;\"><span style=\"font-family: Arial, sans-serif;\"><span style=\"font-size: medium;\"><span lang=\"es-ES\"> Biblioteca. Esta actividad est\u00e1 concertada con los usuarios del Centro de D\u00eda de Alzheimer y Residencia San Juan Evangelista, un colectivo que durante los \u00faltimos a\u00f1os no ha podido disfrutar de actividades presenciales tales como cuentacuentos y que en estos momentos ya es posible retomar. <\/span><\/span><\/span><\/span><\/span><\/p>\n<p class=\"western\" lang=\"es-ES-u-co-trad\" align=\"left\"><span style=\"color: #000000;\"><span style=\"font-family: Arial, sans-serif;\"><span style=\"font-size: medium;\"><span lang=\"es-ES\">Desde la Biblioteca aprovecharemos adem\u00e1s esta actividad para hacer la entrega de la Maleta Viajera. Se trata de una actividad de extensi\u00f3n Bibliotecaria, que realizamos desde hace varios a\u00f1os y con la que prestamos material documental como libros, revistas, pel\u00edculas y m\u00fasica para consulta por parte del Centro de D\u00eda de Alzheimer y la Residencia de Mayores San Juan Evangelista. Una actividad muy bien valorada por parte de usuarios y monitores de estos centros y con un material muy atractivo con el que dar a los mayores la oportunidad de acercarse a la lectura de forma c\u00f3moda y efectiva.<\/span><\/span><\/span><\/span><\/p>\n<p lang=\"es-ES-u-co-trad\" align=\"left\"><a href=\"https:\/\/www.caudete.org\/ayuntamiento\/wp-content\/uploads\/2022\/05\/Miercoles-11-de-mayo-1700-horas-en-el-Centro-de-Dia-Alzheimer-1800-horas-en-la-Residencia-San-Juan-Evangelista-Orgniza-Biblioteca-Publica-M.jpg\" rel='prettyPhoto'><img fetchpriority=\"high\" decoding=\"async\" class=\"aligncenter wp-image-19048 size-large\" src=\"https:\/\/www.caudete.org\/ayuntamiento\/wp-content\/uploads\/2022\/05\/Miercoles-11-de-mayo-1700-horas-en-el-Centro-de-Dia-Alzheimer-1800-horas-en-la-Residencia-San-Juan-Evangelista-Orgniza-Biblioteca-Publica-M-724x1024.jpg\" alt=\"\" width=\"724\" height=\"1024\" srcset=\"https:\/\/www.caudete.org\/ayuntamiento\/wp-content\/uploads\/2022\/05\/Miercoles-11-de-mayo-1700-horas-en-el-Centro-de-Dia-Alzheimer-1800-horas-en-la-Residencia-San-Juan-Evangelista-Orgniza-Biblioteca-Publica-M-724x1024.jpg 724w, https:\/\/www.caudete.org\/ayuntamiento\/wp-content\/uploads\/2022\/05\/Miercoles-11-de-mayo-1700-horas-en-el-Centro-de-Dia-Alzheimer-1800-horas-en-la-Residencia-San-Juan-Evangelista-Orgniza-Biblioteca-Publica-M-212x300.jpg 212w, https:\/\/www.caudete.org\/ayuntamiento\/wp-content\/uploads\/2022\/05\/Miercoles-11-de-mayo-1700-horas-en-el-Centro-de-Dia-Alzheimer-1800-horas-en-la-Residencia-San-Juan-Evangelista-Orgniza-Biblioteca-Publica-M-768x1086.jpg 768w, https:\/\/www.caudete.org\/ayuntamiento\/wp-content\/uploads\/2022\/05\/Miercoles-11-de-mayo-1700-horas-en-el-Centro-de-Dia-Alzheimer-1800-horas-en-la-Residencia-San-Juan-Evangelista-Orgniza-Biblioteca-Publica-M-1086x1536.jpg 1086w, https:\/\/www.caudete.org\/ayuntamiento\/wp-content\/uploads\/2022\/05\/Miercoles-11-de-mayo-1700-horas-en-el-Centro-de-Dia-Alzheimer-1800-horas-en-la-Residencia-San-Juan-Evangelista-Orgniza-Biblioteca-Publica-M-1448x2048.jpg 1448w, https:\/\/www.caudete.org\/ayuntamiento\/wp-content\/uploads\/2022\/05\/Miercoles-11-de-mayo-1700-horas-en-el-Centro-de-Dia-Alzheimer-1800-horas-en-la-Residencia-San-Juan-Evangelista-Orgniza-Biblioteca-Publica-M.jpg 1587w\" sizes=\"(max-width: 724px) 100vw, 724px\" \/><\/a><\/p>\n","protected":false},"excerpt":{"rendered":"<p>Contin\u00faan las actividades de animaci\u00f3n a la lectura organizadas desde la Concejal\u00eda de Cultura del M. I. Ayuntamiento de Caudete y desarrolladas por la Biblioteca P\u00fablica Municipal \u201cAna Maria Matute\u201d para este mes de abril. Esta actividad est\u00e1 dentro de la Semana del Libro 2022 con la que la Biblioteca P\u00fablica Municipal \u201cAna Maria Matute\u201d, &hellip;<\/p>\n","protected":false},"author":2,"featured_media":19052,"comment_status":"closed","ping_status":"open","sticky":false,"template":"","format":"standard","meta":{"ngg_post_thumbnail":0,"footnotes":""},"categories":[14],"tags":[837],"class_list":["post-19049","post","type-post","status-publish","format-standard","has-post-thumbnail","hentry","category-cultura","tag-cuentos-para-mayores"],"yoast_head":"<!-- This site is optimized with the Yoast SEO plugin v27.5 - https:\/\/yoast.com\/product\/yoast-seo-wordpress\/ -->\n<title>Cuentos para mayores organizado por la Biblioteca P\u00fablica Municipal - MI Ayuntamiento de Caudete<\/title>\n<meta name=\"description\" content=\"P\u00e1gina Oficial del Ayuntamiento de Caudete (Albacete)\" \/>\n<meta name=\"robots\" content=\"index, follow, max-snippet:-1, max-image-preview:large, max-video-preview:-1\" \/>\n<link rel=\"canonical\" href=\"https:\/\/www.caudete.org\/ayuntamiento\/cuentos-para-mayores-organizado-por-la-biblioteca-publica-municipal\/\" \/>\n<meta property=\"og:locale\" content=\"es_ES\" \/>\n<meta property=\"og:type\" content=\"article\" \/>\n<meta property=\"og:title\" content=\"Cuentos para mayores organizado por la Biblioteca P\u00fablica Municipal - MI Ayuntamiento de Caudete\" \/>\n<meta property=\"og:description\" content=\"P\u00e1gina Oficial del Ayuntamiento de Caudete (Albacete)\" \/>\n<meta property=\"og:url\" content=\"https:\/\/www.caudete.org\/ayuntamiento\/cuentos-para-mayores-organizado-por-la-biblioteca-publica-municipal\/\" \/>\n<meta property=\"og:site_name\" content=\"MI Ayuntamiento de Caudete\" \/>\n<meta property=\"article:publisher\" content=\"https:\/\/www.facebook.com\/ayuntamientocaudete\/\" \/>\n<meta property=\"article:published_time\" content=\"2022-05-09T18:54:56+00:00\" \/>\n<meta property=\"article:modified_time\" content=\"2022-05-09T19:02:55+00:00\" \/>\n<meta property=\"og:image\" content=\"https:\/\/www.caudete.org\/ayuntamiento\/wp-content\/uploads\/2022\/05\/El-Barco-del-Abuelo-WEB.jpg\" \/>\n\t<meta property=\"og:image:width\" content=\"864\" \/>\n\t<meta property=\"og:image:height\" content=\"380\" \/>\n\t<meta property=\"og:image:type\" content=\"image\/jpeg\" \/>\n<meta name=\"author\" content=\"Juan\" \/>\n<meta name=\"twitter:card\" content=\"summary_large_image\" \/>\n<meta name=\"twitter:label1\" content=\"Escrito por\" \/>\n\t<meta name=\"twitter:data1\" content=\"Juan\" \/>\n\t<meta name=\"twitter:label2\" content=\"Tiempo de lectura\" \/>\n\t<meta name=\"twitter:data2\" content=\"1 minuto\" \/>\n<script type=\"application\/ld+json\" class=\"yoast-schema-graph\">{\"@context\":\"https:\\\/\\\/schema.org\",\"@graph\":[{\"@type\":\"Article\",\"@id\":\"https:\\\/\\\/www.caudete.org\\\/ayuntamiento\\\/cuentos-para-mayores-organizado-por-la-biblioteca-publica-municipal\\\/#article\",\"isPartOf\":{\"@id\":\"https:\\\/\\\/www.caudete.org\\\/ayuntamiento\\\/cuentos-para-mayores-organizado-por-la-biblioteca-publica-municipal\\\/\"},\"author\":{\"name\":\"Juan\",\"@id\":\"https:\\\/\\\/www.caudete.org\\\/ayuntamiento\\\/#\\\/schema\\\/person\\\/7656a5bb58fca95b9814e940de0fda63\"},\"headline\":\"Cuentos para mayores organizado por la Biblioteca P\u00fablica Municipal\",\"datePublished\":\"2022-05-09T18:54:56+00:00\",\"dateModified\":\"2022-05-09T19:02:55+00:00\",\"mainEntityOfPage\":{\"@id\":\"https:\\\/\\\/www.caudete.org\\\/ayuntamiento\\\/cuentos-para-mayores-organizado-por-la-biblioteca-publica-municipal\\\/\"},\"wordCount\":278,\"image\":{\"@id\":\"https:\\\/\\\/www.caudete.org\\\/ayuntamiento\\\/cuentos-para-mayores-organizado-por-la-biblioteca-publica-municipal\\\/#primaryimage\"},\"thumbnailUrl\":\"https:\\\/\\\/www.caudete.org\\\/ayuntamiento\\\/wp-content\\\/uploads\\\/2022\\\/05\\\/El-Barco-del-Abuelo-WEB.jpg\",\"keywords\":[\"Cuentos para mayores\"],\"articleSection\":[\"Cultura\"],\"inLanguage\":\"es\"},{\"@type\":\"WebPage\",\"@id\":\"https:\\\/\\\/www.caudete.org\\\/ayuntamiento\\\/cuentos-para-mayores-organizado-por-la-biblioteca-publica-municipal\\\/\",\"url\":\"https:\\\/\\\/www.caudete.org\\\/ayuntamiento\\\/cuentos-para-mayores-organizado-por-la-biblioteca-publica-municipal\\\/\",\"name\":\"Cuentos para mayores organizado por la Biblioteca P\u00fablica Municipal - MI Ayuntamiento de Caudete\",\"isPartOf\":{\"@id\":\"https:\\\/\\\/www.caudete.org\\\/ayuntamiento\\\/#website\"},\"primaryImageOfPage\":{\"@id\":\"https:\\\/\\\/www.caudete.org\\\/ayuntamiento\\\/cuentos-para-mayores-organizado-por-la-biblioteca-publica-municipal\\\/#primaryimage\"},\"image\":{\"@id\":\"https:\\\/\\\/www.caudete.org\\\/ayuntamiento\\\/cuentos-para-mayores-organizado-por-la-biblioteca-publica-municipal\\\/#primaryimage\"},\"thumbnailUrl\":\"https:\\\/\\\/www.caudete.org\\\/ayuntamiento\\\/wp-content\\\/uploads\\\/2022\\\/05\\\/El-Barco-del-Abuelo-WEB.jpg\",\"datePublished\":\"2022-05-09T18:54:56+00:00\",\"dateModified\":\"2022-05-09T19:02:55+00:00\",\"author\":{\"@id\":\"https:\\\/\\\/www.caudete.org\\\/ayuntamiento\\\/#\\\/schema\\\/person\\\/7656a5bb58fca95b9814e940de0fda63\"},\"description\":\"P\u00e1gina Oficial del Ayuntamiento de Caudete (Albacete)\",\"breadcrumb\":{\"@id\":\"https:\\\/\\\/www.caudete.org\\\/ayuntamiento\\\/cuentos-para-mayores-organizado-por-la-biblioteca-publica-municipal\\\/#breadcrumb\"},\"inLanguage\":\"es\",\"potentialAction\":[{\"@type\":\"ReadAction\",\"target\":[\"https:\\\/\\\/www.caudete.org\\\/ayuntamiento\\\/cuentos-para-mayores-organizado-por-la-biblioteca-publica-municipal\\\/\"]}]},{\"@type\":\"ImageObject\",\"inLanguage\":\"es\",\"@id\":\"https:\\\/\\\/www.caudete.org\\\/ayuntamiento\\\/cuentos-para-mayores-organizado-por-la-biblioteca-publica-municipal\\\/#primaryimage\",\"url\":\"https:\\\/\\\/www.caudete.org\\\/ayuntamiento\\\/wp-content\\\/uploads\\\/2022\\\/05\\\/El-Barco-del-Abuelo-WEB.jpg\",\"contentUrl\":\"https:\\\/\\\/www.caudete.org\\\/ayuntamiento\\\/wp-content\\\/uploads\\\/2022\\\/05\\\/El-Barco-del-Abuelo-WEB.jpg\",\"width\":864,\"height\":380},{\"@type\":\"BreadcrumbList\",\"@id\":\"https:\\\/\\\/www.caudete.org\\\/ayuntamiento\\\/cuentos-para-mayores-organizado-por-la-biblioteca-publica-municipal\\\/#breadcrumb\",\"itemListElement\":[{\"@type\":\"ListItem\",\"position\":1,\"name\":\"Inicio\",\"item\":\"https:\\\/\\\/www.caudete.org\\\/ayuntamiento\\\/\"},{\"@type\":\"ListItem\",\"position\":2,\"name\":\"Cuentos para mayores organizado por la Biblioteca P\u00fablica Municipal\"}]},{\"@type\":\"WebSite\",\"@id\":\"https:\\\/\\\/www.caudete.org\\\/ayuntamiento\\\/#website\",\"url\":\"https:\\\/\\\/www.caudete.org\\\/ayuntamiento\\\/\",\"name\":\"MI Ayuntamiento de Caudete\",\"description\":\"P\u00e1gina Oficial del MI Ayuntamiento de Caudete\",\"potentialAction\":[{\"@type\":\"SearchAction\",\"target\":{\"@type\":\"EntryPoint\",\"urlTemplate\":\"https:\\\/\\\/www.caudete.org\\\/ayuntamiento\\\/?s={search_term_string}\"},\"query-input\":{\"@type\":\"PropertyValueSpecification\",\"valueRequired\":true,\"valueName\":\"search_term_string\"}}],\"inLanguage\":\"es\"},{\"@type\":\"Person\",\"@id\":\"https:\\\/\\\/www.caudete.org\\\/ayuntamiento\\\/#\\\/schema\\\/person\\\/7656a5bb58fca95b9814e940de0fda63\",\"name\":\"Juan\",\"image\":{\"@type\":\"ImageObject\",\"inLanguage\":\"es\",\"@id\":\"https:\\\/\\\/secure.gravatar.com\\\/avatar\\\/dd53e51c0cd6ab23f52d4f3e4f1c59730240727763de3dbbf26750b079a2c292?s=96&d=mm&r=g\",\"url\":\"https:\\\/\\\/secure.gravatar.com\\\/avatar\\\/dd53e51c0cd6ab23f52d4f3e4f1c59730240727763de3dbbf26750b079a2c292?s=96&d=mm&r=g\",\"contentUrl\":\"https:\\\/\\\/secure.gravatar.com\\\/avatar\\\/dd53e51c0cd6ab23f52d4f3e4f1c59730240727763de3dbbf26750b079a2c292?s=96&d=mm&r=g\",\"caption\":\"Juan\"},\"url\":\"https:\\\/\\\/www.caudete.org\\\/ayuntamiento\\\/author\\\/centrodeinternet\\\/\"}]}<\/script>\n<!-- \/ Yoast SEO plugin. -->","yoast_head_json":{"title":"Cuentos para mayores organizado por la Biblioteca P\u00fablica Municipal - MI Ayuntamiento de Caudete","description":"P\u00e1gina Oficial del Ayuntamiento de Caudete (Albacete)","robots":{"index":"index","follow":"follow","max-snippet":"max-snippet:-1","max-image-preview":"max-image-preview:large","max-video-preview":"max-video-preview:-1"},"canonical":"https:\/\/www.caudete.org\/ayuntamiento\/cuentos-para-mayores-organizado-por-la-biblioteca-publica-municipal\/","og_locale":"es_ES","og_type":"article","og_title":"Cuentos para mayores organizado por la Biblioteca P\u00fablica Municipal - MI Ayuntamiento de Caudete","og_description":"P\u00e1gina Oficial del Ayuntamiento de Caudete (Albacete)","og_url":"https:\/\/www.caudete.org\/ayuntamiento\/cuentos-para-mayores-organizado-por-la-biblioteca-publica-municipal\/","og_site_name":"MI Ayuntamiento de Caudete","article_publisher":"https:\/\/www.facebook.com\/ayuntamientocaudete\/","article_published_time":"2022-05-09T18:54:56+00:00","article_modified_time":"2022-05-09T19:02:55+00:00","og_image":[{"width":864,"height":380,"url":"https:\/\/www.caudete.org\/ayuntamiento\/wp-content\/uploads\/2022\/05\/El-Barco-del-Abuelo-WEB.jpg","type":"image\/jpeg"}],"author":"Juan","twitter_card":"summary_large_image","twitter_misc":{"Escrito por":"Juan","Tiempo de lectura":"1 minuto"},"schema":{"@context":"https:\/\/schema.org","@graph":[{"@type":"Article","@id":"https:\/\/www.caudete.org\/ayuntamiento\/cuentos-para-mayores-organizado-por-la-biblioteca-publica-municipal\/#article","isPartOf":{"@id":"https:\/\/www.caudete.org\/ayuntamiento\/cuentos-para-mayores-organizado-por-la-biblioteca-publica-municipal\/"},"author":{"name":"Juan","@id":"https:\/\/www.caudete.org\/ayuntamiento\/#\/schema\/person\/7656a5bb58fca95b9814e940de0fda63"},"headline":"Cuentos para mayores organizado por la Biblioteca P\u00fablica Municipal","datePublished":"2022-05-09T18:54:56+00:00","dateModified":"2022-05-09T19:02:55+00:00","mainEntityOfPage":{"@id":"https:\/\/www.caudete.org\/ayuntamiento\/cuentos-para-mayores-organizado-por-la-biblioteca-publica-municipal\/"},"wordCount":278,"image":{"@id":"https:\/\/www.caudete.org\/ayuntamiento\/cuentos-para-mayores-organizado-por-la-biblioteca-publica-municipal\/#primaryimage"},"thumbnailUrl":"https:\/\/www.caudete.org\/ayuntamiento\/wp-content\/uploads\/2022\/05\/El-Barco-del-Abuelo-WEB.jpg","keywords":["Cuentos para mayores"],"articleSection":["Cultura"],"inLanguage":"es"},{"@type":"WebPage","@id":"https:\/\/www.caudete.org\/ayuntamiento\/cuentos-para-mayores-organizado-por-la-biblioteca-publica-municipal\/","url":"https:\/\/www.caudete.org\/ayuntamiento\/cuentos-para-mayores-organizado-por-la-biblioteca-publica-municipal\/","name":"Cuentos para mayores organizado por la Biblioteca P\u00fablica Municipal - MI Ayuntamiento de Caudete","isPartOf":{"@id":"https:\/\/www.caudete.org\/ayuntamiento\/#website"},"primaryImageOfPage":{"@id":"https:\/\/www.caudete.org\/ayuntamiento\/cuentos-para-mayores-organizado-por-la-biblioteca-publica-municipal\/#primaryimage"},"image":{"@id":"https:\/\/www.caudete.org\/ayuntamiento\/cuentos-para-mayores-organizado-por-la-biblioteca-publica-municipal\/#primaryimage"},"thumbnailUrl":"https:\/\/www.caudete.org\/ayuntamiento\/wp-content\/uploads\/2022\/05\/El-Barco-del-Abuelo-WEB.jpg","datePublished":"2022-05-09T18:54:56+00:00","dateModified":"2022-05-09T19:02:55+00:00","author":{"@id":"https:\/\/www.caudete.org\/ayuntamiento\/#\/schema\/person\/7656a5bb58fca95b9814e940de0fda63"},"description":"P\u00e1gina Oficial del Ayuntamiento de Caudete (Albacete)","breadcrumb":{"@id":"https:\/\/www.caudete.org\/ayuntamiento\/cuentos-para-mayores-organizado-por-la-biblioteca-publica-municipal\/#breadcrumb"},"inLanguage":"es","potentialAction":[{"@type":"ReadAction","target":["https:\/\/www.caudete.org\/ayuntamiento\/cuentos-para-mayores-organizado-por-la-biblioteca-publica-municipal\/"]}]},{"@type":"ImageObject","inLanguage":"es","@id":"https:\/\/www.caudete.org\/ayuntamiento\/cuentos-para-mayores-organizado-por-la-biblioteca-publica-municipal\/#primaryimage","url":"https:\/\/www.caudete.org\/ayuntamiento\/wp-content\/uploads\/2022\/05\/El-Barco-del-Abuelo-WEB.jpg","contentUrl":"https:\/\/www.caudete.org\/ayuntamiento\/wp-content\/uploads\/2022\/05\/El-Barco-del-Abuelo-WEB.jpg","width":864,"height":380},{"@type":"BreadcrumbList","@id":"https:\/\/www.caudete.org\/ayuntamiento\/cuentos-para-mayores-organizado-por-la-biblioteca-publica-municipal\/#breadcrumb","itemListElement":[{"@type":"ListItem","position":1,"name":"Inicio","item":"https:\/\/www.caudete.org\/ayuntamiento\/"},{"@type":"ListItem","position":2,"name":"Cuentos para mayores organizado por la Biblioteca P\u00fablica Municipal"}]},{"@type":"WebSite","@id":"https:\/\/www.caudete.org\/ayuntamiento\/#website","url":"https:\/\/www.caudete.org\/ayuntamiento\/","name":"MI Ayuntamiento de Caudete","description":"P\u00e1gina Oficial del MI Ayuntamiento de Caudete","potentialAction":[{"@type":"SearchAction","target":{"@type":"EntryPoint","urlTemplate":"https:\/\/www.caudete.org\/ayuntamiento\/?s={search_term_string}"},"query-input":{"@type":"PropertyValueSpecification","valueRequired":true,"valueName":"search_term_string"}}],"inLanguage":"es"},{"@type":"Person","@id":"https:\/\/www.caudete.org\/ayuntamiento\/#\/schema\/person\/7656a5bb58fca95b9814e940de0fda63","name":"Juan","image":{"@type":"ImageObject","inLanguage":"es","@id":"https:\/\/secure.gravatar.com\/avatar\/dd53e51c0cd6ab23f52d4f3e4f1c59730240727763de3dbbf26750b079a2c292?s=96&d=mm&r=g","url":"https:\/\/secure.gravatar.com\/avatar\/dd53e51c0cd6ab23f52d4f3e4f1c59730240727763de3dbbf26750b079a2c292?s=96&d=mm&r=g","contentUrl":"https:\/\/secure.gravatar.com\/avatar\/dd53e51c0cd6ab23f52d4f3e4f1c59730240727763de3dbbf26750b079a2c292?s=96&d=mm&r=g","caption":"Juan"},"url":"https:\/\/www.caudete.org\/ayuntamiento\/author\/centrodeinternet\/"}]}},"_links":{"self":[{"href":"https:\/\/www.caudete.org\/ayuntamiento\/wp-json\/wp\/v2\/posts\/19049","targetHints":{"allow":["GET"]}}],"collection":[{"href":"https:\/\/www.caudete.org\/ayuntamiento\/wp-json\/wp\/v2\/posts"}],"about":[{"href":"https:\/\/www.caudete.org\/ayuntamiento\/wp-json\/wp\/v2\/types\/post"}],"author":[{"embeddable":true,"href":"https:\/\/www.caudete.org\/ayuntamiento\/wp-json\/wp\/v2\/users\/2"}],"replies":[{"embeddable":true,"href":"https:\/\/www.caudete.org\/ayuntamiento\/wp-json\/wp\/v2\/comments?post=19049"}],"version-history":[{"count":4,"href":"https:\/\/www.caudete.org\/ayuntamiento\/wp-json\/wp\/v2\/posts\/19049\/revisions"}],"predecessor-version":[{"id":19054,"href":"https:\/\/www.caudete.org\/ayuntamiento\/wp-json\/wp\/v2\/posts\/19049\/revisions\/19054"}],"wp:featuredmedia":[{"embeddable":true,"href":"https:\/\/www.caudete.org\/ayuntamiento\/wp-json\/wp\/v2\/media\/19052"}],"wp:attachment":[{"href":"https:\/\/www.caudete.org\/ayuntamiento\/wp-json\/wp\/v2\/media?parent=19049"}],"wp:term":[{"taxonomy":"category","embeddable":true,"href":"https:\/\/www.caudete.org\/ayuntamiento\/wp-json\/wp\/v2\/categories?post=19049"},{"taxonomy":"post_tag","embeddable":true,"href":"https:\/\/www.caudete.org\/ayuntamiento\/wp-json\/wp\/v2\/tags?post=19049"}],"curies":[{"name":"wp","href":"https:\/\/api.w.org\/{rel}","templated":true}]}}