{"id":19078,"date":"2022-05-12T12:21:44","date_gmt":"2022-05-12T10:21:44","guid":{"rendered":"https:\/\/www.caudete.org\/ayuntamiento\/?p=19078"},"modified":"2022-05-12T15:24:05","modified_gmt":"2022-05-12T13:24:05","slug":"exposicion-los-colores-del-mundo-en-el-claustro-del-carmen","status":"publish","type":"post","link":"https:\/\/www.caudete.org\/ayuntamiento\/exposicion-los-colores-del-mundo-en-el-claustro-del-carmen\/","title":{"rendered":"EXPOSICION &#8220;Los colores del mundo&#8221; en el Claustro del Carmen."},"content":{"rendered":"<p>Hoy jueves 12 de mayo a las 20:00 horas tendr\u00e1 lugar la Inauguraci\u00f3n de la exposici\u00f3n \u201cLos Colores del Mundo\u201d en el Claustro del Convento San Jos\u00e9.<\/p>\n<p>Los artistas en esta exposici\u00f3n muestran desde la perspectiva pl\u00e1stica la relaci\u00f3n que ha existido a lo largo de la historia entre las ciudades espa\u00f1olas e italianas con la consiguiente fusi\u00f3n de culturas. Con esta exposici\u00f3n de pinturas de Los colores de mundo, se pretende reforzar muchos m\u00e1s esos lazos que siempre han pervivido y fusionado los pueblos del Mediterr\u00e1neo.<\/p>\n<p>La muestra presenta obras de veintitr\u00e9s artistas italianos y espa\u00f1oles con bases conceptuales e interpretaciones muy diferentes que muestran\u00a0 estilos muy diversos en los distintos soportes sobre los que han trabajado lienzos, papel, tela, piedra, etc.<\/p>\n<p>Esta exposici\u00f3n comisariada por Enzo Trepiccione y Antonio Requena Solera ha sido fruto de las relaciones internacionales establecidas durante las cinco Bienales Internacionales de Acuarela que se han desarrollado en Caudete. Y se ha podido desarrollar mediante la colaboraci\u00f3n de la Concejal\u00eda de Cultura del M. I. Ayuntamiento de Caudete, el Taller de Arte \u201cVilla de Caudete\u201d y y la galer\u00eda de Arte Contemporaneo Spazio Vitale.<\/p>\n<p>La exposici\u00f3n podr\u00e1 ser visitada hasta el pr\u00f3ximo 24 de mayo de 18:00 a 21:00 horas en el Claustro del Convento del Carmen de Caudete, de lunes a viernes.<\/p>\n<p>Los nombres de los diversos asentamientos que han tenido a los largo de la historia muchas ciudades Espa\u00f1olas y Italianas se relacionan todas con las culturas y civilizaciones mediterr\u00e1neas.<\/p>\n","protected":false},"excerpt":{"rendered":"<p>Hoy jueves 12 de mayo a las 20:00 horas tendr\u00e1 lugar la Inauguraci\u00f3n de la exposici\u00f3n \u201cLos Colores del Mundo\u201d en el Claustro del Convento San Jos\u00e9. Los artistas en esta exposici\u00f3n muestran desde la perspectiva pl\u00e1stica la relaci\u00f3n que ha existido a lo largo de la historia entre las ciudades espa\u00f1olas e italianas con &hellip;<\/p>\n","protected":false},"author":2,"featured_media":19076,"comment_status":"closed","ping_status":"open","sticky":false,"template":"","format":"standard","meta":{"ngg_post_thumbnail":0,"footnotes":""},"categories":[14],"tags":[597,838],"class_list":["post-19078","post","type-post","status-publish","format-standard","has-post-thumbnail","hentry","category-cultura","tag-exposicion","tag-los-colores-del-mundo"],"yoast_head":"<!-- This site is optimized with the Yoast SEO plugin v27.5 - https:\/\/yoast.com\/product\/yoast-seo-wordpress\/ -->\n<title>EXPOSICION &quot;Los colores del mundo&quot; en el Claustro del Carmen. - MI Ayuntamiento de Caudete<\/title>\n<meta name=\"description\" content=\"P\u00e1gina Oficial del Ayuntamiento de Caudete (Albacete)\" \/>\n<meta name=\"robots\" content=\"index, follow, max-snippet:-1, max-image-preview:large, max-video-preview:-1\" \/>\n<link rel=\"canonical\" href=\"https:\/\/www.caudete.org\/ayuntamiento\/exposicion-los-colores-del-mundo-en-el-claustro-del-carmen\/\" \/>\n<meta property=\"og:locale\" content=\"es_ES\" \/>\n<meta property=\"og:type\" content=\"article\" \/>\n<meta property=\"og:title\" content=\"EXPOSICION &quot;Los colores del mundo&quot; en el Claustro del Carmen. - MI Ayuntamiento de Caudete\" \/>\n<meta property=\"og:description\" content=\"P\u00e1gina Oficial del Ayuntamiento de Caudete (Albacete)\" \/>\n<meta property=\"og:url\" content=\"https:\/\/www.caudete.org\/ayuntamiento\/exposicion-los-colores-del-mundo-en-el-claustro-del-carmen\/\" \/>\n<meta property=\"og:site_name\" content=\"MI Ayuntamiento de Caudete\" \/>\n<meta property=\"article:publisher\" content=\"https:\/\/www.facebook.com\/ayuntamientocaudete\/\" \/>\n<meta property=\"article:published_time\" content=\"2022-05-12T10:21:44+00:00\" \/>\n<meta property=\"article:modified_time\" content=\"2022-05-12T13:24:05+00:00\" \/>\n<meta property=\"og:image\" content=\"https:\/\/www.caudete.org\/ayuntamiento\/wp-content\/uploads\/2022\/05\/Los-Colores-del-Mundo-WEB.jpg\" \/>\n\t<meta property=\"og:image:width\" content=\"864\" \/>\n\t<meta property=\"og:image:height\" content=\"380\" \/>\n\t<meta property=\"og:image:type\" content=\"image\/jpeg\" \/>\n<meta name=\"author\" content=\"Juan\" \/>\n<meta name=\"twitter:card\" content=\"summary_large_image\" \/>\n<meta name=\"twitter:label1\" content=\"Escrito por\" \/>\n\t<meta name=\"twitter:data1\" content=\"Juan\" \/>\n\t<meta name=\"twitter:label2\" content=\"Tiempo de lectura\" \/>\n\t<meta name=\"twitter:data2\" content=\"2 minutos\" \/>\n<script type=\"application\/ld+json\" class=\"yoast-schema-graph\">{\"@context\":\"https:\\\/\\\/schema.org\",\"@graph\":[{\"@type\":\"Article\",\"@id\":\"https:\\\/\\\/www.caudete.org\\\/ayuntamiento\\\/exposicion-los-colores-del-mundo-en-el-claustro-del-carmen\\\/#article\",\"isPartOf\":{\"@id\":\"https:\\\/\\\/www.caudete.org\\\/ayuntamiento\\\/exposicion-los-colores-del-mundo-en-el-claustro-del-carmen\\\/\"},\"author\":{\"name\":\"Juan\",\"@id\":\"https:\\\/\\\/www.caudete.org\\\/ayuntamiento\\\/#\\\/schema\\\/person\\\/7656a5bb58fca95b9814e940de0fda63\"},\"headline\":\"EXPOSICION &#8220;Los colores del mundo&#8221; en el Claustro del Carmen.\",\"datePublished\":\"2022-05-12T10:21:44+00:00\",\"dateModified\":\"2022-05-12T13:24:05+00:00\",\"mainEntityOfPage\":{\"@id\":\"https:\\\/\\\/www.caudete.org\\\/ayuntamiento\\\/exposicion-los-colores-del-mundo-en-el-claustro-del-carmen\\\/\"},\"wordCount\":272,\"image\":{\"@id\":\"https:\\\/\\\/www.caudete.org\\\/ayuntamiento\\\/exposicion-los-colores-del-mundo-en-el-claustro-del-carmen\\\/#primaryimage\"},\"thumbnailUrl\":\"https:\\\/\\\/www.caudete.org\\\/ayuntamiento\\\/wp-content\\\/uploads\\\/2022\\\/05\\\/Los-Colores-del-Mundo-WEB.jpg\",\"keywords\":[\"Exposicion\",\"Los colores del mundo\"],\"articleSection\":[\"Cultura\"],\"inLanguage\":\"es\"},{\"@type\":\"WebPage\",\"@id\":\"https:\\\/\\\/www.caudete.org\\\/ayuntamiento\\\/exposicion-los-colores-del-mundo-en-el-claustro-del-carmen\\\/\",\"url\":\"https:\\\/\\\/www.caudete.org\\\/ayuntamiento\\\/exposicion-los-colores-del-mundo-en-el-claustro-del-carmen\\\/\",\"name\":\"EXPOSICION \\\"Los colores del mundo\\\" en el Claustro del Carmen. - MI Ayuntamiento de Caudete\",\"isPartOf\":{\"@id\":\"https:\\\/\\\/www.caudete.org\\\/ayuntamiento\\\/#website\"},\"primaryImageOfPage\":{\"@id\":\"https:\\\/\\\/www.caudete.org\\\/ayuntamiento\\\/exposicion-los-colores-del-mundo-en-el-claustro-del-carmen\\\/#primaryimage\"},\"image\":{\"@id\":\"https:\\\/\\\/www.caudete.org\\\/ayuntamiento\\\/exposicion-los-colores-del-mundo-en-el-claustro-del-carmen\\\/#primaryimage\"},\"thumbnailUrl\":\"https:\\\/\\\/www.caudete.org\\\/ayuntamiento\\\/wp-content\\\/uploads\\\/2022\\\/05\\\/Los-Colores-del-Mundo-WEB.jpg\",\"datePublished\":\"2022-05-12T10:21:44+00:00\",\"dateModified\":\"2022-05-12T13:24:05+00:00\",\"author\":{\"@id\":\"https:\\\/\\\/www.caudete.org\\\/ayuntamiento\\\/#\\\/schema\\\/person\\\/7656a5bb58fca95b9814e940de0fda63\"},\"description\":\"P\u00e1gina Oficial del Ayuntamiento de Caudete (Albacete)\",\"breadcrumb\":{\"@id\":\"https:\\\/\\\/www.caudete.org\\\/ayuntamiento\\\/exposicion-los-colores-del-mundo-en-el-claustro-del-carmen\\\/#breadcrumb\"},\"inLanguage\":\"es\",\"potentialAction\":[{\"@type\":\"ReadAction\",\"target\":[\"https:\\\/\\\/www.caudete.org\\\/ayuntamiento\\\/exposicion-los-colores-del-mundo-en-el-claustro-del-carmen\\\/\"]}]},{\"@type\":\"ImageObject\",\"inLanguage\":\"es\",\"@id\":\"https:\\\/\\\/www.caudete.org\\\/ayuntamiento\\\/exposicion-los-colores-del-mundo-en-el-claustro-del-carmen\\\/#primaryimage\",\"url\":\"https:\\\/\\\/www.caudete.org\\\/ayuntamiento\\\/wp-content\\\/uploads\\\/2022\\\/05\\\/Los-Colores-del-Mundo-WEB.jpg\",\"contentUrl\":\"https:\\\/\\\/www.caudete.org\\\/ayuntamiento\\\/wp-content\\\/uploads\\\/2022\\\/05\\\/Los-Colores-del-Mundo-WEB.jpg\",\"width\":864,\"height\":380},{\"@type\":\"BreadcrumbList\",\"@id\":\"https:\\\/\\\/www.caudete.org\\\/ayuntamiento\\\/exposicion-los-colores-del-mundo-en-el-claustro-del-carmen\\\/#breadcrumb\",\"itemListElement\":[{\"@type\":\"ListItem\",\"position\":1,\"name\":\"Inicio\",\"item\":\"https:\\\/\\\/www.caudete.org\\\/ayuntamiento\\\/\"},{\"@type\":\"ListItem\",\"position\":2,\"name\":\"EXPOSICION &#8220;Los colores del mundo&#8221; en el Claustro del Carmen.\"}]},{\"@type\":\"WebSite\",\"@id\":\"https:\\\/\\\/www.caudete.org\\\/ayuntamiento\\\/#website\",\"url\":\"https:\\\/\\\/www.caudete.org\\\/ayuntamiento\\\/\",\"name\":\"MI Ayuntamiento de Caudete\",\"description\":\"P\u00e1gina Oficial del MI Ayuntamiento de Caudete\",\"potentialAction\":[{\"@type\":\"SearchAction\",\"target\":{\"@type\":\"EntryPoint\",\"urlTemplate\":\"https:\\\/\\\/www.caudete.org\\\/ayuntamiento\\\/?s={search_term_string}\"},\"query-input\":{\"@type\":\"PropertyValueSpecification\",\"valueRequired\":true,\"valueName\":\"search_term_string\"}}],\"inLanguage\":\"es\"},{\"@type\":\"Person\",\"@id\":\"https:\\\/\\\/www.caudete.org\\\/ayuntamiento\\\/#\\\/schema\\\/person\\\/7656a5bb58fca95b9814e940de0fda63\",\"name\":\"Juan\",\"image\":{\"@type\":\"ImageObject\",\"inLanguage\":\"es\",\"@id\":\"https:\\\/\\\/secure.gravatar.com\\\/avatar\\\/dd53e51c0cd6ab23f52d4f3e4f1c59730240727763de3dbbf26750b079a2c292?s=96&d=mm&r=g\",\"url\":\"https:\\\/\\\/secure.gravatar.com\\\/avatar\\\/dd53e51c0cd6ab23f52d4f3e4f1c59730240727763de3dbbf26750b079a2c292?s=96&d=mm&r=g\",\"contentUrl\":\"https:\\\/\\\/secure.gravatar.com\\\/avatar\\\/dd53e51c0cd6ab23f52d4f3e4f1c59730240727763de3dbbf26750b079a2c292?s=96&d=mm&r=g\",\"caption\":\"Juan\"},\"url\":\"https:\\\/\\\/www.caudete.org\\\/ayuntamiento\\\/author\\\/centrodeinternet\\\/\"}]}<\/script>\n<!-- \/ Yoast SEO plugin. -->","yoast_head_json":{"title":"EXPOSICION \"Los colores del mundo\" en el Claustro del Carmen. - MI Ayuntamiento de Caudete","description":"P\u00e1gina Oficial del Ayuntamiento de Caudete (Albacete)","robots":{"index":"index","follow":"follow","max-snippet":"max-snippet:-1","max-image-preview":"max-image-preview:large","max-video-preview":"max-video-preview:-1"},"canonical":"https:\/\/www.caudete.org\/ayuntamiento\/exposicion-los-colores-del-mundo-en-el-claustro-del-carmen\/","og_locale":"es_ES","og_type":"article","og_title":"EXPOSICION \"Los colores del mundo\" en el Claustro del Carmen. - MI Ayuntamiento de Caudete","og_description":"P\u00e1gina Oficial del Ayuntamiento de Caudete (Albacete)","og_url":"https:\/\/www.caudete.org\/ayuntamiento\/exposicion-los-colores-del-mundo-en-el-claustro-del-carmen\/","og_site_name":"MI Ayuntamiento de Caudete","article_publisher":"https:\/\/www.facebook.com\/ayuntamientocaudete\/","article_published_time":"2022-05-12T10:21:44+00:00","article_modified_time":"2022-05-12T13:24:05+00:00","og_image":[{"width":864,"height":380,"url":"https:\/\/www.caudete.org\/ayuntamiento\/wp-content\/uploads\/2022\/05\/Los-Colores-del-Mundo-WEB.jpg","type":"image\/jpeg"}],"author":"Juan","twitter_card":"summary_large_image","twitter_misc":{"Escrito por":"Juan","Tiempo de lectura":"2 minutos"},"schema":{"@context":"https:\/\/schema.org","@graph":[{"@type":"Article","@id":"https:\/\/www.caudete.org\/ayuntamiento\/exposicion-los-colores-del-mundo-en-el-claustro-del-carmen\/#article","isPartOf":{"@id":"https:\/\/www.caudete.org\/ayuntamiento\/exposicion-los-colores-del-mundo-en-el-claustro-del-carmen\/"},"author":{"name":"Juan","@id":"https:\/\/www.caudete.org\/ayuntamiento\/#\/schema\/person\/7656a5bb58fca95b9814e940de0fda63"},"headline":"EXPOSICION &#8220;Los colores del mundo&#8221; en el Claustro del Carmen.","datePublished":"2022-05-12T10:21:44+00:00","dateModified":"2022-05-12T13:24:05+00:00","mainEntityOfPage":{"@id":"https:\/\/www.caudete.org\/ayuntamiento\/exposicion-los-colores-del-mundo-en-el-claustro-del-carmen\/"},"wordCount":272,"image":{"@id":"https:\/\/www.caudete.org\/ayuntamiento\/exposicion-los-colores-del-mundo-en-el-claustro-del-carmen\/#primaryimage"},"thumbnailUrl":"https:\/\/www.caudete.org\/ayuntamiento\/wp-content\/uploads\/2022\/05\/Los-Colores-del-Mundo-WEB.jpg","keywords":["Exposicion","Los colores del mundo"],"articleSection":["Cultura"],"inLanguage":"es"},{"@type":"WebPage","@id":"https:\/\/www.caudete.org\/ayuntamiento\/exposicion-los-colores-del-mundo-en-el-claustro-del-carmen\/","url":"https:\/\/www.caudete.org\/ayuntamiento\/exposicion-los-colores-del-mundo-en-el-claustro-del-carmen\/","name":"EXPOSICION \"Los colores del mundo\" en el Claustro del Carmen. - MI Ayuntamiento de Caudete","isPartOf":{"@id":"https:\/\/www.caudete.org\/ayuntamiento\/#website"},"primaryImageOfPage":{"@id":"https:\/\/www.caudete.org\/ayuntamiento\/exposicion-los-colores-del-mundo-en-el-claustro-del-carmen\/#primaryimage"},"image":{"@id":"https:\/\/www.caudete.org\/ayuntamiento\/exposicion-los-colores-del-mundo-en-el-claustro-del-carmen\/#primaryimage"},"thumbnailUrl":"https:\/\/www.caudete.org\/ayuntamiento\/wp-content\/uploads\/2022\/05\/Los-Colores-del-Mundo-WEB.jpg","datePublished":"2022-05-12T10:21:44+00:00","dateModified":"2022-05-12T13:24:05+00:00","author":{"@id":"https:\/\/www.caudete.org\/ayuntamiento\/#\/schema\/person\/7656a5bb58fca95b9814e940de0fda63"},"description":"P\u00e1gina Oficial del Ayuntamiento de Caudete (Albacete)","breadcrumb":{"@id":"https:\/\/www.caudete.org\/ayuntamiento\/exposicion-los-colores-del-mundo-en-el-claustro-del-carmen\/#breadcrumb"},"inLanguage":"es","potentialAction":[{"@type":"ReadAction","target":["https:\/\/www.caudete.org\/ayuntamiento\/exposicion-los-colores-del-mundo-en-el-claustro-del-carmen\/"]}]},{"@type":"ImageObject","inLanguage":"es","@id":"https:\/\/www.caudete.org\/ayuntamiento\/exposicion-los-colores-del-mundo-en-el-claustro-del-carmen\/#primaryimage","url":"https:\/\/www.caudete.org\/ayuntamiento\/wp-content\/uploads\/2022\/05\/Los-Colores-del-Mundo-WEB.jpg","contentUrl":"https:\/\/www.caudete.org\/ayuntamiento\/wp-content\/uploads\/2022\/05\/Los-Colores-del-Mundo-WEB.jpg","width":864,"height":380},{"@type":"BreadcrumbList","@id":"https:\/\/www.caudete.org\/ayuntamiento\/exposicion-los-colores-del-mundo-en-el-claustro-del-carmen\/#breadcrumb","itemListElement":[{"@type":"ListItem","position":1,"name":"Inicio","item":"https:\/\/www.caudete.org\/ayuntamiento\/"},{"@type":"ListItem","position":2,"name":"EXPOSICION &#8220;Los colores del mundo&#8221; en el Claustro del Carmen."}]},{"@type":"WebSite","@id":"https:\/\/www.caudete.org\/ayuntamiento\/#website","url":"https:\/\/www.caudete.org\/ayuntamiento\/","name":"MI Ayuntamiento de Caudete","description":"P\u00e1gina Oficial del MI Ayuntamiento de Caudete","potentialAction":[{"@type":"SearchAction","target":{"@type":"EntryPoint","urlTemplate":"https:\/\/www.caudete.org\/ayuntamiento\/?s={search_term_string}"},"query-input":{"@type":"PropertyValueSpecification","valueRequired":true,"valueName":"search_term_string"}}],"inLanguage":"es"},{"@type":"Person","@id":"https:\/\/www.caudete.org\/ayuntamiento\/#\/schema\/person\/7656a5bb58fca95b9814e940de0fda63","name":"Juan","image":{"@type":"ImageObject","inLanguage":"es","@id":"https:\/\/secure.gravatar.com\/avatar\/dd53e51c0cd6ab23f52d4f3e4f1c59730240727763de3dbbf26750b079a2c292?s=96&d=mm&r=g","url":"https:\/\/secure.gravatar.com\/avatar\/dd53e51c0cd6ab23f52d4f3e4f1c59730240727763de3dbbf26750b079a2c292?s=96&d=mm&r=g","contentUrl":"https:\/\/secure.gravatar.com\/avatar\/dd53e51c0cd6ab23f52d4f3e4f1c59730240727763de3dbbf26750b079a2c292?s=96&d=mm&r=g","caption":"Juan"},"url":"https:\/\/www.caudete.org\/ayuntamiento\/author\/centrodeinternet\/"}]}},"_links":{"self":[{"href":"https:\/\/www.caudete.org\/ayuntamiento\/wp-json\/wp\/v2\/posts\/19078","targetHints":{"allow":["GET"]}}],"collection":[{"href":"https:\/\/www.caudete.org\/ayuntamiento\/wp-json\/wp\/v2\/posts"}],"about":[{"href":"https:\/\/www.caudete.org\/ayuntamiento\/wp-json\/wp\/v2\/types\/post"}],"author":[{"embeddable":true,"href":"https:\/\/www.caudete.org\/ayuntamiento\/wp-json\/wp\/v2\/users\/2"}],"replies":[{"embeddable":true,"href":"https:\/\/www.caudete.org\/ayuntamiento\/wp-json\/wp\/v2\/comments?post=19078"}],"version-history":[{"count":2,"href":"https:\/\/www.caudete.org\/ayuntamiento\/wp-json\/wp\/v2\/posts\/19078\/revisions"}],"predecessor-version":[{"id":19083,"href":"https:\/\/www.caudete.org\/ayuntamiento\/wp-json\/wp\/v2\/posts\/19078\/revisions\/19083"}],"wp:featuredmedia":[{"embeddable":true,"href":"https:\/\/www.caudete.org\/ayuntamiento\/wp-json\/wp\/v2\/media\/19076"}],"wp:attachment":[{"href":"https:\/\/www.caudete.org\/ayuntamiento\/wp-json\/wp\/v2\/media?parent=19078"}],"wp:term":[{"taxonomy":"category","embeddable":true,"href":"https:\/\/www.caudete.org\/ayuntamiento\/wp-json\/wp\/v2\/categories?post=19078"},{"taxonomy":"post_tag","embeddable":true,"href":"https:\/\/www.caudete.org\/ayuntamiento\/wp-json\/wp\/v2\/tags?post=19078"}],"curies":[{"name":"wp","href":"https:\/\/api.w.org\/{rel}","templated":true}]}}