{"id":19162,"date":"2022-05-24T19:24:57","date_gmt":"2022-05-24T17:24:57","guid":{"rendered":"https:\/\/www.caudete.org\/ayuntamiento\/?p=19162"},"modified":"2022-05-24T19:24:57","modified_gmt":"2022-05-24T17:24:57","slug":"11-nuevas-moreras-completan-la-alineacion-de-la-vereda-de-las-vacas","status":"publish","type":"post","link":"https:\/\/www.caudete.org\/ayuntamiento\/11-nuevas-moreras-completan-la-alineacion-de-la-vereda-de-las-vacas\/","title":{"rendered":"11 nuevas Moreras completan la alineaci\u00f3n de la VEREDA DE LAS VACAS"},"content":{"rendered":"<p style=\"text-align: justify;\">Esta semana pasada desde la Concejal\u00eda de Medio Ambiente que gestiona el Edil Joaqu\u00edn Pag\u00e1n, se ha continuado con una nueva fase de plantaci\u00f3n de \u00e1rboles, concretamente en la <em>Vereda de las Vacas, <\/em>localizada desde el inicio del Camino del Cementerio (intersecci\u00f3n Calles San Sebasti\u00e1n y San Jos\u00e9) hasta el cruce con la Avenida de Las Jornetas.<\/p>\n<p style=\"text-align: justify;\">Dicha v\u00eda tiene alineaci\u00f3n de \u00e1rboles a ambos lados con especies como <em>mimosas<\/em>, falsos pl\u00e1tanos, almeces, fresnos, y ahora tambi\u00e9n moreras.<\/p>\n<p style=\"text-align: justify;\">En el 2020 se procedi\u00f3 con la plantaci\u00f3n de almeces , cuyo origen fue un rescate precipitado de una empresa que decidi\u00f3 deshacerse de ellos. Hoy lucen una altura de 4 metros ya que eran de un calibre importante. Sin embargo, algunos de ellos no sobrevivieron por lo extremo de su traslado.<\/p>\n<p><img fetchpriority=\"high\" decoding=\"async\" class=\"size-medium wp-image-19164 aligncenter\" src=\"https:\/\/www.caudete.org\/ayuntamiento\/wp-content\/uploads\/2022\/05\/IMG-20220523-WA0015-300x225.jpg\" alt=\"\" width=\"300\" height=\"225\" srcset=\"https:\/\/www.caudete.org\/ayuntamiento\/wp-content\/uploads\/2022\/05\/IMG-20220523-WA0015-300x225.jpg 300w, https:\/\/www.caudete.org\/ayuntamiento\/wp-content\/uploads\/2022\/05\/IMG-20220523-WA0015-1024x768.jpg 1024w, https:\/\/www.caudete.org\/ayuntamiento\/wp-content\/uploads\/2022\/05\/IMG-20220523-WA0015-768x576.jpg 768w, https:\/\/www.caudete.org\/ayuntamiento\/wp-content\/uploads\/2022\/05\/IMG-20220523-WA0015-1536x1152.jpg 1536w, https:\/\/www.caudete.org\/ayuntamiento\/wp-content\/uploads\/2022\/05\/IMG-20220523-WA0015.jpg 2048w\" sizes=\"(max-width: 300px) 100vw, 300px\" \/><\/p>\n<p style=\"text-align: justify;\">A principios de este a\u00f1o 2022 se hizo una plantaci\u00f3n de 72 \u00e1rboles en diferentes zonas de Caudete, y en la Vereda de las Vacas se actu\u00f3 con la plantaci\u00f3n de 15 unidades (9 Almeces, 5 Fresnos, 1 Arce americano).<\/p>\n<p style=\"text-align: justify;\">En esta \u00faltima fase, tal y como expresaba el Concejal &#8220;<em>hemos plantado 11 Moreras, consiguiendo as\u00ed cerrar huecos existentes y completar la alineaci\u00f3n de \u00e1rboles, propiciando que en un futuro cercano se convierta en una bonita zona de paseo<\/em>&#8220;.<\/p>\n<p style=\"text-align: justify;\">De hecho, recordaba Pag\u00e1n que en dicha v\u00eda &#8220;<em>a\u00fan queda mucho por hacer, como despejar la zona para que sea transitable o instalar riego por goteo en toda la alineaci\u00f3n. Temas que a lo largo del ejercicio esperamos realizar<\/em>&#8220;<\/p>\n","protected":false},"excerpt":{"rendered":"<p>Esta semana pasada desde la Concejal\u00eda de Medio Ambiente que gestiona el Edil Joaqu\u00edn Pag\u00e1n, se ha continuado con una nueva fase de plantaci\u00f3n de \u00e1rboles, concretamente en la Vereda de las Vacas, localizada desde el inicio del Camino del Cementerio (intersecci\u00f3n Calles San Sebasti\u00e1n y San Jos\u00e9) hasta el cruce con la Avenida de &hellip;<\/p>\n","protected":false},"author":3,"featured_media":19163,"comment_status":"closed","ping_status":"open","sticky":false,"template":"","format":"standard","meta":{"ngg_post_thumbnail":0,"footnotes":""},"categories":[29],"tags":[],"class_list":["post-19162","post","type-post","status-publish","format-standard","has-post-thumbnail","hentry","category-medio-ambiente"],"yoast_head":"<!-- This site is optimized with the Yoast SEO plugin v27.5 - https:\/\/yoast.com\/product\/yoast-seo-wordpress\/ -->\n<title>11 nuevas Moreras completan la alineaci\u00f3n de la VEREDA DE LAS VACAS - MI Ayuntamiento de Caudete<\/title>\n<meta name=\"description\" content=\"P\u00e1gina Oficial del Ayuntamiento de Caudete (Albacete)\" \/>\n<meta name=\"robots\" content=\"index, follow, max-snippet:-1, max-image-preview:large, max-video-preview:-1\" \/>\n<link rel=\"canonical\" href=\"https:\/\/www.caudete.org\/ayuntamiento\/11-nuevas-moreras-completan-la-alineacion-de-la-vereda-de-las-vacas\/\" \/>\n<meta property=\"og:locale\" content=\"es_ES\" \/>\n<meta property=\"og:type\" content=\"article\" \/>\n<meta property=\"og:title\" content=\"11 nuevas Moreras completan la alineaci\u00f3n de la VEREDA DE LAS VACAS - MI Ayuntamiento de Caudete\" \/>\n<meta property=\"og:description\" content=\"P\u00e1gina Oficial del Ayuntamiento de Caudete (Albacete)\" \/>\n<meta property=\"og:url\" content=\"https:\/\/www.caudete.org\/ayuntamiento\/11-nuevas-moreras-completan-la-alineacion-de-la-vereda-de-las-vacas\/\" \/>\n<meta property=\"og:site_name\" content=\"MI Ayuntamiento de Caudete\" \/>\n<meta property=\"article:publisher\" content=\"https:\/\/www.facebook.com\/ayuntamientocaudete\/\" \/>\n<meta property=\"article:published_time\" content=\"2022-05-24T17:24:57+00:00\" \/>\n<meta property=\"og:image\" content=\"https:\/\/www.caudete.org\/ayuntamiento\/wp-content\/uploads\/2022\/05\/IMG-20220523-WA0017.jpg\" \/>\n\t<meta property=\"og:image:width\" content=\"2048\" \/>\n\t<meta property=\"og:image:height\" content=\"1536\" \/>\n\t<meta property=\"og:image:type\" content=\"image\/jpeg\" \/>\n<meta name=\"author\" content=\"alcalde\" \/>\n<meta name=\"twitter:card\" content=\"summary_large_image\" \/>\n<meta name=\"twitter:label1\" content=\"Escrito por\" \/>\n\t<meta name=\"twitter:data1\" content=\"alcalde\" \/>\n\t<meta name=\"twitter:label2\" content=\"Tiempo de lectura\" \/>\n\t<meta name=\"twitter:data2\" content=\"2 minutos\" \/>\n<script type=\"application\/ld+json\" class=\"yoast-schema-graph\">{\"@context\":\"https:\\\/\\\/schema.org\",\"@graph\":[{\"@type\":\"Article\",\"@id\":\"https:\\\/\\\/www.caudete.org\\\/ayuntamiento\\\/11-nuevas-moreras-completan-la-alineacion-de-la-vereda-de-las-vacas\\\/#article\",\"isPartOf\":{\"@id\":\"https:\\\/\\\/www.caudete.org\\\/ayuntamiento\\\/11-nuevas-moreras-completan-la-alineacion-de-la-vereda-de-las-vacas\\\/\"},\"author\":{\"name\":\"alcalde\",\"@id\":\"https:\\\/\\\/www.caudete.org\\\/ayuntamiento\\\/#\\\/schema\\\/person\\\/cc646da9133078ee4d8dd47457947253\"},\"headline\":\"11 nuevas Moreras completan la alineaci\u00f3n de la VEREDA DE LAS VACAS\",\"datePublished\":\"2022-05-24T17:24:57+00:00\",\"mainEntityOfPage\":{\"@id\":\"https:\\\/\\\/www.caudete.org\\\/ayuntamiento\\\/11-nuevas-moreras-completan-la-alineacion-de-la-vereda-de-las-vacas\\\/\"},\"wordCount\":269,\"image\":{\"@id\":\"https:\\\/\\\/www.caudete.org\\\/ayuntamiento\\\/11-nuevas-moreras-completan-la-alineacion-de-la-vereda-de-las-vacas\\\/#primaryimage\"},\"thumbnailUrl\":\"https:\\\/\\\/www.caudete.org\\\/ayuntamiento\\\/wp-content\\\/uploads\\\/2022\\\/05\\\/IMG-20220523-WA0017.jpg\",\"articleSection\":[\"Medio Ambiente\"],\"inLanguage\":\"es\"},{\"@type\":\"WebPage\",\"@id\":\"https:\\\/\\\/www.caudete.org\\\/ayuntamiento\\\/11-nuevas-moreras-completan-la-alineacion-de-la-vereda-de-las-vacas\\\/\",\"url\":\"https:\\\/\\\/www.caudete.org\\\/ayuntamiento\\\/11-nuevas-moreras-completan-la-alineacion-de-la-vereda-de-las-vacas\\\/\",\"name\":\"11 nuevas Moreras completan la alineaci\u00f3n de la VEREDA DE LAS VACAS - MI Ayuntamiento de Caudete\",\"isPartOf\":{\"@id\":\"https:\\\/\\\/www.caudete.org\\\/ayuntamiento\\\/#website\"},\"primaryImageOfPage\":{\"@id\":\"https:\\\/\\\/www.caudete.org\\\/ayuntamiento\\\/11-nuevas-moreras-completan-la-alineacion-de-la-vereda-de-las-vacas\\\/#primaryimage\"},\"image\":{\"@id\":\"https:\\\/\\\/www.caudete.org\\\/ayuntamiento\\\/11-nuevas-moreras-completan-la-alineacion-de-la-vereda-de-las-vacas\\\/#primaryimage\"},\"thumbnailUrl\":\"https:\\\/\\\/www.caudete.org\\\/ayuntamiento\\\/wp-content\\\/uploads\\\/2022\\\/05\\\/IMG-20220523-WA0017.jpg\",\"datePublished\":\"2022-05-24T17:24:57+00:00\",\"author\":{\"@id\":\"https:\\\/\\\/www.caudete.org\\\/ayuntamiento\\\/#\\\/schema\\\/person\\\/cc646da9133078ee4d8dd47457947253\"},\"description\":\"P\u00e1gina Oficial del Ayuntamiento de Caudete (Albacete)\",\"breadcrumb\":{\"@id\":\"https:\\\/\\\/www.caudete.org\\\/ayuntamiento\\\/11-nuevas-moreras-completan-la-alineacion-de-la-vereda-de-las-vacas\\\/#breadcrumb\"},\"inLanguage\":\"es\",\"potentialAction\":[{\"@type\":\"ReadAction\",\"target\":[\"https:\\\/\\\/www.caudete.org\\\/ayuntamiento\\\/11-nuevas-moreras-completan-la-alineacion-de-la-vereda-de-las-vacas\\\/\"]}]},{\"@type\":\"ImageObject\",\"inLanguage\":\"es\",\"@id\":\"https:\\\/\\\/www.caudete.org\\\/ayuntamiento\\\/11-nuevas-moreras-completan-la-alineacion-de-la-vereda-de-las-vacas\\\/#primaryimage\",\"url\":\"https:\\\/\\\/www.caudete.org\\\/ayuntamiento\\\/wp-content\\\/uploads\\\/2022\\\/05\\\/IMG-20220523-WA0017.jpg\",\"contentUrl\":\"https:\\\/\\\/www.caudete.org\\\/ayuntamiento\\\/wp-content\\\/uploads\\\/2022\\\/05\\\/IMG-20220523-WA0017.jpg\",\"width\":2048,\"height\":1536},{\"@type\":\"BreadcrumbList\",\"@id\":\"https:\\\/\\\/www.caudete.org\\\/ayuntamiento\\\/11-nuevas-moreras-completan-la-alineacion-de-la-vereda-de-las-vacas\\\/#breadcrumb\",\"itemListElement\":[{\"@type\":\"ListItem\",\"position\":1,\"name\":\"Inicio\",\"item\":\"https:\\\/\\\/www.caudete.org\\\/ayuntamiento\\\/\"},{\"@type\":\"ListItem\",\"position\":2,\"name\":\"11 nuevas Moreras completan la alineaci\u00f3n de la VEREDA DE LAS VACAS\"}]},{\"@type\":\"WebSite\",\"@id\":\"https:\\\/\\\/www.caudete.org\\\/ayuntamiento\\\/#website\",\"url\":\"https:\\\/\\\/www.caudete.org\\\/ayuntamiento\\\/\",\"name\":\"MI Ayuntamiento de Caudete\",\"description\":\"P\u00e1gina Oficial del MI Ayuntamiento de Caudete\",\"potentialAction\":[{\"@type\":\"SearchAction\",\"target\":{\"@type\":\"EntryPoint\",\"urlTemplate\":\"https:\\\/\\\/www.caudete.org\\\/ayuntamiento\\\/?s={search_term_string}\"},\"query-input\":{\"@type\":\"PropertyValueSpecification\",\"valueRequired\":true,\"valueName\":\"search_term_string\"}}],\"inLanguage\":\"es\"},{\"@type\":\"Person\",\"@id\":\"https:\\\/\\\/www.caudete.org\\\/ayuntamiento\\\/#\\\/schema\\\/person\\\/cc646da9133078ee4d8dd47457947253\",\"name\":\"alcalde\",\"image\":{\"@type\":\"ImageObject\",\"inLanguage\":\"es\",\"@id\":\"https:\\\/\\\/secure.gravatar.com\\\/avatar\\\/84a817ba065b29ff08d666b215a215f5c79186a645ccb25b14a663d48a130f77?s=96&d=mm&r=g\",\"url\":\"https:\\\/\\\/secure.gravatar.com\\\/avatar\\\/84a817ba065b29ff08d666b215a215f5c79186a645ccb25b14a663d48a130f77?s=96&d=mm&r=g\",\"contentUrl\":\"https:\\\/\\\/secure.gravatar.com\\\/avatar\\\/84a817ba065b29ff08d666b215a215f5c79186a645ccb25b14a663d48a130f77?s=96&d=mm&r=g\",\"caption\":\"alcalde\"},\"url\":\"https:\\\/\\\/www.caudete.org\\\/ayuntamiento\\\/author\\\/alcalde\\\/\"}]}<\/script>\n<!-- \/ Yoast SEO plugin. -->","yoast_head_json":{"title":"11 nuevas Moreras completan la alineaci\u00f3n de la VEREDA DE LAS VACAS - MI Ayuntamiento de Caudete","description":"P\u00e1gina Oficial del Ayuntamiento de Caudete (Albacete)","robots":{"index":"index","follow":"follow","max-snippet":"max-snippet:-1","max-image-preview":"max-image-preview:large","max-video-preview":"max-video-preview:-1"},"canonical":"https:\/\/www.caudete.org\/ayuntamiento\/11-nuevas-moreras-completan-la-alineacion-de-la-vereda-de-las-vacas\/","og_locale":"es_ES","og_type":"article","og_title":"11 nuevas Moreras completan la alineaci\u00f3n de la VEREDA DE LAS VACAS - MI Ayuntamiento de Caudete","og_description":"P\u00e1gina Oficial del Ayuntamiento de Caudete (Albacete)","og_url":"https:\/\/www.caudete.org\/ayuntamiento\/11-nuevas-moreras-completan-la-alineacion-de-la-vereda-de-las-vacas\/","og_site_name":"MI Ayuntamiento de Caudete","article_publisher":"https:\/\/www.facebook.com\/ayuntamientocaudete\/","article_published_time":"2022-05-24T17:24:57+00:00","og_image":[{"width":2048,"height":1536,"url":"https:\/\/www.caudete.org\/ayuntamiento\/wp-content\/uploads\/2022\/05\/IMG-20220523-WA0017.jpg","type":"image\/jpeg"}],"author":"alcalde","twitter_card":"summary_large_image","twitter_misc":{"Escrito por":"alcalde","Tiempo de lectura":"2 minutos"},"schema":{"@context":"https:\/\/schema.org","@graph":[{"@type":"Article","@id":"https:\/\/www.caudete.org\/ayuntamiento\/11-nuevas-moreras-completan-la-alineacion-de-la-vereda-de-las-vacas\/#article","isPartOf":{"@id":"https:\/\/www.caudete.org\/ayuntamiento\/11-nuevas-moreras-completan-la-alineacion-de-la-vereda-de-las-vacas\/"},"author":{"name":"alcalde","@id":"https:\/\/www.caudete.org\/ayuntamiento\/#\/schema\/person\/cc646da9133078ee4d8dd47457947253"},"headline":"11 nuevas Moreras completan la alineaci\u00f3n de la VEREDA DE LAS VACAS","datePublished":"2022-05-24T17:24:57+00:00","mainEntityOfPage":{"@id":"https:\/\/www.caudete.org\/ayuntamiento\/11-nuevas-moreras-completan-la-alineacion-de-la-vereda-de-las-vacas\/"},"wordCount":269,"image":{"@id":"https:\/\/www.caudete.org\/ayuntamiento\/11-nuevas-moreras-completan-la-alineacion-de-la-vereda-de-las-vacas\/#primaryimage"},"thumbnailUrl":"https:\/\/www.caudete.org\/ayuntamiento\/wp-content\/uploads\/2022\/05\/IMG-20220523-WA0017.jpg","articleSection":["Medio Ambiente"],"inLanguage":"es"},{"@type":"WebPage","@id":"https:\/\/www.caudete.org\/ayuntamiento\/11-nuevas-moreras-completan-la-alineacion-de-la-vereda-de-las-vacas\/","url":"https:\/\/www.caudete.org\/ayuntamiento\/11-nuevas-moreras-completan-la-alineacion-de-la-vereda-de-las-vacas\/","name":"11 nuevas Moreras completan la alineaci\u00f3n de la VEREDA DE LAS VACAS - MI Ayuntamiento de Caudete","isPartOf":{"@id":"https:\/\/www.caudete.org\/ayuntamiento\/#website"},"primaryImageOfPage":{"@id":"https:\/\/www.caudete.org\/ayuntamiento\/11-nuevas-moreras-completan-la-alineacion-de-la-vereda-de-las-vacas\/#primaryimage"},"image":{"@id":"https:\/\/www.caudete.org\/ayuntamiento\/11-nuevas-moreras-completan-la-alineacion-de-la-vereda-de-las-vacas\/#primaryimage"},"thumbnailUrl":"https:\/\/www.caudete.org\/ayuntamiento\/wp-content\/uploads\/2022\/05\/IMG-20220523-WA0017.jpg","datePublished":"2022-05-24T17:24:57+00:00","author":{"@id":"https:\/\/www.caudete.org\/ayuntamiento\/#\/schema\/person\/cc646da9133078ee4d8dd47457947253"},"description":"P\u00e1gina Oficial del Ayuntamiento de Caudete (Albacete)","breadcrumb":{"@id":"https:\/\/www.caudete.org\/ayuntamiento\/11-nuevas-moreras-completan-la-alineacion-de-la-vereda-de-las-vacas\/#breadcrumb"},"inLanguage":"es","potentialAction":[{"@type":"ReadAction","target":["https:\/\/www.caudete.org\/ayuntamiento\/11-nuevas-moreras-completan-la-alineacion-de-la-vereda-de-las-vacas\/"]}]},{"@type":"ImageObject","inLanguage":"es","@id":"https:\/\/www.caudete.org\/ayuntamiento\/11-nuevas-moreras-completan-la-alineacion-de-la-vereda-de-las-vacas\/#primaryimage","url":"https:\/\/www.caudete.org\/ayuntamiento\/wp-content\/uploads\/2022\/05\/IMG-20220523-WA0017.jpg","contentUrl":"https:\/\/www.caudete.org\/ayuntamiento\/wp-content\/uploads\/2022\/05\/IMG-20220523-WA0017.jpg","width":2048,"height":1536},{"@type":"BreadcrumbList","@id":"https:\/\/www.caudete.org\/ayuntamiento\/11-nuevas-moreras-completan-la-alineacion-de-la-vereda-de-las-vacas\/#breadcrumb","itemListElement":[{"@type":"ListItem","position":1,"name":"Inicio","item":"https:\/\/www.caudete.org\/ayuntamiento\/"},{"@type":"ListItem","position":2,"name":"11 nuevas Moreras completan la alineaci\u00f3n de la VEREDA DE LAS VACAS"}]},{"@type":"WebSite","@id":"https:\/\/www.caudete.org\/ayuntamiento\/#website","url":"https:\/\/www.caudete.org\/ayuntamiento\/","name":"MI Ayuntamiento de Caudete","description":"P\u00e1gina Oficial del MI Ayuntamiento de Caudete","potentialAction":[{"@type":"SearchAction","target":{"@type":"EntryPoint","urlTemplate":"https:\/\/www.caudete.org\/ayuntamiento\/?s={search_term_string}"},"query-input":{"@type":"PropertyValueSpecification","valueRequired":true,"valueName":"search_term_string"}}],"inLanguage":"es"},{"@type":"Person","@id":"https:\/\/www.caudete.org\/ayuntamiento\/#\/schema\/person\/cc646da9133078ee4d8dd47457947253","name":"alcalde","image":{"@type":"ImageObject","inLanguage":"es","@id":"https:\/\/secure.gravatar.com\/avatar\/84a817ba065b29ff08d666b215a215f5c79186a645ccb25b14a663d48a130f77?s=96&d=mm&r=g","url":"https:\/\/secure.gravatar.com\/avatar\/84a817ba065b29ff08d666b215a215f5c79186a645ccb25b14a663d48a130f77?s=96&d=mm&r=g","contentUrl":"https:\/\/secure.gravatar.com\/avatar\/84a817ba065b29ff08d666b215a215f5c79186a645ccb25b14a663d48a130f77?s=96&d=mm&r=g","caption":"alcalde"},"url":"https:\/\/www.caudete.org\/ayuntamiento\/author\/alcalde\/"}]}},"_links":{"self":[{"href":"https:\/\/www.caudete.org\/ayuntamiento\/wp-json\/wp\/v2\/posts\/19162","targetHints":{"allow":["GET"]}}],"collection":[{"href":"https:\/\/www.caudete.org\/ayuntamiento\/wp-json\/wp\/v2\/posts"}],"about":[{"href":"https:\/\/www.caudete.org\/ayuntamiento\/wp-json\/wp\/v2\/types\/post"}],"author":[{"embeddable":true,"href":"https:\/\/www.caudete.org\/ayuntamiento\/wp-json\/wp\/v2\/users\/3"}],"replies":[{"embeddable":true,"href":"https:\/\/www.caudete.org\/ayuntamiento\/wp-json\/wp\/v2\/comments?post=19162"}],"version-history":[{"count":1,"href":"https:\/\/www.caudete.org\/ayuntamiento\/wp-json\/wp\/v2\/posts\/19162\/revisions"}],"predecessor-version":[{"id":19165,"href":"https:\/\/www.caudete.org\/ayuntamiento\/wp-json\/wp\/v2\/posts\/19162\/revisions\/19165"}],"wp:featuredmedia":[{"embeddable":true,"href":"https:\/\/www.caudete.org\/ayuntamiento\/wp-json\/wp\/v2\/media\/19163"}],"wp:attachment":[{"href":"https:\/\/www.caudete.org\/ayuntamiento\/wp-json\/wp\/v2\/media?parent=19162"}],"wp:term":[{"taxonomy":"category","embeddable":true,"href":"https:\/\/www.caudete.org\/ayuntamiento\/wp-json\/wp\/v2\/categories?post=19162"},{"taxonomy":"post_tag","embeddable":true,"href":"https:\/\/www.caudete.org\/ayuntamiento\/wp-json\/wp\/v2\/tags?post=19162"}],"curies":[{"name":"wp","href":"https:\/\/api.w.org\/{rel}","templated":true}]}}