{"id":19166,"date":"2022-05-26T09:00:44","date_gmt":"2022-05-26T07:00:44","guid":{"rendered":"https:\/\/www.caudete.org\/ayuntamiento\/?p=19166"},"modified":"2022-05-26T12:24:03","modified_gmt":"2022-05-26T10:24:03","slug":"19166-2","status":"publish","type":"post","link":"https:\/\/www.caudete.org\/ayuntamiento\/19166-2\/","title":{"rendered":"Nuevas luminarias para calles sin este servicio o mejorar el existente en otras"},"content":{"rendered":"<p style=\"text-align: justify;\">Desde la Concejal\u00eda de Servicios con su Concejal al frente Joaqu\u00edn Pag\u00e1n, queremos informar sobre los proyectos y mejoras en curso que sobre el alumbrado p\u00fablico estamos llevando a cabo.<\/p>\n<p style=\"text-align: justify;\">Tal y como explicaba en tv el propio Concejal algunos proyectos est\u00e1n finalizados y otros en ejecuci\u00f3n, lo que demuestra &#8220;<em>nuestra decidida apuesta por mejorar las instalaciones e infraestructuras en la poblaci\u00f3n<\/em>&#8220;. Un proyecto que tendr\u00e1 continuidad en el tiempo con el fin de continuar mejorando calles que o bien no tienen alumbrado o el existente es insuficiente.<\/p>\n<p style=\"text-align: justify;\">En primer lugar queremos destacar que cuando realizamos una infraestructura nueva pensamos que est\u00e1 dimensionada para el futuro y aprovechamos los trabajos para la ejecuci\u00f3n de varios proyectos al mismo tiempo.<\/p>\n<p><img fetchpriority=\"high\" decoding=\"async\" class=\"size-medium wp-image-19175 aligncenter\" src=\"https:\/\/www.caudete.org\/ayuntamiento\/wp-content\/uploads\/2022\/05\/WhatsApp-Image-2022-05-25-at-9.13.58-PM-300x225.jpeg\" alt=\"\" width=\"300\" height=\"225\" srcset=\"https:\/\/www.caudete.org\/ayuntamiento\/wp-content\/uploads\/2022\/05\/WhatsApp-Image-2022-05-25-at-9.13.58-PM-300x225.jpeg 300w, https:\/\/www.caudete.org\/ayuntamiento\/wp-content\/uploads\/2022\/05\/WhatsApp-Image-2022-05-25-at-9.13.58-PM-1024x768.jpeg 1024w, https:\/\/www.caudete.org\/ayuntamiento\/wp-content\/uploads\/2022\/05\/WhatsApp-Image-2022-05-25-at-9.13.58-PM-768x576.jpeg 768w, https:\/\/www.caudete.org\/ayuntamiento\/wp-content\/uploads\/2022\/05\/WhatsApp-Image-2022-05-25-at-9.13.58-PM.jpeg 1320w\" sizes=\"(max-width: 300px) 100vw, 300px\" \/><\/p>\n<p style=\"text-align: justify;\">Por ejemplo, las recientes zanjas realizadas en diferentes puntos de la localidad para llevar fibra \u00f3ptica al proyecto de anillo de c\u00e1maras de videovigilancia desplegado por todos los accesos de entrada y salida al municipio. Al realizar estas zanjas hemos instalado una infraestructura de 2 tubos corrugados de 100 mm. Uno de los tubos para la fibra \u00f3ptica y futuros pasos de operadores de telecomunicaciones, y el otro tubo lo hemos instalado para desplegar nuevas l\u00edneas de alumbrado p\u00fablico.<\/p>\n<p>&nbsp;<\/p>\n<p style=\"text-align: justify;\"><em><strong>PROYECTO 1:\u00a0 Avenida de Miguel Angel Blanco.<\/strong><\/em><\/p>\n<p style=\"text-align: justify;\">Aqu\u00ed se ha desplegado fibra \u00f3ptica para alimentar c\u00e1maras de videovigilancia instaladas en la zona as\u00ed como en el propio Ecoparque.<\/p>\n<p style=\"text-align: justify;\">Al mismo tiempo hemos instalado las correspondientes &#8220;peanas&#8221; y arquetas de registro para desplegar 18 nuevas farolas. De esta forma &#8220;a tres bolillos&#8221; o en &#8220;zigzag&#8221; mejoraremos de forma considerable la iluminaci\u00f3n de dicha Avenida, muy frecuentada, y adem\u00e1s se dotar\u00e1 de iluminaci\u00f3n a la Avenida Vereda de la Cruz, donde se ubican las instalaciones municipales del Ecoparque, como tambi\u00e9n diferentes empresas.<\/p>\n<p><img decoding=\"async\" class=\"size-medium wp-image-19174 aligncenter\" src=\"https:\/\/www.caudete.org\/ayuntamiento\/wp-content\/uploads\/2022\/05\/WhatsApp-Image-2022-05-25-at-9.15.12-PM-300x225.jpeg\" alt=\"\" width=\"300\" height=\"225\" srcset=\"https:\/\/www.caudete.org\/ayuntamiento\/wp-content\/uploads\/2022\/05\/WhatsApp-Image-2022-05-25-at-9.15.12-PM-300x225.jpeg 300w, https:\/\/www.caudete.org\/ayuntamiento\/wp-content\/uploads\/2022\/05\/WhatsApp-Image-2022-05-25-at-9.15.12-PM-1024x768.jpeg 1024w, https:\/\/www.caudete.org\/ayuntamiento\/wp-content\/uploads\/2022\/05\/WhatsApp-Image-2022-05-25-at-9.15.12-PM-768x576.jpeg 768w, https:\/\/www.caudete.org\/ayuntamiento\/wp-content\/uploads\/2022\/05\/WhatsApp-Image-2022-05-25-at-9.15.12-PM.jpeg 1320w\" sizes=\"(max-width: 300px) 100vw, 300px\" \/><\/p>\n<p>&nbsp;<\/p>\n<p style=\"text-align: justify;\"><em><strong>PROYECTO 2 : Continuaci\u00f3n Avenida las Jornetas y Calle de la Toconera (hasta el punto limpio).<\/strong><\/em><\/p>\n<p style=\"text-align: justify;\">Aqu\u00ed igualmente se ha\u00a0desplegado fibra \u00f3ptica para las c\u00e1maras instaladas en la zona, as\u00ed como para dotar de fibra \u00f3ptica y c\u00e1mara de vigilancia al punto limpio del Camino de La Toconera.<\/p>\n<p style=\"text-align: justify;\">Al mismo tiempo se ha dado continuidad a la alineaci\u00f3n de farolas en la prolongaci\u00f3n de la Avenida de Las Jornetas (entre Avenida de la Libertad y Calle La Toconera) con la instalaci\u00f3n de 4 nuevas farolas.<\/p>\n<p>&nbsp;<\/p>\n<p style=\"text-align: justify;\"><em><strong>PROYECTO 3 : Avenida San Jaime.<\/strong><\/em><\/p>\n<p style=\"text-align: justify;\">Se ha desplegado fibra \u00f3ptica para las c\u00e1maras instaladas en la zona, y se ha dotado de esta tecnolog\u00eda a la Plaza de Toros.<\/p>\n<p>&nbsp;<\/p>\n<p style=\"text-align: justify;\"><strong><em>PROYECTO 4: Camino de Villena.<\/em><\/strong><\/p>\n<p style=\"text-align: justify;\">La Ciudad Deportiva tiene uno de sus accesos en dicha v\u00eda, muy transitada por usuarios y caudetanos tanto a pie como en coche, y no teniendo iluminaci\u00f3n este tramo, pr\u00f3ximo a su intersecci\u00f3n con el paseo peatonal del Camino de La Virgen, se ha considerado de inter\u00e9s proyectar acciones en la zona, para lo que se ha realizado la instalaci\u00f3n necesaria para colocar 4 nuevas farolas en el inicio del camino, dando as\u00ed tambi\u00e9n respuesta a la petici\u00f3n de lo vecinos de dicha zona.<\/p>\n<p style=\"text-align: justify;\"><em><strong>PROYECTO 5 : Calle Castilla la Mancha. <\/strong><\/em><\/p>\n<p style=\"text-align: justify;\">Hist\u00f3rica reivindicaci\u00f3n de los vecinos de esta calle para dotar de iluminaci\u00f3n a la misma, el Consistorio est\u00e1 ejecutando en estos momentos zanjas, instalaci\u00f3n de tubos, registros y peanas para instalar en ella un total de\u00a014 farolas. Se ha aprovechado el trabajo para prever futuras canalizaciones.<\/p>\n<p style=\"text-align: justify;\"><img decoding=\"async\" class=\"size-medium wp-image-19176 aligncenter\" src=\"https:\/\/www.caudete.org\/ayuntamiento\/wp-content\/uploads\/2022\/05\/WhatsApp-Image-2022-05-25-at-9.13.09-PM-300x225.jpeg\" alt=\"\" width=\"300\" height=\"225\" srcset=\"https:\/\/www.caudete.org\/ayuntamiento\/wp-content\/uploads\/2022\/05\/WhatsApp-Image-2022-05-25-at-9.13.09-PM-300x225.jpeg 300w, https:\/\/www.caudete.org\/ayuntamiento\/wp-content\/uploads\/2022\/05\/WhatsApp-Image-2022-05-25-at-9.13.09-PM-1024x768.jpeg 1024w, https:\/\/www.caudete.org\/ayuntamiento\/wp-content\/uploads\/2022\/05\/WhatsApp-Image-2022-05-25-at-9.13.09-PM-768x576.jpeg 768w, https:\/\/www.caudete.org\/ayuntamiento\/wp-content\/uploads\/2022\/05\/WhatsApp-Image-2022-05-25-at-9.13.09-PM.jpeg 1320w\" sizes=\"(max-width: 300px) 100vw, 300px\" \/><\/p>\n<p style=\"text-align: justify;\">La mayor\u00eda de estos proyectos descritos son ejecutados por la Brigada de Obras pero tambi\u00e9n tenemos otros que se adjudican a empresas para su materializaci\u00f3n, por ejemplo:<\/p>\n<p>&nbsp;<\/p>\n<p style=\"text-align: justify;\"><strong>PROYECTO 1: Ampliaci\u00f3n del alumbrado con 4 nuevas luminarias en la Traves\u00eda de la Rambla<\/strong>. Muchas de las viviendas de la Calle El Moto tienen sus cocheras, patios o postigos a esta Traves\u00eda. Los vecinos lo han solicitado en numerosas ocasiones, y en breve se va a ampliar el alumbrado en esta zona.<\/p>\n","protected":false},"excerpt":{"rendered":"<p>Desde la Concejal\u00eda de Servicios con su Concejal al frente Joaqu\u00edn Pag\u00e1n, queremos informar sobre los proyectos y mejoras en curso que sobre el alumbrado p\u00fablico estamos llevando a cabo. Tal y como explicaba en tv el propio Concejal algunos proyectos est\u00e1n finalizados y otros en ejecuci\u00f3n, lo que demuestra &#8220;nuestra decidida apuesta por mejorar &hellip;<\/p>\n","protected":false},"author":3,"featured_media":19177,"comment_status":"closed","ping_status":"open","sticky":false,"template":"","format":"standard","meta":{"ngg_post_thumbnail":0,"footnotes":""},"categories":[270],"tags":[],"class_list":["post-19166","post","type-post","status-publish","format-standard","has-post-thumbnail","hentry","category-servicios"],"yoast_head":"<!-- This site is optimized with the Yoast SEO plugin v27.5 - https:\/\/yoast.com\/product\/yoast-seo-wordpress\/ -->\n<title>Nuevas luminarias para calles sin este servicio o mejorar el existente en otras - MI Ayuntamiento de Caudete<\/title>\n<meta name=\"description\" content=\"P\u00e1gina Oficial del Ayuntamiento de Caudete (Albacete)\" \/>\n<meta name=\"robots\" content=\"index, follow, max-snippet:-1, max-image-preview:large, max-video-preview:-1\" \/>\n<link rel=\"canonical\" href=\"https:\/\/www.caudete.org\/ayuntamiento\/19166-2\/\" \/>\n<meta property=\"og:locale\" content=\"es_ES\" \/>\n<meta property=\"og:type\" content=\"article\" \/>\n<meta property=\"og:title\" content=\"Nuevas luminarias para calles sin este servicio o mejorar el existente en otras - MI Ayuntamiento de Caudete\" \/>\n<meta property=\"og:description\" content=\"P\u00e1gina Oficial del Ayuntamiento de Caudete (Albacete)\" \/>\n<meta property=\"og:url\" content=\"https:\/\/www.caudete.org\/ayuntamiento\/19166-2\/\" \/>\n<meta property=\"og:site_name\" content=\"MI Ayuntamiento de Caudete\" \/>\n<meta property=\"article:publisher\" content=\"https:\/\/www.facebook.com\/ayuntamientocaudete\/\" \/>\n<meta property=\"article:published_time\" content=\"2022-05-26T07:00:44+00:00\" \/>\n<meta property=\"article:modified_time\" content=\"2022-05-26T10:24:03+00:00\" \/>\n<meta property=\"og:image\" content=\"https:\/\/www.caudete.org\/ayuntamiento\/wp-content\/uploads\/2022\/05\/WhatsApp-Image-2022-05-25-at-9.12.47-PM.jpeg\" \/>\n\t<meta property=\"og:image:width\" content=\"1320\" \/>\n\t<meta property=\"og:image:height\" content=\"990\" \/>\n\t<meta property=\"og:image:type\" content=\"image\/jpeg\" \/>\n<meta name=\"author\" content=\"alcalde\" \/>\n<meta name=\"twitter:card\" content=\"summary_large_image\" \/>\n<meta name=\"twitter:label1\" content=\"Escrito por\" \/>\n\t<meta name=\"twitter:data1\" content=\"alcalde\" \/>\n\t<meta name=\"twitter:label2\" content=\"Tiempo de lectura\" \/>\n\t<meta name=\"twitter:data2\" content=\"4 minutos\" \/>\n<script type=\"application\/ld+json\" class=\"yoast-schema-graph\">{\"@context\":\"https:\\\/\\\/schema.org\",\"@graph\":[{\"@type\":\"Article\",\"@id\":\"https:\\\/\\\/www.caudete.org\\\/ayuntamiento\\\/19166-2\\\/#article\",\"isPartOf\":{\"@id\":\"https:\\\/\\\/www.caudete.org\\\/ayuntamiento\\\/19166-2\\\/\"},\"author\":{\"name\":\"alcalde\",\"@id\":\"https:\\\/\\\/www.caudete.org\\\/ayuntamiento\\\/#\\\/schema\\\/person\\\/cc646da9133078ee4d8dd47457947253\"},\"headline\":\"Nuevas luminarias para calles sin este servicio o mejorar el existente en otras\",\"datePublished\":\"2022-05-26T07:00:44+00:00\",\"dateModified\":\"2022-05-26T10:24:03+00:00\",\"mainEntityOfPage\":{\"@id\":\"https:\\\/\\\/www.caudete.org\\\/ayuntamiento\\\/19166-2\\\/\"},\"wordCount\":671,\"publisher\":{\"@id\":\"https:\\\/\\\/www.caudete.org\\\/ayuntamiento\\\/#organization\"},\"image\":{\"@id\":\"https:\\\/\\\/www.caudete.org\\\/ayuntamiento\\\/19166-2\\\/#primaryimage\"},\"thumbnailUrl\":\"https:\\\/\\\/www.caudete.org\\\/ayuntamiento\\\/wp-content\\\/uploads\\\/2022\\\/05\\\/WhatsApp-Image-2022-05-25-at-9.12.47-PM.jpeg\",\"articleSection\":[\"Servicios\"],\"inLanguage\":\"es\"},{\"@type\":\"WebPage\",\"@id\":\"https:\\\/\\\/www.caudete.org\\\/ayuntamiento\\\/19166-2\\\/\",\"url\":\"https:\\\/\\\/www.caudete.org\\\/ayuntamiento\\\/19166-2\\\/\",\"name\":\"Nuevas luminarias para calles sin este servicio o mejorar el existente en otras - MI Ayuntamiento de Caudete\",\"isPartOf\":{\"@id\":\"https:\\\/\\\/www.caudete.org\\\/ayuntamiento\\\/#website\"},\"primaryImageOfPage\":{\"@id\":\"https:\\\/\\\/www.caudete.org\\\/ayuntamiento\\\/19166-2\\\/#primaryimage\"},\"image\":{\"@id\":\"https:\\\/\\\/www.caudete.org\\\/ayuntamiento\\\/19166-2\\\/#primaryimage\"},\"thumbnailUrl\":\"https:\\\/\\\/www.caudete.org\\\/ayuntamiento\\\/wp-content\\\/uploads\\\/2022\\\/05\\\/WhatsApp-Image-2022-05-25-at-9.12.47-PM.jpeg\",\"datePublished\":\"2022-05-26T07:00:44+00:00\",\"dateModified\":\"2022-05-26T10:24:03+00:00\",\"description\":\"P\u00e1gina Oficial del Ayuntamiento de Caudete (Albacete)\",\"breadcrumb\":{\"@id\":\"https:\\\/\\\/www.caudete.org\\\/ayuntamiento\\\/19166-2\\\/#breadcrumb\"},\"inLanguage\":\"es\",\"potentialAction\":[{\"@type\":\"ReadAction\",\"target\":[\"https:\\\/\\\/www.caudete.org\\\/ayuntamiento\\\/19166-2\\\/\"]}]},{\"@type\":\"ImageObject\",\"inLanguage\":\"es\",\"@id\":\"https:\\\/\\\/www.caudete.org\\\/ayuntamiento\\\/19166-2\\\/#primaryimage\",\"url\":\"https:\\\/\\\/www.caudete.org\\\/ayuntamiento\\\/wp-content\\\/uploads\\\/2022\\\/05\\\/WhatsApp-Image-2022-05-25-at-9.12.47-PM.jpeg\",\"contentUrl\":\"https:\\\/\\\/www.caudete.org\\\/ayuntamiento\\\/wp-content\\\/uploads\\\/2022\\\/05\\\/WhatsApp-Image-2022-05-25-at-9.12.47-PM.jpeg\",\"width\":1320,\"height\":990},{\"@type\":\"BreadcrumbList\",\"@id\":\"https:\\\/\\\/www.caudete.org\\\/ayuntamiento\\\/19166-2\\\/#breadcrumb\",\"itemListElement\":[{\"@type\":\"ListItem\",\"position\":1,\"name\":\"Inicio\",\"item\":\"https:\\\/\\\/www.caudete.org\\\/ayuntamiento\\\/\"},{\"@type\":\"ListItem\",\"position\":2,\"name\":\"Nuevas luminarias para calles sin este servicio o mejorar el existente en otras\"}]},{\"@type\":\"WebSite\",\"@id\":\"https:\\\/\\\/www.caudete.org\\\/ayuntamiento\\\/#website\",\"url\":\"https:\\\/\\\/www.caudete.org\\\/ayuntamiento\\\/\",\"name\":\"MI Ayuntamiento de Caudete\",\"description\":\"P\u00e1gina Oficial del MI Ayuntamiento de Caudete\",\"publisher\":{\"@id\":\"https:\\\/\\\/www.caudete.org\\\/ayuntamiento\\\/#organization\"},\"potentialAction\":[{\"@type\":\"SearchAction\",\"target\":{\"@type\":\"EntryPoint\",\"urlTemplate\":\"https:\\\/\\\/www.caudete.org\\\/ayuntamiento\\\/?s={search_term_string}\"},\"query-input\":{\"@type\":\"PropertyValueSpecification\",\"valueRequired\":true,\"valueName\":\"search_term_string\"}}],\"inLanguage\":\"es\"},{\"@type\":\"Organization\",\"@id\":\"https:\\\/\\\/www.caudete.org\\\/ayuntamiento\\\/#organization\",\"name\":\"Ayuntamiento de Caudete\",\"url\":\"https:\\\/\\\/www.caudete.org\\\/ayuntamiento\\\/\",\"logo\":{\"@type\":\"ImageObject\",\"inLanguage\":\"es\",\"@id\":\"https:\\\/\\\/www.caudete.org\\\/ayuntamiento\\\/#\\\/schema\\\/logo\\\/image\\\/\",\"url\":\"https:\\\/\\\/www.caudete.org\\\/ayuntamiento\\\/wp-content\\\/uploads\\\/2020\\\/11\\\/logo_ayuntamiento_caudete.jpg\",\"contentUrl\":\"https:\\\/\\\/www.caudete.org\\\/ayuntamiento\\\/wp-content\\\/uploads\\\/2020\\\/11\\\/logo_ayuntamiento_caudete.jpg\",\"width\":600,\"height\":150,\"caption\":\"Ayuntamiento de Caudete\"},\"image\":{\"@id\":\"https:\\\/\\\/www.caudete.org\\\/ayuntamiento\\\/#\\\/schema\\\/logo\\\/image\\\/\"},\"sameAs\":[\"https:\\\/\\\/www.facebook.com\\\/ayuntamientocaudete\\\/\",\"https:\\\/\\\/www.youtube.com\\\/channel\\\/UC6VztHaooNsGpw-tNoBEFnQ\"]},{\"@type\":\"Person\",\"@id\":\"https:\\\/\\\/www.caudete.org\\\/ayuntamiento\\\/#\\\/schema\\\/person\\\/cc646da9133078ee4d8dd47457947253\",\"name\":\"alcalde\",\"image\":{\"@type\":\"ImageObject\",\"inLanguage\":\"es\",\"@id\":\"https:\\\/\\\/secure.gravatar.com\\\/avatar\\\/84a817ba065b29ff08d666b215a215f5c79186a645ccb25b14a663d48a130f77?s=96&d=mm&r=g\",\"url\":\"https:\\\/\\\/secure.gravatar.com\\\/avatar\\\/84a817ba065b29ff08d666b215a215f5c79186a645ccb25b14a663d48a130f77?s=96&d=mm&r=g\",\"contentUrl\":\"https:\\\/\\\/secure.gravatar.com\\\/avatar\\\/84a817ba065b29ff08d666b215a215f5c79186a645ccb25b14a663d48a130f77?s=96&d=mm&r=g\",\"caption\":\"alcalde\"},\"url\":\"https:\\\/\\\/www.caudete.org\\\/ayuntamiento\\\/author\\\/alcalde\\\/\"}]}<\/script>\n<!-- \/ Yoast SEO plugin. -->","yoast_head_json":{"title":"Nuevas luminarias para calles sin este servicio o mejorar el existente en otras - MI Ayuntamiento de Caudete","description":"P\u00e1gina Oficial del Ayuntamiento de Caudete (Albacete)","robots":{"index":"index","follow":"follow","max-snippet":"max-snippet:-1","max-image-preview":"max-image-preview:large","max-video-preview":"max-video-preview:-1"},"canonical":"https:\/\/www.caudete.org\/ayuntamiento\/19166-2\/","og_locale":"es_ES","og_type":"article","og_title":"Nuevas luminarias para calles sin este servicio o mejorar el existente en otras - MI Ayuntamiento de Caudete","og_description":"P\u00e1gina Oficial del Ayuntamiento de Caudete (Albacete)","og_url":"https:\/\/www.caudete.org\/ayuntamiento\/19166-2\/","og_site_name":"MI Ayuntamiento de Caudete","article_publisher":"https:\/\/www.facebook.com\/ayuntamientocaudete\/","article_published_time":"2022-05-26T07:00:44+00:00","article_modified_time":"2022-05-26T10:24:03+00:00","og_image":[{"width":1320,"height":990,"url":"https:\/\/www.caudete.org\/ayuntamiento\/wp-content\/uploads\/2022\/05\/WhatsApp-Image-2022-05-25-at-9.12.47-PM.jpeg","type":"image\/jpeg"}],"author":"alcalde","twitter_card":"summary_large_image","twitter_misc":{"Escrito por":"alcalde","Tiempo de lectura":"4 minutos"},"schema":{"@context":"https:\/\/schema.org","@graph":[{"@type":"Article","@id":"https:\/\/www.caudete.org\/ayuntamiento\/19166-2\/#article","isPartOf":{"@id":"https:\/\/www.caudete.org\/ayuntamiento\/19166-2\/"},"author":{"name":"alcalde","@id":"https:\/\/www.caudete.org\/ayuntamiento\/#\/schema\/person\/cc646da9133078ee4d8dd47457947253"},"headline":"Nuevas luminarias para calles sin este servicio o mejorar el existente en otras","datePublished":"2022-05-26T07:00:44+00:00","dateModified":"2022-05-26T10:24:03+00:00","mainEntityOfPage":{"@id":"https:\/\/www.caudete.org\/ayuntamiento\/19166-2\/"},"wordCount":671,"publisher":{"@id":"https:\/\/www.caudete.org\/ayuntamiento\/#organization"},"image":{"@id":"https:\/\/www.caudete.org\/ayuntamiento\/19166-2\/#primaryimage"},"thumbnailUrl":"https:\/\/www.caudete.org\/ayuntamiento\/wp-content\/uploads\/2022\/05\/WhatsApp-Image-2022-05-25-at-9.12.47-PM.jpeg","articleSection":["Servicios"],"inLanguage":"es"},{"@type":"WebPage","@id":"https:\/\/www.caudete.org\/ayuntamiento\/19166-2\/","url":"https:\/\/www.caudete.org\/ayuntamiento\/19166-2\/","name":"Nuevas luminarias para calles sin este servicio o mejorar el existente en otras - MI Ayuntamiento de Caudete","isPartOf":{"@id":"https:\/\/www.caudete.org\/ayuntamiento\/#website"},"primaryImageOfPage":{"@id":"https:\/\/www.caudete.org\/ayuntamiento\/19166-2\/#primaryimage"},"image":{"@id":"https:\/\/www.caudete.org\/ayuntamiento\/19166-2\/#primaryimage"},"thumbnailUrl":"https:\/\/www.caudete.org\/ayuntamiento\/wp-content\/uploads\/2022\/05\/WhatsApp-Image-2022-05-25-at-9.12.47-PM.jpeg","datePublished":"2022-05-26T07:00:44+00:00","dateModified":"2022-05-26T10:24:03+00:00","description":"P\u00e1gina Oficial del Ayuntamiento de Caudete (Albacete)","breadcrumb":{"@id":"https:\/\/www.caudete.org\/ayuntamiento\/19166-2\/#breadcrumb"},"inLanguage":"es","potentialAction":[{"@type":"ReadAction","target":["https:\/\/www.caudete.org\/ayuntamiento\/19166-2\/"]}]},{"@type":"ImageObject","inLanguage":"es","@id":"https:\/\/www.caudete.org\/ayuntamiento\/19166-2\/#primaryimage","url":"https:\/\/www.caudete.org\/ayuntamiento\/wp-content\/uploads\/2022\/05\/WhatsApp-Image-2022-05-25-at-9.12.47-PM.jpeg","contentUrl":"https:\/\/www.caudete.org\/ayuntamiento\/wp-content\/uploads\/2022\/05\/WhatsApp-Image-2022-05-25-at-9.12.47-PM.jpeg","width":1320,"height":990},{"@type":"BreadcrumbList","@id":"https:\/\/www.caudete.org\/ayuntamiento\/19166-2\/#breadcrumb","itemListElement":[{"@type":"ListItem","position":1,"name":"Inicio","item":"https:\/\/www.caudete.org\/ayuntamiento\/"},{"@type":"ListItem","position":2,"name":"Nuevas luminarias para calles sin este servicio o mejorar el existente en otras"}]},{"@type":"WebSite","@id":"https:\/\/www.caudete.org\/ayuntamiento\/#website","url":"https:\/\/www.caudete.org\/ayuntamiento\/","name":"MI Ayuntamiento de Caudete","description":"P\u00e1gina Oficial del MI Ayuntamiento de Caudete","publisher":{"@id":"https:\/\/www.caudete.org\/ayuntamiento\/#organization"},"potentialAction":[{"@type":"SearchAction","target":{"@type":"EntryPoint","urlTemplate":"https:\/\/www.caudete.org\/ayuntamiento\/?s={search_term_string}"},"query-input":{"@type":"PropertyValueSpecification","valueRequired":true,"valueName":"search_term_string"}}],"inLanguage":"es"},{"@type":"Organization","@id":"https:\/\/www.caudete.org\/ayuntamiento\/#organization","name":"Ayuntamiento de Caudete","url":"https:\/\/www.caudete.org\/ayuntamiento\/","logo":{"@type":"ImageObject","inLanguage":"es","@id":"https:\/\/www.caudete.org\/ayuntamiento\/#\/schema\/logo\/image\/","url":"https:\/\/www.caudete.org\/ayuntamiento\/wp-content\/uploads\/2020\/11\/logo_ayuntamiento_caudete.jpg","contentUrl":"https:\/\/www.caudete.org\/ayuntamiento\/wp-content\/uploads\/2020\/11\/logo_ayuntamiento_caudete.jpg","width":600,"height":150,"caption":"Ayuntamiento de Caudete"},"image":{"@id":"https:\/\/www.caudete.org\/ayuntamiento\/#\/schema\/logo\/image\/"},"sameAs":["https:\/\/www.facebook.com\/ayuntamientocaudete\/","https:\/\/www.youtube.com\/channel\/UC6VztHaooNsGpw-tNoBEFnQ"]},{"@type":"Person","@id":"https:\/\/www.caudete.org\/ayuntamiento\/#\/schema\/person\/cc646da9133078ee4d8dd47457947253","name":"alcalde","image":{"@type":"ImageObject","inLanguage":"es","@id":"https:\/\/secure.gravatar.com\/avatar\/84a817ba065b29ff08d666b215a215f5c79186a645ccb25b14a663d48a130f77?s=96&d=mm&r=g","url":"https:\/\/secure.gravatar.com\/avatar\/84a817ba065b29ff08d666b215a215f5c79186a645ccb25b14a663d48a130f77?s=96&d=mm&r=g","contentUrl":"https:\/\/secure.gravatar.com\/avatar\/84a817ba065b29ff08d666b215a215f5c79186a645ccb25b14a663d48a130f77?s=96&d=mm&r=g","caption":"alcalde"},"url":"https:\/\/www.caudete.org\/ayuntamiento\/author\/alcalde\/"}]}},"_links":{"self":[{"href":"https:\/\/www.caudete.org\/ayuntamiento\/wp-json\/wp\/v2\/posts\/19166","targetHints":{"allow":["GET"]}}],"collection":[{"href":"https:\/\/www.caudete.org\/ayuntamiento\/wp-json\/wp\/v2\/posts"}],"about":[{"href":"https:\/\/www.caudete.org\/ayuntamiento\/wp-json\/wp\/v2\/types\/post"}],"author":[{"embeddable":true,"href":"https:\/\/www.caudete.org\/ayuntamiento\/wp-json\/wp\/v2\/users\/3"}],"replies":[{"embeddable":true,"href":"https:\/\/www.caudete.org\/ayuntamiento\/wp-json\/wp\/v2\/comments?post=19166"}],"version-history":[{"count":4,"href":"https:\/\/www.caudete.org\/ayuntamiento\/wp-json\/wp\/v2\/posts\/19166\/revisions"}],"predecessor-version":[{"id":19179,"href":"https:\/\/www.caudete.org\/ayuntamiento\/wp-json\/wp\/v2\/posts\/19166\/revisions\/19179"}],"wp:featuredmedia":[{"embeddable":true,"href":"https:\/\/www.caudete.org\/ayuntamiento\/wp-json\/wp\/v2\/media\/19177"}],"wp:attachment":[{"href":"https:\/\/www.caudete.org\/ayuntamiento\/wp-json\/wp\/v2\/media?parent=19166"}],"wp:term":[{"taxonomy":"category","embeddable":true,"href":"https:\/\/www.caudete.org\/ayuntamiento\/wp-json\/wp\/v2\/categories?post=19166"},{"taxonomy":"post_tag","embeddable":true,"href":"https:\/\/www.caudete.org\/ayuntamiento\/wp-json\/wp\/v2\/tags?post=19166"}],"curies":[{"name":"wp","href":"https:\/\/api.w.org\/{rel}","templated":true}]}}