{"id":19215,"date":"2022-05-30T12:31:08","date_gmt":"2022-05-30T10:31:08","guid":{"rendered":"https:\/\/www.caudete.org\/ayuntamiento\/?p=19215"},"modified":"2022-05-30T12:31:08","modified_gmt":"2022-05-30T10:31:08","slug":"3-nuevos-agentes-de-policia-se-han-incorporado-hoy-aumentado-la-plantilla-a-15-efectivos","status":"publish","type":"post","link":"https:\/\/www.caudete.org\/ayuntamiento\/3-nuevos-agentes-de-policia-se-han-incorporado-hoy-aumentado-la-plantilla-a-15-efectivos\/","title":{"rendered":"3 nuevos AGENTES DE POLIC\u00cdA se han incorporado hoy, aumentado la plantilla a 15 efectivos"},"content":{"rendered":"<p style=\"text-align: justify;\">El proceso selectivo impulsado por el Gobierno Municipal para ampliar la plantilla de la Polic\u00eda Local finaliz\u00f3 con 3 nuevos agentes que durante algo m\u00e1s de 4 meses han realizado su formaci\u00f3n en la Escuela de Protecci\u00f3n Ciudadana de Toledo.<\/p>\n<p style=\"text-align: justify;\">Hoy los 3 nuevos agentes, dos chicos y una chica, se han incorporado en pr\u00e1cticas a la plantilla, donde estar\u00e1n durante 3 meses hasta tomar posesi\u00f3n como Funcionarios de Carrera. No obstante, ya forman parte del cuadrante del cuerpo policial, prestando servicio en cualquiera de los 3 turnos junto al resto de sus compa\u00f1eros.<\/p>\n<p><img fetchpriority=\"high\" decoding=\"async\" class=\"size-medium wp-image-17928 aligncenter\" src=\"https:\/\/www.caudete.org\/ayuntamiento\/wp-content\/uploads\/2022\/01\/moises_policia_1-300x200.jpg\" alt=\"\" width=\"300\" height=\"200\" srcset=\"https:\/\/www.caudete.org\/ayuntamiento\/wp-content\/uploads\/2022\/01\/moises_policia_1-300x200.jpg 300w, https:\/\/www.caudete.org\/ayuntamiento\/wp-content\/uploads\/2022\/01\/moises_policia_1-1024x683.jpg 1024w, https:\/\/www.caudete.org\/ayuntamiento\/wp-content\/uploads\/2022\/01\/moises_policia_1-768x512.jpg 768w, https:\/\/www.caudete.org\/ayuntamiento\/wp-content\/uploads\/2022\/01\/moises_policia_1.jpg 1200w\" sizes=\"(max-width: 300px) 100vw, 300px\" \/><\/p>\n<p style=\"text-align: justify;\">Tal y como expresaba la Concejal de Interior y Recursos Humanos, M\u00aadel Mar Requena, hoy es un d\u00eda de alegr\u00eda y de satisfacci\u00f3n por el trabajo realizado, en aras a mejorar la seguridad ciudadana y los recursos humanos de la plantilla de la Polic\u00eda Local. Trabajo en el que han estado implicados adem\u00e1s del Gobierno Municipal, diferentes departamentos municipales, la propia Jefatura de la Polic\u00eda Local e incluso los representantes de los trabajadores.<\/p>\n<p style=\"text-align: justify;\">A\u00f1ad\u00eda que adem\u00e1s hoy se cumplen dos cosas: la primera, &#8220;<em>se materializa el compromiso con los caudetanos de ampliar continuadamente la plantilla<\/em>&#8220;, y la segunda, que &#8220;<em>por primera vez en la historia de nuestro pueblo, Caudete tiene la plantilla m\u00e1s numerosa de la Polic\u00eda Local, con 15 efectivos&#8221;<\/em>, lo que demuestra el inter\u00e9s del Gobierno Municipal en redoblar esfuerzos para el mejor servicio a sus ciudadanos, y al servicio que este cuerpo presta.<\/p>\n<p style=\"text-align: justify;\">Igualmente, recordaba que para el ultimo trimestre del a\u00f1o se volver\u00e1n a convocar nuevas plazas de agentes de la Polic\u00eda Local, con el fin de al menos, llegar al objetivo de dotar a la misma con 17 efectivos, adem\u00e1s de determinadas mejoras en los medios y equipos disponibles para ellos.<\/p>\n","protected":false},"excerpt":{"rendered":"<p>El proceso selectivo impulsado por el Gobierno Municipal para ampliar la plantilla de la Polic\u00eda Local finaliz\u00f3 con 3 nuevos agentes que durante algo m\u00e1s de 4 meses han realizado su formaci\u00f3n en la Escuela de Protecci\u00f3n Ciudadana de Toledo. Hoy los 3 nuevos agentes, dos chicos y una chica, se han incorporado en pr\u00e1cticas &hellip;<\/p>\n","protected":false},"author":3,"featured_media":19218,"comment_status":"closed","ping_status":"open","sticky":false,"template":"","format":"standard","meta":{"ngg_post_thumbnail":0,"footnotes":""},"categories":[34],"tags":[],"class_list":["post-19215","post","type-post","status-publish","format-standard","has-post-thumbnail","hentry","category-interior"],"yoast_head":"<!-- This site is optimized with the Yoast SEO plugin v27.5 - https:\/\/yoast.com\/product\/yoast-seo-wordpress\/ -->\n<title>3 nuevos AGENTES DE POLIC\u00cdA se han incorporado hoy, aumentado la plantilla a 15 efectivos - MI Ayuntamiento de Caudete<\/title>\n<meta name=\"description\" content=\"P\u00e1gina Oficial del Ayuntamiento de Caudete (Albacete)\" \/>\n<meta name=\"robots\" content=\"index, follow, max-snippet:-1, max-image-preview:large, max-video-preview:-1\" \/>\n<link rel=\"canonical\" href=\"https:\/\/www.caudete.org\/ayuntamiento\/3-nuevos-agentes-de-policia-se-han-incorporado-hoy-aumentado-la-plantilla-a-15-efectivos\/\" \/>\n<meta property=\"og:locale\" content=\"es_ES\" \/>\n<meta property=\"og:type\" content=\"article\" \/>\n<meta property=\"og:title\" content=\"3 nuevos AGENTES DE POLIC\u00cdA se han incorporado hoy, aumentado la plantilla a 15 efectivos - MI Ayuntamiento de Caudete\" \/>\n<meta property=\"og:description\" content=\"P\u00e1gina Oficial del Ayuntamiento de Caudete (Albacete)\" \/>\n<meta property=\"og:url\" content=\"https:\/\/www.caudete.org\/ayuntamiento\/3-nuevos-agentes-de-policia-se-han-incorporado-hoy-aumentado-la-plantilla-a-15-efectivos\/\" \/>\n<meta property=\"og:site_name\" content=\"MI Ayuntamiento de Caudete\" \/>\n<meta property=\"article:publisher\" content=\"https:\/\/www.facebook.com\/ayuntamientocaudete\/\" \/>\n<meta property=\"article:published_time\" content=\"2022-05-30T10:31:08+00:00\" \/>\n<meta property=\"og:image\" content=\"https:\/\/www.caudete.org\/ayuntamiento\/wp-content\/uploads\/2022\/05\/pooli_local_plaza.jpg\" \/>\n\t<meta property=\"og:image:width\" content=\"1199\" \/>\n\t<meta property=\"og:image:height\" content=\"676\" \/>\n\t<meta property=\"og:image:type\" content=\"image\/jpeg\" \/>\n<meta name=\"author\" content=\"alcalde\" \/>\n<meta name=\"twitter:card\" content=\"summary_large_image\" \/>\n<meta name=\"twitter:label1\" content=\"Escrito por\" \/>\n\t<meta name=\"twitter:data1\" content=\"alcalde\" \/>\n\t<meta name=\"twitter:label2\" content=\"Tiempo de lectura\" \/>\n\t<meta name=\"twitter:data2\" content=\"2 minutos\" \/>\n<script type=\"application\/ld+json\" class=\"yoast-schema-graph\">{\"@context\":\"https:\\\/\\\/schema.org\",\"@graph\":[{\"@type\":\"Article\",\"@id\":\"https:\\\/\\\/www.caudete.org\\\/ayuntamiento\\\/3-nuevos-agentes-de-policia-se-han-incorporado-hoy-aumentado-la-plantilla-a-15-efectivos\\\/#article\",\"isPartOf\":{\"@id\":\"https:\\\/\\\/www.caudete.org\\\/ayuntamiento\\\/3-nuevos-agentes-de-policia-se-han-incorporado-hoy-aumentado-la-plantilla-a-15-efectivos\\\/\"},\"author\":{\"name\":\"alcalde\",\"@id\":\"https:\\\/\\\/www.caudete.org\\\/ayuntamiento\\\/#\\\/schema\\\/person\\\/cc646da9133078ee4d8dd47457947253\"},\"headline\":\"3 nuevos AGENTES DE POLIC\u00cdA se han incorporado hoy, aumentado la plantilla a 15 efectivos\",\"datePublished\":\"2022-05-30T10:31:08+00:00\",\"mainEntityOfPage\":{\"@id\":\"https:\\\/\\\/www.caudete.org\\\/ayuntamiento\\\/3-nuevos-agentes-de-policia-se-han-incorporado-hoy-aumentado-la-plantilla-a-15-efectivos\\\/\"},\"wordCount\":322,\"image\":{\"@id\":\"https:\\\/\\\/www.caudete.org\\\/ayuntamiento\\\/3-nuevos-agentes-de-policia-se-han-incorporado-hoy-aumentado-la-plantilla-a-15-efectivos\\\/#primaryimage\"},\"thumbnailUrl\":\"https:\\\/\\\/www.caudete.org\\\/ayuntamiento\\\/wp-content\\\/uploads\\\/2022\\\/05\\\/pooli_local_plaza.jpg\",\"articleSection\":[\"Interior\"],\"inLanguage\":\"es\"},{\"@type\":\"WebPage\",\"@id\":\"https:\\\/\\\/www.caudete.org\\\/ayuntamiento\\\/3-nuevos-agentes-de-policia-se-han-incorporado-hoy-aumentado-la-plantilla-a-15-efectivos\\\/\",\"url\":\"https:\\\/\\\/www.caudete.org\\\/ayuntamiento\\\/3-nuevos-agentes-de-policia-se-han-incorporado-hoy-aumentado-la-plantilla-a-15-efectivos\\\/\",\"name\":\"3 nuevos AGENTES DE POLIC\u00cdA se han incorporado hoy, aumentado la plantilla a 15 efectivos - MI Ayuntamiento de Caudete\",\"isPartOf\":{\"@id\":\"https:\\\/\\\/www.caudete.org\\\/ayuntamiento\\\/#website\"},\"primaryImageOfPage\":{\"@id\":\"https:\\\/\\\/www.caudete.org\\\/ayuntamiento\\\/3-nuevos-agentes-de-policia-se-han-incorporado-hoy-aumentado-la-plantilla-a-15-efectivos\\\/#primaryimage\"},\"image\":{\"@id\":\"https:\\\/\\\/www.caudete.org\\\/ayuntamiento\\\/3-nuevos-agentes-de-policia-se-han-incorporado-hoy-aumentado-la-plantilla-a-15-efectivos\\\/#primaryimage\"},\"thumbnailUrl\":\"https:\\\/\\\/www.caudete.org\\\/ayuntamiento\\\/wp-content\\\/uploads\\\/2022\\\/05\\\/pooli_local_plaza.jpg\",\"datePublished\":\"2022-05-30T10:31:08+00:00\",\"author\":{\"@id\":\"https:\\\/\\\/www.caudete.org\\\/ayuntamiento\\\/#\\\/schema\\\/person\\\/cc646da9133078ee4d8dd47457947253\"},\"description\":\"P\u00e1gina Oficial del Ayuntamiento de Caudete (Albacete)\",\"breadcrumb\":{\"@id\":\"https:\\\/\\\/www.caudete.org\\\/ayuntamiento\\\/3-nuevos-agentes-de-policia-se-han-incorporado-hoy-aumentado-la-plantilla-a-15-efectivos\\\/#breadcrumb\"},\"inLanguage\":\"es\",\"potentialAction\":[{\"@type\":\"ReadAction\",\"target\":[\"https:\\\/\\\/www.caudete.org\\\/ayuntamiento\\\/3-nuevos-agentes-de-policia-se-han-incorporado-hoy-aumentado-la-plantilla-a-15-efectivos\\\/\"]}]},{\"@type\":\"ImageObject\",\"inLanguage\":\"es\",\"@id\":\"https:\\\/\\\/www.caudete.org\\\/ayuntamiento\\\/3-nuevos-agentes-de-policia-se-han-incorporado-hoy-aumentado-la-plantilla-a-15-efectivos\\\/#primaryimage\",\"url\":\"https:\\\/\\\/www.caudete.org\\\/ayuntamiento\\\/wp-content\\\/uploads\\\/2022\\\/05\\\/pooli_local_plaza.jpg\",\"contentUrl\":\"https:\\\/\\\/www.caudete.org\\\/ayuntamiento\\\/wp-content\\\/uploads\\\/2022\\\/05\\\/pooli_local_plaza.jpg\",\"width\":1199,\"height\":676},{\"@type\":\"BreadcrumbList\",\"@id\":\"https:\\\/\\\/www.caudete.org\\\/ayuntamiento\\\/3-nuevos-agentes-de-policia-se-han-incorporado-hoy-aumentado-la-plantilla-a-15-efectivos\\\/#breadcrumb\",\"itemListElement\":[{\"@type\":\"ListItem\",\"position\":1,\"name\":\"Inicio\",\"item\":\"https:\\\/\\\/www.caudete.org\\\/ayuntamiento\\\/\"},{\"@type\":\"ListItem\",\"position\":2,\"name\":\"3 nuevos AGENTES DE POLIC\u00cdA se han incorporado hoy, aumentado la plantilla a 15 efectivos\"}]},{\"@type\":\"WebSite\",\"@id\":\"https:\\\/\\\/www.caudete.org\\\/ayuntamiento\\\/#website\",\"url\":\"https:\\\/\\\/www.caudete.org\\\/ayuntamiento\\\/\",\"name\":\"MI Ayuntamiento de Caudete\",\"description\":\"P\u00e1gina Oficial del MI Ayuntamiento de Caudete\",\"potentialAction\":[{\"@type\":\"SearchAction\",\"target\":{\"@type\":\"EntryPoint\",\"urlTemplate\":\"https:\\\/\\\/www.caudete.org\\\/ayuntamiento\\\/?s={search_term_string}\"},\"query-input\":{\"@type\":\"PropertyValueSpecification\",\"valueRequired\":true,\"valueName\":\"search_term_string\"}}],\"inLanguage\":\"es\"},{\"@type\":\"Person\",\"@id\":\"https:\\\/\\\/www.caudete.org\\\/ayuntamiento\\\/#\\\/schema\\\/person\\\/cc646da9133078ee4d8dd47457947253\",\"name\":\"alcalde\",\"image\":{\"@type\":\"ImageObject\",\"inLanguage\":\"es\",\"@id\":\"https:\\\/\\\/secure.gravatar.com\\\/avatar\\\/84a817ba065b29ff08d666b215a215f5c79186a645ccb25b14a663d48a130f77?s=96&d=mm&r=g\",\"url\":\"https:\\\/\\\/secure.gravatar.com\\\/avatar\\\/84a817ba065b29ff08d666b215a215f5c79186a645ccb25b14a663d48a130f77?s=96&d=mm&r=g\",\"contentUrl\":\"https:\\\/\\\/secure.gravatar.com\\\/avatar\\\/84a817ba065b29ff08d666b215a215f5c79186a645ccb25b14a663d48a130f77?s=96&d=mm&r=g\",\"caption\":\"alcalde\"},\"url\":\"https:\\\/\\\/www.caudete.org\\\/ayuntamiento\\\/author\\\/alcalde\\\/\"}]}<\/script>\n<!-- \/ Yoast SEO plugin. -->","yoast_head_json":{"title":"3 nuevos AGENTES DE POLIC\u00cdA se han incorporado hoy, aumentado la plantilla a 15 efectivos - MI Ayuntamiento de Caudete","description":"P\u00e1gina Oficial del Ayuntamiento de Caudete (Albacete)","robots":{"index":"index","follow":"follow","max-snippet":"max-snippet:-1","max-image-preview":"max-image-preview:large","max-video-preview":"max-video-preview:-1"},"canonical":"https:\/\/www.caudete.org\/ayuntamiento\/3-nuevos-agentes-de-policia-se-han-incorporado-hoy-aumentado-la-plantilla-a-15-efectivos\/","og_locale":"es_ES","og_type":"article","og_title":"3 nuevos AGENTES DE POLIC\u00cdA se han incorporado hoy, aumentado la plantilla a 15 efectivos - MI Ayuntamiento de Caudete","og_description":"P\u00e1gina Oficial del Ayuntamiento de Caudete (Albacete)","og_url":"https:\/\/www.caudete.org\/ayuntamiento\/3-nuevos-agentes-de-policia-se-han-incorporado-hoy-aumentado-la-plantilla-a-15-efectivos\/","og_site_name":"MI Ayuntamiento de Caudete","article_publisher":"https:\/\/www.facebook.com\/ayuntamientocaudete\/","article_published_time":"2022-05-30T10:31:08+00:00","og_image":[{"width":1199,"height":676,"url":"https:\/\/www.caudete.org\/ayuntamiento\/wp-content\/uploads\/2022\/05\/pooli_local_plaza.jpg","type":"image\/jpeg"}],"author":"alcalde","twitter_card":"summary_large_image","twitter_misc":{"Escrito por":"alcalde","Tiempo de lectura":"2 minutos"},"schema":{"@context":"https:\/\/schema.org","@graph":[{"@type":"Article","@id":"https:\/\/www.caudete.org\/ayuntamiento\/3-nuevos-agentes-de-policia-se-han-incorporado-hoy-aumentado-la-plantilla-a-15-efectivos\/#article","isPartOf":{"@id":"https:\/\/www.caudete.org\/ayuntamiento\/3-nuevos-agentes-de-policia-se-han-incorporado-hoy-aumentado-la-plantilla-a-15-efectivos\/"},"author":{"name":"alcalde","@id":"https:\/\/www.caudete.org\/ayuntamiento\/#\/schema\/person\/cc646da9133078ee4d8dd47457947253"},"headline":"3 nuevos AGENTES DE POLIC\u00cdA se han incorporado hoy, aumentado la plantilla a 15 efectivos","datePublished":"2022-05-30T10:31:08+00:00","mainEntityOfPage":{"@id":"https:\/\/www.caudete.org\/ayuntamiento\/3-nuevos-agentes-de-policia-se-han-incorporado-hoy-aumentado-la-plantilla-a-15-efectivos\/"},"wordCount":322,"image":{"@id":"https:\/\/www.caudete.org\/ayuntamiento\/3-nuevos-agentes-de-policia-se-han-incorporado-hoy-aumentado-la-plantilla-a-15-efectivos\/#primaryimage"},"thumbnailUrl":"https:\/\/www.caudete.org\/ayuntamiento\/wp-content\/uploads\/2022\/05\/pooli_local_plaza.jpg","articleSection":["Interior"],"inLanguage":"es"},{"@type":"WebPage","@id":"https:\/\/www.caudete.org\/ayuntamiento\/3-nuevos-agentes-de-policia-se-han-incorporado-hoy-aumentado-la-plantilla-a-15-efectivos\/","url":"https:\/\/www.caudete.org\/ayuntamiento\/3-nuevos-agentes-de-policia-se-han-incorporado-hoy-aumentado-la-plantilla-a-15-efectivos\/","name":"3 nuevos AGENTES DE POLIC\u00cdA se han incorporado hoy, aumentado la plantilla a 15 efectivos - MI Ayuntamiento de Caudete","isPartOf":{"@id":"https:\/\/www.caudete.org\/ayuntamiento\/#website"},"primaryImageOfPage":{"@id":"https:\/\/www.caudete.org\/ayuntamiento\/3-nuevos-agentes-de-policia-se-han-incorporado-hoy-aumentado-la-plantilla-a-15-efectivos\/#primaryimage"},"image":{"@id":"https:\/\/www.caudete.org\/ayuntamiento\/3-nuevos-agentes-de-policia-se-han-incorporado-hoy-aumentado-la-plantilla-a-15-efectivos\/#primaryimage"},"thumbnailUrl":"https:\/\/www.caudete.org\/ayuntamiento\/wp-content\/uploads\/2022\/05\/pooli_local_plaza.jpg","datePublished":"2022-05-30T10:31:08+00:00","author":{"@id":"https:\/\/www.caudete.org\/ayuntamiento\/#\/schema\/person\/cc646da9133078ee4d8dd47457947253"},"description":"P\u00e1gina Oficial del Ayuntamiento de Caudete (Albacete)","breadcrumb":{"@id":"https:\/\/www.caudete.org\/ayuntamiento\/3-nuevos-agentes-de-policia-se-han-incorporado-hoy-aumentado-la-plantilla-a-15-efectivos\/#breadcrumb"},"inLanguage":"es","potentialAction":[{"@type":"ReadAction","target":["https:\/\/www.caudete.org\/ayuntamiento\/3-nuevos-agentes-de-policia-se-han-incorporado-hoy-aumentado-la-plantilla-a-15-efectivos\/"]}]},{"@type":"ImageObject","inLanguage":"es","@id":"https:\/\/www.caudete.org\/ayuntamiento\/3-nuevos-agentes-de-policia-se-han-incorporado-hoy-aumentado-la-plantilla-a-15-efectivos\/#primaryimage","url":"https:\/\/www.caudete.org\/ayuntamiento\/wp-content\/uploads\/2022\/05\/pooli_local_plaza.jpg","contentUrl":"https:\/\/www.caudete.org\/ayuntamiento\/wp-content\/uploads\/2022\/05\/pooli_local_plaza.jpg","width":1199,"height":676},{"@type":"BreadcrumbList","@id":"https:\/\/www.caudete.org\/ayuntamiento\/3-nuevos-agentes-de-policia-se-han-incorporado-hoy-aumentado-la-plantilla-a-15-efectivos\/#breadcrumb","itemListElement":[{"@type":"ListItem","position":1,"name":"Inicio","item":"https:\/\/www.caudete.org\/ayuntamiento\/"},{"@type":"ListItem","position":2,"name":"3 nuevos AGENTES DE POLIC\u00cdA se han incorporado hoy, aumentado la plantilla a 15 efectivos"}]},{"@type":"WebSite","@id":"https:\/\/www.caudete.org\/ayuntamiento\/#website","url":"https:\/\/www.caudete.org\/ayuntamiento\/","name":"MI Ayuntamiento de Caudete","description":"P\u00e1gina Oficial del MI Ayuntamiento de Caudete","potentialAction":[{"@type":"SearchAction","target":{"@type":"EntryPoint","urlTemplate":"https:\/\/www.caudete.org\/ayuntamiento\/?s={search_term_string}"},"query-input":{"@type":"PropertyValueSpecification","valueRequired":true,"valueName":"search_term_string"}}],"inLanguage":"es"},{"@type":"Person","@id":"https:\/\/www.caudete.org\/ayuntamiento\/#\/schema\/person\/cc646da9133078ee4d8dd47457947253","name":"alcalde","image":{"@type":"ImageObject","inLanguage":"es","@id":"https:\/\/secure.gravatar.com\/avatar\/84a817ba065b29ff08d666b215a215f5c79186a645ccb25b14a663d48a130f77?s=96&d=mm&r=g","url":"https:\/\/secure.gravatar.com\/avatar\/84a817ba065b29ff08d666b215a215f5c79186a645ccb25b14a663d48a130f77?s=96&d=mm&r=g","contentUrl":"https:\/\/secure.gravatar.com\/avatar\/84a817ba065b29ff08d666b215a215f5c79186a645ccb25b14a663d48a130f77?s=96&d=mm&r=g","caption":"alcalde"},"url":"https:\/\/www.caudete.org\/ayuntamiento\/author\/alcalde\/"}]}},"_links":{"self":[{"href":"https:\/\/www.caudete.org\/ayuntamiento\/wp-json\/wp\/v2\/posts\/19215","targetHints":{"allow":["GET"]}}],"collection":[{"href":"https:\/\/www.caudete.org\/ayuntamiento\/wp-json\/wp\/v2\/posts"}],"about":[{"href":"https:\/\/www.caudete.org\/ayuntamiento\/wp-json\/wp\/v2\/types\/post"}],"author":[{"embeddable":true,"href":"https:\/\/www.caudete.org\/ayuntamiento\/wp-json\/wp\/v2\/users\/3"}],"replies":[{"embeddable":true,"href":"https:\/\/www.caudete.org\/ayuntamiento\/wp-json\/wp\/v2\/comments?post=19215"}],"version-history":[{"count":3,"href":"https:\/\/www.caudete.org\/ayuntamiento\/wp-json\/wp\/v2\/posts\/19215\/revisions"}],"predecessor-version":[{"id":19219,"href":"https:\/\/www.caudete.org\/ayuntamiento\/wp-json\/wp\/v2\/posts\/19215\/revisions\/19219"}],"wp:featuredmedia":[{"embeddable":true,"href":"https:\/\/www.caudete.org\/ayuntamiento\/wp-json\/wp\/v2\/media\/19218"}],"wp:attachment":[{"href":"https:\/\/www.caudete.org\/ayuntamiento\/wp-json\/wp\/v2\/media?parent=19215"}],"wp:term":[{"taxonomy":"category","embeddable":true,"href":"https:\/\/www.caudete.org\/ayuntamiento\/wp-json\/wp\/v2\/categories?post=19215"},{"taxonomy":"post_tag","embeddable":true,"href":"https:\/\/www.caudete.org\/ayuntamiento\/wp-json\/wp\/v2\/tags?post=19215"}],"curies":[{"name":"wp","href":"https:\/\/api.w.org\/{rel}","templated":true}]}}