{"id":19225,"date":"2022-05-31T10:10:30","date_gmt":"2022-05-31T08:10:30","guid":{"rendered":"https:\/\/www.caudete.org\/ayuntamiento\/?p=19225"},"modified":"2022-05-31T10:10:30","modified_gmt":"2022-05-31T08:10:30","slug":"la-plaza-de-toros-ultima-su-iluminacion-monumental-en-su-fachada","status":"publish","type":"post","link":"https:\/\/www.caudete.org\/ayuntamiento\/la-plaza-de-toros-ultima-su-iluminacion-monumental-en-su-fachada\/","title":{"rendered":"La PLAZA DE TOROS ultima su iluminaci\u00f3n monumental en su fachada"},"content":{"rendered":"<p style=\"text-align: justify;\">Los trabajos de iluminaci\u00f3n monumental de la Plaza de Toros \u201cArenas\u201d de Caudete, ultima su instalaci\u00f3n para mostrar su belleza de cara a los actos que en ella se ha previsto realizar este verano.<\/p>\n<p style=\"text-align: justify;\">La Brigada de Obras es la encargada de llevar a cabo estos trabajos, junto a dos j\u00f3venes caudetanos, Mario e Ismail, que se encuentran haciendo pr\u00e1cticas laborales provenientes del Ciclo de Electricidad del IES &#8220;Herminio Almendros&#8221; de Almansa.<\/p>\n<p><img fetchpriority=\"high\" decoding=\"async\" class=\"size-medium wp-image-19229 aligncenter\" src=\"https:\/\/www.caudete.org\/ayuntamiento\/wp-content\/uploads\/2022\/05\/IMG_20220517_074334-225x300.jpg\" alt=\"\" width=\"225\" height=\"300\" srcset=\"https:\/\/www.caudete.org\/ayuntamiento\/wp-content\/uploads\/2022\/05\/IMG_20220517_074334-225x300.jpg 225w, https:\/\/www.caudete.org\/ayuntamiento\/wp-content\/uploads\/2022\/05\/IMG_20220517_074334-768x1024.jpg 768w, https:\/\/www.caudete.org\/ayuntamiento\/wp-content\/uploads\/2022\/05\/IMG_20220517_074334-1152x1536.jpg 1152w, https:\/\/www.caudete.org\/ayuntamiento\/wp-content\/uploads\/2022\/05\/IMG_20220517_074334-1536x2048.jpg 1536w, https:\/\/www.caudete.org\/ayuntamiento\/wp-content\/uploads\/2022\/05\/IMG_20220517_074334-scaled.jpg 1920w\" sizes=\"(max-width: 225px) 100vw, 225px\" \/><\/p>\n<p><img decoding=\"async\" class=\"size-medium wp-image-19228 aligncenter\" src=\"https:\/\/www.caudete.org\/ayuntamiento\/wp-content\/uploads\/2022\/05\/IMG_20220517_073941-300x225.jpg\" alt=\"\" width=\"300\" height=\"225\" srcset=\"https:\/\/www.caudete.org\/ayuntamiento\/wp-content\/uploads\/2022\/05\/IMG_20220517_073941-300x225.jpg 300w, https:\/\/www.caudete.org\/ayuntamiento\/wp-content\/uploads\/2022\/05\/IMG_20220517_073941-1024x768.jpg 1024w, https:\/\/www.caudete.org\/ayuntamiento\/wp-content\/uploads\/2022\/05\/IMG_20220517_073941-768x576.jpg 768w, https:\/\/www.caudete.org\/ayuntamiento\/wp-content\/uploads\/2022\/05\/IMG_20220517_073941-1536x1152.jpg 1536w, https:\/\/www.caudete.org\/ayuntamiento\/wp-content\/uploads\/2022\/05\/IMG_20220517_073941-2048x1536.jpg 2048w\" sizes=\"(max-width: 300px) 100vw, 300px\" \/><\/p>\n<p style=\"text-align: justify;\">En taller han estado realizando el montaje y comprobaci\u00f3n de los 230 proyectores que conforman el proyecto, para posteriormente, y ayudados de maquinaria de trabajo en altura, proceder a la colocaci\u00f3n de los mismos por el exterior, y al tendido e instalaci\u00f3n de l\u00edneas por el interior.<\/p>\n<p style=\"text-align: justify;\">Los proyectores, de tecnolog\u00eda LED, proporcionar\u00e1n un<span style=\"text-align: justify;\">a iluminaci\u00f3n homog\u00e9nea y completa del edificio con un atractivo visual en la distancia evidente.<\/span><\/p>\n<p><img decoding=\"async\" class=\"size-medium wp-image-19226 aligncenter\" src=\"https:\/\/www.caudete.org\/ayuntamiento\/wp-content\/uploads\/2022\/05\/IMG_20220525_112726-300x225.jpg\" alt=\"\" width=\"300\" height=\"225\" srcset=\"https:\/\/www.caudete.org\/ayuntamiento\/wp-content\/uploads\/2022\/05\/IMG_20220525_112726-300x225.jpg 300w, https:\/\/www.caudete.org\/ayuntamiento\/wp-content\/uploads\/2022\/05\/IMG_20220525_112726-1024x768.jpg 1024w, https:\/\/www.caudete.org\/ayuntamiento\/wp-content\/uploads\/2022\/05\/IMG_20220525_112726-768x576.jpg 768w, https:\/\/www.caudete.org\/ayuntamiento\/wp-content\/uploads\/2022\/05\/IMG_20220525_112726-1536x1152.jpg 1536w, https:\/\/www.caudete.org\/ayuntamiento\/wp-content\/uploads\/2022\/05\/IMG_20220525_112726-2048x1536.jpg 2048w\" sizes=\"(max-width: 300px) 100vw, 300px\" \/><\/p>\n<p style=\"text-align: justify;\">Dotados de un IP65, se garantiza el uso de los proyectores en exterior soportando las inclemencias meteorol\u00f3gicas, y tendr\u00e1n una potencia total de 2400 W.<\/p>\n<p style=\"text-align: justify;\">Cabe destacar la inversi\u00f3n, sufragado en el ejercicio 2021 con un importe de 7.048\u201973 \u20ac.<\/p>\n","protected":false},"excerpt":{"rendered":"<p>Los trabajos de iluminaci\u00f3n monumental de la Plaza de Toros \u201cArenas\u201d de Caudete, ultima su instalaci\u00f3n para mostrar su belleza de cara a los actos que en ella se ha previsto realizar este verano. La Brigada de Obras es la encargada de llevar a cabo estos trabajos, junto a dos j\u00f3venes caudetanos, Mario e Ismail, &hellip;<\/p>\n","protected":false},"author":3,"featured_media":19227,"comment_status":"closed","ping_status":"open","sticky":false,"template":"","format":"standard","meta":{"ngg_post_thumbnail":0,"footnotes":""},"categories":[45],"tags":[],"class_list":["post-19225","post","type-post","status-publish","format-standard","has-post-thumbnail","hentry","category-patrimonio"],"yoast_head":"<!-- This site is optimized with the Yoast SEO plugin v27.5 - https:\/\/yoast.com\/product\/yoast-seo-wordpress\/ -->\n<title>La PLAZA DE TOROS ultima su iluminaci\u00f3n monumental en su fachada - MI Ayuntamiento de Caudete<\/title>\n<meta name=\"description\" content=\"P\u00e1gina Oficial del Ayuntamiento de Caudete (Albacete)\" \/>\n<meta name=\"robots\" content=\"index, follow, max-snippet:-1, max-image-preview:large, max-video-preview:-1\" \/>\n<link rel=\"canonical\" href=\"https:\/\/www.caudete.org\/ayuntamiento\/la-plaza-de-toros-ultima-su-iluminacion-monumental-en-su-fachada\/\" \/>\n<meta property=\"og:locale\" content=\"es_ES\" \/>\n<meta property=\"og:type\" content=\"article\" \/>\n<meta property=\"og:title\" content=\"La PLAZA DE TOROS ultima su iluminaci\u00f3n monumental en su fachada - MI Ayuntamiento de Caudete\" \/>\n<meta property=\"og:description\" content=\"P\u00e1gina Oficial del Ayuntamiento de Caudete (Albacete)\" \/>\n<meta property=\"og:url\" content=\"https:\/\/www.caudete.org\/ayuntamiento\/la-plaza-de-toros-ultima-su-iluminacion-monumental-en-su-fachada\/\" \/>\n<meta property=\"og:site_name\" content=\"MI Ayuntamiento de Caudete\" \/>\n<meta property=\"article:publisher\" content=\"https:\/\/www.facebook.com\/ayuntamientocaudete\/\" \/>\n<meta property=\"article:published_time\" content=\"2022-05-31T08:10:30+00:00\" \/>\n<meta property=\"og:image\" content=\"https:\/\/www.caudete.org\/ayuntamiento\/wp-content\/uploads\/2022\/05\/IMG_20220525_111831-scaled.jpg\" \/>\n\t<meta property=\"og:image:width\" content=\"1920\" \/>\n\t<meta property=\"og:image:height\" content=\"2560\" \/>\n\t<meta property=\"og:image:type\" content=\"image\/jpeg\" \/>\n<meta name=\"author\" content=\"alcalde\" \/>\n<meta name=\"twitter:card\" content=\"summary_large_image\" \/>\n<meta name=\"twitter:label1\" content=\"Escrito por\" \/>\n\t<meta name=\"twitter:data1\" content=\"alcalde\" \/>\n\t<meta name=\"twitter:label2\" content=\"Tiempo de lectura\" \/>\n\t<meta name=\"twitter:data2\" content=\"2 minutos\" \/>\n<script type=\"application\/ld+json\" class=\"yoast-schema-graph\">{\"@context\":\"https:\\\/\\\/schema.org\",\"@graph\":[{\"@type\":\"Article\",\"@id\":\"https:\\\/\\\/www.caudete.org\\\/ayuntamiento\\\/la-plaza-de-toros-ultima-su-iluminacion-monumental-en-su-fachada\\\/#article\",\"isPartOf\":{\"@id\":\"https:\\\/\\\/www.caudete.org\\\/ayuntamiento\\\/la-plaza-de-toros-ultima-su-iluminacion-monumental-en-su-fachada\\\/\"},\"author\":{\"name\":\"alcalde\",\"@id\":\"https:\\\/\\\/www.caudete.org\\\/ayuntamiento\\\/#\\\/schema\\\/person\\\/cc646da9133078ee4d8dd47457947253\"},\"headline\":\"La PLAZA DE TOROS ultima su iluminaci\u00f3n monumental en su fachada\",\"datePublished\":\"2022-05-31T08:10:30+00:00\",\"mainEntityOfPage\":{\"@id\":\"https:\\\/\\\/www.caudete.org\\\/ayuntamiento\\\/la-plaza-de-toros-ultima-su-iluminacion-monumental-en-su-fachada\\\/\"},\"wordCount\":202,\"image\":{\"@id\":\"https:\\\/\\\/www.caudete.org\\\/ayuntamiento\\\/la-plaza-de-toros-ultima-su-iluminacion-monumental-en-su-fachada\\\/#primaryimage\"},\"thumbnailUrl\":\"https:\\\/\\\/www.caudete.org\\\/ayuntamiento\\\/wp-content\\\/uploads\\\/2022\\\/05\\\/IMG_20220525_111831-scaled.jpg\",\"articleSection\":[\"Patrimonio\"],\"inLanguage\":\"es\"},{\"@type\":\"WebPage\",\"@id\":\"https:\\\/\\\/www.caudete.org\\\/ayuntamiento\\\/la-plaza-de-toros-ultima-su-iluminacion-monumental-en-su-fachada\\\/\",\"url\":\"https:\\\/\\\/www.caudete.org\\\/ayuntamiento\\\/la-plaza-de-toros-ultima-su-iluminacion-monumental-en-su-fachada\\\/\",\"name\":\"La PLAZA DE TOROS ultima su iluminaci\u00f3n monumental en su fachada - MI Ayuntamiento de Caudete\",\"isPartOf\":{\"@id\":\"https:\\\/\\\/www.caudete.org\\\/ayuntamiento\\\/#website\"},\"primaryImageOfPage\":{\"@id\":\"https:\\\/\\\/www.caudete.org\\\/ayuntamiento\\\/la-plaza-de-toros-ultima-su-iluminacion-monumental-en-su-fachada\\\/#primaryimage\"},\"image\":{\"@id\":\"https:\\\/\\\/www.caudete.org\\\/ayuntamiento\\\/la-plaza-de-toros-ultima-su-iluminacion-monumental-en-su-fachada\\\/#primaryimage\"},\"thumbnailUrl\":\"https:\\\/\\\/www.caudete.org\\\/ayuntamiento\\\/wp-content\\\/uploads\\\/2022\\\/05\\\/IMG_20220525_111831-scaled.jpg\",\"datePublished\":\"2022-05-31T08:10:30+00:00\",\"author\":{\"@id\":\"https:\\\/\\\/www.caudete.org\\\/ayuntamiento\\\/#\\\/schema\\\/person\\\/cc646da9133078ee4d8dd47457947253\"},\"description\":\"P\u00e1gina Oficial del Ayuntamiento de Caudete (Albacete)\",\"breadcrumb\":{\"@id\":\"https:\\\/\\\/www.caudete.org\\\/ayuntamiento\\\/la-plaza-de-toros-ultima-su-iluminacion-monumental-en-su-fachada\\\/#breadcrumb\"},\"inLanguage\":\"es\",\"potentialAction\":[{\"@type\":\"ReadAction\",\"target\":[\"https:\\\/\\\/www.caudete.org\\\/ayuntamiento\\\/la-plaza-de-toros-ultima-su-iluminacion-monumental-en-su-fachada\\\/\"]}]},{\"@type\":\"ImageObject\",\"inLanguage\":\"es\",\"@id\":\"https:\\\/\\\/www.caudete.org\\\/ayuntamiento\\\/la-plaza-de-toros-ultima-su-iluminacion-monumental-en-su-fachada\\\/#primaryimage\",\"url\":\"https:\\\/\\\/www.caudete.org\\\/ayuntamiento\\\/wp-content\\\/uploads\\\/2022\\\/05\\\/IMG_20220525_111831-scaled.jpg\",\"contentUrl\":\"https:\\\/\\\/www.caudete.org\\\/ayuntamiento\\\/wp-content\\\/uploads\\\/2022\\\/05\\\/IMG_20220525_111831-scaled.jpg\",\"width\":1920,\"height\":2560},{\"@type\":\"BreadcrumbList\",\"@id\":\"https:\\\/\\\/www.caudete.org\\\/ayuntamiento\\\/la-plaza-de-toros-ultima-su-iluminacion-monumental-en-su-fachada\\\/#breadcrumb\",\"itemListElement\":[{\"@type\":\"ListItem\",\"position\":1,\"name\":\"Inicio\",\"item\":\"https:\\\/\\\/www.caudete.org\\\/ayuntamiento\\\/\"},{\"@type\":\"ListItem\",\"position\":2,\"name\":\"La PLAZA DE TOROS ultima su iluminaci\u00f3n monumental en su fachada\"}]},{\"@type\":\"WebSite\",\"@id\":\"https:\\\/\\\/www.caudete.org\\\/ayuntamiento\\\/#website\",\"url\":\"https:\\\/\\\/www.caudete.org\\\/ayuntamiento\\\/\",\"name\":\"MI Ayuntamiento de Caudete\",\"description\":\"P\u00e1gina Oficial del MI Ayuntamiento de Caudete\",\"potentialAction\":[{\"@type\":\"SearchAction\",\"target\":{\"@type\":\"EntryPoint\",\"urlTemplate\":\"https:\\\/\\\/www.caudete.org\\\/ayuntamiento\\\/?s={search_term_string}\"},\"query-input\":{\"@type\":\"PropertyValueSpecification\",\"valueRequired\":true,\"valueName\":\"search_term_string\"}}],\"inLanguage\":\"es\"},{\"@type\":\"Person\",\"@id\":\"https:\\\/\\\/www.caudete.org\\\/ayuntamiento\\\/#\\\/schema\\\/person\\\/cc646da9133078ee4d8dd47457947253\",\"name\":\"alcalde\",\"image\":{\"@type\":\"ImageObject\",\"inLanguage\":\"es\",\"@id\":\"https:\\\/\\\/secure.gravatar.com\\\/avatar\\\/84a817ba065b29ff08d666b215a215f5c79186a645ccb25b14a663d48a130f77?s=96&d=mm&r=g\",\"url\":\"https:\\\/\\\/secure.gravatar.com\\\/avatar\\\/84a817ba065b29ff08d666b215a215f5c79186a645ccb25b14a663d48a130f77?s=96&d=mm&r=g\",\"contentUrl\":\"https:\\\/\\\/secure.gravatar.com\\\/avatar\\\/84a817ba065b29ff08d666b215a215f5c79186a645ccb25b14a663d48a130f77?s=96&d=mm&r=g\",\"caption\":\"alcalde\"},\"url\":\"https:\\\/\\\/www.caudete.org\\\/ayuntamiento\\\/author\\\/alcalde\\\/\"}]}<\/script>\n<!-- \/ Yoast SEO plugin. -->","yoast_head_json":{"title":"La PLAZA DE TOROS ultima su iluminaci\u00f3n monumental en su fachada - MI Ayuntamiento de Caudete","description":"P\u00e1gina Oficial del Ayuntamiento de Caudete (Albacete)","robots":{"index":"index","follow":"follow","max-snippet":"max-snippet:-1","max-image-preview":"max-image-preview:large","max-video-preview":"max-video-preview:-1"},"canonical":"https:\/\/www.caudete.org\/ayuntamiento\/la-plaza-de-toros-ultima-su-iluminacion-monumental-en-su-fachada\/","og_locale":"es_ES","og_type":"article","og_title":"La PLAZA DE TOROS ultima su iluminaci\u00f3n monumental en su fachada - MI Ayuntamiento de Caudete","og_description":"P\u00e1gina Oficial del Ayuntamiento de Caudete (Albacete)","og_url":"https:\/\/www.caudete.org\/ayuntamiento\/la-plaza-de-toros-ultima-su-iluminacion-monumental-en-su-fachada\/","og_site_name":"MI Ayuntamiento de Caudete","article_publisher":"https:\/\/www.facebook.com\/ayuntamientocaudete\/","article_published_time":"2022-05-31T08:10:30+00:00","og_image":[{"width":1920,"height":2560,"url":"https:\/\/www.caudete.org\/ayuntamiento\/wp-content\/uploads\/2022\/05\/IMG_20220525_111831-scaled.jpg","type":"image\/jpeg"}],"author":"alcalde","twitter_card":"summary_large_image","twitter_misc":{"Escrito por":"alcalde","Tiempo de lectura":"2 minutos"},"schema":{"@context":"https:\/\/schema.org","@graph":[{"@type":"Article","@id":"https:\/\/www.caudete.org\/ayuntamiento\/la-plaza-de-toros-ultima-su-iluminacion-monumental-en-su-fachada\/#article","isPartOf":{"@id":"https:\/\/www.caudete.org\/ayuntamiento\/la-plaza-de-toros-ultima-su-iluminacion-monumental-en-su-fachada\/"},"author":{"name":"alcalde","@id":"https:\/\/www.caudete.org\/ayuntamiento\/#\/schema\/person\/cc646da9133078ee4d8dd47457947253"},"headline":"La PLAZA DE TOROS ultima su iluminaci\u00f3n monumental en su fachada","datePublished":"2022-05-31T08:10:30+00:00","mainEntityOfPage":{"@id":"https:\/\/www.caudete.org\/ayuntamiento\/la-plaza-de-toros-ultima-su-iluminacion-monumental-en-su-fachada\/"},"wordCount":202,"image":{"@id":"https:\/\/www.caudete.org\/ayuntamiento\/la-plaza-de-toros-ultima-su-iluminacion-monumental-en-su-fachada\/#primaryimage"},"thumbnailUrl":"https:\/\/www.caudete.org\/ayuntamiento\/wp-content\/uploads\/2022\/05\/IMG_20220525_111831-scaled.jpg","articleSection":["Patrimonio"],"inLanguage":"es"},{"@type":"WebPage","@id":"https:\/\/www.caudete.org\/ayuntamiento\/la-plaza-de-toros-ultima-su-iluminacion-monumental-en-su-fachada\/","url":"https:\/\/www.caudete.org\/ayuntamiento\/la-plaza-de-toros-ultima-su-iluminacion-monumental-en-su-fachada\/","name":"La PLAZA DE TOROS ultima su iluminaci\u00f3n monumental en su fachada - MI Ayuntamiento de Caudete","isPartOf":{"@id":"https:\/\/www.caudete.org\/ayuntamiento\/#website"},"primaryImageOfPage":{"@id":"https:\/\/www.caudete.org\/ayuntamiento\/la-plaza-de-toros-ultima-su-iluminacion-monumental-en-su-fachada\/#primaryimage"},"image":{"@id":"https:\/\/www.caudete.org\/ayuntamiento\/la-plaza-de-toros-ultima-su-iluminacion-monumental-en-su-fachada\/#primaryimage"},"thumbnailUrl":"https:\/\/www.caudete.org\/ayuntamiento\/wp-content\/uploads\/2022\/05\/IMG_20220525_111831-scaled.jpg","datePublished":"2022-05-31T08:10:30+00:00","author":{"@id":"https:\/\/www.caudete.org\/ayuntamiento\/#\/schema\/person\/cc646da9133078ee4d8dd47457947253"},"description":"P\u00e1gina Oficial del Ayuntamiento de Caudete (Albacete)","breadcrumb":{"@id":"https:\/\/www.caudete.org\/ayuntamiento\/la-plaza-de-toros-ultima-su-iluminacion-monumental-en-su-fachada\/#breadcrumb"},"inLanguage":"es","potentialAction":[{"@type":"ReadAction","target":["https:\/\/www.caudete.org\/ayuntamiento\/la-plaza-de-toros-ultima-su-iluminacion-monumental-en-su-fachada\/"]}]},{"@type":"ImageObject","inLanguage":"es","@id":"https:\/\/www.caudete.org\/ayuntamiento\/la-plaza-de-toros-ultima-su-iluminacion-monumental-en-su-fachada\/#primaryimage","url":"https:\/\/www.caudete.org\/ayuntamiento\/wp-content\/uploads\/2022\/05\/IMG_20220525_111831-scaled.jpg","contentUrl":"https:\/\/www.caudete.org\/ayuntamiento\/wp-content\/uploads\/2022\/05\/IMG_20220525_111831-scaled.jpg","width":1920,"height":2560},{"@type":"BreadcrumbList","@id":"https:\/\/www.caudete.org\/ayuntamiento\/la-plaza-de-toros-ultima-su-iluminacion-monumental-en-su-fachada\/#breadcrumb","itemListElement":[{"@type":"ListItem","position":1,"name":"Inicio","item":"https:\/\/www.caudete.org\/ayuntamiento\/"},{"@type":"ListItem","position":2,"name":"La PLAZA DE TOROS ultima su iluminaci\u00f3n monumental en su fachada"}]},{"@type":"WebSite","@id":"https:\/\/www.caudete.org\/ayuntamiento\/#website","url":"https:\/\/www.caudete.org\/ayuntamiento\/","name":"MI Ayuntamiento de Caudete","description":"P\u00e1gina Oficial del MI Ayuntamiento de Caudete","potentialAction":[{"@type":"SearchAction","target":{"@type":"EntryPoint","urlTemplate":"https:\/\/www.caudete.org\/ayuntamiento\/?s={search_term_string}"},"query-input":{"@type":"PropertyValueSpecification","valueRequired":true,"valueName":"search_term_string"}}],"inLanguage":"es"},{"@type":"Person","@id":"https:\/\/www.caudete.org\/ayuntamiento\/#\/schema\/person\/cc646da9133078ee4d8dd47457947253","name":"alcalde","image":{"@type":"ImageObject","inLanguage":"es","@id":"https:\/\/secure.gravatar.com\/avatar\/84a817ba065b29ff08d666b215a215f5c79186a645ccb25b14a663d48a130f77?s=96&d=mm&r=g","url":"https:\/\/secure.gravatar.com\/avatar\/84a817ba065b29ff08d666b215a215f5c79186a645ccb25b14a663d48a130f77?s=96&d=mm&r=g","contentUrl":"https:\/\/secure.gravatar.com\/avatar\/84a817ba065b29ff08d666b215a215f5c79186a645ccb25b14a663d48a130f77?s=96&d=mm&r=g","caption":"alcalde"},"url":"https:\/\/www.caudete.org\/ayuntamiento\/author\/alcalde\/"}]}},"_links":{"self":[{"href":"https:\/\/www.caudete.org\/ayuntamiento\/wp-json\/wp\/v2\/posts\/19225","targetHints":{"allow":["GET"]}}],"collection":[{"href":"https:\/\/www.caudete.org\/ayuntamiento\/wp-json\/wp\/v2\/posts"}],"about":[{"href":"https:\/\/www.caudete.org\/ayuntamiento\/wp-json\/wp\/v2\/types\/post"}],"author":[{"embeddable":true,"href":"https:\/\/www.caudete.org\/ayuntamiento\/wp-json\/wp\/v2\/users\/3"}],"replies":[{"embeddable":true,"href":"https:\/\/www.caudete.org\/ayuntamiento\/wp-json\/wp\/v2\/comments?post=19225"}],"version-history":[{"count":1,"href":"https:\/\/www.caudete.org\/ayuntamiento\/wp-json\/wp\/v2\/posts\/19225\/revisions"}],"predecessor-version":[{"id":19230,"href":"https:\/\/www.caudete.org\/ayuntamiento\/wp-json\/wp\/v2\/posts\/19225\/revisions\/19230"}],"wp:featuredmedia":[{"embeddable":true,"href":"https:\/\/www.caudete.org\/ayuntamiento\/wp-json\/wp\/v2\/media\/19227"}],"wp:attachment":[{"href":"https:\/\/www.caudete.org\/ayuntamiento\/wp-json\/wp\/v2\/media?parent=19225"}],"wp:term":[{"taxonomy":"category","embeddable":true,"href":"https:\/\/www.caudete.org\/ayuntamiento\/wp-json\/wp\/v2\/categories?post=19225"},{"taxonomy":"post_tag","embeddable":true,"href":"https:\/\/www.caudete.org\/ayuntamiento\/wp-json\/wp\/v2\/tags?post=19225"}],"curies":[{"name":"wp","href":"https:\/\/api.w.org\/{rel}","templated":true}]}}