{"id":19252,"date":"2022-06-01T19:40:28","date_gmt":"2022-06-01T17:40:28","guid":{"rendered":"https:\/\/www.caudete.org\/ayuntamiento\/?p=19252"},"modified":"2022-06-01T19:40:28","modified_gmt":"2022-06-01T17:40:28","slug":"publicado-el-calendario-de-disponibilidad-de-los-albergues-rurales-municipales","status":"publish","type":"post","link":"https:\/\/www.caudete.org\/ayuntamiento\/publicado-el-calendario-de-disponibilidad-de-los-albergues-rurales-municipales\/","title":{"rendered":"Publicado el CALENDARIO DE DISPONIBILIDAD de los Albergues Rurales Municipales"},"content":{"rendered":"<p>&nbsp;<\/p>\n<p style=\"text-align: justify;\">Diego Cuenca como Concejal de Turismo y encargado de la gesti\u00f3n y promoci\u00f3n de los Albergues Rurales ha dado a conocer el reci\u00e9n calendario de disponibilidad de los mismos.<\/p>\n<p style=\"text-align: justify;\">Accesible en el Tabl\u00f3n de Anuncios Municipal, el Edil ha remarcado que dicho calendario contempla la disponibilidad del Albergue de &#8220;La Toconera&#8221; y el del &#8220;El Granillo&#8221; para todo el tiempo que resta del presente a\u00f1o 2022, aunque con particularidades diferentes en funci\u00f3n del cual se elija.<\/p>\n<p style=\"text-align: justify;\"><strong>1. Fechas disponibles para el Albergue &#8220;La Toconera&#8221; (viernes-domingo): <\/strong><\/p>\n<p style=\"text-align: justify;\">Junio (17 al 19, y del 24 al 26).<\/p>\n<p style=\"text-align: justify;\">Julio (del 1 al 3, del 8 al 10, del 15 al 17, del 22 al 24, y del 29 al 31).<\/p>\n<p style=\"text-align: justify;\">Septiembre (del 2 al 4, del 16 al 18, y del 23 al 25).<\/p>\n<p style=\"text-align: justify;\">Octubre (del 30 Sept al 2 Oct, del 7 al 9, del 14 al 16, del 21 al 23, y del 28 al 30).<\/p>\n<p style=\"text-align: justify;\">Noviembre (del 4 al 6, del 11 al 13, del 18 al 20, y del 25 al 27).<\/p>\n<p style=\"text-align: justify;\">Diciembre (del 2 al 4, del 9 al 11, y del 16 al 18).<\/p>\n<p style=\"text-align: justify;\"><strong>2. Fechas bloqueadas para el Albergue &#8220;La Toconera&#8221;: <\/strong><\/p>\n<p style=\"text-align: justify;\">Agosto (mes completo).<\/p>\n<p style=\"text-align: justify;\">Septiembre (de lunes a jueves, y fin de semana del 9 al 11).<\/p>\n<p style=\"text-align: justify;\">Diciembre (de lunes a jueves, y fines de semana del 23 al 25 y del 30 al 1 de Enero).<\/p>\n<p style=\"text-align: justify;\"><strong>3. Fechas disponibles para el Albergue &#8220;El Granillo&#8221; (s\u00e1bado-domingo):<\/strong><\/p>\n<p style=\"text-align: justify;\">Octubre (1 y 2, 8 y 9, 15 y 16, 22 y 23, 29 y 30).<\/p>\n<p style=\"text-align: justify;\">Noviembre (5 y 6, 12 y 13, 19 y 20, 26 y 27).<\/p>\n<p style=\"text-align: justify;\">Diciembre (3 y 4, 10 y 11, 17 y 18).<\/p>\n<p style=\"text-align: justify;\"><strong>4. Fechas bloqueadas para el Albergue &#8220;El Granillo&#8221;:<\/strong><\/p>\n<p style=\"text-align: justify;\">Junio, Julio, Agosto y Septiembre (mes completo).<\/p>\n<p style=\"text-align: justify;\">Octubre y Noviembre (de lunes a viernes)<\/p>\n<p style=\"text-align: justify;\">Diciembre (de lunes a viernes, y fines de semana del 23 al 25 y del 30 al 31)<\/p>\n<p style=\"text-align: justify;\"><strong>5. \u00bfPuede sufrir cambios el calendario?<\/strong><\/p>\n<p style=\"text-align: justify;\">Si, puesto que &#8220;el Ayuntamiento se reserva la acci\u00f3n de poder hacer las<br \/>\nreservas necesarias para la realizaci\u00f3n de eventos o actividades que planifique, as\u00ed como por cuestiones de seguridad o salud anular periodos o parte de \u00e9stos que se consideran&#8221; (art.5 de la Ordenanza Reguladora).<\/p>\n<p style=\"text-align: justify;\"><strong>6. Plazo m\u00ednimo de la solicitud:<\/strong><\/p>\n<p style=\"text-align: justify;\">15 d\u00edas h\u00e1biles (no cuentan festivos ni fines de semana).<\/p>\n<p style=\"text-align: justify;\"><strong>7. Plazo m\u00e1ximo de la solicitud:<\/strong><\/p>\n<p style=\"text-align: justify;\">3 meses<\/p>\n<p style=\"text-align: justify;\"><strong>8. Modo de presentaci\u00f3n de la solicitud.<\/strong><\/p>\n<p style=\"text-align: justify;\">Seg\u00fan modelo oficial y por registro de entrada en cualquiera de las modalidades previstas legalmente.<\/p>\n<p style=\"text-align: justify;\">Debe figurar un representante legal, y listado de todos los miembros que vayan a hacer uso de las instalaciones. En caso de asociaci\u00f3n sin \u00e1nimo de lucro, motivo de la solicitud de uso, declarar que no supone lucro, y en caso de existir menores autorizaci\u00f3n paterna.<\/p>\n<p style=\"text-align: justify;\"><strong>9. \u00bfCuando puedo saber si tengo autorizado el uso del Albergue?<\/strong><\/p>\n<p style=\"text-align: justify;\">Recibida la solicitud en el Ayuntamiento se proceder\u00e1 a comprobar si existe disponibilidad para la fecha elegida, lo que se comunicar\u00e1 al interesado. \u00c9ste, tendr\u00e1 3 d\u00edas h\u00e1biles para realizar el ingreso de la fianza y de las tasas establecidas.<\/p>\n<p style=\"text-align: justify;\">Recibido el ingreso, el Ayuntamiento proceder\u00e1 a emitir la autorizaci\u00f3n pertinente de uso del Albergue.<\/p>\n<p style=\"text-align: justify;\"><strong>10. \u00bfCual es la fianza y las Tasas fijadas por el uso de los Albergues?<\/strong><\/p>\n<p style=\"text-align: justify;\">El importe de la fianza es de 50\u20ac por solicitud, que se devolver\u00e1 si las instalaciones no han sufrido desperfectos tras el uso autorizado.<\/p>\n<p style=\"text-align: justify;\">Las tasas son de 15\u20ac\/d\u00eda para el Albergue de &#8220;El Granillo&#8221; y de 30\u20ac\/d\u00eda para el Albergue de &#8220;La Toconera&#8221;.<\/p>\n<p style=\"text-align: justify;\"><strong>11. \u00bfMe entregan la llave o alguien abre y cierra?<\/strong><\/p>\n<p style=\"text-align: justify;\">Una vez autorizado el uso del Albergue, el Departamento encargado se pondr\u00e1 en contacto con el solicitante para acordar fecha de entrega y devoluci\u00f3n de las llaves, para lo cual firmar\u00e1n un acta de entrega y recepci\u00f3n de las mismas en su momento.<\/p>\n<p style=\"text-align: justify;\"><strong>12. \u00bfQue utensilios hay que llevar consigo?<\/strong><\/p>\n<p style=\"text-align: justify;\">Adem\u00e1s de los consumibles, en ambos Albergues el usuario ha de ir provisto de le\u00f1a, as\u00ed como de cuberter\u00eda, vajilla y cristaler\u00eda.<\/p>\n<p style=\"text-align: justify;\">En el de &#8220;La Toconera&#8221;, que cuenta con literas, se deber\u00e1 aportar la ropa de cama y abrigo que se considere, y para la cocina los \u00fatiles que le sean necesarios.<\/p>\n","protected":false},"excerpt":{"rendered":"<p>&nbsp; Diego Cuenca como Concejal de Turismo y encargado de la gesti\u00f3n y promoci\u00f3n de los Albergues Rurales ha dado a conocer el reci\u00e9n calendario de disponibilidad de los mismos. Accesible en el Tabl\u00f3n de Anuncios Municipal, el Edil ha remarcado que dicho calendario contempla la disponibilidad del Albergue de &#8220;La Toconera&#8221; y el del &hellip;<\/p>\n","protected":false},"author":3,"featured_media":18710,"comment_status":"closed","ping_status":"open","sticky":false,"template":"","format":"standard","meta":{"ngg_post_thumbnail":0,"footnotes":""},"categories":[43],"tags":[],"class_list":["post-19252","post","type-post","status-publish","format-standard","has-post-thumbnail","hentry","category-turismo"],"yoast_head":"<!-- This site is optimized with the Yoast SEO plugin v27.5 - https:\/\/yoast.com\/product\/yoast-seo-wordpress\/ -->\n<title>Publicado el CALENDARIO DE DISPONIBILIDAD de los Albergues Rurales Municipales - MI Ayuntamiento de Caudete<\/title>\n<meta name=\"description\" content=\"P\u00e1gina Oficial del Ayuntamiento de Caudete (Albacete)\" \/>\n<meta name=\"robots\" content=\"index, follow, max-snippet:-1, max-image-preview:large, max-video-preview:-1\" \/>\n<link rel=\"canonical\" href=\"https:\/\/www.caudete.org\/ayuntamiento\/publicado-el-calendario-de-disponibilidad-de-los-albergues-rurales-municipales\/\" \/>\n<meta property=\"og:locale\" content=\"es_ES\" \/>\n<meta property=\"og:type\" content=\"article\" \/>\n<meta property=\"og:title\" content=\"Publicado el CALENDARIO DE DISPONIBILIDAD de los Albergues Rurales Municipales - MI Ayuntamiento de Caudete\" \/>\n<meta property=\"og:description\" content=\"P\u00e1gina Oficial del Ayuntamiento de Caudete (Albacete)\" \/>\n<meta property=\"og:url\" content=\"https:\/\/www.caudete.org\/ayuntamiento\/publicado-el-calendario-de-disponibilidad-de-los-albergues-rurales-municipales\/\" \/>\n<meta property=\"og:site_name\" content=\"MI Ayuntamiento de Caudete\" \/>\n<meta property=\"article:publisher\" content=\"https:\/\/www.facebook.com\/ayuntamientocaudete\/\" \/>\n<meta property=\"article:published_time\" content=\"2022-06-01T17:40:28+00:00\" \/>\n<meta property=\"og:image\" content=\"https:\/\/www.caudete.org\/ayuntamiento\/wp-content\/uploads\/2022\/04\/Albergue-Toconera-WEB.jpg\" \/>\n\t<meta property=\"og:image:width\" content=\"864\" \/>\n\t<meta property=\"og:image:height\" content=\"380\" \/>\n\t<meta property=\"og:image:type\" content=\"image\/jpeg\" \/>\n<meta name=\"author\" content=\"alcalde\" \/>\n<meta name=\"twitter:card\" content=\"summary_large_image\" \/>\n<meta name=\"twitter:label1\" content=\"Escrito por\" \/>\n\t<meta name=\"twitter:data1\" content=\"alcalde\" \/>\n\t<meta name=\"twitter:label2\" content=\"Tiempo de lectura\" \/>\n\t<meta name=\"twitter:data2\" content=\"4 minutos\" \/>\n<script type=\"application\/ld+json\" class=\"yoast-schema-graph\">{\"@context\":\"https:\\\/\\\/schema.org\",\"@graph\":[{\"@type\":\"Article\",\"@id\":\"https:\\\/\\\/www.caudete.org\\\/ayuntamiento\\\/publicado-el-calendario-de-disponibilidad-de-los-albergues-rurales-municipales\\\/#article\",\"isPartOf\":{\"@id\":\"https:\\\/\\\/www.caudete.org\\\/ayuntamiento\\\/publicado-el-calendario-de-disponibilidad-de-los-albergues-rurales-municipales\\\/\"},\"author\":{\"name\":\"alcalde\",\"@id\":\"https:\\\/\\\/www.caudete.org\\\/ayuntamiento\\\/#\\\/schema\\\/person\\\/cc646da9133078ee4d8dd47457947253\"},\"headline\":\"Publicado el CALENDARIO DE DISPONIBILIDAD de los Albergues Rurales Municipales\",\"datePublished\":\"2022-06-01T17:40:28+00:00\",\"mainEntityOfPage\":{\"@id\":\"https:\\\/\\\/www.caudete.org\\\/ayuntamiento\\\/publicado-el-calendario-de-disponibilidad-de-los-albergues-rurales-municipales\\\/\"},\"wordCount\":645,\"image\":{\"@id\":\"https:\\\/\\\/www.caudete.org\\\/ayuntamiento\\\/publicado-el-calendario-de-disponibilidad-de-los-albergues-rurales-municipales\\\/#primaryimage\"},\"thumbnailUrl\":\"https:\\\/\\\/www.caudete.org\\\/ayuntamiento\\\/wp-content\\\/uploads\\\/2022\\\/04\\\/Albergue-Toconera-WEB.jpg\",\"articleSection\":[\"Turismo\"],\"inLanguage\":\"es\"},{\"@type\":\"WebPage\",\"@id\":\"https:\\\/\\\/www.caudete.org\\\/ayuntamiento\\\/publicado-el-calendario-de-disponibilidad-de-los-albergues-rurales-municipales\\\/\",\"url\":\"https:\\\/\\\/www.caudete.org\\\/ayuntamiento\\\/publicado-el-calendario-de-disponibilidad-de-los-albergues-rurales-municipales\\\/\",\"name\":\"Publicado el CALENDARIO DE DISPONIBILIDAD de los Albergues Rurales Municipales - MI Ayuntamiento de Caudete\",\"isPartOf\":{\"@id\":\"https:\\\/\\\/www.caudete.org\\\/ayuntamiento\\\/#website\"},\"primaryImageOfPage\":{\"@id\":\"https:\\\/\\\/www.caudete.org\\\/ayuntamiento\\\/publicado-el-calendario-de-disponibilidad-de-los-albergues-rurales-municipales\\\/#primaryimage\"},\"image\":{\"@id\":\"https:\\\/\\\/www.caudete.org\\\/ayuntamiento\\\/publicado-el-calendario-de-disponibilidad-de-los-albergues-rurales-municipales\\\/#primaryimage\"},\"thumbnailUrl\":\"https:\\\/\\\/www.caudete.org\\\/ayuntamiento\\\/wp-content\\\/uploads\\\/2022\\\/04\\\/Albergue-Toconera-WEB.jpg\",\"datePublished\":\"2022-06-01T17:40:28+00:00\",\"author\":{\"@id\":\"https:\\\/\\\/www.caudete.org\\\/ayuntamiento\\\/#\\\/schema\\\/person\\\/cc646da9133078ee4d8dd47457947253\"},\"description\":\"P\u00e1gina Oficial del Ayuntamiento de Caudete (Albacete)\",\"breadcrumb\":{\"@id\":\"https:\\\/\\\/www.caudete.org\\\/ayuntamiento\\\/publicado-el-calendario-de-disponibilidad-de-los-albergues-rurales-municipales\\\/#breadcrumb\"},\"inLanguage\":\"es\",\"potentialAction\":[{\"@type\":\"ReadAction\",\"target\":[\"https:\\\/\\\/www.caudete.org\\\/ayuntamiento\\\/publicado-el-calendario-de-disponibilidad-de-los-albergues-rurales-municipales\\\/\"]}]},{\"@type\":\"ImageObject\",\"inLanguage\":\"es\",\"@id\":\"https:\\\/\\\/www.caudete.org\\\/ayuntamiento\\\/publicado-el-calendario-de-disponibilidad-de-los-albergues-rurales-municipales\\\/#primaryimage\",\"url\":\"https:\\\/\\\/www.caudete.org\\\/ayuntamiento\\\/wp-content\\\/uploads\\\/2022\\\/04\\\/Albergue-Toconera-WEB.jpg\",\"contentUrl\":\"https:\\\/\\\/www.caudete.org\\\/ayuntamiento\\\/wp-content\\\/uploads\\\/2022\\\/04\\\/Albergue-Toconera-WEB.jpg\",\"width\":864,\"height\":380},{\"@type\":\"BreadcrumbList\",\"@id\":\"https:\\\/\\\/www.caudete.org\\\/ayuntamiento\\\/publicado-el-calendario-de-disponibilidad-de-los-albergues-rurales-municipales\\\/#breadcrumb\",\"itemListElement\":[{\"@type\":\"ListItem\",\"position\":1,\"name\":\"Inicio\",\"item\":\"https:\\\/\\\/www.caudete.org\\\/ayuntamiento\\\/\"},{\"@type\":\"ListItem\",\"position\":2,\"name\":\"Publicado el CALENDARIO DE DISPONIBILIDAD de los Albergues Rurales Municipales\"}]},{\"@type\":\"WebSite\",\"@id\":\"https:\\\/\\\/www.caudete.org\\\/ayuntamiento\\\/#website\",\"url\":\"https:\\\/\\\/www.caudete.org\\\/ayuntamiento\\\/\",\"name\":\"MI Ayuntamiento de Caudete\",\"description\":\"P\u00e1gina Oficial del MI Ayuntamiento de Caudete\",\"potentialAction\":[{\"@type\":\"SearchAction\",\"target\":{\"@type\":\"EntryPoint\",\"urlTemplate\":\"https:\\\/\\\/www.caudete.org\\\/ayuntamiento\\\/?s={search_term_string}\"},\"query-input\":{\"@type\":\"PropertyValueSpecification\",\"valueRequired\":true,\"valueName\":\"search_term_string\"}}],\"inLanguage\":\"es\"},{\"@type\":\"Person\",\"@id\":\"https:\\\/\\\/www.caudete.org\\\/ayuntamiento\\\/#\\\/schema\\\/person\\\/cc646da9133078ee4d8dd47457947253\",\"name\":\"alcalde\",\"image\":{\"@type\":\"ImageObject\",\"inLanguage\":\"es\",\"@id\":\"https:\\\/\\\/secure.gravatar.com\\\/avatar\\\/84a817ba065b29ff08d666b215a215f5c79186a645ccb25b14a663d48a130f77?s=96&d=mm&r=g\",\"url\":\"https:\\\/\\\/secure.gravatar.com\\\/avatar\\\/84a817ba065b29ff08d666b215a215f5c79186a645ccb25b14a663d48a130f77?s=96&d=mm&r=g\",\"contentUrl\":\"https:\\\/\\\/secure.gravatar.com\\\/avatar\\\/84a817ba065b29ff08d666b215a215f5c79186a645ccb25b14a663d48a130f77?s=96&d=mm&r=g\",\"caption\":\"alcalde\"},\"url\":\"https:\\\/\\\/www.caudete.org\\\/ayuntamiento\\\/author\\\/alcalde\\\/\"}]}<\/script>\n<!-- \/ Yoast SEO plugin. -->","yoast_head_json":{"title":"Publicado el CALENDARIO DE DISPONIBILIDAD de los Albergues Rurales Municipales - MI Ayuntamiento de Caudete","description":"P\u00e1gina Oficial del Ayuntamiento de Caudete (Albacete)","robots":{"index":"index","follow":"follow","max-snippet":"max-snippet:-1","max-image-preview":"max-image-preview:large","max-video-preview":"max-video-preview:-1"},"canonical":"https:\/\/www.caudete.org\/ayuntamiento\/publicado-el-calendario-de-disponibilidad-de-los-albergues-rurales-municipales\/","og_locale":"es_ES","og_type":"article","og_title":"Publicado el CALENDARIO DE DISPONIBILIDAD de los Albergues Rurales Municipales - MI Ayuntamiento de Caudete","og_description":"P\u00e1gina Oficial del Ayuntamiento de Caudete (Albacete)","og_url":"https:\/\/www.caudete.org\/ayuntamiento\/publicado-el-calendario-de-disponibilidad-de-los-albergues-rurales-municipales\/","og_site_name":"MI Ayuntamiento de Caudete","article_publisher":"https:\/\/www.facebook.com\/ayuntamientocaudete\/","article_published_time":"2022-06-01T17:40:28+00:00","og_image":[{"width":864,"height":380,"url":"https:\/\/www.caudete.org\/ayuntamiento\/wp-content\/uploads\/2022\/04\/Albergue-Toconera-WEB.jpg","type":"image\/jpeg"}],"author":"alcalde","twitter_card":"summary_large_image","twitter_misc":{"Escrito por":"alcalde","Tiempo de lectura":"4 minutos"},"schema":{"@context":"https:\/\/schema.org","@graph":[{"@type":"Article","@id":"https:\/\/www.caudete.org\/ayuntamiento\/publicado-el-calendario-de-disponibilidad-de-los-albergues-rurales-municipales\/#article","isPartOf":{"@id":"https:\/\/www.caudete.org\/ayuntamiento\/publicado-el-calendario-de-disponibilidad-de-los-albergues-rurales-municipales\/"},"author":{"name":"alcalde","@id":"https:\/\/www.caudete.org\/ayuntamiento\/#\/schema\/person\/cc646da9133078ee4d8dd47457947253"},"headline":"Publicado el CALENDARIO DE DISPONIBILIDAD de los Albergues Rurales Municipales","datePublished":"2022-06-01T17:40:28+00:00","mainEntityOfPage":{"@id":"https:\/\/www.caudete.org\/ayuntamiento\/publicado-el-calendario-de-disponibilidad-de-los-albergues-rurales-municipales\/"},"wordCount":645,"image":{"@id":"https:\/\/www.caudete.org\/ayuntamiento\/publicado-el-calendario-de-disponibilidad-de-los-albergues-rurales-municipales\/#primaryimage"},"thumbnailUrl":"https:\/\/www.caudete.org\/ayuntamiento\/wp-content\/uploads\/2022\/04\/Albergue-Toconera-WEB.jpg","articleSection":["Turismo"],"inLanguage":"es"},{"@type":"WebPage","@id":"https:\/\/www.caudete.org\/ayuntamiento\/publicado-el-calendario-de-disponibilidad-de-los-albergues-rurales-municipales\/","url":"https:\/\/www.caudete.org\/ayuntamiento\/publicado-el-calendario-de-disponibilidad-de-los-albergues-rurales-municipales\/","name":"Publicado el CALENDARIO DE DISPONIBILIDAD de los Albergues Rurales Municipales - MI Ayuntamiento de Caudete","isPartOf":{"@id":"https:\/\/www.caudete.org\/ayuntamiento\/#website"},"primaryImageOfPage":{"@id":"https:\/\/www.caudete.org\/ayuntamiento\/publicado-el-calendario-de-disponibilidad-de-los-albergues-rurales-municipales\/#primaryimage"},"image":{"@id":"https:\/\/www.caudete.org\/ayuntamiento\/publicado-el-calendario-de-disponibilidad-de-los-albergues-rurales-municipales\/#primaryimage"},"thumbnailUrl":"https:\/\/www.caudete.org\/ayuntamiento\/wp-content\/uploads\/2022\/04\/Albergue-Toconera-WEB.jpg","datePublished":"2022-06-01T17:40:28+00:00","author":{"@id":"https:\/\/www.caudete.org\/ayuntamiento\/#\/schema\/person\/cc646da9133078ee4d8dd47457947253"},"description":"P\u00e1gina Oficial del Ayuntamiento de Caudete (Albacete)","breadcrumb":{"@id":"https:\/\/www.caudete.org\/ayuntamiento\/publicado-el-calendario-de-disponibilidad-de-los-albergues-rurales-municipales\/#breadcrumb"},"inLanguage":"es","potentialAction":[{"@type":"ReadAction","target":["https:\/\/www.caudete.org\/ayuntamiento\/publicado-el-calendario-de-disponibilidad-de-los-albergues-rurales-municipales\/"]}]},{"@type":"ImageObject","inLanguage":"es","@id":"https:\/\/www.caudete.org\/ayuntamiento\/publicado-el-calendario-de-disponibilidad-de-los-albergues-rurales-municipales\/#primaryimage","url":"https:\/\/www.caudete.org\/ayuntamiento\/wp-content\/uploads\/2022\/04\/Albergue-Toconera-WEB.jpg","contentUrl":"https:\/\/www.caudete.org\/ayuntamiento\/wp-content\/uploads\/2022\/04\/Albergue-Toconera-WEB.jpg","width":864,"height":380},{"@type":"BreadcrumbList","@id":"https:\/\/www.caudete.org\/ayuntamiento\/publicado-el-calendario-de-disponibilidad-de-los-albergues-rurales-municipales\/#breadcrumb","itemListElement":[{"@type":"ListItem","position":1,"name":"Inicio","item":"https:\/\/www.caudete.org\/ayuntamiento\/"},{"@type":"ListItem","position":2,"name":"Publicado el CALENDARIO DE DISPONIBILIDAD de los Albergues Rurales Municipales"}]},{"@type":"WebSite","@id":"https:\/\/www.caudete.org\/ayuntamiento\/#website","url":"https:\/\/www.caudete.org\/ayuntamiento\/","name":"MI Ayuntamiento de Caudete","description":"P\u00e1gina Oficial del MI Ayuntamiento de Caudete","potentialAction":[{"@type":"SearchAction","target":{"@type":"EntryPoint","urlTemplate":"https:\/\/www.caudete.org\/ayuntamiento\/?s={search_term_string}"},"query-input":{"@type":"PropertyValueSpecification","valueRequired":true,"valueName":"search_term_string"}}],"inLanguage":"es"},{"@type":"Person","@id":"https:\/\/www.caudete.org\/ayuntamiento\/#\/schema\/person\/cc646da9133078ee4d8dd47457947253","name":"alcalde","image":{"@type":"ImageObject","inLanguage":"es","@id":"https:\/\/secure.gravatar.com\/avatar\/84a817ba065b29ff08d666b215a215f5c79186a645ccb25b14a663d48a130f77?s=96&d=mm&r=g","url":"https:\/\/secure.gravatar.com\/avatar\/84a817ba065b29ff08d666b215a215f5c79186a645ccb25b14a663d48a130f77?s=96&d=mm&r=g","contentUrl":"https:\/\/secure.gravatar.com\/avatar\/84a817ba065b29ff08d666b215a215f5c79186a645ccb25b14a663d48a130f77?s=96&d=mm&r=g","caption":"alcalde"},"url":"https:\/\/www.caudete.org\/ayuntamiento\/author\/alcalde\/"}]}},"_links":{"self":[{"href":"https:\/\/www.caudete.org\/ayuntamiento\/wp-json\/wp\/v2\/posts\/19252","targetHints":{"allow":["GET"]}}],"collection":[{"href":"https:\/\/www.caudete.org\/ayuntamiento\/wp-json\/wp\/v2\/posts"}],"about":[{"href":"https:\/\/www.caudete.org\/ayuntamiento\/wp-json\/wp\/v2\/types\/post"}],"author":[{"embeddable":true,"href":"https:\/\/www.caudete.org\/ayuntamiento\/wp-json\/wp\/v2\/users\/3"}],"replies":[{"embeddable":true,"href":"https:\/\/www.caudete.org\/ayuntamiento\/wp-json\/wp\/v2\/comments?post=19252"}],"version-history":[{"count":1,"href":"https:\/\/www.caudete.org\/ayuntamiento\/wp-json\/wp\/v2\/posts\/19252\/revisions"}],"predecessor-version":[{"id":19257,"href":"https:\/\/www.caudete.org\/ayuntamiento\/wp-json\/wp\/v2\/posts\/19252\/revisions\/19257"}],"wp:featuredmedia":[{"embeddable":true,"href":"https:\/\/www.caudete.org\/ayuntamiento\/wp-json\/wp\/v2\/media\/18710"}],"wp:attachment":[{"href":"https:\/\/www.caudete.org\/ayuntamiento\/wp-json\/wp\/v2\/media?parent=19252"}],"wp:term":[{"taxonomy":"category","embeddable":true,"href":"https:\/\/www.caudete.org\/ayuntamiento\/wp-json\/wp\/v2\/categories?post=19252"},{"taxonomy":"post_tag","embeddable":true,"href":"https:\/\/www.caudete.org\/ayuntamiento\/wp-json\/wp\/v2\/tags?post=19252"}],"curies":[{"name":"wp","href":"https:\/\/api.w.org\/{rel}","templated":true}]}}