{"id":19260,"date":"2022-06-02T08:41:01","date_gmt":"2022-06-02T06:41:01","guid":{"rendered":"https:\/\/www.caudete.org\/ayuntamiento\/?p=19260"},"modified":"2022-06-02T08:41:01","modified_gmt":"2022-06-02T06:41:01","slug":"sifu-brocoli-adjudicataria-del-contrato-de-zonas-verdes-por-320-701e-ano","status":"publish","type":"post","link":"https:\/\/www.caudete.org\/ayuntamiento\/sifu-brocoli-adjudicataria-del-contrato-de-zonas-verdes-por-320-701e-ano\/","title":{"rendered":"Sifu-Brocoli, adjudicataria del contrato de Zonas Verdes por 320.701\u20ac\/a\u00f1o"},"content":{"rendered":"<p style=\"text-align: justify;\">El pasado 11 de marzo se adjudic\u00f3 a la UTE SIFU-BROCOLI el contrato del servicio de mantenimiento de zonas verdes y arbolado viario, m\u00e1s conocido como contrato de Parques y Jardines, por un importe de 320.701 \u20ac\/a\u00f1o.<\/p>\n<p style=\"text-align: justify;\">As\u00ed lo ha comunicado est\u00e1 ma\u00f1ana el Concejal responsable Joaqu\u00edn Pag\u00e1n, qui\u00e9n a\u00f1ad\u00eda que el inicio del nuevo contrato fue el 11 de abril y con una duraci\u00f3n prevista de 2 a\u00f1os m\u00e1s la posibilidad de un a\u00f1o de pr\u00f3rroga.<\/p>\n<p style=\"text-align: justify;\">En la composici\u00f3n del personal, cuenta con la subrogaci\u00f3n de 4 operarios que ven\u00edan realizando las labores en el contrato vigente en el momento de la licitaci\u00f3n, m\u00e1s la contrataci\u00f3n de 1 nuevo operario, cuesti\u00f3n fijada en el Pliego y que el Consistorio consideraba elemental para una mejora del servicio, as\u00ed como un T\u00e9cnico responsable de la coordinaci\u00f3n del equipo.<\/p>\n<p style=\"text-align: justify;\">Adem\u00e1s, dando continuidad a la prestaci\u00f3n del servicio apoyado en un Centro Especial de Empleo, como acci\u00f3n social en la empleabilidad de personas con capacidades diversas, la UTE (uni\u00f3n temporal de empresas) SIFU-BROCOLI, complementa la plantilla con 9 personas m\u00e1s dedicadas al mantenimiento de nuestros \u201cParques y Jardines\u201d.<\/p>\n<p style=\"text-align: justify;\">En cuanto a recursos materiales y medios, el servicio cuenta con un cami\u00f3n volquete, un motocarro y la ampliaci\u00f3n de una furgoneta. Como mejoras se incorporan 1 desbrozadora, 1 nuevo cortasetos, 1 Hidrolimpiadora (carcher), 1 cuba de pulverizaci\u00f3n motor 100-125 litros con lanza y pistola, 1 mochila de pulverizaci\u00f3n 15 litros y material diverso de jardiner\u00eda y EPIS.<\/p>\n<p style=\"text-align: justify;\">Adem\u00e1s, se incluyen el mantenimiento y todos los gastos de combustible de los veh\u00edculos y la maquinaria.<\/p>\n<p style=\"text-align: justify;\">Dentro de los servicios b\u00e1sicos a los que atiende el contrato, encontramos:<\/p>\n<p style=\"text-align: justify;\">&#8211; Limpieza viaria.<\/p>\n<p style=\"text-align: justify;\">&#8211; Mantenimiento b\u00e1sico de redes riego y fuentes agua potable, atendiendo al parte mensual de incidencias.<\/p>\n<p style=\"text-align: justify;\">&#8211; Zonas especial sensibilidad: areneros zonas juegos infantiles (motocultor).<\/p>\n<p style=\"text-align: justify;\">&#8211; Riegos, podas, cavas y escardas, c\u00e9spedes (siegas y escarificado anual), desbroces, abonados,<\/p>\n<p style=\"text-align: justify;\">Tratamiento con Fitosanitarios, Reposiciones y plantaciones, Riego con cuba (80 horas\/a\u00f1o).<\/p>\n<p style=\"text-align: justify;\">&#8211; Mantenimiento fuentes ornamentales (Plan prevenci\u00f3n y control Legionella, limpieza, mantenimiento, tratamiento preventivo, anal\u00edtica legionellosis, Libro matenimiento-Registro, Certificados, Pintura de todas las fuentes 1 vez\/a\u00f1o).<\/p>\n<p style=\"text-align: justify;\">Como novedad a destacar en el nuevo contrato resaltan las actuaciones encaminadas a la realizaci\u00f3n de peque\u00f1as obras de reparaci\u00f3n en zonas verdes, por un importe m\u00e1ximo de 6.000 \u20ac\/a\u00f1o (principalmente se va a destinar a materiales y mano de obra para el mantenimiento de los Juegos Infantiles, pintura, peque\u00f1as obras, grifos, etc.).<\/p>\n<p style=\"text-align: justify;\">Finalizaba el Concejal poniendo toda su confianza en el equipo humano que materializa el servicio de mantenimiento de zonas verdes, a la vez que mostraba su satisfacci\u00f3n por las importantes mejoras que conlleva la nueva adjudicaci\u00f3n, cuestiones con las que el Departamento de Medio Ambiente y Servicios, y el propio Gobierno Municipal vienen trabajando tiempo atr\u00e1s para conseguirlas hace realidad con el objetivo de prestar un mejor servicio a los caudetanos.<\/p>\n","protected":false},"excerpt":{"rendered":"<p>El pasado 11 de marzo se adjudic\u00f3 a la UTE SIFU-BROCOLI el contrato del servicio de mantenimiento de zonas verdes y arbolado viario, m\u00e1s conocido como contrato de Parques y Jardines, por un importe de 320.701 \u20ac\/a\u00f1o. As\u00ed lo ha comunicado est\u00e1 ma\u00f1ana el Concejal responsable Joaqu\u00edn Pag\u00e1n, qui\u00e9n a\u00f1ad\u00eda que el inicio del nuevo &hellip;<\/p>\n","protected":false},"author":3,"featured_media":19261,"comment_status":"closed","ping_status":"open","sticky":false,"template":"","format":"standard","meta":{"ngg_post_thumbnail":0,"footnotes":""},"categories":[270],"tags":[],"class_list":["post-19260","post","type-post","status-publish","format-standard","has-post-thumbnail","hentry","category-servicios"],"yoast_head":"<!-- This site is optimized with the Yoast SEO plugin v27.5 - https:\/\/yoast.com\/product\/yoast-seo-wordpress\/ -->\n<title>Sifu-Brocoli, adjudicataria del contrato de Zonas Verdes por 320.701\u20ac\/a\u00f1o - MI Ayuntamiento de Caudete<\/title>\n<meta name=\"description\" content=\"P\u00e1gina Oficial del Ayuntamiento de Caudete (Albacete)\" \/>\n<meta name=\"robots\" content=\"index, follow, max-snippet:-1, max-image-preview:large, max-video-preview:-1\" \/>\n<link rel=\"canonical\" href=\"https:\/\/www.caudete.org\/ayuntamiento\/sifu-brocoli-adjudicataria-del-contrato-de-zonas-verdes-por-320-701e-ano\/\" \/>\n<meta property=\"og:locale\" content=\"es_ES\" \/>\n<meta property=\"og:type\" content=\"article\" \/>\n<meta property=\"og:title\" content=\"Sifu-Brocoli, adjudicataria del contrato de Zonas Verdes por 320.701\u20ac\/a\u00f1o - MI Ayuntamiento de Caudete\" \/>\n<meta property=\"og:description\" content=\"P\u00e1gina Oficial del Ayuntamiento de Caudete (Albacete)\" \/>\n<meta property=\"og:url\" content=\"https:\/\/www.caudete.org\/ayuntamiento\/sifu-brocoli-adjudicataria-del-contrato-de-zonas-verdes-por-320-701e-ano\/\" \/>\n<meta property=\"og:site_name\" content=\"MI Ayuntamiento de Caudete\" \/>\n<meta property=\"article:publisher\" content=\"https:\/\/www.facebook.com\/ayuntamientocaudete\/\" \/>\n<meta property=\"article:published_time\" content=\"2022-06-02T06:41:01+00:00\" \/>\n<meta property=\"og:image\" content=\"https:\/\/www.caudete.org\/ayuntamiento\/wp-content\/uploads\/2022\/06\/IMG-20220601-WA0017.jpg\" \/>\n\t<meta property=\"og:image:width\" content=\"2048\" \/>\n\t<meta property=\"og:image:height\" content=\"1393\" \/>\n\t<meta property=\"og:image:type\" content=\"image\/jpeg\" \/>\n<meta name=\"author\" content=\"alcalde\" \/>\n<meta name=\"twitter:card\" content=\"summary_large_image\" \/>\n<meta name=\"twitter:label1\" content=\"Escrito por\" \/>\n\t<meta name=\"twitter:data1\" content=\"alcalde\" \/>\n\t<meta name=\"twitter:label2\" content=\"Tiempo de lectura\" \/>\n\t<meta name=\"twitter:data2\" content=\"3 minutos\" \/>\n<script type=\"application\/ld+json\" class=\"yoast-schema-graph\">{\"@context\":\"https:\\\/\\\/schema.org\",\"@graph\":[{\"@type\":\"Article\",\"@id\":\"https:\\\/\\\/www.caudete.org\\\/ayuntamiento\\\/sifu-brocoli-adjudicataria-del-contrato-de-zonas-verdes-por-320-701e-ano\\\/#article\",\"isPartOf\":{\"@id\":\"https:\\\/\\\/www.caudete.org\\\/ayuntamiento\\\/sifu-brocoli-adjudicataria-del-contrato-de-zonas-verdes-por-320-701e-ano\\\/\"},\"author\":{\"name\":\"alcalde\",\"@id\":\"https:\\\/\\\/www.caudete.org\\\/ayuntamiento\\\/#\\\/schema\\\/person\\\/cc646da9133078ee4d8dd47457947253\"},\"headline\":\"Sifu-Brocoli, adjudicataria del contrato de Zonas Verdes por 320.701\u20ac\\\/a\u00f1o\",\"datePublished\":\"2022-06-02T06:41:01+00:00\",\"mainEntityOfPage\":{\"@id\":\"https:\\\/\\\/www.caudete.org\\\/ayuntamiento\\\/sifu-brocoli-adjudicataria-del-contrato-de-zonas-verdes-por-320-701e-ano\\\/\"},\"wordCount\":519,\"publisher\":{\"@id\":\"https:\\\/\\\/www.caudete.org\\\/ayuntamiento\\\/#organization\"},\"image\":{\"@id\":\"https:\\\/\\\/www.caudete.org\\\/ayuntamiento\\\/sifu-brocoli-adjudicataria-del-contrato-de-zonas-verdes-por-320-701e-ano\\\/#primaryimage\"},\"thumbnailUrl\":\"https:\\\/\\\/www.caudete.org\\\/ayuntamiento\\\/wp-content\\\/uploads\\\/2022\\\/06\\\/IMG-20220601-WA0017.jpg\",\"articleSection\":[\"Servicios\"],\"inLanguage\":\"es\"},{\"@type\":\"WebPage\",\"@id\":\"https:\\\/\\\/www.caudete.org\\\/ayuntamiento\\\/sifu-brocoli-adjudicataria-del-contrato-de-zonas-verdes-por-320-701e-ano\\\/\",\"url\":\"https:\\\/\\\/www.caudete.org\\\/ayuntamiento\\\/sifu-brocoli-adjudicataria-del-contrato-de-zonas-verdes-por-320-701e-ano\\\/\",\"name\":\"Sifu-Brocoli, adjudicataria del contrato de Zonas Verdes por 320.701\u20ac\\\/a\u00f1o - MI Ayuntamiento de Caudete\",\"isPartOf\":{\"@id\":\"https:\\\/\\\/www.caudete.org\\\/ayuntamiento\\\/#website\"},\"primaryImageOfPage\":{\"@id\":\"https:\\\/\\\/www.caudete.org\\\/ayuntamiento\\\/sifu-brocoli-adjudicataria-del-contrato-de-zonas-verdes-por-320-701e-ano\\\/#primaryimage\"},\"image\":{\"@id\":\"https:\\\/\\\/www.caudete.org\\\/ayuntamiento\\\/sifu-brocoli-adjudicataria-del-contrato-de-zonas-verdes-por-320-701e-ano\\\/#primaryimage\"},\"thumbnailUrl\":\"https:\\\/\\\/www.caudete.org\\\/ayuntamiento\\\/wp-content\\\/uploads\\\/2022\\\/06\\\/IMG-20220601-WA0017.jpg\",\"datePublished\":\"2022-06-02T06:41:01+00:00\",\"description\":\"P\u00e1gina Oficial del Ayuntamiento de Caudete (Albacete)\",\"breadcrumb\":{\"@id\":\"https:\\\/\\\/www.caudete.org\\\/ayuntamiento\\\/sifu-brocoli-adjudicataria-del-contrato-de-zonas-verdes-por-320-701e-ano\\\/#breadcrumb\"},\"inLanguage\":\"es\",\"potentialAction\":[{\"@type\":\"ReadAction\",\"target\":[\"https:\\\/\\\/www.caudete.org\\\/ayuntamiento\\\/sifu-brocoli-adjudicataria-del-contrato-de-zonas-verdes-por-320-701e-ano\\\/\"]}]},{\"@type\":\"ImageObject\",\"inLanguage\":\"es\",\"@id\":\"https:\\\/\\\/www.caudete.org\\\/ayuntamiento\\\/sifu-brocoli-adjudicataria-del-contrato-de-zonas-verdes-por-320-701e-ano\\\/#primaryimage\",\"url\":\"https:\\\/\\\/www.caudete.org\\\/ayuntamiento\\\/wp-content\\\/uploads\\\/2022\\\/06\\\/IMG-20220601-WA0017.jpg\",\"contentUrl\":\"https:\\\/\\\/www.caudete.org\\\/ayuntamiento\\\/wp-content\\\/uploads\\\/2022\\\/06\\\/IMG-20220601-WA0017.jpg\",\"width\":2048,\"height\":1393},{\"@type\":\"BreadcrumbList\",\"@id\":\"https:\\\/\\\/www.caudete.org\\\/ayuntamiento\\\/sifu-brocoli-adjudicataria-del-contrato-de-zonas-verdes-por-320-701e-ano\\\/#breadcrumb\",\"itemListElement\":[{\"@type\":\"ListItem\",\"position\":1,\"name\":\"Inicio\",\"item\":\"https:\\\/\\\/www.caudete.org\\\/ayuntamiento\\\/\"},{\"@type\":\"ListItem\",\"position\":2,\"name\":\"Sifu-Brocoli, adjudicataria del contrato de Zonas Verdes por 320.701\u20ac\\\/a\u00f1o\"}]},{\"@type\":\"WebSite\",\"@id\":\"https:\\\/\\\/www.caudete.org\\\/ayuntamiento\\\/#website\",\"url\":\"https:\\\/\\\/www.caudete.org\\\/ayuntamiento\\\/\",\"name\":\"MI Ayuntamiento de Caudete\",\"description\":\"P\u00e1gina Oficial del MI Ayuntamiento de Caudete\",\"publisher\":{\"@id\":\"https:\\\/\\\/www.caudete.org\\\/ayuntamiento\\\/#organization\"},\"potentialAction\":[{\"@type\":\"SearchAction\",\"target\":{\"@type\":\"EntryPoint\",\"urlTemplate\":\"https:\\\/\\\/www.caudete.org\\\/ayuntamiento\\\/?s={search_term_string}\"},\"query-input\":{\"@type\":\"PropertyValueSpecification\",\"valueRequired\":true,\"valueName\":\"search_term_string\"}}],\"inLanguage\":\"es\"},{\"@type\":\"Organization\",\"@id\":\"https:\\\/\\\/www.caudete.org\\\/ayuntamiento\\\/#organization\",\"name\":\"Ayuntamiento de Caudete\",\"url\":\"https:\\\/\\\/www.caudete.org\\\/ayuntamiento\\\/\",\"logo\":{\"@type\":\"ImageObject\",\"inLanguage\":\"es\",\"@id\":\"https:\\\/\\\/www.caudete.org\\\/ayuntamiento\\\/#\\\/schema\\\/logo\\\/image\\\/\",\"url\":\"https:\\\/\\\/www.caudete.org\\\/ayuntamiento\\\/wp-content\\\/uploads\\\/2020\\\/11\\\/logo_ayuntamiento_caudete.jpg\",\"contentUrl\":\"https:\\\/\\\/www.caudete.org\\\/ayuntamiento\\\/wp-content\\\/uploads\\\/2020\\\/11\\\/logo_ayuntamiento_caudete.jpg\",\"width\":600,\"height\":150,\"caption\":\"Ayuntamiento de Caudete\"},\"image\":{\"@id\":\"https:\\\/\\\/www.caudete.org\\\/ayuntamiento\\\/#\\\/schema\\\/logo\\\/image\\\/\"},\"sameAs\":[\"https:\\\/\\\/www.facebook.com\\\/ayuntamientocaudete\\\/\",\"https:\\\/\\\/www.youtube.com\\\/channel\\\/UC6VztHaooNsGpw-tNoBEFnQ\"]},{\"@type\":\"Person\",\"@id\":\"https:\\\/\\\/www.caudete.org\\\/ayuntamiento\\\/#\\\/schema\\\/person\\\/cc646da9133078ee4d8dd47457947253\",\"name\":\"alcalde\",\"image\":{\"@type\":\"ImageObject\",\"inLanguage\":\"es\",\"@id\":\"https:\\\/\\\/secure.gravatar.com\\\/avatar\\\/84a817ba065b29ff08d666b215a215f5c79186a645ccb25b14a663d48a130f77?s=96&d=mm&r=g\",\"url\":\"https:\\\/\\\/secure.gravatar.com\\\/avatar\\\/84a817ba065b29ff08d666b215a215f5c79186a645ccb25b14a663d48a130f77?s=96&d=mm&r=g\",\"contentUrl\":\"https:\\\/\\\/secure.gravatar.com\\\/avatar\\\/84a817ba065b29ff08d666b215a215f5c79186a645ccb25b14a663d48a130f77?s=96&d=mm&r=g\",\"caption\":\"alcalde\"},\"url\":\"https:\\\/\\\/www.caudete.org\\\/ayuntamiento\\\/author\\\/alcalde\\\/\"}]}<\/script>\n<!-- \/ Yoast SEO plugin. -->","yoast_head_json":{"title":"Sifu-Brocoli, adjudicataria del contrato de Zonas Verdes por 320.701\u20ac\/a\u00f1o - MI Ayuntamiento de Caudete","description":"P\u00e1gina Oficial del Ayuntamiento de Caudete (Albacete)","robots":{"index":"index","follow":"follow","max-snippet":"max-snippet:-1","max-image-preview":"max-image-preview:large","max-video-preview":"max-video-preview:-1"},"canonical":"https:\/\/www.caudete.org\/ayuntamiento\/sifu-brocoli-adjudicataria-del-contrato-de-zonas-verdes-por-320-701e-ano\/","og_locale":"es_ES","og_type":"article","og_title":"Sifu-Brocoli, adjudicataria del contrato de Zonas Verdes por 320.701\u20ac\/a\u00f1o - MI Ayuntamiento de Caudete","og_description":"P\u00e1gina Oficial del Ayuntamiento de Caudete (Albacete)","og_url":"https:\/\/www.caudete.org\/ayuntamiento\/sifu-brocoli-adjudicataria-del-contrato-de-zonas-verdes-por-320-701e-ano\/","og_site_name":"MI Ayuntamiento de Caudete","article_publisher":"https:\/\/www.facebook.com\/ayuntamientocaudete\/","article_published_time":"2022-06-02T06:41:01+00:00","og_image":[{"width":2048,"height":1393,"url":"https:\/\/www.caudete.org\/ayuntamiento\/wp-content\/uploads\/2022\/06\/IMG-20220601-WA0017.jpg","type":"image\/jpeg"}],"author":"alcalde","twitter_card":"summary_large_image","twitter_misc":{"Escrito por":"alcalde","Tiempo de lectura":"3 minutos"},"schema":{"@context":"https:\/\/schema.org","@graph":[{"@type":"Article","@id":"https:\/\/www.caudete.org\/ayuntamiento\/sifu-brocoli-adjudicataria-del-contrato-de-zonas-verdes-por-320-701e-ano\/#article","isPartOf":{"@id":"https:\/\/www.caudete.org\/ayuntamiento\/sifu-brocoli-adjudicataria-del-contrato-de-zonas-verdes-por-320-701e-ano\/"},"author":{"name":"alcalde","@id":"https:\/\/www.caudete.org\/ayuntamiento\/#\/schema\/person\/cc646da9133078ee4d8dd47457947253"},"headline":"Sifu-Brocoli, adjudicataria del contrato de Zonas Verdes por 320.701\u20ac\/a\u00f1o","datePublished":"2022-06-02T06:41:01+00:00","mainEntityOfPage":{"@id":"https:\/\/www.caudete.org\/ayuntamiento\/sifu-brocoli-adjudicataria-del-contrato-de-zonas-verdes-por-320-701e-ano\/"},"wordCount":519,"publisher":{"@id":"https:\/\/www.caudete.org\/ayuntamiento\/#organization"},"image":{"@id":"https:\/\/www.caudete.org\/ayuntamiento\/sifu-brocoli-adjudicataria-del-contrato-de-zonas-verdes-por-320-701e-ano\/#primaryimage"},"thumbnailUrl":"https:\/\/www.caudete.org\/ayuntamiento\/wp-content\/uploads\/2022\/06\/IMG-20220601-WA0017.jpg","articleSection":["Servicios"],"inLanguage":"es"},{"@type":"WebPage","@id":"https:\/\/www.caudete.org\/ayuntamiento\/sifu-brocoli-adjudicataria-del-contrato-de-zonas-verdes-por-320-701e-ano\/","url":"https:\/\/www.caudete.org\/ayuntamiento\/sifu-brocoli-adjudicataria-del-contrato-de-zonas-verdes-por-320-701e-ano\/","name":"Sifu-Brocoli, adjudicataria del contrato de Zonas Verdes por 320.701\u20ac\/a\u00f1o - MI Ayuntamiento de Caudete","isPartOf":{"@id":"https:\/\/www.caudete.org\/ayuntamiento\/#website"},"primaryImageOfPage":{"@id":"https:\/\/www.caudete.org\/ayuntamiento\/sifu-brocoli-adjudicataria-del-contrato-de-zonas-verdes-por-320-701e-ano\/#primaryimage"},"image":{"@id":"https:\/\/www.caudete.org\/ayuntamiento\/sifu-brocoli-adjudicataria-del-contrato-de-zonas-verdes-por-320-701e-ano\/#primaryimage"},"thumbnailUrl":"https:\/\/www.caudete.org\/ayuntamiento\/wp-content\/uploads\/2022\/06\/IMG-20220601-WA0017.jpg","datePublished":"2022-06-02T06:41:01+00:00","description":"P\u00e1gina Oficial del Ayuntamiento de Caudete (Albacete)","breadcrumb":{"@id":"https:\/\/www.caudete.org\/ayuntamiento\/sifu-brocoli-adjudicataria-del-contrato-de-zonas-verdes-por-320-701e-ano\/#breadcrumb"},"inLanguage":"es","potentialAction":[{"@type":"ReadAction","target":["https:\/\/www.caudete.org\/ayuntamiento\/sifu-brocoli-adjudicataria-del-contrato-de-zonas-verdes-por-320-701e-ano\/"]}]},{"@type":"ImageObject","inLanguage":"es","@id":"https:\/\/www.caudete.org\/ayuntamiento\/sifu-brocoli-adjudicataria-del-contrato-de-zonas-verdes-por-320-701e-ano\/#primaryimage","url":"https:\/\/www.caudete.org\/ayuntamiento\/wp-content\/uploads\/2022\/06\/IMG-20220601-WA0017.jpg","contentUrl":"https:\/\/www.caudete.org\/ayuntamiento\/wp-content\/uploads\/2022\/06\/IMG-20220601-WA0017.jpg","width":2048,"height":1393},{"@type":"BreadcrumbList","@id":"https:\/\/www.caudete.org\/ayuntamiento\/sifu-brocoli-adjudicataria-del-contrato-de-zonas-verdes-por-320-701e-ano\/#breadcrumb","itemListElement":[{"@type":"ListItem","position":1,"name":"Inicio","item":"https:\/\/www.caudete.org\/ayuntamiento\/"},{"@type":"ListItem","position":2,"name":"Sifu-Brocoli, adjudicataria del contrato de Zonas Verdes por 320.701\u20ac\/a\u00f1o"}]},{"@type":"WebSite","@id":"https:\/\/www.caudete.org\/ayuntamiento\/#website","url":"https:\/\/www.caudete.org\/ayuntamiento\/","name":"MI Ayuntamiento de Caudete","description":"P\u00e1gina Oficial del MI Ayuntamiento de Caudete","publisher":{"@id":"https:\/\/www.caudete.org\/ayuntamiento\/#organization"},"potentialAction":[{"@type":"SearchAction","target":{"@type":"EntryPoint","urlTemplate":"https:\/\/www.caudete.org\/ayuntamiento\/?s={search_term_string}"},"query-input":{"@type":"PropertyValueSpecification","valueRequired":true,"valueName":"search_term_string"}}],"inLanguage":"es"},{"@type":"Organization","@id":"https:\/\/www.caudete.org\/ayuntamiento\/#organization","name":"Ayuntamiento de Caudete","url":"https:\/\/www.caudete.org\/ayuntamiento\/","logo":{"@type":"ImageObject","inLanguage":"es","@id":"https:\/\/www.caudete.org\/ayuntamiento\/#\/schema\/logo\/image\/","url":"https:\/\/www.caudete.org\/ayuntamiento\/wp-content\/uploads\/2020\/11\/logo_ayuntamiento_caudete.jpg","contentUrl":"https:\/\/www.caudete.org\/ayuntamiento\/wp-content\/uploads\/2020\/11\/logo_ayuntamiento_caudete.jpg","width":600,"height":150,"caption":"Ayuntamiento de Caudete"},"image":{"@id":"https:\/\/www.caudete.org\/ayuntamiento\/#\/schema\/logo\/image\/"},"sameAs":["https:\/\/www.facebook.com\/ayuntamientocaudete\/","https:\/\/www.youtube.com\/channel\/UC6VztHaooNsGpw-tNoBEFnQ"]},{"@type":"Person","@id":"https:\/\/www.caudete.org\/ayuntamiento\/#\/schema\/person\/cc646da9133078ee4d8dd47457947253","name":"alcalde","image":{"@type":"ImageObject","inLanguage":"es","@id":"https:\/\/secure.gravatar.com\/avatar\/84a817ba065b29ff08d666b215a215f5c79186a645ccb25b14a663d48a130f77?s=96&d=mm&r=g","url":"https:\/\/secure.gravatar.com\/avatar\/84a817ba065b29ff08d666b215a215f5c79186a645ccb25b14a663d48a130f77?s=96&d=mm&r=g","contentUrl":"https:\/\/secure.gravatar.com\/avatar\/84a817ba065b29ff08d666b215a215f5c79186a645ccb25b14a663d48a130f77?s=96&d=mm&r=g","caption":"alcalde"},"url":"https:\/\/www.caudete.org\/ayuntamiento\/author\/alcalde\/"}]}},"_links":{"self":[{"href":"https:\/\/www.caudete.org\/ayuntamiento\/wp-json\/wp\/v2\/posts\/19260","targetHints":{"allow":["GET"]}}],"collection":[{"href":"https:\/\/www.caudete.org\/ayuntamiento\/wp-json\/wp\/v2\/posts"}],"about":[{"href":"https:\/\/www.caudete.org\/ayuntamiento\/wp-json\/wp\/v2\/types\/post"}],"author":[{"embeddable":true,"href":"https:\/\/www.caudete.org\/ayuntamiento\/wp-json\/wp\/v2\/users\/3"}],"replies":[{"embeddable":true,"href":"https:\/\/www.caudete.org\/ayuntamiento\/wp-json\/wp\/v2\/comments?post=19260"}],"version-history":[{"count":1,"href":"https:\/\/www.caudete.org\/ayuntamiento\/wp-json\/wp\/v2\/posts\/19260\/revisions"}],"predecessor-version":[{"id":19262,"href":"https:\/\/www.caudete.org\/ayuntamiento\/wp-json\/wp\/v2\/posts\/19260\/revisions\/19262"}],"wp:featuredmedia":[{"embeddable":true,"href":"https:\/\/www.caudete.org\/ayuntamiento\/wp-json\/wp\/v2\/media\/19261"}],"wp:attachment":[{"href":"https:\/\/www.caudete.org\/ayuntamiento\/wp-json\/wp\/v2\/media?parent=19260"}],"wp:term":[{"taxonomy":"category","embeddable":true,"href":"https:\/\/www.caudete.org\/ayuntamiento\/wp-json\/wp\/v2\/categories?post=19260"},{"taxonomy":"post_tag","embeddable":true,"href":"https:\/\/www.caudete.org\/ayuntamiento\/wp-json\/wp\/v2\/tags?post=19260"}],"curies":[{"name":"wp","href":"https:\/\/api.w.org\/{rel}","templated":true}]}}