{"id":19266,"date":"2022-06-02T13:56:09","date_gmt":"2022-06-02T11:56:09","guid":{"rendered":"https:\/\/www.caudete.org\/ayuntamiento\/?p=19266"},"modified":"2022-06-02T13:56:09","modified_gmt":"2022-06-02T11:56:09","slug":"el-gobierno-municipal-destina-10-000e-para-contribuir-con-el-santuario-de-la-virgen-de-gracia","status":"publish","type":"post","link":"https:\/\/www.caudete.org\/ayuntamiento\/el-gobierno-municipal-destina-10-000e-para-contribuir-con-el-santuario-de-la-virgen-de-gracia\/","title":{"rendered":"El Gobierno Municipal destina 10.000\u20ac para contribuir con el Santuario de la Virgen de Gracia"},"content":{"rendered":"<p style=\"text-align: justify;\">El pasado Pleno Extraordinario del 6 de Mayo el Gobierno Municipal consigui\u00f3 aprobar una ayuda de 10.000\u20ac para contribuir a las necesidades urgentes que el Santuario-Basil\u00edca de la Virgen de Gracia precisa acometer: desde las humedades en la fachada que est\u00e1n deteriorando el fresco de 1907 pintado por Esp\u00ed, pasando por las filtraciones en cubierta o la adecuaci\u00f3n de la zona exterior donde recientemente procedieron a eliminar los pinos.<\/p>\n<p style=\"text-align: justify;\">El edificio, catalogado BIC en 1992 est\u00e1 gestionado por la Muy Ilustre Mayordom\u00eda y Cofrad\u00eda de Nuestra Se\u00f1ora de Gracia, con quien el Consistorio ha mantenido diferentes reuniones para establecer la colaboraci\u00f3n del Ayuntamiento con la misma, como patrimonio municipal que es el conjunto, lugar emblem\u00e1tico y de afluencia, as\u00ed como lugar de culto y visita a la Virgen de Gracia, Patrona de Caudete.<\/p>\n<p style=\"text-align: justify;\">El Alcalde ha mostrado su compromiso con la Mayordom\u00eda para poder colaborar con la rehabilitaci\u00f3n y puesta en valor de este lugar tan entra\u00f1able y querido para los caudetanos, que tal y como ha expresado &#8220;<em>se materializa con este destino de fondos municipales<\/em>&#8221; y que ya ha adelantado &#8220;<em>continuar\u00e1n para cofinanciar las obras necesarias que permitan restaurar la fachada principal<\/em>&#8220;.<\/p>\n","protected":false},"excerpt":{"rendered":"<p>El pasado Pleno Extraordinario del 6 de Mayo el Gobierno Municipal consigui\u00f3 aprobar una ayuda de 10.000\u20ac para contribuir a las necesidades urgentes que el Santuario-Basil\u00edca de la Virgen de Gracia precisa acometer: desde las humedades en la fachada que est\u00e1n deteriorando el fresco de 1907 pintado por Esp\u00ed, pasando por las filtraciones en cubierta &hellip;<\/p>\n","protected":false},"author":3,"featured_media":19267,"comment_status":"closed","ping_status":"open","sticky":false,"template":"","format":"standard","meta":{"ngg_post_thumbnail":0,"footnotes":""},"categories":[45],"tags":[],"class_list":["post-19266","post","type-post","status-publish","format-standard","has-post-thumbnail","hentry","category-patrimonio"],"yoast_head":"<!-- This site is optimized with the Yoast SEO plugin v27.5 - https:\/\/yoast.com\/product\/yoast-seo-wordpress\/ -->\n<title>El Gobierno Municipal destina 10.000\u20ac para contribuir con el Santuario de la Virgen de Gracia - MI Ayuntamiento de Caudete<\/title>\n<meta name=\"description\" content=\"P\u00e1gina Oficial del Ayuntamiento de Caudete (Albacete)\" \/>\n<meta name=\"robots\" content=\"index, follow, max-snippet:-1, max-image-preview:large, max-video-preview:-1\" \/>\n<link rel=\"canonical\" href=\"https:\/\/www.caudete.org\/ayuntamiento\/el-gobierno-municipal-destina-10-000e-para-contribuir-con-el-santuario-de-la-virgen-de-gracia\/\" \/>\n<meta property=\"og:locale\" content=\"es_ES\" \/>\n<meta property=\"og:type\" content=\"article\" \/>\n<meta property=\"og:title\" content=\"El Gobierno Municipal destina 10.000\u20ac para contribuir con el Santuario de la Virgen de Gracia - MI Ayuntamiento de Caudete\" \/>\n<meta property=\"og:description\" content=\"P\u00e1gina Oficial del Ayuntamiento de Caudete (Albacete)\" \/>\n<meta property=\"og:url\" content=\"https:\/\/www.caudete.org\/ayuntamiento\/el-gobierno-municipal-destina-10-000e-para-contribuir-con-el-santuario-de-la-virgen-de-gracia\/\" \/>\n<meta property=\"og:site_name\" content=\"MI Ayuntamiento de Caudete\" \/>\n<meta property=\"article:publisher\" content=\"https:\/\/www.facebook.com\/ayuntamientocaudete\/\" \/>\n<meta property=\"article:published_time\" content=\"2022-06-02T11:56:09+00:00\" \/>\n<meta property=\"og:image\" content=\"https:\/\/www.caudete.org\/ayuntamiento\/wp-content\/uploads\/2022\/06\/31-Ermita-de-la-Virgen-de-Gracia-3.jpeg\" \/>\n\t<meta property=\"og:image:width\" content=\"800\" \/>\n\t<meta property=\"og:image:height\" content=\"600\" \/>\n\t<meta property=\"og:image:type\" content=\"image\/jpeg\" \/>\n<meta name=\"author\" content=\"alcalde\" \/>\n<meta name=\"twitter:card\" content=\"summary_large_image\" \/>\n<meta name=\"twitter:label1\" content=\"Escrito por\" \/>\n\t<meta name=\"twitter:data1\" content=\"alcalde\" \/>\n\t<meta name=\"twitter:label2\" content=\"Tiempo de lectura\" \/>\n\t<meta name=\"twitter:data2\" content=\"1 minuto\" \/>\n<script type=\"application\/ld+json\" class=\"yoast-schema-graph\">{\"@context\":\"https:\\\/\\\/schema.org\",\"@graph\":[{\"@type\":\"Article\",\"@id\":\"https:\\\/\\\/www.caudete.org\\\/ayuntamiento\\\/el-gobierno-municipal-destina-10-000e-para-contribuir-con-el-santuario-de-la-virgen-de-gracia\\\/#article\",\"isPartOf\":{\"@id\":\"https:\\\/\\\/www.caudete.org\\\/ayuntamiento\\\/el-gobierno-municipal-destina-10-000e-para-contribuir-con-el-santuario-de-la-virgen-de-gracia\\\/\"},\"author\":{\"name\":\"alcalde\",\"@id\":\"https:\\\/\\\/www.caudete.org\\\/ayuntamiento\\\/#\\\/schema\\\/person\\\/cc646da9133078ee4d8dd47457947253\"},\"headline\":\"El Gobierno Municipal destina 10.000\u20ac para contribuir con el Santuario de la Virgen de Gracia\",\"datePublished\":\"2022-06-02T11:56:09+00:00\",\"mainEntityOfPage\":{\"@id\":\"https:\\\/\\\/www.caudete.org\\\/ayuntamiento\\\/el-gobierno-municipal-destina-10-000e-para-contribuir-con-el-santuario-de-la-virgen-de-gracia\\\/\"},\"wordCount\":215,\"image\":{\"@id\":\"https:\\\/\\\/www.caudete.org\\\/ayuntamiento\\\/el-gobierno-municipal-destina-10-000e-para-contribuir-con-el-santuario-de-la-virgen-de-gracia\\\/#primaryimage\"},\"thumbnailUrl\":\"https:\\\/\\\/www.caudete.org\\\/ayuntamiento\\\/wp-content\\\/uploads\\\/2022\\\/06\\\/31-Ermita-de-la-Virgen-de-Gracia-3.jpeg\",\"articleSection\":[\"Patrimonio\"],\"inLanguage\":\"es\"},{\"@type\":\"WebPage\",\"@id\":\"https:\\\/\\\/www.caudete.org\\\/ayuntamiento\\\/el-gobierno-municipal-destina-10-000e-para-contribuir-con-el-santuario-de-la-virgen-de-gracia\\\/\",\"url\":\"https:\\\/\\\/www.caudete.org\\\/ayuntamiento\\\/el-gobierno-municipal-destina-10-000e-para-contribuir-con-el-santuario-de-la-virgen-de-gracia\\\/\",\"name\":\"El Gobierno Municipal destina 10.000\u20ac para contribuir con el Santuario de la Virgen de Gracia - MI Ayuntamiento de Caudete\",\"isPartOf\":{\"@id\":\"https:\\\/\\\/www.caudete.org\\\/ayuntamiento\\\/#website\"},\"primaryImageOfPage\":{\"@id\":\"https:\\\/\\\/www.caudete.org\\\/ayuntamiento\\\/el-gobierno-municipal-destina-10-000e-para-contribuir-con-el-santuario-de-la-virgen-de-gracia\\\/#primaryimage\"},\"image\":{\"@id\":\"https:\\\/\\\/www.caudete.org\\\/ayuntamiento\\\/el-gobierno-municipal-destina-10-000e-para-contribuir-con-el-santuario-de-la-virgen-de-gracia\\\/#primaryimage\"},\"thumbnailUrl\":\"https:\\\/\\\/www.caudete.org\\\/ayuntamiento\\\/wp-content\\\/uploads\\\/2022\\\/06\\\/31-Ermita-de-la-Virgen-de-Gracia-3.jpeg\",\"datePublished\":\"2022-06-02T11:56:09+00:00\",\"author\":{\"@id\":\"https:\\\/\\\/www.caudete.org\\\/ayuntamiento\\\/#\\\/schema\\\/person\\\/cc646da9133078ee4d8dd47457947253\"},\"description\":\"P\u00e1gina Oficial del Ayuntamiento de Caudete (Albacete)\",\"breadcrumb\":{\"@id\":\"https:\\\/\\\/www.caudete.org\\\/ayuntamiento\\\/el-gobierno-municipal-destina-10-000e-para-contribuir-con-el-santuario-de-la-virgen-de-gracia\\\/#breadcrumb\"},\"inLanguage\":\"es\",\"potentialAction\":[{\"@type\":\"ReadAction\",\"target\":[\"https:\\\/\\\/www.caudete.org\\\/ayuntamiento\\\/el-gobierno-municipal-destina-10-000e-para-contribuir-con-el-santuario-de-la-virgen-de-gracia\\\/\"]}]},{\"@type\":\"ImageObject\",\"inLanguage\":\"es\",\"@id\":\"https:\\\/\\\/www.caudete.org\\\/ayuntamiento\\\/el-gobierno-municipal-destina-10-000e-para-contribuir-con-el-santuario-de-la-virgen-de-gracia\\\/#primaryimage\",\"url\":\"https:\\\/\\\/www.caudete.org\\\/ayuntamiento\\\/wp-content\\\/uploads\\\/2022\\\/06\\\/31-Ermita-de-la-Virgen-de-Gracia-3.jpeg\",\"contentUrl\":\"https:\\\/\\\/www.caudete.org\\\/ayuntamiento\\\/wp-content\\\/uploads\\\/2022\\\/06\\\/31-Ermita-de-la-Virgen-de-Gracia-3.jpeg\",\"width\":800,\"height\":600},{\"@type\":\"BreadcrumbList\",\"@id\":\"https:\\\/\\\/www.caudete.org\\\/ayuntamiento\\\/el-gobierno-municipal-destina-10-000e-para-contribuir-con-el-santuario-de-la-virgen-de-gracia\\\/#breadcrumb\",\"itemListElement\":[{\"@type\":\"ListItem\",\"position\":1,\"name\":\"Inicio\",\"item\":\"https:\\\/\\\/www.caudete.org\\\/ayuntamiento\\\/\"},{\"@type\":\"ListItem\",\"position\":2,\"name\":\"El Gobierno Municipal destina 10.000\u20ac para contribuir con el Santuario de la Virgen de Gracia\"}]},{\"@type\":\"WebSite\",\"@id\":\"https:\\\/\\\/www.caudete.org\\\/ayuntamiento\\\/#website\",\"url\":\"https:\\\/\\\/www.caudete.org\\\/ayuntamiento\\\/\",\"name\":\"MI Ayuntamiento de Caudete\",\"description\":\"P\u00e1gina Oficial del MI Ayuntamiento de Caudete\",\"potentialAction\":[{\"@type\":\"SearchAction\",\"target\":{\"@type\":\"EntryPoint\",\"urlTemplate\":\"https:\\\/\\\/www.caudete.org\\\/ayuntamiento\\\/?s={search_term_string}\"},\"query-input\":{\"@type\":\"PropertyValueSpecification\",\"valueRequired\":true,\"valueName\":\"search_term_string\"}}],\"inLanguage\":\"es\"},{\"@type\":\"Person\",\"@id\":\"https:\\\/\\\/www.caudete.org\\\/ayuntamiento\\\/#\\\/schema\\\/person\\\/cc646da9133078ee4d8dd47457947253\",\"name\":\"alcalde\",\"image\":{\"@type\":\"ImageObject\",\"inLanguage\":\"es\",\"@id\":\"https:\\\/\\\/secure.gravatar.com\\\/avatar\\\/84a817ba065b29ff08d666b215a215f5c79186a645ccb25b14a663d48a130f77?s=96&d=mm&r=g\",\"url\":\"https:\\\/\\\/secure.gravatar.com\\\/avatar\\\/84a817ba065b29ff08d666b215a215f5c79186a645ccb25b14a663d48a130f77?s=96&d=mm&r=g\",\"contentUrl\":\"https:\\\/\\\/secure.gravatar.com\\\/avatar\\\/84a817ba065b29ff08d666b215a215f5c79186a645ccb25b14a663d48a130f77?s=96&d=mm&r=g\",\"caption\":\"alcalde\"},\"url\":\"https:\\\/\\\/www.caudete.org\\\/ayuntamiento\\\/author\\\/alcalde\\\/\"}]}<\/script>\n<!-- \/ Yoast SEO plugin. -->","yoast_head_json":{"title":"El Gobierno Municipal destina 10.000\u20ac para contribuir con el Santuario de la Virgen de Gracia - MI Ayuntamiento de Caudete","description":"P\u00e1gina Oficial del Ayuntamiento de Caudete (Albacete)","robots":{"index":"index","follow":"follow","max-snippet":"max-snippet:-1","max-image-preview":"max-image-preview:large","max-video-preview":"max-video-preview:-1"},"canonical":"https:\/\/www.caudete.org\/ayuntamiento\/el-gobierno-municipal-destina-10-000e-para-contribuir-con-el-santuario-de-la-virgen-de-gracia\/","og_locale":"es_ES","og_type":"article","og_title":"El Gobierno Municipal destina 10.000\u20ac para contribuir con el Santuario de la Virgen de Gracia - MI Ayuntamiento de Caudete","og_description":"P\u00e1gina Oficial del Ayuntamiento de Caudete (Albacete)","og_url":"https:\/\/www.caudete.org\/ayuntamiento\/el-gobierno-municipal-destina-10-000e-para-contribuir-con-el-santuario-de-la-virgen-de-gracia\/","og_site_name":"MI Ayuntamiento de Caudete","article_publisher":"https:\/\/www.facebook.com\/ayuntamientocaudete\/","article_published_time":"2022-06-02T11:56:09+00:00","og_image":[{"width":800,"height":600,"url":"https:\/\/www.caudete.org\/ayuntamiento\/wp-content\/uploads\/2022\/06\/31-Ermita-de-la-Virgen-de-Gracia-3.jpeg","type":"image\/jpeg"}],"author":"alcalde","twitter_card":"summary_large_image","twitter_misc":{"Escrito por":"alcalde","Tiempo de lectura":"1 minuto"},"schema":{"@context":"https:\/\/schema.org","@graph":[{"@type":"Article","@id":"https:\/\/www.caudete.org\/ayuntamiento\/el-gobierno-municipal-destina-10-000e-para-contribuir-con-el-santuario-de-la-virgen-de-gracia\/#article","isPartOf":{"@id":"https:\/\/www.caudete.org\/ayuntamiento\/el-gobierno-municipal-destina-10-000e-para-contribuir-con-el-santuario-de-la-virgen-de-gracia\/"},"author":{"name":"alcalde","@id":"https:\/\/www.caudete.org\/ayuntamiento\/#\/schema\/person\/cc646da9133078ee4d8dd47457947253"},"headline":"El Gobierno Municipal destina 10.000\u20ac para contribuir con el Santuario de la Virgen de Gracia","datePublished":"2022-06-02T11:56:09+00:00","mainEntityOfPage":{"@id":"https:\/\/www.caudete.org\/ayuntamiento\/el-gobierno-municipal-destina-10-000e-para-contribuir-con-el-santuario-de-la-virgen-de-gracia\/"},"wordCount":215,"image":{"@id":"https:\/\/www.caudete.org\/ayuntamiento\/el-gobierno-municipal-destina-10-000e-para-contribuir-con-el-santuario-de-la-virgen-de-gracia\/#primaryimage"},"thumbnailUrl":"https:\/\/www.caudete.org\/ayuntamiento\/wp-content\/uploads\/2022\/06\/31-Ermita-de-la-Virgen-de-Gracia-3.jpeg","articleSection":["Patrimonio"],"inLanguage":"es"},{"@type":"WebPage","@id":"https:\/\/www.caudete.org\/ayuntamiento\/el-gobierno-municipal-destina-10-000e-para-contribuir-con-el-santuario-de-la-virgen-de-gracia\/","url":"https:\/\/www.caudete.org\/ayuntamiento\/el-gobierno-municipal-destina-10-000e-para-contribuir-con-el-santuario-de-la-virgen-de-gracia\/","name":"El Gobierno Municipal destina 10.000\u20ac para contribuir con el Santuario de la Virgen de Gracia - MI Ayuntamiento de Caudete","isPartOf":{"@id":"https:\/\/www.caudete.org\/ayuntamiento\/#website"},"primaryImageOfPage":{"@id":"https:\/\/www.caudete.org\/ayuntamiento\/el-gobierno-municipal-destina-10-000e-para-contribuir-con-el-santuario-de-la-virgen-de-gracia\/#primaryimage"},"image":{"@id":"https:\/\/www.caudete.org\/ayuntamiento\/el-gobierno-municipal-destina-10-000e-para-contribuir-con-el-santuario-de-la-virgen-de-gracia\/#primaryimage"},"thumbnailUrl":"https:\/\/www.caudete.org\/ayuntamiento\/wp-content\/uploads\/2022\/06\/31-Ermita-de-la-Virgen-de-Gracia-3.jpeg","datePublished":"2022-06-02T11:56:09+00:00","author":{"@id":"https:\/\/www.caudete.org\/ayuntamiento\/#\/schema\/person\/cc646da9133078ee4d8dd47457947253"},"description":"P\u00e1gina Oficial del Ayuntamiento de Caudete (Albacete)","breadcrumb":{"@id":"https:\/\/www.caudete.org\/ayuntamiento\/el-gobierno-municipal-destina-10-000e-para-contribuir-con-el-santuario-de-la-virgen-de-gracia\/#breadcrumb"},"inLanguage":"es","potentialAction":[{"@type":"ReadAction","target":["https:\/\/www.caudete.org\/ayuntamiento\/el-gobierno-municipal-destina-10-000e-para-contribuir-con-el-santuario-de-la-virgen-de-gracia\/"]}]},{"@type":"ImageObject","inLanguage":"es","@id":"https:\/\/www.caudete.org\/ayuntamiento\/el-gobierno-municipal-destina-10-000e-para-contribuir-con-el-santuario-de-la-virgen-de-gracia\/#primaryimage","url":"https:\/\/www.caudete.org\/ayuntamiento\/wp-content\/uploads\/2022\/06\/31-Ermita-de-la-Virgen-de-Gracia-3.jpeg","contentUrl":"https:\/\/www.caudete.org\/ayuntamiento\/wp-content\/uploads\/2022\/06\/31-Ermita-de-la-Virgen-de-Gracia-3.jpeg","width":800,"height":600},{"@type":"BreadcrumbList","@id":"https:\/\/www.caudete.org\/ayuntamiento\/el-gobierno-municipal-destina-10-000e-para-contribuir-con-el-santuario-de-la-virgen-de-gracia\/#breadcrumb","itemListElement":[{"@type":"ListItem","position":1,"name":"Inicio","item":"https:\/\/www.caudete.org\/ayuntamiento\/"},{"@type":"ListItem","position":2,"name":"El Gobierno Municipal destina 10.000\u20ac para contribuir con el Santuario de la Virgen de Gracia"}]},{"@type":"WebSite","@id":"https:\/\/www.caudete.org\/ayuntamiento\/#website","url":"https:\/\/www.caudete.org\/ayuntamiento\/","name":"MI Ayuntamiento de Caudete","description":"P\u00e1gina Oficial del MI Ayuntamiento de Caudete","potentialAction":[{"@type":"SearchAction","target":{"@type":"EntryPoint","urlTemplate":"https:\/\/www.caudete.org\/ayuntamiento\/?s={search_term_string}"},"query-input":{"@type":"PropertyValueSpecification","valueRequired":true,"valueName":"search_term_string"}}],"inLanguage":"es"},{"@type":"Person","@id":"https:\/\/www.caudete.org\/ayuntamiento\/#\/schema\/person\/cc646da9133078ee4d8dd47457947253","name":"alcalde","image":{"@type":"ImageObject","inLanguage":"es","@id":"https:\/\/secure.gravatar.com\/avatar\/84a817ba065b29ff08d666b215a215f5c79186a645ccb25b14a663d48a130f77?s=96&d=mm&r=g","url":"https:\/\/secure.gravatar.com\/avatar\/84a817ba065b29ff08d666b215a215f5c79186a645ccb25b14a663d48a130f77?s=96&d=mm&r=g","contentUrl":"https:\/\/secure.gravatar.com\/avatar\/84a817ba065b29ff08d666b215a215f5c79186a645ccb25b14a663d48a130f77?s=96&d=mm&r=g","caption":"alcalde"},"url":"https:\/\/www.caudete.org\/ayuntamiento\/author\/alcalde\/"}]}},"_links":{"self":[{"href":"https:\/\/www.caudete.org\/ayuntamiento\/wp-json\/wp\/v2\/posts\/19266","targetHints":{"allow":["GET"]}}],"collection":[{"href":"https:\/\/www.caudete.org\/ayuntamiento\/wp-json\/wp\/v2\/posts"}],"about":[{"href":"https:\/\/www.caudete.org\/ayuntamiento\/wp-json\/wp\/v2\/types\/post"}],"author":[{"embeddable":true,"href":"https:\/\/www.caudete.org\/ayuntamiento\/wp-json\/wp\/v2\/users\/3"}],"replies":[{"embeddable":true,"href":"https:\/\/www.caudete.org\/ayuntamiento\/wp-json\/wp\/v2\/comments?post=19266"}],"version-history":[{"count":1,"href":"https:\/\/www.caudete.org\/ayuntamiento\/wp-json\/wp\/v2\/posts\/19266\/revisions"}],"predecessor-version":[{"id":19268,"href":"https:\/\/www.caudete.org\/ayuntamiento\/wp-json\/wp\/v2\/posts\/19266\/revisions\/19268"}],"wp:featuredmedia":[{"embeddable":true,"href":"https:\/\/www.caudete.org\/ayuntamiento\/wp-json\/wp\/v2\/media\/19267"}],"wp:attachment":[{"href":"https:\/\/www.caudete.org\/ayuntamiento\/wp-json\/wp\/v2\/media?parent=19266"}],"wp:term":[{"taxonomy":"category","embeddable":true,"href":"https:\/\/www.caudete.org\/ayuntamiento\/wp-json\/wp\/v2\/categories?post=19266"},{"taxonomy":"post_tag","embeddable":true,"href":"https:\/\/www.caudete.org\/ayuntamiento\/wp-json\/wp\/v2\/tags?post=19266"}],"curies":[{"name":"wp","href":"https:\/\/api.w.org\/{rel}","templated":true}]}}