{"id":19275,"date":"2022-06-03T09:34:31","date_gmt":"2022-06-03T07:34:31","guid":{"rendered":"https:\/\/www.caudete.org\/ayuntamiento\/?p=19275"},"modified":"2022-06-03T09:34:31","modified_gmt":"2022-06-03T07:34:31","slug":"este-viernes-se-llevara-a-cabo-la-clausura-de-la-universidad-popular-y-de-los-clubes-de-lectura","status":"publish","type":"post","link":"https:\/\/www.caudete.org\/ayuntamiento\/este-viernes-se-llevara-a-cabo-la-clausura-de-la-universidad-popular-y-de-los-clubes-de-lectura\/","title":{"rendered":"Este viernes se llevar\u00e1 a cabo la clausura de la UNIVERSIDAD POPULAR y de los CLUBES DE LECTURA"},"content":{"rendered":"<p style=\"text-align: justify;\">Este viernes, d\u00eda 3 de Junio a las 20:30 horas en el Auditorio Municipal de la Casa de Cultura de Caudete tendr\u00e1 lugar la clausura de la Universidad Popular y Clubes de lectura del presente curso 2021\/2022<\/p>\n<p style=\"text-align: justify;\">Luis Felipe Ba\u00f1\u00f3n, Concejal de Cultura manifestaba que un a\u00f1o m\u00e1s se han aunado los dos movimientos culturales representativos de la Casa de Cultura, como son los cursos de la Universidad Popular y los Clubes de Lectura de la Biblioteca P\u00fablica Municipal Ana Mar\u00eda Matute, para realizar una despedida de curso conjunta. Para poner este punto y final a las actividades del curso 2021\/2022, contaremos con la actuaci\u00f3n de Karmento, que nos presentar\u00e1 \u201cEste devenir\u201d, segundo \u00e1lbum de estudio de Karmento, que se sit\u00faa a medio camino entre el folclore y el pop. \u2018Este devenir\u2019 parte de la canci\u00f3n de autor y caminan a trav\u00e9s de la copla, el flamenco, la m\u00fasica \u00e9tnica o las seguidillas manchegas.<\/p>\n<p style=\"text-align: justify;\">A continuaci\u00f3n se abrir\u00e1n las puertas de la Sala de Exposiciones con los trabajos de fin de curso de la Universidad Popular y de los Clubes de Lectura, que permanecer\u00e1 abierta de lunes a viernes de 18:00 a 21:00 horas y los s\u00e1bados de 10:00-13:00 horas, hasta el 18 de junio.<\/p>\n<p style=\"text-align: justify;\">Finalizaremos esta Clausura con una exhibici\u00f3n de Bailes de Sal\u00f3n, a cargo de los alumnos y alumnas del curso de Bailes de Sal\u00f3n 2021-2022.<\/p>\n<p style=\"text-align: justify;\">La entrada al acto del Auditorio se realizar\u00e1 con invitaci\u00f3n a recoger en la propia Casa de Cultura. Esperamos contar con la participaci\u00f3n de todos nuestros alumnos y usuarios que durante este curso 2021\/2022 nos han acompa\u00f1ado.<\/p>\n","protected":false},"excerpt":{"rendered":"<p>Este viernes, d\u00eda 3 de Junio a las 20:30 horas en el Auditorio Municipal de la Casa de Cultura de Caudete tendr\u00e1 lugar la clausura de la Universidad Popular y Clubes de lectura del presente curso 2021\/2022 Luis Felipe Ba\u00f1\u00f3n, Concejal de Cultura manifestaba que un a\u00f1o m\u00e1s se han aunado los dos movimientos culturales &hellip;<\/p>\n","protected":false},"author":3,"featured_media":19272,"comment_status":"closed","ping_status":"open","sticky":false,"template":"","format":"standard","meta":{"ngg_post_thumbnail":0,"footnotes":""},"categories":[14],"tags":[],"class_list":["post-19275","post","type-post","status-publish","format-standard","has-post-thumbnail","hentry","category-cultura"],"yoast_head":"<!-- This site is optimized with the Yoast SEO plugin v27.5 - https:\/\/yoast.com\/product\/yoast-seo-wordpress\/ -->\n<title>Este viernes se llevar\u00e1 a cabo la clausura de la UNIVERSIDAD POPULAR y de los CLUBES DE LECTURA - MI Ayuntamiento de Caudete<\/title>\n<meta name=\"description\" content=\"P\u00e1gina Oficial del Ayuntamiento de Caudete (Albacete)\" \/>\n<meta name=\"robots\" content=\"index, follow, max-snippet:-1, max-image-preview:large, max-video-preview:-1\" \/>\n<link rel=\"canonical\" href=\"https:\/\/www.caudete.org\/ayuntamiento\/este-viernes-se-llevara-a-cabo-la-clausura-de-la-universidad-popular-y-de-los-clubes-de-lectura\/\" \/>\n<meta property=\"og:locale\" content=\"es_ES\" \/>\n<meta property=\"og:type\" content=\"article\" \/>\n<meta property=\"og:title\" content=\"Este viernes se llevar\u00e1 a cabo la clausura de la UNIVERSIDAD POPULAR y de los CLUBES DE LECTURA - MI Ayuntamiento de Caudete\" \/>\n<meta property=\"og:description\" content=\"P\u00e1gina Oficial del Ayuntamiento de Caudete (Albacete)\" \/>\n<meta property=\"og:url\" content=\"https:\/\/www.caudete.org\/ayuntamiento\/este-viernes-se-llevara-a-cabo-la-clausura-de-la-universidad-popular-y-de-los-clubes-de-lectura\/\" \/>\n<meta property=\"og:site_name\" content=\"MI Ayuntamiento de Caudete\" \/>\n<meta property=\"article:publisher\" content=\"https:\/\/www.facebook.com\/ayuntamientocaudete\/\" \/>\n<meta property=\"article:published_time\" content=\"2022-06-03T07:34:31+00:00\" \/>\n<meta property=\"og:image\" content=\"https:\/\/www.caudete.org\/ayuntamiento\/wp-content\/uploads\/2022\/06\/FB_IMG_1654240491084.jpg\" \/>\n\t<meta property=\"og:image:width\" content=\"720\" \/>\n\t<meta property=\"og:image:height\" content=\"405\" \/>\n\t<meta property=\"og:image:type\" content=\"image\/jpeg\" \/>\n<meta name=\"author\" content=\"alcalde\" \/>\n<meta name=\"twitter:card\" content=\"summary_large_image\" \/>\n<meta name=\"twitter:label1\" content=\"Escrito por\" \/>\n\t<meta name=\"twitter:data1\" content=\"alcalde\" \/>\n\t<meta name=\"twitter:label2\" content=\"Tiempo de lectura\" \/>\n\t<meta name=\"twitter:data2\" content=\"2 minutos\" \/>\n<script type=\"application\/ld+json\" class=\"yoast-schema-graph\">{\"@context\":\"https:\\\/\\\/schema.org\",\"@graph\":[{\"@type\":\"Article\",\"@id\":\"https:\\\/\\\/www.caudete.org\\\/ayuntamiento\\\/este-viernes-se-llevara-a-cabo-la-clausura-de-la-universidad-popular-y-de-los-clubes-de-lectura\\\/#article\",\"isPartOf\":{\"@id\":\"https:\\\/\\\/www.caudete.org\\\/ayuntamiento\\\/este-viernes-se-llevara-a-cabo-la-clausura-de-la-universidad-popular-y-de-los-clubes-de-lectura\\\/\"},\"author\":{\"name\":\"alcalde\",\"@id\":\"https:\\\/\\\/www.caudete.org\\\/ayuntamiento\\\/#\\\/schema\\\/person\\\/cc646da9133078ee4d8dd47457947253\"},\"headline\":\"Este viernes se llevar\u00e1 a cabo la clausura de la UNIVERSIDAD POPULAR y de los CLUBES DE LECTURA\",\"datePublished\":\"2022-06-03T07:34:31+00:00\",\"mainEntityOfPage\":{\"@id\":\"https:\\\/\\\/www.caudete.org\\\/ayuntamiento\\\/este-viernes-se-llevara-a-cabo-la-clausura-de-la-universidad-popular-y-de-los-clubes-de-lectura\\\/\"},\"wordCount\":296,\"image\":{\"@id\":\"https:\\\/\\\/www.caudete.org\\\/ayuntamiento\\\/este-viernes-se-llevara-a-cabo-la-clausura-de-la-universidad-popular-y-de-los-clubes-de-lectura\\\/#primaryimage\"},\"thumbnailUrl\":\"https:\\\/\\\/www.caudete.org\\\/ayuntamiento\\\/wp-content\\\/uploads\\\/2022\\\/06\\\/FB_IMG_1654240491084.jpg\",\"articleSection\":[\"Cultura\"],\"inLanguage\":\"es\"},{\"@type\":\"WebPage\",\"@id\":\"https:\\\/\\\/www.caudete.org\\\/ayuntamiento\\\/este-viernes-se-llevara-a-cabo-la-clausura-de-la-universidad-popular-y-de-los-clubes-de-lectura\\\/\",\"url\":\"https:\\\/\\\/www.caudete.org\\\/ayuntamiento\\\/este-viernes-se-llevara-a-cabo-la-clausura-de-la-universidad-popular-y-de-los-clubes-de-lectura\\\/\",\"name\":\"Este viernes se llevar\u00e1 a cabo la clausura de la UNIVERSIDAD POPULAR y de los CLUBES DE LECTURA - MI Ayuntamiento de Caudete\",\"isPartOf\":{\"@id\":\"https:\\\/\\\/www.caudete.org\\\/ayuntamiento\\\/#website\"},\"primaryImageOfPage\":{\"@id\":\"https:\\\/\\\/www.caudete.org\\\/ayuntamiento\\\/este-viernes-se-llevara-a-cabo-la-clausura-de-la-universidad-popular-y-de-los-clubes-de-lectura\\\/#primaryimage\"},\"image\":{\"@id\":\"https:\\\/\\\/www.caudete.org\\\/ayuntamiento\\\/este-viernes-se-llevara-a-cabo-la-clausura-de-la-universidad-popular-y-de-los-clubes-de-lectura\\\/#primaryimage\"},\"thumbnailUrl\":\"https:\\\/\\\/www.caudete.org\\\/ayuntamiento\\\/wp-content\\\/uploads\\\/2022\\\/06\\\/FB_IMG_1654240491084.jpg\",\"datePublished\":\"2022-06-03T07:34:31+00:00\",\"author\":{\"@id\":\"https:\\\/\\\/www.caudete.org\\\/ayuntamiento\\\/#\\\/schema\\\/person\\\/cc646da9133078ee4d8dd47457947253\"},\"description\":\"P\u00e1gina Oficial del Ayuntamiento de Caudete (Albacete)\",\"breadcrumb\":{\"@id\":\"https:\\\/\\\/www.caudete.org\\\/ayuntamiento\\\/este-viernes-se-llevara-a-cabo-la-clausura-de-la-universidad-popular-y-de-los-clubes-de-lectura\\\/#breadcrumb\"},\"inLanguage\":\"es\",\"potentialAction\":[{\"@type\":\"ReadAction\",\"target\":[\"https:\\\/\\\/www.caudete.org\\\/ayuntamiento\\\/este-viernes-se-llevara-a-cabo-la-clausura-de-la-universidad-popular-y-de-los-clubes-de-lectura\\\/\"]}]},{\"@type\":\"ImageObject\",\"inLanguage\":\"es\",\"@id\":\"https:\\\/\\\/www.caudete.org\\\/ayuntamiento\\\/este-viernes-se-llevara-a-cabo-la-clausura-de-la-universidad-popular-y-de-los-clubes-de-lectura\\\/#primaryimage\",\"url\":\"https:\\\/\\\/www.caudete.org\\\/ayuntamiento\\\/wp-content\\\/uploads\\\/2022\\\/06\\\/FB_IMG_1654240491084.jpg\",\"contentUrl\":\"https:\\\/\\\/www.caudete.org\\\/ayuntamiento\\\/wp-content\\\/uploads\\\/2022\\\/06\\\/FB_IMG_1654240491084.jpg\",\"width\":720,\"height\":405},{\"@type\":\"BreadcrumbList\",\"@id\":\"https:\\\/\\\/www.caudete.org\\\/ayuntamiento\\\/este-viernes-se-llevara-a-cabo-la-clausura-de-la-universidad-popular-y-de-los-clubes-de-lectura\\\/#breadcrumb\",\"itemListElement\":[{\"@type\":\"ListItem\",\"position\":1,\"name\":\"Inicio\",\"item\":\"https:\\\/\\\/www.caudete.org\\\/ayuntamiento\\\/\"},{\"@type\":\"ListItem\",\"position\":2,\"name\":\"Este viernes se llevar\u00e1 a cabo la clausura de la UNIVERSIDAD POPULAR y de los CLUBES DE LECTURA\"}]},{\"@type\":\"WebSite\",\"@id\":\"https:\\\/\\\/www.caudete.org\\\/ayuntamiento\\\/#website\",\"url\":\"https:\\\/\\\/www.caudete.org\\\/ayuntamiento\\\/\",\"name\":\"MI Ayuntamiento de Caudete\",\"description\":\"P\u00e1gina Oficial del MI Ayuntamiento de Caudete\",\"potentialAction\":[{\"@type\":\"SearchAction\",\"target\":{\"@type\":\"EntryPoint\",\"urlTemplate\":\"https:\\\/\\\/www.caudete.org\\\/ayuntamiento\\\/?s={search_term_string}\"},\"query-input\":{\"@type\":\"PropertyValueSpecification\",\"valueRequired\":true,\"valueName\":\"search_term_string\"}}],\"inLanguage\":\"es\"},{\"@type\":\"Person\",\"@id\":\"https:\\\/\\\/www.caudete.org\\\/ayuntamiento\\\/#\\\/schema\\\/person\\\/cc646da9133078ee4d8dd47457947253\",\"name\":\"alcalde\",\"image\":{\"@type\":\"ImageObject\",\"inLanguage\":\"es\",\"@id\":\"https:\\\/\\\/secure.gravatar.com\\\/avatar\\\/84a817ba065b29ff08d666b215a215f5c79186a645ccb25b14a663d48a130f77?s=96&d=mm&r=g\",\"url\":\"https:\\\/\\\/secure.gravatar.com\\\/avatar\\\/84a817ba065b29ff08d666b215a215f5c79186a645ccb25b14a663d48a130f77?s=96&d=mm&r=g\",\"contentUrl\":\"https:\\\/\\\/secure.gravatar.com\\\/avatar\\\/84a817ba065b29ff08d666b215a215f5c79186a645ccb25b14a663d48a130f77?s=96&d=mm&r=g\",\"caption\":\"alcalde\"},\"url\":\"https:\\\/\\\/www.caudete.org\\\/ayuntamiento\\\/author\\\/alcalde\\\/\"}]}<\/script>\n<!-- \/ Yoast SEO plugin. -->","yoast_head_json":{"title":"Este viernes se llevar\u00e1 a cabo la clausura de la UNIVERSIDAD POPULAR y de los CLUBES DE LECTURA - MI Ayuntamiento de Caudete","description":"P\u00e1gina Oficial del Ayuntamiento de Caudete (Albacete)","robots":{"index":"index","follow":"follow","max-snippet":"max-snippet:-1","max-image-preview":"max-image-preview:large","max-video-preview":"max-video-preview:-1"},"canonical":"https:\/\/www.caudete.org\/ayuntamiento\/este-viernes-se-llevara-a-cabo-la-clausura-de-la-universidad-popular-y-de-los-clubes-de-lectura\/","og_locale":"es_ES","og_type":"article","og_title":"Este viernes se llevar\u00e1 a cabo la clausura de la UNIVERSIDAD POPULAR y de los CLUBES DE LECTURA - MI Ayuntamiento de Caudete","og_description":"P\u00e1gina Oficial del Ayuntamiento de Caudete (Albacete)","og_url":"https:\/\/www.caudete.org\/ayuntamiento\/este-viernes-se-llevara-a-cabo-la-clausura-de-la-universidad-popular-y-de-los-clubes-de-lectura\/","og_site_name":"MI Ayuntamiento de Caudete","article_publisher":"https:\/\/www.facebook.com\/ayuntamientocaudete\/","article_published_time":"2022-06-03T07:34:31+00:00","og_image":[{"width":720,"height":405,"url":"https:\/\/www.caudete.org\/ayuntamiento\/wp-content\/uploads\/2022\/06\/FB_IMG_1654240491084.jpg","type":"image\/jpeg"}],"author":"alcalde","twitter_card":"summary_large_image","twitter_misc":{"Escrito por":"alcalde","Tiempo de lectura":"2 minutos"},"schema":{"@context":"https:\/\/schema.org","@graph":[{"@type":"Article","@id":"https:\/\/www.caudete.org\/ayuntamiento\/este-viernes-se-llevara-a-cabo-la-clausura-de-la-universidad-popular-y-de-los-clubes-de-lectura\/#article","isPartOf":{"@id":"https:\/\/www.caudete.org\/ayuntamiento\/este-viernes-se-llevara-a-cabo-la-clausura-de-la-universidad-popular-y-de-los-clubes-de-lectura\/"},"author":{"name":"alcalde","@id":"https:\/\/www.caudete.org\/ayuntamiento\/#\/schema\/person\/cc646da9133078ee4d8dd47457947253"},"headline":"Este viernes se llevar\u00e1 a cabo la clausura de la UNIVERSIDAD POPULAR y de los CLUBES DE LECTURA","datePublished":"2022-06-03T07:34:31+00:00","mainEntityOfPage":{"@id":"https:\/\/www.caudete.org\/ayuntamiento\/este-viernes-se-llevara-a-cabo-la-clausura-de-la-universidad-popular-y-de-los-clubes-de-lectura\/"},"wordCount":296,"image":{"@id":"https:\/\/www.caudete.org\/ayuntamiento\/este-viernes-se-llevara-a-cabo-la-clausura-de-la-universidad-popular-y-de-los-clubes-de-lectura\/#primaryimage"},"thumbnailUrl":"https:\/\/www.caudete.org\/ayuntamiento\/wp-content\/uploads\/2022\/06\/FB_IMG_1654240491084.jpg","articleSection":["Cultura"],"inLanguage":"es"},{"@type":"WebPage","@id":"https:\/\/www.caudete.org\/ayuntamiento\/este-viernes-se-llevara-a-cabo-la-clausura-de-la-universidad-popular-y-de-los-clubes-de-lectura\/","url":"https:\/\/www.caudete.org\/ayuntamiento\/este-viernes-se-llevara-a-cabo-la-clausura-de-la-universidad-popular-y-de-los-clubes-de-lectura\/","name":"Este viernes se llevar\u00e1 a cabo la clausura de la UNIVERSIDAD POPULAR y de los CLUBES DE LECTURA - MI Ayuntamiento de Caudete","isPartOf":{"@id":"https:\/\/www.caudete.org\/ayuntamiento\/#website"},"primaryImageOfPage":{"@id":"https:\/\/www.caudete.org\/ayuntamiento\/este-viernes-se-llevara-a-cabo-la-clausura-de-la-universidad-popular-y-de-los-clubes-de-lectura\/#primaryimage"},"image":{"@id":"https:\/\/www.caudete.org\/ayuntamiento\/este-viernes-se-llevara-a-cabo-la-clausura-de-la-universidad-popular-y-de-los-clubes-de-lectura\/#primaryimage"},"thumbnailUrl":"https:\/\/www.caudete.org\/ayuntamiento\/wp-content\/uploads\/2022\/06\/FB_IMG_1654240491084.jpg","datePublished":"2022-06-03T07:34:31+00:00","author":{"@id":"https:\/\/www.caudete.org\/ayuntamiento\/#\/schema\/person\/cc646da9133078ee4d8dd47457947253"},"description":"P\u00e1gina Oficial del Ayuntamiento de Caudete (Albacete)","breadcrumb":{"@id":"https:\/\/www.caudete.org\/ayuntamiento\/este-viernes-se-llevara-a-cabo-la-clausura-de-la-universidad-popular-y-de-los-clubes-de-lectura\/#breadcrumb"},"inLanguage":"es","potentialAction":[{"@type":"ReadAction","target":["https:\/\/www.caudete.org\/ayuntamiento\/este-viernes-se-llevara-a-cabo-la-clausura-de-la-universidad-popular-y-de-los-clubes-de-lectura\/"]}]},{"@type":"ImageObject","inLanguage":"es","@id":"https:\/\/www.caudete.org\/ayuntamiento\/este-viernes-se-llevara-a-cabo-la-clausura-de-la-universidad-popular-y-de-los-clubes-de-lectura\/#primaryimage","url":"https:\/\/www.caudete.org\/ayuntamiento\/wp-content\/uploads\/2022\/06\/FB_IMG_1654240491084.jpg","contentUrl":"https:\/\/www.caudete.org\/ayuntamiento\/wp-content\/uploads\/2022\/06\/FB_IMG_1654240491084.jpg","width":720,"height":405},{"@type":"BreadcrumbList","@id":"https:\/\/www.caudete.org\/ayuntamiento\/este-viernes-se-llevara-a-cabo-la-clausura-de-la-universidad-popular-y-de-los-clubes-de-lectura\/#breadcrumb","itemListElement":[{"@type":"ListItem","position":1,"name":"Inicio","item":"https:\/\/www.caudete.org\/ayuntamiento\/"},{"@type":"ListItem","position":2,"name":"Este viernes se llevar\u00e1 a cabo la clausura de la UNIVERSIDAD POPULAR y de los CLUBES DE LECTURA"}]},{"@type":"WebSite","@id":"https:\/\/www.caudete.org\/ayuntamiento\/#website","url":"https:\/\/www.caudete.org\/ayuntamiento\/","name":"MI Ayuntamiento de Caudete","description":"P\u00e1gina Oficial del MI Ayuntamiento de Caudete","potentialAction":[{"@type":"SearchAction","target":{"@type":"EntryPoint","urlTemplate":"https:\/\/www.caudete.org\/ayuntamiento\/?s={search_term_string}"},"query-input":{"@type":"PropertyValueSpecification","valueRequired":true,"valueName":"search_term_string"}}],"inLanguage":"es"},{"@type":"Person","@id":"https:\/\/www.caudete.org\/ayuntamiento\/#\/schema\/person\/cc646da9133078ee4d8dd47457947253","name":"alcalde","image":{"@type":"ImageObject","inLanguage":"es","@id":"https:\/\/secure.gravatar.com\/avatar\/84a817ba065b29ff08d666b215a215f5c79186a645ccb25b14a663d48a130f77?s=96&d=mm&r=g","url":"https:\/\/secure.gravatar.com\/avatar\/84a817ba065b29ff08d666b215a215f5c79186a645ccb25b14a663d48a130f77?s=96&d=mm&r=g","contentUrl":"https:\/\/secure.gravatar.com\/avatar\/84a817ba065b29ff08d666b215a215f5c79186a645ccb25b14a663d48a130f77?s=96&d=mm&r=g","caption":"alcalde"},"url":"https:\/\/www.caudete.org\/ayuntamiento\/author\/alcalde\/"}]}},"_links":{"self":[{"href":"https:\/\/www.caudete.org\/ayuntamiento\/wp-json\/wp\/v2\/posts\/19275","targetHints":{"allow":["GET"]}}],"collection":[{"href":"https:\/\/www.caudete.org\/ayuntamiento\/wp-json\/wp\/v2\/posts"}],"about":[{"href":"https:\/\/www.caudete.org\/ayuntamiento\/wp-json\/wp\/v2\/types\/post"}],"author":[{"embeddable":true,"href":"https:\/\/www.caudete.org\/ayuntamiento\/wp-json\/wp\/v2\/users\/3"}],"replies":[{"embeddable":true,"href":"https:\/\/www.caudete.org\/ayuntamiento\/wp-json\/wp\/v2\/comments?post=19275"}],"version-history":[{"count":1,"href":"https:\/\/www.caudete.org\/ayuntamiento\/wp-json\/wp\/v2\/posts\/19275\/revisions"}],"predecessor-version":[{"id":19276,"href":"https:\/\/www.caudete.org\/ayuntamiento\/wp-json\/wp\/v2\/posts\/19275\/revisions\/19276"}],"wp:featuredmedia":[{"embeddable":true,"href":"https:\/\/www.caudete.org\/ayuntamiento\/wp-json\/wp\/v2\/media\/19272"}],"wp:attachment":[{"href":"https:\/\/www.caudete.org\/ayuntamiento\/wp-json\/wp\/v2\/media?parent=19275"}],"wp:term":[{"taxonomy":"category","embeddable":true,"href":"https:\/\/www.caudete.org\/ayuntamiento\/wp-json\/wp\/v2\/categories?post=19275"},{"taxonomy":"post_tag","embeddable":true,"href":"https:\/\/www.caudete.org\/ayuntamiento\/wp-json\/wp\/v2\/tags?post=19275"}],"curies":[{"name":"wp","href":"https:\/\/api.w.org\/{rel}","templated":true}]}}