{"id":19318,"date":"2022-06-08T13:43:46","date_gmt":"2022-06-08T11:43:46","guid":{"rendered":"https:\/\/www.caudete.org\/ayuntamiento\/?p=19318"},"modified":"2022-06-13T13:08:10","modified_gmt":"2022-06-13T11:08:10","slug":"instaladas-senales-de-municipio-contra-el-maltrato-cero-financiadas-por-el-pacto-de-estado","status":"publish","type":"post","link":"https:\/\/www.caudete.org\/ayuntamiento\/instaladas-senales-de-municipio-contra-el-maltrato-cero-financiadas-por-el-pacto-de-estado\/","title":{"rendered":"Instaladas se\u00f1ales de &#8220;Municipio tolerancia cero contra el maltrato&#8221;, financiadas por el Pacto de Estado"},"content":{"rendered":"<p style=\"text-align: justify;\">Inma Garc\u00eda, Concejal de Igualdad ha informado de la se\u00f1al\u00e9tica instalada en diferentes puntos del municipio contra la violencia.<\/p>\n<p style=\"text-align: justify;\">El proyecto, trabajado desde el Centro de la Mujer y sufragado con fondos del Pacto de Estado recibidos del Ministerio de Igualdad se ha sumado a la campa\u00f1a <strong>Municipio contra el maltrato cero<\/strong>\u00a0instalando se\u00f1ales en las entradas y puntos c\u00e9ntricos de la localidad, no suponiendo coste alguno para las arcas municipales.<\/p>\n<p style=\"text-align: justify;\">La Concejal a\u00f1ad\u00eda que &#8220;<em>entendemos que el maltrato es un problema que hay que combatir, y tratamos de hacer iniciativas que nacen para luchar contra ello, viendo la necesidad de actuar de forma educativa visibilizando y concienciando a la poblaci\u00f3n en general<\/em>&#8220;.<\/p>\n<p><img fetchpriority=\"high\" decoding=\"async\" class=\"alignnone size-medium wp-image-19319\" src=\"https:\/\/www.caudete.org\/ayuntamiento\/wp-content\/uploads\/2022\/06\/WhatsApp-Image-2022-06-08-at-1.38.04-PM-1-300x209.jpeg\" alt=\"\" width=\"300\" height=\"209\" srcset=\"https:\/\/www.caudete.org\/ayuntamiento\/wp-content\/uploads\/2022\/06\/WhatsApp-Image-2022-06-08-at-1.38.04-PM-1-300x209.jpeg 300w, https:\/\/www.caudete.org\/ayuntamiento\/wp-content\/uploads\/2022\/06\/WhatsApp-Image-2022-06-08-at-1.38.04-PM-1-1024x713.jpeg 1024w, https:\/\/www.caudete.org\/ayuntamiento\/wp-content\/uploads\/2022\/06\/WhatsApp-Image-2022-06-08-at-1.38.04-PM-1-768x534.jpeg 768w, https:\/\/www.caudete.org\/ayuntamiento\/wp-content\/uploads\/2022\/06\/WhatsApp-Image-2022-06-08-at-1.38.04-PM-1-1536x1069.jpeg 1536w, https:\/\/www.caudete.org\/ayuntamiento\/wp-content\/uploads\/2022\/06\/WhatsApp-Image-2022-06-08-at-1.38.04-PM-1.jpeg 2048w\" sizes=\"(max-width: 300px) 100vw, 300px\" \/> <img decoding=\"async\" class=\"alignnone size-medium wp-image-19320\" src=\"https:\/\/www.caudete.org\/ayuntamiento\/wp-content\/uploads\/2022\/06\/WhatsApp-Image-2022-06-08-at-1.38.05-PM-1-300x211.jpeg\" alt=\"\" width=\"300\" height=\"211\" srcset=\"https:\/\/www.caudete.org\/ayuntamiento\/wp-content\/uploads\/2022\/06\/WhatsApp-Image-2022-06-08-at-1.38.05-PM-1-300x211.jpeg 300w, https:\/\/www.caudete.org\/ayuntamiento\/wp-content\/uploads\/2022\/06\/WhatsApp-Image-2022-06-08-at-1.38.05-PM-1-1024x721.jpeg 1024w, https:\/\/www.caudete.org\/ayuntamiento\/wp-content\/uploads\/2022\/06\/WhatsApp-Image-2022-06-08-at-1.38.05-PM-1-768x540.jpeg 768w, https:\/\/www.caudete.org\/ayuntamiento\/wp-content\/uploads\/2022\/06\/WhatsApp-Image-2022-06-08-at-1.38.05-PM-1-1536x1081.jpeg 1536w, https:\/\/www.caudete.org\/ayuntamiento\/wp-content\/uploads\/2022\/06\/WhatsApp-Image-2022-06-08-at-1.38.05-PM-1.jpeg 2048w\" sizes=\"(max-width: 300px) 100vw, 300px\" \/> <img decoding=\"async\" class=\"alignnone size-medium wp-image-19321\" src=\"https:\/\/www.caudete.org\/ayuntamiento\/wp-content\/uploads\/2022\/06\/WhatsApp-Image-2022-06-08-at-1.38.05-PM-225x300.jpeg\" alt=\"\" width=\"225\" height=\"300\" srcset=\"https:\/\/www.caudete.org\/ayuntamiento\/wp-content\/uploads\/2022\/06\/WhatsApp-Image-2022-06-08-at-1.38.05-PM-225x300.jpeg 225w, https:\/\/www.caudete.org\/ayuntamiento\/wp-content\/uploads\/2022\/06\/WhatsApp-Image-2022-06-08-at-1.38.05-PM-768x1024.jpeg 768w, https:\/\/www.caudete.org\/ayuntamiento\/wp-content\/uploads\/2022\/06\/WhatsApp-Image-2022-06-08-at-1.38.05-PM-1152x1536.jpeg 1152w, https:\/\/www.caudete.org\/ayuntamiento\/wp-content\/uploads\/2022\/06\/WhatsApp-Image-2022-06-08-at-1.38.05-PM.jpeg 1500w\" sizes=\"(max-width: 225px) 100vw, 225px\" \/> <img loading=\"lazy\" decoding=\"async\" class=\"alignnone size-medium wp-image-19322\" src=\"https:\/\/www.caudete.org\/ayuntamiento\/wp-content\/uploads\/2022\/06\/WhatsApp-Image-2022-06-08-at-1.38.04-PM-225x300.jpeg\" alt=\"\" width=\"225\" height=\"300\" srcset=\"https:\/\/www.caudete.org\/ayuntamiento\/wp-content\/uploads\/2022\/06\/WhatsApp-Image-2022-06-08-at-1.38.04-PM-225x300.jpeg 225w, https:\/\/www.caudete.org\/ayuntamiento\/wp-content\/uploads\/2022\/06\/WhatsApp-Image-2022-06-08-at-1.38.04-PM-768x1024.jpeg 768w, https:\/\/www.caudete.org\/ayuntamiento\/wp-content\/uploads\/2022\/06\/WhatsApp-Image-2022-06-08-at-1.38.04-PM-1152x1536.jpeg 1152w, https:\/\/www.caudete.org\/ayuntamiento\/wp-content\/uploads\/2022\/06\/WhatsApp-Image-2022-06-08-at-1.38.04-PM.jpeg 1500w\" sizes=\"(max-width: 225px) 100vw, 225px\" \/> <img loading=\"lazy\" decoding=\"async\" class=\"alignnone size-medium wp-image-19323\" src=\"https:\/\/www.caudete.org\/ayuntamiento\/wp-content\/uploads\/2022\/06\/WhatsApp-Image-2022-06-08-at-1.38.03-PM-2-300x267.jpeg\" alt=\"\" width=\"300\" height=\"267\" srcset=\"https:\/\/www.caudete.org\/ayuntamiento\/wp-content\/uploads\/2022\/06\/WhatsApp-Image-2022-06-08-at-1.38.03-PM-2-300x267.jpeg 300w, https:\/\/www.caudete.org\/ayuntamiento\/wp-content\/uploads\/2022\/06\/WhatsApp-Image-2022-06-08-at-1.38.03-PM-2-1024x913.jpeg 1024w, https:\/\/www.caudete.org\/ayuntamiento\/wp-content\/uploads\/2022\/06\/WhatsApp-Image-2022-06-08-at-1.38.03-PM-2-768x685.jpeg 768w, https:\/\/www.caudete.org\/ayuntamiento\/wp-content\/uploads\/2022\/06\/WhatsApp-Image-2022-06-08-at-1.38.03-PM-2-1536x1370.jpeg 1536w, https:\/\/www.caudete.org\/ayuntamiento\/wp-content\/uploads\/2022\/06\/WhatsApp-Image-2022-06-08-at-1.38.03-PM-2.jpeg 2048w\" sizes=\"(max-width: 300px) 100vw, 300px\" \/> <img loading=\"lazy\" decoding=\"async\" class=\"alignnone size-medium wp-image-19324\" src=\"https:\/\/www.caudete.org\/ayuntamiento\/wp-content\/uploads\/2022\/06\/WhatsApp-Image-2022-06-08-at-1.38.03-PM-1-225x300.jpeg\" alt=\"\" width=\"225\" height=\"300\" srcset=\"https:\/\/www.caudete.org\/ayuntamiento\/wp-content\/uploads\/2022\/06\/WhatsApp-Image-2022-06-08-at-1.38.03-PM-1-225x300.jpeg 225w, https:\/\/www.caudete.org\/ayuntamiento\/wp-content\/uploads\/2022\/06\/WhatsApp-Image-2022-06-08-at-1.38.03-PM-1-768x1024.jpeg 768w, https:\/\/www.caudete.org\/ayuntamiento\/wp-content\/uploads\/2022\/06\/WhatsApp-Image-2022-06-08-at-1.38.03-PM-1-1152x1536.jpeg 1152w, https:\/\/www.caudete.org\/ayuntamiento\/wp-content\/uploads\/2022\/06\/WhatsApp-Image-2022-06-08-at-1.38.03-PM-1.jpeg 1500w\" sizes=\"(max-width: 225px) 100vw, 225px\" \/> <img loading=\"lazy\" decoding=\"async\" class=\"alignnone size-medium wp-image-19325\" src=\"https:\/\/www.caudete.org\/ayuntamiento\/wp-content\/uploads\/2022\/06\/WhatsApp-Image-2022-06-08-at-1.38.03-PM-225x300.jpeg\" alt=\"\" width=\"225\" height=\"300\" srcset=\"https:\/\/www.caudete.org\/ayuntamiento\/wp-content\/uploads\/2022\/06\/WhatsApp-Image-2022-06-08-at-1.38.03-PM-225x300.jpeg 225w, https:\/\/www.caudete.org\/ayuntamiento\/wp-content\/uploads\/2022\/06\/WhatsApp-Image-2022-06-08-at-1.38.03-PM-768x1024.jpeg 768w, https:\/\/www.caudete.org\/ayuntamiento\/wp-content\/uploads\/2022\/06\/WhatsApp-Image-2022-06-08-at-1.38.03-PM-1152x1536.jpeg 1152w, https:\/\/www.caudete.org\/ayuntamiento\/wp-content\/uploads\/2022\/06\/WhatsApp-Image-2022-06-08-at-1.38.03-PM.jpeg 1500w\" sizes=\"(max-width: 225px) 100vw, 225px\" \/><\/p>\n","protected":false},"excerpt":{"rendered":"<p>Inma Garc\u00eda, Concejal de Igualdad ha informado de la se\u00f1al\u00e9tica instalada en diferentes puntos del municipio contra la violencia. El proyecto, trabajado desde el Centro de la Mujer y sufragado con fondos del Pacto de Estado recibidos del Ministerio de Igualdad se ha sumado a la campa\u00f1a Municipio contra el maltrato cero\u00a0instalando se\u00f1ales en las &hellip;<\/p>\n","protected":false},"author":3,"featured_media":19319,"comment_status":"closed","ping_status":"open","sticky":false,"template":"","format":"standard","meta":{"ngg_post_thumbnail":0,"footnotes":""},"categories":[522],"tags":[],"class_list":["post-19318","post","type-post","status-publish","format-standard","has-post-thumbnail","hentry","category-igualdad"],"yoast_head":"<!-- This site is optimized with the Yoast SEO plugin v27.5 - https:\/\/yoast.com\/product\/yoast-seo-wordpress\/ -->\n<title>Instaladas se\u00f1ales de &quot;Municipio tolerancia cero contra el maltrato&quot;, financiadas por el Pacto de Estado - MI Ayuntamiento de Caudete<\/title>\n<meta name=\"description\" content=\"P\u00e1gina Oficial del Ayuntamiento de Caudete (Albacete)\" \/>\n<meta name=\"robots\" content=\"index, follow, max-snippet:-1, max-image-preview:large, max-video-preview:-1\" \/>\n<link rel=\"canonical\" href=\"https:\/\/www.caudete.org\/ayuntamiento\/instaladas-senales-de-municipio-contra-el-maltrato-cero-financiadas-por-el-pacto-de-estado\/\" \/>\n<meta property=\"og:locale\" content=\"es_ES\" \/>\n<meta property=\"og:type\" content=\"article\" \/>\n<meta property=\"og:title\" content=\"Instaladas se\u00f1ales de &quot;Municipio tolerancia cero contra el maltrato&quot;, financiadas por el Pacto de Estado - MI Ayuntamiento de Caudete\" \/>\n<meta property=\"og:description\" content=\"P\u00e1gina Oficial del Ayuntamiento de Caudete (Albacete)\" \/>\n<meta property=\"og:url\" content=\"https:\/\/www.caudete.org\/ayuntamiento\/instaladas-senales-de-municipio-contra-el-maltrato-cero-financiadas-por-el-pacto-de-estado\/\" \/>\n<meta property=\"og:site_name\" content=\"MI Ayuntamiento de Caudete\" \/>\n<meta property=\"article:publisher\" content=\"https:\/\/www.facebook.com\/ayuntamientocaudete\/\" \/>\n<meta property=\"article:published_time\" content=\"2022-06-08T11:43:46+00:00\" \/>\n<meta property=\"article:modified_time\" content=\"2022-06-13T11:08:10+00:00\" \/>\n<meta property=\"og:image\" content=\"https:\/\/www.caudete.org\/ayuntamiento\/wp-content\/uploads\/2022\/06\/WhatsApp-Image-2022-06-08-at-1.38.04-PM-1.jpeg\" \/>\n\t<meta property=\"og:image:width\" content=\"2048\" \/>\n\t<meta property=\"og:image:height\" content=\"1425\" \/>\n\t<meta property=\"og:image:type\" content=\"image\/jpeg\" \/>\n<meta name=\"author\" content=\"alcalde\" \/>\n<meta name=\"twitter:card\" content=\"summary_large_image\" \/>\n<meta name=\"twitter:label1\" content=\"Escrito por\" \/>\n\t<meta name=\"twitter:data1\" content=\"alcalde\" \/>\n\t<meta name=\"twitter:label2\" content=\"Tiempo de lectura\" \/>\n\t<meta name=\"twitter:data2\" content=\"2 minutos\" \/>\n<script type=\"application\/ld+json\" class=\"yoast-schema-graph\">{\"@context\":\"https:\\\/\\\/schema.org\",\"@graph\":[{\"@type\":\"Article\",\"@id\":\"https:\\\/\\\/www.caudete.org\\\/ayuntamiento\\\/instaladas-senales-de-municipio-contra-el-maltrato-cero-financiadas-por-el-pacto-de-estado\\\/#article\",\"isPartOf\":{\"@id\":\"https:\\\/\\\/www.caudete.org\\\/ayuntamiento\\\/instaladas-senales-de-municipio-contra-el-maltrato-cero-financiadas-por-el-pacto-de-estado\\\/\"},\"author\":{\"name\":\"alcalde\",\"@id\":\"https:\\\/\\\/www.caudete.org\\\/ayuntamiento\\\/#\\\/schema\\\/person\\\/cc646da9133078ee4d8dd47457947253\"},\"headline\":\"Instaladas se\u00f1ales de &#8220;Municipio tolerancia cero contra el maltrato&#8221;, financiadas por el Pacto de Estado\",\"datePublished\":\"2022-06-08T11:43:46+00:00\",\"dateModified\":\"2022-06-13T11:08:10+00:00\",\"mainEntityOfPage\":{\"@id\":\"https:\\\/\\\/www.caudete.org\\\/ayuntamiento\\\/instaladas-senales-de-municipio-contra-el-maltrato-cero-financiadas-por-el-pacto-de-estado\\\/\"},\"wordCount\":138,\"publisher\":{\"@id\":\"https:\\\/\\\/www.caudete.org\\\/ayuntamiento\\\/#organization\"},\"image\":{\"@id\":\"https:\\\/\\\/www.caudete.org\\\/ayuntamiento\\\/instaladas-senales-de-municipio-contra-el-maltrato-cero-financiadas-por-el-pacto-de-estado\\\/#primaryimage\"},\"thumbnailUrl\":\"https:\\\/\\\/www.caudete.org\\\/ayuntamiento\\\/wp-content\\\/uploads\\\/2022\\\/06\\\/WhatsApp-Image-2022-06-08-at-1.38.04-PM-1.jpeg\",\"articleSection\":[\"Igualdad\"],\"inLanguage\":\"es\"},{\"@type\":\"WebPage\",\"@id\":\"https:\\\/\\\/www.caudete.org\\\/ayuntamiento\\\/instaladas-senales-de-municipio-contra-el-maltrato-cero-financiadas-por-el-pacto-de-estado\\\/\",\"url\":\"https:\\\/\\\/www.caudete.org\\\/ayuntamiento\\\/instaladas-senales-de-municipio-contra-el-maltrato-cero-financiadas-por-el-pacto-de-estado\\\/\",\"name\":\"Instaladas se\u00f1ales de \\\"Municipio tolerancia cero contra el maltrato\\\", financiadas por el Pacto de Estado - MI Ayuntamiento de Caudete\",\"isPartOf\":{\"@id\":\"https:\\\/\\\/www.caudete.org\\\/ayuntamiento\\\/#website\"},\"primaryImageOfPage\":{\"@id\":\"https:\\\/\\\/www.caudete.org\\\/ayuntamiento\\\/instaladas-senales-de-municipio-contra-el-maltrato-cero-financiadas-por-el-pacto-de-estado\\\/#primaryimage\"},\"image\":{\"@id\":\"https:\\\/\\\/www.caudete.org\\\/ayuntamiento\\\/instaladas-senales-de-municipio-contra-el-maltrato-cero-financiadas-por-el-pacto-de-estado\\\/#primaryimage\"},\"thumbnailUrl\":\"https:\\\/\\\/www.caudete.org\\\/ayuntamiento\\\/wp-content\\\/uploads\\\/2022\\\/06\\\/WhatsApp-Image-2022-06-08-at-1.38.04-PM-1.jpeg\",\"datePublished\":\"2022-06-08T11:43:46+00:00\",\"dateModified\":\"2022-06-13T11:08:10+00:00\",\"description\":\"P\u00e1gina Oficial del Ayuntamiento de Caudete (Albacete)\",\"breadcrumb\":{\"@id\":\"https:\\\/\\\/www.caudete.org\\\/ayuntamiento\\\/instaladas-senales-de-municipio-contra-el-maltrato-cero-financiadas-por-el-pacto-de-estado\\\/#breadcrumb\"},\"inLanguage\":\"es\",\"potentialAction\":[{\"@type\":\"ReadAction\",\"target\":[\"https:\\\/\\\/www.caudete.org\\\/ayuntamiento\\\/instaladas-senales-de-municipio-contra-el-maltrato-cero-financiadas-por-el-pacto-de-estado\\\/\"]}]},{\"@type\":\"ImageObject\",\"inLanguage\":\"es\",\"@id\":\"https:\\\/\\\/www.caudete.org\\\/ayuntamiento\\\/instaladas-senales-de-municipio-contra-el-maltrato-cero-financiadas-por-el-pacto-de-estado\\\/#primaryimage\",\"url\":\"https:\\\/\\\/www.caudete.org\\\/ayuntamiento\\\/wp-content\\\/uploads\\\/2022\\\/06\\\/WhatsApp-Image-2022-06-08-at-1.38.04-PM-1.jpeg\",\"contentUrl\":\"https:\\\/\\\/www.caudete.org\\\/ayuntamiento\\\/wp-content\\\/uploads\\\/2022\\\/06\\\/WhatsApp-Image-2022-06-08-at-1.38.04-PM-1.jpeg\",\"width\":2048,\"height\":1425},{\"@type\":\"BreadcrumbList\",\"@id\":\"https:\\\/\\\/www.caudete.org\\\/ayuntamiento\\\/instaladas-senales-de-municipio-contra-el-maltrato-cero-financiadas-por-el-pacto-de-estado\\\/#breadcrumb\",\"itemListElement\":[{\"@type\":\"ListItem\",\"position\":1,\"name\":\"Inicio\",\"item\":\"https:\\\/\\\/www.caudete.org\\\/ayuntamiento\\\/\"},{\"@type\":\"ListItem\",\"position\":2,\"name\":\"Instaladas se\u00f1ales de &#8220;Municipio tolerancia cero contra el maltrato&#8221;, financiadas por el Pacto de Estado\"}]},{\"@type\":\"WebSite\",\"@id\":\"https:\\\/\\\/www.caudete.org\\\/ayuntamiento\\\/#website\",\"url\":\"https:\\\/\\\/www.caudete.org\\\/ayuntamiento\\\/\",\"name\":\"MI Ayuntamiento de Caudete\",\"description\":\"P\u00e1gina Oficial del MI Ayuntamiento de Caudete\",\"publisher\":{\"@id\":\"https:\\\/\\\/www.caudete.org\\\/ayuntamiento\\\/#organization\"},\"potentialAction\":[{\"@type\":\"SearchAction\",\"target\":{\"@type\":\"EntryPoint\",\"urlTemplate\":\"https:\\\/\\\/www.caudete.org\\\/ayuntamiento\\\/?s={search_term_string}\"},\"query-input\":{\"@type\":\"PropertyValueSpecification\",\"valueRequired\":true,\"valueName\":\"search_term_string\"}}],\"inLanguage\":\"es\"},{\"@type\":\"Organization\",\"@id\":\"https:\\\/\\\/www.caudete.org\\\/ayuntamiento\\\/#organization\",\"name\":\"Ayuntamiento de Caudete\",\"url\":\"https:\\\/\\\/www.caudete.org\\\/ayuntamiento\\\/\",\"logo\":{\"@type\":\"ImageObject\",\"inLanguage\":\"es\",\"@id\":\"https:\\\/\\\/www.caudete.org\\\/ayuntamiento\\\/#\\\/schema\\\/logo\\\/image\\\/\",\"url\":\"https:\\\/\\\/www.caudete.org\\\/ayuntamiento\\\/wp-content\\\/uploads\\\/2020\\\/11\\\/logo_ayuntamiento_caudete.jpg\",\"contentUrl\":\"https:\\\/\\\/www.caudete.org\\\/ayuntamiento\\\/wp-content\\\/uploads\\\/2020\\\/11\\\/logo_ayuntamiento_caudete.jpg\",\"width\":600,\"height\":150,\"caption\":\"Ayuntamiento de Caudete\"},\"image\":{\"@id\":\"https:\\\/\\\/www.caudete.org\\\/ayuntamiento\\\/#\\\/schema\\\/logo\\\/image\\\/\"},\"sameAs\":[\"https:\\\/\\\/www.facebook.com\\\/ayuntamientocaudete\\\/\",\"https:\\\/\\\/www.youtube.com\\\/channel\\\/UC6VztHaooNsGpw-tNoBEFnQ\"]},{\"@type\":\"Person\",\"@id\":\"https:\\\/\\\/www.caudete.org\\\/ayuntamiento\\\/#\\\/schema\\\/person\\\/cc646da9133078ee4d8dd47457947253\",\"name\":\"alcalde\",\"image\":{\"@type\":\"ImageObject\",\"inLanguage\":\"es\",\"@id\":\"https:\\\/\\\/secure.gravatar.com\\\/avatar\\\/84a817ba065b29ff08d666b215a215f5c79186a645ccb25b14a663d48a130f77?s=96&d=mm&r=g\",\"url\":\"https:\\\/\\\/secure.gravatar.com\\\/avatar\\\/84a817ba065b29ff08d666b215a215f5c79186a645ccb25b14a663d48a130f77?s=96&d=mm&r=g\",\"contentUrl\":\"https:\\\/\\\/secure.gravatar.com\\\/avatar\\\/84a817ba065b29ff08d666b215a215f5c79186a645ccb25b14a663d48a130f77?s=96&d=mm&r=g\",\"caption\":\"alcalde\"},\"url\":\"https:\\\/\\\/www.caudete.org\\\/ayuntamiento\\\/author\\\/alcalde\\\/\"}]}<\/script>\n<!-- \/ Yoast SEO plugin. -->","yoast_head_json":{"title":"Instaladas se\u00f1ales de \"Municipio tolerancia cero contra el maltrato\", financiadas por el Pacto de Estado - MI Ayuntamiento de Caudete","description":"P\u00e1gina Oficial del Ayuntamiento de Caudete (Albacete)","robots":{"index":"index","follow":"follow","max-snippet":"max-snippet:-1","max-image-preview":"max-image-preview:large","max-video-preview":"max-video-preview:-1"},"canonical":"https:\/\/www.caudete.org\/ayuntamiento\/instaladas-senales-de-municipio-contra-el-maltrato-cero-financiadas-por-el-pacto-de-estado\/","og_locale":"es_ES","og_type":"article","og_title":"Instaladas se\u00f1ales de \"Municipio tolerancia cero contra el maltrato\", financiadas por el Pacto de Estado - MI Ayuntamiento de Caudete","og_description":"P\u00e1gina Oficial del Ayuntamiento de Caudete (Albacete)","og_url":"https:\/\/www.caudete.org\/ayuntamiento\/instaladas-senales-de-municipio-contra-el-maltrato-cero-financiadas-por-el-pacto-de-estado\/","og_site_name":"MI Ayuntamiento de Caudete","article_publisher":"https:\/\/www.facebook.com\/ayuntamientocaudete\/","article_published_time":"2022-06-08T11:43:46+00:00","article_modified_time":"2022-06-13T11:08:10+00:00","og_image":[{"width":2048,"height":1425,"url":"https:\/\/www.caudete.org\/ayuntamiento\/wp-content\/uploads\/2022\/06\/WhatsApp-Image-2022-06-08-at-1.38.04-PM-1.jpeg","type":"image\/jpeg"}],"author":"alcalde","twitter_card":"summary_large_image","twitter_misc":{"Escrito por":"alcalde","Tiempo de lectura":"2 minutos"},"schema":{"@context":"https:\/\/schema.org","@graph":[{"@type":"Article","@id":"https:\/\/www.caudete.org\/ayuntamiento\/instaladas-senales-de-municipio-contra-el-maltrato-cero-financiadas-por-el-pacto-de-estado\/#article","isPartOf":{"@id":"https:\/\/www.caudete.org\/ayuntamiento\/instaladas-senales-de-municipio-contra-el-maltrato-cero-financiadas-por-el-pacto-de-estado\/"},"author":{"name":"alcalde","@id":"https:\/\/www.caudete.org\/ayuntamiento\/#\/schema\/person\/cc646da9133078ee4d8dd47457947253"},"headline":"Instaladas se\u00f1ales de &#8220;Municipio tolerancia cero contra el maltrato&#8221;, financiadas por el Pacto de Estado","datePublished":"2022-06-08T11:43:46+00:00","dateModified":"2022-06-13T11:08:10+00:00","mainEntityOfPage":{"@id":"https:\/\/www.caudete.org\/ayuntamiento\/instaladas-senales-de-municipio-contra-el-maltrato-cero-financiadas-por-el-pacto-de-estado\/"},"wordCount":138,"publisher":{"@id":"https:\/\/www.caudete.org\/ayuntamiento\/#organization"},"image":{"@id":"https:\/\/www.caudete.org\/ayuntamiento\/instaladas-senales-de-municipio-contra-el-maltrato-cero-financiadas-por-el-pacto-de-estado\/#primaryimage"},"thumbnailUrl":"https:\/\/www.caudete.org\/ayuntamiento\/wp-content\/uploads\/2022\/06\/WhatsApp-Image-2022-06-08-at-1.38.04-PM-1.jpeg","articleSection":["Igualdad"],"inLanguage":"es"},{"@type":"WebPage","@id":"https:\/\/www.caudete.org\/ayuntamiento\/instaladas-senales-de-municipio-contra-el-maltrato-cero-financiadas-por-el-pacto-de-estado\/","url":"https:\/\/www.caudete.org\/ayuntamiento\/instaladas-senales-de-municipio-contra-el-maltrato-cero-financiadas-por-el-pacto-de-estado\/","name":"Instaladas se\u00f1ales de \"Municipio tolerancia cero contra el maltrato\", financiadas por el Pacto de Estado - MI Ayuntamiento de Caudete","isPartOf":{"@id":"https:\/\/www.caudete.org\/ayuntamiento\/#website"},"primaryImageOfPage":{"@id":"https:\/\/www.caudete.org\/ayuntamiento\/instaladas-senales-de-municipio-contra-el-maltrato-cero-financiadas-por-el-pacto-de-estado\/#primaryimage"},"image":{"@id":"https:\/\/www.caudete.org\/ayuntamiento\/instaladas-senales-de-municipio-contra-el-maltrato-cero-financiadas-por-el-pacto-de-estado\/#primaryimage"},"thumbnailUrl":"https:\/\/www.caudete.org\/ayuntamiento\/wp-content\/uploads\/2022\/06\/WhatsApp-Image-2022-06-08-at-1.38.04-PM-1.jpeg","datePublished":"2022-06-08T11:43:46+00:00","dateModified":"2022-06-13T11:08:10+00:00","description":"P\u00e1gina Oficial del Ayuntamiento de Caudete (Albacete)","breadcrumb":{"@id":"https:\/\/www.caudete.org\/ayuntamiento\/instaladas-senales-de-municipio-contra-el-maltrato-cero-financiadas-por-el-pacto-de-estado\/#breadcrumb"},"inLanguage":"es","potentialAction":[{"@type":"ReadAction","target":["https:\/\/www.caudete.org\/ayuntamiento\/instaladas-senales-de-municipio-contra-el-maltrato-cero-financiadas-por-el-pacto-de-estado\/"]}]},{"@type":"ImageObject","inLanguage":"es","@id":"https:\/\/www.caudete.org\/ayuntamiento\/instaladas-senales-de-municipio-contra-el-maltrato-cero-financiadas-por-el-pacto-de-estado\/#primaryimage","url":"https:\/\/www.caudete.org\/ayuntamiento\/wp-content\/uploads\/2022\/06\/WhatsApp-Image-2022-06-08-at-1.38.04-PM-1.jpeg","contentUrl":"https:\/\/www.caudete.org\/ayuntamiento\/wp-content\/uploads\/2022\/06\/WhatsApp-Image-2022-06-08-at-1.38.04-PM-1.jpeg","width":2048,"height":1425},{"@type":"BreadcrumbList","@id":"https:\/\/www.caudete.org\/ayuntamiento\/instaladas-senales-de-municipio-contra-el-maltrato-cero-financiadas-por-el-pacto-de-estado\/#breadcrumb","itemListElement":[{"@type":"ListItem","position":1,"name":"Inicio","item":"https:\/\/www.caudete.org\/ayuntamiento\/"},{"@type":"ListItem","position":2,"name":"Instaladas se\u00f1ales de &#8220;Municipio tolerancia cero contra el maltrato&#8221;, financiadas por el Pacto de Estado"}]},{"@type":"WebSite","@id":"https:\/\/www.caudete.org\/ayuntamiento\/#website","url":"https:\/\/www.caudete.org\/ayuntamiento\/","name":"MI Ayuntamiento de Caudete","description":"P\u00e1gina Oficial del MI Ayuntamiento de Caudete","publisher":{"@id":"https:\/\/www.caudete.org\/ayuntamiento\/#organization"},"potentialAction":[{"@type":"SearchAction","target":{"@type":"EntryPoint","urlTemplate":"https:\/\/www.caudete.org\/ayuntamiento\/?s={search_term_string}"},"query-input":{"@type":"PropertyValueSpecification","valueRequired":true,"valueName":"search_term_string"}}],"inLanguage":"es"},{"@type":"Organization","@id":"https:\/\/www.caudete.org\/ayuntamiento\/#organization","name":"Ayuntamiento de Caudete","url":"https:\/\/www.caudete.org\/ayuntamiento\/","logo":{"@type":"ImageObject","inLanguage":"es","@id":"https:\/\/www.caudete.org\/ayuntamiento\/#\/schema\/logo\/image\/","url":"https:\/\/www.caudete.org\/ayuntamiento\/wp-content\/uploads\/2020\/11\/logo_ayuntamiento_caudete.jpg","contentUrl":"https:\/\/www.caudete.org\/ayuntamiento\/wp-content\/uploads\/2020\/11\/logo_ayuntamiento_caudete.jpg","width":600,"height":150,"caption":"Ayuntamiento de Caudete"},"image":{"@id":"https:\/\/www.caudete.org\/ayuntamiento\/#\/schema\/logo\/image\/"},"sameAs":["https:\/\/www.facebook.com\/ayuntamientocaudete\/","https:\/\/www.youtube.com\/channel\/UC6VztHaooNsGpw-tNoBEFnQ"]},{"@type":"Person","@id":"https:\/\/www.caudete.org\/ayuntamiento\/#\/schema\/person\/cc646da9133078ee4d8dd47457947253","name":"alcalde","image":{"@type":"ImageObject","inLanguage":"es","@id":"https:\/\/secure.gravatar.com\/avatar\/84a817ba065b29ff08d666b215a215f5c79186a645ccb25b14a663d48a130f77?s=96&d=mm&r=g","url":"https:\/\/secure.gravatar.com\/avatar\/84a817ba065b29ff08d666b215a215f5c79186a645ccb25b14a663d48a130f77?s=96&d=mm&r=g","contentUrl":"https:\/\/secure.gravatar.com\/avatar\/84a817ba065b29ff08d666b215a215f5c79186a645ccb25b14a663d48a130f77?s=96&d=mm&r=g","caption":"alcalde"},"url":"https:\/\/www.caudete.org\/ayuntamiento\/author\/alcalde\/"}]}},"_links":{"self":[{"href":"https:\/\/www.caudete.org\/ayuntamiento\/wp-json\/wp\/v2\/posts\/19318","targetHints":{"allow":["GET"]}}],"collection":[{"href":"https:\/\/www.caudete.org\/ayuntamiento\/wp-json\/wp\/v2\/posts"}],"about":[{"href":"https:\/\/www.caudete.org\/ayuntamiento\/wp-json\/wp\/v2\/types\/post"}],"author":[{"embeddable":true,"href":"https:\/\/www.caudete.org\/ayuntamiento\/wp-json\/wp\/v2\/users\/3"}],"replies":[{"embeddable":true,"href":"https:\/\/www.caudete.org\/ayuntamiento\/wp-json\/wp\/v2\/comments?post=19318"}],"version-history":[{"count":3,"href":"https:\/\/www.caudete.org\/ayuntamiento\/wp-json\/wp\/v2\/posts\/19318\/revisions"}],"predecessor-version":[{"id":19349,"href":"https:\/\/www.caudete.org\/ayuntamiento\/wp-json\/wp\/v2\/posts\/19318\/revisions\/19349"}],"wp:featuredmedia":[{"embeddable":true,"href":"https:\/\/www.caudete.org\/ayuntamiento\/wp-json\/wp\/v2\/media\/19319"}],"wp:attachment":[{"href":"https:\/\/www.caudete.org\/ayuntamiento\/wp-json\/wp\/v2\/media?parent=19318"}],"wp:term":[{"taxonomy":"category","embeddable":true,"href":"https:\/\/www.caudete.org\/ayuntamiento\/wp-json\/wp\/v2\/categories?post=19318"},{"taxonomy":"post_tag","embeddable":true,"href":"https:\/\/www.caudete.org\/ayuntamiento\/wp-json\/wp\/v2\/tags?post=19318"}],"curies":[{"name":"wp","href":"https:\/\/api.w.org\/{rel}","templated":true}]}}