{"id":19444,"date":"2022-06-22T19:28:01","date_gmt":"2022-06-22T17:28:01","guid":{"rendered":"https:\/\/www.caudete.org\/ayuntamiento\/?p=19444"},"modified":"2022-06-22T19:28:01","modified_gmt":"2022-06-22T17:28:01","slug":"caudete-presente-en-la-iii-asamblea-de-zonas-industriales-de-castilla-la-mancha-zincaman","status":"publish","type":"post","link":"https:\/\/www.caudete.org\/ayuntamiento\/caudete-presente-en-la-iii-asamblea-de-zonas-industriales-de-castilla-la-mancha-zincaman\/","title":{"rendered":"Caudete presente en la III Asamblea de Zonas Industriales de Castilla-La Mancha (ZINCAMAN)"},"content":{"rendered":"<p>Esta ma\u00f1ana la ciudad de Socu\u00e9llamos (Ciudad Real) acog\u00eda la <strong>III Asamblea de la Asociaci\u00f3n Regional de Zonas Industriales de Castilla-La Mancha (ZINCAMAN)<\/strong>, con la participaci\u00f3n del Consejero de Fomento de CLM, Nacho Hernando, para abordar principalmente tanto el Informe de Gesti\u00f3n como las cuentas de la entidad, adem\u00e1s del Plan de Expansi\u00f3n y la Propuesta de Trabajo para el presente a\u00f1o.<\/p>\n<p><img fetchpriority=\"high\" decoding=\"async\" class=\"size-medium wp-image-19447 aligncenter\" src=\"https:\/\/www.caudete.org\/ayuntamiento\/wp-content\/uploads\/2022\/06\/WhatsApp-Image-2022-06-22-at-6.58.22-PM-300x225.jpeg\" alt=\"\" width=\"300\" height=\"225\" srcset=\"https:\/\/www.caudete.org\/ayuntamiento\/wp-content\/uploads\/2022\/06\/WhatsApp-Image-2022-06-22-at-6.58.22-PM-300x225.jpeg 300w, https:\/\/www.caudete.org\/ayuntamiento\/wp-content\/uploads\/2022\/06\/WhatsApp-Image-2022-06-22-at-6.58.22-PM-1024x768.jpeg 1024w, https:\/\/www.caudete.org\/ayuntamiento\/wp-content\/uploads\/2022\/06\/WhatsApp-Image-2022-06-22-at-6.58.22-PM-768x576.jpeg 768w, https:\/\/www.caudete.org\/ayuntamiento\/wp-content\/uploads\/2022\/06\/WhatsApp-Image-2022-06-22-at-6.58.22-PM-1536x1152.jpeg 1536w, https:\/\/www.caudete.org\/ayuntamiento\/wp-content\/uploads\/2022\/06\/WhatsApp-Image-2022-06-22-at-6.58.22-PM.jpeg 2048w\" sizes=\"(max-width: 300px) 100vw, 300px\" \/><\/p>\n<p>A la misma asist\u00eda el Alcalde Mois\u00e9s L\u00f3pez, como integrante de la Directiva en representaci\u00f3n del suelo industrial de Caudete, quien ostenta la Secretar\u00eda de la organizaci\u00f3n desde el momento de su Fundaci\u00f3n el 10\/04\/2019.<\/p>\n<p>Zincaman es una asociaci\u00f3n de entidades, cualquiera que sea su naturaleza jur\u00eddica, que tengan como objetivo la creaci\u00f3n, conservaci\u00f3n, dinamizaci\u00f3n y gesti\u00f3n en general de zonas industriales de Catilla La Mancha, y que aglutina al 42% de la superficie industrial manchega de entre las 5 provincias manchegas.<\/p>\n<p><img decoding=\"async\" class=\"size-medium wp-image-19446 aligncenter\" src=\"https:\/\/www.caudete.org\/ayuntamiento\/wp-content\/uploads\/2022\/06\/WhatsApp-Image-2022-06-22-at-6.58.23-PM-300x200.jpeg\" alt=\"\" width=\"300\" height=\"200\" srcset=\"https:\/\/www.caudete.org\/ayuntamiento\/wp-content\/uploads\/2022\/06\/WhatsApp-Image-2022-06-22-at-6.58.23-PM-300x200.jpeg 300w, https:\/\/www.caudete.org\/ayuntamiento\/wp-content\/uploads\/2022\/06\/WhatsApp-Image-2022-06-22-at-6.58.23-PM-1024x683.jpeg 1024w, https:\/\/www.caudete.org\/ayuntamiento\/wp-content\/uploads\/2022\/06\/WhatsApp-Image-2022-06-22-at-6.58.23-PM-768x512.jpeg 768w, https:\/\/www.caudete.org\/ayuntamiento\/wp-content\/uploads\/2022\/06\/WhatsApp-Image-2022-06-22-at-6.58.23-PM.jpeg 1080w\" sizes=\"(max-width: 300px) 100vw, 300px\" \/><\/p>\n<p>Por zona industrial se entiende la concentraci\u00f3n de empresas en un espacio com\u00fan delimitado que desarrollen una actividad econ\u00f3mica.<\/p>\n<p>La asociaci\u00f3n de zonas industriales tiene como germen el I Congreso de Zonas Industriales de Castilla La Mancha, que se celebr\u00f3 los d\u00edas 8 y 9 de noviembre de 2017 en Albacete y en el cual participaron mas de 250 municipios de la regi\u00f3n, estableciendo la necesidad de la constituci\u00f3n de una entidad que defendiese los intereses y dinamizase las zonas industriales de Castilla La Mancha, y que recogi\u00f3 los objetivos siguientes:<\/p>\n<section class=\"avia_codeblock_section  avia_code_block_0\">\n<div class=\"avia_codeblock \">\n<ul class=\"listado-objetivos\">\n<li>Censar y categorizar todos y cada uno de los nucleos industriales de Castilla La Mancha.<\/li>\n<li>Ayudar al desarrollo de las zonas industriales en sus diferentes procesos, estados y situaciones.<\/li>\n<li>Promover la Ley de regulaci\u00f3n de Zonas Industriales de Castilla La Mancha.<\/li>\n<li>Representar a Castilla La Mancha en la Confederaci\u00f3n Espa\u00f1ola de Areas Industriales (CEDAES).<\/li>\n<\/ul>\n<\/div>\n<\/section>\n<p>El presidente de la asociaci\u00f3n, Santos Prieto, en la apertura del acto matizaba esta ma\u00f1ana que para que las empresas puedan desarrollarse hay que pensar en la mejora de las zonas industriales, que son infraestructuras necesarias y b\u00e1sicas para el desarrollo de las propias industrias que est\u00e1n dentro.<\/p>\n<p>Para ello, se ha reivindicado esta ma\u00f1ana una vez m\u00e1s la imprescindible Ley de Zonas Industriales de Castilla-La Mancha, apoyada por el Gobierno Regional y las Cortes Regionales, pues a nivel nacional ya se est\u00e1 desarrollando una gu\u00eda dentro del Ministerio de Industria para albergar estas necesidades del sector, y las Comunidades Aut\u00f3nomas del entorno o ya cuentan con ellas, y su posterior financiaci\u00f3n de ayudas, o est\u00e1n en fase de redacci\u00f3n.<\/p>\n<p><img decoding=\"async\" class=\"size-medium wp-image-19448 aligncenter\" src=\"https:\/\/www.caudete.org\/ayuntamiento\/wp-content\/uploads\/2022\/06\/WhatsApp-Image-2022-06-22-at-6.58.23-PM-1-300x225.jpeg\" alt=\"\" width=\"300\" height=\"225\" srcset=\"https:\/\/www.caudete.org\/ayuntamiento\/wp-content\/uploads\/2022\/06\/WhatsApp-Image-2022-06-22-at-6.58.23-PM-1-300x225.jpeg 300w, https:\/\/www.caudete.org\/ayuntamiento\/wp-content\/uploads\/2022\/06\/WhatsApp-Image-2022-06-22-at-6.58.23-PM-1-1024x768.jpeg 1024w, https:\/\/www.caudete.org\/ayuntamiento\/wp-content\/uploads\/2022\/06\/WhatsApp-Image-2022-06-22-at-6.58.23-PM-1-768x576.jpeg 768w, https:\/\/www.caudete.org\/ayuntamiento\/wp-content\/uploads\/2022\/06\/WhatsApp-Image-2022-06-22-at-6.58.23-PM-1-1536x1152.jpeg 1536w, https:\/\/www.caudete.org\/ayuntamiento\/wp-content\/uploads\/2022\/06\/WhatsApp-Image-2022-06-22-at-6.58.23-PM-1.jpeg 2048w\" sizes=\"(max-width: 300px) 100vw, 300px\" \/><\/p>\n","protected":false},"excerpt":{"rendered":"<p>Esta ma\u00f1ana la ciudad de Socu\u00e9llamos (Ciudad Real) acog\u00eda la III Asamblea de la Asociaci\u00f3n Regional de Zonas Industriales de Castilla-La Mancha (ZINCAMAN), con la participaci\u00f3n del Consejero de Fomento de CLM, Nacho Hernando, para abordar principalmente tanto el Informe de Gesti\u00f3n como las cuentas de la entidad, adem\u00e1s del Plan de Expansi\u00f3n y la &hellip;<\/p>\n","protected":false},"author":3,"featured_media":19445,"comment_status":"closed","ping_status":"open","sticky":false,"template":"","format":"standard","meta":{"ngg_post_thumbnail":0,"footnotes":""},"categories":[32],"tags":[],"class_list":["post-19444","post","type-post","status-publish","format-standard","has-post-thumbnail","hentry","category-industria-y-empresas"],"yoast_head":"<!-- This site is optimized with the Yoast SEO plugin v27.5 - https:\/\/yoast.com\/product\/yoast-seo-wordpress\/ -->\n<title>Caudete presente en la III Asamblea de Zonas Industriales de Castilla-La Mancha (ZINCAMAN) - MI Ayuntamiento de Caudete<\/title>\n<meta name=\"description\" content=\"P\u00e1gina Oficial del Ayuntamiento de Caudete (Albacete)\" \/>\n<meta name=\"robots\" content=\"index, follow, max-snippet:-1, max-image-preview:large, max-video-preview:-1\" \/>\n<link rel=\"canonical\" href=\"https:\/\/www.caudete.org\/ayuntamiento\/caudete-presente-en-la-iii-asamblea-de-zonas-industriales-de-castilla-la-mancha-zincaman\/\" \/>\n<meta property=\"og:locale\" content=\"es_ES\" \/>\n<meta property=\"og:type\" content=\"article\" \/>\n<meta property=\"og:title\" content=\"Caudete presente en la III Asamblea de Zonas Industriales de Castilla-La Mancha (ZINCAMAN) - MI Ayuntamiento de Caudete\" \/>\n<meta property=\"og:description\" content=\"P\u00e1gina Oficial del Ayuntamiento de Caudete (Albacete)\" \/>\n<meta property=\"og:url\" content=\"https:\/\/www.caudete.org\/ayuntamiento\/caudete-presente-en-la-iii-asamblea-de-zonas-industriales-de-castilla-la-mancha-zincaman\/\" \/>\n<meta property=\"og:site_name\" content=\"MI Ayuntamiento de Caudete\" \/>\n<meta property=\"article:publisher\" content=\"https:\/\/www.facebook.com\/ayuntamientocaudete\/\" \/>\n<meta property=\"article:published_time\" content=\"2022-06-22T17:28:01+00:00\" \/>\n<meta property=\"og:image\" content=\"https:\/\/www.caudete.org\/ayuntamiento\/wp-content\/uploads\/2022\/06\/zincaman-1.jpg\" \/>\n\t<meta property=\"og:image:width\" content=\"900\" \/>\n\t<meta property=\"og:image:height\" content=\"596\" \/>\n\t<meta property=\"og:image:type\" content=\"image\/jpeg\" \/>\n<meta name=\"author\" content=\"alcalde\" \/>\n<meta name=\"twitter:card\" content=\"summary_large_image\" \/>\n<meta name=\"twitter:label1\" content=\"Escrito por\" \/>\n\t<meta name=\"twitter:data1\" content=\"alcalde\" \/>\n\t<meta name=\"twitter:label2\" content=\"Tiempo de lectura\" \/>\n\t<meta name=\"twitter:data2\" content=\"2 minutos\" \/>\n<script type=\"application\/ld+json\" class=\"yoast-schema-graph\">{\"@context\":\"https:\\\/\\\/schema.org\",\"@graph\":[{\"@type\":\"Article\",\"@id\":\"https:\\\/\\\/www.caudete.org\\\/ayuntamiento\\\/caudete-presente-en-la-iii-asamblea-de-zonas-industriales-de-castilla-la-mancha-zincaman\\\/#article\",\"isPartOf\":{\"@id\":\"https:\\\/\\\/www.caudete.org\\\/ayuntamiento\\\/caudete-presente-en-la-iii-asamblea-de-zonas-industriales-de-castilla-la-mancha-zincaman\\\/\"},\"author\":{\"name\":\"alcalde\",\"@id\":\"https:\\\/\\\/www.caudete.org\\\/ayuntamiento\\\/#\\\/schema\\\/person\\\/cc646da9133078ee4d8dd47457947253\"},\"headline\":\"Caudete presente en la III Asamblea de Zonas Industriales de Castilla-La Mancha (ZINCAMAN)\",\"datePublished\":\"2022-06-22T17:28:01+00:00\",\"mainEntityOfPage\":{\"@id\":\"https:\\\/\\\/www.caudete.org\\\/ayuntamiento\\\/caudete-presente-en-la-iii-asamblea-de-zonas-industriales-de-castilla-la-mancha-zincaman\\\/\"},\"wordCount\":458,\"image\":{\"@id\":\"https:\\\/\\\/www.caudete.org\\\/ayuntamiento\\\/caudete-presente-en-la-iii-asamblea-de-zonas-industriales-de-castilla-la-mancha-zincaman\\\/#primaryimage\"},\"thumbnailUrl\":\"https:\\\/\\\/www.caudete.org\\\/ayuntamiento\\\/wp-content\\\/uploads\\\/2022\\\/06\\\/zincaman-1.jpg\",\"articleSection\":[\"Industria y Empresas\"],\"inLanguage\":\"es\"},{\"@type\":\"WebPage\",\"@id\":\"https:\\\/\\\/www.caudete.org\\\/ayuntamiento\\\/caudete-presente-en-la-iii-asamblea-de-zonas-industriales-de-castilla-la-mancha-zincaman\\\/\",\"url\":\"https:\\\/\\\/www.caudete.org\\\/ayuntamiento\\\/caudete-presente-en-la-iii-asamblea-de-zonas-industriales-de-castilla-la-mancha-zincaman\\\/\",\"name\":\"Caudete presente en la III Asamblea de Zonas Industriales de Castilla-La Mancha (ZINCAMAN) - MI Ayuntamiento de Caudete\",\"isPartOf\":{\"@id\":\"https:\\\/\\\/www.caudete.org\\\/ayuntamiento\\\/#website\"},\"primaryImageOfPage\":{\"@id\":\"https:\\\/\\\/www.caudete.org\\\/ayuntamiento\\\/caudete-presente-en-la-iii-asamblea-de-zonas-industriales-de-castilla-la-mancha-zincaman\\\/#primaryimage\"},\"image\":{\"@id\":\"https:\\\/\\\/www.caudete.org\\\/ayuntamiento\\\/caudete-presente-en-la-iii-asamblea-de-zonas-industriales-de-castilla-la-mancha-zincaman\\\/#primaryimage\"},\"thumbnailUrl\":\"https:\\\/\\\/www.caudete.org\\\/ayuntamiento\\\/wp-content\\\/uploads\\\/2022\\\/06\\\/zincaman-1.jpg\",\"datePublished\":\"2022-06-22T17:28:01+00:00\",\"author\":{\"@id\":\"https:\\\/\\\/www.caudete.org\\\/ayuntamiento\\\/#\\\/schema\\\/person\\\/cc646da9133078ee4d8dd47457947253\"},\"description\":\"P\u00e1gina Oficial del Ayuntamiento de Caudete (Albacete)\",\"breadcrumb\":{\"@id\":\"https:\\\/\\\/www.caudete.org\\\/ayuntamiento\\\/caudete-presente-en-la-iii-asamblea-de-zonas-industriales-de-castilla-la-mancha-zincaman\\\/#breadcrumb\"},\"inLanguage\":\"es\",\"potentialAction\":[{\"@type\":\"ReadAction\",\"target\":[\"https:\\\/\\\/www.caudete.org\\\/ayuntamiento\\\/caudete-presente-en-la-iii-asamblea-de-zonas-industriales-de-castilla-la-mancha-zincaman\\\/\"]}]},{\"@type\":\"ImageObject\",\"inLanguage\":\"es\",\"@id\":\"https:\\\/\\\/www.caudete.org\\\/ayuntamiento\\\/caudete-presente-en-la-iii-asamblea-de-zonas-industriales-de-castilla-la-mancha-zincaman\\\/#primaryimage\",\"url\":\"https:\\\/\\\/www.caudete.org\\\/ayuntamiento\\\/wp-content\\\/uploads\\\/2022\\\/06\\\/zincaman-1.jpg\",\"contentUrl\":\"https:\\\/\\\/www.caudete.org\\\/ayuntamiento\\\/wp-content\\\/uploads\\\/2022\\\/06\\\/zincaman-1.jpg\",\"width\":900,\"height\":596},{\"@type\":\"BreadcrumbList\",\"@id\":\"https:\\\/\\\/www.caudete.org\\\/ayuntamiento\\\/caudete-presente-en-la-iii-asamblea-de-zonas-industriales-de-castilla-la-mancha-zincaman\\\/#breadcrumb\",\"itemListElement\":[{\"@type\":\"ListItem\",\"position\":1,\"name\":\"Inicio\",\"item\":\"https:\\\/\\\/www.caudete.org\\\/ayuntamiento\\\/\"},{\"@type\":\"ListItem\",\"position\":2,\"name\":\"Caudete presente en la III Asamblea de Zonas Industriales de Castilla-La Mancha (ZINCAMAN)\"}]},{\"@type\":\"WebSite\",\"@id\":\"https:\\\/\\\/www.caudete.org\\\/ayuntamiento\\\/#website\",\"url\":\"https:\\\/\\\/www.caudete.org\\\/ayuntamiento\\\/\",\"name\":\"MI Ayuntamiento de Caudete\",\"description\":\"P\u00e1gina Oficial del MI Ayuntamiento de Caudete\",\"potentialAction\":[{\"@type\":\"SearchAction\",\"target\":{\"@type\":\"EntryPoint\",\"urlTemplate\":\"https:\\\/\\\/www.caudete.org\\\/ayuntamiento\\\/?s={search_term_string}\"},\"query-input\":{\"@type\":\"PropertyValueSpecification\",\"valueRequired\":true,\"valueName\":\"search_term_string\"}}],\"inLanguage\":\"es\"},{\"@type\":\"Person\",\"@id\":\"https:\\\/\\\/www.caudete.org\\\/ayuntamiento\\\/#\\\/schema\\\/person\\\/cc646da9133078ee4d8dd47457947253\",\"name\":\"alcalde\",\"image\":{\"@type\":\"ImageObject\",\"inLanguage\":\"es\",\"@id\":\"https:\\\/\\\/secure.gravatar.com\\\/avatar\\\/84a817ba065b29ff08d666b215a215f5c79186a645ccb25b14a663d48a130f77?s=96&d=mm&r=g\",\"url\":\"https:\\\/\\\/secure.gravatar.com\\\/avatar\\\/84a817ba065b29ff08d666b215a215f5c79186a645ccb25b14a663d48a130f77?s=96&d=mm&r=g\",\"contentUrl\":\"https:\\\/\\\/secure.gravatar.com\\\/avatar\\\/84a817ba065b29ff08d666b215a215f5c79186a645ccb25b14a663d48a130f77?s=96&d=mm&r=g\",\"caption\":\"alcalde\"},\"url\":\"https:\\\/\\\/www.caudete.org\\\/ayuntamiento\\\/author\\\/alcalde\\\/\"}]}<\/script>\n<!-- \/ Yoast SEO plugin. -->","yoast_head_json":{"title":"Caudete presente en la III Asamblea de Zonas Industriales de Castilla-La Mancha (ZINCAMAN) - MI Ayuntamiento de Caudete","description":"P\u00e1gina Oficial del Ayuntamiento de Caudete (Albacete)","robots":{"index":"index","follow":"follow","max-snippet":"max-snippet:-1","max-image-preview":"max-image-preview:large","max-video-preview":"max-video-preview:-1"},"canonical":"https:\/\/www.caudete.org\/ayuntamiento\/caudete-presente-en-la-iii-asamblea-de-zonas-industriales-de-castilla-la-mancha-zincaman\/","og_locale":"es_ES","og_type":"article","og_title":"Caudete presente en la III Asamblea de Zonas Industriales de Castilla-La Mancha (ZINCAMAN) - MI Ayuntamiento de Caudete","og_description":"P\u00e1gina Oficial del Ayuntamiento de Caudete (Albacete)","og_url":"https:\/\/www.caudete.org\/ayuntamiento\/caudete-presente-en-la-iii-asamblea-de-zonas-industriales-de-castilla-la-mancha-zincaman\/","og_site_name":"MI Ayuntamiento de Caudete","article_publisher":"https:\/\/www.facebook.com\/ayuntamientocaudete\/","article_published_time":"2022-06-22T17:28:01+00:00","og_image":[{"width":900,"height":596,"url":"https:\/\/www.caudete.org\/ayuntamiento\/wp-content\/uploads\/2022\/06\/zincaman-1.jpg","type":"image\/jpeg"}],"author":"alcalde","twitter_card":"summary_large_image","twitter_misc":{"Escrito por":"alcalde","Tiempo de lectura":"2 minutos"},"schema":{"@context":"https:\/\/schema.org","@graph":[{"@type":"Article","@id":"https:\/\/www.caudete.org\/ayuntamiento\/caudete-presente-en-la-iii-asamblea-de-zonas-industriales-de-castilla-la-mancha-zincaman\/#article","isPartOf":{"@id":"https:\/\/www.caudete.org\/ayuntamiento\/caudete-presente-en-la-iii-asamblea-de-zonas-industriales-de-castilla-la-mancha-zincaman\/"},"author":{"name":"alcalde","@id":"https:\/\/www.caudete.org\/ayuntamiento\/#\/schema\/person\/cc646da9133078ee4d8dd47457947253"},"headline":"Caudete presente en la III Asamblea de Zonas Industriales de Castilla-La Mancha (ZINCAMAN)","datePublished":"2022-06-22T17:28:01+00:00","mainEntityOfPage":{"@id":"https:\/\/www.caudete.org\/ayuntamiento\/caudete-presente-en-la-iii-asamblea-de-zonas-industriales-de-castilla-la-mancha-zincaman\/"},"wordCount":458,"image":{"@id":"https:\/\/www.caudete.org\/ayuntamiento\/caudete-presente-en-la-iii-asamblea-de-zonas-industriales-de-castilla-la-mancha-zincaman\/#primaryimage"},"thumbnailUrl":"https:\/\/www.caudete.org\/ayuntamiento\/wp-content\/uploads\/2022\/06\/zincaman-1.jpg","articleSection":["Industria y Empresas"],"inLanguage":"es"},{"@type":"WebPage","@id":"https:\/\/www.caudete.org\/ayuntamiento\/caudete-presente-en-la-iii-asamblea-de-zonas-industriales-de-castilla-la-mancha-zincaman\/","url":"https:\/\/www.caudete.org\/ayuntamiento\/caudete-presente-en-la-iii-asamblea-de-zonas-industriales-de-castilla-la-mancha-zincaman\/","name":"Caudete presente en la III Asamblea de Zonas Industriales de Castilla-La Mancha (ZINCAMAN) - MI Ayuntamiento de Caudete","isPartOf":{"@id":"https:\/\/www.caudete.org\/ayuntamiento\/#website"},"primaryImageOfPage":{"@id":"https:\/\/www.caudete.org\/ayuntamiento\/caudete-presente-en-la-iii-asamblea-de-zonas-industriales-de-castilla-la-mancha-zincaman\/#primaryimage"},"image":{"@id":"https:\/\/www.caudete.org\/ayuntamiento\/caudete-presente-en-la-iii-asamblea-de-zonas-industriales-de-castilla-la-mancha-zincaman\/#primaryimage"},"thumbnailUrl":"https:\/\/www.caudete.org\/ayuntamiento\/wp-content\/uploads\/2022\/06\/zincaman-1.jpg","datePublished":"2022-06-22T17:28:01+00:00","author":{"@id":"https:\/\/www.caudete.org\/ayuntamiento\/#\/schema\/person\/cc646da9133078ee4d8dd47457947253"},"description":"P\u00e1gina Oficial del Ayuntamiento de Caudete (Albacete)","breadcrumb":{"@id":"https:\/\/www.caudete.org\/ayuntamiento\/caudete-presente-en-la-iii-asamblea-de-zonas-industriales-de-castilla-la-mancha-zincaman\/#breadcrumb"},"inLanguage":"es","potentialAction":[{"@type":"ReadAction","target":["https:\/\/www.caudete.org\/ayuntamiento\/caudete-presente-en-la-iii-asamblea-de-zonas-industriales-de-castilla-la-mancha-zincaman\/"]}]},{"@type":"ImageObject","inLanguage":"es","@id":"https:\/\/www.caudete.org\/ayuntamiento\/caudete-presente-en-la-iii-asamblea-de-zonas-industriales-de-castilla-la-mancha-zincaman\/#primaryimage","url":"https:\/\/www.caudete.org\/ayuntamiento\/wp-content\/uploads\/2022\/06\/zincaman-1.jpg","contentUrl":"https:\/\/www.caudete.org\/ayuntamiento\/wp-content\/uploads\/2022\/06\/zincaman-1.jpg","width":900,"height":596},{"@type":"BreadcrumbList","@id":"https:\/\/www.caudete.org\/ayuntamiento\/caudete-presente-en-la-iii-asamblea-de-zonas-industriales-de-castilla-la-mancha-zincaman\/#breadcrumb","itemListElement":[{"@type":"ListItem","position":1,"name":"Inicio","item":"https:\/\/www.caudete.org\/ayuntamiento\/"},{"@type":"ListItem","position":2,"name":"Caudete presente en la III Asamblea de Zonas Industriales de Castilla-La Mancha (ZINCAMAN)"}]},{"@type":"WebSite","@id":"https:\/\/www.caudete.org\/ayuntamiento\/#website","url":"https:\/\/www.caudete.org\/ayuntamiento\/","name":"MI Ayuntamiento de Caudete","description":"P\u00e1gina Oficial del MI Ayuntamiento de Caudete","potentialAction":[{"@type":"SearchAction","target":{"@type":"EntryPoint","urlTemplate":"https:\/\/www.caudete.org\/ayuntamiento\/?s={search_term_string}"},"query-input":{"@type":"PropertyValueSpecification","valueRequired":true,"valueName":"search_term_string"}}],"inLanguage":"es"},{"@type":"Person","@id":"https:\/\/www.caudete.org\/ayuntamiento\/#\/schema\/person\/cc646da9133078ee4d8dd47457947253","name":"alcalde","image":{"@type":"ImageObject","inLanguage":"es","@id":"https:\/\/secure.gravatar.com\/avatar\/84a817ba065b29ff08d666b215a215f5c79186a645ccb25b14a663d48a130f77?s=96&d=mm&r=g","url":"https:\/\/secure.gravatar.com\/avatar\/84a817ba065b29ff08d666b215a215f5c79186a645ccb25b14a663d48a130f77?s=96&d=mm&r=g","contentUrl":"https:\/\/secure.gravatar.com\/avatar\/84a817ba065b29ff08d666b215a215f5c79186a645ccb25b14a663d48a130f77?s=96&d=mm&r=g","caption":"alcalde"},"url":"https:\/\/www.caudete.org\/ayuntamiento\/author\/alcalde\/"}]}},"_links":{"self":[{"href":"https:\/\/www.caudete.org\/ayuntamiento\/wp-json\/wp\/v2\/posts\/19444","targetHints":{"allow":["GET"]}}],"collection":[{"href":"https:\/\/www.caudete.org\/ayuntamiento\/wp-json\/wp\/v2\/posts"}],"about":[{"href":"https:\/\/www.caudete.org\/ayuntamiento\/wp-json\/wp\/v2\/types\/post"}],"author":[{"embeddable":true,"href":"https:\/\/www.caudete.org\/ayuntamiento\/wp-json\/wp\/v2\/users\/3"}],"replies":[{"embeddable":true,"href":"https:\/\/www.caudete.org\/ayuntamiento\/wp-json\/wp\/v2\/comments?post=19444"}],"version-history":[{"count":1,"href":"https:\/\/www.caudete.org\/ayuntamiento\/wp-json\/wp\/v2\/posts\/19444\/revisions"}],"predecessor-version":[{"id":19449,"href":"https:\/\/www.caudete.org\/ayuntamiento\/wp-json\/wp\/v2\/posts\/19444\/revisions\/19449"}],"wp:featuredmedia":[{"embeddable":true,"href":"https:\/\/www.caudete.org\/ayuntamiento\/wp-json\/wp\/v2\/media\/19445"}],"wp:attachment":[{"href":"https:\/\/www.caudete.org\/ayuntamiento\/wp-json\/wp\/v2\/media?parent=19444"}],"wp:term":[{"taxonomy":"category","embeddable":true,"href":"https:\/\/www.caudete.org\/ayuntamiento\/wp-json\/wp\/v2\/categories?post=19444"},{"taxonomy":"post_tag","embeddable":true,"href":"https:\/\/www.caudete.org\/ayuntamiento\/wp-json\/wp\/v2\/tags?post=19444"}],"curies":[{"name":"wp","href":"https:\/\/api.w.org\/{rel}","templated":true}]}}