{"id":19466,"date":"2022-06-24T10:44:30","date_gmt":"2022-06-24T08:44:30","guid":{"rendered":"https:\/\/www.caudete.org\/ayuntamiento\/?p=19466"},"modified":"2022-06-24T12:43:20","modified_gmt":"2022-06-24T10:43:20","slug":"erasmus-bannewitz-escuela-municipal-de-musica-y-danza","status":"publish","type":"post","link":"https:\/\/www.caudete.org\/ayuntamiento\/erasmus-bannewitz-escuela-municipal-de-musica-y-danza\/","title":{"rendered":"CaudeteEnEUROPA: conoce el Erasmus Bannewitz de la Escuela Municipal de M\u00fasica y Danza"},"content":{"rendered":"<p style=\"text-align: justify;\">Desde las Concejal\u00edas de Empleo y Formaci\u00f3n, junto a la de M\u00fasica se informa de que, durante los pasados d\u00edas 30 y 31 de mayo, el equipo directivo y dos profesoras de las Escuela Municipal de M\u00fasica y Danza viajaron a Alemania para realizar una movilidad Erasmus con fines de formaci\u00f3n en la Musik- Tanz- und Kunstschule de Bannewitz. El proyecto consisti\u00f3 en la realizaci\u00f3n de Job-Shadowing (Observaci\u00f3n de Pr\u00e1cticas de Trabajo) por parte de las cuatro profesoras que imparten ense\u00f1anzas a alumnado adulto en las especialidades de Canto, Piano, Clarinete y Danza.<\/p>\n<p style=\"text-align: justify;\">Dos d\u00edas intensos en los que el centro alem\u00e1n organiz\u00f3 un amplio programa de actividades que incluy\u00f3 tambi\u00e9n especialidades, asignaturas y agrupaciones como arpa, clavicordio, acorde\u00f3n, lenguaje musical y orquesta de cuerda. Adem\u00e1s, los equipos directivos de ambos centros pudieron compartir ideas en torno a la diferentes aspectos relevantes para ambos centros como la organizaci\u00f3n, alumnado, profesorado, asignaturas, pr\u00e9stamo y compra de instrumentos o actividades.<\/p>\n<p style=\"text-align: justify;\">El proyecto finaliz\u00f3 con un peque\u00f1o concierto por parte de algunos alumnos de las\u00a0 especialidades objeto de la actividad, y un encuentro entre profesores de ambas escuelas en el que pudimos compartir experiencias y sensaciones de la movilidad. Adem\u00e1s, contamos con una exhibici\u00f3n de casta\u00f1uelas y sevillanas por parte de M\u00f3nica Calabuig, profesora de danza de nuestra escuela.<\/p>\n<p style=\"text-align: justify;\">Agradecemos al equipo directivo y profesorado de la Musik- Tanz- und Kunstschule de Bannewitz la gran acogida a nuestras profesoras, y esperamos recibirlos en nuestra escuela muy pronto. Tambi\u00e9n a Elia Lac\u00e1rcel, Agente de Desarrollo Local y Coordinadora Eramus del Ayuntamiento de Caudete, por su implicaci\u00f3n en la organizaci\u00f3n del proyecto.<\/p>\n<p style=\"text-align: justify;\">\n<p style=\"text-align: justify;\"><em>El proyecto \u201c2021-1-ES01-KA121-ADU-000007046 en el marco de la ACREDITACI\u00d3N ERASMUS EN EL \u00c1MBITO DE EDUCACI\u00d3N DE PERSONAS ADULTAS del Ayuntamiento de Caudete est\u00e1 cofinanciado por el programa Erasmus+ de la Uni\u00f3n Europea. El contenido de esta nota de prensa es responsabilidad exclusiva del M.I. Ayuntamiento de Caudete y ni la Comisi\u00f3n Europea, ni el Servicio Espa\u00f1ol para la Internacionalizaci\u00f3n de la Educaci\u00f3n (SEPIE) son responsables del uso que pueda hacerse de la informaci\u00f3n aqu\u00ed difundida. <\/em><\/p>\n<p>&nbsp;<\/p>\n<p><a href=\"https:\/\/www.caudete.org\/ayuntamiento\/wp-content\/uploads\/2022\/06\/01a7b254-5454-47cc-b9bd-5203aeb8df48.jpg\" rel='prettyPhoto'><img fetchpriority=\"high\" decoding=\"async\" class=\"aligncenter size-full wp-image-19467\" src=\"https:\/\/www.caudete.org\/ayuntamiento\/wp-content\/uploads\/2022\/06\/01a7b254-5454-47cc-b9bd-5203aeb8df48.jpg\" alt=\"\" width=\"1125\" height=\"1928\" srcset=\"https:\/\/www.caudete.org\/ayuntamiento\/wp-content\/uploads\/2022\/06\/01a7b254-5454-47cc-b9bd-5203aeb8df48.jpg 1125w, https:\/\/www.caudete.org\/ayuntamiento\/wp-content\/uploads\/2022\/06\/01a7b254-5454-47cc-b9bd-5203aeb8df48-175x300.jpg 175w, https:\/\/www.caudete.org\/ayuntamiento\/wp-content\/uploads\/2022\/06\/01a7b254-5454-47cc-b9bd-5203aeb8df48-598x1024.jpg 598w, https:\/\/www.caudete.org\/ayuntamiento\/wp-content\/uploads\/2022\/06\/01a7b254-5454-47cc-b9bd-5203aeb8df48-768x1316.jpg 768w, https:\/\/www.caudete.org\/ayuntamiento\/wp-content\/uploads\/2022\/06\/01a7b254-5454-47cc-b9bd-5203aeb8df48-896x1536.jpg 896w\" sizes=\"(max-width: 1125px) 100vw, 1125px\" \/><\/a> <a href=\"https:\/\/www.caudete.org\/ayuntamiento\/wp-content\/uploads\/2022\/06\/8acc218b-f778-423f-b7b4-863a04432463.jpg\" rel='prettyPhoto'><img decoding=\"async\" class=\"aligncenter size-full wp-image-19468\" src=\"https:\/\/www.caudete.org\/ayuntamiento\/wp-content\/uploads\/2022\/06\/8acc218b-f778-423f-b7b4-863a04432463.jpg\" alt=\"\" width=\"1024\" height=\"768\" srcset=\"https:\/\/www.caudete.org\/ayuntamiento\/wp-content\/uploads\/2022\/06\/8acc218b-f778-423f-b7b4-863a04432463.jpg 1024w, https:\/\/www.caudete.org\/ayuntamiento\/wp-content\/uploads\/2022\/06\/8acc218b-f778-423f-b7b4-863a04432463-300x225.jpg 300w, https:\/\/www.caudete.org\/ayuntamiento\/wp-content\/uploads\/2022\/06\/8acc218b-f778-423f-b7b4-863a04432463-768x576.jpg 768w\" sizes=\"(max-width: 1024px) 100vw, 1024px\" \/><\/a> <a href=\"https:\/\/www.caudete.org\/ayuntamiento\/wp-content\/uploads\/2022\/06\/295fb58a-1aee-4f46-8907-5396f3e1685b.jpg\" rel='prettyPhoto'><img decoding=\"async\" class=\"aligncenter size-full wp-image-19469\" src=\"https:\/\/www.caudete.org\/ayuntamiento\/wp-content\/uploads\/2022\/06\/295fb58a-1aee-4f46-8907-5396f3e1685b.jpg\" alt=\"\" width=\"1024\" height=\"768\" srcset=\"https:\/\/www.caudete.org\/ayuntamiento\/wp-content\/uploads\/2022\/06\/295fb58a-1aee-4f46-8907-5396f3e1685b.jpg 1024w, https:\/\/www.caudete.org\/ayuntamiento\/wp-content\/uploads\/2022\/06\/295fb58a-1aee-4f46-8907-5396f3e1685b-300x225.jpg 300w, https:\/\/www.caudete.org\/ayuntamiento\/wp-content\/uploads\/2022\/06\/295fb58a-1aee-4f46-8907-5396f3e1685b-768x576.jpg 768w\" sizes=\"(max-width: 1024px) 100vw, 1024px\" \/><\/a> <a href=\"https:\/\/www.caudete.org\/ayuntamiento\/wp-content\/uploads\/2022\/06\/777b283f-aee4-4a58-a8aa-36ea4ed6870b.jpg\" rel='prettyPhoto'><img loading=\"lazy\" decoding=\"async\" class=\"aligncenter size-full wp-image-19470\" src=\"https:\/\/www.caudete.org\/ayuntamiento\/wp-content\/uploads\/2022\/06\/777b283f-aee4-4a58-a8aa-36ea4ed6870b.jpg\" alt=\"\" width=\"1125\" height=\"1965\" srcset=\"https:\/\/www.caudete.org\/ayuntamiento\/wp-content\/uploads\/2022\/06\/777b283f-aee4-4a58-a8aa-36ea4ed6870b.jpg 1125w, https:\/\/www.caudete.org\/ayuntamiento\/wp-content\/uploads\/2022\/06\/777b283f-aee4-4a58-a8aa-36ea4ed6870b-172x300.jpg 172w, https:\/\/www.caudete.org\/ayuntamiento\/wp-content\/uploads\/2022\/06\/777b283f-aee4-4a58-a8aa-36ea4ed6870b-586x1024.jpg 586w, https:\/\/www.caudete.org\/ayuntamiento\/wp-content\/uploads\/2022\/06\/777b283f-aee4-4a58-a8aa-36ea4ed6870b-768x1341.jpg 768w, https:\/\/www.caudete.org\/ayuntamiento\/wp-content\/uploads\/2022\/06\/777b283f-aee4-4a58-a8aa-36ea4ed6870b-879x1536.jpg 879w\" sizes=\"(max-width: 1125px) 100vw, 1125px\" \/><\/a> <a href=\"https:\/\/www.caudete.org\/ayuntamiento\/wp-content\/uploads\/2022\/06\/a2a8f45f-beeb-4f82-a588-f9391cef2281.jpg\" rel='prettyPhoto'><img loading=\"lazy\" decoding=\"async\" class=\"aligncenter size-full wp-image-19471\" src=\"https:\/\/www.caudete.org\/ayuntamiento\/wp-content\/uploads\/2022\/06\/a2a8f45f-beeb-4f82-a588-f9391cef2281.jpg\" alt=\"\" width=\"480\" height=\"640\" srcset=\"https:\/\/www.caudete.org\/ayuntamiento\/wp-content\/uploads\/2022\/06\/a2a8f45f-beeb-4f82-a588-f9391cef2281.jpg 480w, https:\/\/www.caudete.org\/ayuntamiento\/wp-content\/uploads\/2022\/06\/a2a8f45f-beeb-4f82-a588-f9391cef2281-225x300.jpg 225w\" sizes=\"(max-width: 480px) 100vw, 480px\" \/><\/a> <a href=\"https:\/\/www.caudete.org\/ayuntamiento\/wp-content\/uploads\/2022\/06\/a6d1b254-45cc-483a-8c23-24cd209ae084.jpg\" rel='prettyPhoto'><img loading=\"lazy\" decoding=\"async\" class=\"aligncenter size-full wp-image-19472\" src=\"https:\/\/www.caudete.org\/ayuntamiento\/wp-content\/uploads\/2022\/06\/a6d1b254-45cc-483a-8c23-24cd209ae084.jpg\" alt=\"\" width=\"1600\" height=\"1200\" srcset=\"https:\/\/www.caudete.org\/ayuntamiento\/wp-content\/uploads\/2022\/06\/a6d1b254-45cc-483a-8c23-24cd209ae084.jpg 1600w, https:\/\/www.caudete.org\/ayuntamiento\/wp-content\/uploads\/2022\/06\/a6d1b254-45cc-483a-8c23-24cd209ae084-300x225.jpg 300w, https:\/\/www.caudete.org\/ayuntamiento\/wp-content\/uploads\/2022\/06\/a6d1b254-45cc-483a-8c23-24cd209ae084-1024x768.jpg 1024w, https:\/\/www.caudete.org\/ayuntamiento\/wp-content\/uploads\/2022\/06\/a6d1b254-45cc-483a-8c23-24cd209ae084-768x576.jpg 768w, https:\/\/www.caudete.org\/ayuntamiento\/wp-content\/uploads\/2022\/06\/a6d1b254-45cc-483a-8c23-24cd209ae084-1536x1152.jpg 1536w\" sizes=\"(max-width: 1600px) 100vw, 1600px\" \/><\/a><\/p>\n","protected":false},"excerpt":{"rendered":"<p>Desde las Concejal\u00edas de Empleo y Formaci\u00f3n, junto a la de M\u00fasica se informa de que, durante los pasados d\u00edas 30 y 31 de mayo, el equipo directivo y dos profesoras de las Escuela Municipal de M\u00fasica y Danza viajaron a Alemania para realizar una movilidad Erasmus con fines de formaci\u00f3n en la Musik- Tanz- &hellip;<\/p>\n","protected":false},"author":1,"featured_media":19472,"comment_status":"closed","ping_status":"open","sticky":false,"template":"","format":"standard","meta":{"ngg_post_thumbnail":0,"footnotes":""},"categories":[37],"tags":[],"class_list":["post-19466","post","type-post","status-publish","format-standard","has-post-thumbnail","hentry","category-empleo-y-formacion"],"yoast_head":"<!-- This site is optimized with the Yoast SEO plugin v27.4 - https:\/\/yoast.com\/product\/yoast-seo-wordpress\/ -->\n<title>CaudeteEnEUROPA: conoce el Erasmus Bannewitz de la Escuela Municipal de M\u00fasica y Danza - MI Ayuntamiento de Caudete<\/title>\n<meta name=\"description\" content=\"P\u00e1gina Oficial del Ayuntamiento de Caudete (Albacete)\" \/>\n<meta name=\"robots\" content=\"index, follow, max-snippet:-1, max-image-preview:large, max-video-preview:-1\" \/>\n<link rel=\"canonical\" href=\"https:\/\/www.caudete.org\/ayuntamiento\/erasmus-bannewitz-escuela-municipal-de-musica-y-danza\/\" \/>\n<meta property=\"og:locale\" content=\"es_ES\" \/>\n<meta property=\"og:type\" content=\"article\" \/>\n<meta property=\"og:title\" content=\"CaudeteEnEUROPA: conoce el Erasmus Bannewitz de la Escuela Municipal de M\u00fasica y Danza - MI Ayuntamiento de Caudete\" \/>\n<meta property=\"og:description\" content=\"P\u00e1gina Oficial del Ayuntamiento de Caudete (Albacete)\" \/>\n<meta property=\"og:url\" content=\"https:\/\/www.caudete.org\/ayuntamiento\/erasmus-bannewitz-escuela-municipal-de-musica-y-danza\/\" \/>\n<meta property=\"og:site_name\" content=\"MI Ayuntamiento de Caudete\" \/>\n<meta property=\"article:publisher\" content=\"https:\/\/www.facebook.com\/ayuntamientocaudete\/\" \/>\n<meta property=\"article:published_time\" content=\"2022-06-24T08:44:30+00:00\" \/>\n<meta property=\"article:modified_time\" content=\"2022-06-24T10:43:20+00:00\" \/>\n<meta property=\"og:image\" content=\"https:\/\/www.caudete.org\/ayuntamiento\/wp-content\/uploads\/2022\/06\/a6d1b254-45cc-483a-8c23-24cd209ae084.jpg\" \/>\n\t<meta property=\"og:image:width\" content=\"1600\" \/>\n\t<meta property=\"og:image:height\" content=\"1200\" \/>\n\t<meta property=\"og:image:type\" content=\"image\/jpeg\" \/>\n<meta name=\"author\" content=\"ayun\" \/>\n<meta name=\"twitter:card\" content=\"summary_large_image\" \/>\n<meta name=\"twitter:label1\" content=\"Escrito por\" \/>\n\t<meta name=\"twitter:data1\" content=\"ayun\" \/>\n\t<meta name=\"twitter:label2\" content=\"Tiempo de lectura\" \/>\n\t<meta name=\"twitter:data2\" content=\"3 minutos\" \/>\n<script type=\"application\/ld+json\" class=\"yoast-schema-graph\">{\"@context\":\"https:\\\/\\\/schema.org\",\"@graph\":[{\"@type\":\"Article\",\"@id\":\"https:\\\/\\\/www.caudete.org\\\/ayuntamiento\\\/erasmus-bannewitz-escuela-municipal-de-musica-y-danza\\\/#article\",\"isPartOf\":{\"@id\":\"https:\\\/\\\/www.caudete.org\\\/ayuntamiento\\\/erasmus-bannewitz-escuela-municipal-de-musica-y-danza\\\/\"},\"author\":{\"name\":\"ayun\",\"@id\":\"https:\\\/\\\/www.caudete.org\\\/ayuntamiento\\\/#\\\/schema\\\/person\\\/79f7e19fdd176fc2bc7a289013dc2056\"},\"headline\":\"CaudeteEnEUROPA: conoce el Erasmus Bannewitz de la Escuela Municipal de M\u00fasica y Danza\",\"datePublished\":\"2022-06-24T08:44:30+00:00\",\"dateModified\":\"2022-06-24T10:43:20+00:00\",\"mainEntityOfPage\":{\"@id\":\"https:\\\/\\\/www.caudete.org\\\/ayuntamiento\\\/erasmus-bannewitz-escuela-municipal-de-musica-y-danza\\\/\"},\"wordCount\":393,\"publisher\":{\"@id\":\"https:\\\/\\\/www.caudete.org\\\/ayuntamiento\\\/#organization\"},\"image\":{\"@id\":\"https:\\\/\\\/www.caudete.org\\\/ayuntamiento\\\/erasmus-bannewitz-escuela-municipal-de-musica-y-danza\\\/#primaryimage\"},\"thumbnailUrl\":\"https:\\\/\\\/www.caudete.org\\\/ayuntamiento\\\/wp-content\\\/uploads\\\/2022\\\/06\\\/a6d1b254-45cc-483a-8c23-24cd209ae084.jpg\",\"articleSection\":[\"Empleo y Formaci\u00f3n\"],\"inLanguage\":\"es\"},{\"@type\":\"WebPage\",\"@id\":\"https:\\\/\\\/www.caudete.org\\\/ayuntamiento\\\/erasmus-bannewitz-escuela-municipal-de-musica-y-danza\\\/\",\"url\":\"https:\\\/\\\/www.caudete.org\\\/ayuntamiento\\\/erasmus-bannewitz-escuela-municipal-de-musica-y-danza\\\/\",\"name\":\"CaudeteEnEUROPA: conoce el Erasmus Bannewitz de la Escuela Municipal de M\u00fasica y Danza - MI Ayuntamiento de Caudete\",\"isPartOf\":{\"@id\":\"https:\\\/\\\/www.caudete.org\\\/ayuntamiento\\\/#website\"},\"primaryImageOfPage\":{\"@id\":\"https:\\\/\\\/www.caudete.org\\\/ayuntamiento\\\/erasmus-bannewitz-escuela-municipal-de-musica-y-danza\\\/#primaryimage\"},\"image\":{\"@id\":\"https:\\\/\\\/www.caudete.org\\\/ayuntamiento\\\/erasmus-bannewitz-escuela-municipal-de-musica-y-danza\\\/#primaryimage\"},\"thumbnailUrl\":\"https:\\\/\\\/www.caudete.org\\\/ayuntamiento\\\/wp-content\\\/uploads\\\/2022\\\/06\\\/a6d1b254-45cc-483a-8c23-24cd209ae084.jpg\",\"datePublished\":\"2022-06-24T08:44:30+00:00\",\"dateModified\":\"2022-06-24T10:43:20+00:00\",\"description\":\"P\u00e1gina Oficial del Ayuntamiento de Caudete (Albacete)\",\"breadcrumb\":{\"@id\":\"https:\\\/\\\/www.caudete.org\\\/ayuntamiento\\\/erasmus-bannewitz-escuela-municipal-de-musica-y-danza\\\/#breadcrumb\"},\"inLanguage\":\"es\",\"potentialAction\":[{\"@type\":\"ReadAction\",\"target\":[\"https:\\\/\\\/www.caudete.org\\\/ayuntamiento\\\/erasmus-bannewitz-escuela-municipal-de-musica-y-danza\\\/\"]}]},{\"@type\":\"ImageObject\",\"inLanguage\":\"es\",\"@id\":\"https:\\\/\\\/www.caudete.org\\\/ayuntamiento\\\/erasmus-bannewitz-escuela-municipal-de-musica-y-danza\\\/#primaryimage\",\"url\":\"https:\\\/\\\/www.caudete.org\\\/ayuntamiento\\\/wp-content\\\/uploads\\\/2022\\\/06\\\/a6d1b254-45cc-483a-8c23-24cd209ae084.jpg\",\"contentUrl\":\"https:\\\/\\\/www.caudete.org\\\/ayuntamiento\\\/wp-content\\\/uploads\\\/2022\\\/06\\\/a6d1b254-45cc-483a-8c23-24cd209ae084.jpg\",\"width\":1600,\"height\":1200},{\"@type\":\"BreadcrumbList\",\"@id\":\"https:\\\/\\\/www.caudete.org\\\/ayuntamiento\\\/erasmus-bannewitz-escuela-municipal-de-musica-y-danza\\\/#breadcrumb\",\"itemListElement\":[{\"@type\":\"ListItem\",\"position\":1,\"name\":\"Inicio\",\"item\":\"https:\\\/\\\/www.caudete.org\\\/ayuntamiento\\\/\"},{\"@type\":\"ListItem\",\"position\":2,\"name\":\"CaudeteEnEUROPA: conoce el Erasmus Bannewitz de la Escuela Municipal de M\u00fasica y Danza\"}]},{\"@type\":\"WebSite\",\"@id\":\"https:\\\/\\\/www.caudete.org\\\/ayuntamiento\\\/#website\",\"url\":\"https:\\\/\\\/www.caudete.org\\\/ayuntamiento\\\/\",\"name\":\"MI Ayuntamiento de Caudete\",\"description\":\"P\u00e1gina Oficial del MI Ayuntamiento de Caudete\",\"publisher\":{\"@id\":\"https:\\\/\\\/www.caudete.org\\\/ayuntamiento\\\/#organization\"},\"potentialAction\":[{\"@type\":\"SearchAction\",\"target\":{\"@type\":\"EntryPoint\",\"urlTemplate\":\"https:\\\/\\\/www.caudete.org\\\/ayuntamiento\\\/?s={search_term_string}\"},\"query-input\":{\"@type\":\"PropertyValueSpecification\",\"valueRequired\":true,\"valueName\":\"search_term_string\"}}],\"inLanguage\":\"es\"},{\"@type\":\"Organization\",\"@id\":\"https:\\\/\\\/www.caudete.org\\\/ayuntamiento\\\/#organization\",\"name\":\"Ayuntamiento de Caudete\",\"url\":\"https:\\\/\\\/www.caudete.org\\\/ayuntamiento\\\/\",\"logo\":{\"@type\":\"ImageObject\",\"inLanguage\":\"es\",\"@id\":\"https:\\\/\\\/www.caudete.org\\\/ayuntamiento\\\/#\\\/schema\\\/logo\\\/image\\\/\",\"url\":\"https:\\\/\\\/www.caudete.org\\\/ayuntamiento\\\/wp-content\\\/uploads\\\/2020\\\/11\\\/logo_ayuntamiento_caudete.jpg\",\"contentUrl\":\"https:\\\/\\\/www.caudete.org\\\/ayuntamiento\\\/wp-content\\\/uploads\\\/2020\\\/11\\\/logo_ayuntamiento_caudete.jpg\",\"width\":600,\"height\":150,\"caption\":\"Ayuntamiento de Caudete\"},\"image\":{\"@id\":\"https:\\\/\\\/www.caudete.org\\\/ayuntamiento\\\/#\\\/schema\\\/logo\\\/image\\\/\"},\"sameAs\":[\"https:\\\/\\\/www.facebook.com\\\/ayuntamientocaudete\\\/\",\"https:\\\/\\\/www.youtube.com\\\/channel\\\/UC6VztHaooNsGpw-tNoBEFnQ\"]},{\"@type\":\"Person\",\"@id\":\"https:\\\/\\\/www.caudete.org\\\/ayuntamiento\\\/#\\\/schema\\\/person\\\/79f7e19fdd176fc2bc7a289013dc2056\",\"name\":\"ayun\",\"image\":{\"@type\":\"ImageObject\",\"inLanguage\":\"es\",\"@id\":\"https:\\\/\\\/secure.gravatar.com\\\/avatar\\\/4ce797ee07c943e7e592f8cd648e503e6cd571387558ed07135799c2bd2847df?s=96&d=mm&r=g\",\"url\":\"https:\\\/\\\/secure.gravatar.com\\\/avatar\\\/4ce797ee07c943e7e592f8cd648e503e6cd571387558ed07135799c2bd2847df?s=96&d=mm&r=g\",\"contentUrl\":\"https:\\\/\\\/secure.gravatar.com\\\/avatar\\\/4ce797ee07c943e7e592f8cd648e503e6cd571387558ed07135799c2bd2847df?s=96&d=mm&r=g\",\"caption\":\"ayun\"},\"sameAs\":[\"http:\\\/\\\/www.caudete.org\\\/ayuntamiento\"],\"url\":\"https:\\\/\\\/www.caudete.org\\\/ayuntamiento\\\/author\\\/ayun\\\/\"}]}<\/script>\n<!-- \/ Yoast SEO plugin. -->","yoast_head_json":{"title":"CaudeteEnEUROPA: conoce el Erasmus Bannewitz de la Escuela Municipal de M\u00fasica y Danza - MI Ayuntamiento de Caudete","description":"P\u00e1gina Oficial del Ayuntamiento de Caudete (Albacete)","robots":{"index":"index","follow":"follow","max-snippet":"max-snippet:-1","max-image-preview":"max-image-preview:large","max-video-preview":"max-video-preview:-1"},"canonical":"https:\/\/www.caudete.org\/ayuntamiento\/erasmus-bannewitz-escuela-municipal-de-musica-y-danza\/","og_locale":"es_ES","og_type":"article","og_title":"CaudeteEnEUROPA: conoce el Erasmus Bannewitz de la Escuela Municipal de M\u00fasica y Danza - MI Ayuntamiento de Caudete","og_description":"P\u00e1gina Oficial del Ayuntamiento de Caudete (Albacete)","og_url":"https:\/\/www.caudete.org\/ayuntamiento\/erasmus-bannewitz-escuela-municipal-de-musica-y-danza\/","og_site_name":"MI Ayuntamiento de Caudete","article_publisher":"https:\/\/www.facebook.com\/ayuntamientocaudete\/","article_published_time":"2022-06-24T08:44:30+00:00","article_modified_time":"2022-06-24T10:43:20+00:00","og_image":[{"width":1600,"height":1200,"url":"https:\/\/www.caudete.org\/ayuntamiento\/wp-content\/uploads\/2022\/06\/a6d1b254-45cc-483a-8c23-24cd209ae084.jpg","type":"image\/jpeg"}],"author":"ayun","twitter_card":"summary_large_image","twitter_misc":{"Escrito por":"ayun","Tiempo de lectura":"3 minutos"},"schema":{"@context":"https:\/\/schema.org","@graph":[{"@type":"Article","@id":"https:\/\/www.caudete.org\/ayuntamiento\/erasmus-bannewitz-escuela-municipal-de-musica-y-danza\/#article","isPartOf":{"@id":"https:\/\/www.caudete.org\/ayuntamiento\/erasmus-bannewitz-escuela-municipal-de-musica-y-danza\/"},"author":{"name":"ayun","@id":"https:\/\/www.caudete.org\/ayuntamiento\/#\/schema\/person\/79f7e19fdd176fc2bc7a289013dc2056"},"headline":"CaudeteEnEUROPA: conoce el Erasmus Bannewitz de la Escuela Municipal de M\u00fasica y Danza","datePublished":"2022-06-24T08:44:30+00:00","dateModified":"2022-06-24T10:43:20+00:00","mainEntityOfPage":{"@id":"https:\/\/www.caudete.org\/ayuntamiento\/erasmus-bannewitz-escuela-municipal-de-musica-y-danza\/"},"wordCount":393,"publisher":{"@id":"https:\/\/www.caudete.org\/ayuntamiento\/#organization"},"image":{"@id":"https:\/\/www.caudete.org\/ayuntamiento\/erasmus-bannewitz-escuela-municipal-de-musica-y-danza\/#primaryimage"},"thumbnailUrl":"https:\/\/www.caudete.org\/ayuntamiento\/wp-content\/uploads\/2022\/06\/a6d1b254-45cc-483a-8c23-24cd209ae084.jpg","articleSection":["Empleo y Formaci\u00f3n"],"inLanguage":"es"},{"@type":"WebPage","@id":"https:\/\/www.caudete.org\/ayuntamiento\/erasmus-bannewitz-escuela-municipal-de-musica-y-danza\/","url":"https:\/\/www.caudete.org\/ayuntamiento\/erasmus-bannewitz-escuela-municipal-de-musica-y-danza\/","name":"CaudeteEnEUROPA: conoce el Erasmus Bannewitz de la Escuela Municipal de M\u00fasica y Danza - MI Ayuntamiento de Caudete","isPartOf":{"@id":"https:\/\/www.caudete.org\/ayuntamiento\/#website"},"primaryImageOfPage":{"@id":"https:\/\/www.caudete.org\/ayuntamiento\/erasmus-bannewitz-escuela-municipal-de-musica-y-danza\/#primaryimage"},"image":{"@id":"https:\/\/www.caudete.org\/ayuntamiento\/erasmus-bannewitz-escuela-municipal-de-musica-y-danza\/#primaryimage"},"thumbnailUrl":"https:\/\/www.caudete.org\/ayuntamiento\/wp-content\/uploads\/2022\/06\/a6d1b254-45cc-483a-8c23-24cd209ae084.jpg","datePublished":"2022-06-24T08:44:30+00:00","dateModified":"2022-06-24T10:43:20+00:00","description":"P\u00e1gina Oficial del Ayuntamiento de Caudete (Albacete)","breadcrumb":{"@id":"https:\/\/www.caudete.org\/ayuntamiento\/erasmus-bannewitz-escuela-municipal-de-musica-y-danza\/#breadcrumb"},"inLanguage":"es","potentialAction":[{"@type":"ReadAction","target":["https:\/\/www.caudete.org\/ayuntamiento\/erasmus-bannewitz-escuela-municipal-de-musica-y-danza\/"]}]},{"@type":"ImageObject","inLanguage":"es","@id":"https:\/\/www.caudete.org\/ayuntamiento\/erasmus-bannewitz-escuela-municipal-de-musica-y-danza\/#primaryimage","url":"https:\/\/www.caudete.org\/ayuntamiento\/wp-content\/uploads\/2022\/06\/a6d1b254-45cc-483a-8c23-24cd209ae084.jpg","contentUrl":"https:\/\/www.caudete.org\/ayuntamiento\/wp-content\/uploads\/2022\/06\/a6d1b254-45cc-483a-8c23-24cd209ae084.jpg","width":1600,"height":1200},{"@type":"BreadcrumbList","@id":"https:\/\/www.caudete.org\/ayuntamiento\/erasmus-bannewitz-escuela-municipal-de-musica-y-danza\/#breadcrumb","itemListElement":[{"@type":"ListItem","position":1,"name":"Inicio","item":"https:\/\/www.caudete.org\/ayuntamiento\/"},{"@type":"ListItem","position":2,"name":"CaudeteEnEUROPA: conoce el Erasmus Bannewitz de la Escuela Municipal de M\u00fasica y Danza"}]},{"@type":"WebSite","@id":"https:\/\/www.caudete.org\/ayuntamiento\/#website","url":"https:\/\/www.caudete.org\/ayuntamiento\/","name":"MI Ayuntamiento de Caudete","description":"P\u00e1gina Oficial del MI Ayuntamiento de Caudete","publisher":{"@id":"https:\/\/www.caudete.org\/ayuntamiento\/#organization"},"potentialAction":[{"@type":"SearchAction","target":{"@type":"EntryPoint","urlTemplate":"https:\/\/www.caudete.org\/ayuntamiento\/?s={search_term_string}"},"query-input":{"@type":"PropertyValueSpecification","valueRequired":true,"valueName":"search_term_string"}}],"inLanguage":"es"},{"@type":"Organization","@id":"https:\/\/www.caudete.org\/ayuntamiento\/#organization","name":"Ayuntamiento de Caudete","url":"https:\/\/www.caudete.org\/ayuntamiento\/","logo":{"@type":"ImageObject","inLanguage":"es","@id":"https:\/\/www.caudete.org\/ayuntamiento\/#\/schema\/logo\/image\/","url":"https:\/\/www.caudete.org\/ayuntamiento\/wp-content\/uploads\/2020\/11\/logo_ayuntamiento_caudete.jpg","contentUrl":"https:\/\/www.caudete.org\/ayuntamiento\/wp-content\/uploads\/2020\/11\/logo_ayuntamiento_caudete.jpg","width":600,"height":150,"caption":"Ayuntamiento de Caudete"},"image":{"@id":"https:\/\/www.caudete.org\/ayuntamiento\/#\/schema\/logo\/image\/"},"sameAs":["https:\/\/www.facebook.com\/ayuntamientocaudete\/","https:\/\/www.youtube.com\/channel\/UC6VztHaooNsGpw-tNoBEFnQ"]},{"@type":"Person","@id":"https:\/\/www.caudete.org\/ayuntamiento\/#\/schema\/person\/79f7e19fdd176fc2bc7a289013dc2056","name":"ayun","image":{"@type":"ImageObject","inLanguage":"es","@id":"https:\/\/secure.gravatar.com\/avatar\/4ce797ee07c943e7e592f8cd648e503e6cd571387558ed07135799c2bd2847df?s=96&d=mm&r=g","url":"https:\/\/secure.gravatar.com\/avatar\/4ce797ee07c943e7e592f8cd648e503e6cd571387558ed07135799c2bd2847df?s=96&d=mm&r=g","contentUrl":"https:\/\/secure.gravatar.com\/avatar\/4ce797ee07c943e7e592f8cd648e503e6cd571387558ed07135799c2bd2847df?s=96&d=mm&r=g","caption":"ayun"},"sameAs":["http:\/\/www.caudete.org\/ayuntamiento"],"url":"https:\/\/www.caudete.org\/ayuntamiento\/author\/ayun\/"}]}},"_links":{"self":[{"href":"https:\/\/www.caudete.org\/ayuntamiento\/wp-json\/wp\/v2\/posts\/19466","targetHints":{"allow":["GET"]}}],"collection":[{"href":"https:\/\/www.caudete.org\/ayuntamiento\/wp-json\/wp\/v2\/posts"}],"about":[{"href":"https:\/\/www.caudete.org\/ayuntamiento\/wp-json\/wp\/v2\/types\/post"}],"author":[{"embeddable":true,"href":"https:\/\/www.caudete.org\/ayuntamiento\/wp-json\/wp\/v2\/users\/1"}],"replies":[{"embeddable":true,"href":"https:\/\/www.caudete.org\/ayuntamiento\/wp-json\/wp\/v2\/comments?post=19466"}],"version-history":[{"count":3,"href":"https:\/\/www.caudete.org\/ayuntamiento\/wp-json\/wp\/v2\/posts\/19466\/revisions"}],"predecessor-version":[{"id":19475,"href":"https:\/\/www.caudete.org\/ayuntamiento\/wp-json\/wp\/v2\/posts\/19466\/revisions\/19475"}],"wp:featuredmedia":[{"embeddable":true,"href":"https:\/\/www.caudete.org\/ayuntamiento\/wp-json\/wp\/v2\/media\/19472"}],"wp:attachment":[{"href":"https:\/\/www.caudete.org\/ayuntamiento\/wp-json\/wp\/v2\/media?parent=19466"}],"wp:term":[{"taxonomy":"category","embeddable":true,"href":"https:\/\/www.caudete.org\/ayuntamiento\/wp-json\/wp\/v2\/categories?post=19466"},{"taxonomy":"post_tag","embeddable":true,"href":"https:\/\/www.caudete.org\/ayuntamiento\/wp-json\/wp\/v2\/tags?post=19466"}],"curies":[{"name":"wp","href":"https:\/\/api.w.org\/{rel}","templated":true}]}}