{"id":19482,"date":"2022-06-27T09:00:18","date_gmt":"2022-06-27T07:00:18","guid":{"rendered":"https:\/\/www.caudete.org\/ayuntamiento\/?p=19482"},"modified":"2022-06-26T14:13:21","modified_gmt":"2022-06-26T12:13:21","slug":"caudeteneuropa-el-club-de-lectura-de-teatro-27-de-marzo-viaja-a-italia-con-el-programa-erasmus","status":"publish","type":"post","link":"https:\/\/www.caudete.org\/ayuntamiento\/caudeteneuropa-el-club-de-lectura-de-teatro-27-de-marzo-viaja-a-italia-con-el-programa-erasmus\/","title":{"rendered":"CaudetEnEUROPA: el Club de Lectura de Teatro &#8220;27 de marzo&#8221; viaja a ITALIA con el programa ERASMUS+"},"content":{"rendered":"<p style=\"text-align: justify;\">La Concejal de Empleo y Formaci\u00f3n, M\u00aa del Mar Requena y el Concejal de Cultura, Luis Felipe Ba\u00f1\u00f3n, informan que el Club de Lectura de Teatro \u201c27 de marzo\u201d, de la Biblioteca P\u00fablica Municipal Ana Mar\u00eda Matute, \u00a0ha participado en la primera experiencia Erasmus+ para alumnado de Educaci\u00f3n de Adultos, en Caudete.<\/p>\n<p style=\"text-align: justify;\">El Club de lectura de Teatro \u201c27 de marzo\u201d ha participado, del 15 al 20 de junio, en un proyecto de movilidad ERASMUS+ EDUCACI\u00d3N DE PERSONAS ADULTAS del Ayuntamiento de Caudete, en la ciudad de Lecce, la Florencia del Sur la llaman, por su rico patrimonio cultural y arquitect\u00f3nico.<\/p>\n<p><img fetchpriority=\"high\" decoding=\"async\" class=\"alignnone size-medium wp-image-19486\" src=\"https:\/\/www.caudete.org\/ayuntamiento\/wp-content\/uploads\/2022\/06\/JARDINES-DE-LA-LOBA-7-300x169.jpeg\" alt=\"\" width=\"300\" height=\"169\" srcset=\"https:\/\/www.caudete.org\/ayuntamiento\/wp-content\/uploads\/2022\/06\/JARDINES-DE-LA-LOBA-7-300x169.jpeg 300w, https:\/\/www.caudete.org\/ayuntamiento\/wp-content\/uploads\/2022\/06\/JARDINES-DE-LA-LOBA-7-1024x576.jpeg 1024w, https:\/\/www.caudete.org\/ayuntamiento\/wp-content\/uploads\/2022\/06\/JARDINES-DE-LA-LOBA-7-768x432.jpeg 768w, https:\/\/www.caudete.org\/ayuntamiento\/wp-content\/uploads\/2022\/06\/JARDINES-DE-LA-LOBA-7-1536x864.jpeg 1536w, https:\/\/www.caudete.org\/ayuntamiento\/wp-content\/uploads\/2022\/06\/JARDINES-DE-LA-LOBA-7.jpeg 2000w\" sizes=\"(max-width: 300px) 100vw, 300px\" \/> <img decoding=\"async\" class=\"alignnone size-medium wp-image-19484\" src=\"https:\/\/www.caudete.org\/ayuntamiento\/wp-content\/uploads\/2022\/06\/LABORATORIO-DE-LA-VOZ--300x225.jpeg\" alt=\"\" width=\"300\" height=\"225\" srcset=\"https:\/\/www.caudete.org\/ayuntamiento\/wp-content\/uploads\/2022\/06\/LABORATORIO-DE-LA-VOZ--300x225.jpeg 300w, https:\/\/www.caudete.org\/ayuntamiento\/wp-content\/uploads\/2022\/06\/LABORATORIO-DE-LA-VOZ--1024x768.jpeg 1024w, https:\/\/www.caudete.org\/ayuntamiento\/wp-content\/uploads\/2022\/06\/LABORATORIO-DE-LA-VOZ--768x576.jpeg 768w, https:\/\/www.caudete.org\/ayuntamiento\/wp-content\/uploads\/2022\/06\/LABORATORIO-DE-LA-VOZ--1536x1152.jpeg 1536w, https:\/\/www.caudete.org\/ayuntamiento\/wp-content\/uploads\/2022\/06\/LABORATORIO-DE-LA-VOZ-.jpeg 1600w\" sizes=\"(max-width: 300px) 100vw, 300px\" \/><\/p>\n<p style=\"text-align: justify;\">La Ass. Cult. Multidisciplinary Art, dedicada a la promoci\u00f3n de la Poes\u00eda, M\u00fasica y Arte de la cultura del Salento, ha sido la encargada de realizar un programa de formaci\u00f3n a trav\u00e9s de un taller de teatro titulado \u201cViaggio a Finisbusterrae\u201d, en el espacio Manifatture Knos de Lecce.<\/p>\n<p style=\"text-align: justify;\">Las diez mujeres participantes, miembros del Club de Lectura de Teatro, se han beneficiado de un aprendizaje innovador, ya que a trav\u00e9s de la Poes\u00eda, la M\u00fasica, la Improvisaci\u00f3n y la figura de Vittorio Bodini, famoso hispanista y traductor ligado a la cultura de esta regi\u00f3n de Italia, han podido trabajar la voz, como herramienta de comunicaci\u00f3n, usando distintos registros, apoy\u00e1ndose en la m\u00fasica y en el lenguaje corporal, as\u00ed como el movimiento en el espacio esc\u00e9nico y la captaci\u00f3n de la atenci\u00f3n del p\u00fablico.<\/p>\n<p><img decoding=\"async\" class=\"alignnone size-medium wp-image-19487\" src=\"https:\/\/www.caudete.org\/ayuntamiento\/wp-content\/uploads\/2022\/06\/CASTILLO-DE-OTRANTO-2-300x169.jpg\" alt=\"\" width=\"300\" height=\"169\" srcset=\"https:\/\/www.caudete.org\/ayuntamiento\/wp-content\/uploads\/2022\/06\/CASTILLO-DE-OTRANTO-2-300x169.jpg 300w, https:\/\/www.caudete.org\/ayuntamiento\/wp-content\/uploads\/2022\/06\/CASTILLO-DE-OTRANTO-2-1024x576.jpg 1024w, https:\/\/www.caudete.org\/ayuntamiento\/wp-content\/uploads\/2022\/06\/CASTILLO-DE-OTRANTO-2-768x432.jpg 768w, https:\/\/www.caudete.org\/ayuntamiento\/wp-content\/uploads\/2022\/06\/CASTILLO-DE-OTRANTO-2-1536x864.jpg 1536w, https:\/\/www.caudete.org\/ayuntamiento\/wp-content\/uploads\/2022\/06\/CASTILLO-DE-OTRANTO-2.jpg 2000w\" sizes=\"(max-width: 300px) 100vw, 300px\" \/> <img loading=\"lazy\" decoding=\"async\" class=\"alignnone size-medium wp-image-19483\" src=\"https:\/\/www.caudete.org\/ayuntamiento\/wp-content\/uploads\/2022\/06\/LABORATORIO-DIA-16-300x254.jpeg\" alt=\"\" width=\"300\" height=\"254\" srcset=\"https:\/\/www.caudete.org\/ayuntamiento\/wp-content\/uploads\/2022\/06\/LABORATORIO-DIA-16-300x254.jpeg 300w, https:\/\/www.caudete.org\/ayuntamiento\/wp-content\/uploads\/2022\/06\/LABORATORIO-DIA-16.jpeg 716w\" sizes=\"(max-width: 300px) 100vw, 300px\" \/><\/p>\n<p style=\"text-align: justify;\">Las sesiones de formaci\u00f3n se realizaban por la ma\u00f1ana, y las tardes se dedicaban a la asistencia a veladas po\u00e9ticas en el claustro de la Biblioteca de Lecce, a cargo de poetas de la ciudad, a la realizaci\u00f3n de la ruta literaria de Vittorio Bodini por distintos rincones de Lecce, acompa\u00f1ada de poemas de dicho autor y, por supuesto, a conocer su rico patrimonio.<\/p>\n<p style=\"text-align: justify;\">Han sido seis d\u00edas muy intensos, en los que las participantes han podido adquirir conocimientos y experiencias y mejorar sus competencias y habilidades ling\u00fc\u00edsticas, as\u00ed como su sensibilizaci\u00f3n cultural.<\/p>\n<p style=\"text-align: justify;\">La finalidad de las actividades de movilidad cofinanciadas por la Uni\u00f3n Europea es brindar oportunidades de aprendizaje a las personas adultas, fomentar los valores de inclusi\u00f3n, diversidad, tolerancia y participaci\u00f3n democr\u00e1tica, reforzar la dimensi\u00f3n europea de la ense\u00f1anza y el aprendizaje, o promover el conocimiento sobre el patrimonio europeo com\u00fan, entre otras. Estos objetivos se han cumplido plenamente con esta movilidad.<\/p>\n<p style=\"text-align: justify;\"><em>El proyecto \u201c2021-1-ES01-KA121-ADU-000007046 en el marco de la ACREDITACI\u00d3N ERASMUS EN EL \u00c1MBITO DE EDUCACI\u00d3N DE PERSONAS ADULTAS del Ayuntamiento de Caudete est\u00e1 cofinanciado por el programa Erasmus+ de la Uni\u00f3n Europea. El contenido de esta nota de prensa es responsabilidad exclusiva del M.I. Ayuntamiento de Caudete y ni la Comisi\u00f3n Europea, ni el Servicio Espa\u00f1ol para la Internacionalizaci\u00f3n de la Educaci\u00f3n (SEPIE) son responsables del uso que pueda hacerse de la informaci\u00f3n aqu\u00ed difundida.<\/em><\/p>\n<p><img loading=\"lazy\" decoding=\"async\" class=\"alignnone size-medium wp-image-19489\" src=\"https:\/\/www.caudete.org\/ayuntamiento\/wp-content\/uploads\/2022\/06\/LABORATORIO-BIBLIOTECA--300x169.jpeg\" alt=\"\" width=\"300\" height=\"169\" srcset=\"https:\/\/www.caudete.org\/ayuntamiento\/wp-content\/uploads\/2022\/06\/LABORATORIO-BIBLIOTECA--300x169.jpeg 300w, https:\/\/www.caudete.org\/ayuntamiento\/wp-content\/uploads\/2022\/06\/LABORATORIO-BIBLIOTECA--1024x576.jpeg 1024w, https:\/\/www.caudete.org\/ayuntamiento\/wp-content\/uploads\/2022\/06\/LABORATORIO-BIBLIOTECA--768x432.jpeg 768w, https:\/\/www.caudete.org\/ayuntamiento\/wp-content\/uploads\/2022\/06\/LABORATORIO-BIBLIOTECA--1536x864.jpeg 1536w, https:\/\/www.caudete.org\/ayuntamiento\/wp-content\/uploads\/2022\/06\/LABORATORIO-BIBLIOTECA-.jpeg 1600w\" sizes=\"(max-width: 300px) 100vw, 300px\" \/> <img loading=\"lazy\" decoding=\"async\" class=\"alignnone size-medium wp-image-19488\" src=\"https:\/\/www.caudete.org\/ayuntamiento\/wp-content\/uploads\/2022\/06\/JARDINES-DE-LA-LOBA-2-300x169.jpeg\" alt=\"\" width=\"300\" height=\"169\" srcset=\"https:\/\/www.caudete.org\/ayuntamiento\/wp-content\/uploads\/2022\/06\/JARDINES-DE-LA-LOBA-2-300x169.jpeg 300w, https:\/\/www.caudete.org\/ayuntamiento\/wp-content\/uploads\/2022\/06\/JARDINES-DE-LA-LOBA-2-1024x576.jpeg 1024w, https:\/\/www.caudete.org\/ayuntamiento\/wp-content\/uploads\/2022\/06\/JARDINES-DE-LA-LOBA-2-768x432.jpeg 768w, https:\/\/www.caudete.org\/ayuntamiento\/wp-content\/uploads\/2022\/06\/JARDINES-DE-LA-LOBA-2-1536x864.jpeg 1536w, https:\/\/www.caudete.org\/ayuntamiento\/wp-content\/uploads\/2022\/06\/JARDINES-DE-LA-LOBA-2.jpeg 1600w\" sizes=\"(max-width: 300px) 100vw, 300px\" \/><\/p>\n","protected":false},"excerpt":{"rendered":"<p>La Concejal de Empleo y Formaci\u00f3n, M\u00aa del Mar Requena y el Concejal de Cultura, Luis Felipe Ba\u00f1\u00f3n, informan que el Club de Lectura de Teatro \u201c27 de marzo\u201d, de la Biblioteca P\u00fablica Municipal Ana Mar\u00eda Matute, \u00a0ha participado en la primera experiencia Erasmus+ para alumnado de Educaci\u00f3n de Adultos, en Caudete. El Club de &hellip;<\/p>\n","protected":false},"author":3,"featured_media":19485,"comment_status":"closed","ping_status":"open","sticky":false,"template":"","format":"standard","meta":{"ngg_post_thumbnail":0,"footnotes":""},"categories":[37],"tags":[],"class_list":["post-19482","post","type-post","status-publish","format-standard","has-post-thumbnail","hentry","category-empleo-y-formacion"],"yoast_head":"<!-- This site is optimized with the Yoast SEO plugin v27.4 - https:\/\/yoast.com\/product\/yoast-seo-wordpress\/ -->\n<title>CaudetEnEUROPA: el Club de Lectura de Teatro &quot;27 de marzo&quot; viaja a ITALIA con el programa ERASMUS+ - MI Ayuntamiento de Caudete<\/title>\n<meta name=\"description\" content=\"P\u00e1gina Oficial del Ayuntamiento de Caudete (Albacete)\" \/>\n<meta name=\"robots\" content=\"index, follow, max-snippet:-1, max-image-preview:large, max-video-preview:-1\" \/>\n<link rel=\"canonical\" href=\"https:\/\/www.caudete.org\/ayuntamiento\/caudeteneuropa-el-club-de-lectura-de-teatro-27-de-marzo-viaja-a-italia-con-el-programa-erasmus\/\" \/>\n<meta property=\"og:locale\" content=\"es_ES\" \/>\n<meta property=\"og:type\" content=\"article\" \/>\n<meta property=\"og:title\" content=\"CaudetEnEUROPA: el Club de Lectura de Teatro &quot;27 de marzo&quot; viaja a ITALIA con el programa ERASMUS+ - MI Ayuntamiento de Caudete\" \/>\n<meta property=\"og:description\" content=\"P\u00e1gina Oficial del Ayuntamiento de Caudete (Albacete)\" \/>\n<meta property=\"og:url\" content=\"https:\/\/www.caudete.org\/ayuntamiento\/caudeteneuropa-el-club-de-lectura-de-teatro-27-de-marzo-viaja-a-italia-con-el-programa-erasmus\/\" \/>\n<meta property=\"og:site_name\" content=\"MI Ayuntamiento de Caudete\" \/>\n<meta property=\"article:publisher\" content=\"https:\/\/www.facebook.com\/ayuntamientocaudete\/\" \/>\n<meta property=\"article:published_time\" content=\"2022-06-27T07:00:18+00:00\" \/>\n<meta property=\"og:image\" content=\"https:\/\/www.caudete.org\/ayuntamiento\/wp-content\/uploads\/2022\/06\/LABORATORIO-DIA-15-3.jpeg\" \/>\n\t<meta property=\"og:image:width\" content=\"2000\" \/>\n\t<meta property=\"og:image:height\" content=\"1125\" \/>\n\t<meta property=\"og:image:type\" content=\"image\/jpeg\" \/>\n<meta name=\"author\" content=\"alcalde\" \/>\n<meta name=\"twitter:card\" content=\"summary_large_image\" \/>\n<meta name=\"twitter:label1\" content=\"Escrito por\" \/>\n\t<meta name=\"twitter:data1\" content=\"alcalde\" \/>\n\t<meta name=\"twitter:label2\" content=\"Tiempo de lectura\" \/>\n\t<meta name=\"twitter:data2\" content=\"4 minutos\" \/>\n<script type=\"application\/ld+json\" class=\"yoast-schema-graph\">{\"@context\":\"https:\\\/\\\/schema.org\",\"@graph\":[{\"@type\":\"Article\",\"@id\":\"https:\\\/\\\/www.caudete.org\\\/ayuntamiento\\\/caudeteneuropa-el-club-de-lectura-de-teatro-27-de-marzo-viaja-a-italia-con-el-programa-erasmus\\\/#article\",\"isPartOf\":{\"@id\":\"https:\\\/\\\/www.caudete.org\\\/ayuntamiento\\\/caudeteneuropa-el-club-de-lectura-de-teatro-27-de-marzo-viaja-a-italia-con-el-programa-erasmus\\\/\"},\"author\":{\"name\":\"alcalde\",\"@id\":\"https:\\\/\\\/www.caudete.org\\\/ayuntamiento\\\/#\\\/schema\\\/person\\\/cc646da9133078ee4d8dd47457947253\"},\"headline\":\"CaudetEnEUROPA: el Club de Lectura de Teatro &#8220;27 de marzo&#8221; viaja a ITALIA con el programa ERASMUS+\",\"datePublished\":\"2022-06-27T07:00:18+00:00\",\"mainEntityOfPage\":{\"@id\":\"https:\\\/\\\/www.caudete.org\\\/ayuntamiento\\\/caudeteneuropa-el-club-de-lectura-de-teatro-27-de-marzo-viaja-a-italia-con-el-programa-erasmus\\\/\"},\"wordCount\":526,\"publisher\":{\"@id\":\"https:\\\/\\\/www.caudete.org\\\/ayuntamiento\\\/#organization\"},\"image\":{\"@id\":\"https:\\\/\\\/www.caudete.org\\\/ayuntamiento\\\/caudeteneuropa-el-club-de-lectura-de-teatro-27-de-marzo-viaja-a-italia-con-el-programa-erasmus\\\/#primaryimage\"},\"thumbnailUrl\":\"https:\\\/\\\/www.caudete.org\\\/ayuntamiento\\\/wp-content\\\/uploads\\\/2022\\\/06\\\/LABORATORIO-DIA-15-3.jpeg\",\"articleSection\":[\"Empleo y Formaci\u00f3n\"],\"inLanguage\":\"es\"},{\"@type\":\"WebPage\",\"@id\":\"https:\\\/\\\/www.caudete.org\\\/ayuntamiento\\\/caudeteneuropa-el-club-de-lectura-de-teatro-27-de-marzo-viaja-a-italia-con-el-programa-erasmus\\\/\",\"url\":\"https:\\\/\\\/www.caudete.org\\\/ayuntamiento\\\/caudeteneuropa-el-club-de-lectura-de-teatro-27-de-marzo-viaja-a-italia-con-el-programa-erasmus\\\/\",\"name\":\"CaudetEnEUROPA: el Club de Lectura de Teatro \\\"27 de marzo\\\" viaja a ITALIA con el programa ERASMUS+ - MI Ayuntamiento de Caudete\",\"isPartOf\":{\"@id\":\"https:\\\/\\\/www.caudete.org\\\/ayuntamiento\\\/#website\"},\"primaryImageOfPage\":{\"@id\":\"https:\\\/\\\/www.caudete.org\\\/ayuntamiento\\\/caudeteneuropa-el-club-de-lectura-de-teatro-27-de-marzo-viaja-a-italia-con-el-programa-erasmus\\\/#primaryimage\"},\"image\":{\"@id\":\"https:\\\/\\\/www.caudete.org\\\/ayuntamiento\\\/caudeteneuropa-el-club-de-lectura-de-teatro-27-de-marzo-viaja-a-italia-con-el-programa-erasmus\\\/#primaryimage\"},\"thumbnailUrl\":\"https:\\\/\\\/www.caudete.org\\\/ayuntamiento\\\/wp-content\\\/uploads\\\/2022\\\/06\\\/LABORATORIO-DIA-15-3.jpeg\",\"datePublished\":\"2022-06-27T07:00:18+00:00\",\"description\":\"P\u00e1gina Oficial del Ayuntamiento de Caudete (Albacete)\",\"breadcrumb\":{\"@id\":\"https:\\\/\\\/www.caudete.org\\\/ayuntamiento\\\/caudeteneuropa-el-club-de-lectura-de-teatro-27-de-marzo-viaja-a-italia-con-el-programa-erasmus\\\/#breadcrumb\"},\"inLanguage\":\"es\",\"potentialAction\":[{\"@type\":\"ReadAction\",\"target\":[\"https:\\\/\\\/www.caudete.org\\\/ayuntamiento\\\/caudeteneuropa-el-club-de-lectura-de-teatro-27-de-marzo-viaja-a-italia-con-el-programa-erasmus\\\/\"]}]},{\"@type\":\"ImageObject\",\"inLanguage\":\"es\",\"@id\":\"https:\\\/\\\/www.caudete.org\\\/ayuntamiento\\\/caudeteneuropa-el-club-de-lectura-de-teatro-27-de-marzo-viaja-a-italia-con-el-programa-erasmus\\\/#primaryimage\",\"url\":\"https:\\\/\\\/www.caudete.org\\\/ayuntamiento\\\/wp-content\\\/uploads\\\/2022\\\/06\\\/LABORATORIO-DIA-15-3.jpeg\",\"contentUrl\":\"https:\\\/\\\/www.caudete.org\\\/ayuntamiento\\\/wp-content\\\/uploads\\\/2022\\\/06\\\/LABORATORIO-DIA-15-3.jpeg\",\"width\":2000,\"height\":1125},{\"@type\":\"BreadcrumbList\",\"@id\":\"https:\\\/\\\/www.caudete.org\\\/ayuntamiento\\\/caudeteneuropa-el-club-de-lectura-de-teatro-27-de-marzo-viaja-a-italia-con-el-programa-erasmus\\\/#breadcrumb\",\"itemListElement\":[{\"@type\":\"ListItem\",\"position\":1,\"name\":\"Inicio\",\"item\":\"https:\\\/\\\/www.caudete.org\\\/ayuntamiento\\\/\"},{\"@type\":\"ListItem\",\"position\":2,\"name\":\"CaudetEnEUROPA: el Club de Lectura de Teatro &#8220;27 de marzo&#8221; viaja a ITALIA con el programa ERASMUS+\"}]},{\"@type\":\"WebSite\",\"@id\":\"https:\\\/\\\/www.caudete.org\\\/ayuntamiento\\\/#website\",\"url\":\"https:\\\/\\\/www.caudete.org\\\/ayuntamiento\\\/\",\"name\":\"MI Ayuntamiento de Caudete\",\"description\":\"P\u00e1gina Oficial del MI Ayuntamiento de Caudete\",\"publisher\":{\"@id\":\"https:\\\/\\\/www.caudete.org\\\/ayuntamiento\\\/#organization\"},\"potentialAction\":[{\"@type\":\"SearchAction\",\"target\":{\"@type\":\"EntryPoint\",\"urlTemplate\":\"https:\\\/\\\/www.caudete.org\\\/ayuntamiento\\\/?s={search_term_string}\"},\"query-input\":{\"@type\":\"PropertyValueSpecification\",\"valueRequired\":true,\"valueName\":\"search_term_string\"}}],\"inLanguage\":\"es\"},{\"@type\":\"Organization\",\"@id\":\"https:\\\/\\\/www.caudete.org\\\/ayuntamiento\\\/#organization\",\"name\":\"Ayuntamiento de Caudete\",\"url\":\"https:\\\/\\\/www.caudete.org\\\/ayuntamiento\\\/\",\"logo\":{\"@type\":\"ImageObject\",\"inLanguage\":\"es\",\"@id\":\"https:\\\/\\\/www.caudete.org\\\/ayuntamiento\\\/#\\\/schema\\\/logo\\\/image\\\/\",\"url\":\"https:\\\/\\\/www.caudete.org\\\/ayuntamiento\\\/wp-content\\\/uploads\\\/2020\\\/11\\\/logo_ayuntamiento_caudete.jpg\",\"contentUrl\":\"https:\\\/\\\/www.caudete.org\\\/ayuntamiento\\\/wp-content\\\/uploads\\\/2020\\\/11\\\/logo_ayuntamiento_caudete.jpg\",\"width\":600,\"height\":150,\"caption\":\"Ayuntamiento de Caudete\"},\"image\":{\"@id\":\"https:\\\/\\\/www.caudete.org\\\/ayuntamiento\\\/#\\\/schema\\\/logo\\\/image\\\/\"},\"sameAs\":[\"https:\\\/\\\/www.facebook.com\\\/ayuntamientocaudete\\\/\",\"https:\\\/\\\/www.youtube.com\\\/channel\\\/UC6VztHaooNsGpw-tNoBEFnQ\"]},{\"@type\":\"Person\",\"@id\":\"https:\\\/\\\/www.caudete.org\\\/ayuntamiento\\\/#\\\/schema\\\/person\\\/cc646da9133078ee4d8dd47457947253\",\"name\":\"alcalde\",\"image\":{\"@type\":\"ImageObject\",\"inLanguage\":\"es\",\"@id\":\"https:\\\/\\\/secure.gravatar.com\\\/avatar\\\/84a817ba065b29ff08d666b215a215f5c79186a645ccb25b14a663d48a130f77?s=96&d=mm&r=g\",\"url\":\"https:\\\/\\\/secure.gravatar.com\\\/avatar\\\/84a817ba065b29ff08d666b215a215f5c79186a645ccb25b14a663d48a130f77?s=96&d=mm&r=g\",\"contentUrl\":\"https:\\\/\\\/secure.gravatar.com\\\/avatar\\\/84a817ba065b29ff08d666b215a215f5c79186a645ccb25b14a663d48a130f77?s=96&d=mm&r=g\",\"caption\":\"alcalde\"},\"url\":\"https:\\\/\\\/www.caudete.org\\\/ayuntamiento\\\/author\\\/alcalde\\\/\"}]}<\/script>\n<!-- \/ Yoast SEO plugin. -->","yoast_head_json":{"title":"CaudetEnEUROPA: el Club de Lectura de Teatro \"27 de marzo\" viaja a ITALIA con el programa ERASMUS+ - MI Ayuntamiento de Caudete","description":"P\u00e1gina Oficial del Ayuntamiento de Caudete (Albacete)","robots":{"index":"index","follow":"follow","max-snippet":"max-snippet:-1","max-image-preview":"max-image-preview:large","max-video-preview":"max-video-preview:-1"},"canonical":"https:\/\/www.caudete.org\/ayuntamiento\/caudeteneuropa-el-club-de-lectura-de-teatro-27-de-marzo-viaja-a-italia-con-el-programa-erasmus\/","og_locale":"es_ES","og_type":"article","og_title":"CaudetEnEUROPA: el Club de Lectura de Teatro \"27 de marzo\" viaja a ITALIA con el programa ERASMUS+ - MI Ayuntamiento de Caudete","og_description":"P\u00e1gina Oficial del Ayuntamiento de Caudete (Albacete)","og_url":"https:\/\/www.caudete.org\/ayuntamiento\/caudeteneuropa-el-club-de-lectura-de-teatro-27-de-marzo-viaja-a-italia-con-el-programa-erasmus\/","og_site_name":"MI Ayuntamiento de Caudete","article_publisher":"https:\/\/www.facebook.com\/ayuntamientocaudete\/","article_published_time":"2022-06-27T07:00:18+00:00","og_image":[{"width":2000,"height":1125,"url":"https:\/\/www.caudete.org\/ayuntamiento\/wp-content\/uploads\/2022\/06\/LABORATORIO-DIA-15-3.jpeg","type":"image\/jpeg"}],"author":"alcalde","twitter_card":"summary_large_image","twitter_misc":{"Escrito por":"alcalde","Tiempo de lectura":"4 minutos"},"schema":{"@context":"https:\/\/schema.org","@graph":[{"@type":"Article","@id":"https:\/\/www.caudete.org\/ayuntamiento\/caudeteneuropa-el-club-de-lectura-de-teatro-27-de-marzo-viaja-a-italia-con-el-programa-erasmus\/#article","isPartOf":{"@id":"https:\/\/www.caudete.org\/ayuntamiento\/caudeteneuropa-el-club-de-lectura-de-teatro-27-de-marzo-viaja-a-italia-con-el-programa-erasmus\/"},"author":{"name":"alcalde","@id":"https:\/\/www.caudete.org\/ayuntamiento\/#\/schema\/person\/cc646da9133078ee4d8dd47457947253"},"headline":"CaudetEnEUROPA: el Club de Lectura de Teatro &#8220;27 de marzo&#8221; viaja a ITALIA con el programa ERASMUS+","datePublished":"2022-06-27T07:00:18+00:00","mainEntityOfPage":{"@id":"https:\/\/www.caudete.org\/ayuntamiento\/caudeteneuropa-el-club-de-lectura-de-teatro-27-de-marzo-viaja-a-italia-con-el-programa-erasmus\/"},"wordCount":526,"publisher":{"@id":"https:\/\/www.caudete.org\/ayuntamiento\/#organization"},"image":{"@id":"https:\/\/www.caudete.org\/ayuntamiento\/caudeteneuropa-el-club-de-lectura-de-teatro-27-de-marzo-viaja-a-italia-con-el-programa-erasmus\/#primaryimage"},"thumbnailUrl":"https:\/\/www.caudete.org\/ayuntamiento\/wp-content\/uploads\/2022\/06\/LABORATORIO-DIA-15-3.jpeg","articleSection":["Empleo y Formaci\u00f3n"],"inLanguage":"es"},{"@type":"WebPage","@id":"https:\/\/www.caudete.org\/ayuntamiento\/caudeteneuropa-el-club-de-lectura-de-teatro-27-de-marzo-viaja-a-italia-con-el-programa-erasmus\/","url":"https:\/\/www.caudete.org\/ayuntamiento\/caudeteneuropa-el-club-de-lectura-de-teatro-27-de-marzo-viaja-a-italia-con-el-programa-erasmus\/","name":"CaudetEnEUROPA: el Club de Lectura de Teatro \"27 de marzo\" viaja a ITALIA con el programa ERASMUS+ - MI Ayuntamiento de Caudete","isPartOf":{"@id":"https:\/\/www.caudete.org\/ayuntamiento\/#website"},"primaryImageOfPage":{"@id":"https:\/\/www.caudete.org\/ayuntamiento\/caudeteneuropa-el-club-de-lectura-de-teatro-27-de-marzo-viaja-a-italia-con-el-programa-erasmus\/#primaryimage"},"image":{"@id":"https:\/\/www.caudete.org\/ayuntamiento\/caudeteneuropa-el-club-de-lectura-de-teatro-27-de-marzo-viaja-a-italia-con-el-programa-erasmus\/#primaryimage"},"thumbnailUrl":"https:\/\/www.caudete.org\/ayuntamiento\/wp-content\/uploads\/2022\/06\/LABORATORIO-DIA-15-3.jpeg","datePublished":"2022-06-27T07:00:18+00:00","description":"P\u00e1gina Oficial del Ayuntamiento de Caudete (Albacete)","breadcrumb":{"@id":"https:\/\/www.caudete.org\/ayuntamiento\/caudeteneuropa-el-club-de-lectura-de-teatro-27-de-marzo-viaja-a-italia-con-el-programa-erasmus\/#breadcrumb"},"inLanguage":"es","potentialAction":[{"@type":"ReadAction","target":["https:\/\/www.caudete.org\/ayuntamiento\/caudeteneuropa-el-club-de-lectura-de-teatro-27-de-marzo-viaja-a-italia-con-el-programa-erasmus\/"]}]},{"@type":"ImageObject","inLanguage":"es","@id":"https:\/\/www.caudete.org\/ayuntamiento\/caudeteneuropa-el-club-de-lectura-de-teatro-27-de-marzo-viaja-a-italia-con-el-programa-erasmus\/#primaryimage","url":"https:\/\/www.caudete.org\/ayuntamiento\/wp-content\/uploads\/2022\/06\/LABORATORIO-DIA-15-3.jpeg","contentUrl":"https:\/\/www.caudete.org\/ayuntamiento\/wp-content\/uploads\/2022\/06\/LABORATORIO-DIA-15-3.jpeg","width":2000,"height":1125},{"@type":"BreadcrumbList","@id":"https:\/\/www.caudete.org\/ayuntamiento\/caudeteneuropa-el-club-de-lectura-de-teatro-27-de-marzo-viaja-a-italia-con-el-programa-erasmus\/#breadcrumb","itemListElement":[{"@type":"ListItem","position":1,"name":"Inicio","item":"https:\/\/www.caudete.org\/ayuntamiento\/"},{"@type":"ListItem","position":2,"name":"CaudetEnEUROPA: el Club de Lectura de Teatro &#8220;27 de marzo&#8221; viaja a ITALIA con el programa ERASMUS+"}]},{"@type":"WebSite","@id":"https:\/\/www.caudete.org\/ayuntamiento\/#website","url":"https:\/\/www.caudete.org\/ayuntamiento\/","name":"MI Ayuntamiento de Caudete","description":"P\u00e1gina Oficial del MI Ayuntamiento de Caudete","publisher":{"@id":"https:\/\/www.caudete.org\/ayuntamiento\/#organization"},"potentialAction":[{"@type":"SearchAction","target":{"@type":"EntryPoint","urlTemplate":"https:\/\/www.caudete.org\/ayuntamiento\/?s={search_term_string}"},"query-input":{"@type":"PropertyValueSpecification","valueRequired":true,"valueName":"search_term_string"}}],"inLanguage":"es"},{"@type":"Organization","@id":"https:\/\/www.caudete.org\/ayuntamiento\/#organization","name":"Ayuntamiento de Caudete","url":"https:\/\/www.caudete.org\/ayuntamiento\/","logo":{"@type":"ImageObject","inLanguage":"es","@id":"https:\/\/www.caudete.org\/ayuntamiento\/#\/schema\/logo\/image\/","url":"https:\/\/www.caudete.org\/ayuntamiento\/wp-content\/uploads\/2020\/11\/logo_ayuntamiento_caudete.jpg","contentUrl":"https:\/\/www.caudete.org\/ayuntamiento\/wp-content\/uploads\/2020\/11\/logo_ayuntamiento_caudete.jpg","width":600,"height":150,"caption":"Ayuntamiento de Caudete"},"image":{"@id":"https:\/\/www.caudete.org\/ayuntamiento\/#\/schema\/logo\/image\/"},"sameAs":["https:\/\/www.facebook.com\/ayuntamientocaudete\/","https:\/\/www.youtube.com\/channel\/UC6VztHaooNsGpw-tNoBEFnQ"]},{"@type":"Person","@id":"https:\/\/www.caudete.org\/ayuntamiento\/#\/schema\/person\/cc646da9133078ee4d8dd47457947253","name":"alcalde","image":{"@type":"ImageObject","inLanguage":"es","@id":"https:\/\/secure.gravatar.com\/avatar\/84a817ba065b29ff08d666b215a215f5c79186a645ccb25b14a663d48a130f77?s=96&d=mm&r=g","url":"https:\/\/secure.gravatar.com\/avatar\/84a817ba065b29ff08d666b215a215f5c79186a645ccb25b14a663d48a130f77?s=96&d=mm&r=g","contentUrl":"https:\/\/secure.gravatar.com\/avatar\/84a817ba065b29ff08d666b215a215f5c79186a645ccb25b14a663d48a130f77?s=96&d=mm&r=g","caption":"alcalde"},"url":"https:\/\/www.caudete.org\/ayuntamiento\/author\/alcalde\/"}]}},"_links":{"self":[{"href":"https:\/\/www.caudete.org\/ayuntamiento\/wp-json\/wp\/v2\/posts\/19482","targetHints":{"allow":["GET"]}}],"collection":[{"href":"https:\/\/www.caudete.org\/ayuntamiento\/wp-json\/wp\/v2\/posts"}],"about":[{"href":"https:\/\/www.caudete.org\/ayuntamiento\/wp-json\/wp\/v2\/types\/post"}],"author":[{"embeddable":true,"href":"https:\/\/www.caudete.org\/ayuntamiento\/wp-json\/wp\/v2\/users\/3"}],"replies":[{"embeddable":true,"href":"https:\/\/www.caudete.org\/ayuntamiento\/wp-json\/wp\/v2\/comments?post=19482"}],"version-history":[{"count":1,"href":"https:\/\/www.caudete.org\/ayuntamiento\/wp-json\/wp\/v2\/posts\/19482\/revisions"}],"predecessor-version":[{"id":19490,"href":"https:\/\/www.caudete.org\/ayuntamiento\/wp-json\/wp\/v2\/posts\/19482\/revisions\/19490"}],"wp:featuredmedia":[{"embeddable":true,"href":"https:\/\/www.caudete.org\/ayuntamiento\/wp-json\/wp\/v2\/media\/19485"}],"wp:attachment":[{"href":"https:\/\/www.caudete.org\/ayuntamiento\/wp-json\/wp\/v2\/media?parent=19482"}],"wp:term":[{"taxonomy":"category","embeddable":true,"href":"https:\/\/www.caudete.org\/ayuntamiento\/wp-json\/wp\/v2\/categories?post=19482"},{"taxonomy":"post_tag","embeddable":true,"href":"https:\/\/www.caudete.org\/ayuntamiento\/wp-json\/wp\/v2\/tags?post=19482"}],"curies":[{"name":"wp","href":"https:\/\/api.w.org\/{rel}","templated":true}]}}