{"id":19504,"date":"2022-06-28T08:38:08","date_gmt":"2022-06-28T06:38:08","guid":{"rendered":"https:\/\/www.caudete.org\/ayuntamiento\/?p=19504"},"modified":"2022-06-28T08:38:08","modified_gmt":"2022-06-28T06:38:08","slug":"el-ayuntamiento-proyecta-28-500e-de-inversion-en-el-centro-de-dia-de-alzheimer","status":"publish","type":"post","link":"https:\/\/www.caudete.org\/ayuntamiento\/el-ayuntamiento-proyecta-28-500e-de-inversion-en-el-centro-de-dia-de-alzheimer\/","title":{"rendered":"El Ayuntamiento proyecta 28.500\u20ac de inversi\u00f3n en el CENTRO DE DIA DE ALZHEIMER"},"content":{"rendered":"<p style=\"text-align: justify;\">El Alcalde y la Concejal de Obras, Mois\u00e9s L\u00f3pez y Marian Ballester, anunciaban esta ma\u00f1ana la inversi\u00f3n por parte del Ayuntamiento de m\u00e1s de 28.500\u20ac para el Centro de D\u00eda de Alzheimer, con el objetivo de dotar la inmueble de las mejores condiciones para el servicio que presta a la poblaci\u00f3n.<\/p>\n<p style=\"text-align: justify;\">Las obras se proyectan sobre la cubierta, con el fin de mejorar la impermeabilizaci\u00f3n as\u00ed como a la sustituci\u00f3n de los 7 toldos existentes sobre los ventanales de sus fachadas, todo ello por un importe valorado por los T\u00e9cnicos Municipales en 28.505&#8217;07\u20ac.<\/p>\n<p style=\"text-align: justify;\">El proyecto fue presentado a la convocatoria de subvenciones para proyectos de inversi\u00f3n en actuaciones sobre la nueva econom\u00eda de los cuidados en el Sistema P\u00fablico de Servicios Sociales en centros de titularidad municipal ( Orden 176\/2021, de 3 de diciembre, de la Consejer\u00eda de Bienestar Social) en el mes de Enero del presente 2022, habiendo sido resuelta hace unos d\u00edas con un total de ayuda de 15.000\u20ac, siendo \u00e9sta la cuant\u00eda m\u00e1xima subvencionable, lo que supone un 52&#8217;06\u20ac de ayuda, y correspondiendo al ayuntamiento la financiaci\u00f3n de los 13.505&#8217;07\u20ac restantes.<\/p>\n","protected":false},"excerpt":{"rendered":"<p>El Alcalde y la Concejal de Obras, Mois\u00e9s L\u00f3pez y Marian Ballester, anunciaban esta ma\u00f1ana la inversi\u00f3n por parte del Ayuntamiento de m\u00e1s de 28.500\u20ac para el Centro de D\u00eda de Alzheimer, con el objetivo de dotar la inmueble de las mejores condiciones para el servicio que presta a la poblaci\u00f3n. Las obras se proyectan &hellip;<\/p>\n","protected":false},"author":3,"featured_media":19505,"comment_status":"closed","ping_status":"open","sticky":false,"template":"","format":"standard","meta":{"ngg_post_thumbnail":0,"footnotes":""},"categories":[675],"tags":[],"class_list":["post-19504","post","type-post","status-publish","format-standard","has-post-thumbnail","hentry","category-obras"],"yoast_head":"<!-- This site is optimized with the Yoast SEO plugin v27.5 - https:\/\/yoast.com\/product\/yoast-seo-wordpress\/ -->\n<title>El Ayuntamiento proyecta 28.500\u20ac de inversi\u00f3n en el CENTRO DE DIA DE ALZHEIMER - MI Ayuntamiento de Caudete<\/title>\n<meta name=\"description\" content=\"P\u00e1gina Oficial del Ayuntamiento de Caudete (Albacete)\" \/>\n<meta name=\"robots\" content=\"index, follow, max-snippet:-1, max-image-preview:large, max-video-preview:-1\" \/>\n<link rel=\"canonical\" href=\"https:\/\/www.caudete.org\/ayuntamiento\/el-ayuntamiento-proyecta-28-500e-de-inversion-en-el-centro-de-dia-de-alzheimer\/\" \/>\n<meta property=\"og:locale\" content=\"es_ES\" \/>\n<meta property=\"og:type\" content=\"article\" \/>\n<meta property=\"og:title\" content=\"El Ayuntamiento proyecta 28.500\u20ac de inversi\u00f3n en el CENTRO DE DIA DE ALZHEIMER - MI Ayuntamiento de Caudete\" \/>\n<meta property=\"og:description\" content=\"P\u00e1gina Oficial del Ayuntamiento de Caudete (Albacete)\" \/>\n<meta property=\"og:url\" content=\"https:\/\/www.caudete.org\/ayuntamiento\/el-ayuntamiento-proyecta-28-500e-de-inversion-en-el-centro-de-dia-de-alzheimer\/\" \/>\n<meta property=\"og:site_name\" content=\"MI Ayuntamiento de Caudete\" \/>\n<meta property=\"article:publisher\" content=\"https:\/\/www.facebook.com\/ayuntamientocaudete\/\" \/>\n<meta property=\"article:published_time\" content=\"2022-06-28T06:38:08+00:00\" \/>\n<meta property=\"og:image\" content=\"https:\/\/www.caudete.org\/ayuntamiento\/wp-content\/uploads\/2022\/06\/elcentro.jpg\" \/>\n\t<meta property=\"og:image:width\" content=\"800\" \/>\n\t<meta property=\"og:image:height\" content=\"600\" \/>\n\t<meta property=\"og:image:type\" content=\"image\/jpeg\" \/>\n<meta name=\"author\" content=\"alcalde\" \/>\n<meta name=\"twitter:card\" content=\"summary_large_image\" \/>\n<meta name=\"twitter:label1\" content=\"Escrito por\" \/>\n\t<meta name=\"twitter:data1\" content=\"alcalde\" \/>\n\t<meta name=\"twitter:label2\" content=\"Tiempo de lectura\" \/>\n\t<meta name=\"twitter:data2\" content=\"1 minuto\" \/>\n<script type=\"application\/ld+json\" class=\"yoast-schema-graph\">{\"@context\":\"https:\\\/\\\/schema.org\",\"@graph\":[{\"@type\":\"Article\",\"@id\":\"https:\\\/\\\/www.caudete.org\\\/ayuntamiento\\\/el-ayuntamiento-proyecta-28-500e-de-inversion-en-el-centro-de-dia-de-alzheimer\\\/#article\",\"isPartOf\":{\"@id\":\"https:\\\/\\\/www.caudete.org\\\/ayuntamiento\\\/el-ayuntamiento-proyecta-28-500e-de-inversion-en-el-centro-de-dia-de-alzheimer\\\/\"},\"author\":{\"name\":\"alcalde\",\"@id\":\"https:\\\/\\\/www.caudete.org\\\/ayuntamiento\\\/#\\\/schema\\\/person\\\/cc646da9133078ee4d8dd47457947253\"},\"headline\":\"El Ayuntamiento proyecta 28.500\u20ac de inversi\u00f3n en el CENTRO DE DIA DE ALZHEIMER\",\"datePublished\":\"2022-06-28T06:38:08+00:00\",\"mainEntityOfPage\":{\"@id\":\"https:\\\/\\\/www.caudete.org\\\/ayuntamiento\\\/el-ayuntamiento-proyecta-28-500e-de-inversion-en-el-centro-de-dia-de-alzheimer\\\/\"},\"wordCount\":205,\"image\":{\"@id\":\"https:\\\/\\\/www.caudete.org\\\/ayuntamiento\\\/el-ayuntamiento-proyecta-28-500e-de-inversion-en-el-centro-de-dia-de-alzheimer\\\/#primaryimage\"},\"thumbnailUrl\":\"https:\\\/\\\/www.caudete.org\\\/ayuntamiento\\\/wp-content\\\/uploads\\\/2022\\\/06\\\/elcentro.jpg\",\"articleSection\":[\"Obras\"],\"inLanguage\":\"es\"},{\"@type\":\"WebPage\",\"@id\":\"https:\\\/\\\/www.caudete.org\\\/ayuntamiento\\\/el-ayuntamiento-proyecta-28-500e-de-inversion-en-el-centro-de-dia-de-alzheimer\\\/\",\"url\":\"https:\\\/\\\/www.caudete.org\\\/ayuntamiento\\\/el-ayuntamiento-proyecta-28-500e-de-inversion-en-el-centro-de-dia-de-alzheimer\\\/\",\"name\":\"El Ayuntamiento proyecta 28.500\u20ac de inversi\u00f3n en el CENTRO DE DIA DE ALZHEIMER - MI Ayuntamiento de Caudete\",\"isPartOf\":{\"@id\":\"https:\\\/\\\/www.caudete.org\\\/ayuntamiento\\\/#website\"},\"primaryImageOfPage\":{\"@id\":\"https:\\\/\\\/www.caudete.org\\\/ayuntamiento\\\/el-ayuntamiento-proyecta-28-500e-de-inversion-en-el-centro-de-dia-de-alzheimer\\\/#primaryimage\"},\"image\":{\"@id\":\"https:\\\/\\\/www.caudete.org\\\/ayuntamiento\\\/el-ayuntamiento-proyecta-28-500e-de-inversion-en-el-centro-de-dia-de-alzheimer\\\/#primaryimage\"},\"thumbnailUrl\":\"https:\\\/\\\/www.caudete.org\\\/ayuntamiento\\\/wp-content\\\/uploads\\\/2022\\\/06\\\/elcentro.jpg\",\"datePublished\":\"2022-06-28T06:38:08+00:00\",\"author\":{\"@id\":\"https:\\\/\\\/www.caudete.org\\\/ayuntamiento\\\/#\\\/schema\\\/person\\\/cc646da9133078ee4d8dd47457947253\"},\"description\":\"P\u00e1gina Oficial del Ayuntamiento de Caudete (Albacete)\",\"breadcrumb\":{\"@id\":\"https:\\\/\\\/www.caudete.org\\\/ayuntamiento\\\/el-ayuntamiento-proyecta-28-500e-de-inversion-en-el-centro-de-dia-de-alzheimer\\\/#breadcrumb\"},\"inLanguage\":\"es\",\"potentialAction\":[{\"@type\":\"ReadAction\",\"target\":[\"https:\\\/\\\/www.caudete.org\\\/ayuntamiento\\\/el-ayuntamiento-proyecta-28-500e-de-inversion-en-el-centro-de-dia-de-alzheimer\\\/\"]}]},{\"@type\":\"ImageObject\",\"inLanguage\":\"es\",\"@id\":\"https:\\\/\\\/www.caudete.org\\\/ayuntamiento\\\/el-ayuntamiento-proyecta-28-500e-de-inversion-en-el-centro-de-dia-de-alzheimer\\\/#primaryimage\",\"url\":\"https:\\\/\\\/www.caudete.org\\\/ayuntamiento\\\/wp-content\\\/uploads\\\/2022\\\/06\\\/elcentro.jpg\",\"contentUrl\":\"https:\\\/\\\/www.caudete.org\\\/ayuntamiento\\\/wp-content\\\/uploads\\\/2022\\\/06\\\/elcentro.jpg\",\"width\":800,\"height\":600},{\"@type\":\"BreadcrumbList\",\"@id\":\"https:\\\/\\\/www.caudete.org\\\/ayuntamiento\\\/el-ayuntamiento-proyecta-28-500e-de-inversion-en-el-centro-de-dia-de-alzheimer\\\/#breadcrumb\",\"itemListElement\":[{\"@type\":\"ListItem\",\"position\":1,\"name\":\"Inicio\",\"item\":\"https:\\\/\\\/www.caudete.org\\\/ayuntamiento\\\/\"},{\"@type\":\"ListItem\",\"position\":2,\"name\":\"El Ayuntamiento proyecta 28.500\u20ac de inversi\u00f3n en el CENTRO DE DIA DE ALZHEIMER\"}]},{\"@type\":\"WebSite\",\"@id\":\"https:\\\/\\\/www.caudete.org\\\/ayuntamiento\\\/#website\",\"url\":\"https:\\\/\\\/www.caudete.org\\\/ayuntamiento\\\/\",\"name\":\"MI Ayuntamiento de Caudete\",\"description\":\"P\u00e1gina Oficial del MI Ayuntamiento de Caudete\",\"potentialAction\":[{\"@type\":\"SearchAction\",\"target\":{\"@type\":\"EntryPoint\",\"urlTemplate\":\"https:\\\/\\\/www.caudete.org\\\/ayuntamiento\\\/?s={search_term_string}\"},\"query-input\":{\"@type\":\"PropertyValueSpecification\",\"valueRequired\":true,\"valueName\":\"search_term_string\"}}],\"inLanguage\":\"es\"},{\"@type\":\"Person\",\"@id\":\"https:\\\/\\\/www.caudete.org\\\/ayuntamiento\\\/#\\\/schema\\\/person\\\/cc646da9133078ee4d8dd47457947253\",\"name\":\"alcalde\",\"image\":{\"@type\":\"ImageObject\",\"inLanguage\":\"es\",\"@id\":\"https:\\\/\\\/secure.gravatar.com\\\/avatar\\\/84a817ba065b29ff08d666b215a215f5c79186a645ccb25b14a663d48a130f77?s=96&d=mm&r=g\",\"url\":\"https:\\\/\\\/secure.gravatar.com\\\/avatar\\\/84a817ba065b29ff08d666b215a215f5c79186a645ccb25b14a663d48a130f77?s=96&d=mm&r=g\",\"contentUrl\":\"https:\\\/\\\/secure.gravatar.com\\\/avatar\\\/84a817ba065b29ff08d666b215a215f5c79186a645ccb25b14a663d48a130f77?s=96&d=mm&r=g\",\"caption\":\"alcalde\"},\"url\":\"https:\\\/\\\/www.caudete.org\\\/ayuntamiento\\\/author\\\/alcalde\\\/\"}]}<\/script>\n<!-- \/ Yoast SEO plugin. -->","yoast_head_json":{"title":"El Ayuntamiento proyecta 28.500\u20ac de inversi\u00f3n en el CENTRO DE DIA DE ALZHEIMER - MI Ayuntamiento de Caudete","description":"P\u00e1gina Oficial del Ayuntamiento de Caudete (Albacete)","robots":{"index":"index","follow":"follow","max-snippet":"max-snippet:-1","max-image-preview":"max-image-preview:large","max-video-preview":"max-video-preview:-1"},"canonical":"https:\/\/www.caudete.org\/ayuntamiento\/el-ayuntamiento-proyecta-28-500e-de-inversion-en-el-centro-de-dia-de-alzheimer\/","og_locale":"es_ES","og_type":"article","og_title":"El Ayuntamiento proyecta 28.500\u20ac de inversi\u00f3n en el CENTRO DE DIA DE ALZHEIMER - MI Ayuntamiento de Caudete","og_description":"P\u00e1gina Oficial del Ayuntamiento de Caudete (Albacete)","og_url":"https:\/\/www.caudete.org\/ayuntamiento\/el-ayuntamiento-proyecta-28-500e-de-inversion-en-el-centro-de-dia-de-alzheimer\/","og_site_name":"MI Ayuntamiento de Caudete","article_publisher":"https:\/\/www.facebook.com\/ayuntamientocaudete\/","article_published_time":"2022-06-28T06:38:08+00:00","og_image":[{"width":800,"height":600,"url":"https:\/\/www.caudete.org\/ayuntamiento\/wp-content\/uploads\/2022\/06\/elcentro.jpg","type":"image\/jpeg"}],"author":"alcalde","twitter_card":"summary_large_image","twitter_misc":{"Escrito por":"alcalde","Tiempo de lectura":"1 minuto"},"schema":{"@context":"https:\/\/schema.org","@graph":[{"@type":"Article","@id":"https:\/\/www.caudete.org\/ayuntamiento\/el-ayuntamiento-proyecta-28-500e-de-inversion-en-el-centro-de-dia-de-alzheimer\/#article","isPartOf":{"@id":"https:\/\/www.caudete.org\/ayuntamiento\/el-ayuntamiento-proyecta-28-500e-de-inversion-en-el-centro-de-dia-de-alzheimer\/"},"author":{"name":"alcalde","@id":"https:\/\/www.caudete.org\/ayuntamiento\/#\/schema\/person\/cc646da9133078ee4d8dd47457947253"},"headline":"El Ayuntamiento proyecta 28.500\u20ac de inversi\u00f3n en el CENTRO DE DIA DE ALZHEIMER","datePublished":"2022-06-28T06:38:08+00:00","mainEntityOfPage":{"@id":"https:\/\/www.caudete.org\/ayuntamiento\/el-ayuntamiento-proyecta-28-500e-de-inversion-en-el-centro-de-dia-de-alzheimer\/"},"wordCount":205,"image":{"@id":"https:\/\/www.caudete.org\/ayuntamiento\/el-ayuntamiento-proyecta-28-500e-de-inversion-en-el-centro-de-dia-de-alzheimer\/#primaryimage"},"thumbnailUrl":"https:\/\/www.caudete.org\/ayuntamiento\/wp-content\/uploads\/2022\/06\/elcentro.jpg","articleSection":["Obras"],"inLanguage":"es"},{"@type":"WebPage","@id":"https:\/\/www.caudete.org\/ayuntamiento\/el-ayuntamiento-proyecta-28-500e-de-inversion-en-el-centro-de-dia-de-alzheimer\/","url":"https:\/\/www.caudete.org\/ayuntamiento\/el-ayuntamiento-proyecta-28-500e-de-inversion-en-el-centro-de-dia-de-alzheimer\/","name":"El Ayuntamiento proyecta 28.500\u20ac de inversi\u00f3n en el CENTRO DE DIA DE ALZHEIMER - MI Ayuntamiento de Caudete","isPartOf":{"@id":"https:\/\/www.caudete.org\/ayuntamiento\/#website"},"primaryImageOfPage":{"@id":"https:\/\/www.caudete.org\/ayuntamiento\/el-ayuntamiento-proyecta-28-500e-de-inversion-en-el-centro-de-dia-de-alzheimer\/#primaryimage"},"image":{"@id":"https:\/\/www.caudete.org\/ayuntamiento\/el-ayuntamiento-proyecta-28-500e-de-inversion-en-el-centro-de-dia-de-alzheimer\/#primaryimage"},"thumbnailUrl":"https:\/\/www.caudete.org\/ayuntamiento\/wp-content\/uploads\/2022\/06\/elcentro.jpg","datePublished":"2022-06-28T06:38:08+00:00","author":{"@id":"https:\/\/www.caudete.org\/ayuntamiento\/#\/schema\/person\/cc646da9133078ee4d8dd47457947253"},"description":"P\u00e1gina Oficial del Ayuntamiento de Caudete (Albacete)","breadcrumb":{"@id":"https:\/\/www.caudete.org\/ayuntamiento\/el-ayuntamiento-proyecta-28-500e-de-inversion-en-el-centro-de-dia-de-alzheimer\/#breadcrumb"},"inLanguage":"es","potentialAction":[{"@type":"ReadAction","target":["https:\/\/www.caudete.org\/ayuntamiento\/el-ayuntamiento-proyecta-28-500e-de-inversion-en-el-centro-de-dia-de-alzheimer\/"]}]},{"@type":"ImageObject","inLanguage":"es","@id":"https:\/\/www.caudete.org\/ayuntamiento\/el-ayuntamiento-proyecta-28-500e-de-inversion-en-el-centro-de-dia-de-alzheimer\/#primaryimage","url":"https:\/\/www.caudete.org\/ayuntamiento\/wp-content\/uploads\/2022\/06\/elcentro.jpg","contentUrl":"https:\/\/www.caudete.org\/ayuntamiento\/wp-content\/uploads\/2022\/06\/elcentro.jpg","width":800,"height":600},{"@type":"BreadcrumbList","@id":"https:\/\/www.caudete.org\/ayuntamiento\/el-ayuntamiento-proyecta-28-500e-de-inversion-en-el-centro-de-dia-de-alzheimer\/#breadcrumb","itemListElement":[{"@type":"ListItem","position":1,"name":"Inicio","item":"https:\/\/www.caudete.org\/ayuntamiento\/"},{"@type":"ListItem","position":2,"name":"El Ayuntamiento proyecta 28.500\u20ac de inversi\u00f3n en el CENTRO DE DIA DE ALZHEIMER"}]},{"@type":"WebSite","@id":"https:\/\/www.caudete.org\/ayuntamiento\/#website","url":"https:\/\/www.caudete.org\/ayuntamiento\/","name":"MI Ayuntamiento de Caudete","description":"P\u00e1gina Oficial del MI Ayuntamiento de Caudete","potentialAction":[{"@type":"SearchAction","target":{"@type":"EntryPoint","urlTemplate":"https:\/\/www.caudete.org\/ayuntamiento\/?s={search_term_string}"},"query-input":{"@type":"PropertyValueSpecification","valueRequired":true,"valueName":"search_term_string"}}],"inLanguage":"es"},{"@type":"Person","@id":"https:\/\/www.caudete.org\/ayuntamiento\/#\/schema\/person\/cc646da9133078ee4d8dd47457947253","name":"alcalde","image":{"@type":"ImageObject","inLanguage":"es","@id":"https:\/\/secure.gravatar.com\/avatar\/84a817ba065b29ff08d666b215a215f5c79186a645ccb25b14a663d48a130f77?s=96&d=mm&r=g","url":"https:\/\/secure.gravatar.com\/avatar\/84a817ba065b29ff08d666b215a215f5c79186a645ccb25b14a663d48a130f77?s=96&d=mm&r=g","contentUrl":"https:\/\/secure.gravatar.com\/avatar\/84a817ba065b29ff08d666b215a215f5c79186a645ccb25b14a663d48a130f77?s=96&d=mm&r=g","caption":"alcalde"},"url":"https:\/\/www.caudete.org\/ayuntamiento\/author\/alcalde\/"}]}},"_links":{"self":[{"href":"https:\/\/www.caudete.org\/ayuntamiento\/wp-json\/wp\/v2\/posts\/19504","targetHints":{"allow":["GET"]}}],"collection":[{"href":"https:\/\/www.caudete.org\/ayuntamiento\/wp-json\/wp\/v2\/posts"}],"about":[{"href":"https:\/\/www.caudete.org\/ayuntamiento\/wp-json\/wp\/v2\/types\/post"}],"author":[{"embeddable":true,"href":"https:\/\/www.caudete.org\/ayuntamiento\/wp-json\/wp\/v2\/users\/3"}],"replies":[{"embeddable":true,"href":"https:\/\/www.caudete.org\/ayuntamiento\/wp-json\/wp\/v2\/comments?post=19504"}],"version-history":[{"count":1,"href":"https:\/\/www.caudete.org\/ayuntamiento\/wp-json\/wp\/v2\/posts\/19504\/revisions"}],"predecessor-version":[{"id":19506,"href":"https:\/\/www.caudete.org\/ayuntamiento\/wp-json\/wp\/v2\/posts\/19504\/revisions\/19506"}],"wp:featuredmedia":[{"embeddable":true,"href":"https:\/\/www.caudete.org\/ayuntamiento\/wp-json\/wp\/v2\/media\/19505"}],"wp:attachment":[{"href":"https:\/\/www.caudete.org\/ayuntamiento\/wp-json\/wp\/v2\/media?parent=19504"}],"wp:term":[{"taxonomy":"category","embeddable":true,"href":"https:\/\/www.caudete.org\/ayuntamiento\/wp-json\/wp\/v2\/categories?post=19504"},{"taxonomy":"post_tag","embeddable":true,"href":"https:\/\/www.caudete.org\/ayuntamiento\/wp-json\/wp\/v2\/tags?post=19504"}],"curies":[{"name":"wp","href":"https:\/\/api.w.org\/{rel}","templated":true}]}}