{"id":19507,"date":"2022-06-28T16:23:08","date_gmt":"2022-06-28T14:23:08","guid":{"rendered":"https:\/\/www.caudete.org\/ayuntamiento\/?p=19507"},"modified":"2022-06-28T16:23:08","modified_gmt":"2022-06-28T14:23:08","slug":"asi-lucira-el-exterior-de-casa-de-cultura-tras-la-rehabilitacion-proyectada","status":"publish","type":"post","link":"https:\/\/www.caudete.org\/ayuntamiento\/asi-lucira-el-exterior-de-casa-de-cultura-tras-la-rehabilitacion-proyectada\/","title":{"rendered":"As\u00ed lucir\u00e1 el exterior de CASA DE CULTURA tras la rehabilitaci\u00f3n proyectada"},"content":{"rendered":"<p style=\"text-align: justify;\">Esta ma\u00f1ana los Concejales de Obras y Cultura, Marian Ballester y Luis Felipe Ba\u00f1\u00f3n, daban a conocer el proyecto de rehabilitaci\u00f3n redactado para la fachada del edificio de Casa de Cultura (Calles Las Eras y Pr\u00edncipe de los Ingenios), aprobado por la Junta de Gobierno Local, y en fase de licitaci\u00f3n, tras la dotaci\u00f3n presupuestaria por parte del Pleno Municipal, con cargo al remanente del 2021.<\/p>\n<p style=\"text-align: justify;\">Seg\u00fan explicaban, el edificio precisaba de actuaciones a nivel de acabados y carpinter\u00eda en el exterior que con el paso del tiempo se han ido deteriorando, as\u00ed como de actuar sobre elementos ornamentales como cornisas y balcones, o para evitar filtraciones como canalones y bajantes.<\/p>\n<p style=\"text-align: justify;\">De esta forma, se abordar\u00e1 la sustituci\u00f3n de la antigua carpinter\u00eda de madera por una de aluminio que aporte eficiencia energ\u00e9tica al edificio, respetando eso s\u00ed, el viejo port\u00f3n de madera. La totalidad del paramento vertical ser\u00e1 saneado, y dotado de un nuevo guarnecido, color y elementos decorativos de piedra como brenqueados, cornisas y z\u00f3calos, as\u00ed como un nuevo p\u00f3rtico central para enmarcar la entrada y realzar el edificio. Se completar\u00e1 con la sustituci\u00f3n de canales y bajantes, as\u00ed como la ocultaci\u00f3n del cableado existente en la fachada.<\/p>\n<p><img fetchpriority=\"high\" decoding=\"async\" class=\"size-medium wp-image-19511 aligncenter\" src=\"https:\/\/www.caudete.org\/ayuntamiento\/wp-content\/uploads\/2022\/06\/IMG_20220628_161341-300x210.jpg\" alt=\"\" width=\"300\" height=\"210\" srcset=\"https:\/\/www.caudete.org\/ayuntamiento\/wp-content\/uploads\/2022\/06\/IMG_20220628_161341-300x210.jpg 300w, https:\/\/www.caudete.org\/ayuntamiento\/wp-content\/uploads\/2022\/06\/IMG_20220628_161341.jpg 653w\" sizes=\"(max-width: 300px) 100vw, 300px\" \/><\/p>\n<p style=\"text-align: center;\"><em><span style=\"font-size: 8pt;\">(Alzado fachada principal a Calle Las Eras en su estado actual)<\/span><\/em><\/p>\n<p style=\"text-align: justify;\">De esta forma, se aprovechar\u00e1 la actuaci\u00f3n para imprimir un toque diferente que engrandezca el edificio, el cual cumple este a\u00f1o 2022 el centenario de la colocaci\u00f3n de su primera piedra, y el pr\u00f3ximo a\u00f1o el de su inauguraci\u00f3n como Sindicato Cat\u00f3lico Agr\u00edcola &#8220;El Progreso&#8221;.<\/p>\n<p><img decoding=\"async\" class=\"size-medium wp-image-19509 aligncenter\" src=\"https:\/\/www.caudete.org\/ayuntamiento\/wp-content\/uploads\/2022\/06\/IMG_20220628_154909-300x155.jpg\" alt=\"\" width=\"300\" height=\"155\" srcset=\"https:\/\/www.caudete.org\/ayuntamiento\/wp-content\/uploads\/2022\/06\/IMG_20220628_154909-300x155.jpg 300w, https:\/\/www.caudete.org\/ayuntamiento\/wp-content\/uploads\/2022\/06\/IMG_20220628_154909-1024x528.jpg 1024w, https:\/\/www.caudete.org\/ayuntamiento\/wp-content\/uploads\/2022\/06\/IMG_20220628_154909-768x396.jpg 768w, https:\/\/www.caudete.org\/ayuntamiento\/wp-content\/uploads\/2022\/06\/IMG_20220628_154909.jpg 1396w\" sizes=\"(max-width: 300px) 100vw, 300px\" \/><\/p>\n<p style=\"text-align: center;\"><span style=\"font-size: 8pt;\"><em>(Alzado fachada principal a Calle Las Eras en su estado proyectado)<\/em><\/span><\/p>\n<p style=\"text-align: justify;\">Las obras se encuentran en fase de licitaci\u00f3n, por un importe de 147.999&#8217;99\u20ac, teniendo de plazo las empresas constructoras interesadas hasta el pr\u00f3ximo d\u00eda 12 de Julio para presentar oferta en la Plataforma de Contratos del Sector P\u00fablico, estando prevista la Mesa de Contrataci\u00f3n para justamente el d\u00eda siguiente.<\/p>\n","protected":false},"excerpt":{"rendered":"<p>Esta ma\u00f1ana los Concejales de Obras y Cultura, Marian Ballester y Luis Felipe Ba\u00f1\u00f3n, daban a conocer el proyecto de rehabilitaci\u00f3n redactado para la fachada del edificio de Casa de Cultura (Calles Las Eras y Pr\u00edncipe de los Ingenios), aprobado por la Junta de Gobierno Local, y en fase de licitaci\u00f3n, tras la dotaci\u00f3n presupuestaria &hellip;<\/p>\n","protected":false},"author":3,"featured_media":19509,"comment_status":"closed","ping_status":"open","sticky":false,"template":"","format":"standard","meta":{"ngg_post_thumbnail":0,"footnotes":""},"categories":[675],"tags":[],"class_list":["post-19507","post","type-post","status-publish","format-standard","has-post-thumbnail","hentry","category-obras"],"yoast_head":"<!-- This site is optimized with the Yoast SEO plugin v27.5 - https:\/\/yoast.com\/product\/yoast-seo-wordpress\/ -->\n<title>As\u00ed lucir\u00e1 el exterior de CASA DE CULTURA tras la rehabilitaci\u00f3n proyectada - MI Ayuntamiento de Caudete<\/title>\n<meta name=\"description\" content=\"P\u00e1gina Oficial del Ayuntamiento de Caudete (Albacete)\" \/>\n<meta name=\"robots\" content=\"index, follow, max-snippet:-1, max-image-preview:large, max-video-preview:-1\" \/>\n<link rel=\"canonical\" href=\"https:\/\/www.caudete.org\/ayuntamiento\/asi-lucira-el-exterior-de-casa-de-cultura-tras-la-rehabilitacion-proyectada\/\" \/>\n<meta property=\"og:locale\" content=\"es_ES\" \/>\n<meta property=\"og:type\" content=\"article\" \/>\n<meta property=\"og:title\" content=\"As\u00ed lucir\u00e1 el exterior de CASA DE CULTURA tras la rehabilitaci\u00f3n proyectada - MI Ayuntamiento de Caudete\" \/>\n<meta property=\"og:description\" content=\"P\u00e1gina Oficial del Ayuntamiento de Caudete (Albacete)\" \/>\n<meta property=\"og:url\" content=\"https:\/\/www.caudete.org\/ayuntamiento\/asi-lucira-el-exterior-de-casa-de-cultura-tras-la-rehabilitacion-proyectada\/\" \/>\n<meta property=\"og:site_name\" content=\"MI Ayuntamiento de Caudete\" \/>\n<meta property=\"article:publisher\" content=\"https:\/\/www.facebook.com\/ayuntamientocaudete\/\" \/>\n<meta property=\"article:published_time\" content=\"2022-06-28T14:23:08+00:00\" \/>\n<meta property=\"og:image\" content=\"https:\/\/www.caudete.org\/ayuntamiento\/wp-content\/uploads\/2022\/06\/IMG_20220628_154909.jpg\" \/>\n\t<meta property=\"og:image:width\" content=\"1396\" \/>\n\t<meta property=\"og:image:height\" content=\"720\" \/>\n\t<meta property=\"og:image:type\" content=\"image\/jpeg\" \/>\n<meta name=\"author\" content=\"alcalde\" \/>\n<meta name=\"twitter:card\" content=\"summary_large_image\" \/>\n<meta name=\"twitter:label1\" content=\"Escrito por\" \/>\n\t<meta name=\"twitter:data1\" content=\"alcalde\" \/>\n\t<meta name=\"twitter:label2\" content=\"Tiempo de lectura\" \/>\n\t<meta name=\"twitter:data2\" content=\"2 minutos\" \/>\n<script type=\"application\/ld+json\" class=\"yoast-schema-graph\">{\"@context\":\"https:\\\/\\\/schema.org\",\"@graph\":[{\"@type\":\"Article\",\"@id\":\"https:\\\/\\\/www.caudete.org\\\/ayuntamiento\\\/asi-lucira-el-exterior-de-casa-de-cultura-tras-la-rehabilitacion-proyectada\\\/#article\",\"isPartOf\":{\"@id\":\"https:\\\/\\\/www.caudete.org\\\/ayuntamiento\\\/asi-lucira-el-exterior-de-casa-de-cultura-tras-la-rehabilitacion-proyectada\\\/\"},\"author\":{\"name\":\"alcalde\",\"@id\":\"https:\\\/\\\/www.caudete.org\\\/ayuntamiento\\\/#\\\/schema\\\/person\\\/cc646da9133078ee4d8dd47457947253\"},\"headline\":\"As\u00ed lucir\u00e1 el exterior de CASA DE CULTURA tras la rehabilitaci\u00f3n proyectada\",\"datePublished\":\"2022-06-28T14:23:08+00:00\",\"mainEntityOfPage\":{\"@id\":\"https:\\\/\\\/www.caudete.org\\\/ayuntamiento\\\/asi-lucira-el-exterior-de-casa-de-cultura-tras-la-rehabilitacion-proyectada\\\/\"},\"wordCount\":354,\"image\":{\"@id\":\"https:\\\/\\\/www.caudete.org\\\/ayuntamiento\\\/asi-lucira-el-exterior-de-casa-de-cultura-tras-la-rehabilitacion-proyectada\\\/#primaryimage\"},\"thumbnailUrl\":\"https:\\\/\\\/www.caudete.org\\\/ayuntamiento\\\/wp-content\\\/uploads\\\/2022\\\/06\\\/IMG_20220628_154909.jpg\",\"articleSection\":[\"Obras\"],\"inLanguage\":\"es\"},{\"@type\":\"WebPage\",\"@id\":\"https:\\\/\\\/www.caudete.org\\\/ayuntamiento\\\/asi-lucira-el-exterior-de-casa-de-cultura-tras-la-rehabilitacion-proyectada\\\/\",\"url\":\"https:\\\/\\\/www.caudete.org\\\/ayuntamiento\\\/asi-lucira-el-exterior-de-casa-de-cultura-tras-la-rehabilitacion-proyectada\\\/\",\"name\":\"As\u00ed lucir\u00e1 el exterior de CASA DE CULTURA tras la rehabilitaci\u00f3n proyectada - MI Ayuntamiento de Caudete\",\"isPartOf\":{\"@id\":\"https:\\\/\\\/www.caudete.org\\\/ayuntamiento\\\/#website\"},\"primaryImageOfPage\":{\"@id\":\"https:\\\/\\\/www.caudete.org\\\/ayuntamiento\\\/asi-lucira-el-exterior-de-casa-de-cultura-tras-la-rehabilitacion-proyectada\\\/#primaryimage\"},\"image\":{\"@id\":\"https:\\\/\\\/www.caudete.org\\\/ayuntamiento\\\/asi-lucira-el-exterior-de-casa-de-cultura-tras-la-rehabilitacion-proyectada\\\/#primaryimage\"},\"thumbnailUrl\":\"https:\\\/\\\/www.caudete.org\\\/ayuntamiento\\\/wp-content\\\/uploads\\\/2022\\\/06\\\/IMG_20220628_154909.jpg\",\"datePublished\":\"2022-06-28T14:23:08+00:00\",\"author\":{\"@id\":\"https:\\\/\\\/www.caudete.org\\\/ayuntamiento\\\/#\\\/schema\\\/person\\\/cc646da9133078ee4d8dd47457947253\"},\"description\":\"P\u00e1gina Oficial del Ayuntamiento de Caudete (Albacete)\",\"breadcrumb\":{\"@id\":\"https:\\\/\\\/www.caudete.org\\\/ayuntamiento\\\/asi-lucira-el-exterior-de-casa-de-cultura-tras-la-rehabilitacion-proyectada\\\/#breadcrumb\"},\"inLanguage\":\"es\",\"potentialAction\":[{\"@type\":\"ReadAction\",\"target\":[\"https:\\\/\\\/www.caudete.org\\\/ayuntamiento\\\/asi-lucira-el-exterior-de-casa-de-cultura-tras-la-rehabilitacion-proyectada\\\/\"]}]},{\"@type\":\"ImageObject\",\"inLanguage\":\"es\",\"@id\":\"https:\\\/\\\/www.caudete.org\\\/ayuntamiento\\\/asi-lucira-el-exterior-de-casa-de-cultura-tras-la-rehabilitacion-proyectada\\\/#primaryimage\",\"url\":\"https:\\\/\\\/www.caudete.org\\\/ayuntamiento\\\/wp-content\\\/uploads\\\/2022\\\/06\\\/IMG_20220628_154909.jpg\",\"contentUrl\":\"https:\\\/\\\/www.caudete.org\\\/ayuntamiento\\\/wp-content\\\/uploads\\\/2022\\\/06\\\/IMG_20220628_154909.jpg\",\"width\":1396,\"height\":720},{\"@type\":\"BreadcrumbList\",\"@id\":\"https:\\\/\\\/www.caudete.org\\\/ayuntamiento\\\/asi-lucira-el-exterior-de-casa-de-cultura-tras-la-rehabilitacion-proyectada\\\/#breadcrumb\",\"itemListElement\":[{\"@type\":\"ListItem\",\"position\":1,\"name\":\"Inicio\",\"item\":\"https:\\\/\\\/www.caudete.org\\\/ayuntamiento\\\/\"},{\"@type\":\"ListItem\",\"position\":2,\"name\":\"As\u00ed lucir\u00e1 el exterior de CASA DE CULTURA tras la rehabilitaci\u00f3n proyectada\"}]},{\"@type\":\"WebSite\",\"@id\":\"https:\\\/\\\/www.caudete.org\\\/ayuntamiento\\\/#website\",\"url\":\"https:\\\/\\\/www.caudete.org\\\/ayuntamiento\\\/\",\"name\":\"MI Ayuntamiento de Caudete\",\"description\":\"P\u00e1gina Oficial del MI Ayuntamiento de Caudete\",\"potentialAction\":[{\"@type\":\"SearchAction\",\"target\":{\"@type\":\"EntryPoint\",\"urlTemplate\":\"https:\\\/\\\/www.caudete.org\\\/ayuntamiento\\\/?s={search_term_string}\"},\"query-input\":{\"@type\":\"PropertyValueSpecification\",\"valueRequired\":true,\"valueName\":\"search_term_string\"}}],\"inLanguage\":\"es\"},{\"@type\":\"Person\",\"@id\":\"https:\\\/\\\/www.caudete.org\\\/ayuntamiento\\\/#\\\/schema\\\/person\\\/cc646da9133078ee4d8dd47457947253\",\"name\":\"alcalde\",\"image\":{\"@type\":\"ImageObject\",\"inLanguage\":\"es\",\"@id\":\"https:\\\/\\\/secure.gravatar.com\\\/avatar\\\/84a817ba065b29ff08d666b215a215f5c79186a645ccb25b14a663d48a130f77?s=96&d=mm&r=g\",\"url\":\"https:\\\/\\\/secure.gravatar.com\\\/avatar\\\/84a817ba065b29ff08d666b215a215f5c79186a645ccb25b14a663d48a130f77?s=96&d=mm&r=g\",\"contentUrl\":\"https:\\\/\\\/secure.gravatar.com\\\/avatar\\\/84a817ba065b29ff08d666b215a215f5c79186a645ccb25b14a663d48a130f77?s=96&d=mm&r=g\",\"caption\":\"alcalde\"},\"url\":\"https:\\\/\\\/www.caudete.org\\\/ayuntamiento\\\/author\\\/alcalde\\\/\"}]}<\/script>\n<!-- \/ Yoast SEO plugin. -->","yoast_head_json":{"title":"As\u00ed lucir\u00e1 el exterior de CASA DE CULTURA tras la rehabilitaci\u00f3n proyectada - MI Ayuntamiento de Caudete","description":"P\u00e1gina Oficial del Ayuntamiento de Caudete (Albacete)","robots":{"index":"index","follow":"follow","max-snippet":"max-snippet:-1","max-image-preview":"max-image-preview:large","max-video-preview":"max-video-preview:-1"},"canonical":"https:\/\/www.caudete.org\/ayuntamiento\/asi-lucira-el-exterior-de-casa-de-cultura-tras-la-rehabilitacion-proyectada\/","og_locale":"es_ES","og_type":"article","og_title":"As\u00ed lucir\u00e1 el exterior de CASA DE CULTURA tras la rehabilitaci\u00f3n proyectada - MI Ayuntamiento de Caudete","og_description":"P\u00e1gina Oficial del Ayuntamiento de Caudete (Albacete)","og_url":"https:\/\/www.caudete.org\/ayuntamiento\/asi-lucira-el-exterior-de-casa-de-cultura-tras-la-rehabilitacion-proyectada\/","og_site_name":"MI Ayuntamiento de Caudete","article_publisher":"https:\/\/www.facebook.com\/ayuntamientocaudete\/","article_published_time":"2022-06-28T14:23:08+00:00","og_image":[{"width":1396,"height":720,"url":"https:\/\/www.caudete.org\/ayuntamiento\/wp-content\/uploads\/2022\/06\/IMG_20220628_154909.jpg","type":"image\/jpeg"}],"author":"alcalde","twitter_card":"summary_large_image","twitter_misc":{"Escrito por":"alcalde","Tiempo de lectura":"2 minutos"},"schema":{"@context":"https:\/\/schema.org","@graph":[{"@type":"Article","@id":"https:\/\/www.caudete.org\/ayuntamiento\/asi-lucira-el-exterior-de-casa-de-cultura-tras-la-rehabilitacion-proyectada\/#article","isPartOf":{"@id":"https:\/\/www.caudete.org\/ayuntamiento\/asi-lucira-el-exterior-de-casa-de-cultura-tras-la-rehabilitacion-proyectada\/"},"author":{"name":"alcalde","@id":"https:\/\/www.caudete.org\/ayuntamiento\/#\/schema\/person\/cc646da9133078ee4d8dd47457947253"},"headline":"As\u00ed lucir\u00e1 el exterior de CASA DE CULTURA tras la rehabilitaci\u00f3n proyectada","datePublished":"2022-06-28T14:23:08+00:00","mainEntityOfPage":{"@id":"https:\/\/www.caudete.org\/ayuntamiento\/asi-lucira-el-exterior-de-casa-de-cultura-tras-la-rehabilitacion-proyectada\/"},"wordCount":354,"image":{"@id":"https:\/\/www.caudete.org\/ayuntamiento\/asi-lucira-el-exterior-de-casa-de-cultura-tras-la-rehabilitacion-proyectada\/#primaryimage"},"thumbnailUrl":"https:\/\/www.caudete.org\/ayuntamiento\/wp-content\/uploads\/2022\/06\/IMG_20220628_154909.jpg","articleSection":["Obras"],"inLanguage":"es"},{"@type":"WebPage","@id":"https:\/\/www.caudete.org\/ayuntamiento\/asi-lucira-el-exterior-de-casa-de-cultura-tras-la-rehabilitacion-proyectada\/","url":"https:\/\/www.caudete.org\/ayuntamiento\/asi-lucira-el-exterior-de-casa-de-cultura-tras-la-rehabilitacion-proyectada\/","name":"As\u00ed lucir\u00e1 el exterior de CASA DE CULTURA tras la rehabilitaci\u00f3n proyectada - MI Ayuntamiento de Caudete","isPartOf":{"@id":"https:\/\/www.caudete.org\/ayuntamiento\/#website"},"primaryImageOfPage":{"@id":"https:\/\/www.caudete.org\/ayuntamiento\/asi-lucira-el-exterior-de-casa-de-cultura-tras-la-rehabilitacion-proyectada\/#primaryimage"},"image":{"@id":"https:\/\/www.caudete.org\/ayuntamiento\/asi-lucira-el-exterior-de-casa-de-cultura-tras-la-rehabilitacion-proyectada\/#primaryimage"},"thumbnailUrl":"https:\/\/www.caudete.org\/ayuntamiento\/wp-content\/uploads\/2022\/06\/IMG_20220628_154909.jpg","datePublished":"2022-06-28T14:23:08+00:00","author":{"@id":"https:\/\/www.caudete.org\/ayuntamiento\/#\/schema\/person\/cc646da9133078ee4d8dd47457947253"},"description":"P\u00e1gina Oficial del Ayuntamiento de Caudete (Albacete)","breadcrumb":{"@id":"https:\/\/www.caudete.org\/ayuntamiento\/asi-lucira-el-exterior-de-casa-de-cultura-tras-la-rehabilitacion-proyectada\/#breadcrumb"},"inLanguage":"es","potentialAction":[{"@type":"ReadAction","target":["https:\/\/www.caudete.org\/ayuntamiento\/asi-lucira-el-exterior-de-casa-de-cultura-tras-la-rehabilitacion-proyectada\/"]}]},{"@type":"ImageObject","inLanguage":"es","@id":"https:\/\/www.caudete.org\/ayuntamiento\/asi-lucira-el-exterior-de-casa-de-cultura-tras-la-rehabilitacion-proyectada\/#primaryimage","url":"https:\/\/www.caudete.org\/ayuntamiento\/wp-content\/uploads\/2022\/06\/IMG_20220628_154909.jpg","contentUrl":"https:\/\/www.caudete.org\/ayuntamiento\/wp-content\/uploads\/2022\/06\/IMG_20220628_154909.jpg","width":1396,"height":720},{"@type":"BreadcrumbList","@id":"https:\/\/www.caudete.org\/ayuntamiento\/asi-lucira-el-exterior-de-casa-de-cultura-tras-la-rehabilitacion-proyectada\/#breadcrumb","itemListElement":[{"@type":"ListItem","position":1,"name":"Inicio","item":"https:\/\/www.caudete.org\/ayuntamiento\/"},{"@type":"ListItem","position":2,"name":"As\u00ed lucir\u00e1 el exterior de CASA DE CULTURA tras la rehabilitaci\u00f3n proyectada"}]},{"@type":"WebSite","@id":"https:\/\/www.caudete.org\/ayuntamiento\/#website","url":"https:\/\/www.caudete.org\/ayuntamiento\/","name":"MI Ayuntamiento de Caudete","description":"P\u00e1gina Oficial del MI Ayuntamiento de Caudete","potentialAction":[{"@type":"SearchAction","target":{"@type":"EntryPoint","urlTemplate":"https:\/\/www.caudete.org\/ayuntamiento\/?s={search_term_string}"},"query-input":{"@type":"PropertyValueSpecification","valueRequired":true,"valueName":"search_term_string"}}],"inLanguage":"es"},{"@type":"Person","@id":"https:\/\/www.caudete.org\/ayuntamiento\/#\/schema\/person\/cc646da9133078ee4d8dd47457947253","name":"alcalde","image":{"@type":"ImageObject","inLanguage":"es","@id":"https:\/\/secure.gravatar.com\/avatar\/84a817ba065b29ff08d666b215a215f5c79186a645ccb25b14a663d48a130f77?s=96&d=mm&r=g","url":"https:\/\/secure.gravatar.com\/avatar\/84a817ba065b29ff08d666b215a215f5c79186a645ccb25b14a663d48a130f77?s=96&d=mm&r=g","contentUrl":"https:\/\/secure.gravatar.com\/avatar\/84a817ba065b29ff08d666b215a215f5c79186a645ccb25b14a663d48a130f77?s=96&d=mm&r=g","caption":"alcalde"},"url":"https:\/\/www.caudete.org\/ayuntamiento\/author\/alcalde\/"}]}},"_links":{"self":[{"href":"https:\/\/www.caudete.org\/ayuntamiento\/wp-json\/wp\/v2\/posts\/19507","targetHints":{"allow":["GET"]}}],"collection":[{"href":"https:\/\/www.caudete.org\/ayuntamiento\/wp-json\/wp\/v2\/posts"}],"about":[{"href":"https:\/\/www.caudete.org\/ayuntamiento\/wp-json\/wp\/v2\/types\/post"}],"author":[{"embeddable":true,"href":"https:\/\/www.caudete.org\/ayuntamiento\/wp-json\/wp\/v2\/users\/3"}],"replies":[{"embeddable":true,"href":"https:\/\/www.caudete.org\/ayuntamiento\/wp-json\/wp\/v2\/comments?post=19507"}],"version-history":[{"count":1,"href":"https:\/\/www.caudete.org\/ayuntamiento\/wp-json\/wp\/v2\/posts\/19507\/revisions"}],"predecessor-version":[{"id":19512,"href":"https:\/\/www.caudete.org\/ayuntamiento\/wp-json\/wp\/v2\/posts\/19507\/revisions\/19512"}],"wp:featuredmedia":[{"embeddable":true,"href":"https:\/\/www.caudete.org\/ayuntamiento\/wp-json\/wp\/v2\/media\/19509"}],"wp:attachment":[{"href":"https:\/\/www.caudete.org\/ayuntamiento\/wp-json\/wp\/v2\/media?parent=19507"}],"wp:term":[{"taxonomy":"category","embeddable":true,"href":"https:\/\/www.caudete.org\/ayuntamiento\/wp-json\/wp\/v2\/categories?post=19507"},{"taxonomy":"post_tag","embeddable":true,"href":"https:\/\/www.caudete.org\/ayuntamiento\/wp-json\/wp\/v2\/tags?post=19507"}],"curies":[{"name":"wp","href":"https:\/\/api.w.org\/{rel}","templated":true}]}}