{"id":19537,"date":"2022-07-05T09:52:41","date_gmt":"2022-07-05T07:52:41","guid":{"rendered":"https:\/\/www.caudete.org\/ayuntamiento\/?p=19537"},"modified":"2022-07-05T15:02:31","modified_gmt":"2022-07-05T13:02:31","slug":"derechos-de-los-pasajeros-en-transporte-aereo","status":"publish","type":"post","link":"https:\/\/www.caudete.org\/ayuntamiento\/derechos-de-los-pasajeros-en-transporte-aereo\/","title":{"rendered":"Derechos de los pasajeros en transporte a\u00e9reo"},"content":{"rendered":"<p align=\"justify\"><span style=\"color: #000000;\"><span style=\"font-family: Arial, sans-serif;\"><span style=\"font-size: medium;\"> Desde la Concejal\u00eda de Comercio a trav\u00e9s de su Oficina de Consumo, con motivo de la entrada en la \u00e9poca estival y con ello el aumento de la compra vuelos, os dejamos un enlace del Ministerio de Transporte, Movilidad y Agenda Urbana donde se informa a los consumidores de sus derechos en diferentes situaciones que pueden producirse antes, mientras y despu\u00e9s de realizar su vuelo y el procedimiento para realizar sus reclamaciones.<\/span><\/span><\/span><\/p>\n<p><a href=\"https:\/\/www.seguridadaerea.gob.es\/es\/ambitos\/derechos-de-los-pasajeros\" target=\"_blank\" rel=\"nofollow\">Enlace Derechos de pasajeros del Ministerio Transportes, Movilidad y Agenda Urbana<\/a><\/p>\n<ul>\n<li><a href=\"https:\/\/www.seguridadaerea.gob.es\/es\/ambitos\/derechos-de-los-pasajeros\/procedimiento-para-reclamar\" target=\"_blank\" rel=\"nofollow\">Procedimiento para reclamar<\/a><\/li>\n<li><a href=\"https:\/\/www.seguridadaerea.gob.es\/es\/ambitos\/derechos-de-los-pasajeros\/retrasos\" target=\"_blank\" rel=\"nofollow\">Retrasos<\/a><\/li>\n<li><a href=\"https:\/\/www.seguridadaerea.gob.es\/es\/ambitos\/derechos-de-los-pasajeros\/cancelaciones\" target=\"_blank\" rel=\"nofollow\">Cancelaciones<\/a><\/li>\n<li><a href=\"https:\/\/www.seguridadaerea.gob.es\/es\/ambitos\/derechos-de-los-pasajeros\/denegacion-de-embarque\" target=\"_blank\" rel=\"nofollow\">Denegaci\u00f3n de embarque<\/a><\/li>\n<li><a href=\"https:\/\/www.seguridadaerea.gob.es\/es\/ambitos\/derechos-de-los-pasajeros\/cambio-de-clase\" target=\"_blank\" rel=\"nofollow\">Cambio de clase<\/a><\/li>\n<li><a href=\"https:\/\/www.seguridadaerea.gob.es\/es\/ambitos\/derechos-de-los-pasajeros\/personas-con-movilidad-reducida-pmr\" target=\"_blank\" rel=\"nofollow\">Personas con Movilidad Reducida PMR<\/a><\/li>\n<li><a href=\"https:\/\/www.seguridadaerea.gob.es\/es\/ambitos\/derechos-de-los-pasajeros\/normativa\" target=\"_blank\" rel=\"nofollow\">Normativa<\/a><\/li>\n<\/ul>\n<p align=\"justify\"><span style=\"color: #000000;\"><span style=\"font-family: Arial, sans-serif;\"><span style=\"font-size: medium;\"><a href=\"https:\/\/cec.consumo.gob.es\/CEC\/infoGeneral\/viajes\/aereo.htm\" target=\"_blank\" rel=\"nofollow\">Transporte A\u00e9reo: &#8220;Vuele Seguro de sus derechos&#8221; del Centro Europeo del Consumidor<\/a><\/span><\/span><\/span><\/p>\n<p align=\"justify\"><span style=\"color: #000000;\"><span style=\"font-family: Arial, sans-serif;\"><span style=\"font-size: medium;\">Para cualquier consulta no dud\u00e9is en contactar con esta OMIC en el tel\u00e9fono 965828133 o e.mail <a href=\"mailto:consumo@caudete.org\" target=\"_blank\" rel=\"nofollow\">consumo@caudete.org<\/a><\/span><\/span><\/span><\/p>\n<p align=\"justify\"><a href=\"https:\/\/www.caudete.org\/ayuntamiento\/wp-content\/uploads\/2022\/07\/Derechos-de-los-pasajeros-en-el-transporte-aereo.jpg\" rel='prettyPhoto'><img fetchpriority=\"high\" decoding=\"async\" class=\"aligncenter size-full wp-image-19540\" src=\"https:\/\/www.caudete.org\/ayuntamiento\/wp-content\/uploads\/2022\/07\/Derechos-de-los-pasajeros-en-el-transporte-aereo.jpg\" alt=\"\" width=\"1298\" height=\"833\" srcset=\"https:\/\/www.caudete.org\/ayuntamiento\/wp-content\/uploads\/2022\/07\/Derechos-de-los-pasajeros-en-el-transporte-aereo.jpg 1298w, https:\/\/www.caudete.org\/ayuntamiento\/wp-content\/uploads\/2022\/07\/Derechos-de-los-pasajeros-en-el-transporte-aereo-300x193.jpg 300w, https:\/\/www.caudete.org\/ayuntamiento\/wp-content\/uploads\/2022\/07\/Derechos-de-los-pasajeros-en-el-transporte-aereo-1024x657.jpg 1024w, https:\/\/www.caudete.org\/ayuntamiento\/wp-content\/uploads\/2022\/07\/Derechos-de-los-pasajeros-en-el-transporte-aereo-768x493.jpg 768w\" sizes=\"(max-width: 1298px) 100vw, 1298px\" \/><\/a><\/p>\n","protected":false},"excerpt":{"rendered":"<p>Desde la Concejal\u00eda de Comercio a trav\u00e9s de su Oficina de Consumo, con motivo de la entrada en la \u00e9poca estival y con ello el aumento de la compra vuelos, os dejamos un enlace del Ministerio de Transporte, Movilidad y Agenda Urbana donde se informa a los consumidores de sus derechos en diferentes situaciones que &hellip;<\/p>\n","protected":false},"author":1,"featured_media":19540,"comment_status":"closed","ping_status":"open","sticky":false,"template":"","format":"standard","meta":{"ngg_post_thumbnail":0,"footnotes":""},"categories":[844],"tags":[],"class_list":["post-19537","post","type-post","status-publish","format-standard","has-post-thumbnail","hentry","category-tablon-informativo-omic"],"yoast_head":"<!-- This site is optimized with the Yoast SEO plugin v27.5 - https:\/\/yoast.com\/product\/yoast-seo-wordpress\/ -->\n<title>Derechos de los pasajeros en transporte a\u00e9reo - MI Ayuntamiento de Caudete<\/title>\n<meta name=\"description\" content=\"P\u00e1gina Oficial del Ayuntamiento de Caudete (Albacete)\" \/>\n<meta name=\"robots\" content=\"index, follow, max-snippet:-1, max-image-preview:large, max-video-preview:-1\" \/>\n<link rel=\"canonical\" href=\"https:\/\/www.caudete.org\/ayuntamiento\/derechos-de-los-pasajeros-en-transporte-aereo\/\" \/>\n<meta property=\"og:locale\" content=\"es_ES\" \/>\n<meta property=\"og:type\" content=\"article\" \/>\n<meta property=\"og:title\" content=\"Derechos de los pasajeros en transporte a\u00e9reo - MI Ayuntamiento de Caudete\" \/>\n<meta property=\"og:description\" content=\"P\u00e1gina Oficial del Ayuntamiento de Caudete (Albacete)\" \/>\n<meta property=\"og:url\" content=\"https:\/\/www.caudete.org\/ayuntamiento\/derechos-de-los-pasajeros-en-transporte-aereo\/\" \/>\n<meta property=\"og:site_name\" content=\"MI Ayuntamiento de Caudete\" \/>\n<meta property=\"article:publisher\" content=\"https:\/\/www.facebook.com\/ayuntamientocaudete\/\" \/>\n<meta property=\"article:published_time\" content=\"2022-07-05T07:52:41+00:00\" \/>\n<meta property=\"article:modified_time\" content=\"2022-07-05T13:02:31+00:00\" \/>\n<meta property=\"og:image\" content=\"https:\/\/www.caudete.org\/ayuntamiento\/wp-content\/uploads\/2022\/07\/Derechos-de-los-pasajeros-en-el-transporte-aereo.jpg\" \/>\n\t<meta property=\"og:image:width\" content=\"1298\" \/>\n\t<meta property=\"og:image:height\" content=\"833\" \/>\n\t<meta property=\"og:image:type\" content=\"image\/jpeg\" \/>\n<meta name=\"author\" content=\"ayun\" \/>\n<meta name=\"twitter:card\" content=\"summary_large_image\" \/>\n<meta name=\"twitter:label1\" content=\"Escrito por\" \/>\n\t<meta name=\"twitter:data1\" content=\"ayun\" \/>\n\t<meta name=\"twitter:label2\" content=\"Tiempo de lectura\" \/>\n\t<meta name=\"twitter:data2\" content=\"1 minuto\" \/>\n<script type=\"application\/ld+json\" class=\"yoast-schema-graph\">{\"@context\":\"https:\\\/\\\/schema.org\",\"@graph\":[{\"@type\":\"Article\",\"@id\":\"https:\\\/\\\/www.caudete.org\\\/ayuntamiento\\\/derechos-de-los-pasajeros-en-transporte-aereo\\\/#article\",\"isPartOf\":{\"@id\":\"https:\\\/\\\/www.caudete.org\\\/ayuntamiento\\\/derechos-de-los-pasajeros-en-transporte-aereo\\\/\"},\"author\":{\"name\":\"ayun\",\"@id\":\"https:\\\/\\\/www.caudete.org\\\/ayuntamiento\\\/#\\\/schema\\\/person\\\/79f7e19fdd176fc2bc7a289013dc2056\"},\"headline\":\"Derechos de los pasajeros en transporte a\u00e9reo\",\"datePublished\":\"2022-07-05T07:52:41+00:00\",\"dateModified\":\"2022-07-05T13:02:31+00:00\",\"mainEntityOfPage\":{\"@id\":\"https:\\\/\\\/www.caudete.org\\\/ayuntamiento\\\/derechos-de-los-pasajeros-en-transporte-aereo\\\/\"},\"wordCount\":146,\"image\":{\"@id\":\"https:\\\/\\\/www.caudete.org\\\/ayuntamiento\\\/derechos-de-los-pasajeros-en-transporte-aereo\\\/#primaryimage\"},\"thumbnailUrl\":\"https:\\\/\\\/www.caudete.org\\\/ayuntamiento\\\/wp-content\\\/uploads\\\/2022\\\/07\\\/Derechos-de-los-pasajeros-en-el-transporte-aereo.jpg\",\"articleSection\":[\"Tabl\u00f3n Informativo (OMIC)\"],\"inLanguage\":\"es\"},{\"@type\":\"WebPage\",\"@id\":\"https:\\\/\\\/www.caudete.org\\\/ayuntamiento\\\/derechos-de-los-pasajeros-en-transporte-aereo\\\/\",\"url\":\"https:\\\/\\\/www.caudete.org\\\/ayuntamiento\\\/derechos-de-los-pasajeros-en-transporte-aereo\\\/\",\"name\":\"Derechos de los pasajeros en transporte a\u00e9reo - MI Ayuntamiento de Caudete\",\"isPartOf\":{\"@id\":\"https:\\\/\\\/www.caudete.org\\\/ayuntamiento\\\/#website\"},\"primaryImageOfPage\":{\"@id\":\"https:\\\/\\\/www.caudete.org\\\/ayuntamiento\\\/derechos-de-los-pasajeros-en-transporte-aereo\\\/#primaryimage\"},\"image\":{\"@id\":\"https:\\\/\\\/www.caudete.org\\\/ayuntamiento\\\/derechos-de-los-pasajeros-en-transporte-aereo\\\/#primaryimage\"},\"thumbnailUrl\":\"https:\\\/\\\/www.caudete.org\\\/ayuntamiento\\\/wp-content\\\/uploads\\\/2022\\\/07\\\/Derechos-de-los-pasajeros-en-el-transporte-aereo.jpg\",\"datePublished\":\"2022-07-05T07:52:41+00:00\",\"dateModified\":\"2022-07-05T13:02:31+00:00\",\"author\":{\"@id\":\"https:\\\/\\\/www.caudete.org\\\/ayuntamiento\\\/#\\\/schema\\\/person\\\/79f7e19fdd176fc2bc7a289013dc2056\"},\"description\":\"P\u00e1gina Oficial del Ayuntamiento de Caudete (Albacete)\",\"breadcrumb\":{\"@id\":\"https:\\\/\\\/www.caudete.org\\\/ayuntamiento\\\/derechos-de-los-pasajeros-en-transporte-aereo\\\/#breadcrumb\"},\"inLanguage\":\"es\",\"potentialAction\":[{\"@type\":\"ReadAction\",\"target\":[\"https:\\\/\\\/www.caudete.org\\\/ayuntamiento\\\/derechos-de-los-pasajeros-en-transporte-aereo\\\/\"]}]},{\"@type\":\"ImageObject\",\"inLanguage\":\"es\",\"@id\":\"https:\\\/\\\/www.caudete.org\\\/ayuntamiento\\\/derechos-de-los-pasajeros-en-transporte-aereo\\\/#primaryimage\",\"url\":\"https:\\\/\\\/www.caudete.org\\\/ayuntamiento\\\/wp-content\\\/uploads\\\/2022\\\/07\\\/Derechos-de-los-pasajeros-en-el-transporte-aereo.jpg\",\"contentUrl\":\"https:\\\/\\\/www.caudete.org\\\/ayuntamiento\\\/wp-content\\\/uploads\\\/2022\\\/07\\\/Derechos-de-los-pasajeros-en-el-transporte-aereo.jpg\",\"width\":1298,\"height\":833},{\"@type\":\"BreadcrumbList\",\"@id\":\"https:\\\/\\\/www.caudete.org\\\/ayuntamiento\\\/derechos-de-los-pasajeros-en-transporte-aereo\\\/#breadcrumb\",\"itemListElement\":[{\"@type\":\"ListItem\",\"position\":1,\"name\":\"Inicio\",\"item\":\"https:\\\/\\\/www.caudete.org\\\/ayuntamiento\\\/\"},{\"@type\":\"ListItem\",\"position\":2,\"name\":\"Derechos de los pasajeros en transporte a\u00e9reo\"}]},{\"@type\":\"WebSite\",\"@id\":\"https:\\\/\\\/www.caudete.org\\\/ayuntamiento\\\/#website\",\"url\":\"https:\\\/\\\/www.caudete.org\\\/ayuntamiento\\\/\",\"name\":\"MI Ayuntamiento de Caudete\",\"description\":\"P\u00e1gina Oficial del MI Ayuntamiento de Caudete\",\"potentialAction\":[{\"@type\":\"SearchAction\",\"target\":{\"@type\":\"EntryPoint\",\"urlTemplate\":\"https:\\\/\\\/www.caudete.org\\\/ayuntamiento\\\/?s={search_term_string}\"},\"query-input\":{\"@type\":\"PropertyValueSpecification\",\"valueRequired\":true,\"valueName\":\"search_term_string\"}}],\"inLanguage\":\"es\"},{\"@type\":\"Person\",\"@id\":\"https:\\\/\\\/www.caudete.org\\\/ayuntamiento\\\/#\\\/schema\\\/person\\\/79f7e19fdd176fc2bc7a289013dc2056\",\"name\":\"ayun\",\"image\":{\"@type\":\"ImageObject\",\"inLanguage\":\"es\",\"@id\":\"https:\\\/\\\/secure.gravatar.com\\\/avatar\\\/4ce797ee07c943e7e592f8cd648e503e6cd571387558ed07135799c2bd2847df?s=96&d=mm&r=g\",\"url\":\"https:\\\/\\\/secure.gravatar.com\\\/avatar\\\/4ce797ee07c943e7e592f8cd648e503e6cd571387558ed07135799c2bd2847df?s=96&d=mm&r=g\",\"contentUrl\":\"https:\\\/\\\/secure.gravatar.com\\\/avatar\\\/4ce797ee07c943e7e592f8cd648e503e6cd571387558ed07135799c2bd2847df?s=96&d=mm&r=g\",\"caption\":\"ayun\"},\"sameAs\":[\"http:\\\/\\\/www.caudete.org\\\/ayuntamiento\"],\"url\":\"https:\\\/\\\/www.caudete.org\\\/ayuntamiento\\\/author\\\/ayun\\\/\"}]}<\/script>\n<!-- \/ Yoast SEO plugin. -->","yoast_head_json":{"title":"Derechos de los pasajeros en transporte a\u00e9reo - MI Ayuntamiento de Caudete","description":"P\u00e1gina Oficial del Ayuntamiento de Caudete (Albacete)","robots":{"index":"index","follow":"follow","max-snippet":"max-snippet:-1","max-image-preview":"max-image-preview:large","max-video-preview":"max-video-preview:-1"},"canonical":"https:\/\/www.caudete.org\/ayuntamiento\/derechos-de-los-pasajeros-en-transporte-aereo\/","og_locale":"es_ES","og_type":"article","og_title":"Derechos de los pasajeros en transporte a\u00e9reo - MI Ayuntamiento de Caudete","og_description":"P\u00e1gina Oficial del Ayuntamiento de Caudete (Albacete)","og_url":"https:\/\/www.caudete.org\/ayuntamiento\/derechos-de-los-pasajeros-en-transporte-aereo\/","og_site_name":"MI Ayuntamiento de Caudete","article_publisher":"https:\/\/www.facebook.com\/ayuntamientocaudete\/","article_published_time":"2022-07-05T07:52:41+00:00","article_modified_time":"2022-07-05T13:02:31+00:00","og_image":[{"width":1298,"height":833,"url":"https:\/\/www.caudete.org\/ayuntamiento\/wp-content\/uploads\/2022\/07\/Derechos-de-los-pasajeros-en-el-transporte-aereo.jpg","type":"image\/jpeg"}],"author":"ayun","twitter_card":"summary_large_image","twitter_misc":{"Escrito por":"ayun","Tiempo de lectura":"1 minuto"},"schema":{"@context":"https:\/\/schema.org","@graph":[{"@type":"Article","@id":"https:\/\/www.caudete.org\/ayuntamiento\/derechos-de-los-pasajeros-en-transporte-aereo\/#article","isPartOf":{"@id":"https:\/\/www.caudete.org\/ayuntamiento\/derechos-de-los-pasajeros-en-transporte-aereo\/"},"author":{"name":"ayun","@id":"https:\/\/www.caudete.org\/ayuntamiento\/#\/schema\/person\/79f7e19fdd176fc2bc7a289013dc2056"},"headline":"Derechos de los pasajeros en transporte a\u00e9reo","datePublished":"2022-07-05T07:52:41+00:00","dateModified":"2022-07-05T13:02:31+00:00","mainEntityOfPage":{"@id":"https:\/\/www.caudete.org\/ayuntamiento\/derechos-de-los-pasajeros-en-transporte-aereo\/"},"wordCount":146,"image":{"@id":"https:\/\/www.caudete.org\/ayuntamiento\/derechos-de-los-pasajeros-en-transporte-aereo\/#primaryimage"},"thumbnailUrl":"https:\/\/www.caudete.org\/ayuntamiento\/wp-content\/uploads\/2022\/07\/Derechos-de-los-pasajeros-en-el-transporte-aereo.jpg","articleSection":["Tabl\u00f3n Informativo (OMIC)"],"inLanguage":"es"},{"@type":"WebPage","@id":"https:\/\/www.caudete.org\/ayuntamiento\/derechos-de-los-pasajeros-en-transporte-aereo\/","url":"https:\/\/www.caudete.org\/ayuntamiento\/derechos-de-los-pasajeros-en-transporte-aereo\/","name":"Derechos de los pasajeros en transporte a\u00e9reo - MI Ayuntamiento de Caudete","isPartOf":{"@id":"https:\/\/www.caudete.org\/ayuntamiento\/#website"},"primaryImageOfPage":{"@id":"https:\/\/www.caudete.org\/ayuntamiento\/derechos-de-los-pasajeros-en-transporte-aereo\/#primaryimage"},"image":{"@id":"https:\/\/www.caudete.org\/ayuntamiento\/derechos-de-los-pasajeros-en-transporte-aereo\/#primaryimage"},"thumbnailUrl":"https:\/\/www.caudete.org\/ayuntamiento\/wp-content\/uploads\/2022\/07\/Derechos-de-los-pasajeros-en-el-transporte-aereo.jpg","datePublished":"2022-07-05T07:52:41+00:00","dateModified":"2022-07-05T13:02:31+00:00","author":{"@id":"https:\/\/www.caudete.org\/ayuntamiento\/#\/schema\/person\/79f7e19fdd176fc2bc7a289013dc2056"},"description":"P\u00e1gina Oficial del Ayuntamiento de Caudete (Albacete)","breadcrumb":{"@id":"https:\/\/www.caudete.org\/ayuntamiento\/derechos-de-los-pasajeros-en-transporte-aereo\/#breadcrumb"},"inLanguage":"es","potentialAction":[{"@type":"ReadAction","target":["https:\/\/www.caudete.org\/ayuntamiento\/derechos-de-los-pasajeros-en-transporte-aereo\/"]}]},{"@type":"ImageObject","inLanguage":"es","@id":"https:\/\/www.caudete.org\/ayuntamiento\/derechos-de-los-pasajeros-en-transporte-aereo\/#primaryimage","url":"https:\/\/www.caudete.org\/ayuntamiento\/wp-content\/uploads\/2022\/07\/Derechos-de-los-pasajeros-en-el-transporte-aereo.jpg","contentUrl":"https:\/\/www.caudete.org\/ayuntamiento\/wp-content\/uploads\/2022\/07\/Derechos-de-los-pasajeros-en-el-transporte-aereo.jpg","width":1298,"height":833},{"@type":"BreadcrumbList","@id":"https:\/\/www.caudete.org\/ayuntamiento\/derechos-de-los-pasajeros-en-transporte-aereo\/#breadcrumb","itemListElement":[{"@type":"ListItem","position":1,"name":"Inicio","item":"https:\/\/www.caudete.org\/ayuntamiento\/"},{"@type":"ListItem","position":2,"name":"Derechos de los pasajeros en transporte a\u00e9reo"}]},{"@type":"WebSite","@id":"https:\/\/www.caudete.org\/ayuntamiento\/#website","url":"https:\/\/www.caudete.org\/ayuntamiento\/","name":"MI Ayuntamiento de Caudete","description":"P\u00e1gina Oficial del MI Ayuntamiento de Caudete","potentialAction":[{"@type":"SearchAction","target":{"@type":"EntryPoint","urlTemplate":"https:\/\/www.caudete.org\/ayuntamiento\/?s={search_term_string}"},"query-input":{"@type":"PropertyValueSpecification","valueRequired":true,"valueName":"search_term_string"}}],"inLanguage":"es"},{"@type":"Person","@id":"https:\/\/www.caudete.org\/ayuntamiento\/#\/schema\/person\/79f7e19fdd176fc2bc7a289013dc2056","name":"ayun","image":{"@type":"ImageObject","inLanguage":"es","@id":"https:\/\/secure.gravatar.com\/avatar\/4ce797ee07c943e7e592f8cd648e503e6cd571387558ed07135799c2bd2847df?s=96&d=mm&r=g","url":"https:\/\/secure.gravatar.com\/avatar\/4ce797ee07c943e7e592f8cd648e503e6cd571387558ed07135799c2bd2847df?s=96&d=mm&r=g","contentUrl":"https:\/\/secure.gravatar.com\/avatar\/4ce797ee07c943e7e592f8cd648e503e6cd571387558ed07135799c2bd2847df?s=96&d=mm&r=g","caption":"ayun"},"sameAs":["http:\/\/www.caudete.org\/ayuntamiento"],"url":"https:\/\/www.caudete.org\/ayuntamiento\/author\/ayun\/"}]}},"_links":{"self":[{"href":"https:\/\/www.caudete.org\/ayuntamiento\/wp-json\/wp\/v2\/posts\/19537","targetHints":{"allow":["GET"]}}],"collection":[{"href":"https:\/\/www.caudete.org\/ayuntamiento\/wp-json\/wp\/v2\/posts"}],"about":[{"href":"https:\/\/www.caudete.org\/ayuntamiento\/wp-json\/wp\/v2\/types\/post"}],"author":[{"embeddable":true,"href":"https:\/\/www.caudete.org\/ayuntamiento\/wp-json\/wp\/v2\/users\/1"}],"replies":[{"embeddable":true,"href":"https:\/\/www.caudete.org\/ayuntamiento\/wp-json\/wp\/v2\/comments?post=19537"}],"version-history":[{"count":8,"href":"https:\/\/www.caudete.org\/ayuntamiento\/wp-json\/wp\/v2\/posts\/19537\/revisions"}],"predecessor-version":[{"id":19546,"href":"https:\/\/www.caudete.org\/ayuntamiento\/wp-json\/wp\/v2\/posts\/19537\/revisions\/19546"}],"wp:featuredmedia":[{"embeddable":true,"href":"https:\/\/www.caudete.org\/ayuntamiento\/wp-json\/wp\/v2\/media\/19540"}],"wp:attachment":[{"href":"https:\/\/www.caudete.org\/ayuntamiento\/wp-json\/wp\/v2\/media?parent=19537"}],"wp:term":[{"taxonomy":"category","embeddable":true,"href":"https:\/\/www.caudete.org\/ayuntamiento\/wp-json\/wp\/v2\/categories?post=19537"},{"taxonomy":"post_tag","embeddable":true,"href":"https:\/\/www.caudete.org\/ayuntamiento\/wp-json\/wp\/v2\/tags?post=19537"}],"curies":[{"name":"wp","href":"https:\/\/api.w.org\/{rel}","templated":true}]}}