{"id":19576,"date":"2022-07-07T16:18:36","date_gmt":"2022-07-07T14:18:36","guid":{"rendered":"https:\/\/www.caudete.org\/ayuntamiento\/?p=19576"},"modified":"2022-07-07T16:18:36","modified_gmt":"2022-07-07T14:18:36","slug":"caudeteemprende-el-bar-de-la-piscina-abre-sus-puertas-manana-8-de-julio-con-la-gerencia-de-angel-sirvent","status":"publish","type":"post","link":"https:\/\/www.caudete.org\/ayuntamiento\/caudeteemprende-el-bar-de-la-piscina-abre-sus-puertas-manana-8-de-julio-con-la-gerencia-de-angel-sirvent\/","title":{"rendered":"CaudeteEMPRENDE: el Bar de LA PISCINA abre sus puertas ma\u00f1ana 8 de Julio, con la gerencia de Angel Sirvent"},"content":{"rendered":"<p style=\"text-align: justify;\">Dentro de la campa\u00f1a CaudeteEMPRENDE, el Concejal de Comercio Diego Cuenca, la Concejal de Deportes Pilar Egea y el Concejal de Movilidad y Servicios Joaqu\u00edn Pag\u00e1n, han visitado esta ma\u00f1ana a Angel Mar\u00eda Sirvent Cara, el nuevo gerente de el Bar de la Piscina, ubicado en la Ciudad Deportiva &#8220;Antonio Amor\u00f3s&#8221;.<\/p>\n<p style=\"text-align: justify;\">Tal y como nos explicaba \u00c1ngel, el \u00a0bar de la piscina abrir\u00e1 sus puertas ma\u00f1ana 8 de julio.<\/p>\n<p style=\"text-align: justify;\">Su horario es de lunes a s\u00e1bado de 6:00 hasta cierre y los domingos de 6:00 hasta despu\u00e9s de las comidas.<\/p>\n<p style=\"text-align: justify;\">Oferta especialidad en arroces y paellas, y adem\u00e1s tendr\u00e1n men\u00fa diario, aperitivos y platos a la carta.<\/p>\n<p style=\"text-align: justify;\">Pilar Egea por su parte felicitaba a \u00c1ngel por su apuesta en ser el hostelero de la Ciudad Deportiva, unas instalaciones con vida propia durante todo el a\u00f1o donde el servicio de Bar-Restaurante tiene su impronta dentro del recinto, y una referencia para usuarios y caudetanos en general.<\/p>\n<p style=\"text-align: justify;\">Informaba que \u00c1ngel result\u00f3 adjudicatario de la \u00faltima licitaci\u00f3n, la cual se lanz\u00f3 tras no llevarse a efecto el contrato en la anterior por causas ajenas al Consistorio, lo que evidentemente ha propiciado un peque\u00f1o retraso en el servicio respecto al inicio de la temporada de verano, hecho por el que ped\u00eda disculpas\u00a0 ala misma vez que se mostraba agradecida por la comprensi\u00f3n de los ciudadanos a este respecto.<\/p>\n<p style=\"text-align: justify;\">Finalmente, Diego Cuenca, Concejal de Comercio deseaba el mayor \u00e9xito y acierto a \u00c1ngel en esta nueva andadura profesional, invitando a los caudetanos que se acerquen a probar la carta que ofrece la nueva gerencia del Bar de La Piscina, contando con un inmejorable entorno como es el llamado Camino de La Virgen, o unas instalaciones deportivas de calidad como las existentes en la propia Ciudad Deportiva.<\/p>\n<p style=\"text-align: justify;\">Tel\u00e9fono de reservas 642301269<\/p>\n<p style=\"text-align: justify;\">CaudeteEMPRENDE es una campa\u00f1a creada desde la Concejal\u00eda de Comercio con el objetivo de dar visibilidad y apoyo a los nuevos comercios la localidad, acerc\u00e1ndolos a la ciudadan\u00eda a trav\u00e9s de las redes sociales del M.I. Ayuntamiento y la TV .<\/p>\n","protected":false},"excerpt":{"rendered":"<p>Dentro de la campa\u00f1a CaudeteEMPRENDE, el Concejal de Comercio Diego Cuenca, la Concejal de Deportes Pilar Egea y el Concejal de Movilidad y Servicios Joaqu\u00edn Pag\u00e1n, han visitado esta ma\u00f1ana a Angel Mar\u00eda Sirvent Cara, el nuevo gerente de el Bar de la Piscina, ubicado en la Ciudad Deportiva &#8220;Antonio Amor\u00f3s&#8221;. Tal y como nos &hellip;<\/p>\n","protected":false},"author":3,"featured_media":19577,"comment_status":"closed","ping_status":"open","sticky":false,"template":"","format":"standard","meta":{"ngg_post_thumbnail":0,"footnotes":""},"categories":[42],"tags":[],"class_list":["post-19576","post","type-post","status-publish","format-standard","has-post-thumbnail","hentry","category-comercio"],"yoast_head":"<!-- This site is optimized with the Yoast SEO plugin v27.5 - https:\/\/yoast.com\/product\/yoast-seo-wordpress\/ -->\n<title>CaudeteEMPRENDE: el Bar de LA PISCINA abre sus puertas ma\u00f1ana 8 de Julio, con la gerencia de Angel Sirvent - MI Ayuntamiento de Caudete<\/title>\n<meta name=\"description\" content=\"P\u00e1gina Oficial del Ayuntamiento de Caudete (Albacete)\" \/>\n<meta name=\"robots\" content=\"index, follow, max-snippet:-1, max-image-preview:large, max-video-preview:-1\" \/>\n<link rel=\"canonical\" href=\"https:\/\/www.caudete.org\/ayuntamiento\/caudeteemprende-el-bar-de-la-piscina-abre-sus-puertas-manana-8-de-julio-con-la-gerencia-de-angel-sirvent\/\" \/>\n<meta property=\"og:locale\" content=\"es_ES\" \/>\n<meta property=\"og:type\" content=\"article\" \/>\n<meta property=\"og:title\" content=\"CaudeteEMPRENDE: el Bar de LA PISCINA abre sus puertas ma\u00f1ana 8 de Julio, con la gerencia de Angel Sirvent - MI Ayuntamiento de Caudete\" \/>\n<meta property=\"og:description\" content=\"P\u00e1gina Oficial del Ayuntamiento de Caudete (Albacete)\" \/>\n<meta property=\"og:url\" content=\"https:\/\/www.caudete.org\/ayuntamiento\/caudeteemprende-el-bar-de-la-piscina-abre-sus-puertas-manana-8-de-julio-con-la-gerencia-de-angel-sirvent\/\" \/>\n<meta property=\"og:site_name\" content=\"MI Ayuntamiento de Caudete\" \/>\n<meta property=\"article:publisher\" content=\"https:\/\/www.facebook.com\/ayuntamientocaudete\/\" \/>\n<meta property=\"article:published_time\" content=\"2022-07-07T14:18:36+00:00\" \/>\n<meta property=\"og:image\" content=\"https:\/\/www.caudete.org\/ayuntamiento\/wp-content\/uploads\/2022\/07\/IMG-20220707-WA0011.jpg\" \/>\n\t<meta property=\"og:image:width\" content=\"1600\" \/>\n\t<meta property=\"og:image:height\" content=\"901\" \/>\n\t<meta property=\"og:image:type\" content=\"image\/jpeg\" \/>\n<meta name=\"author\" content=\"alcalde\" \/>\n<meta name=\"twitter:card\" content=\"summary_large_image\" \/>\n<meta name=\"twitter:label1\" content=\"Escrito por\" \/>\n\t<meta name=\"twitter:data1\" content=\"alcalde\" \/>\n\t<meta name=\"twitter:label2\" content=\"Tiempo de lectura\" \/>\n\t<meta name=\"twitter:data2\" content=\"2 minutos\" \/>\n<script type=\"application\/ld+json\" class=\"yoast-schema-graph\">{\"@context\":\"https:\\\/\\\/schema.org\",\"@graph\":[{\"@type\":\"Article\",\"@id\":\"https:\\\/\\\/www.caudete.org\\\/ayuntamiento\\\/caudeteemprende-el-bar-de-la-piscina-abre-sus-puertas-manana-8-de-julio-con-la-gerencia-de-angel-sirvent\\\/#article\",\"isPartOf\":{\"@id\":\"https:\\\/\\\/www.caudete.org\\\/ayuntamiento\\\/caudeteemprende-el-bar-de-la-piscina-abre-sus-puertas-manana-8-de-julio-con-la-gerencia-de-angel-sirvent\\\/\"},\"author\":{\"name\":\"alcalde\",\"@id\":\"https:\\\/\\\/www.caudete.org\\\/ayuntamiento\\\/#\\\/schema\\\/person\\\/cc646da9133078ee4d8dd47457947253\"},\"headline\":\"CaudeteEMPRENDE: el Bar de LA PISCINA abre sus puertas ma\u00f1ana 8 de Julio, con la gerencia de Angel Sirvent\",\"datePublished\":\"2022-07-07T14:18:36+00:00\",\"mainEntityOfPage\":{\"@id\":\"https:\\\/\\\/www.caudete.org\\\/ayuntamiento\\\/caudeteemprende-el-bar-de-la-piscina-abre-sus-puertas-manana-8-de-julio-con-la-gerencia-de-angel-sirvent\\\/\"},\"wordCount\":373,\"image\":{\"@id\":\"https:\\\/\\\/www.caudete.org\\\/ayuntamiento\\\/caudeteemprende-el-bar-de-la-piscina-abre-sus-puertas-manana-8-de-julio-con-la-gerencia-de-angel-sirvent\\\/#primaryimage\"},\"thumbnailUrl\":\"https:\\\/\\\/www.caudete.org\\\/ayuntamiento\\\/wp-content\\\/uploads\\\/2022\\\/07\\\/IMG-20220707-WA0011.jpg\",\"articleSection\":[\"Comercio\"],\"inLanguage\":\"es\"},{\"@type\":\"WebPage\",\"@id\":\"https:\\\/\\\/www.caudete.org\\\/ayuntamiento\\\/caudeteemprende-el-bar-de-la-piscina-abre-sus-puertas-manana-8-de-julio-con-la-gerencia-de-angel-sirvent\\\/\",\"url\":\"https:\\\/\\\/www.caudete.org\\\/ayuntamiento\\\/caudeteemprende-el-bar-de-la-piscina-abre-sus-puertas-manana-8-de-julio-con-la-gerencia-de-angel-sirvent\\\/\",\"name\":\"CaudeteEMPRENDE: el Bar de LA PISCINA abre sus puertas ma\u00f1ana 8 de Julio, con la gerencia de Angel Sirvent - MI Ayuntamiento de Caudete\",\"isPartOf\":{\"@id\":\"https:\\\/\\\/www.caudete.org\\\/ayuntamiento\\\/#website\"},\"primaryImageOfPage\":{\"@id\":\"https:\\\/\\\/www.caudete.org\\\/ayuntamiento\\\/caudeteemprende-el-bar-de-la-piscina-abre-sus-puertas-manana-8-de-julio-con-la-gerencia-de-angel-sirvent\\\/#primaryimage\"},\"image\":{\"@id\":\"https:\\\/\\\/www.caudete.org\\\/ayuntamiento\\\/caudeteemprende-el-bar-de-la-piscina-abre-sus-puertas-manana-8-de-julio-con-la-gerencia-de-angel-sirvent\\\/#primaryimage\"},\"thumbnailUrl\":\"https:\\\/\\\/www.caudete.org\\\/ayuntamiento\\\/wp-content\\\/uploads\\\/2022\\\/07\\\/IMG-20220707-WA0011.jpg\",\"datePublished\":\"2022-07-07T14:18:36+00:00\",\"author\":{\"@id\":\"https:\\\/\\\/www.caudete.org\\\/ayuntamiento\\\/#\\\/schema\\\/person\\\/cc646da9133078ee4d8dd47457947253\"},\"description\":\"P\u00e1gina Oficial del Ayuntamiento de Caudete (Albacete)\",\"breadcrumb\":{\"@id\":\"https:\\\/\\\/www.caudete.org\\\/ayuntamiento\\\/caudeteemprende-el-bar-de-la-piscina-abre-sus-puertas-manana-8-de-julio-con-la-gerencia-de-angel-sirvent\\\/#breadcrumb\"},\"inLanguage\":\"es\",\"potentialAction\":[{\"@type\":\"ReadAction\",\"target\":[\"https:\\\/\\\/www.caudete.org\\\/ayuntamiento\\\/caudeteemprende-el-bar-de-la-piscina-abre-sus-puertas-manana-8-de-julio-con-la-gerencia-de-angel-sirvent\\\/\"]}]},{\"@type\":\"ImageObject\",\"inLanguage\":\"es\",\"@id\":\"https:\\\/\\\/www.caudete.org\\\/ayuntamiento\\\/caudeteemprende-el-bar-de-la-piscina-abre-sus-puertas-manana-8-de-julio-con-la-gerencia-de-angel-sirvent\\\/#primaryimage\",\"url\":\"https:\\\/\\\/www.caudete.org\\\/ayuntamiento\\\/wp-content\\\/uploads\\\/2022\\\/07\\\/IMG-20220707-WA0011.jpg\",\"contentUrl\":\"https:\\\/\\\/www.caudete.org\\\/ayuntamiento\\\/wp-content\\\/uploads\\\/2022\\\/07\\\/IMG-20220707-WA0011.jpg\",\"width\":1600,\"height\":901},{\"@type\":\"BreadcrumbList\",\"@id\":\"https:\\\/\\\/www.caudete.org\\\/ayuntamiento\\\/caudeteemprende-el-bar-de-la-piscina-abre-sus-puertas-manana-8-de-julio-con-la-gerencia-de-angel-sirvent\\\/#breadcrumb\",\"itemListElement\":[{\"@type\":\"ListItem\",\"position\":1,\"name\":\"Inicio\",\"item\":\"https:\\\/\\\/www.caudete.org\\\/ayuntamiento\\\/\"},{\"@type\":\"ListItem\",\"position\":2,\"name\":\"CaudeteEMPRENDE: el Bar de LA PISCINA abre sus puertas ma\u00f1ana 8 de Julio, con la gerencia de Angel Sirvent\"}]},{\"@type\":\"WebSite\",\"@id\":\"https:\\\/\\\/www.caudete.org\\\/ayuntamiento\\\/#website\",\"url\":\"https:\\\/\\\/www.caudete.org\\\/ayuntamiento\\\/\",\"name\":\"MI Ayuntamiento de Caudete\",\"description\":\"P\u00e1gina Oficial del MI Ayuntamiento de Caudete\",\"potentialAction\":[{\"@type\":\"SearchAction\",\"target\":{\"@type\":\"EntryPoint\",\"urlTemplate\":\"https:\\\/\\\/www.caudete.org\\\/ayuntamiento\\\/?s={search_term_string}\"},\"query-input\":{\"@type\":\"PropertyValueSpecification\",\"valueRequired\":true,\"valueName\":\"search_term_string\"}}],\"inLanguage\":\"es\"},{\"@type\":\"Person\",\"@id\":\"https:\\\/\\\/www.caudete.org\\\/ayuntamiento\\\/#\\\/schema\\\/person\\\/cc646da9133078ee4d8dd47457947253\",\"name\":\"alcalde\",\"image\":{\"@type\":\"ImageObject\",\"inLanguage\":\"es\",\"@id\":\"https:\\\/\\\/secure.gravatar.com\\\/avatar\\\/84a817ba065b29ff08d666b215a215f5c79186a645ccb25b14a663d48a130f77?s=96&d=mm&r=g\",\"url\":\"https:\\\/\\\/secure.gravatar.com\\\/avatar\\\/84a817ba065b29ff08d666b215a215f5c79186a645ccb25b14a663d48a130f77?s=96&d=mm&r=g\",\"contentUrl\":\"https:\\\/\\\/secure.gravatar.com\\\/avatar\\\/84a817ba065b29ff08d666b215a215f5c79186a645ccb25b14a663d48a130f77?s=96&d=mm&r=g\",\"caption\":\"alcalde\"},\"url\":\"https:\\\/\\\/www.caudete.org\\\/ayuntamiento\\\/author\\\/alcalde\\\/\"}]}<\/script>\n<!-- \/ Yoast SEO plugin. -->","yoast_head_json":{"title":"CaudeteEMPRENDE: el Bar de LA PISCINA abre sus puertas ma\u00f1ana 8 de Julio, con la gerencia de Angel Sirvent - MI Ayuntamiento de Caudete","description":"P\u00e1gina Oficial del Ayuntamiento de Caudete (Albacete)","robots":{"index":"index","follow":"follow","max-snippet":"max-snippet:-1","max-image-preview":"max-image-preview:large","max-video-preview":"max-video-preview:-1"},"canonical":"https:\/\/www.caudete.org\/ayuntamiento\/caudeteemprende-el-bar-de-la-piscina-abre-sus-puertas-manana-8-de-julio-con-la-gerencia-de-angel-sirvent\/","og_locale":"es_ES","og_type":"article","og_title":"CaudeteEMPRENDE: el Bar de LA PISCINA abre sus puertas ma\u00f1ana 8 de Julio, con la gerencia de Angel Sirvent - MI Ayuntamiento de Caudete","og_description":"P\u00e1gina Oficial del Ayuntamiento de Caudete (Albacete)","og_url":"https:\/\/www.caudete.org\/ayuntamiento\/caudeteemprende-el-bar-de-la-piscina-abre-sus-puertas-manana-8-de-julio-con-la-gerencia-de-angel-sirvent\/","og_site_name":"MI Ayuntamiento de Caudete","article_publisher":"https:\/\/www.facebook.com\/ayuntamientocaudete\/","article_published_time":"2022-07-07T14:18:36+00:00","og_image":[{"width":1600,"height":901,"url":"https:\/\/www.caudete.org\/ayuntamiento\/wp-content\/uploads\/2022\/07\/IMG-20220707-WA0011.jpg","type":"image\/jpeg"}],"author":"alcalde","twitter_card":"summary_large_image","twitter_misc":{"Escrito por":"alcalde","Tiempo de lectura":"2 minutos"},"schema":{"@context":"https:\/\/schema.org","@graph":[{"@type":"Article","@id":"https:\/\/www.caudete.org\/ayuntamiento\/caudeteemprende-el-bar-de-la-piscina-abre-sus-puertas-manana-8-de-julio-con-la-gerencia-de-angel-sirvent\/#article","isPartOf":{"@id":"https:\/\/www.caudete.org\/ayuntamiento\/caudeteemprende-el-bar-de-la-piscina-abre-sus-puertas-manana-8-de-julio-con-la-gerencia-de-angel-sirvent\/"},"author":{"name":"alcalde","@id":"https:\/\/www.caudete.org\/ayuntamiento\/#\/schema\/person\/cc646da9133078ee4d8dd47457947253"},"headline":"CaudeteEMPRENDE: el Bar de LA PISCINA abre sus puertas ma\u00f1ana 8 de Julio, con la gerencia de Angel Sirvent","datePublished":"2022-07-07T14:18:36+00:00","mainEntityOfPage":{"@id":"https:\/\/www.caudete.org\/ayuntamiento\/caudeteemprende-el-bar-de-la-piscina-abre-sus-puertas-manana-8-de-julio-con-la-gerencia-de-angel-sirvent\/"},"wordCount":373,"image":{"@id":"https:\/\/www.caudete.org\/ayuntamiento\/caudeteemprende-el-bar-de-la-piscina-abre-sus-puertas-manana-8-de-julio-con-la-gerencia-de-angel-sirvent\/#primaryimage"},"thumbnailUrl":"https:\/\/www.caudete.org\/ayuntamiento\/wp-content\/uploads\/2022\/07\/IMG-20220707-WA0011.jpg","articleSection":["Comercio"],"inLanguage":"es"},{"@type":"WebPage","@id":"https:\/\/www.caudete.org\/ayuntamiento\/caudeteemprende-el-bar-de-la-piscina-abre-sus-puertas-manana-8-de-julio-con-la-gerencia-de-angel-sirvent\/","url":"https:\/\/www.caudete.org\/ayuntamiento\/caudeteemprende-el-bar-de-la-piscina-abre-sus-puertas-manana-8-de-julio-con-la-gerencia-de-angel-sirvent\/","name":"CaudeteEMPRENDE: el Bar de LA PISCINA abre sus puertas ma\u00f1ana 8 de Julio, con la gerencia de Angel Sirvent - MI Ayuntamiento de Caudete","isPartOf":{"@id":"https:\/\/www.caudete.org\/ayuntamiento\/#website"},"primaryImageOfPage":{"@id":"https:\/\/www.caudete.org\/ayuntamiento\/caudeteemprende-el-bar-de-la-piscina-abre-sus-puertas-manana-8-de-julio-con-la-gerencia-de-angel-sirvent\/#primaryimage"},"image":{"@id":"https:\/\/www.caudete.org\/ayuntamiento\/caudeteemprende-el-bar-de-la-piscina-abre-sus-puertas-manana-8-de-julio-con-la-gerencia-de-angel-sirvent\/#primaryimage"},"thumbnailUrl":"https:\/\/www.caudete.org\/ayuntamiento\/wp-content\/uploads\/2022\/07\/IMG-20220707-WA0011.jpg","datePublished":"2022-07-07T14:18:36+00:00","author":{"@id":"https:\/\/www.caudete.org\/ayuntamiento\/#\/schema\/person\/cc646da9133078ee4d8dd47457947253"},"description":"P\u00e1gina Oficial del Ayuntamiento de Caudete (Albacete)","breadcrumb":{"@id":"https:\/\/www.caudete.org\/ayuntamiento\/caudeteemprende-el-bar-de-la-piscina-abre-sus-puertas-manana-8-de-julio-con-la-gerencia-de-angel-sirvent\/#breadcrumb"},"inLanguage":"es","potentialAction":[{"@type":"ReadAction","target":["https:\/\/www.caudete.org\/ayuntamiento\/caudeteemprende-el-bar-de-la-piscina-abre-sus-puertas-manana-8-de-julio-con-la-gerencia-de-angel-sirvent\/"]}]},{"@type":"ImageObject","inLanguage":"es","@id":"https:\/\/www.caudete.org\/ayuntamiento\/caudeteemprende-el-bar-de-la-piscina-abre-sus-puertas-manana-8-de-julio-con-la-gerencia-de-angel-sirvent\/#primaryimage","url":"https:\/\/www.caudete.org\/ayuntamiento\/wp-content\/uploads\/2022\/07\/IMG-20220707-WA0011.jpg","contentUrl":"https:\/\/www.caudete.org\/ayuntamiento\/wp-content\/uploads\/2022\/07\/IMG-20220707-WA0011.jpg","width":1600,"height":901},{"@type":"BreadcrumbList","@id":"https:\/\/www.caudete.org\/ayuntamiento\/caudeteemprende-el-bar-de-la-piscina-abre-sus-puertas-manana-8-de-julio-con-la-gerencia-de-angel-sirvent\/#breadcrumb","itemListElement":[{"@type":"ListItem","position":1,"name":"Inicio","item":"https:\/\/www.caudete.org\/ayuntamiento\/"},{"@type":"ListItem","position":2,"name":"CaudeteEMPRENDE: el Bar de LA PISCINA abre sus puertas ma\u00f1ana 8 de Julio, con la gerencia de Angel Sirvent"}]},{"@type":"WebSite","@id":"https:\/\/www.caudete.org\/ayuntamiento\/#website","url":"https:\/\/www.caudete.org\/ayuntamiento\/","name":"MI Ayuntamiento de Caudete","description":"P\u00e1gina Oficial del MI Ayuntamiento de Caudete","potentialAction":[{"@type":"SearchAction","target":{"@type":"EntryPoint","urlTemplate":"https:\/\/www.caudete.org\/ayuntamiento\/?s={search_term_string}"},"query-input":{"@type":"PropertyValueSpecification","valueRequired":true,"valueName":"search_term_string"}}],"inLanguage":"es"},{"@type":"Person","@id":"https:\/\/www.caudete.org\/ayuntamiento\/#\/schema\/person\/cc646da9133078ee4d8dd47457947253","name":"alcalde","image":{"@type":"ImageObject","inLanguage":"es","@id":"https:\/\/secure.gravatar.com\/avatar\/84a817ba065b29ff08d666b215a215f5c79186a645ccb25b14a663d48a130f77?s=96&d=mm&r=g","url":"https:\/\/secure.gravatar.com\/avatar\/84a817ba065b29ff08d666b215a215f5c79186a645ccb25b14a663d48a130f77?s=96&d=mm&r=g","contentUrl":"https:\/\/secure.gravatar.com\/avatar\/84a817ba065b29ff08d666b215a215f5c79186a645ccb25b14a663d48a130f77?s=96&d=mm&r=g","caption":"alcalde"},"url":"https:\/\/www.caudete.org\/ayuntamiento\/author\/alcalde\/"}]}},"_links":{"self":[{"href":"https:\/\/www.caudete.org\/ayuntamiento\/wp-json\/wp\/v2\/posts\/19576","targetHints":{"allow":["GET"]}}],"collection":[{"href":"https:\/\/www.caudete.org\/ayuntamiento\/wp-json\/wp\/v2\/posts"}],"about":[{"href":"https:\/\/www.caudete.org\/ayuntamiento\/wp-json\/wp\/v2\/types\/post"}],"author":[{"embeddable":true,"href":"https:\/\/www.caudete.org\/ayuntamiento\/wp-json\/wp\/v2\/users\/3"}],"replies":[{"embeddable":true,"href":"https:\/\/www.caudete.org\/ayuntamiento\/wp-json\/wp\/v2\/comments?post=19576"}],"version-history":[{"count":1,"href":"https:\/\/www.caudete.org\/ayuntamiento\/wp-json\/wp\/v2\/posts\/19576\/revisions"}],"predecessor-version":[{"id":19578,"href":"https:\/\/www.caudete.org\/ayuntamiento\/wp-json\/wp\/v2\/posts\/19576\/revisions\/19578"}],"wp:featuredmedia":[{"embeddable":true,"href":"https:\/\/www.caudete.org\/ayuntamiento\/wp-json\/wp\/v2\/media\/19577"}],"wp:attachment":[{"href":"https:\/\/www.caudete.org\/ayuntamiento\/wp-json\/wp\/v2\/media?parent=19576"}],"wp:term":[{"taxonomy":"category","embeddable":true,"href":"https:\/\/www.caudete.org\/ayuntamiento\/wp-json\/wp\/v2\/categories?post=19576"},{"taxonomy":"post_tag","embeddable":true,"href":"https:\/\/www.caudete.org\/ayuntamiento\/wp-json\/wp\/v2\/tags?post=19576"}],"curies":[{"name":"wp","href":"https:\/\/api.w.org\/{rel}","templated":true}]}}