{"id":19579,"date":"2022-07-07T18:51:21","date_gmt":"2022-07-07T16:51:21","guid":{"rendered":"https:\/\/www.caudete.org\/ayuntamiento\/?p=19579"},"modified":"2022-07-07T18:51:21","modified_gmt":"2022-07-07T16:51:21","slug":"calles-que-estaran-cortadas-al-trafico-y-sin-estacionamiento-por-el-cross-antonio-amoros","status":"publish","type":"post","link":"https:\/\/www.caudete.org\/ayuntamiento\/calles-que-estaran-cortadas-al-trafico-y-sin-estacionamiento-por-el-cross-antonio-amoros\/","title":{"rendered":"Calles que estar\u00e1n cortadas al tr\u00e1fico y sin estacionamiento por el CROSS ANTONIO AMOR\u00d3S"},"content":{"rendered":"<p><img decoding=\"async\" class=\"size-medium wp-image-13833 aligncenter\" src=\"https:\/\/www.caudete.org\/ayuntamiento\/wp-content\/uploads\/2021\/04\/Policia-Local-web-300x131.jpg\" alt=\"\" width=\"300\" height=\"131\" srcset=\"https:\/\/www.caudete.org\/ayuntamiento\/wp-content\/uploads\/2021\/04\/Policia-Local-web-300x131.jpg 300w, https:\/\/www.caudete.org\/ayuntamiento\/wp-content\/uploads\/2021\/04\/Policia-Local-web-768x336.jpg 768w, https:\/\/www.caudete.org\/ayuntamiento\/wp-content\/uploads\/2021\/04\/Policia-Local-web-411x180.jpg 411w, https:\/\/www.caudete.org\/ayuntamiento\/wp-content\/uploads\/2021\/04\/Policia-Local-web.jpg 864w\" sizes=\"(max-width: 300px) 100vw, 300px\" \/><\/p>\n<p style=\"text-align: justify;\"><span style=\"font-family: georgia, palatino, serif;\">La Polic\u00eda Local\u200b recuerda que con motivo de la celebraci\u00f3n del XL Cross Atleta Antonio Amor\u00f3s 2022, el pr\u00f3ximo s\u00e1bado 9 de julio a partir de las 14:00 horas estar\u00e1 prohibido el estacionamiento en las siguientes calles:\u00a0Avda Miguel Angel Blanco, Calle Echegaray, Calle Alcalde Luis Pascual, Calle Jos\u00e9 Ruiz Ruiz, Avda Virgen de Gracia, Calle La Abad\u00eda, Calle Maestro Serrano, Calle del Mercado, Calle Fray El\u00edas Requena, Avda Juan Carlos I y Calle Atleta Antonio Amor\u00f3s.\u200b<\/p>\n<p>La Polic\u00eda Local de Caudete les agradece su colaboraci\u00f3n.<\/span><\/p>\n<p><img decoding=\"async\" class=\"size-medium wp-image-19580 aligncenter\" src=\"https:\/\/www.caudete.org\/ayuntamiento\/wp-content\/uploads\/2022\/07\/FLAYER-CARA-A-143x300.jpg\" alt=\"\" width=\"143\" height=\"300\" srcset=\"https:\/\/www.caudete.org\/ayuntamiento\/wp-content\/uploads\/2022\/07\/FLAYER-CARA-A-143x300.jpg 143w, https:\/\/www.caudete.org\/ayuntamiento\/wp-content\/uploads\/2022\/07\/FLAYER-CARA-A-488x1024.jpg 488w, https:\/\/www.caudete.org\/ayuntamiento\/wp-content\/uploads\/2022\/07\/FLAYER-CARA-A-732x1536.jpg 732w, https:\/\/www.caudete.org\/ayuntamiento\/wp-content\/uploads\/2022\/07\/FLAYER-CARA-A.jpg 762w\" sizes=\"(max-width: 143px) 100vw, 143px\" \/><\/p>\n","protected":false},"excerpt":{"rendered":"<p>La Polic\u00eda Local\u200b recuerda que con motivo de la celebraci\u00f3n del XL Cross Atleta Antonio Amor\u00f3s 2022, el pr\u00f3ximo s\u00e1bado 9 de julio a partir de las 14:00 horas estar\u00e1 prohibido el estacionamiento en las siguientes calles:\u00a0Avda Miguel Angel Blanco, Calle Echegaray, Calle Alcalde Luis Pascual, Calle Jos\u00e9 Ruiz Ruiz, Avda Virgen de Gracia, Calle &hellip;<\/p>\n","protected":false},"author":3,"featured_media":19581,"comment_status":"closed","ping_status":"open","sticky":false,"template":"","format":"standard","meta":{"ngg_post_thumbnail":0,"footnotes":""},"categories":[35],"tags":[],"class_list":["post-19579","post","type-post","status-publish","format-standard","has-post-thumbnail","hentry","category-policia-local"],"yoast_head":"<!-- This site is optimized with the Yoast SEO plugin v27.5 - https:\/\/yoast.com\/product\/yoast-seo-wordpress\/ -->\n<title>Calles que estar\u00e1n cortadas al tr\u00e1fico y sin estacionamiento por el CROSS ANTONIO AMOR\u00d3S - MI Ayuntamiento de Caudete<\/title>\n<meta name=\"description\" content=\"P\u00e1gina Oficial del Ayuntamiento de Caudete (Albacete)\" \/>\n<meta name=\"robots\" content=\"index, follow, max-snippet:-1, max-image-preview:large, max-video-preview:-1\" \/>\n<link rel=\"canonical\" href=\"https:\/\/www.caudete.org\/ayuntamiento\/calles-que-estaran-cortadas-al-trafico-y-sin-estacionamiento-por-el-cross-antonio-amoros\/\" \/>\n<meta property=\"og:locale\" content=\"es_ES\" \/>\n<meta property=\"og:type\" content=\"article\" \/>\n<meta property=\"og:title\" content=\"Calles que estar\u00e1n cortadas al tr\u00e1fico y sin estacionamiento por el CROSS ANTONIO AMOR\u00d3S - MI Ayuntamiento de Caudete\" \/>\n<meta property=\"og:description\" content=\"P\u00e1gina Oficial del Ayuntamiento de Caudete (Albacete)\" \/>\n<meta property=\"og:url\" content=\"https:\/\/www.caudete.org\/ayuntamiento\/calles-que-estaran-cortadas-al-trafico-y-sin-estacionamiento-por-el-cross-antonio-amoros\/\" \/>\n<meta property=\"og:site_name\" content=\"MI Ayuntamiento de Caudete\" \/>\n<meta property=\"article:publisher\" content=\"https:\/\/www.facebook.com\/ayuntamientocaudete\/\" \/>\n<meta property=\"article:published_time\" content=\"2022-07-07T16:51:21+00:00\" \/>\n<meta property=\"og:image\" content=\"https:\/\/www.caudete.org\/ayuntamiento\/wp-content\/uploads\/2022\/07\/DSC_4722-scaled.jpg\" \/>\n\t<meta property=\"og:image:width\" content=\"2560\" \/>\n\t<meta property=\"og:image:height\" content=\"1707\" \/>\n\t<meta property=\"og:image:type\" content=\"image\/jpeg\" \/>\n<meta name=\"author\" content=\"alcalde\" \/>\n<meta name=\"twitter:card\" content=\"summary_large_image\" \/>\n<meta name=\"twitter:label1\" content=\"Escrito por\" \/>\n\t<meta name=\"twitter:data1\" content=\"alcalde\" \/>\n\t<meta name=\"twitter:label2\" content=\"Tiempo de lectura\" \/>\n\t<meta name=\"twitter:data2\" content=\"1 minuto\" \/>\n<script type=\"application\/ld+json\" class=\"yoast-schema-graph\">{\"@context\":\"https:\\\/\\\/schema.org\",\"@graph\":[{\"@type\":\"Article\",\"@id\":\"https:\\\/\\\/www.caudete.org\\\/ayuntamiento\\\/calles-que-estaran-cortadas-al-trafico-y-sin-estacionamiento-por-el-cross-antonio-amoros\\\/#article\",\"isPartOf\":{\"@id\":\"https:\\\/\\\/www.caudete.org\\\/ayuntamiento\\\/calles-que-estaran-cortadas-al-trafico-y-sin-estacionamiento-por-el-cross-antonio-amoros\\\/\"},\"author\":{\"name\":\"alcalde\",\"@id\":\"https:\\\/\\\/www.caudete.org\\\/ayuntamiento\\\/#\\\/schema\\\/person\\\/cc646da9133078ee4d8dd47457947253\"},\"headline\":\"Calles que estar\u00e1n cortadas al tr\u00e1fico y sin estacionamiento por el CROSS ANTONIO AMOR\u00d3S\",\"datePublished\":\"2022-07-07T16:51:21+00:00\",\"mainEntityOfPage\":{\"@id\":\"https:\\\/\\\/www.caudete.org\\\/ayuntamiento\\\/calles-que-estaran-cortadas-al-trafico-y-sin-estacionamiento-por-el-cross-antonio-amoros\\\/\"},\"wordCount\":110,\"image\":{\"@id\":\"https:\\\/\\\/www.caudete.org\\\/ayuntamiento\\\/calles-que-estaran-cortadas-al-trafico-y-sin-estacionamiento-por-el-cross-antonio-amoros\\\/#primaryimage\"},\"thumbnailUrl\":\"https:\\\/\\\/www.caudete.org\\\/ayuntamiento\\\/wp-content\\\/uploads\\\/2022\\\/07\\\/DSC_4722-scaled.jpg\",\"articleSection\":[\"Polic\u00eda Local\"],\"inLanguage\":\"es\"},{\"@type\":\"WebPage\",\"@id\":\"https:\\\/\\\/www.caudete.org\\\/ayuntamiento\\\/calles-que-estaran-cortadas-al-trafico-y-sin-estacionamiento-por-el-cross-antonio-amoros\\\/\",\"url\":\"https:\\\/\\\/www.caudete.org\\\/ayuntamiento\\\/calles-que-estaran-cortadas-al-trafico-y-sin-estacionamiento-por-el-cross-antonio-amoros\\\/\",\"name\":\"Calles que estar\u00e1n cortadas al tr\u00e1fico y sin estacionamiento por el CROSS ANTONIO AMOR\u00d3S - MI Ayuntamiento de Caudete\",\"isPartOf\":{\"@id\":\"https:\\\/\\\/www.caudete.org\\\/ayuntamiento\\\/#website\"},\"primaryImageOfPage\":{\"@id\":\"https:\\\/\\\/www.caudete.org\\\/ayuntamiento\\\/calles-que-estaran-cortadas-al-trafico-y-sin-estacionamiento-por-el-cross-antonio-amoros\\\/#primaryimage\"},\"image\":{\"@id\":\"https:\\\/\\\/www.caudete.org\\\/ayuntamiento\\\/calles-que-estaran-cortadas-al-trafico-y-sin-estacionamiento-por-el-cross-antonio-amoros\\\/#primaryimage\"},\"thumbnailUrl\":\"https:\\\/\\\/www.caudete.org\\\/ayuntamiento\\\/wp-content\\\/uploads\\\/2022\\\/07\\\/DSC_4722-scaled.jpg\",\"datePublished\":\"2022-07-07T16:51:21+00:00\",\"author\":{\"@id\":\"https:\\\/\\\/www.caudete.org\\\/ayuntamiento\\\/#\\\/schema\\\/person\\\/cc646da9133078ee4d8dd47457947253\"},\"description\":\"P\u00e1gina Oficial del Ayuntamiento de Caudete (Albacete)\",\"breadcrumb\":{\"@id\":\"https:\\\/\\\/www.caudete.org\\\/ayuntamiento\\\/calles-que-estaran-cortadas-al-trafico-y-sin-estacionamiento-por-el-cross-antonio-amoros\\\/#breadcrumb\"},\"inLanguage\":\"es\",\"potentialAction\":[{\"@type\":\"ReadAction\",\"target\":[\"https:\\\/\\\/www.caudete.org\\\/ayuntamiento\\\/calles-que-estaran-cortadas-al-trafico-y-sin-estacionamiento-por-el-cross-antonio-amoros\\\/\"]}]},{\"@type\":\"ImageObject\",\"inLanguage\":\"es\",\"@id\":\"https:\\\/\\\/www.caudete.org\\\/ayuntamiento\\\/calles-que-estaran-cortadas-al-trafico-y-sin-estacionamiento-por-el-cross-antonio-amoros\\\/#primaryimage\",\"url\":\"https:\\\/\\\/www.caudete.org\\\/ayuntamiento\\\/wp-content\\\/uploads\\\/2022\\\/07\\\/DSC_4722-scaled.jpg\",\"contentUrl\":\"https:\\\/\\\/www.caudete.org\\\/ayuntamiento\\\/wp-content\\\/uploads\\\/2022\\\/07\\\/DSC_4722-scaled.jpg\",\"width\":2560,\"height\":1707},{\"@type\":\"BreadcrumbList\",\"@id\":\"https:\\\/\\\/www.caudete.org\\\/ayuntamiento\\\/calles-que-estaran-cortadas-al-trafico-y-sin-estacionamiento-por-el-cross-antonio-amoros\\\/#breadcrumb\",\"itemListElement\":[{\"@type\":\"ListItem\",\"position\":1,\"name\":\"Inicio\",\"item\":\"https:\\\/\\\/www.caudete.org\\\/ayuntamiento\\\/\"},{\"@type\":\"ListItem\",\"position\":2,\"name\":\"Calles que estar\u00e1n cortadas al tr\u00e1fico y sin estacionamiento por el CROSS ANTONIO AMOR\u00d3S\"}]},{\"@type\":\"WebSite\",\"@id\":\"https:\\\/\\\/www.caudete.org\\\/ayuntamiento\\\/#website\",\"url\":\"https:\\\/\\\/www.caudete.org\\\/ayuntamiento\\\/\",\"name\":\"MI Ayuntamiento de Caudete\",\"description\":\"P\u00e1gina Oficial del MI Ayuntamiento de Caudete\",\"potentialAction\":[{\"@type\":\"SearchAction\",\"target\":{\"@type\":\"EntryPoint\",\"urlTemplate\":\"https:\\\/\\\/www.caudete.org\\\/ayuntamiento\\\/?s={search_term_string}\"},\"query-input\":{\"@type\":\"PropertyValueSpecification\",\"valueRequired\":true,\"valueName\":\"search_term_string\"}}],\"inLanguage\":\"es\"},{\"@type\":\"Person\",\"@id\":\"https:\\\/\\\/www.caudete.org\\\/ayuntamiento\\\/#\\\/schema\\\/person\\\/cc646da9133078ee4d8dd47457947253\",\"name\":\"alcalde\",\"image\":{\"@type\":\"ImageObject\",\"inLanguage\":\"es\",\"@id\":\"https:\\\/\\\/secure.gravatar.com\\\/avatar\\\/84a817ba065b29ff08d666b215a215f5c79186a645ccb25b14a663d48a130f77?s=96&d=mm&r=g\",\"url\":\"https:\\\/\\\/secure.gravatar.com\\\/avatar\\\/84a817ba065b29ff08d666b215a215f5c79186a645ccb25b14a663d48a130f77?s=96&d=mm&r=g\",\"contentUrl\":\"https:\\\/\\\/secure.gravatar.com\\\/avatar\\\/84a817ba065b29ff08d666b215a215f5c79186a645ccb25b14a663d48a130f77?s=96&d=mm&r=g\",\"caption\":\"alcalde\"},\"url\":\"https:\\\/\\\/www.caudete.org\\\/ayuntamiento\\\/author\\\/alcalde\\\/\"}]}<\/script>\n<!-- \/ Yoast SEO plugin. -->","yoast_head_json":{"title":"Calles que estar\u00e1n cortadas al tr\u00e1fico y sin estacionamiento por el CROSS ANTONIO AMOR\u00d3S - MI Ayuntamiento de Caudete","description":"P\u00e1gina Oficial del Ayuntamiento de Caudete (Albacete)","robots":{"index":"index","follow":"follow","max-snippet":"max-snippet:-1","max-image-preview":"max-image-preview:large","max-video-preview":"max-video-preview:-1"},"canonical":"https:\/\/www.caudete.org\/ayuntamiento\/calles-que-estaran-cortadas-al-trafico-y-sin-estacionamiento-por-el-cross-antonio-amoros\/","og_locale":"es_ES","og_type":"article","og_title":"Calles que estar\u00e1n cortadas al tr\u00e1fico y sin estacionamiento por el CROSS ANTONIO AMOR\u00d3S - MI Ayuntamiento de Caudete","og_description":"P\u00e1gina Oficial del Ayuntamiento de Caudete (Albacete)","og_url":"https:\/\/www.caudete.org\/ayuntamiento\/calles-que-estaran-cortadas-al-trafico-y-sin-estacionamiento-por-el-cross-antonio-amoros\/","og_site_name":"MI Ayuntamiento de Caudete","article_publisher":"https:\/\/www.facebook.com\/ayuntamientocaudete\/","article_published_time":"2022-07-07T16:51:21+00:00","og_image":[{"width":2560,"height":1707,"url":"https:\/\/www.caudete.org\/ayuntamiento\/wp-content\/uploads\/2022\/07\/DSC_4722-scaled.jpg","type":"image\/jpeg"}],"author":"alcalde","twitter_card":"summary_large_image","twitter_misc":{"Escrito por":"alcalde","Tiempo de lectura":"1 minuto"},"schema":{"@context":"https:\/\/schema.org","@graph":[{"@type":"Article","@id":"https:\/\/www.caudete.org\/ayuntamiento\/calles-que-estaran-cortadas-al-trafico-y-sin-estacionamiento-por-el-cross-antonio-amoros\/#article","isPartOf":{"@id":"https:\/\/www.caudete.org\/ayuntamiento\/calles-que-estaran-cortadas-al-trafico-y-sin-estacionamiento-por-el-cross-antonio-amoros\/"},"author":{"name":"alcalde","@id":"https:\/\/www.caudete.org\/ayuntamiento\/#\/schema\/person\/cc646da9133078ee4d8dd47457947253"},"headline":"Calles que estar\u00e1n cortadas al tr\u00e1fico y sin estacionamiento por el CROSS ANTONIO AMOR\u00d3S","datePublished":"2022-07-07T16:51:21+00:00","mainEntityOfPage":{"@id":"https:\/\/www.caudete.org\/ayuntamiento\/calles-que-estaran-cortadas-al-trafico-y-sin-estacionamiento-por-el-cross-antonio-amoros\/"},"wordCount":110,"image":{"@id":"https:\/\/www.caudete.org\/ayuntamiento\/calles-que-estaran-cortadas-al-trafico-y-sin-estacionamiento-por-el-cross-antonio-amoros\/#primaryimage"},"thumbnailUrl":"https:\/\/www.caudete.org\/ayuntamiento\/wp-content\/uploads\/2022\/07\/DSC_4722-scaled.jpg","articleSection":["Polic\u00eda Local"],"inLanguage":"es"},{"@type":"WebPage","@id":"https:\/\/www.caudete.org\/ayuntamiento\/calles-que-estaran-cortadas-al-trafico-y-sin-estacionamiento-por-el-cross-antonio-amoros\/","url":"https:\/\/www.caudete.org\/ayuntamiento\/calles-que-estaran-cortadas-al-trafico-y-sin-estacionamiento-por-el-cross-antonio-amoros\/","name":"Calles que estar\u00e1n cortadas al tr\u00e1fico y sin estacionamiento por el CROSS ANTONIO AMOR\u00d3S - MI Ayuntamiento de Caudete","isPartOf":{"@id":"https:\/\/www.caudete.org\/ayuntamiento\/#website"},"primaryImageOfPage":{"@id":"https:\/\/www.caudete.org\/ayuntamiento\/calles-que-estaran-cortadas-al-trafico-y-sin-estacionamiento-por-el-cross-antonio-amoros\/#primaryimage"},"image":{"@id":"https:\/\/www.caudete.org\/ayuntamiento\/calles-que-estaran-cortadas-al-trafico-y-sin-estacionamiento-por-el-cross-antonio-amoros\/#primaryimage"},"thumbnailUrl":"https:\/\/www.caudete.org\/ayuntamiento\/wp-content\/uploads\/2022\/07\/DSC_4722-scaled.jpg","datePublished":"2022-07-07T16:51:21+00:00","author":{"@id":"https:\/\/www.caudete.org\/ayuntamiento\/#\/schema\/person\/cc646da9133078ee4d8dd47457947253"},"description":"P\u00e1gina Oficial del Ayuntamiento de Caudete (Albacete)","breadcrumb":{"@id":"https:\/\/www.caudete.org\/ayuntamiento\/calles-que-estaran-cortadas-al-trafico-y-sin-estacionamiento-por-el-cross-antonio-amoros\/#breadcrumb"},"inLanguage":"es","potentialAction":[{"@type":"ReadAction","target":["https:\/\/www.caudete.org\/ayuntamiento\/calles-que-estaran-cortadas-al-trafico-y-sin-estacionamiento-por-el-cross-antonio-amoros\/"]}]},{"@type":"ImageObject","inLanguage":"es","@id":"https:\/\/www.caudete.org\/ayuntamiento\/calles-que-estaran-cortadas-al-trafico-y-sin-estacionamiento-por-el-cross-antonio-amoros\/#primaryimage","url":"https:\/\/www.caudete.org\/ayuntamiento\/wp-content\/uploads\/2022\/07\/DSC_4722-scaled.jpg","contentUrl":"https:\/\/www.caudete.org\/ayuntamiento\/wp-content\/uploads\/2022\/07\/DSC_4722-scaled.jpg","width":2560,"height":1707},{"@type":"BreadcrumbList","@id":"https:\/\/www.caudete.org\/ayuntamiento\/calles-que-estaran-cortadas-al-trafico-y-sin-estacionamiento-por-el-cross-antonio-amoros\/#breadcrumb","itemListElement":[{"@type":"ListItem","position":1,"name":"Inicio","item":"https:\/\/www.caudete.org\/ayuntamiento\/"},{"@type":"ListItem","position":2,"name":"Calles que estar\u00e1n cortadas al tr\u00e1fico y sin estacionamiento por el CROSS ANTONIO AMOR\u00d3S"}]},{"@type":"WebSite","@id":"https:\/\/www.caudete.org\/ayuntamiento\/#website","url":"https:\/\/www.caudete.org\/ayuntamiento\/","name":"MI Ayuntamiento de Caudete","description":"P\u00e1gina Oficial del MI Ayuntamiento de Caudete","potentialAction":[{"@type":"SearchAction","target":{"@type":"EntryPoint","urlTemplate":"https:\/\/www.caudete.org\/ayuntamiento\/?s={search_term_string}"},"query-input":{"@type":"PropertyValueSpecification","valueRequired":true,"valueName":"search_term_string"}}],"inLanguage":"es"},{"@type":"Person","@id":"https:\/\/www.caudete.org\/ayuntamiento\/#\/schema\/person\/cc646da9133078ee4d8dd47457947253","name":"alcalde","image":{"@type":"ImageObject","inLanguage":"es","@id":"https:\/\/secure.gravatar.com\/avatar\/84a817ba065b29ff08d666b215a215f5c79186a645ccb25b14a663d48a130f77?s=96&d=mm&r=g","url":"https:\/\/secure.gravatar.com\/avatar\/84a817ba065b29ff08d666b215a215f5c79186a645ccb25b14a663d48a130f77?s=96&d=mm&r=g","contentUrl":"https:\/\/secure.gravatar.com\/avatar\/84a817ba065b29ff08d666b215a215f5c79186a645ccb25b14a663d48a130f77?s=96&d=mm&r=g","caption":"alcalde"},"url":"https:\/\/www.caudete.org\/ayuntamiento\/author\/alcalde\/"}]}},"_links":{"self":[{"href":"https:\/\/www.caudete.org\/ayuntamiento\/wp-json\/wp\/v2\/posts\/19579","targetHints":{"allow":["GET"]}}],"collection":[{"href":"https:\/\/www.caudete.org\/ayuntamiento\/wp-json\/wp\/v2\/posts"}],"about":[{"href":"https:\/\/www.caudete.org\/ayuntamiento\/wp-json\/wp\/v2\/types\/post"}],"author":[{"embeddable":true,"href":"https:\/\/www.caudete.org\/ayuntamiento\/wp-json\/wp\/v2\/users\/3"}],"replies":[{"embeddable":true,"href":"https:\/\/www.caudete.org\/ayuntamiento\/wp-json\/wp\/v2\/comments?post=19579"}],"version-history":[{"count":1,"href":"https:\/\/www.caudete.org\/ayuntamiento\/wp-json\/wp\/v2\/posts\/19579\/revisions"}],"predecessor-version":[{"id":19582,"href":"https:\/\/www.caudete.org\/ayuntamiento\/wp-json\/wp\/v2\/posts\/19579\/revisions\/19582"}],"wp:featuredmedia":[{"embeddable":true,"href":"https:\/\/www.caudete.org\/ayuntamiento\/wp-json\/wp\/v2\/media\/19581"}],"wp:attachment":[{"href":"https:\/\/www.caudete.org\/ayuntamiento\/wp-json\/wp\/v2\/media?parent=19579"}],"wp:term":[{"taxonomy":"category","embeddable":true,"href":"https:\/\/www.caudete.org\/ayuntamiento\/wp-json\/wp\/v2\/categories?post=19579"},{"taxonomy":"post_tag","embeddable":true,"href":"https:\/\/www.caudete.org\/ayuntamiento\/wp-json\/wp\/v2\/tags?post=19579"}],"curies":[{"name":"wp","href":"https:\/\/api.w.org\/{rel}","templated":true}]}}