{"id":19594,"date":"2022-07-09T17:11:34","date_gmt":"2022-07-09T15:11:34","guid":{"rendered":"https:\/\/www.caudete.org\/ayuntamiento\/?p=19594"},"modified":"2022-07-09T17:11:34","modified_gmt":"2022-07-09T15:11:34","slug":"el-proximo-viernes-se-celebrara-la-cena-de-gala-de-la-dama-de-honor-del-m-i-ayuntamiento","status":"publish","type":"post","link":"https:\/\/www.caudete.org\/ayuntamiento\/el-proximo-viernes-se-celebrara-la-cena-de-gala-de-la-dama-de-honor-del-m-i-ayuntamiento\/","title":{"rendered":"El pr\u00f3ximo viernes se celebrar\u00e1 la CENA DE GALA de la Dama de Honor del M.I.Ayuntamiento"},"content":{"rendered":"<p style=\"text-align: justify;\">La Concejal\u00eda de Fiestas ha organizado para el pr\u00f3ximo viernes 15 de Julio la Cena de Gala de la Dama del M.I.Ayuntamiento, en el patio de la Sede Social de la Comparsa de Mirenos a las 21:30 horas.<\/p>\n<p style=\"text-align: justify;\">El acto, que viene desarroll\u00e1ndose desde 2017, se centra en la exaltaci\u00f3n a la Dama de Honor del presente a\u00f1o, Mar\u00eda del Mar S\u00e1nchez L\u00f3pez, a la misma vez que se homenajear\u00e1 a la Dama de Honor 2019, Nerea Torres Cuenca.<\/p>\n<p style=\"text-align: justify;\">Adem\u00e1s, se realizar\u00e1n homenajes a quienes fueron Damas de Honor del Ayuntamiento hace 25 a\u00f1os, as\u00ed como por sus 50 a\u00f1os de la Comisi\u00f3n de Fiestas, Hermandad de Labradores, y Comercio e Industria.<\/p>\n<p style=\"text-align: justify;\">Estar\u00e1 presentado por qui\u00e9n ostent\u00f3 el cargo en 2018, Beatriz Serrano, y ser\u00e1 amenizado el transcurso de la velada por Awake Jazz Band.<\/p>\n<p>&nbsp;<\/p>\n<p style=\"text-align: justify;\">Las reservas se realizar\u00e1n en el propio Ayuntamiento los pr\u00f3ximos lunes, martes y mi\u00e9rcoles de 11:00 a 13:30 horas, al precio de 27&#8217;50 \u20ac<\/p>\n","protected":false},"excerpt":{"rendered":"<p>La Concejal\u00eda de Fiestas ha organizado para el pr\u00f3ximo viernes 15 de Julio la Cena de Gala de la Dama del M.I.Ayuntamiento, en el patio de la Sede Social de la Comparsa de Mirenos a las 21:30 horas. El acto, que viene desarroll\u00e1ndose desde 2017, se centra en la exaltaci\u00f3n a la Dama de Honor &hellip;<\/p>\n","protected":false},"author":3,"featured_media":19595,"comment_status":"closed","ping_status":"open","sticky":false,"template":"","format":"standard","meta":{"ngg_post_thumbnail":0,"footnotes":""},"categories":[31],"tags":[],"class_list":["post-19594","post","type-post","status-publish","format-standard","has-post-thumbnail","hentry","category-fiestas"],"yoast_head":"<!-- This site is optimized with the Yoast SEO plugin v27.5 - https:\/\/yoast.com\/product\/yoast-seo-wordpress\/ -->\n<title>El pr\u00f3ximo viernes se celebrar\u00e1 la CENA DE GALA de la Dama de Honor del M.I.Ayuntamiento - MI Ayuntamiento de Caudete<\/title>\n<meta name=\"description\" content=\"P\u00e1gina Oficial del Ayuntamiento de Caudete (Albacete)\" \/>\n<meta name=\"robots\" content=\"index, follow, max-snippet:-1, max-image-preview:large, max-video-preview:-1\" \/>\n<link rel=\"canonical\" href=\"https:\/\/www.caudete.org\/ayuntamiento\/el-proximo-viernes-se-celebrara-la-cena-de-gala-de-la-dama-de-honor-del-m-i-ayuntamiento\/\" \/>\n<meta property=\"og:locale\" content=\"es_ES\" \/>\n<meta property=\"og:type\" content=\"article\" \/>\n<meta property=\"og:title\" content=\"El pr\u00f3ximo viernes se celebrar\u00e1 la CENA DE GALA de la Dama de Honor del M.I.Ayuntamiento - MI Ayuntamiento de Caudete\" \/>\n<meta property=\"og:description\" content=\"P\u00e1gina Oficial del Ayuntamiento de Caudete (Albacete)\" \/>\n<meta property=\"og:url\" content=\"https:\/\/www.caudete.org\/ayuntamiento\/el-proximo-viernes-se-celebrara-la-cena-de-gala-de-la-dama-de-honor-del-m-i-ayuntamiento\/\" \/>\n<meta property=\"og:site_name\" content=\"MI Ayuntamiento de Caudete\" \/>\n<meta property=\"article:publisher\" content=\"https:\/\/www.facebook.com\/ayuntamientocaudete\/\" \/>\n<meta property=\"article:published_time\" content=\"2022-07-09T15:11:34+00:00\" \/>\n<meta property=\"og:image\" content=\"https:\/\/www.caudete.org\/ayuntamiento\/wp-content\/uploads\/2022\/07\/4189589958.jpg\" \/>\n\t<meta property=\"og:image:width\" content=\"898\" \/>\n\t<meta property=\"og:image:height\" content=\"600\" \/>\n\t<meta property=\"og:image:type\" content=\"image\/jpeg\" \/>\n<meta name=\"author\" content=\"alcalde\" \/>\n<meta name=\"twitter:card\" content=\"summary_large_image\" \/>\n<meta name=\"twitter:label1\" content=\"Escrito por\" \/>\n\t<meta name=\"twitter:data1\" content=\"alcalde\" \/>\n\t<meta name=\"twitter:label2\" content=\"Tiempo de lectura\" \/>\n\t<meta name=\"twitter:data2\" content=\"1 minuto\" \/>\n<script type=\"application\/ld+json\" class=\"yoast-schema-graph\">{\"@context\":\"https:\\\/\\\/schema.org\",\"@graph\":[{\"@type\":\"Article\",\"@id\":\"https:\\\/\\\/www.caudete.org\\\/ayuntamiento\\\/el-proximo-viernes-se-celebrara-la-cena-de-gala-de-la-dama-de-honor-del-m-i-ayuntamiento\\\/#article\",\"isPartOf\":{\"@id\":\"https:\\\/\\\/www.caudete.org\\\/ayuntamiento\\\/el-proximo-viernes-se-celebrara-la-cena-de-gala-de-la-dama-de-honor-del-m-i-ayuntamiento\\\/\"},\"author\":{\"name\":\"alcalde\",\"@id\":\"https:\\\/\\\/www.caudete.org\\\/ayuntamiento\\\/#\\\/schema\\\/person\\\/cc646da9133078ee4d8dd47457947253\"},\"headline\":\"El pr\u00f3ximo viernes se celebrar\u00e1 la CENA DE GALA de la Dama de Honor del M.I.Ayuntamiento\",\"datePublished\":\"2022-07-09T15:11:34+00:00\",\"mainEntityOfPage\":{\"@id\":\"https:\\\/\\\/www.caudete.org\\\/ayuntamiento\\\/el-proximo-viernes-se-celebrara-la-cena-de-gala-de-la-dama-de-honor-del-m-i-ayuntamiento\\\/\"},\"wordCount\":187,\"image\":{\"@id\":\"https:\\\/\\\/www.caudete.org\\\/ayuntamiento\\\/el-proximo-viernes-se-celebrara-la-cena-de-gala-de-la-dama-de-honor-del-m-i-ayuntamiento\\\/#primaryimage\"},\"thumbnailUrl\":\"https:\\\/\\\/www.caudete.org\\\/ayuntamiento\\\/wp-content\\\/uploads\\\/2022\\\/07\\\/4189589958.jpg\",\"articleSection\":[\"Fiestas\"],\"inLanguage\":\"es\"},{\"@type\":\"WebPage\",\"@id\":\"https:\\\/\\\/www.caudete.org\\\/ayuntamiento\\\/el-proximo-viernes-se-celebrara-la-cena-de-gala-de-la-dama-de-honor-del-m-i-ayuntamiento\\\/\",\"url\":\"https:\\\/\\\/www.caudete.org\\\/ayuntamiento\\\/el-proximo-viernes-se-celebrara-la-cena-de-gala-de-la-dama-de-honor-del-m-i-ayuntamiento\\\/\",\"name\":\"El pr\u00f3ximo viernes se celebrar\u00e1 la CENA DE GALA de la Dama de Honor del M.I.Ayuntamiento - MI Ayuntamiento de Caudete\",\"isPartOf\":{\"@id\":\"https:\\\/\\\/www.caudete.org\\\/ayuntamiento\\\/#website\"},\"primaryImageOfPage\":{\"@id\":\"https:\\\/\\\/www.caudete.org\\\/ayuntamiento\\\/el-proximo-viernes-se-celebrara-la-cena-de-gala-de-la-dama-de-honor-del-m-i-ayuntamiento\\\/#primaryimage\"},\"image\":{\"@id\":\"https:\\\/\\\/www.caudete.org\\\/ayuntamiento\\\/el-proximo-viernes-se-celebrara-la-cena-de-gala-de-la-dama-de-honor-del-m-i-ayuntamiento\\\/#primaryimage\"},\"thumbnailUrl\":\"https:\\\/\\\/www.caudete.org\\\/ayuntamiento\\\/wp-content\\\/uploads\\\/2022\\\/07\\\/4189589958.jpg\",\"datePublished\":\"2022-07-09T15:11:34+00:00\",\"author\":{\"@id\":\"https:\\\/\\\/www.caudete.org\\\/ayuntamiento\\\/#\\\/schema\\\/person\\\/cc646da9133078ee4d8dd47457947253\"},\"description\":\"P\u00e1gina Oficial del Ayuntamiento de Caudete (Albacete)\",\"breadcrumb\":{\"@id\":\"https:\\\/\\\/www.caudete.org\\\/ayuntamiento\\\/el-proximo-viernes-se-celebrara-la-cena-de-gala-de-la-dama-de-honor-del-m-i-ayuntamiento\\\/#breadcrumb\"},\"inLanguage\":\"es\",\"potentialAction\":[{\"@type\":\"ReadAction\",\"target\":[\"https:\\\/\\\/www.caudete.org\\\/ayuntamiento\\\/el-proximo-viernes-se-celebrara-la-cena-de-gala-de-la-dama-de-honor-del-m-i-ayuntamiento\\\/\"]}]},{\"@type\":\"ImageObject\",\"inLanguage\":\"es\",\"@id\":\"https:\\\/\\\/www.caudete.org\\\/ayuntamiento\\\/el-proximo-viernes-se-celebrara-la-cena-de-gala-de-la-dama-de-honor-del-m-i-ayuntamiento\\\/#primaryimage\",\"url\":\"https:\\\/\\\/www.caudete.org\\\/ayuntamiento\\\/wp-content\\\/uploads\\\/2022\\\/07\\\/4189589958.jpg\",\"contentUrl\":\"https:\\\/\\\/www.caudete.org\\\/ayuntamiento\\\/wp-content\\\/uploads\\\/2022\\\/07\\\/4189589958.jpg\",\"width\":898,\"height\":600},{\"@type\":\"BreadcrumbList\",\"@id\":\"https:\\\/\\\/www.caudete.org\\\/ayuntamiento\\\/el-proximo-viernes-se-celebrara-la-cena-de-gala-de-la-dama-de-honor-del-m-i-ayuntamiento\\\/#breadcrumb\",\"itemListElement\":[{\"@type\":\"ListItem\",\"position\":1,\"name\":\"Inicio\",\"item\":\"https:\\\/\\\/www.caudete.org\\\/ayuntamiento\\\/\"},{\"@type\":\"ListItem\",\"position\":2,\"name\":\"El pr\u00f3ximo viernes se celebrar\u00e1 la CENA DE GALA de la Dama de Honor del M.I.Ayuntamiento\"}]},{\"@type\":\"WebSite\",\"@id\":\"https:\\\/\\\/www.caudete.org\\\/ayuntamiento\\\/#website\",\"url\":\"https:\\\/\\\/www.caudete.org\\\/ayuntamiento\\\/\",\"name\":\"MI Ayuntamiento de Caudete\",\"description\":\"P\u00e1gina Oficial del MI Ayuntamiento de Caudete\",\"potentialAction\":[{\"@type\":\"SearchAction\",\"target\":{\"@type\":\"EntryPoint\",\"urlTemplate\":\"https:\\\/\\\/www.caudete.org\\\/ayuntamiento\\\/?s={search_term_string}\"},\"query-input\":{\"@type\":\"PropertyValueSpecification\",\"valueRequired\":true,\"valueName\":\"search_term_string\"}}],\"inLanguage\":\"es\"},{\"@type\":\"Person\",\"@id\":\"https:\\\/\\\/www.caudete.org\\\/ayuntamiento\\\/#\\\/schema\\\/person\\\/cc646da9133078ee4d8dd47457947253\",\"name\":\"alcalde\",\"image\":{\"@type\":\"ImageObject\",\"inLanguage\":\"es\",\"@id\":\"https:\\\/\\\/secure.gravatar.com\\\/avatar\\\/84a817ba065b29ff08d666b215a215f5c79186a645ccb25b14a663d48a130f77?s=96&d=mm&r=g\",\"url\":\"https:\\\/\\\/secure.gravatar.com\\\/avatar\\\/84a817ba065b29ff08d666b215a215f5c79186a645ccb25b14a663d48a130f77?s=96&d=mm&r=g\",\"contentUrl\":\"https:\\\/\\\/secure.gravatar.com\\\/avatar\\\/84a817ba065b29ff08d666b215a215f5c79186a645ccb25b14a663d48a130f77?s=96&d=mm&r=g\",\"caption\":\"alcalde\"},\"url\":\"https:\\\/\\\/www.caudete.org\\\/ayuntamiento\\\/author\\\/alcalde\\\/\"}]}<\/script>\n<!-- \/ Yoast SEO plugin. -->","yoast_head_json":{"title":"El pr\u00f3ximo viernes se celebrar\u00e1 la CENA DE GALA de la Dama de Honor del M.I.Ayuntamiento - MI Ayuntamiento de Caudete","description":"P\u00e1gina Oficial del Ayuntamiento de Caudete (Albacete)","robots":{"index":"index","follow":"follow","max-snippet":"max-snippet:-1","max-image-preview":"max-image-preview:large","max-video-preview":"max-video-preview:-1"},"canonical":"https:\/\/www.caudete.org\/ayuntamiento\/el-proximo-viernes-se-celebrara-la-cena-de-gala-de-la-dama-de-honor-del-m-i-ayuntamiento\/","og_locale":"es_ES","og_type":"article","og_title":"El pr\u00f3ximo viernes se celebrar\u00e1 la CENA DE GALA de la Dama de Honor del M.I.Ayuntamiento - MI Ayuntamiento de Caudete","og_description":"P\u00e1gina Oficial del Ayuntamiento de Caudete (Albacete)","og_url":"https:\/\/www.caudete.org\/ayuntamiento\/el-proximo-viernes-se-celebrara-la-cena-de-gala-de-la-dama-de-honor-del-m-i-ayuntamiento\/","og_site_name":"MI Ayuntamiento de Caudete","article_publisher":"https:\/\/www.facebook.com\/ayuntamientocaudete\/","article_published_time":"2022-07-09T15:11:34+00:00","og_image":[{"width":898,"height":600,"url":"https:\/\/www.caudete.org\/ayuntamiento\/wp-content\/uploads\/2022\/07\/4189589958.jpg","type":"image\/jpeg"}],"author":"alcalde","twitter_card":"summary_large_image","twitter_misc":{"Escrito por":"alcalde","Tiempo de lectura":"1 minuto"},"schema":{"@context":"https:\/\/schema.org","@graph":[{"@type":"Article","@id":"https:\/\/www.caudete.org\/ayuntamiento\/el-proximo-viernes-se-celebrara-la-cena-de-gala-de-la-dama-de-honor-del-m-i-ayuntamiento\/#article","isPartOf":{"@id":"https:\/\/www.caudete.org\/ayuntamiento\/el-proximo-viernes-se-celebrara-la-cena-de-gala-de-la-dama-de-honor-del-m-i-ayuntamiento\/"},"author":{"name":"alcalde","@id":"https:\/\/www.caudete.org\/ayuntamiento\/#\/schema\/person\/cc646da9133078ee4d8dd47457947253"},"headline":"El pr\u00f3ximo viernes se celebrar\u00e1 la CENA DE GALA de la Dama de Honor del M.I.Ayuntamiento","datePublished":"2022-07-09T15:11:34+00:00","mainEntityOfPage":{"@id":"https:\/\/www.caudete.org\/ayuntamiento\/el-proximo-viernes-se-celebrara-la-cena-de-gala-de-la-dama-de-honor-del-m-i-ayuntamiento\/"},"wordCount":187,"image":{"@id":"https:\/\/www.caudete.org\/ayuntamiento\/el-proximo-viernes-se-celebrara-la-cena-de-gala-de-la-dama-de-honor-del-m-i-ayuntamiento\/#primaryimage"},"thumbnailUrl":"https:\/\/www.caudete.org\/ayuntamiento\/wp-content\/uploads\/2022\/07\/4189589958.jpg","articleSection":["Fiestas"],"inLanguage":"es"},{"@type":"WebPage","@id":"https:\/\/www.caudete.org\/ayuntamiento\/el-proximo-viernes-se-celebrara-la-cena-de-gala-de-la-dama-de-honor-del-m-i-ayuntamiento\/","url":"https:\/\/www.caudete.org\/ayuntamiento\/el-proximo-viernes-se-celebrara-la-cena-de-gala-de-la-dama-de-honor-del-m-i-ayuntamiento\/","name":"El pr\u00f3ximo viernes se celebrar\u00e1 la CENA DE GALA de la Dama de Honor del M.I.Ayuntamiento - MI Ayuntamiento de Caudete","isPartOf":{"@id":"https:\/\/www.caudete.org\/ayuntamiento\/#website"},"primaryImageOfPage":{"@id":"https:\/\/www.caudete.org\/ayuntamiento\/el-proximo-viernes-se-celebrara-la-cena-de-gala-de-la-dama-de-honor-del-m-i-ayuntamiento\/#primaryimage"},"image":{"@id":"https:\/\/www.caudete.org\/ayuntamiento\/el-proximo-viernes-se-celebrara-la-cena-de-gala-de-la-dama-de-honor-del-m-i-ayuntamiento\/#primaryimage"},"thumbnailUrl":"https:\/\/www.caudete.org\/ayuntamiento\/wp-content\/uploads\/2022\/07\/4189589958.jpg","datePublished":"2022-07-09T15:11:34+00:00","author":{"@id":"https:\/\/www.caudete.org\/ayuntamiento\/#\/schema\/person\/cc646da9133078ee4d8dd47457947253"},"description":"P\u00e1gina Oficial del Ayuntamiento de Caudete (Albacete)","breadcrumb":{"@id":"https:\/\/www.caudete.org\/ayuntamiento\/el-proximo-viernes-se-celebrara-la-cena-de-gala-de-la-dama-de-honor-del-m-i-ayuntamiento\/#breadcrumb"},"inLanguage":"es","potentialAction":[{"@type":"ReadAction","target":["https:\/\/www.caudete.org\/ayuntamiento\/el-proximo-viernes-se-celebrara-la-cena-de-gala-de-la-dama-de-honor-del-m-i-ayuntamiento\/"]}]},{"@type":"ImageObject","inLanguage":"es","@id":"https:\/\/www.caudete.org\/ayuntamiento\/el-proximo-viernes-se-celebrara-la-cena-de-gala-de-la-dama-de-honor-del-m-i-ayuntamiento\/#primaryimage","url":"https:\/\/www.caudete.org\/ayuntamiento\/wp-content\/uploads\/2022\/07\/4189589958.jpg","contentUrl":"https:\/\/www.caudete.org\/ayuntamiento\/wp-content\/uploads\/2022\/07\/4189589958.jpg","width":898,"height":600},{"@type":"BreadcrumbList","@id":"https:\/\/www.caudete.org\/ayuntamiento\/el-proximo-viernes-se-celebrara-la-cena-de-gala-de-la-dama-de-honor-del-m-i-ayuntamiento\/#breadcrumb","itemListElement":[{"@type":"ListItem","position":1,"name":"Inicio","item":"https:\/\/www.caudete.org\/ayuntamiento\/"},{"@type":"ListItem","position":2,"name":"El pr\u00f3ximo viernes se celebrar\u00e1 la CENA DE GALA de la Dama de Honor del M.I.Ayuntamiento"}]},{"@type":"WebSite","@id":"https:\/\/www.caudete.org\/ayuntamiento\/#website","url":"https:\/\/www.caudete.org\/ayuntamiento\/","name":"MI Ayuntamiento de Caudete","description":"P\u00e1gina Oficial del MI Ayuntamiento de Caudete","potentialAction":[{"@type":"SearchAction","target":{"@type":"EntryPoint","urlTemplate":"https:\/\/www.caudete.org\/ayuntamiento\/?s={search_term_string}"},"query-input":{"@type":"PropertyValueSpecification","valueRequired":true,"valueName":"search_term_string"}}],"inLanguage":"es"},{"@type":"Person","@id":"https:\/\/www.caudete.org\/ayuntamiento\/#\/schema\/person\/cc646da9133078ee4d8dd47457947253","name":"alcalde","image":{"@type":"ImageObject","inLanguage":"es","@id":"https:\/\/secure.gravatar.com\/avatar\/84a817ba065b29ff08d666b215a215f5c79186a645ccb25b14a663d48a130f77?s=96&d=mm&r=g","url":"https:\/\/secure.gravatar.com\/avatar\/84a817ba065b29ff08d666b215a215f5c79186a645ccb25b14a663d48a130f77?s=96&d=mm&r=g","contentUrl":"https:\/\/secure.gravatar.com\/avatar\/84a817ba065b29ff08d666b215a215f5c79186a645ccb25b14a663d48a130f77?s=96&d=mm&r=g","caption":"alcalde"},"url":"https:\/\/www.caudete.org\/ayuntamiento\/author\/alcalde\/"}]}},"_links":{"self":[{"href":"https:\/\/www.caudete.org\/ayuntamiento\/wp-json\/wp\/v2\/posts\/19594","targetHints":{"allow":["GET"]}}],"collection":[{"href":"https:\/\/www.caudete.org\/ayuntamiento\/wp-json\/wp\/v2\/posts"}],"about":[{"href":"https:\/\/www.caudete.org\/ayuntamiento\/wp-json\/wp\/v2\/types\/post"}],"author":[{"embeddable":true,"href":"https:\/\/www.caudete.org\/ayuntamiento\/wp-json\/wp\/v2\/users\/3"}],"replies":[{"embeddable":true,"href":"https:\/\/www.caudete.org\/ayuntamiento\/wp-json\/wp\/v2\/comments?post=19594"}],"version-history":[{"count":1,"href":"https:\/\/www.caudete.org\/ayuntamiento\/wp-json\/wp\/v2\/posts\/19594\/revisions"}],"predecessor-version":[{"id":19596,"href":"https:\/\/www.caudete.org\/ayuntamiento\/wp-json\/wp\/v2\/posts\/19594\/revisions\/19596"}],"wp:featuredmedia":[{"embeddable":true,"href":"https:\/\/www.caudete.org\/ayuntamiento\/wp-json\/wp\/v2\/media\/19595"}],"wp:attachment":[{"href":"https:\/\/www.caudete.org\/ayuntamiento\/wp-json\/wp\/v2\/media?parent=19594"}],"wp:term":[{"taxonomy":"category","embeddable":true,"href":"https:\/\/www.caudete.org\/ayuntamiento\/wp-json\/wp\/v2\/categories?post=19594"},{"taxonomy":"post_tag","embeddable":true,"href":"https:\/\/www.caudete.org\/ayuntamiento\/wp-json\/wp\/v2\/tags?post=19594"}],"curies":[{"name":"wp","href":"https:\/\/api.w.org\/{rel}","templated":true}]}}