{"id":19608,"date":"2022-07-11T09:00:12","date_gmt":"2022-07-11T07:00:12","guid":{"rendered":"https:\/\/www.caudete.org\/ayuntamiento\/?p=19608"},"modified":"2022-07-10T23:54:39","modified_gmt":"2022-07-10T21:54:39","slug":"aprobada-la-ordenanza-reguladora-de-limpieza-y-vallado-de-solares-y-parcelas","status":"publish","type":"post","link":"https:\/\/www.caudete.org\/ayuntamiento\/aprobada-la-ordenanza-reguladora-de-limpieza-y-vallado-de-solares-y-parcelas\/","title":{"rendered":"Aprobada la Ordenanza Reguladora de Limpieza y Vallado de solares y parcelas"},"content":{"rendered":"<p style=\"text-align: justify;\">Joaqu\u00edn Pag\u00e1n, Concejal de Medio Ambiente y Servicios ha informado que ya ha sido aprobada de forma definitiva la Ordenanza Reguladora de Limpieza y Vallados de Parcelas y Solares, que el Pleno aprob\u00f3 incialmente y por unanimidad el d\u00eda 7 de Abril, a propuesta del Gobierno Municipal.<\/p>\n<p style=\"text-align: justify;\">Pag\u00e1n ha remarcado que este texto normativo era necesario, pues el Consistorio precisaba de un marco regulador para la gesti\u00f3n municipal sobre terrenos privados con el objeto de mejorar el ornato, la prevenci\u00f3n de riesgos de incendios y de insalubridad, estableciendo un mecanismo sancionador que lejos de ser recaudatoria, est\u00e1 pensado para los titulares que omiten los requerimientos municipales.<\/p>\n<p style=\"text-align: justify;\">Igualmente, el Concejal ha informado que la parte de la Ordenanza que trata sobre el vallado de solares y parcelas, se establecido como mecanismo para conseguir el mantenimiento y ornato adecuado, no siendo una medida que se vaya a aplicar de forma extensiva, sino para casos puntuales en los que bajo criterio de los T\u00e9cnicos Municipales sea conveniente requerirlo al propietario para adem\u00e1s de lo expuesto anteriormente sirva evitar la deposici\u00f3n de cualquier tipo de residuo, o atienda a cuestiones de salubridad o seguridad.<\/p>\n<p style=\"text-align: justify;\">Tras ser aprobado el texto de forma inicial por el Pleno, se expuso al p\u00fablico en el Tabl\u00f3n de Anuncios Municipal y en el Bolet\u00edn Oficial de la Provincia. Transcurrido el plazo legal sin producirse alegaci\u00f3n alguna, el pasado 30 de Junio el Alcalde emit\u00eda Resoluci\u00f3n elevando la Ordenanza a definitiva, tomando valor a partir de la publicaci\u00f3n efectuada en el BOP n\u00ba79 de fecha 6 de Julio de 2022.<\/p>\n","protected":false},"excerpt":{"rendered":"<p>Joaqu\u00edn Pag\u00e1n, Concejal de Medio Ambiente y Servicios ha informado que ya ha sido aprobada de forma definitiva la Ordenanza Reguladora de Limpieza y Vallados de Parcelas y Solares, que el Pleno aprob\u00f3 incialmente y por unanimidad el d\u00eda 7 de Abril, a propuesta del Gobierno Municipal. Pag\u00e1n ha remarcado que este texto normativo era &hellip;<\/p>\n","protected":false},"author":3,"featured_media":19609,"comment_status":"closed","ping_status":"open","sticky":false,"template":"","format":"standard","meta":{"ngg_post_thumbnail":0,"footnotes":""},"categories":[29],"tags":[],"class_list":["post-19608","post","type-post","status-publish","format-standard","has-post-thumbnail","hentry","category-medio-ambiente"],"yoast_head":"<!-- This site is optimized with the Yoast SEO plugin v27.5 - https:\/\/yoast.com\/product\/yoast-seo-wordpress\/ -->\n<title>Aprobada la Ordenanza Reguladora de Limpieza y Vallado de solares y parcelas - MI Ayuntamiento de Caudete<\/title>\n<meta name=\"description\" content=\"P\u00e1gina Oficial del Ayuntamiento de Caudete (Albacete)\" \/>\n<meta name=\"robots\" content=\"index, follow, max-snippet:-1, max-image-preview:large, max-video-preview:-1\" \/>\n<link rel=\"canonical\" href=\"https:\/\/www.caudete.org\/ayuntamiento\/aprobada-la-ordenanza-reguladora-de-limpieza-y-vallado-de-solares-y-parcelas\/\" \/>\n<meta property=\"og:locale\" content=\"es_ES\" \/>\n<meta property=\"og:type\" content=\"article\" \/>\n<meta property=\"og:title\" content=\"Aprobada la Ordenanza Reguladora de Limpieza y Vallado de solares y parcelas - MI Ayuntamiento de Caudete\" \/>\n<meta property=\"og:description\" content=\"P\u00e1gina Oficial del Ayuntamiento de Caudete (Albacete)\" \/>\n<meta property=\"og:url\" content=\"https:\/\/www.caudete.org\/ayuntamiento\/aprobada-la-ordenanza-reguladora-de-limpieza-y-vallado-de-solares-y-parcelas\/\" \/>\n<meta property=\"og:site_name\" content=\"MI Ayuntamiento de Caudete\" \/>\n<meta property=\"article:publisher\" content=\"https:\/\/www.facebook.com\/ayuntamientocaudete\/\" \/>\n<meta property=\"article:published_time\" content=\"2022-07-11T07:00:12+00:00\" \/>\n<meta property=\"og:image\" content=\"https:\/\/www.caudete.org\/ayuntamiento\/wp-content\/uploads\/2022\/07\/Aprobacion-OR-Limpiezas-y-vallado-de-parcelas-y-solares.jpg\" \/>\n\t<meta property=\"og:image:width\" content=\"1004\" \/>\n\t<meta property=\"og:image:height\" content=\"801\" \/>\n\t<meta property=\"og:image:type\" content=\"image\/jpeg\" \/>\n<meta name=\"author\" content=\"alcalde\" \/>\n<meta name=\"twitter:card\" content=\"summary_large_image\" \/>\n<meta name=\"twitter:label1\" content=\"Escrito por\" \/>\n\t<meta name=\"twitter:data1\" content=\"alcalde\" \/>\n\t<meta name=\"twitter:label2\" content=\"Tiempo de lectura\" \/>\n\t<meta name=\"twitter:data2\" content=\"2 minutos\" \/>\n<script type=\"application\/ld+json\" class=\"yoast-schema-graph\">{\"@context\":\"https:\\\/\\\/schema.org\",\"@graph\":[{\"@type\":\"Article\",\"@id\":\"https:\\\/\\\/www.caudete.org\\\/ayuntamiento\\\/aprobada-la-ordenanza-reguladora-de-limpieza-y-vallado-de-solares-y-parcelas\\\/#article\",\"isPartOf\":{\"@id\":\"https:\\\/\\\/www.caudete.org\\\/ayuntamiento\\\/aprobada-la-ordenanza-reguladora-de-limpieza-y-vallado-de-solares-y-parcelas\\\/\"},\"author\":{\"name\":\"alcalde\",\"@id\":\"https:\\\/\\\/www.caudete.org\\\/ayuntamiento\\\/#\\\/schema\\\/person\\\/cc646da9133078ee4d8dd47457947253\"},\"headline\":\"Aprobada la Ordenanza Reguladora de Limpieza y Vallado de solares y parcelas\",\"datePublished\":\"2022-07-11T07:00:12+00:00\",\"mainEntityOfPage\":{\"@id\":\"https:\\\/\\\/www.caudete.org\\\/ayuntamiento\\\/aprobada-la-ordenanza-reguladora-de-limpieza-y-vallado-de-solares-y-parcelas\\\/\"},\"wordCount\":284,\"image\":{\"@id\":\"https:\\\/\\\/www.caudete.org\\\/ayuntamiento\\\/aprobada-la-ordenanza-reguladora-de-limpieza-y-vallado-de-solares-y-parcelas\\\/#primaryimage\"},\"thumbnailUrl\":\"https:\\\/\\\/www.caudete.org\\\/ayuntamiento\\\/wp-content\\\/uploads\\\/2022\\\/07\\\/Aprobacion-OR-Limpiezas-y-vallado-de-parcelas-y-solares.jpg\",\"articleSection\":[\"Medio Ambiente\"],\"inLanguage\":\"es\"},{\"@type\":\"WebPage\",\"@id\":\"https:\\\/\\\/www.caudete.org\\\/ayuntamiento\\\/aprobada-la-ordenanza-reguladora-de-limpieza-y-vallado-de-solares-y-parcelas\\\/\",\"url\":\"https:\\\/\\\/www.caudete.org\\\/ayuntamiento\\\/aprobada-la-ordenanza-reguladora-de-limpieza-y-vallado-de-solares-y-parcelas\\\/\",\"name\":\"Aprobada la Ordenanza Reguladora de Limpieza y Vallado de solares y parcelas - MI Ayuntamiento de Caudete\",\"isPartOf\":{\"@id\":\"https:\\\/\\\/www.caudete.org\\\/ayuntamiento\\\/#website\"},\"primaryImageOfPage\":{\"@id\":\"https:\\\/\\\/www.caudete.org\\\/ayuntamiento\\\/aprobada-la-ordenanza-reguladora-de-limpieza-y-vallado-de-solares-y-parcelas\\\/#primaryimage\"},\"image\":{\"@id\":\"https:\\\/\\\/www.caudete.org\\\/ayuntamiento\\\/aprobada-la-ordenanza-reguladora-de-limpieza-y-vallado-de-solares-y-parcelas\\\/#primaryimage\"},\"thumbnailUrl\":\"https:\\\/\\\/www.caudete.org\\\/ayuntamiento\\\/wp-content\\\/uploads\\\/2022\\\/07\\\/Aprobacion-OR-Limpiezas-y-vallado-de-parcelas-y-solares.jpg\",\"datePublished\":\"2022-07-11T07:00:12+00:00\",\"author\":{\"@id\":\"https:\\\/\\\/www.caudete.org\\\/ayuntamiento\\\/#\\\/schema\\\/person\\\/cc646da9133078ee4d8dd47457947253\"},\"description\":\"P\u00e1gina Oficial del Ayuntamiento de Caudete (Albacete)\",\"breadcrumb\":{\"@id\":\"https:\\\/\\\/www.caudete.org\\\/ayuntamiento\\\/aprobada-la-ordenanza-reguladora-de-limpieza-y-vallado-de-solares-y-parcelas\\\/#breadcrumb\"},\"inLanguage\":\"es\",\"potentialAction\":[{\"@type\":\"ReadAction\",\"target\":[\"https:\\\/\\\/www.caudete.org\\\/ayuntamiento\\\/aprobada-la-ordenanza-reguladora-de-limpieza-y-vallado-de-solares-y-parcelas\\\/\"]}]},{\"@type\":\"ImageObject\",\"inLanguage\":\"es\",\"@id\":\"https:\\\/\\\/www.caudete.org\\\/ayuntamiento\\\/aprobada-la-ordenanza-reguladora-de-limpieza-y-vallado-de-solares-y-parcelas\\\/#primaryimage\",\"url\":\"https:\\\/\\\/www.caudete.org\\\/ayuntamiento\\\/wp-content\\\/uploads\\\/2022\\\/07\\\/Aprobacion-OR-Limpiezas-y-vallado-de-parcelas-y-solares.jpg\",\"contentUrl\":\"https:\\\/\\\/www.caudete.org\\\/ayuntamiento\\\/wp-content\\\/uploads\\\/2022\\\/07\\\/Aprobacion-OR-Limpiezas-y-vallado-de-parcelas-y-solares.jpg\",\"width\":1004,\"height\":801},{\"@type\":\"BreadcrumbList\",\"@id\":\"https:\\\/\\\/www.caudete.org\\\/ayuntamiento\\\/aprobada-la-ordenanza-reguladora-de-limpieza-y-vallado-de-solares-y-parcelas\\\/#breadcrumb\",\"itemListElement\":[{\"@type\":\"ListItem\",\"position\":1,\"name\":\"Inicio\",\"item\":\"https:\\\/\\\/www.caudete.org\\\/ayuntamiento\\\/\"},{\"@type\":\"ListItem\",\"position\":2,\"name\":\"Aprobada la Ordenanza Reguladora de Limpieza y Vallado de solares y parcelas\"}]},{\"@type\":\"WebSite\",\"@id\":\"https:\\\/\\\/www.caudete.org\\\/ayuntamiento\\\/#website\",\"url\":\"https:\\\/\\\/www.caudete.org\\\/ayuntamiento\\\/\",\"name\":\"MI Ayuntamiento de Caudete\",\"description\":\"P\u00e1gina Oficial del MI Ayuntamiento de Caudete\",\"potentialAction\":[{\"@type\":\"SearchAction\",\"target\":{\"@type\":\"EntryPoint\",\"urlTemplate\":\"https:\\\/\\\/www.caudete.org\\\/ayuntamiento\\\/?s={search_term_string}\"},\"query-input\":{\"@type\":\"PropertyValueSpecification\",\"valueRequired\":true,\"valueName\":\"search_term_string\"}}],\"inLanguage\":\"es\"},{\"@type\":\"Person\",\"@id\":\"https:\\\/\\\/www.caudete.org\\\/ayuntamiento\\\/#\\\/schema\\\/person\\\/cc646da9133078ee4d8dd47457947253\",\"name\":\"alcalde\",\"image\":{\"@type\":\"ImageObject\",\"inLanguage\":\"es\",\"@id\":\"https:\\\/\\\/secure.gravatar.com\\\/avatar\\\/84a817ba065b29ff08d666b215a215f5c79186a645ccb25b14a663d48a130f77?s=96&d=mm&r=g\",\"url\":\"https:\\\/\\\/secure.gravatar.com\\\/avatar\\\/84a817ba065b29ff08d666b215a215f5c79186a645ccb25b14a663d48a130f77?s=96&d=mm&r=g\",\"contentUrl\":\"https:\\\/\\\/secure.gravatar.com\\\/avatar\\\/84a817ba065b29ff08d666b215a215f5c79186a645ccb25b14a663d48a130f77?s=96&d=mm&r=g\",\"caption\":\"alcalde\"},\"url\":\"https:\\\/\\\/www.caudete.org\\\/ayuntamiento\\\/author\\\/alcalde\\\/\"}]}<\/script>\n<!-- \/ Yoast SEO plugin. -->","yoast_head_json":{"title":"Aprobada la Ordenanza Reguladora de Limpieza y Vallado de solares y parcelas - MI Ayuntamiento de Caudete","description":"P\u00e1gina Oficial del Ayuntamiento de Caudete (Albacete)","robots":{"index":"index","follow":"follow","max-snippet":"max-snippet:-1","max-image-preview":"max-image-preview:large","max-video-preview":"max-video-preview:-1"},"canonical":"https:\/\/www.caudete.org\/ayuntamiento\/aprobada-la-ordenanza-reguladora-de-limpieza-y-vallado-de-solares-y-parcelas\/","og_locale":"es_ES","og_type":"article","og_title":"Aprobada la Ordenanza Reguladora de Limpieza y Vallado de solares y parcelas - MI Ayuntamiento de Caudete","og_description":"P\u00e1gina Oficial del Ayuntamiento de Caudete (Albacete)","og_url":"https:\/\/www.caudete.org\/ayuntamiento\/aprobada-la-ordenanza-reguladora-de-limpieza-y-vallado-de-solares-y-parcelas\/","og_site_name":"MI Ayuntamiento de Caudete","article_publisher":"https:\/\/www.facebook.com\/ayuntamientocaudete\/","article_published_time":"2022-07-11T07:00:12+00:00","og_image":[{"width":1004,"height":801,"url":"https:\/\/www.caudete.org\/ayuntamiento\/wp-content\/uploads\/2022\/07\/Aprobacion-OR-Limpiezas-y-vallado-de-parcelas-y-solares.jpg","type":"image\/jpeg"}],"author":"alcalde","twitter_card":"summary_large_image","twitter_misc":{"Escrito por":"alcalde","Tiempo de lectura":"2 minutos"},"schema":{"@context":"https:\/\/schema.org","@graph":[{"@type":"Article","@id":"https:\/\/www.caudete.org\/ayuntamiento\/aprobada-la-ordenanza-reguladora-de-limpieza-y-vallado-de-solares-y-parcelas\/#article","isPartOf":{"@id":"https:\/\/www.caudete.org\/ayuntamiento\/aprobada-la-ordenanza-reguladora-de-limpieza-y-vallado-de-solares-y-parcelas\/"},"author":{"name":"alcalde","@id":"https:\/\/www.caudete.org\/ayuntamiento\/#\/schema\/person\/cc646da9133078ee4d8dd47457947253"},"headline":"Aprobada la Ordenanza Reguladora de Limpieza y Vallado de solares y parcelas","datePublished":"2022-07-11T07:00:12+00:00","mainEntityOfPage":{"@id":"https:\/\/www.caudete.org\/ayuntamiento\/aprobada-la-ordenanza-reguladora-de-limpieza-y-vallado-de-solares-y-parcelas\/"},"wordCount":284,"image":{"@id":"https:\/\/www.caudete.org\/ayuntamiento\/aprobada-la-ordenanza-reguladora-de-limpieza-y-vallado-de-solares-y-parcelas\/#primaryimage"},"thumbnailUrl":"https:\/\/www.caudete.org\/ayuntamiento\/wp-content\/uploads\/2022\/07\/Aprobacion-OR-Limpiezas-y-vallado-de-parcelas-y-solares.jpg","articleSection":["Medio Ambiente"],"inLanguage":"es"},{"@type":"WebPage","@id":"https:\/\/www.caudete.org\/ayuntamiento\/aprobada-la-ordenanza-reguladora-de-limpieza-y-vallado-de-solares-y-parcelas\/","url":"https:\/\/www.caudete.org\/ayuntamiento\/aprobada-la-ordenanza-reguladora-de-limpieza-y-vallado-de-solares-y-parcelas\/","name":"Aprobada la Ordenanza Reguladora de Limpieza y Vallado de solares y parcelas - MI Ayuntamiento de Caudete","isPartOf":{"@id":"https:\/\/www.caudete.org\/ayuntamiento\/#website"},"primaryImageOfPage":{"@id":"https:\/\/www.caudete.org\/ayuntamiento\/aprobada-la-ordenanza-reguladora-de-limpieza-y-vallado-de-solares-y-parcelas\/#primaryimage"},"image":{"@id":"https:\/\/www.caudete.org\/ayuntamiento\/aprobada-la-ordenanza-reguladora-de-limpieza-y-vallado-de-solares-y-parcelas\/#primaryimage"},"thumbnailUrl":"https:\/\/www.caudete.org\/ayuntamiento\/wp-content\/uploads\/2022\/07\/Aprobacion-OR-Limpiezas-y-vallado-de-parcelas-y-solares.jpg","datePublished":"2022-07-11T07:00:12+00:00","author":{"@id":"https:\/\/www.caudete.org\/ayuntamiento\/#\/schema\/person\/cc646da9133078ee4d8dd47457947253"},"description":"P\u00e1gina Oficial del Ayuntamiento de Caudete (Albacete)","breadcrumb":{"@id":"https:\/\/www.caudete.org\/ayuntamiento\/aprobada-la-ordenanza-reguladora-de-limpieza-y-vallado-de-solares-y-parcelas\/#breadcrumb"},"inLanguage":"es","potentialAction":[{"@type":"ReadAction","target":["https:\/\/www.caudete.org\/ayuntamiento\/aprobada-la-ordenanza-reguladora-de-limpieza-y-vallado-de-solares-y-parcelas\/"]}]},{"@type":"ImageObject","inLanguage":"es","@id":"https:\/\/www.caudete.org\/ayuntamiento\/aprobada-la-ordenanza-reguladora-de-limpieza-y-vallado-de-solares-y-parcelas\/#primaryimage","url":"https:\/\/www.caudete.org\/ayuntamiento\/wp-content\/uploads\/2022\/07\/Aprobacion-OR-Limpiezas-y-vallado-de-parcelas-y-solares.jpg","contentUrl":"https:\/\/www.caudete.org\/ayuntamiento\/wp-content\/uploads\/2022\/07\/Aprobacion-OR-Limpiezas-y-vallado-de-parcelas-y-solares.jpg","width":1004,"height":801},{"@type":"BreadcrumbList","@id":"https:\/\/www.caudete.org\/ayuntamiento\/aprobada-la-ordenanza-reguladora-de-limpieza-y-vallado-de-solares-y-parcelas\/#breadcrumb","itemListElement":[{"@type":"ListItem","position":1,"name":"Inicio","item":"https:\/\/www.caudete.org\/ayuntamiento\/"},{"@type":"ListItem","position":2,"name":"Aprobada la Ordenanza Reguladora de Limpieza y Vallado de solares y parcelas"}]},{"@type":"WebSite","@id":"https:\/\/www.caudete.org\/ayuntamiento\/#website","url":"https:\/\/www.caudete.org\/ayuntamiento\/","name":"MI Ayuntamiento de Caudete","description":"P\u00e1gina Oficial del MI Ayuntamiento de Caudete","potentialAction":[{"@type":"SearchAction","target":{"@type":"EntryPoint","urlTemplate":"https:\/\/www.caudete.org\/ayuntamiento\/?s={search_term_string}"},"query-input":{"@type":"PropertyValueSpecification","valueRequired":true,"valueName":"search_term_string"}}],"inLanguage":"es"},{"@type":"Person","@id":"https:\/\/www.caudete.org\/ayuntamiento\/#\/schema\/person\/cc646da9133078ee4d8dd47457947253","name":"alcalde","image":{"@type":"ImageObject","inLanguage":"es","@id":"https:\/\/secure.gravatar.com\/avatar\/84a817ba065b29ff08d666b215a215f5c79186a645ccb25b14a663d48a130f77?s=96&d=mm&r=g","url":"https:\/\/secure.gravatar.com\/avatar\/84a817ba065b29ff08d666b215a215f5c79186a645ccb25b14a663d48a130f77?s=96&d=mm&r=g","contentUrl":"https:\/\/secure.gravatar.com\/avatar\/84a817ba065b29ff08d666b215a215f5c79186a645ccb25b14a663d48a130f77?s=96&d=mm&r=g","caption":"alcalde"},"url":"https:\/\/www.caudete.org\/ayuntamiento\/author\/alcalde\/"}]}},"_links":{"self":[{"href":"https:\/\/www.caudete.org\/ayuntamiento\/wp-json\/wp\/v2\/posts\/19608","targetHints":{"allow":["GET"]}}],"collection":[{"href":"https:\/\/www.caudete.org\/ayuntamiento\/wp-json\/wp\/v2\/posts"}],"about":[{"href":"https:\/\/www.caudete.org\/ayuntamiento\/wp-json\/wp\/v2\/types\/post"}],"author":[{"embeddable":true,"href":"https:\/\/www.caudete.org\/ayuntamiento\/wp-json\/wp\/v2\/users\/3"}],"replies":[{"embeddable":true,"href":"https:\/\/www.caudete.org\/ayuntamiento\/wp-json\/wp\/v2\/comments?post=19608"}],"version-history":[{"count":1,"href":"https:\/\/www.caudete.org\/ayuntamiento\/wp-json\/wp\/v2\/posts\/19608\/revisions"}],"predecessor-version":[{"id":19610,"href":"https:\/\/www.caudete.org\/ayuntamiento\/wp-json\/wp\/v2\/posts\/19608\/revisions\/19610"}],"wp:featuredmedia":[{"embeddable":true,"href":"https:\/\/www.caudete.org\/ayuntamiento\/wp-json\/wp\/v2\/media\/19609"}],"wp:attachment":[{"href":"https:\/\/www.caudete.org\/ayuntamiento\/wp-json\/wp\/v2\/media?parent=19608"}],"wp:term":[{"taxonomy":"category","embeddable":true,"href":"https:\/\/www.caudete.org\/ayuntamiento\/wp-json\/wp\/v2\/categories?post=19608"},{"taxonomy":"post_tag","embeddable":true,"href":"https:\/\/www.caudete.org\/ayuntamiento\/wp-json\/wp\/v2\/tags?post=19608"}],"curies":[{"name":"wp","href":"https:\/\/api.w.org\/{rel}","templated":true}]}}