{"id":19611,"date":"2022-07-11T13:30:47","date_gmt":"2022-07-11T11:30:47","guid":{"rendered":"https:\/\/www.caudete.org\/ayuntamiento\/?p=19611"},"modified":"2022-07-11T00:30:12","modified_gmt":"2022-07-10T22:30:12","slug":"salen-a-licitacion-las-obras-de-rehabilitacion-y-revitalizacion-del-mercado-de-abastos","status":"publish","type":"post","link":"https:\/\/www.caudete.org\/ayuntamiento\/salen-a-licitacion-las-obras-de-rehabilitacion-y-revitalizacion-del-mercado-de-abastos\/","title":{"rendered":"Salen a licitaci\u00f3n las Obras de Rehabilitaci\u00f3n y Revitalizaci\u00f3n del MERCADO DE ABASTOS"},"content":{"rendered":"<p><img decoding=\"async\" class=\"size-medium wp-image-19612 aligncenter\" src=\"https:\/\/www.caudete.org\/ayuntamiento\/wp-content\/uploads\/2022\/07\/logo-mercado-300x165.jpg\" alt=\"\" width=\"300\" height=\"165\" srcset=\"https:\/\/www.caudete.org\/ayuntamiento\/wp-content\/uploads\/2022\/07\/logo-mercado-300x165.jpg 300w, https:\/\/www.caudete.org\/ayuntamiento\/wp-content\/uploads\/2022\/07\/logo-mercado-1024x564.jpg 1024w, https:\/\/www.caudete.org\/ayuntamiento\/wp-content\/uploads\/2022\/07\/logo-mercado-768x423.jpg 768w, https:\/\/www.caudete.org\/ayuntamiento\/wp-content\/uploads\/2022\/07\/logo-mercado.jpg 1264w\" sizes=\"(max-width: 300px) 100vw, 300px\" \/><\/p>\n<p>Los Concejales de Obras y Comercio, Marian Ballester y Diego Cuenca, daban a conocer la licitaci\u00f3n de las Obras que permitir\u00e1n rehabilitar y revitalizar el Mercado de Abastos, uno de los proyectos clave que el Gobierno Municipal se comprometi\u00f3 a realizar para el presente mandato, y en el que se lleva trabajando desde desde el primer momento.<\/p>\n<p>Tras las obras efectuadas en la cubierta y estructura portante de ella, se procedi\u00f3 a la licitaci\u00f3n del proyecto de obras, que recay\u00f3 en el gabinete de arquitectura Quinquer, de la localidad, quien se ha encargado de definir cada mil\u00edmetro c\u00fabico del edifico seg\u00fan la propuesta inicial, y el criterio de los T\u00e9cnicos Municipales, ajustando el mismo a las necesidades fijadas.<\/p>\n<p><img fetchpriority=\"high\" decoding=\"async\" class=\"size-medium wp-image-16399 aligncenter\" src=\"https:\/\/www.caudete.org\/ayuntamiento\/wp-content\/uploads\/2021\/09\/WhatsApp-Image-2021-09-30-at-10.10.56-300x225.jpeg\" alt=\"\" width=\"300\" height=\"225\" srcset=\"https:\/\/www.caudete.org\/ayuntamiento\/wp-content\/uploads\/2021\/09\/WhatsApp-Image-2021-09-30-at-10.10.56-300x225.jpeg 300w, https:\/\/www.caudete.org\/ayuntamiento\/wp-content\/uploads\/2021\/09\/WhatsApp-Image-2021-09-30-at-10.10.56-1024x768.jpeg 1024w, https:\/\/www.caudete.org\/ayuntamiento\/wp-content\/uploads\/2021\/09\/WhatsApp-Image-2021-09-30-at-10.10.56-768x576.jpeg 768w, https:\/\/www.caudete.org\/ayuntamiento\/wp-content\/uploads\/2021\/09\/WhatsApp-Image-2021-09-30-at-10.10.56-1536x1153.jpeg 1536w, https:\/\/www.caudete.org\/ayuntamiento\/wp-content\/uploads\/2021\/09\/WhatsApp-Image-2021-09-30-at-10.10.56.jpeg 1599w\" sizes=\"(max-width: 300px) 100vw, 300px\" \/><\/p>\n<p>Finalmente, y tras ser aprobado el mismo por la Junta de Gobierno Local en fecha 22\/04\/2022 se procedi\u00f3 con la gesti\u00f3n administrativa para la licitaci\u00f3n de las obras, abri\u00e9ndose el periodo de presentaci\u00f3n de ofertas este mismo lunes, tras estar toda la documentaci\u00f3n expuesta en la web de la Plataforma de Contratos del Sector P\u00fablico. Hasta el pr\u00f3ximo jueves 28 de Julio las empresas interesadas podr\u00e1n presentar oferta, estando convocada la Mesa de Contrataci\u00f3n para el viernes 29.<\/p>\n<p>El plazo de las obras est\u00e1 fijado en 6 meses, aunque los licitadores podr\u00e1n ofertar una baja m\u00e1xima de hasta 50 d\u00edas naturales, lo que supondr\u00eda en la baremaci\u00f3n 20 puntos (0&#8217;4 puntos por cada d\u00eda reducido sobre el previsto).<\/p>\n<p><img decoding=\"async\" class=\"size-medium wp-image-19613 aligncenter\" src=\"https:\/\/www.caudete.org\/ayuntamiento\/wp-content\/uploads\/2022\/07\/interior-mercado-300x225.jpg\" alt=\"\" width=\"300\" height=\"225\" srcset=\"https:\/\/www.caudete.org\/ayuntamiento\/wp-content\/uploads\/2022\/07\/interior-mercado-300x225.jpg 300w, https:\/\/www.caudete.org\/ayuntamiento\/wp-content\/uploads\/2022\/07\/interior-mercado-1024x769.jpg 1024w, https:\/\/www.caudete.org\/ayuntamiento\/wp-content\/uploads\/2022\/07\/interior-mercado-768x577.jpg 768w, https:\/\/www.caudete.org\/ayuntamiento\/wp-content\/uploads\/2022\/07\/interior-mercado.jpg 1045w\" sizes=\"(max-width: 300px) 100vw, 300px\" \/><\/p>\n<p>Para el precio, fijado en 299.999&#8217;99\u20ac tendr\u00e1 el licitador la opci\u00f3n de fijar una baja, siendo para ello la m\u00e1xima puntuaci\u00f3n en la baremaci\u00f3n los 15 puntos; mientras que para las indefiniciones del proyecto se han establecido 40 puntos. Completa el baremo la ampliaci\u00f3n de garant\u00eda hasta un m\u00e1ximo de 10 a\u00f1os, y 25 puntos.<\/p>\n<p>&nbsp;<\/p>\n<p>&nbsp;<\/p>\n<p>&nbsp;<\/p>\n<p>&nbsp;<\/p>\n<p>&nbsp;<\/p>\n","protected":false},"excerpt":{"rendered":"<p>Los Concejales de Obras y Comercio, Marian Ballester y Diego Cuenca, daban a conocer la licitaci\u00f3n de las Obras que permitir\u00e1n rehabilitar y revitalizar el Mercado de Abastos, uno de los proyectos clave que el Gobierno Municipal se comprometi\u00f3 a realizar para el presente mandato, y en el que se lleva trabajando desde desde el &hellip;<\/p>\n","protected":false},"author":3,"featured_media":16399,"comment_status":"closed","ping_status":"open","sticky":false,"template":"","format":"standard","meta":{"ngg_post_thumbnail":0,"footnotes":""},"categories":[675],"tags":[],"class_list":["post-19611","post","type-post","status-publish","format-standard","has-post-thumbnail","hentry","category-obras"],"yoast_head":"<!-- This site is optimized with the Yoast SEO plugin v27.5 - https:\/\/yoast.com\/product\/yoast-seo-wordpress\/ -->\n<title>Salen a licitaci\u00f3n las Obras de Rehabilitaci\u00f3n y Revitalizaci\u00f3n del MERCADO DE ABASTOS - MI Ayuntamiento de Caudete<\/title>\n<meta name=\"description\" content=\"P\u00e1gina Oficial del Ayuntamiento de Caudete (Albacete)\" \/>\n<meta name=\"robots\" content=\"index, follow, max-snippet:-1, max-image-preview:large, max-video-preview:-1\" \/>\n<link rel=\"canonical\" href=\"https:\/\/www.caudete.org\/ayuntamiento\/salen-a-licitacion-las-obras-de-rehabilitacion-y-revitalizacion-del-mercado-de-abastos\/\" \/>\n<meta property=\"og:locale\" content=\"es_ES\" \/>\n<meta property=\"og:type\" content=\"article\" \/>\n<meta property=\"og:title\" content=\"Salen a licitaci\u00f3n las Obras de Rehabilitaci\u00f3n y Revitalizaci\u00f3n del MERCADO DE ABASTOS - MI Ayuntamiento de Caudete\" \/>\n<meta property=\"og:description\" content=\"P\u00e1gina Oficial del Ayuntamiento de Caudete (Albacete)\" \/>\n<meta property=\"og:url\" content=\"https:\/\/www.caudete.org\/ayuntamiento\/salen-a-licitacion-las-obras-de-rehabilitacion-y-revitalizacion-del-mercado-de-abastos\/\" \/>\n<meta property=\"og:site_name\" content=\"MI Ayuntamiento de Caudete\" \/>\n<meta property=\"article:publisher\" content=\"https:\/\/www.facebook.com\/ayuntamientocaudete\/\" \/>\n<meta property=\"article:published_time\" content=\"2022-07-11T11:30:47+00:00\" \/>\n<meta property=\"og:image\" content=\"https:\/\/www.caudete.org\/ayuntamiento\/wp-content\/uploads\/2021\/09\/WhatsApp-Image-2021-09-30-at-10.10.56.jpeg\" \/>\n\t<meta property=\"og:image:width\" content=\"1599\" \/>\n\t<meta property=\"og:image:height\" content=\"1200\" \/>\n\t<meta property=\"og:image:type\" content=\"image\/jpeg\" \/>\n<meta name=\"author\" content=\"alcalde\" \/>\n<meta name=\"twitter:card\" content=\"summary_large_image\" \/>\n<meta name=\"twitter:label1\" content=\"Escrito por\" \/>\n\t<meta name=\"twitter:data1\" content=\"alcalde\" \/>\n\t<meta name=\"twitter:label2\" content=\"Tiempo de lectura\" \/>\n\t<meta name=\"twitter:data2\" content=\"2 minutos\" \/>\n<script type=\"application\/ld+json\" class=\"yoast-schema-graph\">{\"@context\":\"https:\\\/\\\/schema.org\",\"@graph\":[{\"@type\":\"Article\",\"@id\":\"https:\\\/\\\/www.caudete.org\\\/ayuntamiento\\\/salen-a-licitacion-las-obras-de-rehabilitacion-y-revitalizacion-del-mercado-de-abastos\\\/#article\",\"isPartOf\":{\"@id\":\"https:\\\/\\\/www.caudete.org\\\/ayuntamiento\\\/salen-a-licitacion-las-obras-de-rehabilitacion-y-revitalizacion-del-mercado-de-abastos\\\/\"},\"author\":{\"name\":\"alcalde\",\"@id\":\"https:\\\/\\\/www.caudete.org\\\/ayuntamiento\\\/#\\\/schema\\\/person\\\/cc646da9133078ee4d8dd47457947253\"},\"headline\":\"Salen a licitaci\u00f3n las Obras de Rehabilitaci\u00f3n y Revitalizaci\u00f3n del MERCADO DE ABASTOS\",\"datePublished\":\"2022-07-11T11:30:47+00:00\",\"mainEntityOfPage\":{\"@id\":\"https:\\\/\\\/www.caudete.org\\\/ayuntamiento\\\/salen-a-licitacion-las-obras-de-rehabilitacion-y-revitalizacion-del-mercado-de-abastos\\\/\"},\"wordCount\":330,\"image\":{\"@id\":\"https:\\\/\\\/www.caudete.org\\\/ayuntamiento\\\/salen-a-licitacion-las-obras-de-rehabilitacion-y-revitalizacion-del-mercado-de-abastos\\\/#primaryimage\"},\"thumbnailUrl\":\"https:\\\/\\\/www.caudete.org\\\/ayuntamiento\\\/wp-content\\\/uploads\\\/2021\\\/09\\\/WhatsApp-Image-2021-09-30-at-10.10.56.jpeg\",\"articleSection\":[\"Obras\"],\"inLanguage\":\"es\"},{\"@type\":\"WebPage\",\"@id\":\"https:\\\/\\\/www.caudete.org\\\/ayuntamiento\\\/salen-a-licitacion-las-obras-de-rehabilitacion-y-revitalizacion-del-mercado-de-abastos\\\/\",\"url\":\"https:\\\/\\\/www.caudete.org\\\/ayuntamiento\\\/salen-a-licitacion-las-obras-de-rehabilitacion-y-revitalizacion-del-mercado-de-abastos\\\/\",\"name\":\"Salen a licitaci\u00f3n las Obras de Rehabilitaci\u00f3n y Revitalizaci\u00f3n del MERCADO DE ABASTOS - MI Ayuntamiento de Caudete\",\"isPartOf\":{\"@id\":\"https:\\\/\\\/www.caudete.org\\\/ayuntamiento\\\/#website\"},\"primaryImageOfPage\":{\"@id\":\"https:\\\/\\\/www.caudete.org\\\/ayuntamiento\\\/salen-a-licitacion-las-obras-de-rehabilitacion-y-revitalizacion-del-mercado-de-abastos\\\/#primaryimage\"},\"image\":{\"@id\":\"https:\\\/\\\/www.caudete.org\\\/ayuntamiento\\\/salen-a-licitacion-las-obras-de-rehabilitacion-y-revitalizacion-del-mercado-de-abastos\\\/#primaryimage\"},\"thumbnailUrl\":\"https:\\\/\\\/www.caudete.org\\\/ayuntamiento\\\/wp-content\\\/uploads\\\/2021\\\/09\\\/WhatsApp-Image-2021-09-30-at-10.10.56.jpeg\",\"datePublished\":\"2022-07-11T11:30:47+00:00\",\"author\":{\"@id\":\"https:\\\/\\\/www.caudete.org\\\/ayuntamiento\\\/#\\\/schema\\\/person\\\/cc646da9133078ee4d8dd47457947253\"},\"description\":\"P\u00e1gina Oficial del Ayuntamiento de Caudete (Albacete)\",\"breadcrumb\":{\"@id\":\"https:\\\/\\\/www.caudete.org\\\/ayuntamiento\\\/salen-a-licitacion-las-obras-de-rehabilitacion-y-revitalizacion-del-mercado-de-abastos\\\/#breadcrumb\"},\"inLanguage\":\"es\",\"potentialAction\":[{\"@type\":\"ReadAction\",\"target\":[\"https:\\\/\\\/www.caudete.org\\\/ayuntamiento\\\/salen-a-licitacion-las-obras-de-rehabilitacion-y-revitalizacion-del-mercado-de-abastos\\\/\"]}]},{\"@type\":\"ImageObject\",\"inLanguage\":\"es\",\"@id\":\"https:\\\/\\\/www.caudete.org\\\/ayuntamiento\\\/salen-a-licitacion-las-obras-de-rehabilitacion-y-revitalizacion-del-mercado-de-abastos\\\/#primaryimage\",\"url\":\"https:\\\/\\\/www.caudete.org\\\/ayuntamiento\\\/wp-content\\\/uploads\\\/2021\\\/09\\\/WhatsApp-Image-2021-09-30-at-10.10.56.jpeg\",\"contentUrl\":\"https:\\\/\\\/www.caudete.org\\\/ayuntamiento\\\/wp-content\\\/uploads\\\/2021\\\/09\\\/WhatsApp-Image-2021-09-30-at-10.10.56.jpeg\",\"width\":1599,\"height\":1200},{\"@type\":\"BreadcrumbList\",\"@id\":\"https:\\\/\\\/www.caudete.org\\\/ayuntamiento\\\/salen-a-licitacion-las-obras-de-rehabilitacion-y-revitalizacion-del-mercado-de-abastos\\\/#breadcrumb\",\"itemListElement\":[{\"@type\":\"ListItem\",\"position\":1,\"name\":\"Inicio\",\"item\":\"https:\\\/\\\/www.caudete.org\\\/ayuntamiento\\\/\"},{\"@type\":\"ListItem\",\"position\":2,\"name\":\"Salen a licitaci\u00f3n las Obras de Rehabilitaci\u00f3n y Revitalizaci\u00f3n del MERCADO DE ABASTOS\"}]},{\"@type\":\"WebSite\",\"@id\":\"https:\\\/\\\/www.caudete.org\\\/ayuntamiento\\\/#website\",\"url\":\"https:\\\/\\\/www.caudete.org\\\/ayuntamiento\\\/\",\"name\":\"MI Ayuntamiento de Caudete\",\"description\":\"P\u00e1gina Oficial del MI Ayuntamiento de Caudete\",\"potentialAction\":[{\"@type\":\"SearchAction\",\"target\":{\"@type\":\"EntryPoint\",\"urlTemplate\":\"https:\\\/\\\/www.caudete.org\\\/ayuntamiento\\\/?s={search_term_string}\"},\"query-input\":{\"@type\":\"PropertyValueSpecification\",\"valueRequired\":true,\"valueName\":\"search_term_string\"}}],\"inLanguage\":\"es\"},{\"@type\":\"Person\",\"@id\":\"https:\\\/\\\/www.caudete.org\\\/ayuntamiento\\\/#\\\/schema\\\/person\\\/cc646da9133078ee4d8dd47457947253\",\"name\":\"alcalde\",\"image\":{\"@type\":\"ImageObject\",\"inLanguage\":\"es\",\"@id\":\"https:\\\/\\\/secure.gravatar.com\\\/avatar\\\/84a817ba065b29ff08d666b215a215f5c79186a645ccb25b14a663d48a130f77?s=96&d=mm&r=g\",\"url\":\"https:\\\/\\\/secure.gravatar.com\\\/avatar\\\/84a817ba065b29ff08d666b215a215f5c79186a645ccb25b14a663d48a130f77?s=96&d=mm&r=g\",\"contentUrl\":\"https:\\\/\\\/secure.gravatar.com\\\/avatar\\\/84a817ba065b29ff08d666b215a215f5c79186a645ccb25b14a663d48a130f77?s=96&d=mm&r=g\",\"caption\":\"alcalde\"},\"url\":\"https:\\\/\\\/www.caudete.org\\\/ayuntamiento\\\/author\\\/alcalde\\\/\"}]}<\/script>\n<!-- \/ Yoast SEO plugin. -->","yoast_head_json":{"title":"Salen a licitaci\u00f3n las Obras de Rehabilitaci\u00f3n y Revitalizaci\u00f3n del MERCADO DE ABASTOS - MI Ayuntamiento de Caudete","description":"P\u00e1gina Oficial del Ayuntamiento de Caudete (Albacete)","robots":{"index":"index","follow":"follow","max-snippet":"max-snippet:-1","max-image-preview":"max-image-preview:large","max-video-preview":"max-video-preview:-1"},"canonical":"https:\/\/www.caudete.org\/ayuntamiento\/salen-a-licitacion-las-obras-de-rehabilitacion-y-revitalizacion-del-mercado-de-abastos\/","og_locale":"es_ES","og_type":"article","og_title":"Salen a licitaci\u00f3n las Obras de Rehabilitaci\u00f3n y Revitalizaci\u00f3n del MERCADO DE ABASTOS - MI Ayuntamiento de Caudete","og_description":"P\u00e1gina Oficial del Ayuntamiento de Caudete (Albacete)","og_url":"https:\/\/www.caudete.org\/ayuntamiento\/salen-a-licitacion-las-obras-de-rehabilitacion-y-revitalizacion-del-mercado-de-abastos\/","og_site_name":"MI Ayuntamiento de Caudete","article_publisher":"https:\/\/www.facebook.com\/ayuntamientocaudete\/","article_published_time":"2022-07-11T11:30:47+00:00","og_image":[{"width":1599,"height":1200,"url":"https:\/\/www.caudete.org\/ayuntamiento\/wp-content\/uploads\/2021\/09\/WhatsApp-Image-2021-09-30-at-10.10.56.jpeg","type":"image\/jpeg"}],"author":"alcalde","twitter_card":"summary_large_image","twitter_misc":{"Escrito por":"alcalde","Tiempo de lectura":"2 minutos"},"schema":{"@context":"https:\/\/schema.org","@graph":[{"@type":"Article","@id":"https:\/\/www.caudete.org\/ayuntamiento\/salen-a-licitacion-las-obras-de-rehabilitacion-y-revitalizacion-del-mercado-de-abastos\/#article","isPartOf":{"@id":"https:\/\/www.caudete.org\/ayuntamiento\/salen-a-licitacion-las-obras-de-rehabilitacion-y-revitalizacion-del-mercado-de-abastos\/"},"author":{"name":"alcalde","@id":"https:\/\/www.caudete.org\/ayuntamiento\/#\/schema\/person\/cc646da9133078ee4d8dd47457947253"},"headline":"Salen a licitaci\u00f3n las Obras de Rehabilitaci\u00f3n y Revitalizaci\u00f3n del MERCADO DE ABASTOS","datePublished":"2022-07-11T11:30:47+00:00","mainEntityOfPage":{"@id":"https:\/\/www.caudete.org\/ayuntamiento\/salen-a-licitacion-las-obras-de-rehabilitacion-y-revitalizacion-del-mercado-de-abastos\/"},"wordCount":330,"image":{"@id":"https:\/\/www.caudete.org\/ayuntamiento\/salen-a-licitacion-las-obras-de-rehabilitacion-y-revitalizacion-del-mercado-de-abastos\/#primaryimage"},"thumbnailUrl":"https:\/\/www.caudete.org\/ayuntamiento\/wp-content\/uploads\/2021\/09\/WhatsApp-Image-2021-09-30-at-10.10.56.jpeg","articleSection":["Obras"],"inLanguage":"es"},{"@type":"WebPage","@id":"https:\/\/www.caudete.org\/ayuntamiento\/salen-a-licitacion-las-obras-de-rehabilitacion-y-revitalizacion-del-mercado-de-abastos\/","url":"https:\/\/www.caudete.org\/ayuntamiento\/salen-a-licitacion-las-obras-de-rehabilitacion-y-revitalizacion-del-mercado-de-abastos\/","name":"Salen a licitaci\u00f3n las Obras de Rehabilitaci\u00f3n y Revitalizaci\u00f3n del MERCADO DE ABASTOS - MI Ayuntamiento de Caudete","isPartOf":{"@id":"https:\/\/www.caudete.org\/ayuntamiento\/#website"},"primaryImageOfPage":{"@id":"https:\/\/www.caudete.org\/ayuntamiento\/salen-a-licitacion-las-obras-de-rehabilitacion-y-revitalizacion-del-mercado-de-abastos\/#primaryimage"},"image":{"@id":"https:\/\/www.caudete.org\/ayuntamiento\/salen-a-licitacion-las-obras-de-rehabilitacion-y-revitalizacion-del-mercado-de-abastos\/#primaryimage"},"thumbnailUrl":"https:\/\/www.caudete.org\/ayuntamiento\/wp-content\/uploads\/2021\/09\/WhatsApp-Image-2021-09-30-at-10.10.56.jpeg","datePublished":"2022-07-11T11:30:47+00:00","author":{"@id":"https:\/\/www.caudete.org\/ayuntamiento\/#\/schema\/person\/cc646da9133078ee4d8dd47457947253"},"description":"P\u00e1gina Oficial del Ayuntamiento de Caudete (Albacete)","breadcrumb":{"@id":"https:\/\/www.caudete.org\/ayuntamiento\/salen-a-licitacion-las-obras-de-rehabilitacion-y-revitalizacion-del-mercado-de-abastos\/#breadcrumb"},"inLanguage":"es","potentialAction":[{"@type":"ReadAction","target":["https:\/\/www.caudete.org\/ayuntamiento\/salen-a-licitacion-las-obras-de-rehabilitacion-y-revitalizacion-del-mercado-de-abastos\/"]}]},{"@type":"ImageObject","inLanguage":"es","@id":"https:\/\/www.caudete.org\/ayuntamiento\/salen-a-licitacion-las-obras-de-rehabilitacion-y-revitalizacion-del-mercado-de-abastos\/#primaryimage","url":"https:\/\/www.caudete.org\/ayuntamiento\/wp-content\/uploads\/2021\/09\/WhatsApp-Image-2021-09-30-at-10.10.56.jpeg","contentUrl":"https:\/\/www.caudete.org\/ayuntamiento\/wp-content\/uploads\/2021\/09\/WhatsApp-Image-2021-09-30-at-10.10.56.jpeg","width":1599,"height":1200},{"@type":"BreadcrumbList","@id":"https:\/\/www.caudete.org\/ayuntamiento\/salen-a-licitacion-las-obras-de-rehabilitacion-y-revitalizacion-del-mercado-de-abastos\/#breadcrumb","itemListElement":[{"@type":"ListItem","position":1,"name":"Inicio","item":"https:\/\/www.caudete.org\/ayuntamiento\/"},{"@type":"ListItem","position":2,"name":"Salen a licitaci\u00f3n las Obras de Rehabilitaci\u00f3n y Revitalizaci\u00f3n del MERCADO DE ABASTOS"}]},{"@type":"WebSite","@id":"https:\/\/www.caudete.org\/ayuntamiento\/#website","url":"https:\/\/www.caudete.org\/ayuntamiento\/","name":"MI Ayuntamiento de Caudete","description":"P\u00e1gina Oficial del MI Ayuntamiento de Caudete","potentialAction":[{"@type":"SearchAction","target":{"@type":"EntryPoint","urlTemplate":"https:\/\/www.caudete.org\/ayuntamiento\/?s={search_term_string}"},"query-input":{"@type":"PropertyValueSpecification","valueRequired":true,"valueName":"search_term_string"}}],"inLanguage":"es"},{"@type":"Person","@id":"https:\/\/www.caudete.org\/ayuntamiento\/#\/schema\/person\/cc646da9133078ee4d8dd47457947253","name":"alcalde","image":{"@type":"ImageObject","inLanguage":"es","@id":"https:\/\/secure.gravatar.com\/avatar\/84a817ba065b29ff08d666b215a215f5c79186a645ccb25b14a663d48a130f77?s=96&d=mm&r=g","url":"https:\/\/secure.gravatar.com\/avatar\/84a817ba065b29ff08d666b215a215f5c79186a645ccb25b14a663d48a130f77?s=96&d=mm&r=g","contentUrl":"https:\/\/secure.gravatar.com\/avatar\/84a817ba065b29ff08d666b215a215f5c79186a645ccb25b14a663d48a130f77?s=96&d=mm&r=g","caption":"alcalde"},"url":"https:\/\/www.caudete.org\/ayuntamiento\/author\/alcalde\/"}]}},"_links":{"self":[{"href":"https:\/\/www.caudete.org\/ayuntamiento\/wp-json\/wp\/v2\/posts\/19611","targetHints":{"allow":["GET"]}}],"collection":[{"href":"https:\/\/www.caudete.org\/ayuntamiento\/wp-json\/wp\/v2\/posts"}],"about":[{"href":"https:\/\/www.caudete.org\/ayuntamiento\/wp-json\/wp\/v2\/types\/post"}],"author":[{"embeddable":true,"href":"https:\/\/www.caudete.org\/ayuntamiento\/wp-json\/wp\/v2\/users\/3"}],"replies":[{"embeddable":true,"href":"https:\/\/www.caudete.org\/ayuntamiento\/wp-json\/wp\/v2\/comments?post=19611"}],"version-history":[{"count":1,"href":"https:\/\/www.caudete.org\/ayuntamiento\/wp-json\/wp\/v2\/posts\/19611\/revisions"}],"predecessor-version":[{"id":19618,"href":"https:\/\/www.caudete.org\/ayuntamiento\/wp-json\/wp\/v2\/posts\/19611\/revisions\/19618"}],"wp:featuredmedia":[{"embeddable":true,"href":"https:\/\/www.caudete.org\/ayuntamiento\/wp-json\/wp\/v2\/media\/16399"}],"wp:attachment":[{"href":"https:\/\/www.caudete.org\/ayuntamiento\/wp-json\/wp\/v2\/media?parent=19611"}],"wp:term":[{"taxonomy":"category","embeddable":true,"href":"https:\/\/www.caudete.org\/ayuntamiento\/wp-json\/wp\/v2\/categories?post=19611"},{"taxonomy":"post_tag","embeddable":true,"href":"https:\/\/www.caudete.org\/ayuntamiento\/wp-json\/wp\/v2\/tags?post=19611"}],"curies":[{"name":"wp","href":"https:\/\/api.w.org\/{rel}","templated":true}]}}