{"id":19619,"date":"2022-07-12T09:01:31","date_gmt":"2022-07-12T07:01:31","guid":{"rendered":"https:\/\/www.caudete.org\/ayuntamiento\/?p=19619"},"modified":"2022-07-11T01:01:54","modified_gmt":"2022-07-10T23:01:54","slug":"en-2022-quedara-rehabilitado-el-edificio-del-molino-de-abajo","status":"publish","type":"post","link":"https:\/\/www.caudete.org\/ayuntamiento\/en-2022-quedara-rehabilitado-el-edificio-del-molino-de-abajo\/","title":{"rendered":"En 2022 quedar\u00e1 rehabilitado el edificio del Molino de Abajo"},"content":{"rendered":"<p style=\"text-align: justify;\">Diego Cuenca, Concejal de Patrimonio, ha informado esta ma\u00f1ana de las gestiones realizadas con el Molino de Abajo que permitir\u00e1n recuperar el edificio al 100% con las obras previstas para el cuarto trimestre del a\u00f1o, con lo que si todo sale seg\u00fan lo previsto, el inmueble quedar\u00e1 rehabilitado antes de que finalice el presente a\u00f1o 2022.<\/p>\n<p style=\"text-align: justify;\">En esta ocasi\u00f3n, las obras abordan tanto la envolvente del edificio (fachadas y huecos) como el interior, con el objetivo de dejarlo completamente preparado para proyectar en \u00e9l la un espacio muse\u00edstico y did\u00e1ctico, cap\u00edtulo sobre el que se est\u00e1 ya trabajando.<\/p>\n<p style=\"text-align: justify;\">Un total de\u00a020.418&#8217;75 \u20ac son los que el Ayuntamiento de Caudete invertir\u00e1 en esta ocasi\u00f3n, para lo cual, ha presentado solicitud de subvenci\u00f3n a la Excma. Diputaci\u00f3n Provincial de Albacete por medio del programa <em>Dipualba Responde<\/em>, y que en caso de ser estimada, ser\u00e1 cofinanciada por la administraci\u00f3n provincial en un 65%, costeando las arcas municipales el 35% restante (7.146&#8217;56\u20ac).<\/p>\n<p style=\"text-align: justify;\">El programa de obras contempla la rehabilitaci\u00f3n completa de la fachada, dejando la siller\u00eda y mamposter\u00eda vista donde queda visible, y dando un acabado a la cal al resto del edificio. Se aprovechar\u00e1 la ocasi\u00f3n para colocar las ventanas y rejas en los huecos existentes. En el interior, se proceder\u00e1 a realizar una serie de remates, y a colocar un pavimento cer\u00e1mico sobre el forjado de la primera planta en la antigua zona de vivienda.<\/p>\n<p style=\"text-align: justify;\">La limpieza y pintado interior de las zonas donde se requieran estas acciones, as\u00ed como de la instalaci\u00f3n el\u00e9ctrica ser\u00e1n realizadas directamente por personal propio del Ayuntamiento.<\/p>\n<p style=\"text-align: justify;\">El Concejal remarcaba los m\u00e1s de 63.700\u20ac invertidos desde 2020 en este edificio, lo que demuestra el absoluto compromiso del Gobierno Municipal con el patrimonio hist\u00f3rico del municipio, y lo que nos obliga a ponerlo en el menor plazo de tiempo posible a disposici\u00f3n y disfrute de los caudetanos.<\/p>\n<p style=\"text-align: justify;\">Igualmente, ha destacado que para la recuperaci\u00f3n del Molino hay que agradecer a la Diputaci\u00f3n provincial su implicaci\u00f3n y apuesta por el proyecto caudetano, ya que hasta la fecha ha aportado cerca de 16.000\u20ac y si la subvenci\u00f3n del presente ejercicio fuese favorable, la cantidad ascender\u00eda hasta superar los 29.000 \u20ac, un hito considerable que ha permitido llevar a cabo el proyecto.<\/p>\n","protected":false},"excerpt":{"rendered":"<p>Diego Cuenca, Concejal de Patrimonio, ha informado esta ma\u00f1ana de las gestiones realizadas con el Molino de Abajo que permitir\u00e1n recuperar el edificio al 100% con las obras previstas para el cuarto trimestre del a\u00f1o, con lo que si todo sale seg\u00fan lo previsto, el inmueble quedar\u00e1 rehabilitado antes de que finalice el presente a\u00f1o &hellip;<\/p>\n","protected":false},"author":3,"featured_media":19620,"comment_status":"closed","ping_status":"open","sticky":false,"template":"","format":"standard","meta":{"ngg_post_thumbnail":0,"footnotes":""},"categories":[45],"tags":[],"class_list":["post-19619","post","type-post","status-publish","format-standard","has-post-thumbnail","hentry","category-patrimonio"],"yoast_head":"<!-- This site is optimized with the Yoast SEO plugin v27.5 - https:\/\/yoast.com\/product\/yoast-seo-wordpress\/ -->\n<title>En 2022 quedar\u00e1 rehabilitado el edificio del Molino de Abajo - MI Ayuntamiento de Caudete<\/title>\n<meta name=\"description\" content=\"P\u00e1gina Oficial del Ayuntamiento de Caudete (Albacete)\" \/>\n<meta name=\"robots\" content=\"index, follow, max-snippet:-1, max-image-preview:large, max-video-preview:-1\" \/>\n<link rel=\"canonical\" href=\"https:\/\/www.caudete.org\/ayuntamiento\/en-2022-quedara-rehabilitado-el-edificio-del-molino-de-abajo\/\" \/>\n<meta property=\"og:locale\" content=\"es_ES\" \/>\n<meta property=\"og:type\" content=\"article\" \/>\n<meta property=\"og:title\" content=\"En 2022 quedar\u00e1 rehabilitado el edificio del Molino de Abajo - MI Ayuntamiento de Caudete\" \/>\n<meta property=\"og:description\" content=\"P\u00e1gina Oficial del Ayuntamiento de Caudete (Albacete)\" \/>\n<meta property=\"og:url\" content=\"https:\/\/www.caudete.org\/ayuntamiento\/en-2022-quedara-rehabilitado-el-edificio-del-molino-de-abajo\/\" \/>\n<meta property=\"og:site_name\" content=\"MI Ayuntamiento de Caudete\" \/>\n<meta property=\"article:publisher\" content=\"https:\/\/www.facebook.com\/ayuntamientocaudete\/\" \/>\n<meta property=\"article:published_time\" content=\"2022-07-12T07:01:31+00:00\" \/>\n<meta property=\"og:image\" content=\"https:\/\/www.caudete.org\/ayuntamiento\/wp-content\/uploads\/2022\/07\/molino_obra_caudete_digital.jpg\" \/>\n\t<meta property=\"og:image:width\" content=\"680\" \/>\n\t<meta property=\"og:image:height\" content=\"385\" \/>\n\t<meta property=\"og:image:type\" content=\"image\/jpeg\" \/>\n<meta name=\"author\" content=\"alcalde\" \/>\n<meta name=\"twitter:card\" content=\"summary_large_image\" \/>\n<meta name=\"twitter:label1\" content=\"Escrito por\" \/>\n\t<meta name=\"twitter:data1\" content=\"alcalde\" \/>\n\t<meta name=\"twitter:label2\" content=\"Tiempo de lectura\" \/>\n\t<meta name=\"twitter:data2\" content=\"2 minutos\" \/>\n<script type=\"application\/ld+json\" class=\"yoast-schema-graph\">{\"@context\":\"https:\\\/\\\/schema.org\",\"@graph\":[{\"@type\":\"Article\",\"@id\":\"https:\\\/\\\/www.caudete.org\\\/ayuntamiento\\\/en-2022-quedara-rehabilitado-el-edificio-del-molino-de-abajo\\\/#article\",\"isPartOf\":{\"@id\":\"https:\\\/\\\/www.caudete.org\\\/ayuntamiento\\\/en-2022-quedara-rehabilitado-el-edificio-del-molino-de-abajo\\\/\"},\"author\":{\"name\":\"alcalde\",\"@id\":\"https:\\\/\\\/www.caudete.org\\\/ayuntamiento\\\/#\\\/schema\\\/person\\\/cc646da9133078ee4d8dd47457947253\"},\"headline\":\"En 2022 quedar\u00e1 rehabilitado el edificio del Molino de Abajo\",\"datePublished\":\"2022-07-12T07:01:31+00:00\",\"mainEntityOfPage\":{\"@id\":\"https:\\\/\\\/www.caudete.org\\\/ayuntamiento\\\/en-2022-quedara-rehabilitado-el-edificio-del-molino-de-abajo\\\/\"},\"wordCount\":398,\"image\":{\"@id\":\"https:\\\/\\\/www.caudete.org\\\/ayuntamiento\\\/en-2022-quedara-rehabilitado-el-edificio-del-molino-de-abajo\\\/#primaryimage\"},\"thumbnailUrl\":\"https:\\\/\\\/www.caudete.org\\\/ayuntamiento\\\/wp-content\\\/uploads\\\/2022\\\/07\\\/molino_obra_caudete_digital.jpg\",\"articleSection\":[\"Patrimonio\"],\"inLanguage\":\"es\"},{\"@type\":\"WebPage\",\"@id\":\"https:\\\/\\\/www.caudete.org\\\/ayuntamiento\\\/en-2022-quedara-rehabilitado-el-edificio-del-molino-de-abajo\\\/\",\"url\":\"https:\\\/\\\/www.caudete.org\\\/ayuntamiento\\\/en-2022-quedara-rehabilitado-el-edificio-del-molino-de-abajo\\\/\",\"name\":\"En 2022 quedar\u00e1 rehabilitado el edificio del Molino de Abajo - MI Ayuntamiento de Caudete\",\"isPartOf\":{\"@id\":\"https:\\\/\\\/www.caudete.org\\\/ayuntamiento\\\/#website\"},\"primaryImageOfPage\":{\"@id\":\"https:\\\/\\\/www.caudete.org\\\/ayuntamiento\\\/en-2022-quedara-rehabilitado-el-edificio-del-molino-de-abajo\\\/#primaryimage\"},\"image\":{\"@id\":\"https:\\\/\\\/www.caudete.org\\\/ayuntamiento\\\/en-2022-quedara-rehabilitado-el-edificio-del-molino-de-abajo\\\/#primaryimage\"},\"thumbnailUrl\":\"https:\\\/\\\/www.caudete.org\\\/ayuntamiento\\\/wp-content\\\/uploads\\\/2022\\\/07\\\/molino_obra_caudete_digital.jpg\",\"datePublished\":\"2022-07-12T07:01:31+00:00\",\"author\":{\"@id\":\"https:\\\/\\\/www.caudete.org\\\/ayuntamiento\\\/#\\\/schema\\\/person\\\/cc646da9133078ee4d8dd47457947253\"},\"description\":\"P\u00e1gina Oficial del Ayuntamiento de Caudete (Albacete)\",\"breadcrumb\":{\"@id\":\"https:\\\/\\\/www.caudete.org\\\/ayuntamiento\\\/en-2022-quedara-rehabilitado-el-edificio-del-molino-de-abajo\\\/#breadcrumb\"},\"inLanguage\":\"es\",\"potentialAction\":[{\"@type\":\"ReadAction\",\"target\":[\"https:\\\/\\\/www.caudete.org\\\/ayuntamiento\\\/en-2022-quedara-rehabilitado-el-edificio-del-molino-de-abajo\\\/\"]}]},{\"@type\":\"ImageObject\",\"inLanguage\":\"es\",\"@id\":\"https:\\\/\\\/www.caudete.org\\\/ayuntamiento\\\/en-2022-quedara-rehabilitado-el-edificio-del-molino-de-abajo\\\/#primaryimage\",\"url\":\"https:\\\/\\\/www.caudete.org\\\/ayuntamiento\\\/wp-content\\\/uploads\\\/2022\\\/07\\\/molino_obra_caudete_digital.jpg\",\"contentUrl\":\"https:\\\/\\\/www.caudete.org\\\/ayuntamiento\\\/wp-content\\\/uploads\\\/2022\\\/07\\\/molino_obra_caudete_digital.jpg\",\"width\":680,\"height\":385},{\"@type\":\"BreadcrumbList\",\"@id\":\"https:\\\/\\\/www.caudete.org\\\/ayuntamiento\\\/en-2022-quedara-rehabilitado-el-edificio-del-molino-de-abajo\\\/#breadcrumb\",\"itemListElement\":[{\"@type\":\"ListItem\",\"position\":1,\"name\":\"Inicio\",\"item\":\"https:\\\/\\\/www.caudete.org\\\/ayuntamiento\\\/\"},{\"@type\":\"ListItem\",\"position\":2,\"name\":\"En 2022 quedar\u00e1 rehabilitado el edificio del Molino de Abajo\"}]},{\"@type\":\"WebSite\",\"@id\":\"https:\\\/\\\/www.caudete.org\\\/ayuntamiento\\\/#website\",\"url\":\"https:\\\/\\\/www.caudete.org\\\/ayuntamiento\\\/\",\"name\":\"MI Ayuntamiento de Caudete\",\"description\":\"P\u00e1gina Oficial del MI Ayuntamiento de Caudete\",\"potentialAction\":[{\"@type\":\"SearchAction\",\"target\":{\"@type\":\"EntryPoint\",\"urlTemplate\":\"https:\\\/\\\/www.caudete.org\\\/ayuntamiento\\\/?s={search_term_string}\"},\"query-input\":{\"@type\":\"PropertyValueSpecification\",\"valueRequired\":true,\"valueName\":\"search_term_string\"}}],\"inLanguage\":\"es\"},{\"@type\":\"Person\",\"@id\":\"https:\\\/\\\/www.caudete.org\\\/ayuntamiento\\\/#\\\/schema\\\/person\\\/cc646da9133078ee4d8dd47457947253\",\"name\":\"alcalde\",\"image\":{\"@type\":\"ImageObject\",\"inLanguage\":\"es\",\"@id\":\"https:\\\/\\\/secure.gravatar.com\\\/avatar\\\/84a817ba065b29ff08d666b215a215f5c79186a645ccb25b14a663d48a130f77?s=96&d=mm&r=g\",\"url\":\"https:\\\/\\\/secure.gravatar.com\\\/avatar\\\/84a817ba065b29ff08d666b215a215f5c79186a645ccb25b14a663d48a130f77?s=96&d=mm&r=g\",\"contentUrl\":\"https:\\\/\\\/secure.gravatar.com\\\/avatar\\\/84a817ba065b29ff08d666b215a215f5c79186a645ccb25b14a663d48a130f77?s=96&d=mm&r=g\",\"caption\":\"alcalde\"},\"url\":\"https:\\\/\\\/www.caudete.org\\\/ayuntamiento\\\/author\\\/alcalde\\\/\"}]}<\/script>\n<!-- \/ Yoast SEO plugin. -->","yoast_head_json":{"title":"En 2022 quedar\u00e1 rehabilitado el edificio del Molino de Abajo - MI Ayuntamiento de Caudete","description":"P\u00e1gina Oficial del Ayuntamiento de Caudete (Albacete)","robots":{"index":"index","follow":"follow","max-snippet":"max-snippet:-1","max-image-preview":"max-image-preview:large","max-video-preview":"max-video-preview:-1"},"canonical":"https:\/\/www.caudete.org\/ayuntamiento\/en-2022-quedara-rehabilitado-el-edificio-del-molino-de-abajo\/","og_locale":"es_ES","og_type":"article","og_title":"En 2022 quedar\u00e1 rehabilitado el edificio del Molino de Abajo - MI Ayuntamiento de Caudete","og_description":"P\u00e1gina Oficial del Ayuntamiento de Caudete (Albacete)","og_url":"https:\/\/www.caudete.org\/ayuntamiento\/en-2022-quedara-rehabilitado-el-edificio-del-molino-de-abajo\/","og_site_name":"MI Ayuntamiento de Caudete","article_publisher":"https:\/\/www.facebook.com\/ayuntamientocaudete\/","article_published_time":"2022-07-12T07:01:31+00:00","og_image":[{"width":680,"height":385,"url":"https:\/\/www.caudete.org\/ayuntamiento\/wp-content\/uploads\/2022\/07\/molino_obra_caudete_digital.jpg","type":"image\/jpeg"}],"author":"alcalde","twitter_card":"summary_large_image","twitter_misc":{"Escrito por":"alcalde","Tiempo de lectura":"2 minutos"},"schema":{"@context":"https:\/\/schema.org","@graph":[{"@type":"Article","@id":"https:\/\/www.caudete.org\/ayuntamiento\/en-2022-quedara-rehabilitado-el-edificio-del-molino-de-abajo\/#article","isPartOf":{"@id":"https:\/\/www.caudete.org\/ayuntamiento\/en-2022-quedara-rehabilitado-el-edificio-del-molino-de-abajo\/"},"author":{"name":"alcalde","@id":"https:\/\/www.caudete.org\/ayuntamiento\/#\/schema\/person\/cc646da9133078ee4d8dd47457947253"},"headline":"En 2022 quedar\u00e1 rehabilitado el edificio del Molino de Abajo","datePublished":"2022-07-12T07:01:31+00:00","mainEntityOfPage":{"@id":"https:\/\/www.caudete.org\/ayuntamiento\/en-2022-quedara-rehabilitado-el-edificio-del-molino-de-abajo\/"},"wordCount":398,"image":{"@id":"https:\/\/www.caudete.org\/ayuntamiento\/en-2022-quedara-rehabilitado-el-edificio-del-molino-de-abajo\/#primaryimage"},"thumbnailUrl":"https:\/\/www.caudete.org\/ayuntamiento\/wp-content\/uploads\/2022\/07\/molino_obra_caudete_digital.jpg","articleSection":["Patrimonio"],"inLanguage":"es"},{"@type":"WebPage","@id":"https:\/\/www.caudete.org\/ayuntamiento\/en-2022-quedara-rehabilitado-el-edificio-del-molino-de-abajo\/","url":"https:\/\/www.caudete.org\/ayuntamiento\/en-2022-quedara-rehabilitado-el-edificio-del-molino-de-abajo\/","name":"En 2022 quedar\u00e1 rehabilitado el edificio del Molino de Abajo - MI Ayuntamiento de Caudete","isPartOf":{"@id":"https:\/\/www.caudete.org\/ayuntamiento\/#website"},"primaryImageOfPage":{"@id":"https:\/\/www.caudete.org\/ayuntamiento\/en-2022-quedara-rehabilitado-el-edificio-del-molino-de-abajo\/#primaryimage"},"image":{"@id":"https:\/\/www.caudete.org\/ayuntamiento\/en-2022-quedara-rehabilitado-el-edificio-del-molino-de-abajo\/#primaryimage"},"thumbnailUrl":"https:\/\/www.caudete.org\/ayuntamiento\/wp-content\/uploads\/2022\/07\/molino_obra_caudete_digital.jpg","datePublished":"2022-07-12T07:01:31+00:00","author":{"@id":"https:\/\/www.caudete.org\/ayuntamiento\/#\/schema\/person\/cc646da9133078ee4d8dd47457947253"},"description":"P\u00e1gina Oficial del Ayuntamiento de Caudete (Albacete)","breadcrumb":{"@id":"https:\/\/www.caudete.org\/ayuntamiento\/en-2022-quedara-rehabilitado-el-edificio-del-molino-de-abajo\/#breadcrumb"},"inLanguage":"es","potentialAction":[{"@type":"ReadAction","target":["https:\/\/www.caudete.org\/ayuntamiento\/en-2022-quedara-rehabilitado-el-edificio-del-molino-de-abajo\/"]}]},{"@type":"ImageObject","inLanguage":"es","@id":"https:\/\/www.caudete.org\/ayuntamiento\/en-2022-quedara-rehabilitado-el-edificio-del-molino-de-abajo\/#primaryimage","url":"https:\/\/www.caudete.org\/ayuntamiento\/wp-content\/uploads\/2022\/07\/molino_obra_caudete_digital.jpg","contentUrl":"https:\/\/www.caudete.org\/ayuntamiento\/wp-content\/uploads\/2022\/07\/molino_obra_caudete_digital.jpg","width":680,"height":385},{"@type":"BreadcrumbList","@id":"https:\/\/www.caudete.org\/ayuntamiento\/en-2022-quedara-rehabilitado-el-edificio-del-molino-de-abajo\/#breadcrumb","itemListElement":[{"@type":"ListItem","position":1,"name":"Inicio","item":"https:\/\/www.caudete.org\/ayuntamiento\/"},{"@type":"ListItem","position":2,"name":"En 2022 quedar\u00e1 rehabilitado el edificio del Molino de Abajo"}]},{"@type":"WebSite","@id":"https:\/\/www.caudete.org\/ayuntamiento\/#website","url":"https:\/\/www.caudete.org\/ayuntamiento\/","name":"MI Ayuntamiento de Caudete","description":"P\u00e1gina Oficial del MI Ayuntamiento de Caudete","potentialAction":[{"@type":"SearchAction","target":{"@type":"EntryPoint","urlTemplate":"https:\/\/www.caudete.org\/ayuntamiento\/?s={search_term_string}"},"query-input":{"@type":"PropertyValueSpecification","valueRequired":true,"valueName":"search_term_string"}}],"inLanguage":"es"},{"@type":"Person","@id":"https:\/\/www.caudete.org\/ayuntamiento\/#\/schema\/person\/cc646da9133078ee4d8dd47457947253","name":"alcalde","image":{"@type":"ImageObject","inLanguage":"es","@id":"https:\/\/secure.gravatar.com\/avatar\/84a817ba065b29ff08d666b215a215f5c79186a645ccb25b14a663d48a130f77?s=96&d=mm&r=g","url":"https:\/\/secure.gravatar.com\/avatar\/84a817ba065b29ff08d666b215a215f5c79186a645ccb25b14a663d48a130f77?s=96&d=mm&r=g","contentUrl":"https:\/\/secure.gravatar.com\/avatar\/84a817ba065b29ff08d666b215a215f5c79186a645ccb25b14a663d48a130f77?s=96&d=mm&r=g","caption":"alcalde"},"url":"https:\/\/www.caudete.org\/ayuntamiento\/author\/alcalde\/"}]}},"_links":{"self":[{"href":"https:\/\/www.caudete.org\/ayuntamiento\/wp-json\/wp\/v2\/posts\/19619","targetHints":{"allow":["GET"]}}],"collection":[{"href":"https:\/\/www.caudete.org\/ayuntamiento\/wp-json\/wp\/v2\/posts"}],"about":[{"href":"https:\/\/www.caudete.org\/ayuntamiento\/wp-json\/wp\/v2\/types\/post"}],"author":[{"embeddable":true,"href":"https:\/\/www.caudete.org\/ayuntamiento\/wp-json\/wp\/v2\/users\/3"}],"replies":[{"embeddable":true,"href":"https:\/\/www.caudete.org\/ayuntamiento\/wp-json\/wp\/v2\/comments?post=19619"}],"version-history":[{"count":1,"href":"https:\/\/www.caudete.org\/ayuntamiento\/wp-json\/wp\/v2\/posts\/19619\/revisions"}],"predecessor-version":[{"id":19621,"href":"https:\/\/www.caudete.org\/ayuntamiento\/wp-json\/wp\/v2\/posts\/19619\/revisions\/19621"}],"wp:featuredmedia":[{"embeddable":true,"href":"https:\/\/www.caudete.org\/ayuntamiento\/wp-json\/wp\/v2\/media\/19620"}],"wp:attachment":[{"href":"https:\/\/www.caudete.org\/ayuntamiento\/wp-json\/wp\/v2\/media?parent=19619"}],"wp:term":[{"taxonomy":"category","embeddable":true,"href":"https:\/\/www.caudete.org\/ayuntamiento\/wp-json\/wp\/v2\/categories?post=19619"},{"taxonomy":"post_tag","embeddable":true,"href":"https:\/\/www.caudete.org\/ayuntamiento\/wp-json\/wp\/v2\/tags?post=19619"}],"curies":[{"name":"wp","href":"https:\/\/api.w.org\/{rel}","templated":true}]}}