{"id":19628,"date":"2022-07-11T20:09:17","date_gmt":"2022-07-11T18:09:17","guid":{"rendered":"https:\/\/www.caudete.org\/ayuntamiento\/?p=19628"},"modified":"2022-07-11T20:09:17","modified_gmt":"2022-07-11T18:09:17","slug":"mejora-el-transito-para-peatones-en-el-acerado-de-alcalde-luis-pascual-junto-al-paseo-luis-golf-por-iniciativa-del-gobierno-local","status":"publish","type":"post","link":"https:\/\/www.caudete.org\/ayuntamiento\/mejora-el-transito-para-peatones-en-el-acerado-de-alcalde-luis-pascual-junto-al-paseo-luis-golf-por-iniciativa-del-gobierno-local\/","title":{"rendered":"Mejora el tr\u00e1nsito para peatones en el acerado de Alcalde Luis Pascual, junto al Paseo Luis Golf, por iniciativa del Gobierno Local"},"content":{"rendered":"<p style=\"text-align: justify;\">Desde la Concejal\u00eda de Movilidad y Accesibilidad Universal, su Concejal Joaqu\u00edn Pag\u00e1n informa sobre la continuidad de acciones de mejora enfocadas a conseguir la accesibilidad del peat\u00f3n.<\/p>\n<p style=\"text-align: justify;\">En esta ocasi\u00f3n se han instalado topes de estacionamiento para los aparcamientos de bater\u00eda frente al Paseo Luis Golf, ya que las dimensiones de la acera ocasionaba que el veh\u00edculo estacionado invadiera la acera dificultando el paso de los viandantes, especialmente a personas mayores con sus andadores, a carros de bebes, o sin ir m\u00e1s lejos al simple hecho de poder pasear dos personas.<\/p>\n<p style=\"text-align: justify;\">De fabricaci\u00f3n caudetana, estos elementos de goma est\u00e1n dando un resultado \u00f3ptimo en las v\u00edas donde la Concejal\u00eda a lo largo del mandato ha instalado por vez primera en la localidad. La Plaza de las Almas, la remodelada plaza de la Calle Jos\u00e9 Ruiz Ruiz, o los aparcamientos frente al Centro de Salud, son las zonas que ya se benefician de esta iniciativa del Gobierno Municipal.<\/p>\n<p style=\"text-align: justify;\">Adem\u00e1s, adelantaba que otras zonas del municipio con dicha problem\u00e1tica est\u00e1n siendo estudiadas para poder ser resueltas con la mayor brevedad.<\/p>\n<p style=\"text-align: justify;\">Tal y como expresaba el Concejal, &#8220;somos conscientes de que a Caudete en accesibilidad le queda mucho por mejorar, motivo por el que se tiene previsto volver a lanzar un proyecto de mejora de vados peatonales para este a\u00f1o, y de mayor cuant\u00eda, al quedar desierto el proyecto del pasado a\u00f1o debido al volumen de trabajo de las empresas constructoras&#8221;.<\/p>\n","protected":false},"excerpt":{"rendered":"<p>Desde la Concejal\u00eda de Movilidad y Accesibilidad Universal, su Concejal Joaqu\u00edn Pag\u00e1n informa sobre la continuidad de acciones de mejora enfocadas a conseguir la accesibilidad del peat\u00f3n. En esta ocasi\u00f3n se han instalado topes de estacionamiento para los aparcamientos de bater\u00eda frente al Paseo Luis Golf, ya que las dimensiones de la acera ocasionaba que &hellip;<\/p>\n","protected":false},"author":3,"featured_media":19629,"comment_status":"closed","ping_status":"open","sticky":false,"template":"","format":"standard","meta":{"ngg_post_thumbnail":0,"footnotes":""},"categories":[47],"tags":[],"class_list":["post-19628","post","type-post","status-publish","format-standard","has-post-thumbnail","hentry","category-accesibilidad"],"yoast_head":"<!-- This site is optimized with the Yoast SEO plugin v27.4 - https:\/\/yoast.com\/product\/yoast-seo-wordpress\/ -->\n<title>Mejora el tr\u00e1nsito para peatones en el acerado de Alcalde Luis Pascual, junto al Paseo Luis Golf, por iniciativa del Gobierno Local - MI Ayuntamiento de Caudete<\/title>\n<meta name=\"description\" content=\"P\u00e1gina Oficial del Ayuntamiento de Caudete (Albacete)\" \/>\n<meta name=\"robots\" content=\"index, follow, max-snippet:-1, max-image-preview:large, max-video-preview:-1\" \/>\n<link rel=\"canonical\" href=\"https:\/\/www.caudete.org\/ayuntamiento\/mejora-el-transito-para-peatones-en-el-acerado-de-alcalde-luis-pascual-junto-al-paseo-luis-golf-por-iniciativa-del-gobierno-local\/\" \/>\n<meta property=\"og:locale\" content=\"es_ES\" \/>\n<meta property=\"og:type\" content=\"article\" \/>\n<meta property=\"og:title\" content=\"Mejora el tr\u00e1nsito para peatones en el acerado de Alcalde Luis Pascual, junto al Paseo Luis Golf, por iniciativa del Gobierno Local - MI Ayuntamiento de Caudete\" \/>\n<meta property=\"og:description\" content=\"P\u00e1gina Oficial del Ayuntamiento de Caudete (Albacete)\" \/>\n<meta property=\"og:url\" content=\"https:\/\/www.caudete.org\/ayuntamiento\/mejora-el-transito-para-peatones-en-el-acerado-de-alcalde-luis-pascual-junto-al-paseo-luis-golf-por-iniciativa-del-gobierno-local\/\" \/>\n<meta property=\"og:site_name\" content=\"MI Ayuntamiento de Caudete\" \/>\n<meta property=\"article:publisher\" content=\"https:\/\/www.facebook.com\/ayuntamientocaudete\/\" \/>\n<meta property=\"article:published_time\" content=\"2022-07-11T18:09:17+00:00\" \/>\n<meta property=\"og:image\" content=\"https:\/\/www.caudete.org\/ayuntamiento\/wp-content\/uploads\/2022\/07\/IMG-20220707-WA0000.jpg\" \/>\n\t<meta property=\"og:image:width\" content=\"2048\" \/>\n\t<meta property=\"og:image:height\" content=\"1536\" \/>\n\t<meta property=\"og:image:type\" content=\"image\/jpeg\" \/>\n<meta name=\"author\" content=\"alcalde\" \/>\n<meta name=\"twitter:card\" content=\"summary_large_image\" \/>\n<meta name=\"twitter:label1\" content=\"Escrito por\" \/>\n\t<meta name=\"twitter:data1\" content=\"alcalde\" \/>\n\t<meta name=\"twitter:label2\" content=\"Tiempo de lectura\" \/>\n\t<meta name=\"twitter:data2\" content=\"2 minutos\" \/>\n<script type=\"application\/ld+json\" class=\"yoast-schema-graph\">{\"@context\":\"https:\\\/\\\/schema.org\",\"@graph\":[{\"@type\":\"Article\",\"@id\":\"https:\\\/\\\/www.caudete.org\\\/ayuntamiento\\\/mejora-el-transito-para-peatones-en-el-acerado-de-alcalde-luis-pascual-junto-al-paseo-luis-golf-por-iniciativa-del-gobierno-local\\\/#article\",\"isPartOf\":{\"@id\":\"https:\\\/\\\/www.caudete.org\\\/ayuntamiento\\\/mejora-el-transito-para-peatones-en-el-acerado-de-alcalde-luis-pascual-junto-al-paseo-luis-golf-por-iniciativa-del-gobierno-local\\\/\"},\"author\":{\"name\":\"alcalde\",\"@id\":\"https:\\\/\\\/www.caudete.org\\\/ayuntamiento\\\/#\\\/schema\\\/person\\\/cc646da9133078ee4d8dd47457947253\"},\"headline\":\"Mejora el tr\u00e1nsito para peatones en el acerado de Alcalde Luis Pascual, junto al Paseo Luis Golf, por iniciativa del Gobierno Local\",\"datePublished\":\"2022-07-11T18:09:17+00:00\",\"mainEntityOfPage\":{\"@id\":\"https:\\\/\\\/www.caudete.org\\\/ayuntamiento\\\/mejora-el-transito-para-peatones-en-el-acerado-de-alcalde-luis-pascual-junto-al-paseo-luis-golf-por-iniciativa-del-gobierno-local\\\/\"},\"wordCount\":279,\"publisher\":{\"@id\":\"https:\\\/\\\/www.caudete.org\\\/ayuntamiento\\\/#organization\"},\"image\":{\"@id\":\"https:\\\/\\\/www.caudete.org\\\/ayuntamiento\\\/mejora-el-transito-para-peatones-en-el-acerado-de-alcalde-luis-pascual-junto-al-paseo-luis-golf-por-iniciativa-del-gobierno-local\\\/#primaryimage\"},\"thumbnailUrl\":\"https:\\\/\\\/www.caudete.org\\\/ayuntamiento\\\/wp-content\\\/uploads\\\/2022\\\/07\\\/IMG-20220707-WA0000.jpg\",\"articleSection\":[\"Accesibilidad\"],\"inLanguage\":\"es\"},{\"@type\":\"WebPage\",\"@id\":\"https:\\\/\\\/www.caudete.org\\\/ayuntamiento\\\/mejora-el-transito-para-peatones-en-el-acerado-de-alcalde-luis-pascual-junto-al-paseo-luis-golf-por-iniciativa-del-gobierno-local\\\/\",\"url\":\"https:\\\/\\\/www.caudete.org\\\/ayuntamiento\\\/mejora-el-transito-para-peatones-en-el-acerado-de-alcalde-luis-pascual-junto-al-paseo-luis-golf-por-iniciativa-del-gobierno-local\\\/\",\"name\":\"Mejora el tr\u00e1nsito para peatones en el acerado de Alcalde Luis Pascual, junto al Paseo Luis Golf, por iniciativa del Gobierno Local - MI Ayuntamiento de Caudete\",\"isPartOf\":{\"@id\":\"https:\\\/\\\/www.caudete.org\\\/ayuntamiento\\\/#website\"},\"primaryImageOfPage\":{\"@id\":\"https:\\\/\\\/www.caudete.org\\\/ayuntamiento\\\/mejora-el-transito-para-peatones-en-el-acerado-de-alcalde-luis-pascual-junto-al-paseo-luis-golf-por-iniciativa-del-gobierno-local\\\/#primaryimage\"},\"image\":{\"@id\":\"https:\\\/\\\/www.caudete.org\\\/ayuntamiento\\\/mejora-el-transito-para-peatones-en-el-acerado-de-alcalde-luis-pascual-junto-al-paseo-luis-golf-por-iniciativa-del-gobierno-local\\\/#primaryimage\"},\"thumbnailUrl\":\"https:\\\/\\\/www.caudete.org\\\/ayuntamiento\\\/wp-content\\\/uploads\\\/2022\\\/07\\\/IMG-20220707-WA0000.jpg\",\"datePublished\":\"2022-07-11T18:09:17+00:00\",\"description\":\"P\u00e1gina Oficial del Ayuntamiento de Caudete (Albacete)\",\"breadcrumb\":{\"@id\":\"https:\\\/\\\/www.caudete.org\\\/ayuntamiento\\\/mejora-el-transito-para-peatones-en-el-acerado-de-alcalde-luis-pascual-junto-al-paseo-luis-golf-por-iniciativa-del-gobierno-local\\\/#breadcrumb\"},\"inLanguage\":\"es\",\"potentialAction\":[{\"@type\":\"ReadAction\",\"target\":[\"https:\\\/\\\/www.caudete.org\\\/ayuntamiento\\\/mejora-el-transito-para-peatones-en-el-acerado-de-alcalde-luis-pascual-junto-al-paseo-luis-golf-por-iniciativa-del-gobierno-local\\\/\"]}]},{\"@type\":\"ImageObject\",\"inLanguage\":\"es\",\"@id\":\"https:\\\/\\\/www.caudete.org\\\/ayuntamiento\\\/mejora-el-transito-para-peatones-en-el-acerado-de-alcalde-luis-pascual-junto-al-paseo-luis-golf-por-iniciativa-del-gobierno-local\\\/#primaryimage\",\"url\":\"https:\\\/\\\/www.caudete.org\\\/ayuntamiento\\\/wp-content\\\/uploads\\\/2022\\\/07\\\/IMG-20220707-WA0000.jpg\",\"contentUrl\":\"https:\\\/\\\/www.caudete.org\\\/ayuntamiento\\\/wp-content\\\/uploads\\\/2022\\\/07\\\/IMG-20220707-WA0000.jpg\",\"width\":2048,\"height\":1536},{\"@type\":\"BreadcrumbList\",\"@id\":\"https:\\\/\\\/www.caudete.org\\\/ayuntamiento\\\/mejora-el-transito-para-peatones-en-el-acerado-de-alcalde-luis-pascual-junto-al-paseo-luis-golf-por-iniciativa-del-gobierno-local\\\/#breadcrumb\",\"itemListElement\":[{\"@type\":\"ListItem\",\"position\":1,\"name\":\"Inicio\",\"item\":\"https:\\\/\\\/www.caudete.org\\\/ayuntamiento\\\/\"},{\"@type\":\"ListItem\",\"position\":2,\"name\":\"Mejora el tr\u00e1nsito para peatones en el acerado de Alcalde Luis Pascual, junto al Paseo Luis Golf, por iniciativa del Gobierno Local\"}]},{\"@type\":\"WebSite\",\"@id\":\"https:\\\/\\\/www.caudete.org\\\/ayuntamiento\\\/#website\",\"url\":\"https:\\\/\\\/www.caudete.org\\\/ayuntamiento\\\/\",\"name\":\"MI Ayuntamiento de Caudete\",\"description\":\"P\u00e1gina Oficial del MI Ayuntamiento de Caudete\",\"publisher\":{\"@id\":\"https:\\\/\\\/www.caudete.org\\\/ayuntamiento\\\/#organization\"},\"potentialAction\":[{\"@type\":\"SearchAction\",\"target\":{\"@type\":\"EntryPoint\",\"urlTemplate\":\"https:\\\/\\\/www.caudete.org\\\/ayuntamiento\\\/?s={search_term_string}\"},\"query-input\":{\"@type\":\"PropertyValueSpecification\",\"valueRequired\":true,\"valueName\":\"search_term_string\"}}],\"inLanguage\":\"es\"},{\"@type\":\"Organization\",\"@id\":\"https:\\\/\\\/www.caudete.org\\\/ayuntamiento\\\/#organization\",\"name\":\"Ayuntamiento de Caudete\",\"url\":\"https:\\\/\\\/www.caudete.org\\\/ayuntamiento\\\/\",\"logo\":{\"@type\":\"ImageObject\",\"inLanguage\":\"es\",\"@id\":\"https:\\\/\\\/www.caudete.org\\\/ayuntamiento\\\/#\\\/schema\\\/logo\\\/image\\\/\",\"url\":\"https:\\\/\\\/www.caudete.org\\\/ayuntamiento\\\/wp-content\\\/uploads\\\/2020\\\/11\\\/logo_ayuntamiento_caudete.jpg\",\"contentUrl\":\"https:\\\/\\\/www.caudete.org\\\/ayuntamiento\\\/wp-content\\\/uploads\\\/2020\\\/11\\\/logo_ayuntamiento_caudete.jpg\",\"width\":600,\"height\":150,\"caption\":\"Ayuntamiento de Caudete\"},\"image\":{\"@id\":\"https:\\\/\\\/www.caudete.org\\\/ayuntamiento\\\/#\\\/schema\\\/logo\\\/image\\\/\"},\"sameAs\":[\"https:\\\/\\\/www.facebook.com\\\/ayuntamientocaudete\\\/\",\"https:\\\/\\\/www.youtube.com\\\/channel\\\/UC6VztHaooNsGpw-tNoBEFnQ\"]},{\"@type\":\"Person\",\"@id\":\"https:\\\/\\\/www.caudete.org\\\/ayuntamiento\\\/#\\\/schema\\\/person\\\/cc646da9133078ee4d8dd47457947253\",\"name\":\"alcalde\",\"image\":{\"@type\":\"ImageObject\",\"inLanguage\":\"es\",\"@id\":\"https:\\\/\\\/secure.gravatar.com\\\/avatar\\\/84a817ba065b29ff08d666b215a215f5c79186a645ccb25b14a663d48a130f77?s=96&d=mm&r=g\",\"url\":\"https:\\\/\\\/secure.gravatar.com\\\/avatar\\\/84a817ba065b29ff08d666b215a215f5c79186a645ccb25b14a663d48a130f77?s=96&d=mm&r=g\",\"contentUrl\":\"https:\\\/\\\/secure.gravatar.com\\\/avatar\\\/84a817ba065b29ff08d666b215a215f5c79186a645ccb25b14a663d48a130f77?s=96&d=mm&r=g\",\"caption\":\"alcalde\"},\"url\":\"https:\\\/\\\/www.caudete.org\\\/ayuntamiento\\\/author\\\/alcalde\\\/\"}]}<\/script>\n<!-- \/ Yoast SEO plugin. -->","yoast_head_json":{"title":"Mejora el tr\u00e1nsito para peatones en el acerado de Alcalde Luis Pascual, junto al Paseo Luis Golf, por iniciativa del Gobierno Local - MI Ayuntamiento de Caudete","description":"P\u00e1gina Oficial del Ayuntamiento de Caudete (Albacete)","robots":{"index":"index","follow":"follow","max-snippet":"max-snippet:-1","max-image-preview":"max-image-preview:large","max-video-preview":"max-video-preview:-1"},"canonical":"https:\/\/www.caudete.org\/ayuntamiento\/mejora-el-transito-para-peatones-en-el-acerado-de-alcalde-luis-pascual-junto-al-paseo-luis-golf-por-iniciativa-del-gobierno-local\/","og_locale":"es_ES","og_type":"article","og_title":"Mejora el tr\u00e1nsito para peatones en el acerado de Alcalde Luis Pascual, junto al Paseo Luis Golf, por iniciativa del Gobierno Local - MI Ayuntamiento de Caudete","og_description":"P\u00e1gina Oficial del Ayuntamiento de Caudete (Albacete)","og_url":"https:\/\/www.caudete.org\/ayuntamiento\/mejora-el-transito-para-peatones-en-el-acerado-de-alcalde-luis-pascual-junto-al-paseo-luis-golf-por-iniciativa-del-gobierno-local\/","og_site_name":"MI Ayuntamiento de Caudete","article_publisher":"https:\/\/www.facebook.com\/ayuntamientocaudete\/","article_published_time":"2022-07-11T18:09:17+00:00","og_image":[{"width":2048,"height":1536,"url":"https:\/\/www.caudete.org\/ayuntamiento\/wp-content\/uploads\/2022\/07\/IMG-20220707-WA0000.jpg","type":"image\/jpeg"}],"author":"alcalde","twitter_card":"summary_large_image","twitter_misc":{"Escrito por":"alcalde","Tiempo de lectura":"2 minutos"},"schema":{"@context":"https:\/\/schema.org","@graph":[{"@type":"Article","@id":"https:\/\/www.caudete.org\/ayuntamiento\/mejora-el-transito-para-peatones-en-el-acerado-de-alcalde-luis-pascual-junto-al-paseo-luis-golf-por-iniciativa-del-gobierno-local\/#article","isPartOf":{"@id":"https:\/\/www.caudete.org\/ayuntamiento\/mejora-el-transito-para-peatones-en-el-acerado-de-alcalde-luis-pascual-junto-al-paseo-luis-golf-por-iniciativa-del-gobierno-local\/"},"author":{"name":"alcalde","@id":"https:\/\/www.caudete.org\/ayuntamiento\/#\/schema\/person\/cc646da9133078ee4d8dd47457947253"},"headline":"Mejora el tr\u00e1nsito para peatones en el acerado de Alcalde Luis Pascual, junto al Paseo Luis Golf, por iniciativa del Gobierno Local","datePublished":"2022-07-11T18:09:17+00:00","mainEntityOfPage":{"@id":"https:\/\/www.caudete.org\/ayuntamiento\/mejora-el-transito-para-peatones-en-el-acerado-de-alcalde-luis-pascual-junto-al-paseo-luis-golf-por-iniciativa-del-gobierno-local\/"},"wordCount":279,"publisher":{"@id":"https:\/\/www.caudete.org\/ayuntamiento\/#organization"},"image":{"@id":"https:\/\/www.caudete.org\/ayuntamiento\/mejora-el-transito-para-peatones-en-el-acerado-de-alcalde-luis-pascual-junto-al-paseo-luis-golf-por-iniciativa-del-gobierno-local\/#primaryimage"},"thumbnailUrl":"https:\/\/www.caudete.org\/ayuntamiento\/wp-content\/uploads\/2022\/07\/IMG-20220707-WA0000.jpg","articleSection":["Accesibilidad"],"inLanguage":"es"},{"@type":"WebPage","@id":"https:\/\/www.caudete.org\/ayuntamiento\/mejora-el-transito-para-peatones-en-el-acerado-de-alcalde-luis-pascual-junto-al-paseo-luis-golf-por-iniciativa-del-gobierno-local\/","url":"https:\/\/www.caudete.org\/ayuntamiento\/mejora-el-transito-para-peatones-en-el-acerado-de-alcalde-luis-pascual-junto-al-paseo-luis-golf-por-iniciativa-del-gobierno-local\/","name":"Mejora el tr\u00e1nsito para peatones en el acerado de Alcalde Luis Pascual, junto al Paseo Luis Golf, por iniciativa del Gobierno Local - MI Ayuntamiento de Caudete","isPartOf":{"@id":"https:\/\/www.caudete.org\/ayuntamiento\/#website"},"primaryImageOfPage":{"@id":"https:\/\/www.caudete.org\/ayuntamiento\/mejora-el-transito-para-peatones-en-el-acerado-de-alcalde-luis-pascual-junto-al-paseo-luis-golf-por-iniciativa-del-gobierno-local\/#primaryimage"},"image":{"@id":"https:\/\/www.caudete.org\/ayuntamiento\/mejora-el-transito-para-peatones-en-el-acerado-de-alcalde-luis-pascual-junto-al-paseo-luis-golf-por-iniciativa-del-gobierno-local\/#primaryimage"},"thumbnailUrl":"https:\/\/www.caudete.org\/ayuntamiento\/wp-content\/uploads\/2022\/07\/IMG-20220707-WA0000.jpg","datePublished":"2022-07-11T18:09:17+00:00","description":"P\u00e1gina Oficial del Ayuntamiento de Caudete (Albacete)","breadcrumb":{"@id":"https:\/\/www.caudete.org\/ayuntamiento\/mejora-el-transito-para-peatones-en-el-acerado-de-alcalde-luis-pascual-junto-al-paseo-luis-golf-por-iniciativa-del-gobierno-local\/#breadcrumb"},"inLanguage":"es","potentialAction":[{"@type":"ReadAction","target":["https:\/\/www.caudete.org\/ayuntamiento\/mejora-el-transito-para-peatones-en-el-acerado-de-alcalde-luis-pascual-junto-al-paseo-luis-golf-por-iniciativa-del-gobierno-local\/"]}]},{"@type":"ImageObject","inLanguage":"es","@id":"https:\/\/www.caudete.org\/ayuntamiento\/mejora-el-transito-para-peatones-en-el-acerado-de-alcalde-luis-pascual-junto-al-paseo-luis-golf-por-iniciativa-del-gobierno-local\/#primaryimage","url":"https:\/\/www.caudete.org\/ayuntamiento\/wp-content\/uploads\/2022\/07\/IMG-20220707-WA0000.jpg","contentUrl":"https:\/\/www.caudete.org\/ayuntamiento\/wp-content\/uploads\/2022\/07\/IMG-20220707-WA0000.jpg","width":2048,"height":1536},{"@type":"BreadcrumbList","@id":"https:\/\/www.caudete.org\/ayuntamiento\/mejora-el-transito-para-peatones-en-el-acerado-de-alcalde-luis-pascual-junto-al-paseo-luis-golf-por-iniciativa-del-gobierno-local\/#breadcrumb","itemListElement":[{"@type":"ListItem","position":1,"name":"Inicio","item":"https:\/\/www.caudete.org\/ayuntamiento\/"},{"@type":"ListItem","position":2,"name":"Mejora el tr\u00e1nsito para peatones en el acerado de Alcalde Luis Pascual, junto al Paseo Luis Golf, por iniciativa del Gobierno Local"}]},{"@type":"WebSite","@id":"https:\/\/www.caudete.org\/ayuntamiento\/#website","url":"https:\/\/www.caudete.org\/ayuntamiento\/","name":"MI Ayuntamiento de Caudete","description":"P\u00e1gina Oficial del MI Ayuntamiento de Caudete","publisher":{"@id":"https:\/\/www.caudete.org\/ayuntamiento\/#organization"},"potentialAction":[{"@type":"SearchAction","target":{"@type":"EntryPoint","urlTemplate":"https:\/\/www.caudete.org\/ayuntamiento\/?s={search_term_string}"},"query-input":{"@type":"PropertyValueSpecification","valueRequired":true,"valueName":"search_term_string"}}],"inLanguage":"es"},{"@type":"Organization","@id":"https:\/\/www.caudete.org\/ayuntamiento\/#organization","name":"Ayuntamiento de Caudete","url":"https:\/\/www.caudete.org\/ayuntamiento\/","logo":{"@type":"ImageObject","inLanguage":"es","@id":"https:\/\/www.caudete.org\/ayuntamiento\/#\/schema\/logo\/image\/","url":"https:\/\/www.caudete.org\/ayuntamiento\/wp-content\/uploads\/2020\/11\/logo_ayuntamiento_caudete.jpg","contentUrl":"https:\/\/www.caudete.org\/ayuntamiento\/wp-content\/uploads\/2020\/11\/logo_ayuntamiento_caudete.jpg","width":600,"height":150,"caption":"Ayuntamiento de Caudete"},"image":{"@id":"https:\/\/www.caudete.org\/ayuntamiento\/#\/schema\/logo\/image\/"},"sameAs":["https:\/\/www.facebook.com\/ayuntamientocaudete\/","https:\/\/www.youtube.com\/channel\/UC6VztHaooNsGpw-tNoBEFnQ"]},{"@type":"Person","@id":"https:\/\/www.caudete.org\/ayuntamiento\/#\/schema\/person\/cc646da9133078ee4d8dd47457947253","name":"alcalde","image":{"@type":"ImageObject","inLanguage":"es","@id":"https:\/\/secure.gravatar.com\/avatar\/84a817ba065b29ff08d666b215a215f5c79186a645ccb25b14a663d48a130f77?s=96&d=mm&r=g","url":"https:\/\/secure.gravatar.com\/avatar\/84a817ba065b29ff08d666b215a215f5c79186a645ccb25b14a663d48a130f77?s=96&d=mm&r=g","contentUrl":"https:\/\/secure.gravatar.com\/avatar\/84a817ba065b29ff08d666b215a215f5c79186a645ccb25b14a663d48a130f77?s=96&d=mm&r=g","caption":"alcalde"},"url":"https:\/\/www.caudete.org\/ayuntamiento\/author\/alcalde\/"}]}},"_links":{"self":[{"href":"https:\/\/www.caudete.org\/ayuntamiento\/wp-json\/wp\/v2\/posts\/19628","targetHints":{"allow":["GET"]}}],"collection":[{"href":"https:\/\/www.caudete.org\/ayuntamiento\/wp-json\/wp\/v2\/posts"}],"about":[{"href":"https:\/\/www.caudete.org\/ayuntamiento\/wp-json\/wp\/v2\/types\/post"}],"author":[{"embeddable":true,"href":"https:\/\/www.caudete.org\/ayuntamiento\/wp-json\/wp\/v2\/users\/3"}],"replies":[{"embeddable":true,"href":"https:\/\/www.caudete.org\/ayuntamiento\/wp-json\/wp\/v2\/comments?post=19628"}],"version-history":[{"count":1,"href":"https:\/\/www.caudete.org\/ayuntamiento\/wp-json\/wp\/v2\/posts\/19628\/revisions"}],"predecessor-version":[{"id":19630,"href":"https:\/\/www.caudete.org\/ayuntamiento\/wp-json\/wp\/v2\/posts\/19628\/revisions\/19630"}],"wp:featuredmedia":[{"embeddable":true,"href":"https:\/\/www.caudete.org\/ayuntamiento\/wp-json\/wp\/v2\/media\/19629"}],"wp:attachment":[{"href":"https:\/\/www.caudete.org\/ayuntamiento\/wp-json\/wp\/v2\/media?parent=19628"}],"wp:term":[{"taxonomy":"category","embeddable":true,"href":"https:\/\/www.caudete.org\/ayuntamiento\/wp-json\/wp\/v2\/categories?post=19628"},{"taxonomy":"post_tag","embeddable":true,"href":"https:\/\/www.caudete.org\/ayuntamiento\/wp-json\/wp\/v2\/tags?post=19628"}],"curies":[{"name":"wp","href":"https:\/\/api.w.org\/{rel}","templated":true}]}}