{"id":19632,"date":"2022-07-12T08:47:11","date_gmt":"2022-07-12T06:47:11","guid":{"rendered":"https:\/\/www.caudete.org\/ayuntamiento\/?p=19632"},"modified":"2022-07-12T08:47:11","modified_gmt":"2022-07-12T06:47:11","slug":"cremas-solares-recomendaciones-y-etiquetado","status":"publish","type":"post","link":"https:\/\/www.caudete.org\/ayuntamiento\/cremas-solares-recomendaciones-y-etiquetado\/","title":{"rendered":"CREMAS SOLARES: Recomendaciones y etiquetado"},"content":{"rendered":"<p align=\"left\"><span style=\"font-family: Arial, sans-serif;\"><span style=\"font-size: medium;\"><span style=\"color: #333333;\">Durante el verano, las ventas de productos como las cremas solares aumentan considerablemente. Los consumidores buscan estar protegidos durante sus vacaciones en la playa o la monta\u00f1a de las radiaciones que produce el sol y que pueden llegar a ser muy perjudiciales para la salud.<\/span><\/span><\/span><\/p>\n<p><span style=\"font-family: Arial, sans-serif;\"><span style=\"font-size: medium;\"><span style=\"color: #212529;\">Por lo que la Oficina de Consumo de la localidad a trav\u00e9s del Centro Europeo del Consumidor, nos informa sobre c\u00f3mo elegir el producto m\u00e1s apropiado para cada uno y entender la etiqueta del mismo s\u00ed como las recomendaciones de empleo y advertencias de uso que aparecen en el envase.<\/span><\/span><\/span><\/p>\n<h2 class=\"western\" align=\"left\"><span style=\"font-family: Arial, sans-serif;\"><span style=\"font-size: medium;\"><b><span style=\"color: #004c91;\">Informaci\u00f3n al consumidor<\/span><\/b><\/span><\/span><\/h2>\n<p align=\"left\"><span style=\"color: #212529;\"><span style=\"font-family: Arial, sans-serif;\"><span style=\"font-size: medium;\">Los protectores solares son considerados productos cosm\u00e9ticos y como tal est\u00e1n regulados por la <\/span><\/span><\/span><span style=\"color: #212529;\"><span style=\"font-family: Arial, sans-serif;\"><span style=\"font-size: medium;\">legislaci\u00f3n europea<\/span><\/span><\/span><span style=\"color: #004c91;\"><span style=\"font-family: Arial, sans-serif;\"><span style=\"font-size: medium;\"><a href=\"https:\/\/eur-lex.europa.eu\/legal-content\/ES\/TXT\/?uri=CELEX:02009R1223-20210617\" target=\"_blank\" rel=\"noopener nofollow\">&nbsp;<\/a><\/span><\/span><\/span><span style=\"color: #212529;\"><span style=\"font-family: Arial, sans-serif;\"><span style=\"font-size: medium;\">que establece las obligaciones de informaci\u00f3n y etiquetado.<\/span><\/span><\/span><\/p>\n<p align=\"left\"><span style=\"font-family: Arial, sans-serif;\"><span style=\"font-size: medium;\"><span style=\"color: #212529;\">La protecci\u00f3n contra la radiaci\u00f3n ultravioleta se identifica en el etiquetado a trav\u00e9s del Factor de Protecci\u00f3n Solar (FPS o SFP en ingl\u00e9s), que lleva una numeraci\u00f3n entre 6 y 50+, y descriptores como \u201cprotecci\u00f3n baja\u201d, \u201cmedia\u201d, \u201calta\u201d o \u201cmuy alta&#8221;. Las declaraciones sobre la eficacia de los productos de protecci\u00f3n solar han de ser sencillas, no ambiguas y basarse en criterios normalizados. Adem\u00e1s, las etiquetas, en la presentaci\u00f3n, en la venta o en la publicidad de estos productos no se les puedan atribuir caracter\u00edsticas de las que carecen.<\/span><\/span><\/span><\/p>\n<table width=\"256\" cellspacing=\"0\" cellpadding=\"2\">\n<thead>\n<tr>\n<th width=\"169\">\n<p align=\"center\"><span style=\"font-family: Arial, sans-serif;\"><span style=\"font-size: medium;\">Tipos de fotoprotectores<\/span><\/span><\/p>\n<\/th>\n<th width=\"79\">\n<p align=\"center\"><span style=\"font-family: Arial, sans-serif;\"><span style=\"font-size: medium;\">SPF o FPS<\/span><\/span><\/p>\n<\/th>\n<\/tr>\n<\/thead>\n<tbody>\n<tr>\n<td width=\"169\">\n<p align=\"center\"><span style=\"font-family: Arial, sans-serif;\"><span style=\"font-size: medium;\">Bajo<\/span><\/span><\/p>\n<\/td>\n<td width=\"79\">\n<p align=\"center\"><span style=\"font-family: Arial, sans-serif;\"><span style=\"font-size: medium;\">2-4-6<\/span><\/span><\/p>\n<\/td>\n<\/tr>\n<tr>\n<td width=\"169\">\n<p align=\"center\"><span style=\"font-family: Arial, sans-serif;\"><span style=\"font-size: medium;\">Medio<\/span><\/span><\/p>\n<\/td>\n<td width=\"79\">\n<p align=\"center\"><span style=\"font-family: Arial, sans-serif;\"><span style=\"font-size: medium;\">8-10-12<\/span><\/span><\/p>\n<\/td>\n<\/tr>\n<tr>\n<td width=\"169\">\n<p align=\"center\"><span style=\"font-family: Arial, sans-serif;\"><span style=\"font-size: medium;\">Alto<\/span><\/span><\/p>\n<\/td>\n<td width=\"79\">\n<p align=\"center\"><span style=\"font-family: Arial, sans-serif;\"><span style=\"font-size: medium;\">15-20-25<\/span><\/span><\/p>\n<\/td>\n<\/tr>\n<tr>\n<td width=\"169\">\n<p align=\"center\"><span style=\"font-family: Arial, sans-serif;\"><span style=\"font-size: medium;\">Muy alto<\/span><\/span><\/p>\n<\/td>\n<td width=\"79\">\n<p align=\"center\"><span style=\"font-family: Arial, sans-serif;\"><span style=\"font-size: medium;\">30-40-50<\/span><\/span><\/p>\n<\/td>\n<\/tr>\n<tr>\n<td width=\"169\">\n<p align=\"center\"><span style=\"font-family: Arial, sans-serif;\"><span style=\"font-size: medium;\">Ultra<\/span><\/span><\/p>\n<\/td>\n<td width=\"79\">\n<p align=\"center\"><span style=\"font-family: Arial, sans-serif;\"><span style=\"font-size: medium;\">50+<\/span><\/span><\/p>\n<\/td>\n<\/tr>\n<\/tbody>\n<\/table>\n<p align=\"left\"><span style=\"font-size: medium;\"><span style=\"color: #212529;\"><span style=\"font-family: Arial, sans-serif;\">Por su parte, la Comisi\u00f3n Europea estableci\u00f3 en 2006 una serie de <\/span><\/span><span style=\"color: #212529;\">recomendaciones <\/span><span style=\"color: #212529;\">sobre la eficacia de los productos de protecci\u00f3n solar y a las declaraciones sobre los mismos, entre las que destacan las siguientes:<\/span><\/span><\/p>\n<ul>\n<li>\n<p align=\"left\"><span style=\"font-family: Arial, sans-serif;\"><span style=\"font-size: medium;\"><span style=\"color: #212529;\">Deben proteger frente a las radiaciones radiaci\u00f3n ultravioleta B (UVB) y la ultravioleta A (UVA). Las cremas solares no garantizan un 100% de protecci\u00f3n. Por ello, no deben contener mensajes en la etiqueta como \u201cprotecci\u00f3n total\u201d o \u201cprevenci\u00f3n durante todo el d\u00eda\u201d.<\/span><\/span><\/span><\/p>\n<\/li>\n<li>\n<p align=\"left\"><span style=\"font-family: Arial, sans-serif;\"><span style=\"font-size: medium;\"><span style=\"color: #212529;\">Deber\u00edan contener mensajes preventivos como \u201crepita con frecuencia la aplicaci\u00f3n del producto\u201d, \u201cno permanezca mucho tiempo al sol, aunque emplee un producto de protecci\u00f3n solar\u201d, \u201cmantenga a los beb\u00e9s y ni\u00f1os peque\u00f1os fuera de la luz solar directa\u201d.<\/span><\/span><\/span><\/p>\n<\/li>\n<\/ul>\n<p align=\"left\"><span style=\"font-family: Arial, sans-serif;\"><span style=\"font-size: medium;\"><span style=\"color: #212529;\">La resistencia al agua es otra propiedad importante que pueden presentar los fotoprotectores y que est\u00e1 relacionada con su eficacia.<\/span><\/span><\/span><\/p>\n<p align=\"left\"><span style=\"font-family: Arial, sans-serif;\"><span style=\"font-size: medium;\"><span style=\"color: #212529;\"><b>Water resistant:<\/b>&nbsp;No pierde su capacidad protectora despu\u00e9s de 40 minutos de inmersi\u00f3n en el agua.<\/span><\/span><\/span><\/p>\n<p align=\"left\"><span style=\"font-family: Arial, sans-serif;\"><span style=\"font-size: medium;\"><span style=\"color: #212529;\"><b>Waterproof:<\/b>&nbsp;No pierde su capacidad protectora despu\u00e9s de 80 minutos de inmersi\u00f3n en el agua.<\/span><\/span><\/span><\/p>\n<p align=\"left\"><span style=\"font-family: Arial, sans-serif;\"><span style=\"font-size: medium;\"><span style=\"color: #212529;\">La etiqueta deber\u00e1 incluir, al menos, la siguiente informaci\u00f3n:<\/span><\/span><\/span><\/p>\n<ul>\n<li>\n<p align=\"left\"><span style=\"font-family: Arial, sans-serif;\"><span style=\"font-size: medium;\"><span style=\"color: #212529;\">Nombre y direcci\u00f3n de la empresa responsable de la puesta en el mercado.<\/span><\/span><\/span><\/p>\n<\/li>\n<li>\n<p align=\"left\"><span style=\"font-family: Arial, sans-serif;\"><span style=\"font-size: medium;\"><span style=\"color: #212529;\">N\u00ba de lote.<\/span><\/span><\/span><\/p>\n<\/li>\n<li>\n<p align=\"left\"><span style=\"font-family: Arial, sans-serif;\"><span style=\"font-size: medium;\"><span style=\"color: #212529;\">Protecci\u00f3n frente a las radiaciones.<\/span><\/span><\/span><\/p>\n<\/li>\n<li>\n<p align=\"left\"><span style=\"font-family: Arial, sans-serif;\"><span style=\"font-size: medium;\"><span style=\"color: #212529;\">Fecha de caducidad en caso de que el producto caduque antes de 30 meses.<\/span><\/span><\/span><\/p>\n<\/li>\n<li>\n<p align=\"left\"><span style=\"font-family: Arial, sans-serif;\"><span style=\"font-size: medium;\"><span style=\"color: #212529;\">Modo de empleo y precauciones si las hubiera.<\/span><\/span><\/span><\/p>\n<\/li>\n<li>\n<p align=\"left\"><span style=\"font-family: Arial, sans-serif;\"><span style=\"font-size: medium;\"><span style=\"color: #212529;\">Denominaci\u00f3n (marca y funci\u00f3n espec\u00edfica del producto).<\/span><\/span><\/span><\/p>\n<\/li>\n<li>\n<p align=\"left\"><span style=\"font-family: Arial, sans-serif;\"><span style=\"font-size: medium;\"><span style=\"color: #212529;\">Ingredientes.<\/span><\/span><\/span><\/p>\n<\/li>\n<li>\n<p align=\"left\"><span style=\"font-family: Arial, sans-serif;\"><span style=\"font-size: medium;\"><span style=\"color: #212529;\">Punto verde: Identifica que la empresa envasadora cumple con la legislaci\u00f3n europea sobre envases y residuos de envases&nbsp;<img decoding=\"async\" src=\"file:\/\/\/C:\/Users\/INFORM~1\/AppData\/Local\/Temp\/lu64963tj7r2.tmp\/lu64963tj7r8_tmp_23adfd97dfb93348.jpg\" alt=\"Icono Punto Verde\" name=\"Imagen6\" width=\"42\" height=\"43\" border=\"0\"> .<\/span><\/span><\/span><\/p>\n<\/li>\n<\/ul>\n<h2 class=\"western\" align=\"left\"><span style=\"font-family: Arial, sans-serif;\"><span style=\"font-size: medium;\"><b><span style=\"color: #004c91;\">Recomendaciones de uso<\/span><\/b><\/span><\/span><\/h2>\n<ul>\n<li>\n<p align=\"left\"><span style=\"font-family: Arial, sans-serif;\"><span style=\"font-size: medium;\"><span style=\"color: #212529;\">Es importante aplicar un fotoprotector con un factor 30 o superior, antes de la exposici\u00f3n y repetir cada dos horas y despu\u00e9s de cada ba\u00f1o. Se recomienda utilizar tambi\u00e9n un protector labial. Deber\u00e1n tener especial cuidado las personas que tienen poca o nula capacidad para broncearse, las de piel y ojos claros, con pecas y\/o lunares, aquellas que se han quemado con el sol antes de los 18 a\u00f1os, las que tienen antecedentes familiares de melanoma, las embarazadas o las personas que practican deportes acu\u00e1ticos y de monta\u00f1a. En estos casos, deber\u00e1n utilizar un factor de protecci\u00f3n m\u00e1s elevado.<\/span><\/span><\/span><\/p>\n<\/li>\n<li>\n<p align=\"left\"><span style=\"font-family: Arial, sans-serif;\"><span style=\"font-size: medium;\"><span style=\"color: #212529;\">Debe tenerse especial cuidado con los ni\u00f1os. Los menores de 6 meses no deben ser expuestos a la luz solar directa, ni siquiera con protecci\u00f3n.<\/span><\/span><\/span><\/p>\n<\/li>\n<li>\n<p align=\"left\"><span style=\"font-family: Arial, sans-serif;\"><span style=\"font-size: medium;\"><span style=\"color: #212529;\">Deber\u00e1 evitarse la exposici\u00f3n al sol entre las 12 y las 16 horas, los d\u00edas de alta intensidad solar y los tiempos prolongados de exposici\u00f3n.<\/span><\/span><\/span><\/p>\n<\/li>\n<li>\n<p align=\"left\"><span style=\"font-family: Arial, sans-serif;\"><span style=\"font-size: medium;\"><span style=\"color: #212529;\">Los d\u00edas nublados en los que la sensaci\u00f3n de calor puede ser menor, los rayos se filtran a trav\u00e9s de las nubes, por lo que hay que protegerse tambi\u00e9n de las radiaciones.<\/span><\/span><\/span><\/p>\n<\/li>\n<li>\n<p align=\"left\"><span style=\"font-family: Arial, sans-serif;\"><span style=\"font-size: medium;\"><span style=\"color: #212529;\">El riesgo de quemaduras se incrementa con la altura. Cada 300 metros aumenta un 4% la posibilidad de eritemas (inflamaci\u00f3n y enrojecimiento de la piel) por las radiaciones ultravioletas. La nieve (80%), la arena (25%) y el agua o la hierba (10%) reflejan las radiaciones haciendo que se sumen sus efectos al incidir directamente sobre la piel.<\/span><\/span><\/span><\/p>\n<\/li>\n<li>\n<p align=\"left\"><span style=\"font-family: Arial, sans-serif;\"><span style=\"font-size: medium;\"><span style=\"color: #212529;\">No utilizar colonias, desodorantes u otros cosm\u00e9ticos en la exposici\u00f3n al sol, producen manchas.<\/span><\/span><\/span><\/p>\n<\/li>\n<li>\n<p align=\"left\"><span style=\"font-family: Arial, sans-serif;\"><span style=\"font-size: medium;\"><span style=\"color: #212529;\">No utilizar protectores solares abiertos el a\u00f1o anterior. Comprobar siempre el per\u00edodo de utilizaci\u00f3n recomendado tras su apertura (PAO), que figura en el dibujo en forma de tarro abierto del envase.<\/span><\/span><\/span><\/p>\n<\/li>\n<\/ul>\n<p><a href=\"https:\/\/www.caudete.org\/ayuntamiento\/wp-content\/uploads\/2022\/07\/OMIC-Crema-Solar.jpg\" rel='prettyPhoto'><img fetchpriority=\"high\" decoding=\"async\" class=\"aligncenter size-full wp-image-19633\" src=\"https:\/\/www.caudete.org\/ayuntamiento\/wp-content\/uploads\/2022\/07\/OMIC-Crema-Solar.jpg\" alt=\"\" width=\"1200\" height=\"1500\" srcset=\"https:\/\/www.caudete.org\/ayuntamiento\/wp-content\/uploads\/2022\/07\/OMIC-Crema-Solar.jpg 1200w, https:\/\/www.caudete.org\/ayuntamiento\/wp-content\/uploads\/2022\/07\/OMIC-Crema-Solar-240x300.jpg 240w, https:\/\/www.caudete.org\/ayuntamiento\/wp-content\/uploads\/2022\/07\/OMIC-Crema-Solar-819x1024.jpg 819w, https:\/\/www.caudete.org\/ayuntamiento\/wp-content\/uploads\/2022\/07\/OMIC-Crema-Solar-768x960.jpg 768w\" sizes=\"(max-width: 1200px) 100vw, 1200px\" \/><\/a><\/p>\n","protected":false},"excerpt":{"rendered":"<p>Durante el verano, las ventas de productos como las cremas solares aumentan considerablemente. Los consumidores buscan estar protegidos durante sus vacaciones en la playa o la monta\u00f1a de las radiaciones que produce el sol y que pueden llegar a ser muy perjudiciales para la salud. Por lo que la Oficina de Consumo de la localidad &hellip;<\/p>\n","protected":false},"author":1,"featured_media":19633,"comment_status":"closed","ping_status":"open","sticky":false,"template":"","format":"standard","meta":{"ngg_post_thumbnail":0,"footnotes":""},"categories":[844],"tags":[],"class_list":["post-19632","post","type-post","status-publish","format-standard","has-post-thumbnail","hentry","category-tablon-informativo-omic"],"yoast_head":"<!-- This site is optimized with the Yoast SEO plugin v27.5 - https:\/\/yoast.com\/product\/yoast-seo-wordpress\/ -->\n<title>CREMAS SOLARES: Recomendaciones y etiquetado - MI Ayuntamiento de Caudete<\/title>\n<meta name=\"description\" content=\"P\u00e1gina Oficial del Ayuntamiento de Caudete (Albacete)\" \/>\n<meta name=\"robots\" content=\"index, follow, max-snippet:-1, max-image-preview:large, max-video-preview:-1\" \/>\n<link rel=\"canonical\" href=\"https:\/\/www.caudete.org\/ayuntamiento\/cremas-solares-recomendaciones-y-etiquetado\/\" \/>\n<meta property=\"og:locale\" content=\"es_ES\" \/>\n<meta property=\"og:type\" content=\"article\" \/>\n<meta property=\"og:title\" content=\"CREMAS SOLARES: Recomendaciones y etiquetado - MI Ayuntamiento de Caudete\" \/>\n<meta property=\"og:description\" content=\"P\u00e1gina Oficial del Ayuntamiento de Caudete (Albacete)\" \/>\n<meta property=\"og:url\" content=\"https:\/\/www.caudete.org\/ayuntamiento\/cremas-solares-recomendaciones-y-etiquetado\/\" \/>\n<meta property=\"og:site_name\" content=\"MI Ayuntamiento de Caudete\" \/>\n<meta property=\"article:publisher\" content=\"https:\/\/www.facebook.com\/ayuntamientocaudete\/\" \/>\n<meta property=\"article:published_time\" content=\"2022-07-12T06:47:11+00:00\" \/>\n<meta property=\"og:image\" content=\"https:\/\/www.caudete.org\/ayuntamiento\/wp-content\/uploads\/2022\/07\/OMIC-Crema-Solar.jpg\" \/>\n\t<meta property=\"og:image:width\" content=\"1200\" \/>\n\t<meta property=\"og:image:height\" content=\"1500\" \/>\n\t<meta property=\"og:image:type\" content=\"image\/jpeg\" \/>\n<meta name=\"author\" content=\"ayun\" \/>\n<meta name=\"twitter:card\" content=\"summary_large_image\" \/>\n<meta name=\"twitter:label1\" content=\"Escrito por\" \/>\n\t<meta name=\"twitter:data1\" content=\"ayun\" \/>\n\t<meta name=\"twitter:label2\" content=\"Tiempo de lectura\" \/>\n\t<meta name=\"twitter:data2\" content=\"4 minutos\" \/>\n<script type=\"application\/ld+json\" class=\"yoast-schema-graph\">{\"@context\":\"https:\\\/\\\/schema.org\",\"@graph\":[{\"@type\":\"Article\",\"@id\":\"https:\\\/\\\/www.caudete.org\\\/ayuntamiento\\\/cremas-solares-recomendaciones-y-etiquetado\\\/#article\",\"isPartOf\":{\"@id\":\"https:\\\/\\\/www.caudete.org\\\/ayuntamiento\\\/cremas-solares-recomendaciones-y-etiquetado\\\/\"},\"author\":{\"name\":\"ayun\",\"@id\":\"https:\\\/\\\/www.caudete.org\\\/ayuntamiento\\\/#\\\/schema\\\/person\\\/79f7e19fdd176fc2bc7a289013dc2056\"},\"headline\":\"CREMAS SOLARES: Recomendaciones y etiquetado\",\"datePublished\":\"2022-07-12T06:47:11+00:00\",\"mainEntityOfPage\":{\"@id\":\"https:\\\/\\\/www.caudete.org\\\/ayuntamiento\\\/cremas-solares-recomendaciones-y-etiquetado\\\/\"},\"wordCount\":824,\"image\":{\"@id\":\"https:\\\/\\\/www.caudete.org\\\/ayuntamiento\\\/cremas-solares-recomendaciones-y-etiquetado\\\/#primaryimage\"},\"thumbnailUrl\":\"https:\\\/\\\/www.caudete.org\\\/ayuntamiento\\\/wp-content\\\/uploads\\\/2022\\\/07\\\/OMIC-Crema-Solar.jpg\",\"articleSection\":[\"Tabl\u00f3n Informativo (OMIC)\"],\"inLanguage\":\"es\"},{\"@type\":\"WebPage\",\"@id\":\"https:\\\/\\\/www.caudete.org\\\/ayuntamiento\\\/cremas-solares-recomendaciones-y-etiquetado\\\/\",\"url\":\"https:\\\/\\\/www.caudete.org\\\/ayuntamiento\\\/cremas-solares-recomendaciones-y-etiquetado\\\/\",\"name\":\"CREMAS SOLARES: Recomendaciones y etiquetado - MI Ayuntamiento de Caudete\",\"isPartOf\":{\"@id\":\"https:\\\/\\\/www.caudete.org\\\/ayuntamiento\\\/#website\"},\"primaryImageOfPage\":{\"@id\":\"https:\\\/\\\/www.caudete.org\\\/ayuntamiento\\\/cremas-solares-recomendaciones-y-etiquetado\\\/#primaryimage\"},\"image\":{\"@id\":\"https:\\\/\\\/www.caudete.org\\\/ayuntamiento\\\/cremas-solares-recomendaciones-y-etiquetado\\\/#primaryimage\"},\"thumbnailUrl\":\"https:\\\/\\\/www.caudete.org\\\/ayuntamiento\\\/wp-content\\\/uploads\\\/2022\\\/07\\\/OMIC-Crema-Solar.jpg\",\"datePublished\":\"2022-07-12T06:47:11+00:00\",\"author\":{\"@id\":\"https:\\\/\\\/www.caudete.org\\\/ayuntamiento\\\/#\\\/schema\\\/person\\\/79f7e19fdd176fc2bc7a289013dc2056\"},\"description\":\"P\u00e1gina Oficial del Ayuntamiento de Caudete (Albacete)\",\"breadcrumb\":{\"@id\":\"https:\\\/\\\/www.caudete.org\\\/ayuntamiento\\\/cremas-solares-recomendaciones-y-etiquetado\\\/#breadcrumb\"},\"inLanguage\":\"es\",\"potentialAction\":[{\"@type\":\"ReadAction\",\"target\":[\"https:\\\/\\\/www.caudete.org\\\/ayuntamiento\\\/cremas-solares-recomendaciones-y-etiquetado\\\/\"]}]},{\"@type\":\"ImageObject\",\"inLanguage\":\"es\",\"@id\":\"https:\\\/\\\/www.caudete.org\\\/ayuntamiento\\\/cremas-solares-recomendaciones-y-etiquetado\\\/#primaryimage\",\"url\":\"https:\\\/\\\/www.caudete.org\\\/ayuntamiento\\\/wp-content\\\/uploads\\\/2022\\\/07\\\/OMIC-Crema-Solar.jpg\",\"contentUrl\":\"https:\\\/\\\/www.caudete.org\\\/ayuntamiento\\\/wp-content\\\/uploads\\\/2022\\\/07\\\/OMIC-Crema-Solar.jpg\",\"width\":1200,\"height\":1500},{\"@type\":\"BreadcrumbList\",\"@id\":\"https:\\\/\\\/www.caudete.org\\\/ayuntamiento\\\/cremas-solares-recomendaciones-y-etiquetado\\\/#breadcrumb\",\"itemListElement\":[{\"@type\":\"ListItem\",\"position\":1,\"name\":\"Inicio\",\"item\":\"https:\\\/\\\/www.caudete.org\\\/ayuntamiento\\\/\"},{\"@type\":\"ListItem\",\"position\":2,\"name\":\"CREMAS SOLARES: Recomendaciones y etiquetado\"}]},{\"@type\":\"WebSite\",\"@id\":\"https:\\\/\\\/www.caudete.org\\\/ayuntamiento\\\/#website\",\"url\":\"https:\\\/\\\/www.caudete.org\\\/ayuntamiento\\\/\",\"name\":\"MI Ayuntamiento de Caudete\",\"description\":\"P\u00e1gina Oficial del MI Ayuntamiento de Caudete\",\"potentialAction\":[{\"@type\":\"SearchAction\",\"target\":{\"@type\":\"EntryPoint\",\"urlTemplate\":\"https:\\\/\\\/www.caudete.org\\\/ayuntamiento\\\/?s={search_term_string}\"},\"query-input\":{\"@type\":\"PropertyValueSpecification\",\"valueRequired\":true,\"valueName\":\"search_term_string\"}}],\"inLanguage\":\"es\"},{\"@type\":\"Person\",\"@id\":\"https:\\\/\\\/www.caudete.org\\\/ayuntamiento\\\/#\\\/schema\\\/person\\\/79f7e19fdd176fc2bc7a289013dc2056\",\"name\":\"ayun\",\"image\":{\"@type\":\"ImageObject\",\"inLanguage\":\"es\",\"@id\":\"https:\\\/\\\/secure.gravatar.com\\\/avatar\\\/4ce797ee07c943e7e592f8cd648e503e6cd571387558ed07135799c2bd2847df?s=96&d=mm&r=g\",\"url\":\"https:\\\/\\\/secure.gravatar.com\\\/avatar\\\/4ce797ee07c943e7e592f8cd648e503e6cd571387558ed07135799c2bd2847df?s=96&d=mm&r=g\",\"contentUrl\":\"https:\\\/\\\/secure.gravatar.com\\\/avatar\\\/4ce797ee07c943e7e592f8cd648e503e6cd571387558ed07135799c2bd2847df?s=96&d=mm&r=g\",\"caption\":\"ayun\"},\"sameAs\":[\"http:\\\/\\\/www.caudete.org\\\/ayuntamiento\"],\"url\":\"https:\\\/\\\/www.caudete.org\\\/ayuntamiento\\\/author\\\/ayun\\\/\"}]}<\/script>\n<!-- \/ Yoast SEO plugin. -->","yoast_head_json":{"title":"CREMAS SOLARES: Recomendaciones y etiquetado - MI Ayuntamiento de Caudete","description":"P\u00e1gina Oficial del Ayuntamiento de Caudete (Albacete)","robots":{"index":"index","follow":"follow","max-snippet":"max-snippet:-1","max-image-preview":"max-image-preview:large","max-video-preview":"max-video-preview:-1"},"canonical":"https:\/\/www.caudete.org\/ayuntamiento\/cremas-solares-recomendaciones-y-etiquetado\/","og_locale":"es_ES","og_type":"article","og_title":"CREMAS SOLARES: Recomendaciones y etiquetado - MI Ayuntamiento de Caudete","og_description":"P\u00e1gina Oficial del Ayuntamiento de Caudete (Albacete)","og_url":"https:\/\/www.caudete.org\/ayuntamiento\/cremas-solares-recomendaciones-y-etiquetado\/","og_site_name":"MI Ayuntamiento de Caudete","article_publisher":"https:\/\/www.facebook.com\/ayuntamientocaudete\/","article_published_time":"2022-07-12T06:47:11+00:00","og_image":[{"width":1200,"height":1500,"url":"https:\/\/www.caudete.org\/ayuntamiento\/wp-content\/uploads\/2022\/07\/OMIC-Crema-Solar.jpg","type":"image\/jpeg"}],"author":"ayun","twitter_card":"summary_large_image","twitter_misc":{"Escrito por":"ayun","Tiempo de lectura":"4 minutos"},"schema":{"@context":"https:\/\/schema.org","@graph":[{"@type":"Article","@id":"https:\/\/www.caudete.org\/ayuntamiento\/cremas-solares-recomendaciones-y-etiquetado\/#article","isPartOf":{"@id":"https:\/\/www.caudete.org\/ayuntamiento\/cremas-solares-recomendaciones-y-etiquetado\/"},"author":{"name":"ayun","@id":"https:\/\/www.caudete.org\/ayuntamiento\/#\/schema\/person\/79f7e19fdd176fc2bc7a289013dc2056"},"headline":"CREMAS SOLARES: Recomendaciones y etiquetado","datePublished":"2022-07-12T06:47:11+00:00","mainEntityOfPage":{"@id":"https:\/\/www.caudete.org\/ayuntamiento\/cremas-solares-recomendaciones-y-etiquetado\/"},"wordCount":824,"image":{"@id":"https:\/\/www.caudete.org\/ayuntamiento\/cremas-solares-recomendaciones-y-etiquetado\/#primaryimage"},"thumbnailUrl":"https:\/\/www.caudete.org\/ayuntamiento\/wp-content\/uploads\/2022\/07\/OMIC-Crema-Solar.jpg","articleSection":["Tabl\u00f3n Informativo (OMIC)"],"inLanguage":"es"},{"@type":"WebPage","@id":"https:\/\/www.caudete.org\/ayuntamiento\/cremas-solares-recomendaciones-y-etiquetado\/","url":"https:\/\/www.caudete.org\/ayuntamiento\/cremas-solares-recomendaciones-y-etiquetado\/","name":"CREMAS SOLARES: Recomendaciones y etiquetado - MI Ayuntamiento de Caudete","isPartOf":{"@id":"https:\/\/www.caudete.org\/ayuntamiento\/#website"},"primaryImageOfPage":{"@id":"https:\/\/www.caudete.org\/ayuntamiento\/cremas-solares-recomendaciones-y-etiquetado\/#primaryimage"},"image":{"@id":"https:\/\/www.caudete.org\/ayuntamiento\/cremas-solares-recomendaciones-y-etiquetado\/#primaryimage"},"thumbnailUrl":"https:\/\/www.caudete.org\/ayuntamiento\/wp-content\/uploads\/2022\/07\/OMIC-Crema-Solar.jpg","datePublished":"2022-07-12T06:47:11+00:00","author":{"@id":"https:\/\/www.caudete.org\/ayuntamiento\/#\/schema\/person\/79f7e19fdd176fc2bc7a289013dc2056"},"description":"P\u00e1gina Oficial del Ayuntamiento de Caudete (Albacete)","breadcrumb":{"@id":"https:\/\/www.caudete.org\/ayuntamiento\/cremas-solares-recomendaciones-y-etiquetado\/#breadcrumb"},"inLanguage":"es","potentialAction":[{"@type":"ReadAction","target":["https:\/\/www.caudete.org\/ayuntamiento\/cremas-solares-recomendaciones-y-etiquetado\/"]}]},{"@type":"ImageObject","inLanguage":"es","@id":"https:\/\/www.caudete.org\/ayuntamiento\/cremas-solares-recomendaciones-y-etiquetado\/#primaryimage","url":"https:\/\/www.caudete.org\/ayuntamiento\/wp-content\/uploads\/2022\/07\/OMIC-Crema-Solar.jpg","contentUrl":"https:\/\/www.caudete.org\/ayuntamiento\/wp-content\/uploads\/2022\/07\/OMIC-Crema-Solar.jpg","width":1200,"height":1500},{"@type":"BreadcrumbList","@id":"https:\/\/www.caudete.org\/ayuntamiento\/cremas-solares-recomendaciones-y-etiquetado\/#breadcrumb","itemListElement":[{"@type":"ListItem","position":1,"name":"Inicio","item":"https:\/\/www.caudete.org\/ayuntamiento\/"},{"@type":"ListItem","position":2,"name":"CREMAS SOLARES: Recomendaciones y etiquetado"}]},{"@type":"WebSite","@id":"https:\/\/www.caudete.org\/ayuntamiento\/#website","url":"https:\/\/www.caudete.org\/ayuntamiento\/","name":"MI Ayuntamiento de Caudete","description":"P\u00e1gina Oficial del MI Ayuntamiento de Caudete","potentialAction":[{"@type":"SearchAction","target":{"@type":"EntryPoint","urlTemplate":"https:\/\/www.caudete.org\/ayuntamiento\/?s={search_term_string}"},"query-input":{"@type":"PropertyValueSpecification","valueRequired":true,"valueName":"search_term_string"}}],"inLanguage":"es"},{"@type":"Person","@id":"https:\/\/www.caudete.org\/ayuntamiento\/#\/schema\/person\/79f7e19fdd176fc2bc7a289013dc2056","name":"ayun","image":{"@type":"ImageObject","inLanguage":"es","@id":"https:\/\/secure.gravatar.com\/avatar\/4ce797ee07c943e7e592f8cd648e503e6cd571387558ed07135799c2bd2847df?s=96&d=mm&r=g","url":"https:\/\/secure.gravatar.com\/avatar\/4ce797ee07c943e7e592f8cd648e503e6cd571387558ed07135799c2bd2847df?s=96&d=mm&r=g","contentUrl":"https:\/\/secure.gravatar.com\/avatar\/4ce797ee07c943e7e592f8cd648e503e6cd571387558ed07135799c2bd2847df?s=96&d=mm&r=g","caption":"ayun"},"sameAs":["http:\/\/www.caudete.org\/ayuntamiento"],"url":"https:\/\/www.caudete.org\/ayuntamiento\/author\/ayun\/"}]}},"_links":{"self":[{"href":"https:\/\/www.caudete.org\/ayuntamiento\/wp-json\/wp\/v2\/posts\/19632","targetHints":{"allow":["GET"]}}],"collection":[{"href":"https:\/\/www.caudete.org\/ayuntamiento\/wp-json\/wp\/v2\/posts"}],"about":[{"href":"https:\/\/www.caudete.org\/ayuntamiento\/wp-json\/wp\/v2\/types\/post"}],"author":[{"embeddable":true,"href":"https:\/\/www.caudete.org\/ayuntamiento\/wp-json\/wp\/v2\/users\/1"}],"replies":[{"embeddable":true,"href":"https:\/\/www.caudete.org\/ayuntamiento\/wp-json\/wp\/v2\/comments?post=19632"}],"version-history":[{"count":1,"href":"https:\/\/www.caudete.org\/ayuntamiento\/wp-json\/wp\/v2\/posts\/19632\/revisions"}],"predecessor-version":[{"id":19634,"href":"https:\/\/www.caudete.org\/ayuntamiento\/wp-json\/wp\/v2\/posts\/19632\/revisions\/19634"}],"wp:featuredmedia":[{"embeddable":true,"href":"https:\/\/www.caudete.org\/ayuntamiento\/wp-json\/wp\/v2\/media\/19633"}],"wp:attachment":[{"href":"https:\/\/www.caudete.org\/ayuntamiento\/wp-json\/wp\/v2\/media?parent=19632"}],"wp:term":[{"taxonomy":"category","embeddable":true,"href":"https:\/\/www.caudete.org\/ayuntamiento\/wp-json\/wp\/v2\/categories?post=19632"},{"taxonomy":"post_tag","embeddable":true,"href":"https:\/\/www.caudete.org\/ayuntamiento\/wp-json\/wp\/v2\/tags?post=19632"}],"curies":[{"name":"wp","href":"https:\/\/api.w.org\/{rel}","templated":true}]}}