{"id":19648,"date":"2022-07-13T19:21:24","date_gmt":"2022-07-13T17:21:24","guid":{"rendered":"https:\/\/www.caudete.org\/ayuntamiento\/?p=19648"},"modified":"2022-07-13T19:21:24","modified_gmt":"2022-07-13T17:21:24","slug":"caudeteemprende-alexs-peluqueria-abre-sus-puertas-en-c-la-zafra","status":"publish","type":"post","link":"https:\/\/www.caudete.org\/ayuntamiento\/caudeteemprende-alexs-peluqueria-abre-sus-puertas-en-c-la-zafra\/","title":{"rendered":"CaudeteEMPRENDE: Alex&#8217;s Peluquer\u00eda abre sus puertas en C\/La Zafra"},"content":{"rendered":"<p style=\"text-align: justify;\">Esta semana el Concejal del \u00e1rea, Diego Cuenca Olivares nos presenta la nueva peluquer\u00eda ubicada en la Calle La Zafra, \u201cAlex\u00b4s Peluquer\u00eda\u201d regentada por Alex Yousef, su nuevo propietario.<\/p>\n<p><img fetchpriority=\"high\" decoding=\"async\" class=\"size-medium wp-image-19650 aligncenter\" src=\"https:\/\/www.caudete.org\/ayuntamiento\/wp-content\/uploads\/2022\/07\/IMG-20220707-WA0029-169x300.jpg\" alt=\"\" width=\"169\" height=\"300\" srcset=\"https:\/\/www.caudete.org\/ayuntamiento\/wp-content\/uploads\/2022\/07\/IMG-20220707-WA0029-169x300.jpg 169w, https:\/\/www.caudete.org\/ayuntamiento\/wp-content\/uploads\/2022\/07\/IMG-20220707-WA0029-577x1024.jpg 577w, https:\/\/www.caudete.org\/ayuntamiento\/wp-content\/uploads\/2022\/07\/IMG-20220707-WA0029-768x1364.jpg 768w, https:\/\/www.caudete.org\/ayuntamiento\/wp-content\/uploads\/2022\/07\/IMG-20220707-WA0029-865x1536.jpg 865w, https:\/\/www.caudete.org\/ayuntamiento\/wp-content\/uploads\/2022\/07\/IMG-20220707-WA0029.jpg 901w\" sizes=\"(max-width: 169px) 100vw, 169px\" \/><\/p>\n<p style=\"text-align: justify;\">Alex es de origen sueco y un enamorado de Espa\u00f1a y de Caudete, tanto que se ha venido a vivir ya de manera permanente a la localidad, por lo que ha decidido abrir su propia peluquer\u00eda ya que en Suecia trabajaba de peluquero.<\/p>\n<p style=\"text-align: justify;\">Alex Yousef nos comentaba todos los servicios que presta en su centro:<br \/>\n&#8211; Corte de caballero y se\u00f1ora<br \/>\n&#8211; Corte de ni\u00f1o \/ ni\u00f1a<br \/>\n&#8211; Arreglo de barba<\/p>\n<p style=\"text-align: justify;\">Horario:<br \/>\nLunes a Viernes<br \/>\n10:00 h a 14:00 h<br \/>\n16:00 h a 20:00h<br \/>\nS\u00e1bado<br \/>\n10:00 h a 15:00 h<\/p>\n<p style=\"text-align: justify;\">No es necesaria cita previa.<\/p>\n<p style=\"text-align: justify;\">Abre su establecimiento con una promoci\u00f3n de cada 6 cortes el 7\u00ba ser\u00e1 gratuito.<\/p>\n<p style=\"text-align: justify;\">Podr\u00e1s encontrar \u201cAlex\u00b4s Peluquer\u00eda\u201d en Calle La Zafra y tel\u00e9fono 633 77 40 14.<\/p>\n<p style=\"text-align: justify;\">El concejal le ha transmitido la cercan\u00eda del Consistorio, le ha agradecido que haya elegido Caudete para abrir su propio negocio y le ha deseado toda la suerte del mundo.<\/p>\n<p style=\"text-align: justify;\">CaudeteEMPRENDE es una campa\u00f1a creada desde la Concejal\u00eda de Comercio con el objetivo de dar visibilidad y apoyo a los nuevos comercios de la localidad, acerc\u00e1ndolos a la ciudadan\u00eda a trav\u00e9s de las redes sociales del M.I. Ayuntamiento y la TV.<\/p>\n","protected":false},"excerpt":{"rendered":"<p>Esta semana el Concejal del \u00e1rea, Diego Cuenca Olivares nos presenta la nueva peluquer\u00eda ubicada en la Calle La Zafra, \u201cAlex\u00b4s Peluquer\u00eda\u201d regentada por Alex Yousef, su nuevo propietario. Alex es de origen sueco y un enamorado de Espa\u00f1a y de Caudete, tanto que se ha venido a vivir ya de manera permanente a la &hellip;<\/p>\n","protected":false},"author":3,"featured_media":19649,"comment_status":"closed","ping_status":"open","sticky":false,"template":"","format":"standard","meta":{"ngg_post_thumbnail":0,"footnotes":""},"categories":[42],"tags":[],"class_list":["post-19648","post","type-post","status-publish","format-standard","has-post-thumbnail","hentry","category-comercio"],"yoast_head":"<!-- This site is optimized with the Yoast SEO plugin v27.5 - https:\/\/yoast.com\/product\/yoast-seo-wordpress\/ -->\n<title>CaudeteEMPRENDE: Alex&#039;s Peluquer\u00eda abre sus puertas en C\/La Zafra - MI Ayuntamiento de Caudete<\/title>\n<meta name=\"description\" content=\"P\u00e1gina Oficial del Ayuntamiento de Caudete (Albacete)\" \/>\n<meta name=\"robots\" content=\"index, follow, max-snippet:-1, max-image-preview:large, max-video-preview:-1\" \/>\n<link rel=\"canonical\" href=\"https:\/\/www.caudete.org\/ayuntamiento\/caudeteemprende-alexs-peluqueria-abre-sus-puertas-en-c-la-zafra\/\" \/>\n<meta property=\"og:locale\" content=\"es_ES\" \/>\n<meta property=\"og:type\" content=\"article\" \/>\n<meta property=\"og:title\" content=\"CaudeteEMPRENDE: Alex&#039;s Peluquer\u00eda abre sus puertas en C\/La Zafra - MI Ayuntamiento de Caudete\" \/>\n<meta property=\"og:description\" content=\"P\u00e1gina Oficial del Ayuntamiento de Caudete (Albacete)\" \/>\n<meta property=\"og:url\" content=\"https:\/\/www.caudete.org\/ayuntamiento\/caudeteemprende-alexs-peluqueria-abre-sus-puertas-en-c-la-zafra\/\" \/>\n<meta property=\"og:site_name\" content=\"MI Ayuntamiento de Caudete\" \/>\n<meta property=\"article:publisher\" content=\"https:\/\/www.facebook.com\/ayuntamientocaudete\/\" \/>\n<meta property=\"article:published_time\" content=\"2022-07-13T17:21:24+00:00\" \/>\n<meta property=\"og:image\" content=\"https:\/\/www.caudete.org\/ayuntamiento\/wp-content\/uploads\/2022\/07\/IMG-20220707-WA0028.jpg\" \/>\n\t<meta property=\"og:image:width\" content=\"1600\" \/>\n\t<meta property=\"og:image:height\" content=\"900\" \/>\n\t<meta property=\"og:image:type\" content=\"image\/jpeg\" \/>\n<meta name=\"author\" content=\"alcalde\" \/>\n<meta name=\"twitter:card\" content=\"summary_large_image\" \/>\n<meta name=\"twitter:label1\" content=\"Escrito por\" \/>\n\t<meta name=\"twitter:data1\" content=\"alcalde\" \/>\n\t<meta name=\"twitter:label2\" content=\"Tiempo de lectura\" \/>\n\t<meta name=\"twitter:data2\" content=\"2 minutos\" \/>\n<script type=\"application\/ld+json\" class=\"yoast-schema-graph\">{\"@context\":\"https:\\\/\\\/schema.org\",\"@graph\":[{\"@type\":\"Article\",\"@id\":\"https:\\\/\\\/www.caudete.org\\\/ayuntamiento\\\/caudeteemprende-alexs-peluqueria-abre-sus-puertas-en-c-la-zafra\\\/#article\",\"isPartOf\":{\"@id\":\"https:\\\/\\\/www.caudete.org\\\/ayuntamiento\\\/caudeteemprende-alexs-peluqueria-abre-sus-puertas-en-c-la-zafra\\\/\"},\"author\":{\"name\":\"alcalde\",\"@id\":\"https:\\\/\\\/www.caudete.org\\\/ayuntamiento\\\/#\\\/schema\\\/person\\\/cc646da9133078ee4d8dd47457947253\"},\"headline\":\"CaudeteEMPRENDE: Alex&#8217;s Peluquer\u00eda abre sus puertas en C\\\/La Zafra\",\"datePublished\":\"2022-07-13T17:21:24+00:00\",\"mainEntityOfPage\":{\"@id\":\"https:\\\/\\\/www.caudete.org\\\/ayuntamiento\\\/caudeteemprende-alexs-peluqueria-abre-sus-puertas-en-c-la-zafra\\\/\"},\"wordCount\":244,\"image\":{\"@id\":\"https:\\\/\\\/www.caudete.org\\\/ayuntamiento\\\/caudeteemprende-alexs-peluqueria-abre-sus-puertas-en-c-la-zafra\\\/#primaryimage\"},\"thumbnailUrl\":\"https:\\\/\\\/www.caudete.org\\\/ayuntamiento\\\/wp-content\\\/uploads\\\/2022\\\/07\\\/IMG-20220707-WA0028.jpg\",\"articleSection\":[\"Comercio\"],\"inLanguage\":\"es\"},{\"@type\":\"WebPage\",\"@id\":\"https:\\\/\\\/www.caudete.org\\\/ayuntamiento\\\/caudeteemprende-alexs-peluqueria-abre-sus-puertas-en-c-la-zafra\\\/\",\"url\":\"https:\\\/\\\/www.caudete.org\\\/ayuntamiento\\\/caudeteemprende-alexs-peluqueria-abre-sus-puertas-en-c-la-zafra\\\/\",\"name\":\"CaudeteEMPRENDE: Alex's Peluquer\u00eda abre sus puertas en C\\\/La Zafra - MI Ayuntamiento de Caudete\",\"isPartOf\":{\"@id\":\"https:\\\/\\\/www.caudete.org\\\/ayuntamiento\\\/#website\"},\"primaryImageOfPage\":{\"@id\":\"https:\\\/\\\/www.caudete.org\\\/ayuntamiento\\\/caudeteemprende-alexs-peluqueria-abre-sus-puertas-en-c-la-zafra\\\/#primaryimage\"},\"image\":{\"@id\":\"https:\\\/\\\/www.caudete.org\\\/ayuntamiento\\\/caudeteemprende-alexs-peluqueria-abre-sus-puertas-en-c-la-zafra\\\/#primaryimage\"},\"thumbnailUrl\":\"https:\\\/\\\/www.caudete.org\\\/ayuntamiento\\\/wp-content\\\/uploads\\\/2022\\\/07\\\/IMG-20220707-WA0028.jpg\",\"datePublished\":\"2022-07-13T17:21:24+00:00\",\"author\":{\"@id\":\"https:\\\/\\\/www.caudete.org\\\/ayuntamiento\\\/#\\\/schema\\\/person\\\/cc646da9133078ee4d8dd47457947253\"},\"description\":\"P\u00e1gina Oficial del Ayuntamiento de Caudete (Albacete)\",\"breadcrumb\":{\"@id\":\"https:\\\/\\\/www.caudete.org\\\/ayuntamiento\\\/caudeteemprende-alexs-peluqueria-abre-sus-puertas-en-c-la-zafra\\\/#breadcrumb\"},\"inLanguage\":\"es\",\"potentialAction\":[{\"@type\":\"ReadAction\",\"target\":[\"https:\\\/\\\/www.caudete.org\\\/ayuntamiento\\\/caudeteemprende-alexs-peluqueria-abre-sus-puertas-en-c-la-zafra\\\/\"]}]},{\"@type\":\"ImageObject\",\"inLanguage\":\"es\",\"@id\":\"https:\\\/\\\/www.caudete.org\\\/ayuntamiento\\\/caudeteemprende-alexs-peluqueria-abre-sus-puertas-en-c-la-zafra\\\/#primaryimage\",\"url\":\"https:\\\/\\\/www.caudete.org\\\/ayuntamiento\\\/wp-content\\\/uploads\\\/2022\\\/07\\\/IMG-20220707-WA0028.jpg\",\"contentUrl\":\"https:\\\/\\\/www.caudete.org\\\/ayuntamiento\\\/wp-content\\\/uploads\\\/2022\\\/07\\\/IMG-20220707-WA0028.jpg\",\"width\":1600,\"height\":900},{\"@type\":\"BreadcrumbList\",\"@id\":\"https:\\\/\\\/www.caudete.org\\\/ayuntamiento\\\/caudeteemprende-alexs-peluqueria-abre-sus-puertas-en-c-la-zafra\\\/#breadcrumb\",\"itemListElement\":[{\"@type\":\"ListItem\",\"position\":1,\"name\":\"Inicio\",\"item\":\"https:\\\/\\\/www.caudete.org\\\/ayuntamiento\\\/\"},{\"@type\":\"ListItem\",\"position\":2,\"name\":\"CaudeteEMPRENDE: Alex&#8217;s Peluquer\u00eda abre sus puertas en C\\\/La Zafra\"}]},{\"@type\":\"WebSite\",\"@id\":\"https:\\\/\\\/www.caudete.org\\\/ayuntamiento\\\/#website\",\"url\":\"https:\\\/\\\/www.caudete.org\\\/ayuntamiento\\\/\",\"name\":\"MI Ayuntamiento de Caudete\",\"description\":\"P\u00e1gina Oficial del MI Ayuntamiento de Caudete\",\"potentialAction\":[{\"@type\":\"SearchAction\",\"target\":{\"@type\":\"EntryPoint\",\"urlTemplate\":\"https:\\\/\\\/www.caudete.org\\\/ayuntamiento\\\/?s={search_term_string}\"},\"query-input\":{\"@type\":\"PropertyValueSpecification\",\"valueRequired\":true,\"valueName\":\"search_term_string\"}}],\"inLanguage\":\"es\"},{\"@type\":\"Person\",\"@id\":\"https:\\\/\\\/www.caudete.org\\\/ayuntamiento\\\/#\\\/schema\\\/person\\\/cc646da9133078ee4d8dd47457947253\",\"name\":\"alcalde\",\"image\":{\"@type\":\"ImageObject\",\"inLanguage\":\"es\",\"@id\":\"https:\\\/\\\/secure.gravatar.com\\\/avatar\\\/84a817ba065b29ff08d666b215a215f5c79186a645ccb25b14a663d48a130f77?s=96&d=mm&r=g\",\"url\":\"https:\\\/\\\/secure.gravatar.com\\\/avatar\\\/84a817ba065b29ff08d666b215a215f5c79186a645ccb25b14a663d48a130f77?s=96&d=mm&r=g\",\"contentUrl\":\"https:\\\/\\\/secure.gravatar.com\\\/avatar\\\/84a817ba065b29ff08d666b215a215f5c79186a645ccb25b14a663d48a130f77?s=96&d=mm&r=g\",\"caption\":\"alcalde\"},\"url\":\"https:\\\/\\\/www.caudete.org\\\/ayuntamiento\\\/author\\\/alcalde\\\/\"}]}<\/script>\n<!-- \/ Yoast SEO plugin. -->","yoast_head_json":{"title":"CaudeteEMPRENDE: Alex's Peluquer\u00eda abre sus puertas en C\/La Zafra - MI Ayuntamiento de Caudete","description":"P\u00e1gina Oficial del Ayuntamiento de Caudete (Albacete)","robots":{"index":"index","follow":"follow","max-snippet":"max-snippet:-1","max-image-preview":"max-image-preview:large","max-video-preview":"max-video-preview:-1"},"canonical":"https:\/\/www.caudete.org\/ayuntamiento\/caudeteemprende-alexs-peluqueria-abre-sus-puertas-en-c-la-zafra\/","og_locale":"es_ES","og_type":"article","og_title":"CaudeteEMPRENDE: Alex's Peluquer\u00eda abre sus puertas en C\/La Zafra - MI Ayuntamiento de Caudete","og_description":"P\u00e1gina Oficial del Ayuntamiento de Caudete (Albacete)","og_url":"https:\/\/www.caudete.org\/ayuntamiento\/caudeteemprende-alexs-peluqueria-abre-sus-puertas-en-c-la-zafra\/","og_site_name":"MI Ayuntamiento de Caudete","article_publisher":"https:\/\/www.facebook.com\/ayuntamientocaudete\/","article_published_time":"2022-07-13T17:21:24+00:00","og_image":[{"width":1600,"height":900,"url":"https:\/\/www.caudete.org\/ayuntamiento\/wp-content\/uploads\/2022\/07\/IMG-20220707-WA0028.jpg","type":"image\/jpeg"}],"author":"alcalde","twitter_card":"summary_large_image","twitter_misc":{"Escrito por":"alcalde","Tiempo de lectura":"2 minutos"},"schema":{"@context":"https:\/\/schema.org","@graph":[{"@type":"Article","@id":"https:\/\/www.caudete.org\/ayuntamiento\/caudeteemprende-alexs-peluqueria-abre-sus-puertas-en-c-la-zafra\/#article","isPartOf":{"@id":"https:\/\/www.caudete.org\/ayuntamiento\/caudeteemprende-alexs-peluqueria-abre-sus-puertas-en-c-la-zafra\/"},"author":{"name":"alcalde","@id":"https:\/\/www.caudete.org\/ayuntamiento\/#\/schema\/person\/cc646da9133078ee4d8dd47457947253"},"headline":"CaudeteEMPRENDE: Alex&#8217;s Peluquer\u00eda abre sus puertas en C\/La Zafra","datePublished":"2022-07-13T17:21:24+00:00","mainEntityOfPage":{"@id":"https:\/\/www.caudete.org\/ayuntamiento\/caudeteemprende-alexs-peluqueria-abre-sus-puertas-en-c-la-zafra\/"},"wordCount":244,"image":{"@id":"https:\/\/www.caudete.org\/ayuntamiento\/caudeteemprende-alexs-peluqueria-abre-sus-puertas-en-c-la-zafra\/#primaryimage"},"thumbnailUrl":"https:\/\/www.caudete.org\/ayuntamiento\/wp-content\/uploads\/2022\/07\/IMG-20220707-WA0028.jpg","articleSection":["Comercio"],"inLanguage":"es"},{"@type":"WebPage","@id":"https:\/\/www.caudete.org\/ayuntamiento\/caudeteemprende-alexs-peluqueria-abre-sus-puertas-en-c-la-zafra\/","url":"https:\/\/www.caudete.org\/ayuntamiento\/caudeteemprende-alexs-peluqueria-abre-sus-puertas-en-c-la-zafra\/","name":"CaudeteEMPRENDE: Alex's Peluquer\u00eda abre sus puertas en C\/La Zafra - MI Ayuntamiento de Caudete","isPartOf":{"@id":"https:\/\/www.caudete.org\/ayuntamiento\/#website"},"primaryImageOfPage":{"@id":"https:\/\/www.caudete.org\/ayuntamiento\/caudeteemprende-alexs-peluqueria-abre-sus-puertas-en-c-la-zafra\/#primaryimage"},"image":{"@id":"https:\/\/www.caudete.org\/ayuntamiento\/caudeteemprende-alexs-peluqueria-abre-sus-puertas-en-c-la-zafra\/#primaryimage"},"thumbnailUrl":"https:\/\/www.caudete.org\/ayuntamiento\/wp-content\/uploads\/2022\/07\/IMG-20220707-WA0028.jpg","datePublished":"2022-07-13T17:21:24+00:00","author":{"@id":"https:\/\/www.caudete.org\/ayuntamiento\/#\/schema\/person\/cc646da9133078ee4d8dd47457947253"},"description":"P\u00e1gina Oficial del Ayuntamiento de Caudete (Albacete)","breadcrumb":{"@id":"https:\/\/www.caudete.org\/ayuntamiento\/caudeteemprende-alexs-peluqueria-abre-sus-puertas-en-c-la-zafra\/#breadcrumb"},"inLanguage":"es","potentialAction":[{"@type":"ReadAction","target":["https:\/\/www.caudete.org\/ayuntamiento\/caudeteemprende-alexs-peluqueria-abre-sus-puertas-en-c-la-zafra\/"]}]},{"@type":"ImageObject","inLanguage":"es","@id":"https:\/\/www.caudete.org\/ayuntamiento\/caudeteemprende-alexs-peluqueria-abre-sus-puertas-en-c-la-zafra\/#primaryimage","url":"https:\/\/www.caudete.org\/ayuntamiento\/wp-content\/uploads\/2022\/07\/IMG-20220707-WA0028.jpg","contentUrl":"https:\/\/www.caudete.org\/ayuntamiento\/wp-content\/uploads\/2022\/07\/IMG-20220707-WA0028.jpg","width":1600,"height":900},{"@type":"BreadcrumbList","@id":"https:\/\/www.caudete.org\/ayuntamiento\/caudeteemprende-alexs-peluqueria-abre-sus-puertas-en-c-la-zafra\/#breadcrumb","itemListElement":[{"@type":"ListItem","position":1,"name":"Inicio","item":"https:\/\/www.caudete.org\/ayuntamiento\/"},{"@type":"ListItem","position":2,"name":"CaudeteEMPRENDE: Alex&#8217;s Peluquer\u00eda abre sus puertas en C\/La Zafra"}]},{"@type":"WebSite","@id":"https:\/\/www.caudete.org\/ayuntamiento\/#website","url":"https:\/\/www.caudete.org\/ayuntamiento\/","name":"MI Ayuntamiento de Caudete","description":"P\u00e1gina Oficial del MI Ayuntamiento de Caudete","potentialAction":[{"@type":"SearchAction","target":{"@type":"EntryPoint","urlTemplate":"https:\/\/www.caudete.org\/ayuntamiento\/?s={search_term_string}"},"query-input":{"@type":"PropertyValueSpecification","valueRequired":true,"valueName":"search_term_string"}}],"inLanguage":"es"},{"@type":"Person","@id":"https:\/\/www.caudete.org\/ayuntamiento\/#\/schema\/person\/cc646da9133078ee4d8dd47457947253","name":"alcalde","image":{"@type":"ImageObject","inLanguage":"es","@id":"https:\/\/secure.gravatar.com\/avatar\/84a817ba065b29ff08d666b215a215f5c79186a645ccb25b14a663d48a130f77?s=96&d=mm&r=g","url":"https:\/\/secure.gravatar.com\/avatar\/84a817ba065b29ff08d666b215a215f5c79186a645ccb25b14a663d48a130f77?s=96&d=mm&r=g","contentUrl":"https:\/\/secure.gravatar.com\/avatar\/84a817ba065b29ff08d666b215a215f5c79186a645ccb25b14a663d48a130f77?s=96&d=mm&r=g","caption":"alcalde"},"url":"https:\/\/www.caudete.org\/ayuntamiento\/author\/alcalde\/"}]}},"_links":{"self":[{"href":"https:\/\/www.caudete.org\/ayuntamiento\/wp-json\/wp\/v2\/posts\/19648","targetHints":{"allow":["GET"]}}],"collection":[{"href":"https:\/\/www.caudete.org\/ayuntamiento\/wp-json\/wp\/v2\/posts"}],"about":[{"href":"https:\/\/www.caudete.org\/ayuntamiento\/wp-json\/wp\/v2\/types\/post"}],"author":[{"embeddable":true,"href":"https:\/\/www.caudete.org\/ayuntamiento\/wp-json\/wp\/v2\/users\/3"}],"replies":[{"embeddable":true,"href":"https:\/\/www.caudete.org\/ayuntamiento\/wp-json\/wp\/v2\/comments?post=19648"}],"version-history":[{"count":1,"href":"https:\/\/www.caudete.org\/ayuntamiento\/wp-json\/wp\/v2\/posts\/19648\/revisions"}],"predecessor-version":[{"id":19651,"href":"https:\/\/www.caudete.org\/ayuntamiento\/wp-json\/wp\/v2\/posts\/19648\/revisions\/19651"}],"wp:featuredmedia":[{"embeddable":true,"href":"https:\/\/www.caudete.org\/ayuntamiento\/wp-json\/wp\/v2\/media\/19649"}],"wp:attachment":[{"href":"https:\/\/www.caudete.org\/ayuntamiento\/wp-json\/wp\/v2\/media?parent=19648"}],"wp:term":[{"taxonomy":"category","embeddable":true,"href":"https:\/\/www.caudete.org\/ayuntamiento\/wp-json\/wp\/v2\/categories?post=19648"},{"taxonomy":"post_tag","embeddable":true,"href":"https:\/\/www.caudete.org\/ayuntamiento\/wp-json\/wp\/v2\/tags?post=19648"}],"curies":[{"name":"wp","href":"https:\/\/api.w.org\/{rel}","templated":true}]}}