{"id":19679,"date":"2022-07-20T20:10:31","date_gmt":"2022-07-20T18:10:31","guid":{"rendered":"https:\/\/www.caudete.org\/ayuntamiento\/?p=19679"},"modified":"2022-07-20T20:10:31","modified_gmt":"2022-07-20T18:10:31","slug":"movilidad-pone-en-marcha-una-campana-para-reducir-el-ruido-ocasionado-por-las-tapaderas-de-la-via-publica","status":"publish","type":"post","link":"https:\/\/www.caudete.org\/ayuntamiento\/movilidad-pone-en-marcha-una-campana-para-reducir-el-ruido-ocasionado-por-las-tapaderas-de-la-via-publica\/","title":{"rendered":"Movilidad pone en marcha una campa\u00f1a para reducir el ruido ocasionado por las tapaderas de la v\u00eda p\u00fablica"},"content":{"rendered":"<p style=\"text-align: justify;\">La Concejal\u00eda de Movilidad ha puesto en marcha una nueva medida dentro del Plan de Mejoras Urbanas para dar soluci\u00f3n a las quejas por ruidos con origen en diferentes tapas de registro ubicadas en la v\u00eda p\u00fablica\u00a0 (alcantarillado, imbornales, etc).<\/p>\n<p><img fetchpriority=\"high\" decoding=\"async\" class=\"size-medium wp-image-19681 aligncenter\" src=\"https:\/\/www.caudete.org\/ayuntamiento\/wp-content\/uploads\/2022\/07\/IMG-20220720-WA0036-248x300.jpg\" alt=\"\" width=\"248\" height=\"300\" srcset=\"https:\/\/www.caudete.org\/ayuntamiento\/wp-content\/uploads\/2022\/07\/IMG-20220720-WA0036-248x300.jpg 248w, https:\/\/www.caudete.org\/ayuntamiento\/wp-content\/uploads\/2022\/07\/IMG-20220720-WA0036.jpg 730w\" sizes=\"(max-width: 248px) 100vw, 248px\" \/><\/p>\n<p style=\"text-align: justify;\">El concejal responsable, Joaqu\u00edn Pag\u00e1n,\u00a0 expresa que &#8220;es un problema que se percibe sobre todo en verano donde las ventanas permanecen abiertas y los ruidos de la calle molestan sobre todo en horario nocturno. Puede parecer un problema menor, pero para quien necesita descansar y tiene una tapa ruidosa es un gran problema&#8221;.<\/p>\n<p style=\"text-align: justify;\">Se han estudiado diferentes soluciones de mercado para mitigar estos ruidos, habiendo elegido un producto sencillo y r\u00e1pido de instalar.<\/p>\n<p style=\"text-align: justify;\">Continuaba detallando que la prueba piloto se ha realizado con un par de tapas en la Avenida de las Jornetas y el resultado ha sido satisfactorio, por lo que se ha planeado ya actuar en los diferentes puntos identificadas por los operarios municipales y por los que han sido objeto de algunas reclamaciones.<\/p>\n<p><img decoding=\"async\" class=\"size-medium wp-image-19682 aligncenter\" src=\"https:\/\/www.caudete.org\/ayuntamiento\/wp-content\/uploads\/2022\/07\/IMG-20220720-WA0039-283x300.jpg\" alt=\"\" width=\"283\" height=\"300\" srcset=\"https:\/\/www.caudete.org\/ayuntamiento\/wp-content\/uploads\/2022\/07\/IMG-20220720-WA0039-283x300.jpg 283w, https:\/\/www.caudete.org\/ayuntamiento\/wp-content\/uploads\/2022\/07\/IMG-20220720-WA0039.jpg 752w\" sizes=\"(max-width: 283px) 100vw, 283px\" \/><\/p>\n","protected":false},"excerpt":{"rendered":"<p>La Concejal\u00eda de Movilidad ha puesto en marcha una nueva medida dentro del Plan de Mejoras Urbanas para dar soluci\u00f3n a las quejas por ruidos con origen en diferentes tapas de registro ubicadas en la v\u00eda p\u00fablica\u00a0 (alcantarillado, imbornales, etc). El concejal responsable, Joaqu\u00edn Pag\u00e1n,\u00a0 expresa que &#8220;es un problema que se percibe sobre todo &hellip;<\/p>\n","protected":false},"author":3,"featured_media":19680,"comment_status":"closed","ping_status":"open","sticky":false,"template":"","format":"standard","meta":{"ngg_post_thumbnail":0,"footnotes":""},"categories":[46],"tags":[],"class_list":["post-19679","post","type-post","status-publish","format-standard","has-post-thumbnail","hentry","category-movilidad-urbana"],"yoast_head":"<!-- This site is optimized with the Yoast SEO plugin v27.5 - https:\/\/yoast.com\/product\/yoast-seo-wordpress\/ -->\n<title>Movilidad pone en marcha una campa\u00f1a para reducir el ruido ocasionado por las tapaderas de la v\u00eda p\u00fablica - MI Ayuntamiento de Caudete<\/title>\n<meta name=\"description\" content=\"P\u00e1gina Oficial del Ayuntamiento de Caudete (Albacete)\" \/>\n<meta name=\"robots\" content=\"index, follow, max-snippet:-1, max-image-preview:large, max-video-preview:-1\" \/>\n<link rel=\"canonical\" href=\"https:\/\/www.caudete.org\/ayuntamiento\/movilidad-pone-en-marcha-una-campana-para-reducir-el-ruido-ocasionado-por-las-tapaderas-de-la-via-publica\/\" \/>\n<meta property=\"og:locale\" content=\"es_ES\" \/>\n<meta property=\"og:type\" content=\"article\" \/>\n<meta property=\"og:title\" content=\"Movilidad pone en marcha una campa\u00f1a para reducir el ruido ocasionado por las tapaderas de la v\u00eda p\u00fablica - MI Ayuntamiento de Caudete\" \/>\n<meta property=\"og:description\" content=\"P\u00e1gina Oficial del Ayuntamiento de Caudete (Albacete)\" \/>\n<meta property=\"og:url\" content=\"https:\/\/www.caudete.org\/ayuntamiento\/movilidad-pone-en-marcha-una-campana-para-reducir-el-ruido-ocasionado-por-las-tapaderas-de-la-via-publica\/\" \/>\n<meta property=\"og:site_name\" content=\"MI Ayuntamiento de Caudete\" \/>\n<meta property=\"article:publisher\" content=\"https:\/\/www.facebook.com\/ayuntamientocaudete\/\" \/>\n<meta property=\"article:published_time\" content=\"2022-07-20T18:10:31+00:00\" \/>\n<meta property=\"og:image\" content=\"https:\/\/www.caudete.org\/ayuntamiento\/wp-content\/uploads\/2022\/07\/IMG-20220720-WA0038.jpg\" \/>\n\t<meta property=\"og:image:width\" content=\"1600\" \/>\n\t<meta property=\"og:image:height\" content=\"846\" \/>\n\t<meta property=\"og:image:type\" content=\"image\/jpeg\" \/>\n<meta name=\"author\" content=\"alcalde\" \/>\n<meta name=\"twitter:card\" content=\"summary_large_image\" \/>\n<meta name=\"twitter:label1\" content=\"Escrito por\" \/>\n\t<meta name=\"twitter:data1\" content=\"alcalde\" \/>\n\t<meta name=\"twitter:label2\" content=\"Tiempo de lectura\" \/>\n\t<meta name=\"twitter:data2\" content=\"2 minutos\" \/>\n<script type=\"application\/ld+json\" class=\"yoast-schema-graph\">{\"@context\":\"https:\\\/\\\/schema.org\",\"@graph\":[{\"@type\":\"Article\",\"@id\":\"https:\\\/\\\/www.caudete.org\\\/ayuntamiento\\\/movilidad-pone-en-marcha-una-campana-para-reducir-el-ruido-ocasionado-por-las-tapaderas-de-la-via-publica\\\/#article\",\"isPartOf\":{\"@id\":\"https:\\\/\\\/www.caudete.org\\\/ayuntamiento\\\/movilidad-pone-en-marcha-una-campana-para-reducir-el-ruido-ocasionado-por-las-tapaderas-de-la-via-publica\\\/\"},\"author\":{\"name\":\"alcalde\",\"@id\":\"https:\\\/\\\/www.caudete.org\\\/ayuntamiento\\\/#\\\/schema\\\/person\\\/cc646da9133078ee4d8dd47457947253\"},\"headline\":\"Movilidad pone en marcha una campa\u00f1a para reducir el ruido ocasionado por las tapaderas de la v\u00eda p\u00fablica\",\"datePublished\":\"2022-07-20T18:10:31+00:00\",\"mainEntityOfPage\":{\"@id\":\"https:\\\/\\\/www.caudete.org\\\/ayuntamiento\\\/movilidad-pone-en-marcha-una-campana-para-reducir-el-ruido-ocasionado-por-las-tapaderas-de-la-via-publica\\\/\"},\"wordCount\":194,\"image\":{\"@id\":\"https:\\\/\\\/www.caudete.org\\\/ayuntamiento\\\/movilidad-pone-en-marcha-una-campana-para-reducir-el-ruido-ocasionado-por-las-tapaderas-de-la-via-publica\\\/#primaryimage\"},\"thumbnailUrl\":\"https:\\\/\\\/www.caudete.org\\\/ayuntamiento\\\/wp-content\\\/uploads\\\/2022\\\/07\\\/IMG-20220720-WA0038.jpg\",\"articleSection\":[\"Movilidad Urbana\"],\"inLanguage\":\"es\"},{\"@type\":\"WebPage\",\"@id\":\"https:\\\/\\\/www.caudete.org\\\/ayuntamiento\\\/movilidad-pone-en-marcha-una-campana-para-reducir-el-ruido-ocasionado-por-las-tapaderas-de-la-via-publica\\\/\",\"url\":\"https:\\\/\\\/www.caudete.org\\\/ayuntamiento\\\/movilidad-pone-en-marcha-una-campana-para-reducir-el-ruido-ocasionado-por-las-tapaderas-de-la-via-publica\\\/\",\"name\":\"Movilidad pone en marcha una campa\u00f1a para reducir el ruido ocasionado por las tapaderas de la v\u00eda p\u00fablica - MI Ayuntamiento de Caudete\",\"isPartOf\":{\"@id\":\"https:\\\/\\\/www.caudete.org\\\/ayuntamiento\\\/#website\"},\"primaryImageOfPage\":{\"@id\":\"https:\\\/\\\/www.caudete.org\\\/ayuntamiento\\\/movilidad-pone-en-marcha-una-campana-para-reducir-el-ruido-ocasionado-por-las-tapaderas-de-la-via-publica\\\/#primaryimage\"},\"image\":{\"@id\":\"https:\\\/\\\/www.caudete.org\\\/ayuntamiento\\\/movilidad-pone-en-marcha-una-campana-para-reducir-el-ruido-ocasionado-por-las-tapaderas-de-la-via-publica\\\/#primaryimage\"},\"thumbnailUrl\":\"https:\\\/\\\/www.caudete.org\\\/ayuntamiento\\\/wp-content\\\/uploads\\\/2022\\\/07\\\/IMG-20220720-WA0038.jpg\",\"datePublished\":\"2022-07-20T18:10:31+00:00\",\"author\":{\"@id\":\"https:\\\/\\\/www.caudete.org\\\/ayuntamiento\\\/#\\\/schema\\\/person\\\/cc646da9133078ee4d8dd47457947253\"},\"description\":\"P\u00e1gina Oficial del Ayuntamiento de Caudete (Albacete)\",\"breadcrumb\":{\"@id\":\"https:\\\/\\\/www.caudete.org\\\/ayuntamiento\\\/movilidad-pone-en-marcha-una-campana-para-reducir-el-ruido-ocasionado-por-las-tapaderas-de-la-via-publica\\\/#breadcrumb\"},\"inLanguage\":\"es\",\"potentialAction\":[{\"@type\":\"ReadAction\",\"target\":[\"https:\\\/\\\/www.caudete.org\\\/ayuntamiento\\\/movilidad-pone-en-marcha-una-campana-para-reducir-el-ruido-ocasionado-por-las-tapaderas-de-la-via-publica\\\/\"]}]},{\"@type\":\"ImageObject\",\"inLanguage\":\"es\",\"@id\":\"https:\\\/\\\/www.caudete.org\\\/ayuntamiento\\\/movilidad-pone-en-marcha-una-campana-para-reducir-el-ruido-ocasionado-por-las-tapaderas-de-la-via-publica\\\/#primaryimage\",\"url\":\"https:\\\/\\\/www.caudete.org\\\/ayuntamiento\\\/wp-content\\\/uploads\\\/2022\\\/07\\\/IMG-20220720-WA0038.jpg\",\"contentUrl\":\"https:\\\/\\\/www.caudete.org\\\/ayuntamiento\\\/wp-content\\\/uploads\\\/2022\\\/07\\\/IMG-20220720-WA0038.jpg\",\"width\":1600,\"height\":846},{\"@type\":\"BreadcrumbList\",\"@id\":\"https:\\\/\\\/www.caudete.org\\\/ayuntamiento\\\/movilidad-pone-en-marcha-una-campana-para-reducir-el-ruido-ocasionado-por-las-tapaderas-de-la-via-publica\\\/#breadcrumb\",\"itemListElement\":[{\"@type\":\"ListItem\",\"position\":1,\"name\":\"Inicio\",\"item\":\"https:\\\/\\\/www.caudete.org\\\/ayuntamiento\\\/\"},{\"@type\":\"ListItem\",\"position\":2,\"name\":\"Movilidad pone en marcha una campa\u00f1a para reducir el ruido ocasionado por las tapaderas de la v\u00eda p\u00fablica\"}]},{\"@type\":\"WebSite\",\"@id\":\"https:\\\/\\\/www.caudete.org\\\/ayuntamiento\\\/#website\",\"url\":\"https:\\\/\\\/www.caudete.org\\\/ayuntamiento\\\/\",\"name\":\"MI Ayuntamiento de Caudete\",\"description\":\"P\u00e1gina Oficial del MI Ayuntamiento de Caudete\",\"potentialAction\":[{\"@type\":\"SearchAction\",\"target\":{\"@type\":\"EntryPoint\",\"urlTemplate\":\"https:\\\/\\\/www.caudete.org\\\/ayuntamiento\\\/?s={search_term_string}\"},\"query-input\":{\"@type\":\"PropertyValueSpecification\",\"valueRequired\":true,\"valueName\":\"search_term_string\"}}],\"inLanguage\":\"es\"},{\"@type\":\"Person\",\"@id\":\"https:\\\/\\\/www.caudete.org\\\/ayuntamiento\\\/#\\\/schema\\\/person\\\/cc646da9133078ee4d8dd47457947253\",\"name\":\"alcalde\",\"image\":{\"@type\":\"ImageObject\",\"inLanguage\":\"es\",\"@id\":\"https:\\\/\\\/secure.gravatar.com\\\/avatar\\\/84a817ba065b29ff08d666b215a215f5c79186a645ccb25b14a663d48a130f77?s=96&d=mm&r=g\",\"url\":\"https:\\\/\\\/secure.gravatar.com\\\/avatar\\\/84a817ba065b29ff08d666b215a215f5c79186a645ccb25b14a663d48a130f77?s=96&d=mm&r=g\",\"contentUrl\":\"https:\\\/\\\/secure.gravatar.com\\\/avatar\\\/84a817ba065b29ff08d666b215a215f5c79186a645ccb25b14a663d48a130f77?s=96&d=mm&r=g\",\"caption\":\"alcalde\"},\"url\":\"https:\\\/\\\/www.caudete.org\\\/ayuntamiento\\\/author\\\/alcalde\\\/\"}]}<\/script>\n<!-- \/ Yoast SEO plugin. -->","yoast_head_json":{"title":"Movilidad pone en marcha una campa\u00f1a para reducir el ruido ocasionado por las tapaderas de la v\u00eda p\u00fablica - MI Ayuntamiento de Caudete","description":"P\u00e1gina Oficial del Ayuntamiento de Caudete (Albacete)","robots":{"index":"index","follow":"follow","max-snippet":"max-snippet:-1","max-image-preview":"max-image-preview:large","max-video-preview":"max-video-preview:-1"},"canonical":"https:\/\/www.caudete.org\/ayuntamiento\/movilidad-pone-en-marcha-una-campana-para-reducir-el-ruido-ocasionado-por-las-tapaderas-de-la-via-publica\/","og_locale":"es_ES","og_type":"article","og_title":"Movilidad pone en marcha una campa\u00f1a para reducir el ruido ocasionado por las tapaderas de la v\u00eda p\u00fablica - MI Ayuntamiento de Caudete","og_description":"P\u00e1gina Oficial del Ayuntamiento de Caudete (Albacete)","og_url":"https:\/\/www.caudete.org\/ayuntamiento\/movilidad-pone-en-marcha-una-campana-para-reducir-el-ruido-ocasionado-por-las-tapaderas-de-la-via-publica\/","og_site_name":"MI Ayuntamiento de Caudete","article_publisher":"https:\/\/www.facebook.com\/ayuntamientocaudete\/","article_published_time":"2022-07-20T18:10:31+00:00","og_image":[{"width":1600,"height":846,"url":"https:\/\/www.caudete.org\/ayuntamiento\/wp-content\/uploads\/2022\/07\/IMG-20220720-WA0038.jpg","type":"image\/jpeg"}],"author":"alcalde","twitter_card":"summary_large_image","twitter_misc":{"Escrito por":"alcalde","Tiempo de lectura":"2 minutos"},"schema":{"@context":"https:\/\/schema.org","@graph":[{"@type":"Article","@id":"https:\/\/www.caudete.org\/ayuntamiento\/movilidad-pone-en-marcha-una-campana-para-reducir-el-ruido-ocasionado-por-las-tapaderas-de-la-via-publica\/#article","isPartOf":{"@id":"https:\/\/www.caudete.org\/ayuntamiento\/movilidad-pone-en-marcha-una-campana-para-reducir-el-ruido-ocasionado-por-las-tapaderas-de-la-via-publica\/"},"author":{"name":"alcalde","@id":"https:\/\/www.caudete.org\/ayuntamiento\/#\/schema\/person\/cc646da9133078ee4d8dd47457947253"},"headline":"Movilidad pone en marcha una campa\u00f1a para reducir el ruido ocasionado por las tapaderas de la v\u00eda p\u00fablica","datePublished":"2022-07-20T18:10:31+00:00","mainEntityOfPage":{"@id":"https:\/\/www.caudete.org\/ayuntamiento\/movilidad-pone-en-marcha-una-campana-para-reducir-el-ruido-ocasionado-por-las-tapaderas-de-la-via-publica\/"},"wordCount":194,"image":{"@id":"https:\/\/www.caudete.org\/ayuntamiento\/movilidad-pone-en-marcha-una-campana-para-reducir-el-ruido-ocasionado-por-las-tapaderas-de-la-via-publica\/#primaryimage"},"thumbnailUrl":"https:\/\/www.caudete.org\/ayuntamiento\/wp-content\/uploads\/2022\/07\/IMG-20220720-WA0038.jpg","articleSection":["Movilidad Urbana"],"inLanguage":"es"},{"@type":"WebPage","@id":"https:\/\/www.caudete.org\/ayuntamiento\/movilidad-pone-en-marcha-una-campana-para-reducir-el-ruido-ocasionado-por-las-tapaderas-de-la-via-publica\/","url":"https:\/\/www.caudete.org\/ayuntamiento\/movilidad-pone-en-marcha-una-campana-para-reducir-el-ruido-ocasionado-por-las-tapaderas-de-la-via-publica\/","name":"Movilidad pone en marcha una campa\u00f1a para reducir el ruido ocasionado por las tapaderas de la v\u00eda p\u00fablica - MI Ayuntamiento de Caudete","isPartOf":{"@id":"https:\/\/www.caudete.org\/ayuntamiento\/#website"},"primaryImageOfPage":{"@id":"https:\/\/www.caudete.org\/ayuntamiento\/movilidad-pone-en-marcha-una-campana-para-reducir-el-ruido-ocasionado-por-las-tapaderas-de-la-via-publica\/#primaryimage"},"image":{"@id":"https:\/\/www.caudete.org\/ayuntamiento\/movilidad-pone-en-marcha-una-campana-para-reducir-el-ruido-ocasionado-por-las-tapaderas-de-la-via-publica\/#primaryimage"},"thumbnailUrl":"https:\/\/www.caudete.org\/ayuntamiento\/wp-content\/uploads\/2022\/07\/IMG-20220720-WA0038.jpg","datePublished":"2022-07-20T18:10:31+00:00","author":{"@id":"https:\/\/www.caudete.org\/ayuntamiento\/#\/schema\/person\/cc646da9133078ee4d8dd47457947253"},"description":"P\u00e1gina Oficial del Ayuntamiento de Caudete (Albacete)","breadcrumb":{"@id":"https:\/\/www.caudete.org\/ayuntamiento\/movilidad-pone-en-marcha-una-campana-para-reducir-el-ruido-ocasionado-por-las-tapaderas-de-la-via-publica\/#breadcrumb"},"inLanguage":"es","potentialAction":[{"@type":"ReadAction","target":["https:\/\/www.caudete.org\/ayuntamiento\/movilidad-pone-en-marcha-una-campana-para-reducir-el-ruido-ocasionado-por-las-tapaderas-de-la-via-publica\/"]}]},{"@type":"ImageObject","inLanguage":"es","@id":"https:\/\/www.caudete.org\/ayuntamiento\/movilidad-pone-en-marcha-una-campana-para-reducir-el-ruido-ocasionado-por-las-tapaderas-de-la-via-publica\/#primaryimage","url":"https:\/\/www.caudete.org\/ayuntamiento\/wp-content\/uploads\/2022\/07\/IMG-20220720-WA0038.jpg","contentUrl":"https:\/\/www.caudete.org\/ayuntamiento\/wp-content\/uploads\/2022\/07\/IMG-20220720-WA0038.jpg","width":1600,"height":846},{"@type":"BreadcrumbList","@id":"https:\/\/www.caudete.org\/ayuntamiento\/movilidad-pone-en-marcha-una-campana-para-reducir-el-ruido-ocasionado-por-las-tapaderas-de-la-via-publica\/#breadcrumb","itemListElement":[{"@type":"ListItem","position":1,"name":"Inicio","item":"https:\/\/www.caudete.org\/ayuntamiento\/"},{"@type":"ListItem","position":2,"name":"Movilidad pone en marcha una campa\u00f1a para reducir el ruido ocasionado por las tapaderas de la v\u00eda p\u00fablica"}]},{"@type":"WebSite","@id":"https:\/\/www.caudete.org\/ayuntamiento\/#website","url":"https:\/\/www.caudete.org\/ayuntamiento\/","name":"MI Ayuntamiento de Caudete","description":"P\u00e1gina Oficial del MI Ayuntamiento de Caudete","potentialAction":[{"@type":"SearchAction","target":{"@type":"EntryPoint","urlTemplate":"https:\/\/www.caudete.org\/ayuntamiento\/?s={search_term_string}"},"query-input":{"@type":"PropertyValueSpecification","valueRequired":true,"valueName":"search_term_string"}}],"inLanguage":"es"},{"@type":"Person","@id":"https:\/\/www.caudete.org\/ayuntamiento\/#\/schema\/person\/cc646da9133078ee4d8dd47457947253","name":"alcalde","image":{"@type":"ImageObject","inLanguage":"es","@id":"https:\/\/secure.gravatar.com\/avatar\/84a817ba065b29ff08d666b215a215f5c79186a645ccb25b14a663d48a130f77?s=96&d=mm&r=g","url":"https:\/\/secure.gravatar.com\/avatar\/84a817ba065b29ff08d666b215a215f5c79186a645ccb25b14a663d48a130f77?s=96&d=mm&r=g","contentUrl":"https:\/\/secure.gravatar.com\/avatar\/84a817ba065b29ff08d666b215a215f5c79186a645ccb25b14a663d48a130f77?s=96&d=mm&r=g","caption":"alcalde"},"url":"https:\/\/www.caudete.org\/ayuntamiento\/author\/alcalde\/"}]}},"_links":{"self":[{"href":"https:\/\/www.caudete.org\/ayuntamiento\/wp-json\/wp\/v2\/posts\/19679","targetHints":{"allow":["GET"]}}],"collection":[{"href":"https:\/\/www.caudete.org\/ayuntamiento\/wp-json\/wp\/v2\/posts"}],"about":[{"href":"https:\/\/www.caudete.org\/ayuntamiento\/wp-json\/wp\/v2\/types\/post"}],"author":[{"embeddable":true,"href":"https:\/\/www.caudete.org\/ayuntamiento\/wp-json\/wp\/v2\/users\/3"}],"replies":[{"embeddable":true,"href":"https:\/\/www.caudete.org\/ayuntamiento\/wp-json\/wp\/v2\/comments?post=19679"}],"version-history":[{"count":1,"href":"https:\/\/www.caudete.org\/ayuntamiento\/wp-json\/wp\/v2\/posts\/19679\/revisions"}],"predecessor-version":[{"id":19683,"href":"https:\/\/www.caudete.org\/ayuntamiento\/wp-json\/wp\/v2\/posts\/19679\/revisions\/19683"}],"wp:featuredmedia":[{"embeddable":true,"href":"https:\/\/www.caudete.org\/ayuntamiento\/wp-json\/wp\/v2\/media\/19680"}],"wp:attachment":[{"href":"https:\/\/www.caudete.org\/ayuntamiento\/wp-json\/wp\/v2\/media?parent=19679"}],"wp:term":[{"taxonomy":"category","embeddable":true,"href":"https:\/\/www.caudete.org\/ayuntamiento\/wp-json\/wp\/v2\/categories?post=19679"},{"taxonomy":"post_tag","embeddable":true,"href":"https:\/\/www.caudete.org\/ayuntamiento\/wp-json\/wp\/v2\/tags?post=19679"}],"curies":[{"name":"wp","href":"https:\/\/api.w.org\/{rel}","templated":true}]}}