{"id":19684,"date":"2022-07-21T11:07:28","date_gmt":"2022-07-21T09:07:28","guid":{"rendered":"https:\/\/www.caudete.org\/ayuntamiento\/?p=19684"},"modified":"2022-07-21T12:28:50","modified_gmt":"2022-07-21T10:28:50","slug":"caudeteemprende-presenta-a-el-bistro-by-bien-jamon","status":"publish","type":"post","link":"https:\/\/www.caudete.org\/ayuntamiento\/caudeteemprende-presenta-a-el-bistro-by-bien-jamon\/","title":{"rendered":"CaudeteEMPRENDE: presenta a &#8220;EL BISTR\u00d3&#8221; by bien jam\u00f3n"},"content":{"rendered":"<p style=\"text-align: justify;\">Dentro de la campa\u00f1a CaudeteEMPRENDE realizada por la Concejal\u00eda de Comercio, su edil Diego Cuenca Olivares nos presenta <strong>El Bistr\u00f3 by Bien Jam\u00f3n<\/strong> situado en la antigua Pe\u00f1a Madridista, sito en C\/El Horno.<\/p>\n<p style=\"text-align: justify;\">El Bistr\u00f3 by Bien Jam\u00f3n abri\u00f3 sus puertas en el mes de diciembre, pero ha sido ahora cuando su propietaria Raquel Gald\u00f3n nos ha abierto sus puertas para que todo aquel que todav\u00eda no ha ido a conocerlos y degustar su experiencia gastron\u00f3mica se anime ha hacerlo.<\/p>\n<p style=\"text-align: justify;\">Raquel Gald\u00f3n nos comentaba que era ilusi\u00f3n de toda su familia abrir su propio restaurante, y al conocer la oportunidad de quedarse ese local, se embarc\u00f3 junto a su hermano Antonio Gald\u00f3n, que es cortador profesional de Jam\u00f3n, en la creaci\u00f3n de este Bistr\u00f3.<\/p>\n<p style=\"text-align: justify;\">Tienen men\u00fas diarios y men\u00fas de grupo.<\/p>\n<p style=\"text-align: justify;\">Sus especialidades:<\/p>\n<p style=\"text-align: justify;\">Arroz meloso de Marisco<\/p>\n<p style=\"text-align: justify;\">Gazpachos manchegos<\/p>\n<p style=\"text-align: justify;\">Carne a la Parrilla<\/p>\n<p style=\"text-align: justify;\">Marisco<\/p>\n<p style=\"text-align: justify;\">Y entre sus aperitivos:<\/p>\n<p style=\"text-align: justify;\">Tataki de torreznos<\/p>\n<p style=\"text-align: justify;\">Gambas al ajillo de la Bah\u00eda de Santa Pola<\/p>\n<p style=\"text-align: justify;\"><img fetchpriority=\"high\" decoding=\"async\" class=\"size-medium wp-image-19690 aligncenter\" src=\"https:\/\/www.caudete.org\/ayuntamiento\/wp-content\/uploads\/2022\/07\/IMG-20220721-WA0002-169x300.jpg\" alt=\"\" width=\"169\" height=\"300\" srcset=\"https:\/\/www.caudete.org\/ayuntamiento\/wp-content\/uploads\/2022\/07\/IMG-20220721-WA0002-169x300.jpg 169w, https:\/\/www.caudete.org\/ayuntamiento\/wp-content\/uploads\/2022\/07\/IMG-20220721-WA0002-576x1024.jpg 576w, https:\/\/www.caudete.org\/ayuntamiento\/wp-content\/uploads\/2022\/07\/IMG-20220721-WA0002-768x1365.jpg 768w, https:\/\/www.caudete.org\/ayuntamiento\/wp-content\/uploads\/2022\/07\/IMG-20220721-WA0002-864x1536.jpg 864w, https:\/\/www.caudete.org\/ayuntamiento\/wp-content\/uploads\/2022\/07\/IMG-20220721-WA0002.jpg 1152w\" sizes=\"(max-width: 169px) 100vw, 169px\" \/><\/p>\n<p><em><strong>Horario<\/strong><\/em><\/p>\n<p>Viernes de 20:00 a 1:00 horas<\/p>\n<p>S\u00e1bado de 8:00 a 17:00 y 20:00 a 1:00 horas.<\/p>\n<p>Domingo de 8:00 a 17:00 horas.<\/p>\n<p style=\"text-align: justify;\">Sus productos son de proximidad y de alta calidad y su carta innovadora, actual y con sabores que no dejan indiferente a nadie.<\/p>\n<p style=\"text-align: justify;\">Raquel Gald\u00f3n tambi\u00e9n nos comentaba que despu\u00e9s de las fiestas locales de Moros y Cristianos cerrar\u00e1n unos d\u00edas para darle un toque m\u00e1s personal al establecimiento.<\/p>\n<p style=\"text-align: justify;\">CaudeteEMPRENDE es una campa\u00f1a creada desde la Concejal\u00eda de Comercio con el objetivo de dar visibilidad y apoyo a los nuevos comercios la localidad, acerc\u00e1ndolos a la ciudadan\u00eda a trav\u00e9s de las redes sociales del M.I. Ayuntamiento y la TV .<\/p>\n<p>&nbsp;<\/p>\n<p><a href=\"https:\/\/www.caudete.org\/ayuntamiento\/wp-content\/uploads\/2022\/07\/IMG-20220721-WA0006.jpg\" rel='prettyPhoto'><img decoding=\"async\" class=\"alignnone wp-image-19686 size-medium\" src=\"https:\/\/www.caudete.org\/ayuntamiento\/wp-content\/uploads\/2022\/07\/IMG-20220721-WA0006-225x300.jpg\" alt=\"\" width=\"225\" height=\"300\" srcset=\"https:\/\/www.caudete.org\/ayuntamiento\/wp-content\/uploads\/2022\/07\/IMG-20220721-WA0006-225x300.jpg 225w, https:\/\/www.caudete.org\/ayuntamiento\/wp-content\/uploads\/2022\/07\/IMG-20220721-WA0006.jpg 768w\" sizes=\"(max-width: 225px) 100vw, 225px\" \/><\/a><a href=\"https:\/\/www.caudete.org\/ayuntamiento\/wp-content\/uploads\/2022\/07\/IMG-20220721-WA0005.jpg\" rel='prettyPhoto'><img decoding=\"async\" class=\"alignnone wp-image-19687 size-medium\" src=\"https:\/\/www.caudete.org\/ayuntamiento\/wp-content\/uploads\/2022\/07\/IMG-20220721-WA0005-225x300.jpg\" alt=\"\" width=\"225\" height=\"300\" srcset=\"https:\/\/www.caudete.org\/ayuntamiento\/wp-content\/uploads\/2022\/07\/IMG-20220721-WA0005-225x300.jpg 225w, https:\/\/www.caudete.org\/ayuntamiento\/wp-content\/uploads\/2022\/07\/IMG-20220721-WA0005.jpg 768w\" sizes=\"(max-width: 225px) 100vw, 225px\" \/><\/a><a href=\"https:\/\/www.caudete.org\/ayuntamiento\/wp-content\/uploads\/2022\/07\/IMG-20220721-WA0001.jpg\" rel='prettyPhoto'><img loading=\"lazy\" decoding=\"async\" class=\"alignnone wp-image-19685 size-medium\" src=\"https:\/\/www.caudete.org\/ayuntamiento\/wp-content\/uploads\/2022\/07\/IMG-20220721-WA0001-300x171.jpg\" alt=\"\" width=\"300\" height=\"171\" srcset=\"https:\/\/www.caudete.org\/ayuntamiento\/wp-content\/uploads\/2022\/07\/IMG-20220721-WA0001-300x171.jpg 300w, https:\/\/www.caudete.org\/ayuntamiento\/wp-content\/uploads\/2022\/07\/IMG-20220721-WA0001-768x439.jpg 768w, https:\/\/www.caudete.org\/ayuntamiento\/wp-content\/uploads\/2022\/07\/IMG-20220721-WA0001.jpg 1024w\" sizes=\"(max-width: 300px) 100vw, 300px\" \/><\/a> <a href=\"https:\/\/www.caudete.org\/ayuntamiento\/wp-content\/uploads\/2022\/07\/IMG-20220721-WA0003.jpg\" rel='prettyPhoto'><img loading=\"lazy\" decoding=\"async\" class=\"alignnone wp-image-19688 size-medium\" src=\"https:\/\/www.caudete.org\/ayuntamiento\/wp-content\/uploads\/2022\/07\/IMG-20220721-WA0003-225x300.jpg\" alt=\"\" width=\"225\" height=\"300\" srcset=\"https:\/\/www.caudete.org\/ayuntamiento\/wp-content\/uploads\/2022\/07\/IMG-20220721-WA0003-225x300.jpg 225w, https:\/\/www.caudete.org\/ayuntamiento\/wp-content\/uploads\/2022\/07\/IMG-20220721-WA0003.jpg 768w\" sizes=\"(max-width: 225px) 100vw, 225px\" \/><\/a><a href=\"https:\/\/www.caudete.org\/ayuntamiento\/wp-content\/uploads\/2022\/07\/IMG-20220721-WA0004.jpg\" rel='prettyPhoto'><img loading=\"lazy\" decoding=\"async\" class=\"alignnone wp-image-19689 size-medium\" src=\"https:\/\/www.caudete.org\/ayuntamiento\/wp-content\/uploads\/2022\/07\/IMG-20220721-WA0004-217x300.jpg\" alt=\"\" width=\"217\" height=\"300\" srcset=\"https:\/\/www.caudete.org\/ayuntamiento\/wp-content\/uploads\/2022\/07\/IMG-20220721-WA0004-217x300.jpg 217w, https:\/\/www.caudete.org\/ayuntamiento\/wp-content\/uploads\/2022\/07\/IMG-20220721-WA0004.jpg 741w\" sizes=\"(max-width: 217px) 100vw, 217px\" \/><\/a><\/p>\n","protected":false},"excerpt":{"rendered":"<p>Dentro de la campa\u00f1a CaudeteEMPRENDE realizada por la Concejal\u00eda de Comercio, su edil Diego Cuenca Olivares nos presenta El Bistr\u00f3 by Bien Jam\u00f3n situado en la antigua Pe\u00f1a Madridista, sito en C\/El Horno. El Bistr\u00f3 by Bien Jam\u00f3n abri\u00f3 sus puertas en el mes de diciembre, pero ha sido ahora cuando su propietaria Raquel Gald\u00f3n &hellip;<\/p>\n","protected":false},"author":3,"featured_media":19685,"comment_status":"closed","ping_status":"open","sticky":false,"template":"","format":"standard","meta":{"ngg_post_thumbnail":0,"footnotes":""},"categories":[42],"tags":[],"class_list":["post-19684","post","type-post","status-publish","format-standard","has-post-thumbnail","hentry","category-comercio"],"yoast_head":"<!-- This site is optimized with the Yoast SEO plugin v27.5 - https:\/\/yoast.com\/product\/yoast-seo-wordpress\/ -->\n<title>CaudeteEMPRENDE: presenta a &quot;EL BISTR\u00d3&quot; by bien jam\u00f3n - MI Ayuntamiento de Caudete<\/title>\n<meta name=\"description\" content=\"P\u00e1gina Oficial del Ayuntamiento de Caudete (Albacete)\" \/>\n<meta name=\"robots\" content=\"index, follow, max-snippet:-1, max-image-preview:large, max-video-preview:-1\" \/>\n<link rel=\"canonical\" href=\"https:\/\/www.caudete.org\/ayuntamiento\/caudeteemprende-presenta-a-el-bistro-by-bien-jamon\/\" \/>\n<meta property=\"og:locale\" content=\"es_ES\" \/>\n<meta property=\"og:type\" content=\"article\" \/>\n<meta property=\"og:title\" content=\"CaudeteEMPRENDE: presenta a &quot;EL BISTR\u00d3&quot; by bien jam\u00f3n - MI Ayuntamiento de Caudete\" \/>\n<meta property=\"og:description\" content=\"P\u00e1gina Oficial del Ayuntamiento de Caudete (Albacete)\" \/>\n<meta property=\"og:url\" content=\"https:\/\/www.caudete.org\/ayuntamiento\/caudeteemprende-presenta-a-el-bistro-by-bien-jamon\/\" \/>\n<meta property=\"og:site_name\" content=\"MI Ayuntamiento de Caudete\" \/>\n<meta property=\"article:publisher\" content=\"https:\/\/www.facebook.com\/ayuntamientocaudete\/\" \/>\n<meta property=\"article:published_time\" content=\"2022-07-21T09:07:28+00:00\" \/>\n<meta property=\"article:modified_time\" content=\"2022-07-21T10:28:50+00:00\" \/>\n<meta property=\"og:image\" content=\"https:\/\/www.caudete.org\/ayuntamiento\/wp-content\/uploads\/2022\/07\/IMG-20220721-WA0001.jpg\" \/>\n\t<meta property=\"og:image:width\" content=\"1024\" \/>\n\t<meta property=\"og:image:height\" content=\"585\" \/>\n\t<meta property=\"og:image:type\" content=\"image\/jpeg\" \/>\n<meta name=\"author\" content=\"alcalde\" \/>\n<meta name=\"twitter:card\" content=\"summary_large_image\" \/>\n<meta name=\"twitter:label1\" content=\"Escrito por\" \/>\n\t<meta name=\"twitter:data1\" content=\"alcalde\" \/>\n\t<meta name=\"twitter:label2\" content=\"Tiempo de lectura\" \/>\n\t<meta name=\"twitter:data2\" content=\"3 minutos\" \/>\n<script type=\"application\/ld+json\" class=\"yoast-schema-graph\">{\"@context\":\"https:\\\/\\\/schema.org\",\"@graph\":[{\"@type\":\"Article\",\"@id\":\"https:\\\/\\\/www.caudete.org\\\/ayuntamiento\\\/caudeteemprende-presenta-a-el-bistro-by-bien-jamon\\\/#article\",\"isPartOf\":{\"@id\":\"https:\\\/\\\/www.caudete.org\\\/ayuntamiento\\\/caudeteemprende-presenta-a-el-bistro-by-bien-jamon\\\/\"},\"author\":{\"name\":\"alcalde\",\"@id\":\"https:\\\/\\\/www.caudete.org\\\/ayuntamiento\\\/#\\\/schema\\\/person\\\/cc646da9133078ee4d8dd47457947253\"},\"headline\":\"CaudeteEMPRENDE: presenta a &#8220;EL BISTR\u00d3&#8221; by bien jam\u00f3n\",\"datePublished\":\"2022-07-21T09:07:28+00:00\",\"dateModified\":\"2022-07-21T10:28:50+00:00\",\"mainEntityOfPage\":{\"@id\":\"https:\\\/\\\/www.caudete.org\\\/ayuntamiento\\\/caudeteemprende-presenta-a-el-bistro-by-bien-jamon\\\/\"},\"wordCount\":304,\"image\":{\"@id\":\"https:\\\/\\\/www.caudete.org\\\/ayuntamiento\\\/caudeteemprende-presenta-a-el-bistro-by-bien-jamon\\\/#primaryimage\"},\"thumbnailUrl\":\"https:\\\/\\\/www.caudete.org\\\/ayuntamiento\\\/wp-content\\\/uploads\\\/2022\\\/07\\\/IMG-20220721-WA0001.jpg\",\"articleSection\":[\"Comercio\"],\"inLanguage\":\"es\"},{\"@type\":\"WebPage\",\"@id\":\"https:\\\/\\\/www.caudete.org\\\/ayuntamiento\\\/caudeteemprende-presenta-a-el-bistro-by-bien-jamon\\\/\",\"url\":\"https:\\\/\\\/www.caudete.org\\\/ayuntamiento\\\/caudeteemprende-presenta-a-el-bistro-by-bien-jamon\\\/\",\"name\":\"CaudeteEMPRENDE: presenta a \\\"EL BISTR\u00d3\\\" by bien jam\u00f3n - MI Ayuntamiento de Caudete\",\"isPartOf\":{\"@id\":\"https:\\\/\\\/www.caudete.org\\\/ayuntamiento\\\/#website\"},\"primaryImageOfPage\":{\"@id\":\"https:\\\/\\\/www.caudete.org\\\/ayuntamiento\\\/caudeteemprende-presenta-a-el-bistro-by-bien-jamon\\\/#primaryimage\"},\"image\":{\"@id\":\"https:\\\/\\\/www.caudete.org\\\/ayuntamiento\\\/caudeteemprende-presenta-a-el-bistro-by-bien-jamon\\\/#primaryimage\"},\"thumbnailUrl\":\"https:\\\/\\\/www.caudete.org\\\/ayuntamiento\\\/wp-content\\\/uploads\\\/2022\\\/07\\\/IMG-20220721-WA0001.jpg\",\"datePublished\":\"2022-07-21T09:07:28+00:00\",\"dateModified\":\"2022-07-21T10:28:50+00:00\",\"author\":{\"@id\":\"https:\\\/\\\/www.caudete.org\\\/ayuntamiento\\\/#\\\/schema\\\/person\\\/cc646da9133078ee4d8dd47457947253\"},\"description\":\"P\u00e1gina Oficial del Ayuntamiento de Caudete (Albacete)\",\"breadcrumb\":{\"@id\":\"https:\\\/\\\/www.caudete.org\\\/ayuntamiento\\\/caudeteemprende-presenta-a-el-bistro-by-bien-jamon\\\/#breadcrumb\"},\"inLanguage\":\"es\",\"potentialAction\":[{\"@type\":\"ReadAction\",\"target\":[\"https:\\\/\\\/www.caudete.org\\\/ayuntamiento\\\/caudeteemprende-presenta-a-el-bistro-by-bien-jamon\\\/\"]}]},{\"@type\":\"ImageObject\",\"inLanguage\":\"es\",\"@id\":\"https:\\\/\\\/www.caudete.org\\\/ayuntamiento\\\/caudeteemprende-presenta-a-el-bistro-by-bien-jamon\\\/#primaryimage\",\"url\":\"https:\\\/\\\/www.caudete.org\\\/ayuntamiento\\\/wp-content\\\/uploads\\\/2022\\\/07\\\/IMG-20220721-WA0001.jpg\",\"contentUrl\":\"https:\\\/\\\/www.caudete.org\\\/ayuntamiento\\\/wp-content\\\/uploads\\\/2022\\\/07\\\/IMG-20220721-WA0001.jpg\",\"width\":1024,\"height\":585},{\"@type\":\"BreadcrumbList\",\"@id\":\"https:\\\/\\\/www.caudete.org\\\/ayuntamiento\\\/caudeteemprende-presenta-a-el-bistro-by-bien-jamon\\\/#breadcrumb\",\"itemListElement\":[{\"@type\":\"ListItem\",\"position\":1,\"name\":\"Inicio\",\"item\":\"https:\\\/\\\/www.caudete.org\\\/ayuntamiento\\\/\"},{\"@type\":\"ListItem\",\"position\":2,\"name\":\"CaudeteEMPRENDE: presenta a &#8220;EL BISTR\u00d3&#8221; by bien jam\u00f3n\"}]},{\"@type\":\"WebSite\",\"@id\":\"https:\\\/\\\/www.caudete.org\\\/ayuntamiento\\\/#website\",\"url\":\"https:\\\/\\\/www.caudete.org\\\/ayuntamiento\\\/\",\"name\":\"MI Ayuntamiento de Caudete\",\"description\":\"P\u00e1gina Oficial del MI Ayuntamiento de Caudete\",\"potentialAction\":[{\"@type\":\"SearchAction\",\"target\":{\"@type\":\"EntryPoint\",\"urlTemplate\":\"https:\\\/\\\/www.caudete.org\\\/ayuntamiento\\\/?s={search_term_string}\"},\"query-input\":{\"@type\":\"PropertyValueSpecification\",\"valueRequired\":true,\"valueName\":\"search_term_string\"}}],\"inLanguage\":\"es\"},{\"@type\":\"Person\",\"@id\":\"https:\\\/\\\/www.caudete.org\\\/ayuntamiento\\\/#\\\/schema\\\/person\\\/cc646da9133078ee4d8dd47457947253\",\"name\":\"alcalde\",\"image\":{\"@type\":\"ImageObject\",\"inLanguage\":\"es\",\"@id\":\"https:\\\/\\\/secure.gravatar.com\\\/avatar\\\/84a817ba065b29ff08d666b215a215f5c79186a645ccb25b14a663d48a130f77?s=96&d=mm&r=g\",\"url\":\"https:\\\/\\\/secure.gravatar.com\\\/avatar\\\/84a817ba065b29ff08d666b215a215f5c79186a645ccb25b14a663d48a130f77?s=96&d=mm&r=g\",\"contentUrl\":\"https:\\\/\\\/secure.gravatar.com\\\/avatar\\\/84a817ba065b29ff08d666b215a215f5c79186a645ccb25b14a663d48a130f77?s=96&d=mm&r=g\",\"caption\":\"alcalde\"},\"url\":\"https:\\\/\\\/www.caudete.org\\\/ayuntamiento\\\/author\\\/alcalde\\\/\"}]}<\/script>\n<!-- \/ Yoast SEO plugin. -->","yoast_head_json":{"title":"CaudeteEMPRENDE: presenta a \"EL BISTR\u00d3\" by bien jam\u00f3n - MI Ayuntamiento de Caudete","description":"P\u00e1gina Oficial del Ayuntamiento de Caudete (Albacete)","robots":{"index":"index","follow":"follow","max-snippet":"max-snippet:-1","max-image-preview":"max-image-preview:large","max-video-preview":"max-video-preview:-1"},"canonical":"https:\/\/www.caudete.org\/ayuntamiento\/caudeteemprende-presenta-a-el-bistro-by-bien-jamon\/","og_locale":"es_ES","og_type":"article","og_title":"CaudeteEMPRENDE: presenta a \"EL BISTR\u00d3\" by bien jam\u00f3n - MI Ayuntamiento de Caudete","og_description":"P\u00e1gina Oficial del Ayuntamiento de Caudete (Albacete)","og_url":"https:\/\/www.caudete.org\/ayuntamiento\/caudeteemprende-presenta-a-el-bistro-by-bien-jamon\/","og_site_name":"MI Ayuntamiento de Caudete","article_publisher":"https:\/\/www.facebook.com\/ayuntamientocaudete\/","article_published_time":"2022-07-21T09:07:28+00:00","article_modified_time":"2022-07-21T10:28:50+00:00","og_image":[{"width":1024,"height":585,"url":"https:\/\/www.caudete.org\/ayuntamiento\/wp-content\/uploads\/2022\/07\/IMG-20220721-WA0001.jpg","type":"image\/jpeg"}],"author":"alcalde","twitter_card":"summary_large_image","twitter_misc":{"Escrito por":"alcalde","Tiempo de lectura":"3 minutos"},"schema":{"@context":"https:\/\/schema.org","@graph":[{"@type":"Article","@id":"https:\/\/www.caudete.org\/ayuntamiento\/caudeteemprende-presenta-a-el-bistro-by-bien-jamon\/#article","isPartOf":{"@id":"https:\/\/www.caudete.org\/ayuntamiento\/caudeteemprende-presenta-a-el-bistro-by-bien-jamon\/"},"author":{"name":"alcalde","@id":"https:\/\/www.caudete.org\/ayuntamiento\/#\/schema\/person\/cc646da9133078ee4d8dd47457947253"},"headline":"CaudeteEMPRENDE: presenta a &#8220;EL BISTR\u00d3&#8221; by bien jam\u00f3n","datePublished":"2022-07-21T09:07:28+00:00","dateModified":"2022-07-21T10:28:50+00:00","mainEntityOfPage":{"@id":"https:\/\/www.caudete.org\/ayuntamiento\/caudeteemprende-presenta-a-el-bistro-by-bien-jamon\/"},"wordCount":304,"image":{"@id":"https:\/\/www.caudete.org\/ayuntamiento\/caudeteemprende-presenta-a-el-bistro-by-bien-jamon\/#primaryimage"},"thumbnailUrl":"https:\/\/www.caudete.org\/ayuntamiento\/wp-content\/uploads\/2022\/07\/IMG-20220721-WA0001.jpg","articleSection":["Comercio"],"inLanguage":"es"},{"@type":"WebPage","@id":"https:\/\/www.caudete.org\/ayuntamiento\/caudeteemprende-presenta-a-el-bistro-by-bien-jamon\/","url":"https:\/\/www.caudete.org\/ayuntamiento\/caudeteemprende-presenta-a-el-bistro-by-bien-jamon\/","name":"CaudeteEMPRENDE: presenta a \"EL BISTR\u00d3\" by bien jam\u00f3n - MI Ayuntamiento de Caudete","isPartOf":{"@id":"https:\/\/www.caudete.org\/ayuntamiento\/#website"},"primaryImageOfPage":{"@id":"https:\/\/www.caudete.org\/ayuntamiento\/caudeteemprende-presenta-a-el-bistro-by-bien-jamon\/#primaryimage"},"image":{"@id":"https:\/\/www.caudete.org\/ayuntamiento\/caudeteemprende-presenta-a-el-bistro-by-bien-jamon\/#primaryimage"},"thumbnailUrl":"https:\/\/www.caudete.org\/ayuntamiento\/wp-content\/uploads\/2022\/07\/IMG-20220721-WA0001.jpg","datePublished":"2022-07-21T09:07:28+00:00","dateModified":"2022-07-21T10:28:50+00:00","author":{"@id":"https:\/\/www.caudete.org\/ayuntamiento\/#\/schema\/person\/cc646da9133078ee4d8dd47457947253"},"description":"P\u00e1gina Oficial del Ayuntamiento de Caudete (Albacete)","breadcrumb":{"@id":"https:\/\/www.caudete.org\/ayuntamiento\/caudeteemprende-presenta-a-el-bistro-by-bien-jamon\/#breadcrumb"},"inLanguage":"es","potentialAction":[{"@type":"ReadAction","target":["https:\/\/www.caudete.org\/ayuntamiento\/caudeteemprende-presenta-a-el-bistro-by-bien-jamon\/"]}]},{"@type":"ImageObject","inLanguage":"es","@id":"https:\/\/www.caudete.org\/ayuntamiento\/caudeteemprende-presenta-a-el-bistro-by-bien-jamon\/#primaryimage","url":"https:\/\/www.caudete.org\/ayuntamiento\/wp-content\/uploads\/2022\/07\/IMG-20220721-WA0001.jpg","contentUrl":"https:\/\/www.caudete.org\/ayuntamiento\/wp-content\/uploads\/2022\/07\/IMG-20220721-WA0001.jpg","width":1024,"height":585},{"@type":"BreadcrumbList","@id":"https:\/\/www.caudete.org\/ayuntamiento\/caudeteemprende-presenta-a-el-bistro-by-bien-jamon\/#breadcrumb","itemListElement":[{"@type":"ListItem","position":1,"name":"Inicio","item":"https:\/\/www.caudete.org\/ayuntamiento\/"},{"@type":"ListItem","position":2,"name":"CaudeteEMPRENDE: presenta a &#8220;EL BISTR\u00d3&#8221; by bien jam\u00f3n"}]},{"@type":"WebSite","@id":"https:\/\/www.caudete.org\/ayuntamiento\/#website","url":"https:\/\/www.caudete.org\/ayuntamiento\/","name":"MI Ayuntamiento de Caudete","description":"P\u00e1gina Oficial del MI Ayuntamiento de Caudete","potentialAction":[{"@type":"SearchAction","target":{"@type":"EntryPoint","urlTemplate":"https:\/\/www.caudete.org\/ayuntamiento\/?s={search_term_string}"},"query-input":{"@type":"PropertyValueSpecification","valueRequired":true,"valueName":"search_term_string"}}],"inLanguage":"es"},{"@type":"Person","@id":"https:\/\/www.caudete.org\/ayuntamiento\/#\/schema\/person\/cc646da9133078ee4d8dd47457947253","name":"alcalde","image":{"@type":"ImageObject","inLanguage":"es","@id":"https:\/\/secure.gravatar.com\/avatar\/84a817ba065b29ff08d666b215a215f5c79186a645ccb25b14a663d48a130f77?s=96&d=mm&r=g","url":"https:\/\/secure.gravatar.com\/avatar\/84a817ba065b29ff08d666b215a215f5c79186a645ccb25b14a663d48a130f77?s=96&d=mm&r=g","contentUrl":"https:\/\/secure.gravatar.com\/avatar\/84a817ba065b29ff08d666b215a215f5c79186a645ccb25b14a663d48a130f77?s=96&d=mm&r=g","caption":"alcalde"},"url":"https:\/\/www.caudete.org\/ayuntamiento\/author\/alcalde\/"}]}},"_links":{"self":[{"href":"https:\/\/www.caudete.org\/ayuntamiento\/wp-json\/wp\/v2\/posts\/19684","targetHints":{"allow":["GET"]}}],"collection":[{"href":"https:\/\/www.caudete.org\/ayuntamiento\/wp-json\/wp\/v2\/posts"}],"about":[{"href":"https:\/\/www.caudete.org\/ayuntamiento\/wp-json\/wp\/v2\/types\/post"}],"author":[{"embeddable":true,"href":"https:\/\/www.caudete.org\/ayuntamiento\/wp-json\/wp\/v2\/users\/3"}],"replies":[{"embeddable":true,"href":"https:\/\/www.caudete.org\/ayuntamiento\/wp-json\/wp\/v2\/comments?post=19684"}],"version-history":[{"count":5,"href":"https:\/\/www.caudete.org\/ayuntamiento\/wp-json\/wp\/v2\/posts\/19684\/revisions"}],"predecessor-version":[{"id":19695,"href":"https:\/\/www.caudete.org\/ayuntamiento\/wp-json\/wp\/v2\/posts\/19684\/revisions\/19695"}],"wp:featuredmedia":[{"embeddable":true,"href":"https:\/\/www.caudete.org\/ayuntamiento\/wp-json\/wp\/v2\/media\/19685"}],"wp:attachment":[{"href":"https:\/\/www.caudete.org\/ayuntamiento\/wp-json\/wp\/v2\/media?parent=19684"}],"wp:term":[{"taxonomy":"category","embeddable":true,"href":"https:\/\/www.caudete.org\/ayuntamiento\/wp-json\/wp\/v2\/categories?post=19684"},{"taxonomy":"post_tag","embeddable":true,"href":"https:\/\/www.caudete.org\/ayuntamiento\/wp-json\/wp\/v2\/tags?post=19684"}],"curies":[{"name":"wp","href":"https:\/\/api.w.org\/{rel}","templated":true}]}}