{"id":19712,"date":"2022-07-25T15:52:04","date_gmt":"2022-07-25T13:52:04","guid":{"rendered":"https:\/\/www.caudete.org\/ayuntamiento\/?p=19712"},"modified":"2022-07-25T15:52:04","modified_gmt":"2022-07-25T13:52:04","slug":"el-pleno-modificara-la-ordenanza-de-ocupacion-de-via-publica-facilitando-la-actividad-a-promotores-constructores-y-particulares","status":"publish","type":"post","link":"https:\/\/www.caudete.org\/ayuntamiento\/el-pleno-modificara-la-ordenanza-de-ocupacion-de-via-publica-facilitando-la-actividad-a-promotores-constructores-y-particulares\/","title":{"rendered":"El Pleno modificar\u00e1 la Ordenanza de OCUPACI\u00d3N DE V\u00cdA P\u00daBLICA facilitando la actividad a promotores, constructores y particulares"},"content":{"rendered":"<p style=\"text-align: justify;\">El pasado viernes se llev\u00f3 a cabo la Comisi\u00f3n Informativa de Movilidad Urbana, donde el Gobierno Municipal presentaba una serie de propuestas para mejorar el texto normativo que regula la ocupaci\u00f3n de la v\u00eda p\u00fablica, por acciones de las obras en solares e inmuebles. Ser\u00e1 por tanto la pr\u00f3xima sesi\u00f3n plenaria la que aborde su aprobaci\u00f3n, teniendo que estar sometida a exposici\u00f3n p\u00fablica antes de quedar aprobada de forma definitiva.<\/p>\n<p style=\"text-align: justify;\">La actual Ordenanza, aprobada a finales del pasado a\u00f1o, ha mejorado sustancialmente la gesti\u00f3n, control y seguridad de la v\u00eda p\u00fablica por ocupaci\u00f3n de la misma por situaciones afines a la actividad constructora. Sin embargo, tal y como expresaba el Concejal J.Pag\u00e1n &#8220;<em>tambi\u00e9n es cierto que su aplicaci\u00f3n ha dificultado la labor de constructores y particulares, constructores y promotores, as\u00ed como empresas de suministros<\/em>&#8220;.<\/p>\n<p style=\"text-align: justify;\">Frente a ello, y una vez analizado el asunto, se trata de &#8220;<em>facilitar y minorizar los tr\u00e1mites y los plazos<\/em>&#8221; algo a lo que con voluntad &#8220;<em>la soluci\u00f3n es f\u00e1cil: modificar el texto&#8221;<\/em>, atendiendo as\u00ed a las sugerencias y quejas de los afectados, sin poner en riesgo la seguridad y sin complicar la acci\u00f3n de control del Ayuntamiento.<\/p>\n<p style=\"text-align: justify;\">La principal modificaci\u00f3n es la rebaja hasta los 5 d\u00edas h\u00e1biles para solicitar la ocupaci\u00f3n de la v\u00eda p\u00fablica (actualmente en 10), as\u00ed como el simple aviso por escrito con antelaci\u00f3n de 48h a la ocupaci\u00f3n para la carga, descarga y acopio de materiales de aquellas obras que dispongan de previamente de una licencia.<\/p>\n<p style=\"text-align: justify;\">Un \u00faltimo ajuste se centra en el cap\u00edtulo de la se\u00f1alizaci\u00f3n de la ocupaci\u00f3n, estipulando que \u00e9sta ha de llevarse a cabo por el solicitante con recursos propios, pero en el caso de particulares que no dispongan de la se\u00f1alizaci\u00f3n necesaria, podr\u00e1n solicitarlo a los servicios municipales quienes proporcionaran la se\u00f1alizaci\u00f3n debida.<\/p>\n<p style=\"text-align: justify;\">Para poder poner en pr\u00e1ctica esto \u00faltimo, se llev\u00f3 a Comisi\u00f3n igualmente la modificaci\u00f3n de la Ordenanza de Pr\u00e9stamo de Material, con el objetivo de que en el caso expuesto, puedan hacer uso del material expreso los particulares (que no empresas).<\/p>\n","protected":false},"excerpt":{"rendered":"<p>El pasado viernes se llev\u00f3 a cabo la Comisi\u00f3n Informativa de Movilidad Urbana, donde el Gobierno Municipal presentaba una serie de propuestas para mejorar el texto normativo que regula la ocupaci\u00f3n de la v\u00eda p\u00fablica, por acciones de las obras en solares e inmuebles. Ser\u00e1 por tanto la pr\u00f3xima sesi\u00f3n plenaria la que aborde su &hellip;<\/p>\n","protected":false},"author":3,"featured_media":17632,"comment_status":"closed","ping_status":"open","sticky":false,"template":"","format":"standard","meta":{"ngg_post_thumbnail":0,"footnotes":""},"categories":[46],"tags":[],"class_list":["post-19712","post","type-post","status-publish","format-standard","has-post-thumbnail","hentry","category-movilidad-urbana"],"yoast_head":"<!-- This site is optimized with the Yoast SEO plugin v27.5 - https:\/\/yoast.com\/product\/yoast-seo-wordpress\/ -->\n<title>El Pleno modificar\u00e1 la Ordenanza de OCUPACI\u00d3N DE V\u00cdA P\u00daBLICA facilitando la actividad a promotores, constructores y particulares - MI Ayuntamiento de Caudete<\/title>\n<meta name=\"description\" content=\"P\u00e1gina Oficial del Ayuntamiento de Caudete (Albacete)\" \/>\n<meta name=\"robots\" content=\"index, follow, max-snippet:-1, max-image-preview:large, max-video-preview:-1\" \/>\n<link rel=\"canonical\" href=\"https:\/\/www.caudete.org\/ayuntamiento\/el-pleno-modificara-la-ordenanza-de-ocupacion-de-via-publica-facilitando-la-actividad-a-promotores-constructores-y-particulares\/\" \/>\n<meta property=\"og:locale\" content=\"es_ES\" \/>\n<meta property=\"og:type\" content=\"article\" \/>\n<meta property=\"og:title\" content=\"El Pleno modificar\u00e1 la Ordenanza de OCUPACI\u00d3N DE V\u00cdA P\u00daBLICA facilitando la actividad a promotores, constructores y particulares - MI Ayuntamiento de Caudete\" \/>\n<meta property=\"og:description\" content=\"P\u00e1gina Oficial del Ayuntamiento de Caudete (Albacete)\" \/>\n<meta property=\"og:url\" content=\"https:\/\/www.caudete.org\/ayuntamiento\/el-pleno-modificara-la-ordenanza-de-ocupacion-de-via-publica-facilitando-la-actividad-a-promotores-constructores-y-particulares\/\" \/>\n<meta property=\"og:site_name\" content=\"MI Ayuntamiento de Caudete\" \/>\n<meta property=\"article:publisher\" content=\"https:\/\/www.facebook.com\/ayuntamientocaudete\/\" \/>\n<meta property=\"article:published_time\" content=\"2022-07-25T13:52:04+00:00\" \/>\n<meta property=\"og:image\" content=\"https:\/\/www.caudete.org\/ayuntamiento\/wp-content\/uploads\/2021\/12\/c5f8455e8a9e429ba59dfd48e21c80f6.jpeg\" \/>\n\t<meta property=\"og:image:width\" content=\"1920\" \/>\n\t<meta property=\"og:image:height\" content=\"1080\" \/>\n\t<meta property=\"og:image:type\" content=\"image\/jpeg\" \/>\n<meta name=\"author\" content=\"alcalde\" \/>\n<meta name=\"twitter:card\" content=\"summary_large_image\" \/>\n<meta name=\"twitter:label1\" content=\"Escrito por\" \/>\n\t<meta name=\"twitter:data1\" content=\"alcalde\" \/>\n\t<meta name=\"twitter:label2\" content=\"Tiempo de lectura\" \/>\n\t<meta name=\"twitter:data2\" content=\"2 minutos\" \/>\n<script type=\"application\/ld+json\" class=\"yoast-schema-graph\">{\"@context\":\"https:\\\/\\\/schema.org\",\"@graph\":[{\"@type\":\"Article\",\"@id\":\"https:\\\/\\\/www.caudete.org\\\/ayuntamiento\\\/el-pleno-modificara-la-ordenanza-de-ocupacion-de-via-publica-facilitando-la-actividad-a-promotores-constructores-y-particulares\\\/#article\",\"isPartOf\":{\"@id\":\"https:\\\/\\\/www.caudete.org\\\/ayuntamiento\\\/el-pleno-modificara-la-ordenanza-de-ocupacion-de-via-publica-facilitando-la-actividad-a-promotores-constructores-y-particulares\\\/\"},\"author\":{\"name\":\"alcalde\",\"@id\":\"https:\\\/\\\/www.caudete.org\\\/ayuntamiento\\\/#\\\/schema\\\/person\\\/cc646da9133078ee4d8dd47457947253\"},\"headline\":\"El Pleno modificar\u00e1 la Ordenanza de OCUPACI\u00d3N DE V\u00cdA P\u00daBLICA facilitando la actividad a promotores, constructores y particulares\",\"datePublished\":\"2022-07-25T13:52:04+00:00\",\"mainEntityOfPage\":{\"@id\":\"https:\\\/\\\/www.caudete.org\\\/ayuntamiento\\\/el-pleno-modificara-la-ordenanza-de-ocupacion-de-via-publica-facilitando-la-actividad-a-promotores-constructores-y-particulares\\\/\"},\"wordCount\":401,\"image\":{\"@id\":\"https:\\\/\\\/www.caudete.org\\\/ayuntamiento\\\/el-pleno-modificara-la-ordenanza-de-ocupacion-de-via-publica-facilitando-la-actividad-a-promotores-constructores-y-particulares\\\/#primaryimage\"},\"thumbnailUrl\":\"https:\\\/\\\/www.caudete.org\\\/ayuntamiento\\\/wp-content\\\/uploads\\\/2021\\\/12\\\/c5f8455e8a9e429ba59dfd48e21c80f6.jpeg\",\"articleSection\":[\"Movilidad Urbana\"],\"inLanguage\":\"es\"},{\"@type\":\"WebPage\",\"@id\":\"https:\\\/\\\/www.caudete.org\\\/ayuntamiento\\\/el-pleno-modificara-la-ordenanza-de-ocupacion-de-via-publica-facilitando-la-actividad-a-promotores-constructores-y-particulares\\\/\",\"url\":\"https:\\\/\\\/www.caudete.org\\\/ayuntamiento\\\/el-pleno-modificara-la-ordenanza-de-ocupacion-de-via-publica-facilitando-la-actividad-a-promotores-constructores-y-particulares\\\/\",\"name\":\"El Pleno modificar\u00e1 la Ordenanza de OCUPACI\u00d3N DE V\u00cdA P\u00daBLICA facilitando la actividad a promotores, constructores y particulares - MI Ayuntamiento de Caudete\",\"isPartOf\":{\"@id\":\"https:\\\/\\\/www.caudete.org\\\/ayuntamiento\\\/#website\"},\"primaryImageOfPage\":{\"@id\":\"https:\\\/\\\/www.caudete.org\\\/ayuntamiento\\\/el-pleno-modificara-la-ordenanza-de-ocupacion-de-via-publica-facilitando-la-actividad-a-promotores-constructores-y-particulares\\\/#primaryimage\"},\"image\":{\"@id\":\"https:\\\/\\\/www.caudete.org\\\/ayuntamiento\\\/el-pleno-modificara-la-ordenanza-de-ocupacion-de-via-publica-facilitando-la-actividad-a-promotores-constructores-y-particulares\\\/#primaryimage\"},\"thumbnailUrl\":\"https:\\\/\\\/www.caudete.org\\\/ayuntamiento\\\/wp-content\\\/uploads\\\/2021\\\/12\\\/c5f8455e8a9e429ba59dfd48e21c80f6.jpeg\",\"datePublished\":\"2022-07-25T13:52:04+00:00\",\"author\":{\"@id\":\"https:\\\/\\\/www.caudete.org\\\/ayuntamiento\\\/#\\\/schema\\\/person\\\/cc646da9133078ee4d8dd47457947253\"},\"description\":\"P\u00e1gina Oficial del Ayuntamiento de Caudete (Albacete)\",\"breadcrumb\":{\"@id\":\"https:\\\/\\\/www.caudete.org\\\/ayuntamiento\\\/el-pleno-modificara-la-ordenanza-de-ocupacion-de-via-publica-facilitando-la-actividad-a-promotores-constructores-y-particulares\\\/#breadcrumb\"},\"inLanguage\":\"es\",\"potentialAction\":[{\"@type\":\"ReadAction\",\"target\":[\"https:\\\/\\\/www.caudete.org\\\/ayuntamiento\\\/el-pleno-modificara-la-ordenanza-de-ocupacion-de-via-publica-facilitando-la-actividad-a-promotores-constructores-y-particulares\\\/\"]}]},{\"@type\":\"ImageObject\",\"inLanguage\":\"es\",\"@id\":\"https:\\\/\\\/www.caudete.org\\\/ayuntamiento\\\/el-pleno-modificara-la-ordenanza-de-ocupacion-de-via-publica-facilitando-la-actividad-a-promotores-constructores-y-particulares\\\/#primaryimage\",\"url\":\"https:\\\/\\\/www.caudete.org\\\/ayuntamiento\\\/wp-content\\\/uploads\\\/2021\\\/12\\\/c5f8455e8a9e429ba59dfd48e21c80f6.jpeg\",\"contentUrl\":\"https:\\\/\\\/www.caudete.org\\\/ayuntamiento\\\/wp-content\\\/uploads\\\/2021\\\/12\\\/c5f8455e8a9e429ba59dfd48e21c80f6.jpeg\",\"width\":1920,\"height\":1080},{\"@type\":\"BreadcrumbList\",\"@id\":\"https:\\\/\\\/www.caudete.org\\\/ayuntamiento\\\/el-pleno-modificara-la-ordenanza-de-ocupacion-de-via-publica-facilitando-la-actividad-a-promotores-constructores-y-particulares\\\/#breadcrumb\",\"itemListElement\":[{\"@type\":\"ListItem\",\"position\":1,\"name\":\"Inicio\",\"item\":\"https:\\\/\\\/www.caudete.org\\\/ayuntamiento\\\/\"},{\"@type\":\"ListItem\",\"position\":2,\"name\":\"El Pleno modificar\u00e1 la Ordenanza de OCUPACI\u00d3N DE V\u00cdA P\u00daBLICA facilitando la actividad a promotores, constructores y particulares\"}]},{\"@type\":\"WebSite\",\"@id\":\"https:\\\/\\\/www.caudete.org\\\/ayuntamiento\\\/#website\",\"url\":\"https:\\\/\\\/www.caudete.org\\\/ayuntamiento\\\/\",\"name\":\"MI Ayuntamiento de Caudete\",\"description\":\"P\u00e1gina Oficial del MI Ayuntamiento de Caudete\",\"potentialAction\":[{\"@type\":\"SearchAction\",\"target\":{\"@type\":\"EntryPoint\",\"urlTemplate\":\"https:\\\/\\\/www.caudete.org\\\/ayuntamiento\\\/?s={search_term_string}\"},\"query-input\":{\"@type\":\"PropertyValueSpecification\",\"valueRequired\":true,\"valueName\":\"search_term_string\"}}],\"inLanguage\":\"es\"},{\"@type\":\"Person\",\"@id\":\"https:\\\/\\\/www.caudete.org\\\/ayuntamiento\\\/#\\\/schema\\\/person\\\/cc646da9133078ee4d8dd47457947253\",\"name\":\"alcalde\",\"image\":{\"@type\":\"ImageObject\",\"inLanguage\":\"es\",\"@id\":\"https:\\\/\\\/secure.gravatar.com\\\/avatar\\\/84a817ba065b29ff08d666b215a215f5c79186a645ccb25b14a663d48a130f77?s=96&d=mm&r=g\",\"url\":\"https:\\\/\\\/secure.gravatar.com\\\/avatar\\\/84a817ba065b29ff08d666b215a215f5c79186a645ccb25b14a663d48a130f77?s=96&d=mm&r=g\",\"contentUrl\":\"https:\\\/\\\/secure.gravatar.com\\\/avatar\\\/84a817ba065b29ff08d666b215a215f5c79186a645ccb25b14a663d48a130f77?s=96&d=mm&r=g\",\"caption\":\"alcalde\"},\"url\":\"https:\\\/\\\/www.caudete.org\\\/ayuntamiento\\\/author\\\/alcalde\\\/\"}]}<\/script>\n<!-- \/ Yoast SEO plugin. -->","yoast_head_json":{"title":"El Pleno modificar\u00e1 la Ordenanza de OCUPACI\u00d3N DE V\u00cdA P\u00daBLICA facilitando la actividad a promotores, constructores y particulares - MI Ayuntamiento de Caudete","description":"P\u00e1gina Oficial del Ayuntamiento de Caudete (Albacete)","robots":{"index":"index","follow":"follow","max-snippet":"max-snippet:-1","max-image-preview":"max-image-preview:large","max-video-preview":"max-video-preview:-1"},"canonical":"https:\/\/www.caudete.org\/ayuntamiento\/el-pleno-modificara-la-ordenanza-de-ocupacion-de-via-publica-facilitando-la-actividad-a-promotores-constructores-y-particulares\/","og_locale":"es_ES","og_type":"article","og_title":"El Pleno modificar\u00e1 la Ordenanza de OCUPACI\u00d3N DE V\u00cdA P\u00daBLICA facilitando la actividad a promotores, constructores y particulares - MI Ayuntamiento de Caudete","og_description":"P\u00e1gina Oficial del Ayuntamiento de Caudete (Albacete)","og_url":"https:\/\/www.caudete.org\/ayuntamiento\/el-pleno-modificara-la-ordenanza-de-ocupacion-de-via-publica-facilitando-la-actividad-a-promotores-constructores-y-particulares\/","og_site_name":"MI Ayuntamiento de Caudete","article_publisher":"https:\/\/www.facebook.com\/ayuntamientocaudete\/","article_published_time":"2022-07-25T13:52:04+00:00","og_image":[{"width":1920,"height":1080,"url":"https:\/\/www.caudete.org\/ayuntamiento\/wp-content\/uploads\/2021\/12\/c5f8455e8a9e429ba59dfd48e21c80f6.jpeg","type":"image\/jpeg"}],"author":"alcalde","twitter_card":"summary_large_image","twitter_misc":{"Escrito por":"alcalde","Tiempo de lectura":"2 minutos"},"schema":{"@context":"https:\/\/schema.org","@graph":[{"@type":"Article","@id":"https:\/\/www.caudete.org\/ayuntamiento\/el-pleno-modificara-la-ordenanza-de-ocupacion-de-via-publica-facilitando-la-actividad-a-promotores-constructores-y-particulares\/#article","isPartOf":{"@id":"https:\/\/www.caudete.org\/ayuntamiento\/el-pleno-modificara-la-ordenanza-de-ocupacion-de-via-publica-facilitando-la-actividad-a-promotores-constructores-y-particulares\/"},"author":{"name":"alcalde","@id":"https:\/\/www.caudete.org\/ayuntamiento\/#\/schema\/person\/cc646da9133078ee4d8dd47457947253"},"headline":"El Pleno modificar\u00e1 la Ordenanza de OCUPACI\u00d3N DE V\u00cdA P\u00daBLICA facilitando la actividad a promotores, constructores y particulares","datePublished":"2022-07-25T13:52:04+00:00","mainEntityOfPage":{"@id":"https:\/\/www.caudete.org\/ayuntamiento\/el-pleno-modificara-la-ordenanza-de-ocupacion-de-via-publica-facilitando-la-actividad-a-promotores-constructores-y-particulares\/"},"wordCount":401,"image":{"@id":"https:\/\/www.caudete.org\/ayuntamiento\/el-pleno-modificara-la-ordenanza-de-ocupacion-de-via-publica-facilitando-la-actividad-a-promotores-constructores-y-particulares\/#primaryimage"},"thumbnailUrl":"https:\/\/www.caudete.org\/ayuntamiento\/wp-content\/uploads\/2021\/12\/c5f8455e8a9e429ba59dfd48e21c80f6.jpeg","articleSection":["Movilidad Urbana"],"inLanguage":"es"},{"@type":"WebPage","@id":"https:\/\/www.caudete.org\/ayuntamiento\/el-pleno-modificara-la-ordenanza-de-ocupacion-de-via-publica-facilitando-la-actividad-a-promotores-constructores-y-particulares\/","url":"https:\/\/www.caudete.org\/ayuntamiento\/el-pleno-modificara-la-ordenanza-de-ocupacion-de-via-publica-facilitando-la-actividad-a-promotores-constructores-y-particulares\/","name":"El Pleno modificar\u00e1 la Ordenanza de OCUPACI\u00d3N DE V\u00cdA P\u00daBLICA facilitando la actividad a promotores, constructores y particulares - MI Ayuntamiento de Caudete","isPartOf":{"@id":"https:\/\/www.caudete.org\/ayuntamiento\/#website"},"primaryImageOfPage":{"@id":"https:\/\/www.caudete.org\/ayuntamiento\/el-pleno-modificara-la-ordenanza-de-ocupacion-de-via-publica-facilitando-la-actividad-a-promotores-constructores-y-particulares\/#primaryimage"},"image":{"@id":"https:\/\/www.caudete.org\/ayuntamiento\/el-pleno-modificara-la-ordenanza-de-ocupacion-de-via-publica-facilitando-la-actividad-a-promotores-constructores-y-particulares\/#primaryimage"},"thumbnailUrl":"https:\/\/www.caudete.org\/ayuntamiento\/wp-content\/uploads\/2021\/12\/c5f8455e8a9e429ba59dfd48e21c80f6.jpeg","datePublished":"2022-07-25T13:52:04+00:00","author":{"@id":"https:\/\/www.caudete.org\/ayuntamiento\/#\/schema\/person\/cc646da9133078ee4d8dd47457947253"},"description":"P\u00e1gina Oficial del Ayuntamiento de Caudete (Albacete)","breadcrumb":{"@id":"https:\/\/www.caudete.org\/ayuntamiento\/el-pleno-modificara-la-ordenanza-de-ocupacion-de-via-publica-facilitando-la-actividad-a-promotores-constructores-y-particulares\/#breadcrumb"},"inLanguage":"es","potentialAction":[{"@type":"ReadAction","target":["https:\/\/www.caudete.org\/ayuntamiento\/el-pleno-modificara-la-ordenanza-de-ocupacion-de-via-publica-facilitando-la-actividad-a-promotores-constructores-y-particulares\/"]}]},{"@type":"ImageObject","inLanguage":"es","@id":"https:\/\/www.caudete.org\/ayuntamiento\/el-pleno-modificara-la-ordenanza-de-ocupacion-de-via-publica-facilitando-la-actividad-a-promotores-constructores-y-particulares\/#primaryimage","url":"https:\/\/www.caudete.org\/ayuntamiento\/wp-content\/uploads\/2021\/12\/c5f8455e8a9e429ba59dfd48e21c80f6.jpeg","contentUrl":"https:\/\/www.caudete.org\/ayuntamiento\/wp-content\/uploads\/2021\/12\/c5f8455e8a9e429ba59dfd48e21c80f6.jpeg","width":1920,"height":1080},{"@type":"BreadcrumbList","@id":"https:\/\/www.caudete.org\/ayuntamiento\/el-pleno-modificara-la-ordenanza-de-ocupacion-de-via-publica-facilitando-la-actividad-a-promotores-constructores-y-particulares\/#breadcrumb","itemListElement":[{"@type":"ListItem","position":1,"name":"Inicio","item":"https:\/\/www.caudete.org\/ayuntamiento\/"},{"@type":"ListItem","position":2,"name":"El Pleno modificar\u00e1 la Ordenanza de OCUPACI\u00d3N DE V\u00cdA P\u00daBLICA facilitando la actividad a promotores, constructores y particulares"}]},{"@type":"WebSite","@id":"https:\/\/www.caudete.org\/ayuntamiento\/#website","url":"https:\/\/www.caudete.org\/ayuntamiento\/","name":"MI Ayuntamiento de Caudete","description":"P\u00e1gina Oficial del MI Ayuntamiento de Caudete","potentialAction":[{"@type":"SearchAction","target":{"@type":"EntryPoint","urlTemplate":"https:\/\/www.caudete.org\/ayuntamiento\/?s={search_term_string}"},"query-input":{"@type":"PropertyValueSpecification","valueRequired":true,"valueName":"search_term_string"}}],"inLanguage":"es"},{"@type":"Person","@id":"https:\/\/www.caudete.org\/ayuntamiento\/#\/schema\/person\/cc646da9133078ee4d8dd47457947253","name":"alcalde","image":{"@type":"ImageObject","inLanguage":"es","@id":"https:\/\/secure.gravatar.com\/avatar\/84a817ba065b29ff08d666b215a215f5c79186a645ccb25b14a663d48a130f77?s=96&d=mm&r=g","url":"https:\/\/secure.gravatar.com\/avatar\/84a817ba065b29ff08d666b215a215f5c79186a645ccb25b14a663d48a130f77?s=96&d=mm&r=g","contentUrl":"https:\/\/secure.gravatar.com\/avatar\/84a817ba065b29ff08d666b215a215f5c79186a645ccb25b14a663d48a130f77?s=96&d=mm&r=g","caption":"alcalde"},"url":"https:\/\/www.caudete.org\/ayuntamiento\/author\/alcalde\/"}]}},"_links":{"self":[{"href":"https:\/\/www.caudete.org\/ayuntamiento\/wp-json\/wp\/v2\/posts\/19712","targetHints":{"allow":["GET"]}}],"collection":[{"href":"https:\/\/www.caudete.org\/ayuntamiento\/wp-json\/wp\/v2\/posts"}],"about":[{"href":"https:\/\/www.caudete.org\/ayuntamiento\/wp-json\/wp\/v2\/types\/post"}],"author":[{"embeddable":true,"href":"https:\/\/www.caudete.org\/ayuntamiento\/wp-json\/wp\/v2\/users\/3"}],"replies":[{"embeddable":true,"href":"https:\/\/www.caudete.org\/ayuntamiento\/wp-json\/wp\/v2\/comments?post=19712"}],"version-history":[{"count":1,"href":"https:\/\/www.caudete.org\/ayuntamiento\/wp-json\/wp\/v2\/posts\/19712\/revisions"}],"predecessor-version":[{"id":19714,"href":"https:\/\/www.caudete.org\/ayuntamiento\/wp-json\/wp\/v2\/posts\/19712\/revisions\/19714"}],"wp:featuredmedia":[{"embeddable":true,"href":"https:\/\/www.caudete.org\/ayuntamiento\/wp-json\/wp\/v2\/media\/17632"}],"wp:attachment":[{"href":"https:\/\/www.caudete.org\/ayuntamiento\/wp-json\/wp\/v2\/media?parent=19712"}],"wp:term":[{"taxonomy":"category","embeddable":true,"href":"https:\/\/www.caudete.org\/ayuntamiento\/wp-json\/wp\/v2\/categories?post=19712"},{"taxonomy":"post_tag","embeddable":true,"href":"https:\/\/www.caudete.org\/ayuntamiento\/wp-json\/wp\/v2\/tags?post=19712"}],"curies":[{"name":"wp","href":"https:\/\/api.w.org\/{rel}","templated":true}]}}