{"id":19715,"date":"2022-07-25T16:10:53","date_gmt":"2022-07-25T14:10:53","guid":{"rendered":"https:\/\/www.caudete.org\/ayuntamiento\/?p=19715"},"modified":"2022-07-25T16:10:53","modified_gmt":"2022-07-25T14:10:53","slug":"el-gobierno-municipal-presentara-al-pleno-bonificar-el-50-del-ibi-durante-3-anos-y-el-95-del-icio-por-la-instalacion-de-placas-solares-en-viviendas","status":"publish","type":"post","link":"https:\/\/www.caudete.org\/ayuntamiento\/el-gobierno-municipal-presentara-al-pleno-bonificar-el-50-del-ibi-durante-3-anos-y-el-95-del-icio-por-la-instalacion-de-placas-solares-en-viviendas\/","title":{"rendered":"El Gobierno Municipal presentar\u00e1 al Pleno bonificar el 50% del IBI (durante 3 a\u00f1os) y el 95% del ICIO por la instalaci\u00f3n de PLACAS SOLARES EN VIVIENDAS"},"content":{"rendered":"<p style=\"text-align: justify;\">La Comisi\u00f3n Informativa de Econom\u00eda y Hacienda abordaba entre otros asuntos el pasado viernes la bonificaci\u00f3n del IBI y del ICIO para el caso de viviendas que instalen sistemas de aprovechamiento t\u00e9rmico o el\u00e9ctrico de la energ\u00eda proveniente del sol.<\/p>\n<p style=\"text-align: justify;\">La propuesta, elaborada por el Gobierno Municipal, consigui\u00f3 el apoyo de todos los grupos municipales, y ser\u00e1 el Pleno Municipal quien acuerde la aprobaci\u00f3n de la misma en las l\u00edneas siguientes (de forma resumida):<\/p>\n<ul style=\"text-align: justify;\">\n<li>Bonificaci\u00f3n del 50% de la cuota \u00edntegra del impuesto para las viviendas con un m\u00e1ximo de bonificaci\u00f3n del inmueble de 300 \u20ac\/a\u00f1o, sin que la suma bonificada pueda superar el 30% del coste total de la instalaci\u00f3n.<\/li>\n<li>Bonificaci\u00f3n del 95% de la cuota del impuesto de las obras de adaptaci\u00f3n de edificios a las instalaciones descritas, siempre que se consiga cubrir al menos el 40% de la demanda energ\u00e9tica total del edificio, bien mediante captadores solares, aerogeneradores o sistemas mixtos.<\/li>\n<\/ul>\n<p style=\"text-align: justify;\">Esta acci\u00f3n viene a colaci\u00f3n del compromiso un\u00e1nime adoptado por el Pleno en la \u00faltima sesi\u00f3n, tras el an\u00e1lisis y debate de una moci\u00f3n presentada en el mismo, que condujo al voto un\u00e1nime de los componentes de la Corporaci\u00f3n Municipal.<\/p>\n","protected":false},"excerpt":{"rendered":"<p>La Comisi\u00f3n Informativa de Econom\u00eda y Hacienda abordaba entre otros asuntos el pasado viernes la bonificaci\u00f3n del IBI y del ICIO para el caso de viviendas que instalen sistemas de aprovechamiento t\u00e9rmico o el\u00e9ctrico de la energ\u00eda proveniente del sol. La propuesta, elaborada por el Gobierno Municipal, consigui\u00f3 el apoyo de todos los grupos municipales, &hellip;<\/p>\n","protected":false},"author":3,"featured_media":19716,"comment_status":"closed","ping_status":"open","sticky":false,"template":"","format":"standard","meta":{"ngg_post_thumbnail":0,"footnotes":""},"categories":[28],"tags":[],"class_list":["post-19715","post","type-post","status-publish","format-standard","has-post-thumbnail","hentry","category-economia"],"yoast_head":"<!-- This site is optimized with the Yoast SEO plugin v27.5 - https:\/\/yoast.com\/product\/yoast-seo-wordpress\/ -->\n<title>El Gobierno Municipal presentar\u00e1 al Pleno bonificar el 50% del IBI (durante 3 a\u00f1os) y el 95% del ICIO por la instalaci\u00f3n de PLACAS SOLARES EN VIVIENDAS - MI Ayuntamiento de Caudete<\/title>\n<meta name=\"description\" content=\"P\u00e1gina Oficial del Ayuntamiento de Caudete (Albacete)\" \/>\n<meta name=\"robots\" content=\"index, follow, max-snippet:-1, max-image-preview:large, max-video-preview:-1\" \/>\n<link rel=\"canonical\" href=\"https:\/\/www.caudete.org\/ayuntamiento\/el-gobierno-municipal-presentara-al-pleno-bonificar-el-50-del-ibi-durante-3-anos-y-el-95-del-icio-por-la-instalacion-de-placas-solares-en-viviendas\/\" \/>\n<meta property=\"og:locale\" content=\"es_ES\" \/>\n<meta property=\"og:type\" content=\"article\" \/>\n<meta property=\"og:title\" content=\"El Gobierno Municipal presentar\u00e1 al Pleno bonificar el 50% del IBI (durante 3 a\u00f1os) y el 95% del ICIO por la instalaci\u00f3n de PLACAS SOLARES EN VIVIENDAS - MI Ayuntamiento de Caudete\" \/>\n<meta property=\"og:description\" content=\"P\u00e1gina Oficial del Ayuntamiento de Caudete (Albacete)\" \/>\n<meta property=\"og:url\" content=\"https:\/\/www.caudete.org\/ayuntamiento\/el-gobierno-municipal-presentara-al-pleno-bonificar-el-50-del-ibi-durante-3-anos-y-el-95-del-icio-por-la-instalacion-de-placas-solares-en-viviendas\/\" \/>\n<meta property=\"og:site_name\" content=\"MI Ayuntamiento de Caudete\" \/>\n<meta property=\"article:publisher\" content=\"https:\/\/www.facebook.com\/ayuntamientocaudete\/\" \/>\n<meta property=\"article:published_time\" content=\"2022-07-25T14:10:53+00:00\" \/>\n<meta property=\"og:image\" content=\"https:\/\/www.caudete.org\/ayuntamiento\/wp-content\/uploads\/2022\/07\/paneles-solares-bbva-sostenibilidad-1024x576-1.jpg\" \/>\n\t<meta property=\"og:image:width\" content=\"1024\" \/>\n\t<meta property=\"og:image:height\" content=\"576\" \/>\n\t<meta property=\"og:image:type\" content=\"image\/jpeg\" \/>\n<meta name=\"author\" content=\"alcalde\" \/>\n<meta name=\"twitter:card\" content=\"summary_large_image\" \/>\n<meta name=\"twitter:label1\" content=\"Escrito por\" \/>\n\t<meta name=\"twitter:data1\" content=\"alcalde\" \/>\n\t<meta name=\"twitter:label2\" content=\"Tiempo de lectura\" \/>\n\t<meta name=\"twitter:data2\" content=\"1 minuto\" \/>\n<script type=\"application\/ld+json\" class=\"yoast-schema-graph\">{\"@context\":\"https:\\\/\\\/schema.org\",\"@graph\":[{\"@type\":\"Article\",\"@id\":\"https:\\\/\\\/www.caudete.org\\\/ayuntamiento\\\/el-gobierno-municipal-presentara-al-pleno-bonificar-el-50-del-ibi-durante-3-anos-y-el-95-del-icio-por-la-instalacion-de-placas-solares-en-viviendas\\\/#article\",\"isPartOf\":{\"@id\":\"https:\\\/\\\/www.caudete.org\\\/ayuntamiento\\\/el-gobierno-municipal-presentara-al-pleno-bonificar-el-50-del-ibi-durante-3-anos-y-el-95-del-icio-por-la-instalacion-de-placas-solares-en-viviendas\\\/\"},\"author\":{\"name\":\"alcalde\",\"@id\":\"https:\\\/\\\/www.caudete.org\\\/ayuntamiento\\\/#\\\/schema\\\/person\\\/cc646da9133078ee4d8dd47457947253\"},\"headline\":\"El Gobierno Municipal presentar\u00e1 al Pleno bonificar el 50% del IBI (durante 3 a\u00f1os) y el 95% del ICIO por la instalaci\u00f3n de PLACAS SOLARES EN VIVIENDAS\",\"datePublished\":\"2022-07-25T14:10:53+00:00\",\"mainEntityOfPage\":{\"@id\":\"https:\\\/\\\/www.caudete.org\\\/ayuntamiento\\\/el-gobierno-municipal-presentara-al-pleno-bonificar-el-50-del-ibi-durante-3-anos-y-el-95-del-icio-por-la-instalacion-de-placas-solares-en-viviendas\\\/\"},\"wordCount\":239,\"publisher\":{\"@id\":\"https:\\\/\\\/www.caudete.org\\\/ayuntamiento\\\/#organization\"},\"image\":{\"@id\":\"https:\\\/\\\/www.caudete.org\\\/ayuntamiento\\\/el-gobierno-municipal-presentara-al-pleno-bonificar-el-50-del-ibi-durante-3-anos-y-el-95-del-icio-por-la-instalacion-de-placas-solares-en-viviendas\\\/#primaryimage\"},\"thumbnailUrl\":\"https:\\\/\\\/www.caudete.org\\\/ayuntamiento\\\/wp-content\\\/uploads\\\/2022\\\/07\\\/paneles-solares-bbva-sostenibilidad-1024x576-1.jpg\",\"articleSection\":[\"Econom\u00eda\"],\"inLanguage\":\"es\"},{\"@type\":\"WebPage\",\"@id\":\"https:\\\/\\\/www.caudete.org\\\/ayuntamiento\\\/el-gobierno-municipal-presentara-al-pleno-bonificar-el-50-del-ibi-durante-3-anos-y-el-95-del-icio-por-la-instalacion-de-placas-solares-en-viviendas\\\/\",\"url\":\"https:\\\/\\\/www.caudete.org\\\/ayuntamiento\\\/el-gobierno-municipal-presentara-al-pleno-bonificar-el-50-del-ibi-durante-3-anos-y-el-95-del-icio-por-la-instalacion-de-placas-solares-en-viviendas\\\/\",\"name\":\"El Gobierno Municipal presentar\u00e1 al Pleno bonificar el 50% del IBI (durante 3 a\u00f1os) y el 95% del ICIO por la instalaci\u00f3n de PLACAS SOLARES EN VIVIENDAS - MI Ayuntamiento de Caudete\",\"isPartOf\":{\"@id\":\"https:\\\/\\\/www.caudete.org\\\/ayuntamiento\\\/#website\"},\"primaryImageOfPage\":{\"@id\":\"https:\\\/\\\/www.caudete.org\\\/ayuntamiento\\\/el-gobierno-municipal-presentara-al-pleno-bonificar-el-50-del-ibi-durante-3-anos-y-el-95-del-icio-por-la-instalacion-de-placas-solares-en-viviendas\\\/#primaryimage\"},\"image\":{\"@id\":\"https:\\\/\\\/www.caudete.org\\\/ayuntamiento\\\/el-gobierno-municipal-presentara-al-pleno-bonificar-el-50-del-ibi-durante-3-anos-y-el-95-del-icio-por-la-instalacion-de-placas-solares-en-viviendas\\\/#primaryimage\"},\"thumbnailUrl\":\"https:\\\/\\\/www.caudete.org\\\/ayuntamiento\\\/wp-content\\\/uploads\\\/2022\\\/07\\\/paneles-solares-bbva-sostenibilidad-1024x576-1.jpg\",\"datePublished\":\"2022-07-25T14:10:53+00:00\",\"description\":\"P\u00e1gina Oficial del Ayuntamiento de Caudete (Albacete)\",\"breadcrumb\":{\"@id\":\"https:\\\/\\\/www.caudete.org\\\/ayuntamiento\\\/el-gobierno-municipal-presentara-al-pleno-bonificar-el-50-del-ibi-durante-3-anos-y-el-95-del-icio-por-la-instalacion-de-placas-solares-en-viviendas\\\/#breadcrumb\"},\"inLanguage\":\"es\",\"potentialAction\":[{\"@type\":\"ReadAction\",\"target\":[\"https:\\\/\\\/www.caudete.org\\\/ayuntamiento\\\/el-gobierno-municipal-presentara-al-pleno-bonificar-el-50-del-ibi-durante-3-anos-y-el-95-del-icio-por-la-instalacion-de-placas-solares-en-viviendas\\\/\"]}]},{\"@type\":\"ImageObject\",\"inLanguage\":\"es\",\"@id\":\"https:\\\/\\\/www.caudete.org\\\/ayuntamiento\\\/el-gobierno-municipal-presentara-al-pleno-bonificar-el-50-del-ibi-durante-3-anos-y-el-95-del-icio-por-la-instalacion-de-placas-solares-en-viviendas\\\/#primaryimage\",\"url\":\"https:\\\/\\\/www.caudete.org\\\/ayuntamiento\\\/wp-content\\\/uploads\\\/2022\\\/07\\\/paneles-solares-bbva-sostenibilidad-1024x576-1.jpg\",\"contentUrl\":\"https:\\\/\\\/www.caudete.org\\\/ayuntamiento\\\/wp-content\\\/uploads\\\/2022\\\/07\\\/paneles-solares-bbva-sostenibilidad-1024x576-1.jpg\",\"width\":1024,\"height\":576},{\"@type\":\"BreadcrumbList\",\"@id\":\"https:\\\/\\\/www.caudete.org\\\/ayuntamiento\\\/el-gobierno-municipal-presentara-al-pleno-bonificar-el-50-del-ibi-durante-3-anos-y-el-95-del-icio-por-la-instalacion-de-placas-solares-en-viviendas\\\/#breadcrumb\",\"itemListElement\":[{\"@type\":\"ListItem\",\"position\":1,\"name\":\"Inicio\",\"item\":\"https:\\\/\\\/www.caudete.org\\\/ayuntamiento\\\/\"},{\"@type\":\"ListItem\",\"position\":2,\"name\":\"El Gobierno Municipal presentar\u00e1 al Pleno bonificar el 50% del IBI (durante 3 a\u00f1os) y el 95% del ICIO por la instalaci\u00f3n de PLACAS SOLARES EN VIVIENDAS\"}]},{\"@type\":\"WebSite\",\"@id\":\"https:\\\/\\\/www.caudete.org\\\/ayuntamiento\\\/#website\",\"url\":\"https:\\\/\\\/www.caudete.org\\\/ayuntamiento\\\/\",\"name\":\"MI Ayuntamiento de Caudete\",\"description\":\"P\u00e1gina Oficial del MI Ayuntamiento de Caudete\",\"publisher\":{\"@id\":\"https:\\\/\\\/www.caudete.org\\\/ayuntamiento\\\/#organization\"},\"potentialAction\":[{\"@type\":\"SearchAction\",\"target\":{\"@type\":\"EntryPoint\",\"urlTemplate\":\"https:\\\/\\\/www.caudete.org\\\/ayuntamiento\\\/?s={search_term_string}\"},\"query-input\":{\"@type\":\"PropertyValueSpecification\",\"valueRequired\":true,\"valueName\":\"search_term_string\"}}],\"inLanguage\":\"es\"},{\"@type\":\"Organization\",\"@id\":\"https:\\\/\\\/www.caudete.org\\\/ayuntamiento\\\/#organization\",\"name\":\"Ayuntamiento de Caudete\",\"url\":\"https:\\\/\\\/www.caudete.org\\\/ayuntamiento\\\/\",\"logo\":{\"@type\":\"ImageObject\",\"inLanguage\":\"es\",\"@id\":\"https:\\\/\\\/www.caudete.org\\\/ayuntamiento\\\/#\\\/schema\\\/logo\\\/image\\\/\",\"url\":\"https:\\\/\\\/www.caudete.org\\\/ayuntamiento\\\/wp-content\\\/uploads\\\/2020\\\/11\\\/logo_ayuntamiento_caudete.jpg\",\"contentUrl\":\"https:\\\/\\\/www.caudete.org\\\/ayuntamiento\\\/wp-content\\\/uploads\\\/2020\\\/11\\\/logo_ayuntamiento_caudete.jpg\",\"width\":600,\"height\":150,\"caption\":\"Ayuntamiento de Caudete\"},\"image\":{\"@id\":\"https:\\\/\\\/www.caudete.org\\\/ayuntamiento\\\/#\\\/schema\\\/logo\\\/image\\\/\"},\"sameAs\":[\"https:\\\/\\\/www.facebook.com\\\/ayuntamientocaudete\\\/\",\"https:\\\/\\\/www.youtube.com\\\/channel\\\/UC6VztHaooNsGpw-tNoBEFnQ\"]},{\"@type\":\"Person\",\"@id\":\"https:\\\/\\\/www.caudete.org\\\/ayuntamiento\\\/#\\\/schema\\\/person\\\/cc646da9133078ee4d8dd47457947253\",\"name\":\"alcalde\",\"image\":{\"@type\":\"ImageObject\",\"inLanguage\":\"es\",\"@id\":\"https:\\\/\\\/secure.gravatar.com\\\/avatar\\\/84a817ba065b29ff08d666b215a215f5c79186a645ccb25b14a663d48a130f77?s=96&d=mm&r=g\",\"url\":\"https:\\\/\\\/secure.gravatar.com\\\/avatar\\\/84a817ba065b29ff08d666b215a215f5c79186a645ccb25b14a663d48a130f77?s=96&d=mm&r=g\",\"contentUrl\":\"https:\\\/\\\/secure.gravatar.com\\\/avatar\\\/84a817ba065b29ff08d666b215a215f5c79186a645ccb25b14a663d48a130f77?s=96&d=mm&r=g\",\"caption\":\"alcalde\"},\"url\":\"https:\\\/\\\/www.caudete.org\\\/ayuntamiento\\\/author\\\/alcalde\\\/\"}]}<\/script>\n<!-- \/ Yoast SEO plugin. -->","yoast_head_json":{"title":"El Gobierno Municipal presentar\u00e1 al Pleno bonificar el 50% del IBI (durante 3 a\u00f1os) y el 95% del ICIO por la instalaci\u00f3n de PLACAS SOLARES EN VIVIENDAS - MI Ayuntamiento de Caudete","description":"P\u00e1gina Oficial del Ayuntamiento de Caudete (Albacete)","robots":{"index":"index","follow":"follow","max-snippet":"max-snippet:-1","max-image-preview":"max-image-preview:large","max-video-preview":"max-video-preview:-1"},"canonical":"https:\/\/www.caudete.org\/ayuntamiento\/el-gobierno-municipal-presentara-al-pleno-bonificar-el-50-del-ibi-durante-3-anos-y-el-95-del-icio-por-la-instalacion-de-placas-solares-en-viviendas\/","og_locale":"es_ES","og_type":"article","og_title":"El Gobierno Municipal presentar\u00e1 al Pleno bonificar el 50% del IBI (durante 3 a\u00f1os) y el 95% del ICIO por la instalaci\u00f3n de PLACAS SOLARES EN VIVIENDAS - MI Ayuntamiento de Caudete","og_description":"P\u00e1gina Oficial del Ayuntamiento de Caudete (Albacete)","og_url":"https:\/\/www.caudete.org\/ayuntamiento\/el-gobierno-municipal-presentara-al-pleno-bonificar-el-50-del-ibi-durante-3-anos-y-el-95-del-icio-por-la-instalacion-de-placas-solares-en-viviendas\/","og_site_name":"MI Ayuntamiento de Caudete","article_publisher":"https:\/\/www.facebook.com\/ayuntamientocaudete\/","article_published_time":"2022-07-25T14:10:53+00:00","og_image":[{"width":1024,"height":576,"url":"https:\/\/www.caudete.org\/ayuntamiento\/wp-content\/uploads\/2022\/07\/paneles-solares-bbva-sostenibilidad-1024x576-1.jpg","type":"image\/jpeg"}],"author":"alcalde","twitter_card":"summary_large_image","twitter_misc":{"Escrito por":"alcalde","Tiempo de lectura":"1 minuto"},"schema":{"@context":"https:\/\/schema.org","@graph":[{"@type":"Article","@id":"https:\/\/www.caudete.org\/ayuntamiento\/el-gobierno-municipal-presentara-al-pleno-bonificar-el-50-del-ibi-durante-3-anos-y-el-95-del-icio-por-la-instalacion-de-placas-solares-en-viviendas\/#article","isPartOf":{"@id":"https:\/\/www.caudete.org\/ayuntamiento\/el-gobierno-municipal-presentara-al-pleno-bonificar-el-50-del-ibi-durante-3-anos-y-el-95-del-icio-por-la-instalacion-de-placas-solares-en-viviendas\/"},"author":{"name":"alcalde","@id":"https:\/\/www.caudete.org\/ayuntamiento\/#\/schema\/person\/cc646da9133078ee4d8dd47457947253"},"headline":"El Gobierno Municipal presentar\u00e1 al Pleno bonificar el 50% del IBI (durante 3 a\u00f1os) y el 95% del ICIO por la instalaci\u00f3n de PLACAS SOLARES EN VIVIENDAS","datePublished":"2022-07-25T14:10:53+00:00","mainEntityOfPage":{"@id":"https:\/\/www.caudete.org\/ayuntamiento\/el-gobierno-municipal-presentara-al-pleno-bonificar-el-50-del-ibi-durante-3-anos-y-el-95-del-icio-por-la-instalacion-de-placas-solares-en-viviendas\/"},"wordCount":239,"publisher":{"@id":"https:\/\/www.caudete.org\/ayuntamiento\/#organization"},"image":{"@id":"https:\/\/www.caudete.org\/ayuntamiento\/el-gobierno-municipal-presentara-al-pleno-bonificar-el-50-del-ibi-durante-3-anos-y-el-95-del-icio-por-la-instalacion-de-placas-solares-en-viviendas\/#primaryimage"},"thumbnailUrl":"https:\/\/www.caudete.org\/ayuntamiento\/wp-content\/uploads\/2022\/07\/paneles-solares-bbva-sostenibilidad-1024x576-1.jpg","articleSection":["Econom\u00eda"],"inLanguage":"es"},{"@type":"WebPage","@id":"https:\/\/www.caudete.org\/ayuntamiento\/el-gobierno-municipal-presentara-al-pleno-bonificar-el-50-del-ibi-durante-3-anos-y-el-95-del-icio-por-la-instalacion-de-placas-solares-en-viviendas\/","url":"https:\/\/www.caudete.org\/ayuntamiento\/el-gobierno-municipal-presentara-al-pleno-bonificar-el-50-del-ibi-durante-3-anos-y-el-95-del-icio-por-la-instalacion-de-placas-solares-en-viviendas\/","name":"El Gobierno Municipal presentar\u00e1 al Pleno bonificar el 50% del IBI (durante 3 a\u00f1os) y el 95% del ICIO por la instalaci\u00f3n de PLACAS SOLARES EN VIVIENDAS - MI Ayuntamiento de Caudete","isPartOf":{"@id":"https:\/\/www.caudete.org\/ayuntamiento\/#website"},"primaryImageOfPage":{"@id":"https:\/\/www.caudete.org\/ayuntamiento\/el-gobierno-municipal-presentara-al-pleno-bonificar-el-50-del-ibi-durante-3-anos-y-el-95-del-icio-por-la-instalacion-de-placas-solares-en-viviendas\/#primaryimage"},"image":{"@id":"https:\/\/www.caudete.org\/ayuntamiento\/el-gobierno-municipal-presentara-al-pleno-bonificar-el-50-del-ibi-durante-3-anos-y-el-95-del-icio-por-la-instalacion-de-placas-solares-en-viviendas\/#primaryimage"},"thumbnailUrl":"https:\/\/www.caudete.org\/ayuntamiento\/wp-content\/uploads\/2022\/07\/paneles-solares-bbva-sostenibilidad-1024x576-1.jpg","datePublished":"2022-07-25T14:10:53+00:00","description":"P\u00e1gina Oficial del Ayuntamiento de Caudete (Albacete)","breadcrumb":{"@id":"https:\/\/www.caudete.org\/ayuntamiento\/el-gobierno-municipal-presentara-al-pleno-bonificar-el-50-del-ibi-durante-3-anos-y-el-95-del-icio-por-la-instalacion-de-placas-solares-en-viviendas\/#breadcrumb"},"inLanguage":"es","potentialAction":[{"@type":"ReadAction","target":["https:\/\/www.caudete.org\/ayuntamiento\/el-gobierno-municipal-presentara-al-pleno-bonificar-el-50-del-ibi-durante-3-anos-y-el-95-del-icio-por-la-instalacion-de-placas-solares-en-viviendas\/"]}]},{"@type":"ImageObject","inLanguage":"es","@id":"https:\/\/www.caudete.org\/ayuntamiento\/el-gobierno-municipal-presentara-al-pleno-bonificar-el-50-del-ibi-durante-3-anos-y-el-95-del-icio-por-la-instalacion-de-placas-solares-en-viviendas\/#primaryimage","url":"https:\/\/www.caudete.org\/ayuntamiento\/wp-content\/uploads\/2022\/07\/paneles-solares-bbva-sostenibilidad-1024x576-1.jpg","contentUrl":"https:\/\/www.caudete.org\/ayuntamiento\/wp-content\/uploads\/2022\/07\/paneles-solares-bbva-sostenibilidad-1024x576-1.jpg","width":1024,"height":576},{"@type":"BreadcrumbList","@id":"https:\/\/www.caudete.org\/ayuntamiento\/el-gobierno-municipal-presentara-al-pleno-bonificar-el-50-del-ibi-durante-3-anos-y-el-95-del-icio-por-la-instalacion-de-placas-solares-en-viviendas\/#breadcrumb","itemListElement":[{"@type":"ListItem","position":1,"name":"Inicio","item":"https:\/\/www.caudete.org\/ayuntamiento\/"},{"@type":"ListItem","position":2,"name":"El Gobierno Municipal presentar\u00e1 al Pleno bonificar el 50% del IBI (durante 3 a\u00f1os) y el 95% del ICIO por la instalaci\u00f3n de PLACAS SOLARES EN VIVIENDAS"}]},{"@type":"WebSite","@id":"https:\/\/www.caudete.org\/ayuntamiento\/#website","url":"https:\/\/www.caudete.org\/ayuntamiento\/","name":"MI Ayuntamiento de Caudete","description":"P\u00e1gina Oficial del MI Ayuntamiento de Caudete","publisher":{"@id":"https:\/\/www.caudete.org\/ayuntamiento\/#organization"},"potentialAction":[{"@type":"SearchAction","target":{"@type":"EntryPoint","urlTemplate":"https:\/\/www.caudete.org\/ayuntamiento\/?s={search_term_string}"},"query-input":{"@type":"PropertyValueSpecification","valueRequired":true,"valueName":"search_term_string"}}],"inLanguage":"es"},{"@type":"Organization","@id":"https:\/\/www.caudete.org\/ayuntamiento\/#organization","name":"Ayuntamiento de Caudete","url":"https:\/\/www.caudete.org\/ayuntamiento\/","logo":{"@type":"ImageObject","inLanguage":"es","@id":"https:\/\/www.caudete.org\/ayuntamiento\/#\/schema\/logo\/image\/","url":"https:\/\/www.caudete.org\/ayuntamiento\/wp-content\/uploads\/2020\/11\/logo_ayuntamiento_caudete.jpg","contentUrl":"https:\/\/www.caudete.org\/ayuntamiento\/wp-content\/uploads\/2020\/11\/logo_ayuntamiento_caudete.jpg","width":600,"height":150,"caption":"Ayuntamiento de Caudete"},"image":{"@id":"https:\/\/www.caudete.org\/ayuntamiento\/#\/schema\/logo\/image\/"},"sameAs":["https:\/\/www.facebook.com\/ayuntamientocaudete\/","https:\/\/www.youtube.com\/channel\/UC6VztHaooNsGpw-tNoBEFnQ"]},{"@type":"Person","@id":"https:\/\/www.caudete.org\/ayuntamiento\/#\/schema\/person\/cc646da9133078ee4d8dd47457947253","name":"alcalde","image":{"@type":"ImageObject","inLanguage":"es","@id":"https:\/\/secure.gravatar.com\/avatar\/84a817ba065b29ff08d666b215a215f5c79186a645ccb25b14a663d48a130f77?s=96&d=mm&r=g","url":"https:\/\/secure.gravatar.com\/avatar\/84a817ba065b29ff08d666b215a215f5c79186a645ccb25b14a663d48a130f77?s=96&d=mm&r=g","contentUrl":"https:\/\/secure.gravatar.com\/avatar\/84a817ba065b29ff08d666b215a215f5c79186a645ccb25b14a663d48a130f77?s=96&d=mm&r=g","caption":"alcalde"},"url":"https:\/\/www.caudete.org\/ayuntamiento\/author\/alcalde\/"}]}},"_links":{"self":[{"href":"https:\/\/www.caudete.org\/ayuntamiento\/wp-json\/wp\/v2\/posts\/19715","targetHints":{"allow":["GET"]}}],"collection":[{"href":"https:\/\/www.caudete.org\/ayuntamiento\/wp-json\/wp\/v2\/posts"}],"about":[{"href":"https:\/\/www.caudete.org\/ayuntamiento\/wp-json\/wp\/v2\/types\/post"}],"author":[{"embeddable":true,"href":"https:\/\/www.caudete.org\/ayuntamiento\/wp-json\/wp\/v2\/users\/3"}],"replies":[{"embeddable":true,"href":"https:\/\/www.caudete.org\/ayuntamiento\/wp-json\/wp\/v2\/comments?post=19715"}],"version-history":[{"count":1,"href":"https:\/\/www.caudete.org\/ayuntamiento\/wp-json\/wp\/v2\/posts\/19715\/revisions"}],"predecessor-version":[{"id":19717,"href":"https:\/\/www.caudete.org\/ayuntamiento\/wp-json\/wp\/v2\/posts\/19715\/revisions\/19717"}],"wp:featuredmedia":[{"embeddable":true,"href":"https:\/\/www.caudete.org\/ayuntamiento\/wp-json\/wp\/v2\/media\/19716"}],"wp:attachment":[{"href":"https:\/\/www.caudete.org\/ayuntamiento\/wp-json\/wp\/v2\/media?parent=19715"}],"wp:term":[{"taxonomy":"category","embeddable":true,"href":"https:\/\/www.caudete.org\/ayuntamiento\/wp-json\/wp\/v2\/categories?post=19715"},{"taxonomy":"post_tag","embeddable":true,"href":"https:\/\/www.caudete.org\/ayuntamiento\/wp-json\/wp\/v2\/tags?post=19715"}],"curies":[{"name":"wp","href":"https:\/\/api.w.org\/{rel}","templated":true}]}}