{"id":19718,"date":"2022-07-26T20:55:02","date_gmt":"2022-07-26T18:55:02","guid":{"rendered":"https:\/\/www.caudete.org\/ayuntamiento\/?p=19718"},"modified":"2022-07-26T20:59:01","modified_gmt":"2022-07-26T18:59:01","slug":"el-pleno-otorgara-a-cruz-roja-y-caritas-un-total-de-10-000e-como-ayuda-extraordinaria","status":"publish","type":"post","link":"https:\/\/www.caudete.org\/ayuntamiento\/el-pleno-otorgara-a-cruz-roja-y-caritas-un-total-de-10-000e-como-ayuda-extraordinaria\/","title":{"rendered":"El Pleno otorgar\u00e1 a Cruz Roja y C\u00e1ritas un total de 10.000\u20ac como ayuda extraordinaria"},"content":{"rendered":"<p style=\"text-align: justify;\">La Comisi\u00f3n Informativa de Econom\u00eda y Hacienda celebrada el pasado viernes, abordaba el Dictamen para conceder un total de 10.000\u20ac a repartir por partes iguales para Cruz Roja y C\u00e1ritas.<\/p>\n<p style=\"text-align: justify;\">El objetivo de la ayuda, o la justificaci\u00f3n aportada por las entidades beneficiarias se basa en &#8220;<em>cubrir necesidades derivadas de una situaci\u00f3n econ\u00f3mica social excepcional, que no ha mejorado a pesar de la mejora de la pandemia, sino que se est\u00e1 agravando por otras circunstancias, como la guerra de Ucrania, el incremento del IPC en los \u00faltimos meses o la subida desproporcionada de los precios de la energ\u00eda<\/em>&#8221; tal y como expresa el acta de la sesi\u00f3n.<\/p>\n<p style=\"text-align: justify;\">Ello es posible gracias a la previsi\u00f3n que el Gobierno Municipal imprimi\u00f3 al Presupuesto General del Municipio para 2022, consignando un total de 30.000\u20ac para estas situaciones, ya que se cuenta con la experiencia de los dos a\u00f1os previos de necesidad de colaborar con estas dos entidades para los m\u00e1s necesitados de la localidad.<\/p>\n<p style=\"text-align: justify;\">Habiendo recibido el voto un\u00e1nime de todos los grupos municipales, el paso siguiente lo dar\u00e1 el Pleno, quien acordar\u00e1 la aprobaci\u00f3n de dichas cantidades.<\/p>\n","protected":false},"excerpt":{"rendered":"<p>La Comisi\u00f3n Informativa de Econom\u00eda y Hacienda celebrada el pasado viernes, abordaba el Dictamen para conceder un total de 10.000\u20ac a repartir por partes iguales para Cruz Roja y C\u00e1ritas. El objetivo de la ayuda, o la justificaci\u00f3n aportada por las entidades beneficiarias se basa en &#8220;cubrir necesidades derivadas de una situaci\u00f3n econ\u00f3mica social excepcional, &hellip;<\/p>\n","protected":false},"author":3,"featured_media":19719,"comment_status":"closed","ping_status":"open","sticky":false,"template":"","format":"standard","meta":{"ngg_post_thumbnail":0,"footnotes":""},"categories":[28],"tags":[],"class_list":["post-19718","post","type-post","status-publish","format-standard","has-post-thumbnail","hentry","category-economia"],"yoast_head":"<!-- This site is optimized with the Yoast SEO plugin v27.5 - https:\/\/yoast.com\/product\/yoast-seo-wordpress\/ -->\n<title>El Pleno otorgar\u00e1 a Cruz Roja y C\u00e1ritas un total de 10.000\u20ac como ayuda extraordinaria - MI Ayuntamiento de Caudete<\/title>\n<meta name=\"description\" content=\"P\u00e1gina Oficial del Ayuntamiento de Caudete (Albacete)\" \/>\n<meta name=\"robots\" content=\"index, follow, max-snippet:-1, max-image-preview:large, max-video-preview:-1\" \/>\n<link rel=\"canonical\" href=\"https:\/\/www.caudete.org\/ayuntamiento\/el-pleno-otorgara-a-cruz-roja-y-caritas-un-total-de-10-000e-como-ayuda-extraordinaria\/\" \/>\n<meta property=\"og:locale\" content=\"es_ES\" \/>\n<meta property=\"og:type\" content=\"article\" \/>\n<meta property=\"og:title\" content=\"El Pleno otorgar\u00e1 a Cruz Roja y C\u00e1ritas un total de 10.000\u20ac como ayuda extraordinaria - MI Ayuntamiento de Caudete\" \/>\n<meta property=\"og:description\" content=\"P\u00e1gina Oficial del Ayuntamiento de Caudete (Albacete)\" \/>\n<meta property=\"og:url\" content=\"https:\/\/www.caudete.org\/ayuntamiento\/el-pleno-otorgara-a-cruz-roja-y-caritas-un-total-de-10-000e-como-ayuda-extraordinaria\/\" \/>\n<meta property=\"og:site_name\" content=\"MI Ayuntamiento de Caudete\" \/>\n<meta property=\"article:publisher\" content=\"https:\/\/www.facebook.com\/ayuntamientocaudete\/\" \/>\n<meta property=\"article:published_time\" content=\"2022-07-26T18:55:02+00:00\" \/>\n<meta property=\"article:modified_time\" content=\"2022-07-26T18:59:01+00:00\" \/>\n<meta property=\"og:image\" content=\"https:\/\/www.caudete.org\/ayuntamiento\/wp-content\/uploads\/2022\/07\/caritas-y-cruz-roja.jpg\" \/>\n\t<meta property=\"og:image:width\" content=\"998\" \/>\n\t<meta property=\"og:image:height\" content=\"799\" \/>\n\t<meta property=\"og:image:type\" content=\"image\/jpeg\" \/>\n<meta name=\"author\" content=\"alcalde\" \/>\n<meta name=\"twitter:card\" content=\"summary_large_image\" \/>\n<meta name=\"twitter:label1\" content=\"Escrito por\" \/>\n\t<meta name=\"twitter:data1\" content=\"alcalde\" \/>\n\t<meta name=\"twitter:label2\" content=\"Tiempo de lectura\" \/>\n\t<meta name=\"twitter:data2\" content=\"1 minuto\" \/>\n<script type=\"application\/ld+json\" class=\"yoast-schema-graph\">{\"@context\":\"https:\\\/\\\/schema.org\",\"@graph\":[{\"@type\":\"Article\",\"@id\":\"https:\\\/\\\/www.caudete.org\\\/ayuntamiento\\\/el-pleno-otorgara-a-cruz-roja-y-caritas-un-total-de-10-000e-como-ayuda-extraordinaria\\\/#article\",\"isPartOf\":{\"@id\":\"https:\\\/\\\/www.caudete.org\\\/ayuntamiento\\\/el-pleno-otorgara-a-cruz-roja-y-caritas-un-total-de-10-000e-como-ayuda-extraordinaria\\\/\"},\"author\":{\"name\":\"alcalde\",\"@id\":\"https:\\\/\\\/www.caudete.org\\\/ayuntamiento\\\/#\\\/schema\\\/person\\\/cc646da9133078ee4d8dd47457947253\"},\"headline\":\"El Pleno otorgar\u00e1 a Cruz Roja y C\u00e1ritas un total de 10.000\u20ac como ayuda extraordinaria\",\"datePublished\":\"2022-07-26T18:55:02+00:00\",\"dateModified\":\"2022-07-26T18:59:01+00:00\",\"mainEntityOfPage\":{\"@id\":\"https:\\\/\\\/www.caudete.org\\\/ayuntamiento\\\/el-pleno-otorgara-a-cruz-roja-y-caritas-un-total-de-10-000e-como-ayuda-extraordinaria\\\/\"},\"wordCount\":210,\"publisher\":{\"@id\":\"https:\\\/\\\/www.caudete.org\\\/ayuntamiento\\\/#organization\"},\"image\":{\"@id\":\"https:\\\/\\\/www.caudete.org\\\/ayuntamiento\\\/el-pleno-otorgara-a-cruz-roja-y-caritas-un-total-de-10-000e-como-ayuda-extraordinaria\\\/#primaryimage\"},\"thumbnailUrl\":\"https:\\\/\\\/www.caudete.org\\\/ayuntamiento\\\/wp-content\\\/uploads\\\/2022\\\/07\\\/caritas-y-cruz-roja.jpg\",\"articleSection\":[\"Econom\u00eda\"],\"inLanguage\":\"es\"},{\"@type\":\"WebPage\",\"@id\":\"https:\\\/\\\/www.caudete.org\\\/ayuntamiento\\\/el-pleno-otorgara-a-cruz-roja-y-caritas-un-total-de-10-000e-como-ayuda-extraordinaria\\\/\",\"url\":\"https:\\\/\\\/www.caudete.org\\\/ayuntamiento\\\/el-pleno-otorgara-a-cruz-roja-y-caritas-un-total-de-10-000e-como-ayuda-extraordinaria\\\/\",\"name\":\"El Pleno otorgar\u00e1 a Cruz Roja y C\u00e1ritas un total de 10.000\u20ac como ayuda extraordinaria - MI Ayuntamiento de Caudete\",\"isPartOf\":{\"@id\":\"https:\\\/\\\/www.caudete.org\\\/ayuntamiento\\\/#website\"},\"primaryImageOfPage\":{\"@id\":\"https:\\\/\\\/www.caudete.org\\\/ayuntamiento\\\/el-pleno-otorgara-a-cruz-roja-y-caritas-un-total-de-10-000e-como-ayuda-extraordinaria\\\/#primaryimage\"},\"image\":{\"@id\":\"https:\\\/\\\/www.caudete.org\\\/ayuntamiento\\\/el-pleno-otorgara-a-cruz-roja-y-caritas-un-total-de-10-000e-como-ayuda-extraordinaria\\\/#primaryimage\"},\"thumbnailUrl\":\"https:\\\/\\\/www.caudete.org\\\/ayuntamiento\\\/wp-content\\\/uploads\\\/2022\\\/07\\\/caritas-y-cruz-roja.jpg\",\"datePublished\":\"2022-07-26T18:55:02+00:00\",\"dateModified\":\"2022-07-26T18:59:01+00:00\",\"description\":\"P\u00e1gina Oficial del Ayuntamiento de Caudete (Albacete)\",\"breadcrumb\":{\"@id\":\"https:\\\/\\\/www.caudete.org\\\/ayuntamiento\\\/el-pleno-otorgara-a-cruz-roja-y-caritas-un-total-de-10-000e-como-ayuda-extraordinaria\\\/#breadcrumb\"},\"inLanguage\":\"es\",\"potentialAction\":[{\"@type\":\"ReadAction\",\"target\":[\"https:\\\/\\\/www.caudete.org\\\/ayuntamiento\\\/el-pleno-otorgara-a-cruz-roja-y-caritas-un-total-de-10-000e-como-ayuda-extraordinaria\\\/\"]}]},{\"@type\":\"ImageObject\",\"inLanguage\":\"es\",\"@id\":\"https:\\\/\\\/www.caudete.org\\\/ayuntamiento\\\/el-pleno-otorgara-a-cruz-roja-y-caritas-un-total-de-10-000e-como-ayuda-extraordinaria\\\/#primaryimage\",\"url\":\"https:\\\/\\\/www.caudete.org\\\/ayuntamiento\\\/wp-content\\\/uploads\\\/2022\\\/07\\\/caritas-y-cruz-roja.jpg\",\"contentUrl\":\"https:\\\/\\\/www.caudete.org\\\/ayuntamiento\\\/wp-content\\\/uploads\\\/2022\\\/07\\\/caritas-y-cruz-roja.jpg\",\"width\":998,\"height\":799},{\"@type\":\"BreadcrumbList\",\"@id\":\"https:\\\/\\\/www.caudete.org\\\/ayuntamiento\\\/el-pleno-otorgara-a-cruz-roja-y-caritas-un-total-de-10-000e-como-ayuda-extraordinaria\\\/#breadcrumb\",\"itemListElement\":[{\"@type\":\"ListItem\",\"position\":1,\"name\":\"Inicio\",\"item\":\"https:\\\/\\\/www.caudete.org\\\/ayuntamiento\\\/\"},{\"@type\":\"ListItem\",\"position\":2,\"name\":\"El Pleno otorgar\u00e1 a Cruz Roja y C\u00e1ritas un total de 10.000\u20ac como ayuda extraordinaria\"}]},{\"@type\":\"WebSite\",\"@id\":\"https:\\\/\\\/www.caudete.org\\\/ayuntamiento\\\/#website\",\"url\":\"https:\\\/\\\/www.caudete.org\\\/ayuntamiento\\\/\",\"name\":\"MI Ayuntamiento de Caudete\",\"description\":\"P\u00e1gina Oficial del MI Ayuntamiento de Caudete\",\"publisher\":{\"@id\":\"https:\\\/\\\/www.caudete.org\\\/ayuntamiento\\\/#organization\"},\"potentialAction\":[{\"@type\":\"SearchAction\",\"target\":{\"@type\":\"EntryPoint\",\"urlTemplate\":\"https:\\\/\\\/www.caudete.org\\\/ayuntamiento\\\/?s={search_term_string}\"},\"query-input\":{\"@type\":\"PropertyValueSpecification\",\"valueRequired\":true,\"valueName\":\"search_term_string\"}}],\"inLanguage\":\"es\"},{\"@type\":\"Organization\",\"@id\":\"https:\\\/\\\/www.caudete.org\\\/ayuntamiento\\\/#organization\",\"name\":\"Ayuntamiento de Caudete\",\"url\":\"https:\\\/\\\/www.caudete.org\\\/ayuntamiento\\\/\",\"logo\":{\"@type\":\"ImageObject\",\"inLanguage\":\"es\",\"@id\":\"https:\\\/\\\/www.caudete.org\\\/ayuntamiento\\\/#\\\/schema\\\/logo\\\/image\\\/\",\"url\":\"https:\\\/\\\/www.caudete.org\\\/ayuntamiento\\\/wp-content\\\/uploads\\\/2020\\\/11\\\/logo_ayuntamiento_caudete.jpg\",\"contentUrl\":\"https:\\\/\\\/www.caudete.org\\\/ayuntamiento\\\/wp-content\\\/uploads\\\/2020\\\/11\\\/logo_ayuntamiento_caudete.jpg\",\"width\":600,\"height\":150,\"caption\":\"Ayuntamiento de Caudete\"},\"image\":{\"@id\":\"https:\\\/\\\/www.caudete.org\\\/ayuntamiento\\\/#\\\/schema\\\/logo\\\/image\\\/\"},\"sameAs\":[\"https:\\\/\\\/www.facebook.com\\\/ayuntamientocaudete\\\/\",\"https:\\\/\\\/www.youtube.com\\\/channel\\\/UC6VztHaooNsGpw-tNoBEFnQ\"]},{\"@type\":\"Person\",\"@id\":\"https:\\\/\\\/www.caudete.org\\\/ayuntamiento\\\/#\\\/schema\\\/person\\\/cc646da9133078ee4d8dd47457947253\",\"name\":\"alcalde\",\"image\":{\"@type\":\"ImageObject\",\"inLanguage\":\"es\",\"@id\":\"https:\\\/\\\/secure.gravatar.com\\\/avatar\\\/84a817ba065b29ff08d666b215a215f5c79186a645ccb25b14a663d48a130f77?s=96&d=mm&r=g\",\"url\":\"https:\\\/\\\/secure.gravatar.com\\\/avatar\\\/84a817ba065b29ff08d666b215a215f5c79186a645ccb25b14a663d48a130f77?s=96&d=mm&r=g\",\"contentUrl\":\"https:\\\/\\\/secure.gravatar.com\\\/avatar\\\/84a817ba065b29ff08d666b215a215f5c79186a645ccb25b14a663d48a130f77?s=96&d=mm&r=g\",\"caption\":\"alcalde\"},\"url\":\"https:\\\/\\\/www.caudete.org\\\/ayuntamiento\\\/author\\\/alcalde\\\/\"}]}<\/script>\n<!-- \/ Yoast SEO plugin. -->","yoast_head_json":{"title":"El Pleno otorgar\u00e1 a Cruz Roja y C\u00e1ritas un total de 10.000\u20ac como ayuda extraordinaria - MI Ayuntamiento de Caudete","description":"P\u00e1gina Oficial del Ayuntamiento de Caudete (Albacete)","robots":{"index":"index","follow":"follow","max-snippet":"max-snippet:-1","max-image-preview":"max-image-preview:large","max-video-preview":"max-video-preview:-1"},"canonical":"https:\/\/www.caudete.org\/ayuntamiento\/el-pleno-otorgara-a-cruz-roja-y-caritas-un-total-de-10-000e-como-ayuda-extraordinaria\/","og_locale":"es_ES","og_type":"article","og_title":"El Pleno otorgar\u00e1 a Cruz Roja y C\u00e1ritas un total de 10.000\u20ac como ayuda extraordinaria - MI Ayuntamiento de Caudete","og_description":"P\u00e1gina Oficial del Ayuntamiento de Caudete (Albacete)","og_url":"https:\/\/www.caudete.org\/ayuntamiento\/el-pleno-otorgara-a-cruz-roja-y-caritas-un-total-de-10-000e-como-ayuda-extraordinaria\/","og_site_name":"MI Ayuntamiento de Caudete","article_publisher":"https:\/\/www.facebook.com\/ayuntamientocaudete\/","article_published_time":"2022-07-26T18:55:02+00:00","article_modified_time":"2022-07-26T18:59:01+00:00","og_image":[{"width":998,"height":799,"url":"https:\/\/www.caudete.org\/ayuntamiento\/wp-content\/uploads\/2022\/07\/caritas-y-cruz-roja.jpg","type":"image\/jpeg"}],"author":"alcalde","twitter_card":"summary_large_image","twitter_misc":{"Escrito por":"alcalde","Tiempo de lectura":"1 minuto"},"schema":{"@context":"https:\/\/schema.org","@graph":[{"@type":"Article","@id":"https:\/\/www.caudete.org\/ayuntamiento\/el-pleno-otorgara-a-cruz-roja-y-caritas-un-total-de-10-000e-como-ayuda-extraordinaria\/#article","isPartOf":{"@id":"https:\/\/www.caudete.org\/ayuntamiento\/el-pleno-otorgara-a-cruz-roja-y-caritas-un-total-de-10-000e-como-ayuda-extraordinaria\/"},"author":{"name":"alcalde","@id":"https:\/\/www.caudete.org\/ayuntamiento\/#\/schema\/person\/cc646da9133078ee4d8dd47457947253"},"headline":"El Pleno otorgar\u00e1 a Cruz Roja y C\u00e1ritas un total de 10.000\u20ac como ayuda extraordinaria","datePublished":"2022-07-26T18:55:02+00:00","dateModified":"2022-07-26T18:59:01+00:00","mainEntityOfPage":{"@id":"https:\/\/www.caudete.org\/ayuntamiento\/el-pleno-otorgara-a-cruz-roja-y-caritas-un-total-de-10-000e-como-ayuda-extraordinaria\/"},"wordCount":210,"publisher":{"@id":"https:\/\/www.caudete.org\/ayuntamiento\/#organization"},"image":{"@id":"https:\/\/www.caudete.org\/ayuntamiento\/el-pleno-otorgara-a-cruz-roja-y-caritas-un-total-de-10-000e-como-ayuda-extraordinaria\/#primaryimage"},"thumbnailUrl":"https:\/\/www.caudete.org\/ayuntamiento\/wp-content\/uploads\/2022\/07\/caritas-y-cruz-roja.jpg","articleSection":["Econom\u00eda"],"inLanguage":"es"},{"@type":"WebPage","@id":"https:\/\/www.caudete.org\/ayuntamiento\/el-pleno-otorgara-a-cruz-roja-y-caritas-un-total-de-10-000e-como-ayuda-extraordinaria\/","url":"https:\/\/www.caudete.org\/ayuntamiento\/el-pleno-otorgara-a-cruz-roja-y-caritas-un-total-de-10-000e-como-ayuda-extraordinaria\/","name":"El Pleno otorgar\u00e1 a Cruz Roja y C\u00e1ritas un total de 10.000\u20ac como ayuda extraordinaria - MI Ayuntamiento de Caudete","isPartOf":{"@id":"https:\/\/www.caudete.org\/ayuntamiento\/#website"},"primaryImageOfPage":{"@id":"https:\/\/www.caudete.org\/ayuntamiento\/el-pleno-otorgara-a-cruz-roja-y-caritas-un-total-de-10-000e-como-ayuda-extraordinaria\/#primaryimage"},"image":{"@id":"https:\/\/www.caudete.org\/ayuntamiento\/el-pleno-otorgara-a-cruz-roja-y-caritas-un-total-de-10-000e-como-ayuda-extraordinaria\/#primaryimage"},"thumbnailUrl":"https:\/\/www.caudete.org\/ayuntamiento\/wp-content\/uploads\/2022\/07\/caritas-y-cruz-roja.jpg","datePublished":"2022-07-26T18:55:02+00:00","dateModified":"2022-07-26T18:59:01+00:00","description":"P\u00e1gina Oficial del Ayuntamiento de Caudete (Albacete)","breadcrumb":{"@id":"https:\/\/www.caudete.org\/ayuntamiento\/el-pleno-otorgara-a-cruz-roja-y-caritas-un-total-de-10-000e-como-ayuda-extraordinaria\/#breadcrumb"},"inLanguage":"es","potentialAction":[{"@type":"ReadAction","target":["https:\/\/www.caudete.org\/ayuntamiento\/el-pleno-otorgara-a-cruz-roja-y-caritas-un-total-de-10-000e-como-ayuda-extraordinaria\/"]}]},{"@type":"ImageObject","inLanguage":"es","@id":"https:\/\/www.caudete.org\/ayuntamiento\/el-pleno-otorgara-a-cruz-roja-y-caritas-un-total-de-10-000e-como-ayuda-extraordinaria\/#primaryimage","url":"https:\/\/www.caudete.org\/ayuntamiento\/wp-content\/uploads\/2022\/07\/caritas-y-cruz-roja.jpg","contentUrl":"https:\/\/www.caudete.org\/ayuntamiento\/wp-content\/uploads\/2022\/07\/caritas-y-cruz-roja.jpg","width":998,"height":799},{"@type":"BreadcrumbList","@id":"https:\/\/www.caudete.org\/ayuntamiento\/el-pleno-otorgara-a-cruz-roja-y-caritas-un-total-de-10-000e-como-ayuda-extraordinaria\/#breadcrumb","itemListElement":[{"@type":"ListItem","position":1,"name":"Inicio","item":"https:\/\/www.caudete.org\/ayuntamiento\/"},{"@type":"ListItem","position":2,"name":"El Pleno otorgar\u00e1 a Cruz Roja y C\u00e1ritas un total de 10.000\u20ac como ayuda extraordinaria"}]},{"@type":"WebSite","@id":"https:\/\/www.caudete.org\/ayuntamiento\/#website","url":"https:\/\/www.caudete.org\/ayuntamiento\/","name":"MI Ayuntamiento de Caudete","description":"P\u00e1gina Oficial del MI Ayuntamiento de Caudete","publisher":{"@id":"https:\/\/www.caudete.org\/ayuntamiento\/#organization"},"potentialAction":[{"@type":"SearchAction","target":{"@type":"EntryPoint","urlTemplate":"https:\/\/www.caudete.org\/ayuntamiento\/?s={search_term_string}"},"query-input":{"@type":"PropertyValueSpecification","valueRequired":true,"valueName":"search_term_string"}}],"inLanguage":"es"},{"@type":"Organization","@id":"https:\/\/www.caudete.org\/ayuntamiento\/#organization","name":"Ayuntamiento de Caudete","url":"https:\/\/www.caudete.org\/ayuntamiento\/","logo":{"@type":"ImageObject","inLanguage":"es","@id":"https:\/\/www.caudete.org\/ayuntamiento\/#\/schema\/logo\/image\/","url":"https:\/\/www.caudete.org\/ayuntamiento\/wp-content\/uploads\/2020\/11\/logo_ayuntamiento_caudete.jpg","contentUrl":"https:\/\/www.caudete.org\/ayuntamiento\/wp-content\/uploads\/2020\/11\/logo_ayuntamiento_caudete.jpg","width":600,"height":150,"caption":"Ayuntamiento de Caudete"},"image":{"@id":"https:\/\/www.caudete.org\/ayuntamiento\/#\/schema\/logo\/image\/"},"sameAs":["https:\/\/www.facebook.com\/ayuntamientocaudete\/","https:\/\/www.youtube.com\/channel\/UC6VztHaooNsGpw-tNoBEFnQ"]},{"@type":"Person","@id":"https:\/\/www.caudete.org\/ayuntamiento\/#\/schema\/person\/cc646da9133078ee4d8dd47457947253","name":"alcalde","image":{"@type":"ImageObject","inLanguage":"es","@id":"https:\/\/secure.gravatar.com\/avatar\/84a817ba065b29ff08d666b215a215f5c79186a645ccb25b14a663d48a130f77?s=96&d=mm&r=g","url":"https:\/\/secure.gravatar.com\/avatar\/84a817ba065b29ff08d666b215a215f5c79186a645ccb25b14a663d48a130f77?s=96&d=mm&r=g","contentUrl":"https:\/\/secure.gravatar.com\/avatar\/84a817ba065b29ff08d666b215a215f5c79186a645ccb25b14a663d48a130f77?s=96&d=mm&r=g","caption":"alcalde"},"url":"https:\/\/www.caudete.org\/ayuntamiento\/author\/alcalde\/"}]}},"_links":{"self":[{"href":"https:\/\/www.caudete.org\/ayuntamiento\/wp-json\/wp\/v2\/posts\/19718","targetHints":{"allow":["GET"]}}],"collection":[{"href":"https:\/\/www.caudete.org\/ayuntamiento\/wp-json\/wp\/v2\/posts"}],"about":[{"href":"https:\/\/www.caudete.org\/ayuntamiento\/wp-json\/wp\/v2\/types\/post"}],"author":[{"embeddable":true,"href":"https:\/\/www.caudete.org\/ayuntamiento\/wp-json\/wp\/v2\/users\/3"}],"replies":[{"embeddable":true,"href":"https:\/\/www.caudete.org\/ayuntamiento\/wp-json\/wp\/v2\/comments?post=19718"}],"version-history":[{"count":3,"href":"https:\/\/www.caudete.org\/ayuntamiento\/wp-json\/wp\/v2\/posts\/19718\/revisions"}],"predecessor-version":[{"id":19722,"href":"https:\/\/www.caudete.org\/ayuntamiento\/wp-json\/wp\/v2\/posts\/19718\/revisions\/19722"}],"wp:featuredmedia":[{"embeddable":true,"href":"https:\/\/www.caudete.org\/ayuntamiento\/wp-json\/wp\/v2\/media\/19719"}],"wp:attachment":[{"href":"https:\/\/www.caudete.org\/ayuntamiento\/wp-json\/wp\/v2\/media?parent=19718"}],"wp:term":[{"taxonomy":"category","embeddable":true,"href":"https:\/\/www.caudete.org\/ayuntamiento\/wp-json\/wp\/v2\/categories?post=19718"},{"taxonomy":"post_tag","embeddable":true,"href":"https:\/\/www.caudete.org\/ayuntamiento\/wp-json\/wp\/v2\/tags?post=19718"}],"curies":[{"name":"wp","href":"https:\/\/api.w.org\/{rel}","templated":true}]}}