{"id":19723,"date":"2022-07-27T08:56:37","date_gmt":"2022-07-27T06:56:37","guid":{"rendered":"https:\/\/www.caudete.org\/ayuntamiento\/?p=19723"},"modified":"2022-07-27T10:29:30","modified_gmt":"2022-07-27T08:29:30","slug":"el-consejo-escolar-municipal-pide-a-la-delegacion-comenzar-las-clases-el-12-de-septiembre","status":"publish","type":"post","link":"https:\/\/www.caudete.org\/ayuntamiento\/el-consejo-escolar-municipal-pide-a-la-delegacion-comenzar-las-clases-el-12-de-septiembre\/","title":{"rendered":"El Consejo Escolar Municipal pide a la Delegaci\u00f3n comenzar las clases el 12 de Septiembre"},"content":{"rendered":"<p style=\"text-align: justify;\">Durante el transcurso del Consejo Escolar Municipal celebrado hace unas semanas, se analiz\u00f3 y debati\u00f3 el calendario del curso escolar establecido por la Consejer\u00eda de Educaci\u00f3n para el pr\u00f3ximo 2022\/2023, y se acord\u00f3 por mayor\u00eda proponer una serie de cambios a la Delegaci\u00f3n Provincial, con el objetivo de mejorar y adaptar el mismo.<\/p>\n<p style=\"text-align: justify;\">La principal reivindicaci\u00f3n es sobre la fecha del inicio lectivo para Educaci\u00f3n Infantil, Primaria, Secundaria y Bachiller, que en estos momentos est\u00e1 fechado para el viernes 9 de Septiembre, a lo que el consejo caudetano solicita se retrase al lunes 12 Septiembre, haci\u00e9ndolo coincidir con los Ciclos, ya que de lo contrario se solapa con las Fiestas Patronales.<\/p>\n<p style=\"text-align: justify;\">Este asunto gener\u00f3 debate entre sus miembros, pero por mayor\u00eda acordaron hacer esta solicitud a la Delegaci\u00f3n Provincial de Educaci\u00f3n, pidiendo sensibilidad por las circunstancias expresadas, algo que la propia capital albacete\u00f1a ha conseguido, o la vecina Comunidad Valenciana.<\/p>\n<p style=\"text-align: justify;\">Recordaban que el 8 de Septiembre es festivo en gran cantidad de municipios, como lo es el nuestro, y el nivel de absentismo de los alumnos en dicho d\u00eda no es nada despreciable atendiendo a a\u00f1os anteriores, y no supone ning\u00fan problema compensar el retraso del inicio con el de la finalizaci\u00f3n del curso escolar.<\/p>\n<p style=\"text-align: justify;\">Adem\u00e1s de esa petici\u00f3n de retraso de inicio del curso escolar, la Escuela Municipal de M\u00fasica y Danza tambi\u00e9n solicitaba que su calendario lectivo se retrase una semana m\u00e1s de lo previsto (12 de Septiembre) en al menos una semana m\u00e1s (19 de Septiembre); a pesar de que el Decreto que regula el calendario escolar no da pie a variaci\u00f3n alguna en esta cuesti\u00f3n<\/p>\n<p style=\"text-align: justify;\">En cuanto a los festivos locales, el Alcalde les traslad\u00f3 que no hab\u00edan sido\u00a0 debatidos y aprobados por el Pleno, pero que la propuesta que se elevar\u00e1 y previsiblemente adoptar\u00e1 ser\u00e1n el Lunes 17 de Abril de 2023, como Lunes de Pascua de San Vicente, y el viernes 8 de Septiembre de 2023, aunque este \u00faltimo afectar\u00eda al curso escolar siguiente, no al que se trataba.<\/p>\n<p style=\"text-align: justify;\">En cuanto a los 2 d\u00edas de libre disposici\u00f3n, la llamada Semana Blanca, establecidos en 20 y 21 de Febrero, el Consejo Escolar Municipal caudetano acordaba mantener como No Lectivo el lunes 20 de Febrero, y trasladar el siguiente al viernes 9 de Diciembre.<\/p>\n<p style=\"text-align: justify;\">Los festivos propios facilitados por la Delegaci\u00f3n Provincial quedar\u00edan como siguen (sin tener en cuenta los festivos locales ni los de libre disposici\u00f3n):<\/p>\n<ul style=\"text-align: justify;\">\n<li>12 de Octubre (mi\u00e9rcoles), Fiesta Nacional de Espa\u00f1a.<\/li>\n<li>1 de Noviembre (martes), d\u00eda de Todos los Santos.<\/li>\n<li>18 de Noviembre (viernes), d\u00eda de la Ense\u00f1anza.<\/li>\n<li>6 de Diciembre (martes), d\u00eda de la Constituci\u00f3n Espa\u00f1ola.<\/li>\n<li>8 de Diciembre (jueves), d\u00eda de la Inmaculada Concepci\u00f3n.<\/li>\n<li>1 de Mayo (lunes), Fiesta del Trabajo.<\/li>\n<li>31 de Mayo (mi\u00e9rcoles), d\u00eda de Castilla La Mancha.<\/li>\n<li>8 de Junio (jueves), Festividad del Corpus Christi.<\/li>\n<\/ul>\n<p style=\"text-align: justify;\">Los periodos vacacionales establecidos son:<\/p>\n<ul>\n<li style=\"text-align: justify;\">Navidad: del viernes 23 de Diciembre al viernes 6 de Enero, ambos inclusive.<\/li>\n<li style=\"text-align: justify;\">Pascuas: del lunes 3 de Abril al lunes 10 de Abril, ambos inclusive.<\/li>\n<\/ul>\n","protected":false},"excerpt":{"rendered":"<p>Durante el transcurso del Consejo Escolar Municipal celebrado hace unas semanas, se analiz\u00f3 y debati\u00f3 el calendario del curso escolar establecido por la Consejer\u00eda de Educaci\u00f3n para el pr\u00f3ximo 2022\/2023, y se acord\u00f3 por mayor\u00eda proponer una serie de cambios a la Delegaci\u00f3n Provincial, con el objetivo de mejorar y adaptar el mismo. La principal &hellip;<\/p>\n","protected":false},"author":3,"featured_media":15228,"comment_status":"closed","ping_status":"open","sticky":false,"template":"","format":"standard","meta":{"ngg_post_thumbnail":0,"footnotes":""},"categories":[25],"tags":[],"class_list":["post-19723","post","type-post","status-publish","format-standard","has-post-thumbnail","hentry","category-educacion"],"yoast_head":"<!-- This site is optimized with the Yoast SEO plugin v27.4 - https:\/\/yoast.com\/product\/yoast-seo-wordpress\/ -->\n<title>El Consejo Escolar Municipal pide a la Delegaci\u00f3n comenzar las clases el 12 de Septiembre - MI Ayuntamiento de Caudete<\/title>\n<meta name=\"description\" content=\"P\u00e1gina Oficial del Ayuntamiento de Caudete (Albacete)\" \/>\n<meta name=\"robots\" content=\"index, follow, max-snippet:-1, max-image-preview:large, max-video-preview:-1\" \/>\n<link rel=\"canonical\" href=\"https:\/\/www.caudete.org\/ayuntamiento\/el-consejo-escolar-municipal-pide-a-la-delegacion-comenzar-las-clases-el-12-de-septiembre\/\" \/>\n<meta property=\"og:locale\" content=\"es_ES\" \/>\n<meta property=\"og:type\" content=\"article\" \/>\n<meta property=\"og:title\" content=\"El Consejo Escolar Municipal pide a la Delegaci\u00f3n comenzar las clases el 12 de Septiembre - MI Ayuntamiento de Caudete\" \/>\n<meta property=\"og:description\" content=\"P\u00e1gina Oficial del Ayuntamiento de Caudete (Albacete)\" \/>\n<meta property=\"og:url\" content=\"https:\/\/www.caudete.org\/ayuntamiento\/el-consejo-escolar-municipal-pide-a-la-delegacion-comenzar-las-clases-el-12-de-septiembre\/\" \/>\n<meta property=\"og:site_name\" content=\"MI Ayuntamiento de Caudete\" \/>\n<meta property=\"article:publisher\" content=\"https:\/\/www.facebook.com\/ayuntamientocaudete\/\" \/>\n<meta property=\"article:published_time\" content=\"2022-07-27T06:56:37+00:00\" \/>\n<meta property=\"article:modified_time\" content=\"2022-07-27T08:29:30+00:00\" \/>\n<meta property=\"og:image\" content=\"https:\/\/www.caudete.org\/ayuntamiento\/wp-content\/uploads\/2021\/06\/Consejo-Escolar-Municipal-WEB.jpg\" \/>\n\t<meta property=\"og:image:width\" content=\"864\" \/>\n\t<meta property=\"og:image:height\" content=\"380\" \/>\n\t<meta property=\"og:image:type\" content=\"image\/jpeg\" \/>\n<meta name=\"author\" content=\"alcalde\" \/>\n<meta name=\"twitter:card\" content=\"summary_large_image\" \/>\n<meta name=\"twitter:label1\" content=\"Escrito por\" \/>\n\t<meta name=\"twitter:data1\" content=\"alcalde\" \/>\n\t<meta name=\"twitter:label2\" content=\"Tiempo de lectura\" \/>\n\t<meta name=\"twitter:data2\" content=\"3 minutos\" \/>\n<script type=\"application\/ld+json\" class=\"yoast-schema-graph\">{\"@context\":\"https:\\\/\\\/schema.org\",\"@graph\":[{\"@type\":\"Article\",\"@id\":\"https:\\\/\\\/www.caudete.org\\\/ayuntamiento\\\/el-consejo-escolar-municipal-pide-a-la-delegacion-comenzar-las-clases-el-12-de-septiembre\\\/#article\",\"isPartOf\":{\"@id\":\"https:\\\/\\\/www.caudete.org\\\/ayuntamiento\\\/el-consejo-escolar-municipal-pide-a-la-delegacion-comenzar-las-clases-el-12-de-septiembre\\\/\"},\"author\":{\"name\":\"alcalde\",\"@id\":\"https:\\\/\\\/www.caudete.org\\\/ayuntamiento\\\/#\\\/schema\\\/person\\\/cc646da9133078ee4d8dd47457947253\"},\"headline\":\"El Consejo Escolar Municipal pide a la Delegaci\u00f3n comenzar las clases el 12 de Septiembre\",\"datePublished\":\"2022-07-27T06:56:37+00:00\",\"dateModified\":\"2022-07-27T08:29:30+00:00\",\"mainEntityOfPage\":{\"@id\":\"https:\\\/\\\/www.caudete.org\\\/ayuntamiento\\\/el-consejo-escolar-municipal-pide-a-la-delegacion-comenzar-las-clases-el-12-de-septiembre\\\/\"},\"wordCount\":532,\"publisher\":{\"@id\":\"https:\\\/\\\/www.caudete.org\\\/ayuntamiento\\\/#organization\"},\"image\":{\"@id\":\"https:\\\/\\\/www.caudete.org\\\/ayuntamiento\\\/el-consejo-escolar-municipal-pide-a-la-delegacion-comenzar-las-clases-el-12-de-septiembre\\\/#primaryimage\"},\"thumbnailUrl\":\"https:\\\/\\\/www.caudete.org\\\/ayuntamiento\\\/wp-content\\\/uploads\\\/2021\\\/06\\\/Consejo-Escolar-Municipal-WEB.jpg\",\"articleSection\":[\"Educaci\u00f3n\"],\"inLanguage\":\"es\"},{\"@type\":\"WebPage\",\"@id\":\"https:\\\/\\\/www.caudete.org\\\/ayuntamiento\\\/el-consejo-escolar-municipal-pide-a-la-delegacion-comenzar-las-clases-el-12-de-septiembre\\\/\",\"url\":\"https:\\\/\\\/www.caudete.org\\\/ayuntamiento\\\/el-consejo-escolar-municipal-pide-a-la-delegacion-comenzar-las-clases-el-12-de-septiembre\\\/\",\"name\":\"El Consejo Escolar Municipal pide a la Delegaci\u00f3n comenzar las clases el 12 de Septiembre - MI Ayuntamiento de Caudete\",\"isPartOf\":{\"@id\":\"https:\\\/\\\/www.caudete.org\\\/ayuntamiento\\\/#website\"},\"primaryImageOfPage\":{\"@id\":\"https:\\\/\\\/www.caudete.org\\\/ayuntamiento\\\/el-consejo-escolar-municipal-pide-a-la-delegacion-comenzar-las-clases-el-12-de-septiembre\\\/#primaryimage\"},\"image\":{\"@id\":\"https:\\\/\\\/www.caudete.org\\\/ayuntamiento\\\/el-consejo-escolar-municipal-pide-a-la-delegacion-comenzar-las-clases-el-12-de-septiembre\\\/#primaryimage\"},\"thumbnailUrl\":\"https:\\\/\\\/www.caudete.org\\\/ayuntamiento\\\/wp-content\\\/uploads\\\/2021\\\/06\\\/Consejo-Escolar-Municipal-WEB.jpg\",\"datePublished\":\"2022-07-27T06:56:37+00:00\",\"dateModified\":\"2022-07-27T08:29:30+00:00\",\"description\":\"P\u00e1gina Oficial del Ayuntamiento de Caudete (Albacete)\",\"breadcrumb\":{\"@id\":\"https:\\\/\\\/www.caudete.org\\\/ayuntamiento\\\/el-consejo-escolar-municipal-pide-a-la-delegacion-comenzar-las-clases-el-12-de-septiembre\\\/#breadcrumb\"},\"inLanguage\":\"es\",\"potentialAction\":[{\"@type\":\"ReadAction\",\"target\":[\"https:\\\/\\\/www.caudete.org\\\/ayuntamiento\\\/el-consejo-escolar-municipal-pide-a-la-delegacion-comenzar-las-clases-el-12-de-septiembre\\\/\"]}]},{\"@type\":\"ImageObject\",\"inLanguage\":\"es\",\"@id\":\"https:\\\/\\\/www.caudete.org\\\/ayuntamiento\\\/el-consejo-escolar-municipal-pide-a-la-delegacion-comenzar-las-clases-el-12-de-septiembre\\\/#primaryimage\",\"url\":\"https:\\\/\\\/www.caudete.org\\\/ayuntamiento\\\/wp-content\\\/uploads\\\/2021\\\/06\\\/Consejo-Escolar-Municipal-WEB.jpg\",\"contentUrl\":\"https:\\\/\\\/www.caudete.org\\\/ayuntamiento\\\/wp-content\\\/uploads\\\/2021\\\/06\\\/Consejo-Escolar-Municipal-WEB.jpg\",\"width\":864,\"height\":380},{\"@type\":\"BreadcrumbList\",\"@id\":\"https:\\\/\\\/www.caudete.org\\\/ayuntamiento\\\/el-consejo-escolar-municipal-pide-a-la-delegacion-comenzar-las-clases-el-12-de-septiembre\\\/#breadcrumb\",\"itemListElement\":[{\"@type\":\"ListItem\",\"position\":1,\"name\":\"Inicio\",\"item\":\"https:\\\/\\\/www.caudete.org\\\/ayuntamiento\\\/\"},{\"@type\":\"ListItem\",\"position\":2,\"name\":\"El Consejo Escolar Municipal pide a la Delegaci\u00f3n comenzar las clases el 12 de Septiembre\"}]},{\"@type\":\"WebSite\",\"@id\":\"https:\\\/\\\/www.caudete.org\\\/ayuntamiento\\\/#website\",\"url\":\"https:\\\/\\\/www.caudete.org\\\/ayuntamiento\\\/\",\"name\":\"MI Ayuntamiento de Caudete\",\"description\":\"P\u00e1gina Oficial del MI Ayuntamiento de Caudete\",\"publisher\":{\"@id\":\"https:\\\/\\\/www.caudete.org\\\/ayuntamiento\\\/#organization\"},\"potentialAction\":[{\"@type\":\"SearchAction\",\"target\":{\"@type\":\"EntryPoint\",\"urlTemplate\":\"https:\\\/\\\/www.caudete.org\\\/ayuntamiento\\\/?s={search_term_string}\"},\"query-input\":{\"@type\":\"PropertyValueSpecification\",\"valueRequired\":true,\"valueName\":\"search_term_string\"}}],\"inLanguage\":\"es\"},{\"@type\":\"Organization\",\"@id\":\"https:\\\/\\\/www.caudete.org\\\/ayuntamiento\\\/#organization\",\"name\":\"Ayuntamiento de Caudete\",\"url\":\"https:\\\/\\\/www.caudete.org\\\/ayuntamiento\\\/\",\"logo\":{\"@type\":\"ImageObject\",\"inLanguage\":\"es\",\"@id\":\"https:\\\/\\\/www.caudete.org\\\/ayuntamiento\\\/#\\\/schema\\\/logo\\\/image\\\/\",\"url\":\"https:\\\/\\\/www.caudete.org\\\/ayuntamiento\\\/wp-content\\\/uploads\\\/2020\\\/11\\\/logo_ayuntamiento_caudete.jpg\",\"contentUrl\":\"https:\\\/\\\/www.caudete.org\\\/ayuntamiento\\\/wp-content\\\/uploads\\\/2020\\\/11\\\/logo_ayuntamiento_caudete.jpg\",\"width\":600,\"height\":150,\"caption\":\"Ayuntamiento de Caudete\"},\"image\":{\"@id\":\"https:\\\/\\\/www.caudete.org\\\/ayuntamiento\\\/#\\\/schema\\\/logo\\\/image\\\/\"},\"sameAs\":[\"https:\\\/\\\/www.facebook.com\\\/ayuntamientocaudete\\\/\",\"https:\\\/\\\/www.youtube.com\\\/channel\\\/UC6VztHaooNsGpw-tNoBEFnQ\"]},{\"@type\":\"Person\",\"@id\":\"https:\\\/\\\/www.caudete.org\\\/ayuntamiento\\\/#\\\/schema\\\/person\\\/cc646da9133078ee4d8dd47457947253\",\"name\":\"alcalde\",\"image\":{\"@type\":\"ImageObject\",\"inLanguage\":\"es\",\"@id\":\"https:\\\/\\\/secure.gravatar.com\\\/avatar\\\/84a817ba065b29ff08d666b215a215f5c79186a645ccb25b14a663d48a130f77?s=96&d=mm&r=g\",\"url\":\"https:\\\/\\\/secure.gravatar.com\\\/avatar\\\/84a817ba065b29ff08d666b215a215f5c79186a645ccb25b14a663d48a130f77?s=96&d=mm&r=g\",\"contentUrl\":\"https:\\\/\\\/secure.gravatar.com\\\/avatar\\\/84a817ba065b29ff08d666b215a215f5c79186a645ccb25b14a663d48a130f77?s=96&d=mm&r=g\",\"caption\":\"alcalde\"},\"url\":\"https:\\\/\\\/www.caudete.org\\\/ayuntamiento\\\/author\\\/alcalde\\\/\"}]}<\/script>\n<!-- \/ Yoast SEO plugin. -->","yoast_head_json":{"title":"El Consejo Escolar Municipal pide a la Delegaci\u00f3n comenzar las clases el 12 de Septiembre - MI Ayuntamiento de Caudete","description":"P\u00e1gina Oficial del Ayuntamiento de Caudete (Albacete)","robots":{"index":"index","follow":"follow","max-snippet":"max-snippet:-1","max-image-preview":"max-image-preview:large","max-video-preview":"max-video-preview:-1"},"canonical":"https:\/\/www.caudete.org\/ayuntamiento\/el-consejo-escolar-municipal-pide-a-la-delegacion-comenzar-las-clases-el-12-de-septiembre\/","og_locale":"es_ES","og_type":"article","og_title":"El Consejo Escolar Municipal pide a la Delegaci\u00f3n comenzar las clases el 12 de Septiembre - MI Ayuntamiento de Caudete","og_description":"P\u00e1gina Oficial del Ayuntamiento de Caudete (Albacete)","og_url":"https:\/\/www.caudete.org\/ayuntamiento\/el-consejo-escolar-municipal-pide-a-la-delegacion-comenzar-las-clases-el-12-de-septiembre\/","og_site_name":"MI Ayuntamiento de Caudete","article_publisher":"https:\/\/www.facebook.com\/ayuntamientocaudete\/","article_published_time":"2022-07-27T06:56:37+00:00","article_modified_time":"2022-07-27T08:29:30+00:00","og_image":[{"width":864,"height":380,"url":"https:\/\/www.caudete.org\/ayuntamiento\/wp-content\/uploads\/2021\/06\/Consejo-Escolar-Municipal-WEB.jpg","type":"image\/jpeg"}],"author":"alcalde","twitter_card":"summary_large_image","twitter_misc":{"Escrito por":"alcalde","Tiempo de lectura":"3 minutos"},"schema":{"@context":"https:\/\/schema.org","@graph":[{"@type":"Article","@id":"https:\/\/www.caudete.org\/ayuntamiento\/el-consejo-escolar-municipal-pide-a-la-delegacion-comenzar-las-clases-el-12-de-septiembre\/#article","isPartOf":{"@id":"https:\/\/www.caudete.org\/ayuntamiento\/el-consejo-escolar-municipal-pide-a-la-delegacion-comenzar-las-clases-el-12-de-septiembre\/"},"author":{"name":"alcalde","@id":"https:\/\/www.caudete.org\/ayuntamiento\/#\/schema\/person\/cc646da9133078ee4d8dd47457947253"},"headline":"El Consejo Escolar Municipal pide a la Delegaci\u00f3n comenzar las clases el 12 de Septiembre","datePublished":"2022-07-27T06:56:37+00:00","dateModified":"2022-07-27T08:29:30+00:00","mainEntityOfPage":{"@id":"https:\/\/www.caudete.org\/ayuntamiento\/el-consejo-escolar-municipal-pide-a-la-delegacion-comenzar-las-clases-el-12-de-septiembre\/"},"wordCount":532,"publisher":{"@id":"https:\/\/www.caudete.org\/ayuntamiento\/#organization"},"image":{"@id":"https:\/\/www.caudete.org\/ayuntamiento\/el-consejo-escolar-municipal-pide-a-la-delegacion-comenzar-las-clases-el-12-de-septiembre\/#primaryimage"},"thumbnailUrl":"https:\/\/www.caudete.org\/ayuntamiento\/wp-content\/uploads\/2021\/06\/Consejo-Escolar-Municipal-WEB.jpg","articleSection":["Educaci\u00f3n"],"inLanguage":"es"},{"@type":"WebPage","@id":"https:\/\/www.caudete.org\/ayuntamiento\/el-consejo-escolar-municipal-pide-a-la-delegacion-comenzar-las-clases-el-12-de-septiembre\/","url":"https:\/\/www.caudete.org\/ayuntamiento\/el-consejo-escolar-municipal-pide-a-la-delegacion-comenzar-las-clases-el-12-de-septiembre\/","name":"El Consejo Escolar Municipal pide a la Delegaci\u00f3n comenzar las clases el 12 de Septiembre - MI Ayuntamiento de Caudete","isPartOf":{"@id":"https:\/\/www.caudete.org\/ayuntamiento\/#website"},"primaryImageOfPage":{"@id":"https:\/\/www.caudete.org\/ayuntamiento\/el-consejo-escolar-municipal-pide-a-la-delegacion-comenzar-las-clases-el-12-de-septiembre\/#primaryimage"},"image":{"@id":"https:\/\/www.caudete.org\/ayuntamiento\/el-consejo-escolar-municipal-pide-a-la-delegacion-comenzar-las-clases-el-12-de-septiembre\/#primaryimage"},"thumbnailUrl":"https:\/\/www.caudete.org\/ayuntamiento\/wp-content\/uploads\/2021\/06\/Consejo-Escolar-Municipal-WEB.jpg","datePublished":"2022-07-27T06:56:37+00:00","dateModified":"2022-07-27T08:29:30+00:00","description":"P\u00e1gina Oficial del Ayuntamiento de Caudete (Albacete)","breadcrumb":{"@id":"https:\/\/www.caudete.org\/ayuntamiento\/el-consejo-escolar-municipal-pide-a-la-delegacion-comenzar-las-clases-el-12-de-septiembre\/#breadcrumb"},"inLanguage":"es","potentialAction":[{"@type":"ReadAction","target":["https:\/\/www.caudete.org\/ayuntamiento\/el-consejo-escolar-municipal-pide-a-la-delegacion-comenzar-las-clases-el-12-de-septiembre\/"]}]},{"@type":"ImageObject","inLanguage":"es","@id":"https:\/\/www.caudete.org\/ayuntamiento\/el-consejo-escolar-municipal-pide-a-la-delegacion-comenzar-las-clases-el-12-de-septiembre\/#primaryimage","url":"https:\/\/www.caudete.org\/ayuntamiento\/wp-content\/uploads\/2021\/06\/Consejo-Escolar-Municipal-WEB.jpg","contentUrl":"https:\/\/www.caudete.org\/ayuntamiento\/wp-content\/uploads\/2021\/06\/Consejo-Escolar-Municipal-WEB.jpg","width":864,"height":380},{"@type":"BreadcrumbList","@id":"https:\/\/www.caudete.org\/ayuntamiento\/el-consejo-escolar-municipal-pide-a-la-delegacion-comenzar-las-clases-el-12-de-septiembre\/#breadcrumb","itemListElement":[{"@type":"ListItem","position":1,"name":"Inicio","item":"https:\/\/www.caudete.org\/ayuntamiento\/"},{"@type":"ListItem","position":2,"name":"El Consejo Escolar Municipal pide a la Delegaci\u00f3n comenzar las clases el 12 de Septiembre"}]},{"@type":"WebSite","@id":"https:\/\/www.caudete.org\/ayuntamiento\/#website","url":"https:\/\/www.caudete.org\/ayuntamiento\/","name":"MI Ayuntamiento de Caudete","description":"P\u00e1gina Oficial del MI Ayuntamiento de Caudete","publisher":{"@id":"https:\/\/www.caudete.org\/ayuntamiento\/#organization"},"potentialAction":[{"@type":"SearchAction","target":{"@type":"EntryPoint","urlTemplate":"https:\/\/www.caudete.org\/ayuntamiento\/?s={search_term_string}"},"query-input":{"@type":"PropertyValueSpecification","valueRequired":true,"valueName":"search_term_string"}}],"inLanguage":"es"},{"@type":"Organization","@id":"https:\/\/www.caudete.org\/ayuntamiento\/#organization","name":"Ayuntamiento de Caudete","url":"https:\/\/www.caudete.org\/ayuntamiento\/","logo":{"@type":"ImageObject","inLanguage":"es","@id":"https:\/\/www.caudete.org\/ayuntamiento\/#\/schema\/logo\/image\/","url":"https:\/\/www.caudete.org\/ayuntamiento\/wp-content\/uploads\/2020\/11\/logo_ayuntamiento_caudete.jpg","contentUrl":"https:\/\/www.caudete.org\/ayuntamiento\/wp-content\/uploads\/2020\/11\/logo_ayuntamiento_caudete.jpg","width":600,"height":150,"caption":"Ayuntamiento de Caudete"},"image":{"@id":"https:\/\/www.caudete.org\/ayuntamiento\/#\/schema\/logo\/image\/"},"sameAs":["https:\/\/www.facebook.com\/ayuntamientocaudete\/","https:\/\/www.youtube.com\/channel\/UC6VztHaooNsGpw-tNoBEFnQ"]},{"@type":"Person","@id":"https:\/\/www.caudete.org\/ayuntamiento\/#\/schema\/person\/cc646da9133078ee4d8dd47457947253","name":"alcalde","image":{"@type":"ImageObject","inLanguage":"es","@id":"https:\/\/secure.gravatar.com\/avatar\/84a817ba065b29ff08d666b215a215f5c79186a645ccb25b14a663d48a130f77?s=96&d=mm&r=g","url":"https:\/\/secure.gravatar.com\/avatar\/84a817ba065b29ff08d666b215a215f5c79186a645ccb25b14a663d48a130f77?s=96&d=mm&r=g","contentUrl":"https:\/\/secure.gravatar.com\/avatar\/84a817ba065b29ff08d666b215a215f5c79186a645ccb25b14a663d48a130f77?s=96&d=mm&r=g","caption":"alcalde"},"url":"https:\/\/www.caudete.org\/ayuntamiento\/author\/alcalde\/"}]}},"_links":{"self":[{"href":"https:\/\/www.caudete.org\/ayuntamiento\/wp-json\/wp\/v2\/posts\/19723","targetHints":{"allow":["GET"]}}],"collection":[{"href":"https:\/\/www.caudete.org\/ayuntamiento\/wp-json\/wp\/v2\/posts"}],"about":[{"href":"https:\/\/www.caudete.org\/ayuntamiento\/wp-json\/wp\/v2\/types\/post"}],"author":[{"embeddable":true,"href":"https:\/\/www.caudete.org\/ayuntamiento\/wp-json\/wp\/v2\/users\/3"}],"replies":[{"embeddable":true,"href":"https:\/\/www.caudete.org\/ayuntamiento\/wp-json\/wp\/v2\/comments?post=19723"}],"version-history":[{"count":4,"href":"https:\/\/www.caudete.org\/ayuntamiento\/wp-json\/wp\/v2\/posts\/19723\/revisions"}],"predecessor-version":[{"id":19733,"href":"https:\/\/www.caudete.org\/ayuntamiento\/wp-json\/wp\/v2\/posts\/19723\/revisions\/19733"}],"wp:featuredmedia":[{"embeddable":true,"href":"https:\/\/www.caudete.org\/ayuntamiento\/wp-json\/wp\/v2\/media\/15228"}],"wp:attachment":[{"href":"https:\/\/www.caudete.org\/ayuntamiento\/wp-json\/wp\/v2\/media?parent=19723"}],"wp:term":[{"taxonomy":"category","embeddable":true,"href":"https:\/\/www.caudete.org\/ayuntamiento\/wp-json\/wp\/v2\/categories?post=19723"},{"taxonomy":"post_tag","embeddable":true,"href":"https:\/\/www.caudete.org\/ayuntamiento\/wp-json\/wp\/v2\/tags?post=19723"}],"curies":[{"name":"wp","href":"https:\/\/api.w.org\/{rel}","templated":true}]}}