{"id":19736,"date":"2022-07-28T11:34:42","date_gmt":"2022-07-28T09:34:42","guid":{"rendered":"https:\/\/www.caudete.org\/ayuntamiento\/?p=19736"},"modified":"2022-07-28T14:24:31","modified_gmt":"2022-07-28T12:24:31","slug":"caudeteeneuropa-exitosa-experiencia-de-los-5-caudetanos-en-castleblayney-irlanda","status":"publish","type":"post","link":"https:\/\/www.caudete.org\/ayuntamiento\/caudeteeneuropa-exitosa-experiencia-de-los-5-caudetanos-en-castleblayney-irlanda\/","title":{"rendered":"CaudeteEnEUROPA: exitosa experiencia de los 5 caudetanos en CASTLEBLAYNEY (Irlanda)"},"content":{"rendered":"<p style=\"text-align: justify;\">M.\u00aa del Mar Requena Moll\u00e1, Concejal de Empleo y Formaci\u00f3n y Natalia Ba\u00f1\u00f3n Huesca, Concejal de Juventud, informan de la excelente valoraci\u00f3n de los j\u00f3venes participantes en relaci\u00f3n con el intercambio realizado en Castleblayney (Irlanda), en el marco del proyecto Erasmus+ Juventud GO 4 EXCHANGES, que se desarroll\u00f3 del 17 al 24 de junio.<\/p>\n<p style=\"text-align: justify;\">Durante la experiencia los j\u00f3venes participantes tuvieron la oportunidad de conocer el municipio irland\u00e9s, perteneciente al Condado de Monaghan, en la provincia del Ulster, conviviendo con vecinos de la localidad que participaron activamente en la organizaci\u00f3n de actividades de memoria hist\u00f3rica, culturales y deportivas para el grupo de 20 j\u00f3venes procedentes de los 4 pa\u00edses socios del proyecto, bajo la coordinaci\u00f3n de la entidad Castleblayney Community Enterprise y su responsable Tommy McGuire.<a href=\"https:\/\/www.caudete.org\/ayuntamiento\/wp-content\/uploads\/2022\/07\/gaa.jpg\" rel='prettyPhoto'><img fetchpriority=\"high\" decoding=\"async\" class=\"wp-image-19738 size-medium alignleft\" src=\"https:\/\/www.caudete.org\/ayuntamiento\/wp-content\/uploads\/2022\/07\/gaa-300x252.jpg\" alt=\"\" width=\"300\" height=\"252\" srcset=\"https:\/\/www.caudete.org\/ayuntamiento\/wp-content\/uploads\/2022\/07\/gaa-300x252.jpg 300w, https:\/\/www.caudete.org\/ayuntamiento\/wp-content\/uploads\/2022\/07\/gaa-1024x859.jpg 1024w, https:\/\/www.caudete.org\/ayuntamiento\/wp-content\/uploads\/2022\/07\/gaa-768x644.jpg 768w, https:\/\/www.caudete.org\/ayuntamiento\/wp-content\/uploads\/2022\/07\/gaa-1536x1288.jpg 1536w, https:\/\/www.caudete.org\/ayuntamiento\/wp-content\/uploads\/2022\/07\/gaa-2048x1718.jpg 2048w\" sizes=\"(max-width: 300px) 100vw, 300px\" \/><\/a><\/p>\n<p style=\"text-align: justify;\">Paddy Mulroe realiz\u00f3 una presentaci\u00f3n sobre la historia de la zona de frontera con Reino Unido y el conflicto en Irlanda del Norte, y Ceara Nolan les inform\u00f3 sobre el trabajo de la entidad juvenil Youth Work Ireland Monaghan.<\/p>\n<p style=\"text-align: justify;\">Los participantes pudieron adem\u00e1s construir balsas en el precioso lago Lough Muckno del municipio y conocer el f\u00fatbol irland\u00e9s de la mano de miembros del equipo Castleblayney Faughs, adem\u00e1s de contar con un taller de teatro a cargo de David Maine y una noche intercultural en el Iontas Centre, en la que los j\u00f3venes de cada pa\u00eds cocinaron diferentes platos t\u00edpicos.<\/p>\n<p><a href=\"https:\/\/www.caudete.org\/ayuntamiento\/wp-content\/uploads\/2022\/07\/RAFT-scaled.jpg\" rel='prettyPhoto'><img decoding=\"async\" class=\"wp-image-19739 size-medium alignleft\" src=\"https:\/\/www.caudete.org\/ayuntamiento\/wp-content\/uploads\/2022\/07\/RAFT-142x300.jpg\" alt=\"\" width=\"142\" height=\"300\" srcset=\"https:\/\/www.caudete.org\/ayuntamiento\/wp-content\/uploads\/2022\/07\/RAFT-142x300.jpg 142w, https:\/\/www.caudete.org\/ayuntamiento\/wp-content\/uploads\/2022\/07\/RAFT-485x1024.jpg 485w, https:\/\/www.caudete.org\/ayuntamiento\/wp-content\/uploads\/2022\/07\/RAFT-768x1623.jpg 768w, https:\/\/www.caudete.org\/ayuntamiento\/wp-content\/uploads\/2022\/07\/RAFT-727x1536.jpg 727w, https:\/\/www.caudete.org\/ayuntamiento\/wp-content\/uploads\/2022\/07\/RAFT-969x2048.jpg 969w, https:\/\/www.caudete.org\/ayuntamiento\/wp-content\/uploads\/2022\/07\/RAFT-scaled.jpg 1211w\" sizes=\"(max-width: 142px) 100vw, 142px\" \/><\/a><a href=\"https:\/\/www.caudete.org\/ayuntamiento\/wp-content\/uploads\/2022\/07\/session-scaled.jpg\" rel='prettyPhoto'><img decoding=\"async\" class=\"wp-image-19740 size-medium alignright\" src=\"https:\/\/www.caudete.org\/ayuntamiento\/wp-content\/uploads\/2022\/07\/session-142x300.jpg\" alt=\"\" width=\"142\" height=\"300\" srcset=\"https:\/\/www.caudete.org\/ayuntamiento\/wp-content\/uploads\/2022\/07\/session-142x300.jpg 142w, https:\/\/www.caudete.org\/ayuntamiento\/wp-content\/uploads\/2022\/07\/session-485x1024.jpg 485w, https:\/\/www.caudete.org\/ayuntamiento\/wp-content\/uploads\/2022\/07\/session-768x1623.jpg 768w, https:\/\/www.caudete.org\/ayuntamiento\/wp-content\/uploads\/2022\/07\/session-727x1536.jpg 727w, https:\/\/www.caudete.org\/ayuntamiento\/wp-content\/uploads\/2022\/07\/session-969x2048.jpg 969w, https:\/\/www.caudete.org\/ayuntamiento\/wp-content\/uploads\/2022\/07\/session-scaled.jpg 1211w\" sizes=\"(max-width: 142px) 100vw, 142px\" \/><\/a><\/p>\n<p style=\"text-align: justify;\">El grupo de participantes tuvo, asimismo, una recepci\u00f3n oficial en el Ayuntamiento del Condado de Monaghan organizada por su Presidente, Aidan Campbell.<\/p>\n<p style=\"text-align: justify;\">Durante una visita a las instalaciones Bluebell Lane Glamping en Mullaghbawn, gestionadas por Padraig Carragher, los j\u00f3venes realizaron actividades como tornear madera o tejer, y disfrutaron de una introducci\u00f3n a la m\u00fasica tradicional irlandesa.<\/p>\n<p style=\"text-align: justify;\">En palabras de Pete McMahon, Presidente de la entidad organizadora, el proyecto ha sido muy bien valorado por la comunidad local y ha supuesto una oportunidad para concienciar sobre la diversidad cultural, as\u00ed como para promocionar Castleblayney como un destino tur\u00edstico excepcional.<\/p>\n<p><a href=\"https:\/\/www.caudete.org\/ayuntamiento\/wp-content\/uploads\/2022\/07\/5bcc73c7-10ee-4bf0-849e-746f1f216a14.jpg\" rel='prettyPhoto'><img loading=\"lazy\" decoding=\"async\" class=\"wp-image-19741 size-medium alignright\" src=\"https:\/\/www.caudete.org\/ayuntamiento\/wp-content\/uploads\/2022\/07\/5bcc73c7-10ee-4bf0-849e-746f1f216a14-300x142.jpg\" alt=\"\" width=\"300\" height=\"142\" srcset=\"https:\/\/www.caudete.org\/ayuntamiento\/wp-content\/uploads\/2022\/07\/5bcc73c7-10ee-4bf0-849e-746f1f216a14-300x142.jpg 300w, https:\/\/www.caudete.org\/ayuntamiento\/wp-content\/uploads\/2022\/07\/5bcc73c7-10ee-4bf0-849e-746f1f216a14-1024x484.jpg 1024w, https:\/\/www.caudete.org\/ayuntamiento\/wp-content\/uploads\/2022\/07\/5bcc73c7-10ee-4bf0-849e-746f1f216a14-768x363.jpg 768w, https:\/\/www.caudete.org\/ayuntamiento\/wp-content\/uploads\/2022\/07\/5bcc73c7-10ee-4bf0-849e-746f1f216a14-1536x727.jpg 1536w, https:\/\/www.caudete.org\/ayuntamiento\/wp-content\/uploads\/2022\/07\/5bcc73c7-10ee-4bf0-849e-746f1f216a14.jpg 1600w\" sizes=\"(max-width: 300px) 100vw, 300px\" \/><\/a><\/p>\n<p style=\"text-align: justify;\">Desde el Ayuntamiento de Caudete, y en particular, desde la Agencia de Desarrollo Local y el Centro Joven, departamentos t\u00e9cnicos implicados en el proyecto, agradecemos al municipio de Castleblayney y al Condado de Monaghan, a sus responsables pol\u00edticos y toda la comunidad local por su gesti\u00f3n, dedicaci\u00f3n y amabilidad con nuestros participantes.<\/p>\n<p style=\"text-align: justify;\">En 2022, A\u00f1o Europeo de la Juventud, el proyecto contin\u00faa con un nuevo intercambio en Malmedy, B\u00e9lgica, que tendr\u00e1 lugar los d\u00edas 22 a 28 de agosto.<\/p>\n<p><a href=\"https:\/\/www.caudete.org\/ayuntamiento\/wp-content\/uploads\/2022\/07\/cultural-scaled.jpg\" rel='prettyPhoto'><img loading=\"lazy\" decoding=\"async\" class=\"wp-image-19742 size-medium alignleft\" src=\"https:\/\/www.caudete.org\/ayuntamiento\/wp-content\/uploads\/2022\/07\/cultural-191x300.jpg\" alt=\"\" width=\"191\" height=\"300\" srcset=\"https:\/\/www.caudete.org\/ayuntamiento\/wp-content\/uploads\/2022\/07\/cultural-191x300.jpg 191w, https:\/\/www.caudete.org\/ayuntamiento\/wp-content\/uploads\/2022\/07\/cultural-652x1024.jpg 652w, https:\/\/www.caudete.org\/ayuntamiento\/wp-content\/uploads\/2022\/07\/cultural-768x1206.jpg 768w, https:\/\/www.caudete.org\/ayuntamiento\/wp-content\/uploads\/2022\/07\/cultural-979x1536.jpg 979w, https:\/\/www.caudete.org\/ayuntamiento\/wp-content\/uploads\/2022\/07\/cultural-1305x2048.jpg 1305w, https:\/\/www.caudete.org\/ayuntamiento\/wp-content\/uploads\/2022\/07\/cultural-scaled.jpg 1631w\" sizes=\"(max-width: 191px) 100vw, 191px\" \/><\/a><\/p>\n","protected":false},"excerpt":{"rendered":"<p>M.\u00aa del Mar Requena Moll\u00e1, Concejal de Empleo y Formaci\u00f3n y Natalia Ba\u00f1\u00f3n Huesca, Concejal de Juventud, informan de la excelente valoraci\u00f3n de los j\u00f3venes participantes en relaci\u00f3n con el intercambio realizado en Castleblayney (Irlanda), en el marco del proyecto Erasmus+ Juventud GO 4 EXCHANGES, que se desarroll\u00f3 del 17 al 24 de junio. Durante &hellip;<\/p>\n","protected":false},"author":3,"featured_media":19737,"comment_status":"closed","ping_status":"open","sticky":false,"template":"","format":"standard","meta":{"ngg_post_thumbnail":0,"footnotes":""},"categories":[37],"tags":[],"class_list":["post-19736","post","type-post","status-publish","format-standard","has-post-thumbnail","hentry","category-empleo-y-formacion"],"yoast_head":"<!-- This site is optimized with the Yoast SEO plugin v27.4 - https:\/\/yoast.com\/product\/yoast-seo-wordpress\/ -->\n<title>CaudeteEnEUROPA: exitosa experiencia de los 5 caudetanos en CASTLEBLAYNEY (Irlanda) - MI Ayuntamiento de Caudete<\/title>\n<meta name=\"description\" content=\"P\u00e1gina Oficial del Ayuntamiento de Caudete (Albacete)\" \/>\n<meta name=\"robots\" content=\"index, follow, max-snippet:-1, max-image-preview:large, max-video-preview:-1\" \/>\n<link rel=\"canonical\" href=\"https:\/\/www.caudete.org\/ayuntamiento\/caudeteeneuropa-exitosa-experiencia-de-los-5-caudetanos-en-castleblayney-irlanda\/\" \/>\n<meta property=\"og:locale\" content=\"es_ES\" \/>\n<meta property=\"og:type\" content=\"article\" \/>\n<meta property=\"og:title\" content=\"CaudeteEnEUROPA: exitosa experiencia de los 5 caudetanos en CASTLEBLAYNEY (Irlanda) - MI Ayuntamiento de Caudete\" \/>\n<meta property=\"og:description\" content=\"P\u00e1gina Oficial del Ayuntamiento de Caudete (Albacete)\" \/>\n<meta property=\"og:url\" content=\"https:\/\/www.caudete.org\/ayuntamiento\/caudeteeneuropa-exitosa-experiencia-de-los-5-caudetanos-en-castleblayney-irlanda\/\" \/>\n<meta property=\"og:site_name\" content=\"MI Ayuntamiento de Caudete\" \/>\n<meta property=\"article:publisher\" content=\"https:\/\/www.facebook.com\/ayuntamientocaudete\/\" \/>\n<meta property=\"article:published_time\" content=\"2022-07-28T09:34:42+00:00\" \/>\n<meta property=\"article:modified_time\" content=\"2022-07-28T12:24:31+00:00\" \/>\n<meta property=\"og:image\" content=\"https:\/\/www.caudete.org\/ayuntamiento\/wp-content\/uploads\/2022\/07\/ad3fdc26-5979-4fde-af20-d7f265ea346b.jpg\" \/>\n\t<meta property=\"og:image:width\" content=\"2000\" \/>\n\t<meta property=\"og:image:height\" content=\"1500\" \/>\n\t<meta property=\"og:image:type\" content=\"image\/jpeg\" \/>\n<meta name=\"author\" content=\"alcalde\" \/>\n<meta name=\"twitter:card\" content=\"summary_large_image\" \/>\n<meta name=\"twitter:label1\" content=\"Escrito por\" \/>\n\t<meta name=\"twitter:data1\" content=\"alcalde\" \/>\n\t<meta name=\"twitter:label2\" content=\"Tiempo de lectura\" \/>\n\t<meta name=\"twitter:data2\" content=\"3 minutos\" \/>\n<script type=\"application\/ld+json\" class=\"yoast-schema-graph\">{\"@context\":\"https:\\\/\\\/schema.org\",\"@graph\":[{\"@type\":\"Article\",\"@id\":\"https:\\\/\\\/www.caudete.org\\\/ayuntamiento\\\/caudeteeneuropa-exitosa-experiencia-de-los-5-caudetanos-en-castleblayney-irlanda\\\/#article\",\"isPartOf\":{\"@id\":\"https:\\\/\\\/www.caudete.org\\\/ayuntamiento\\\/caudeteeneuropa-exitosa-experiencia-de-los-5-caudetanos-en-castleblayney-irlanda\\\/\"},\"author\":{\"name\":\"alcalde\",\"@id\":\"https:\\\/\\\/www.caudete.org\\\/ayuntamiento\\\/#\\\/schema\\\/person\\\/cc646da9133078ee4d8dd47457947253\"},\"headline\":\"CaudeteEnEUROPA: exitosa experiencia de los 5 caudetanos en CASTLEBLAYNEY (Irlanda)\",\"datePublished\":\"2022-07-28T09:34:42+00:00\",\"dateModified\":\"2022-07-28T12:24:31+00:00\",\"mainEntityOfPage\":{\"@id\":\"https:\\\/\\\/www.caudete.org\\\/ayuntamiento\\\/caudeteeneuropa-exitosa-experiencia-de-los-5-caudetanos-en-castleblayney-irlanda\\\/\"},\"wordCount\":437,\"publisher\":{\"@id\":\"https:\\\/\\\/www.caudete.org\\\/ayuntamiento\\\/#organization\"},\"image\":{\"@id\":\"https:\\\/\\\/www.caudete.org\\\/ayuntamiento\\\/caudeteeneuropa-exitosa-experiencia-de-los-5-caudetanos-en-castleblayney-irlanda\\\/#primaryimage\"},\"thumbnailUrl\":\"https:\\\/\\\/www.caudete.org\\\/ayuntamiento\\\/wp-content\\\/uploads\\\/2022\\\/07\\\/ad3fdc26-5979-4fde-af20-d7f265ea346b.jpg\",\"articleSection\":[\"Empleo y Formaci\u00f3n\"],\"inLanguage\":\"es\"},{\"@type\":\"WebPage\",\"@id\":\"https:\\\/\\\/www.caudete.org\\\/ayuntamiento\\\/caudeteeneuropa-exitosa-experiencia-de-los-5-caudetanos-en-castleblayney-irlanda\\\/\",\"url\":\"https:\\\/\\\/www.caudete.org\\\/ayuntamiento\\\/caudeteeneuropa-exitosa-experiencia-de-los-5-caudetanos-en-castleblayney-irlanda\\\/\",\"name\":\"CaudeteEnEUROPA: exitosa experiencia de los 5 caudetanos en CASTLEBLAYNEY (Irlanda) - MI Ayuntamiento de Caudete\",\"isPartOf\":{\"@id\":\"https:\\\/\\\/www.caudete.org\\\/ayuntamiento\\\/#website\"},\"primaryImageOfPage\":{\"@id\":\"https:\\\/\\\/www.caudete.org\\\/ayuntamiento\\\/caudeteeneuropa-exitosa-experiencia-de-los-5-caudetanos-en-castleblayney-irlanda\\\/#primaryimage\"},\"image\":{\"@id\":\"https:\\\/\\\/www.caudete.org\\\/ayuntamiento\\\/caudeteeneuropa-exitosa-experiencia-de-los-5-caudetanos-en-castleblayney-irlanda\\\/#primaryimage\"},\"thumbnailUrl\":\"https:\\\/\\\/www.caudete.org\\\/ayuntamiento\\\/wp-content\\\/uploads\\\/2022\\\/07\\\/ad3fdc26-5979-4fde-af20-d7f265ea346b.jpg\",\"datePublished\":\"2022-07-28T09:34:42+00:00\",\"dateModified\":\"2022-07-28T12:24:31+00:00\",\"description\":\"P\u00e1gina Oficial del Ayuntamiento de Caudete (Albacete)\",\"breadcrumb\":{\"@id\":\"https:\\\/\\\/www.caudete.org\\\/ayuntamiento\\\/caudeteeneuropa-exitosa-experiencia-de-los-5-caudetanos-en-castleblayney-irlanda\\\/#breadcrumb\"},\"inLanguage\":\"es\",\"potentialAction\":[{\"@type\":\"ReadAction\",\"target\":[\"https:\\\/\\\/www.caudete.org\\\/ayuntamiento\\\/caudeteeneuropa-exitosa-experiencia-de-los-5-caudetanos-en-castleblayney-irlanda\\\/\"]}]},{\"@type\":\"ImageObject\",\"inLanguage\":\"es\",\"@id\":\"https:\\\/\\\/www.caudete.org\\\/ayuntamiento\\\/caudeteeneuropa-exitosa-experiencia-de-los-5-caudetanos-en-castleblayney-irlanda\\\/#primaryimage\",\"url\":\"https:\\\/\\\/www.caudete.org\\\/ayuntamiento\\\/wp-content\\\/uploads\\\/2022\\\/07\\\/ad3fdc26-5979-4fde-af20-d7f265ea346b.jpg\",\"contentUrl\":\"https:\\\/\\\/www.caudete.org\\\/ayuntamiento\\\/wp-content\\\/uploads\\\/2022\\\/07\\\/ad3fdc26-5979-4fde-af20-d7f265ea346b.jpg\",\"width\":2000,\"height\":1500},{\"@type\":\"BreadcrumbList\",\"@id\":\"https:\\\/\\\/www.caudete.org\\\/ayuntamiento\\\/caudeteeneuropa-exitosa-experiencia-de-los-5-caudetanos-en-castleblayney-irlanda\\\/#breadcrumb\",\"itemListElement\":[{\"@type\":\"ListItem\",\"position\":1,\"name\":\"Inicio\",\"item\":\"https:\\\/\\\/www.caudete.org\\\/ayuntamiento\\\/\"},{\"@type\":\"ListItem\",\"position\":2,\"name\":\"CaudeteEnEUROPA: exitosa experiencia de los 5 caudetanos en CASTLEBLAYNEY (Irlanda)\"}]},{\"@type\":\"WebSite\",\"@id\":\"https:\\\/\\\/www.caudete.org\\\/ayuntamiento\\\/#website\",\"url\":\"https:\\\/\\\/www.caudete.org\\\/ayuntamiento\\\/\",\"name\":\"MI Ayuntamiento de Caudete\",\"description\":\"P\u00e1gina Oficial del MI Ayuntamiento de Caudete\",\"publisher\":{\"@id\":\"https:\\\/\\\/www.caudete.org\\\/ayuntamiento\\\/#organization\"},\"potentialAction\":[{\"@type\":\"SearchAction\",\"target\":{\"@type\":\"EntryPoint\",\"urlTemplate\":\"https:\\\/\\\/www.caudete.org\\\/ayuntamiento\\\/?s={search_term_string}\"},\"query-input\":{\"@type\":\"PropertyValueSpecification\",\"valueRequired\":true,\"valueName\":\"search_term_string\"}}],\"inLanguage\":\"es\"},{\"@type\":\"Organization\",\"@id\":\"https:\\\/\\\/www.caudete.org\\\/ayuntamiento\\\/#organization\",\"name\":\"Ayuntamiento de Caudete\",\"url\":\"https:\\\/\\\/www.caudete.org\\\/ayuntamiento\\\/\",\"logo\":{\"@type\":\"ImageObject\",\"inLanguage\":\"es\",\"@id\":\"https:\\\/\\\/www.caudete.org\\\/ayuntamiento\\\/#\\\/schema\\\/logo\\\/image\\\/\",\"url\":\"https:\\\/\\\/www.caudete.org\\\/ayuntamiento\\\/wp-content\\\/uploads\\\/2020\\\/11\\\/logo_ayuntamiento_caudete.jpg\",\"contentUrl\":\"https:\\\/\\\/www.caudete.org\\\/ayuntamiento\\\/wp-content\\\/uploads\\\/2020\\\/11\\\/logo_ayuntamiento_caudete.jpg\",\"width\":600,\"height\":150,\"caption\":\"Ayuntamiento de Caudete\"},\"image\":{\"@id\":\"https:\\\/\\\/www.caudete.org\\\/ayuntamiento\\\/#\\\/schema\\\/logo\\\/image\\\/\"},\"sameAs\":[\"https:\\\/\\\/www.facebook.com\\\/ayuntamientocaudete\\\/\",\"https:\\\/\\\/www.youtube.com\\\/channel\\\/UC6VztHaooNsGpw-tNoBEFnQ\"]},{\"@type\":\"Person\",\"@id\":\"https:\\\/\\\/www.caudete.org\\\/ayuntamiento\\\/#\\\/schema\\\/person\\\/cc646da9133078ee4d8dd47457947253\",\"name\":\"alcalde\",\"image\":{\"@type\":\"ImageObject\",\"inLanguage\":\"es\",\"@id\":\"https:\\\/\\\/secure.gravatar.com\\\/avatar\\\/84a817ba065b29ff08d666b215a215f5c79186a645ccb25b14a663d48a130f77?s=96&d=mm&r=g\",\"url\":\"https:\\\/\\\/secure.gravatar.com\\\/avatar\\\/84a817ba065b29ff08d666b215a215f5c79186a645ccb25b14a663d48a130f77?s=96&d=mm&r=g\",\"contentUrl\":\"https:\\\/\\\/secure.gravatar.com\\\/avatar\\\/84a817ba065b29ff08d666b215a215f5c79186a645ccb25b14a663d48a130f77?s=96&d=mm&r=g\",\"caption\":\"alcalde\"},\"url\":\"https:\\\/\\\/www.caudete.org\\\/ayuntamiento\\\/author\\\/alcalde\\\/\"}]}<\/script>\n<!-- \/ Yoast SEO plugin. -->","yoast_head_json":{"title":"CaudeteEnEUROPA: exitosa experiencia de los 5 caudetanos en CASTLEBLAYNEY (Irlanda) - MI Ayuntamiento de Caudete","description":"P\u00e1gina Oficial del Ayuntamiento de Caudete (Albacete)","robots":{"index":"index","follow":"follow","max-snippet":"max-snippet:-1","max-image-preview":"max-image-preview:large","max-video-preview":"max-video-preview:-1"},"canonical":"https:\/\/www.caudete.org\/ayuntamiento\/caudeteeneuropa-exitosa-experiencia-de-los-5-caudetanos-en-castleblayney-irlanda\/","og_locale":"es_ES","og_type":"article","og_title":"CaudeteEnEUROPA: exitosa experiencia de los 5 caudetanos en CASTLEBLAYNEY (Irlanda) - MI Ayuntamiento de Caudete","og_description":"P\u00e1gina Oficial del Ayuntamiento de Caudete (Albacete)","og_url":"https:\/\/www.caudete.org\/ayuntamiento\/caudeteeneuropa-exitosa-experiencia-de-los-5-caudetanos-en-castleblayney-irlanda\/","og_site_name":"MI Ayuntamiento de Caudete","article_publisher":"https:\/\/www.facebook.com\/ayuntamientocaudete\/","article_published_time":"2022-07-28T09:34:42+00:00","article_modified_time":"2022-07-28T12:24:31+00:00","og_image":[{"width":2000,"height":1500,"url":"https:\/\/www.caudete.org\/ayuntamiento\/wp-content\/uploads\/2022\/07\/ad3fdc26-5979-4fde-af20-d7f265ea346b.jpg","type":"image\/jpeg"}],"author":"alcalde","twitter_card":"summary_large_image","twitter_misc":{"Escrito por":"alcalde","Tiempo de lectura":"3 minutos"},"schema":{"@context":"https:\/\/schema.org","@graph":[{"@type":"Article","@id":"https:\/\/www.caudete.org\/ayuntamiento\/caudeteeneuropa-exitosa-experiencia-de-los-5-caudetanos-en-castleblayney-irlanda\/#article","isPartOf":{"@id":"https:\/\/www.caudete.org\/ayuntamiento\/caudeteeneuropa-exitosa-experiencia-de-los-5-caudetanos-en-castleblayney-irlanda\/"},"author":{"name":"alcalde","@id":"https:\/\/www.caudete.org\/ayuntamiento\/#\/schema\/person\/cc646da9133078ee4d8dd47457947253"},"headline":"CaudeteEnEUROPA: exitosa experiencia de los 5 caudetanos en CASTLEBLAYNEY (Irlanda)","datePublished":"2022-07-28T09:34:42+00:00","dateModified":"2022-07-28T12:24:31+00:00","mainEntityOfPage":{"@id":"https:\/\/www.caudete.org\/ayuntamiento\/caudeteeneuropa-exitosa-experiencia-de-los-5-caudetanos-en-castleblayney-irlanda\/"},"wordCount":437,"publisher":{"@id":"https:\/\/www.caudete.org\/ayuntamiento\/#organization"},"image":{"@id":"https:\/\/www.caudete.org\/ayuntamiento\/caudeteeneuropa-exitosa-experiencia-de-los-5-caudetanos-en-castleblayney-irlanda\/#primaryimage"},"thumbnailUrl":"https:\/\/www.caudete.org\/ayuntamiento\/wp-content\/uploads\/2022\/07\/ad3fdc26-5979-4fde-af20-d7f265ea346b.jpg","articleSection":["Empleo y Formaci\u00f3n"],"inLanguage":"es"},{"@type":"WebPage","@id":"https:\/\/www.caudete.org\/ayuntamiento\/caudeteeneuropa-exitosa-experiencia-de-los-5-caudetanos-en-castleblayney-irlanda\/","url":"https:\/\/www.caudete.org\/ayuntamiento\/caudeteeneuropa-exitosa-experiencia-de-los-5-caudetanos-en-castleblayney-irlanda\/","name":"CaudeteEnEUROPA: exitosa experiencia de los 5 caudetanos en CASTLEBLAYNEY (Irlanda) - MI Ayuntamiento de Caudete","isPartOf":{"@id":"https:\/\/www.caudete.org\/ayuntamiento\/#website"},"primaryImageOfPage":{"@id":"https:\/\/www.caudete.org\/ayuntamiento\/caudeteeneuropa-exitosa-experiencia-de-los-5-caudetanos-en-castleblayney-irlanda\/#primaryimage"},"image":{"@id":"https:\/\/www.caudete.org\/ayuntamiento\/caudeteeneuropa-exitosa-experiencia-de-los-5-caudetanos-en-castleblayney-irlanda\/#primaryimage"},"thumbnailUrl":"https:\/\/www.caudete.org\/ayuntamiento\/wp-content\/uploads\/2022\/07\/ad3fdc26-5979-4fde-af20-d7f265ea346b.jpg","datePublished":"2022-07-28T09:34:42+00:00","dateModified":"2022-07-28T12:24:31+00:00","description":"P\u00e1gina Oficial del Ayuntamiento de Caudete (Albacete)","breadcrumb":{"@id":"https:\/\/www.caudete.org\/ayuntamiento\/caudeteeneuropa-exitosa-experiencia-de-los-5-caudetanos-en-castleblayney-irlanda\/#breadcrumb"},"inLanguage":"es","potentialAction":[{"@type":"ReadAction","target":["https:\/\/www.caudete.org\/ayuntamiento\/caudeteeneuropa-exitosa-experiencia-de-los-5-caudetanos-en-castleblayney-irlanda\/"]}]},{"@type":"ImageObject","inLanguage":"es","@id":"https:\/\/www.caudete.org\/ayuntamiento\/caudeteeneuropa-exitosa-experiencia-de-los-5-caudetanos-en-castleblayney-irlanda\/#primaryimage","url":"https:\/\/www.caudete.org\/ayuntamiento\/wp-content\/uploads\/2022\/07\/ad3fdc26-5979-4fde-af20-d7f265ea346b.jpg","contentUrl":"https:\/\/www.caudete.org\/ayuntamiento\/wp-content\/uploads\/2022\/07\/ad3fdc26-5979-4fde-af20-d7f265ea346b.jpg","width":2000,"height":1500},{"@type":"BreadcrumbList","@id":"https:\/\/www.caudete.org\/ayuntamiento\/caudeteeneuropa-exitosa-experiencia-de-los-5-caudetanos-en-castleblayney-irlanda\/#breadcrumb","itemListElement":[{"@type":"ListItem","position":1,"name":"Inicio","item":"https:\/\/www.caudete.org\/ayuntamiento\/"},{"@type":"ListItem","position":2,"name":"CaudeteEnEUROPA: exitosa experiencia de los 5 caudetanos en CASTLEBLAYNEY (Irlanda)"}]},{"@type":"WebSite","@id":"https:\/\/www.caudete.org\/ayuntamiento\/#website","url":"https:\/\/www.caudete.org\/ayuntamiento\/","name":"MI Ayuntamiento de Caudete","description":"P\u00e1gina Oficial del MI Ayuntamiento de Caudete","publisher":{"@id":"https:\/\/www.caudete.org\/ayuntamiento\/#organization"},"potentialAction":[{"@type":"SearchAction","target":{"@type":"EntryPoint","urlTemplate":"https:\/\/www.caudete.org\/ayuntamiento\/?s={search_term_string}"},"query-input":{"@type":"PropertyValueSpecification","valueRequired":true,"valueName":"search_term_string"}}],"inLanguage":"es"},{"@type":"Organization","@id":"https:\/\/www.caudete.org\/ayuntamiento\/#organization","name":"Ayuntamiento de Caudete","url":"https:\/\/www.caudete.org\/ayuntamiento\/","logo":{"@type":"ImageObject","inLanguage":"es","@id":"https:\/\/www.caudete.org\/ayuntamiento\/#\/schema\/logo\/image\/","url":"https:\/\/www.caudete.org\/ayuntamiento\/wp-content\/uploads\/2020\/11\/logo_ayuntamiento_caudete.jpg","contentUrl":"https:\/\/www.caudete.org\/ayuntamiento\/wp-content\/uploads\/2020\/11\/logo_ayuntamiento_caudete.jpg","width":600,"height":150,"caption":"Ayuntamiento de Caudete"},"image":{"@id":"https:\/\/www.caudete.org\/ayuntamiento\/#\/schema\/logo\/image\/"},"sameAs":["https:\/\/www.facebook.com\/ayuntamientocaudete\/","https:\/\/www.youtube.com\/channel\/UC6VztHaooNsGpw-tNoBEFnQ"]},{"@type":"Person","@id":"https:\/\/www.caudete.org\/ayuntamiento\/#\/schema\/person\/cc646da9133078ee4d8dd47457947253","name":"alcalde","image":{"@type":"ImageObject","inLanguage":"es","@id":"https:\/\/secure.gravatar.com\/avatar\/84a817ba065b29ff08d666b215a215f5c79186a645ccb25b14a663d48a130f77?s=96&d=mm&r=g","url":"https:\/\/secure.gravatar.com\/avatar\/84a817ba065b29ff08d666b215a215f5c79186a645ccb25b14a663d48a130f77?s=96&d=mm&r=g","contentUrl":"https:\/\/secure.gravatar.com\/avatar\/84a817ba065b29ff08d666b215a215f5c79186a645ccb25b14a663d48a130f77?s=96&d=mm&r=g","caption":"alcalde"},"url":"https:\/\/www.caudete.org\/ayuntamiento\/author\/alcalde\/"}]}},"_links":{"self":[{"href":"https:\/\/www.caudete.org\/ayuntamiento\/wp-json\/wp\/v2\/posts\/19736","targetHints":{"allow":["GET"]}}],"collection":[{"href":"https:\/\/www.caudete.org\/ayuntamiento\/wp-json\/wp\/v2\/posts"}],"about":[{"href":"https:\/\/www.caudete.org\/ayuntamiento\/wp-json\/wp\/v2\/types\/post"}],"author":[{"embeddable":true,"href":"https:\/\/www.caudete.org\/ayuntamiento\/wp-json\/wp\/v2\/users\/3"}],"replies":[{"embeddable":true,"href":"https:\/\/www.caudete.org\/ayuntamiento\/wp-json\/wp\/v2\/comments?post=19736"}],"version-history":[{"count":5,"href":"https:\/\/www.caudete.org\/ayuntamiento\/wp-json\/wp\/v2\/posts\/19736\/revisions"}],"predecessor-version":[{"id":19756,"href":"https:\/\/www.caudete.org\/ayuntamiento\/wp-json\/wp\/v2\/posts\/19736\/revisions\/19756"}],"wp:featuredmedia":[{"embeddable":true,"href":"https:\/\/www.caudete.org\/ayuntamiento\/wp-json\/wp\/v2\/media\/19737"}],"wp:attachment":[{"href":"https:\/\/www.caudete.org\/ayuntamiento\/wp-json\/wp\/v2\/media?parent=19736"}],"wp:term":[{"taxonomy":"category","embeddable":true,"href":"https:\/\/www.caudete.org\/ayuntamiento\/wp-json\/wp\/v2\/categories?post=19736"},{"taxonomy":"post_tag","embeddable":true,"href":"https:\/\/www.caudete.org\/ayuntamiento\/wp-json\/wp\/v2\/tags?post=19736"}],"curies":[{"name":"wp","href":"https:\/\/api.w.org\/{rel}","templated":true}]}}