{"id":19762,"date":"2022-07-29T11:36:39","date_gmt":"2022-07-29T09:36:39","guid":{"rendered":"https:\/\/www.caudete.org\/ayuntamiento\/?p=19762"},"modified":"2022-07-29T16:58:36","modified_gmt":"2022-07-29T14:58:36","slug":"finalizacion-del-proyecto-erasmus-cross","status":"publish","type":"post","link":"https:\/\/www.caudete.org\/ayuntamiento\/finalizacion-del-proyecto-erasmus-cross\/","title":{"rendered":"CaudeteEnEUROPA: finaliza el proyecto &#8220;Erasmus CROSS&#8221;"},"content":{"rendered":"<p style=\"text-align: justify;\" align=\"left\"><span style=\"font-size: medium; font-family: Arial, sans-serif;\">Finaliza el proyecto de asociaci\u00f3n estrat\u00e9gica europea ERASMUS+ CROSS en el que han participado la <\/span><span style=\"color: #000000;\">Biblioteca P\u00fablica Municipal Ana Mar\u00eda Matute y la Casa de Cultura del Ayuntamiento de Caudete, con la colaboraci\u00f3n de la Agencia de Desarrollo Local, impulsora dentro del Ayuntamiento del programa Erasmus en su conjunto.<\/span><\/p>\n<p style=\"text-align: justify;\" align=\"left\"><span style=\"font-family: Arial, sans-serif;\"><span style=\"font-size: medium;\"><span style=\"color: #000000;\">As\u00ed lo anunciaba Mar\u00eda del Mar Requena, Concejal de Empleo y Formaci\u00f3n responsable de los programas Erasmus.<\/span><\/span><\/span><\/p>\n<p style=\"text-align: justify;\" align=\"left\"><span style=\"font-family: Arial, sans-serif;\"><span style=\"font-size: medium;\"><span style=\"color: #000000;\">CROSS\u00a0<\/span><span style=\"color: #000000;\">(Creating Other Study Spaces)<\/span><span style=\"color: #000000;\"> es el t\u00edtulo del proyecto Erasmus<\/span><span style=\"color: #000000;\">+<\/span><span style=\"color: #000000;\"> de<\/span><span style=\"color: #000000;\"> la U<\/span><span style=\"color: #000000;\">ni\u00f3n Europea<\/span><span style=\"color: #000000;\"> para el intercambio de buenas pr\u00e1cticas, <\/span><span style=\"color: #000000;\">en <\/span><span style=\"color: #000000;\">el<\/span><span style=\"color: #000000;\"> que <\/span><span style=\"color: #000000;\">han <\/span><span style=\"color: #000000;\">participa<\/span><span style=\"color: #000000;\">do<\/span><span style=\"color: #000000;\"> un total de 7 instituciones <\/span><span style=\"color: #000000;\">(<\/span><span style=\"color: #000000;\">bibliotecas <\/span><span style=\"color: #000000;\">p\u00fablicas <\/span><span style=\"color: #000000;\">europeas <\/span><span style=\"color: #000000;\">y entidades p\u00fablicas y privadas activas<\/span> <span style=\"color: #000000;\">en<\/span><span style=\"color: #000000;\"> la <\/span><span style=\"color: #000000;\">e<\/span><span style=\"color: #000000;\">ducaci\u00f3n <\/span><span style=\"color: #000000;\">no formal<\/span><span style=\"color: #000000;\"> de adultos<\/span><span style=\"color: #000000;\">) <\/span><span style=\"color: #000000;\">y que est\u00e1 subvencionado por la Uni\u00f3n <\/span><span style=\"color: #000000;\">Europea, <\/span><span style=\"color: #000000;\">por contribuir a las pol\u00edticas comunitarias que pretenden avanzar en la consecuci\u00f3n de un Espacio Europeo de Educaci\u00f3n, a trav\u00e9s del trabajo conjunto de las entidades hom\u00f3logas de los diferentes pa\u00edses miembros<\/span><span style=\"color: #000000;\">.<\/span><\/span><\/span><\/p>\n<p style=\"text-align: justify;\" align=\"left\"><span style=\"font-family: Arial, sans-serif;\"><span style=\"font-size: medium;\"><span style=\"color: #000000;\">Nuevos conceptos de <\/span><span style=\"color: #000000;\">espacios de aprendizaje, a trav\u00e9s de la colaboraci\u00f3n<\/span><span style=\"color: #000000;\"> entre bibliotecas p\u00fablicas y otras entidades que trabajan con adultos, <\/span><span style=\"color: #000000;\">para <\/span><span style=\"color: #000000;\">crear<\/span><span style=\"color: #000000;\"> espacios atractivos para la ciudadan\u00eda, \u201c<\/span><span style=\"color: #000000;\">Terceros Lugares\u201d<\/span> <span style=\"color: #000000;\">(Ray Oldenburg) <\/span><span style=\"color: #000000;\">donde convivir, intercambiar y aprender <\/span><span style=\"color: #000000;\">de manera informal<\/span><span style=\"color: #000000;\">, han sido los principales objetivos de este proyecto<\/span><span style=\"color: #000000;\">. <\/span><\/span><\/span><\/p>\n<p style=\"text-align: justify;\" align=\"left\"><span style=\"font-family: Arial, sans-serif;\"><span style=\"font-size: medium;\">Se trata de la primera experiencia Erasmus+ de asociaci\u00f3n para la cooperaci\u00f3n en Europa en el \u00e1mbito de la educaci\u00f3n y formaci\u00f3n en la que participa una Biblioteca Municipal en Castilla La Mancha. Adem\u00e1s es de las pocas experiencias realizadas en toda Espa\u00f1a, lo que coloca a Caudete en un primer nivel en cuanto a participaci\u00f3n en proyectos de cooperaci\u00f3n para la innovaci\u00f3n y el intercambio de buenas pr\u00e1cticas a nivel internacional. <\/span><\/span><\/p>\n<p style=\"text-align: justify;\" align=\"left\"><span style=\"font-family: Arial, sans-serif;\"><span style=\"font-size: medium;\">El proyecto se <\/span><\/span><span style=\"font-family: Arial, sans-serif;\"><span style=\"font-size: medium;\">ha desarrollado<\/span><\/span><span style=\"font-family: Arial, sans-serif;\"><span style=\"font-size: medium;\"> desde septiembre de 2019 hasta agosto de 2022 con <\/span><\/span><span style=\"font-family: Arial, sans-serif;\"><span style=\"font-size: medium;\">reuniones <\/span><\/span><span style=\"font-family: Arial, sans-serif;\"><span style=\"font-size: medium;\">transnacionales <\/span><\/span><span style=\"font-family: Arial, sans-serif;\"><span style=\"font-size: medium;\">virtuales y presenciales<\/span><\/span> <span style=\"font-family: Arial, sans-serif;\"><span style=\"font-size: medium;\">en las distintas sedes de las entidades socias participantes,<\/span><\/span> <span style=\"font-family: Arial, sans-serif;\"><span style=\"font-size: medium;\">siendo el Ayuntamiento de Iserlo<\/span><\/span><span style=\"font-family: Arial, sans-serif;\"><span style=\"font-size: medium;\">h<\/span><\/span><span style=\"font-family: Arial, sans-serif;\"><span style=\"font-size: medium;\">n, con su centro de educaci\u00f3n de adultos<\/span><\/span> <span style=\"font-family: Arial, sans-serif;\"><span style=\"font-size: medium;\">(<\/span><\/span><span style=\"font-family: Arial, sans-serif;\"><span style=\"font-size: medium;\">V<\/span><\/span><span style=\"font-family: Arial, sans-serif;\"><span style=\"font-size: medium;\">olkhochschule<\/span><\/span><span style=\"font-family: Arial, sans-serif;\"><span style=\"font-size: medium;\">)<\/span><\/span> <span style=\"font-family: Arial, sans-serif;\"><span style=\"font-size: medium;\">y biblioteca municipal, el socio coordinador <\/span><\/span><span style=\"font-family: Arial, sans-serif;\"><span style=\"font-size: medium;\">(<a href=\"http:\/\/www.iserlohn.de\/\" target=\"_blank\" rel=\"nofollow\">www.iserlohn.de<\/a>) <\/span><\/span><span style=\"font-family: Arial, sans-serif;\"><span style=\"font-size: medium;\">y los socios del proyecto, el<\/span><\/span><span style=\"font-family: Arial, sans-serif;\"><span style=\"font-size: medium;\"> Ayuntamiento de <\/span><\/span> <span style=\"font-family: Arial, sans-serif;\"><span style=\"font-size: medium;\">Caudete<\/span><\/span><span style=\"font-family: Arial, sans-serif;\"><span style=\"font-size: medium;\">, <\/span><\/span><span style=\"font-family: Arial, sans-serif;\"><span style=\"font-size: medium;\">en<\/span><\/span><span style=\"font-family: Arial, sans-serif;\"><span style=\"font-size: medium;\"> Espa\u00f1a, (<a href=\"http:\/\/www.caudete.es\/\" target=\"_blank\" rel=\"nofollow\">www.caudete.es<\/a>) a trav\u00e9s de su Biblioteca y Casa de Cultura, <\/span><\/span><span style=\"font-family: Arial, sans-serif;\"><span style=\"font-size: medium;\">el Ayuntamiento de<\/span><\/span><span style=\"font-family: Arial, sans-serif;\"><span style=\"font-size: medium;\"> Ny\u00edregyh\u00e1za, <\/span><\/span><span style=\"font-family: Arial, sans-serif;\"><span style=\"font-size: medium;\">en <\/span><\/span><span style=\"font-family: Arial, sans-serif;\"><span style=\"font-size: medium;\">Hungr\u00eda<\/span><\/span><span style=\"font-family: Arial, sans-serif;\"><span style=\"font-size: medium;\"> (<a href=\"http:\/\/www.nyiregyhaza.hu\/\" target=\"_blank\" rel=\"nofollow\">www.nyiregyhaza.hu<\/a>) <\/span><\/span><span style=\"font-family: Arial, sans-serif;\"><span style=\"font-size: medium;\">con su biblioteca M\u00f3ricz Zsigmond Konyvt\u00e1r<\/span><\/span><span style=\"font-family: Arial, sans-serif;\"><span style=\"font-size: medium;\">, <\/span><\/span><span style=\"font-family: Arial, sans-serif;\"><span style=\"font-size: medium;\">la Biblioteca <\/span><\/span><span style=\"font-family: Arial, sans-serif;\"><span style=\"font-size: medium;\">Judeteana \u201cOctavian Goga\u201d en <\/span><\/span><span style=\"font-family: Arial, sans-serif;\"><span style=\"font-size: medium;\">Cluj-<\/span><\/span><span style=\"font-family: Arial, sans-serif;\"><span style=\"font-size: medium;\">Napoca<\/span><\/span><span style=\"font-family: Arial, sans-serif;\"><span style=\"font-size: medium;\">,<\/span><\/span><span style=\"font-family: Arial, sans-serif;\"><span style=\"font-size: medium;\"> Rumania, (www.bjc.ro), <\/span><\/span><span style=\"font-family: Arial, sans-serif;\"><span style=\"font-size: medium;\">el centro de investigaci\u00f3n y formaci\u00f3n para mayores GERO-Kompetenzzenter fir den Alter, en<\/span><\/span><span style=\"font-family: Arial, sans-serif;\"><span style=\"font-size: medium;\"> Luxemburgo (www.gero.lu), <\/span><\/span><span style=\"font-family: Arial, sans-serif;\"><span style=\"font-size: medium;\">la biblioteca Mestna Knjiznica de Kranj, <\/span><\/span><span style=\"font-family: Arial, sans-serif;\"><span style=\"font-size: medium;\">en <\/span><\/span><span style=\"font-family: Arial, sans-serif;\"><span style=\"font-size: medium;\">Eslovenia (<a href=\"http:\/\/www.mkk.si\/\" target=\"_blank\" rel=\"nofollow\">www.mkk.si<\/a>), <\/span><\/span><span style=\"font-family: Arial, sans-serif;\"><span style=\"font-size: medium;\">y <\/span><\/span><span style=\"font-family: Arial, sans-serif;\"><span style=\"font-size: medium;\">el centro de formaci\u00f3n Stichting Werken &amp; Leren (<a href=\"http:\/\/www.stichtingwerkenenleren.nl\/\" target=\"_blank\" rel=\"nofollow\">www.stichtingwerkenenleren.nl<\/a>) y la biblioteca Oosterschelde <\/span><\/span><span style=\"font-family: Arial, sans-serif;\"><span style=\"font-size: medium;\">(<\/span><\/span><span style=\"font-family: Arial, sans-serif;\"><span style=\"font-size: medium;\">www.bibliotheekoosterschelde.nl), en<\/span><\/span> <span style=\"font-family: Arial, sans-serif;\"><span style=\"font-size: medium;\">Holanda.<\/span><\/span><\/p>\n<p style=\"text-align: justify;\" align=\"left\"><span style=\"font-family: Arial, sans-serif;\"><span style=\"font-size: medium;\">En el encuentro final mantenido en Luxemburgo del 29 de junio a 1 de julio, se han presentado las conclusiones en torno a las buenas pr\u00e1cticas aprendidas en los distintos pa\u00edses socios a lo largo de los 3 a\u00f1os de cooperaci\u00f3n, y que se presentar\u00e1n como resultados del proyecto a la Uni\u00f3n Europea a modo de propuestas de l\u00edneas de trabajo futuro en el \u00e1mbito de los espacios culturales y de educaci\u00f3n no formal de adultos.<\/span><\/span><\/p>\n<p style=\"text-align: justify;\" align=\"left\"><span style=\"font-family: Arial, sans-serif;\"><span style=\"font-size: medium;\">Ante los retos que la humanidad afronta hoy, es m\u00e1s que nunca necesari<\/span><\/span><span style=\"font-family: Arial, sans-serif;\"><span style=\"font-size: medium;\">o<\/span><\/span> <span style=\"font-family: Arial, sans-serif;\"><span style=\"font-size: medium;\">y relevante<\/span><\/span> <span style=\"font-family: Arial, sans-serif;\"><span style=\"font-size: medium;\">el<\/span><\/span> <span style=\"font-family: Arial, sans-serif;\"><span style=\"font-size: medium;\">papel<\/span><\/span> <span style=\"font-family: Arial, sans-serif;\"><span style=\"font-size: medium;\">que<\/span><\/span><span style=\"font-family: Arial, sans-serif;\"><span style=\"font-size: medium;\"> los servicios p\u00fablicos <\/span><\/span><span style=\"font-family: Arial, sans-serif;\"><span style=\"font-size: medium;\">en Europa <\/span><\/span><span style=\"font-family: Arial, sans-serif;\"><span style=\"font-size: medium;\">pueden tener en el fomento y creaci\u00f3n de <\/span><\/span><span style=\"font-family: Arial, sans-serif;\"><span style=\"font-size: medium;\">estos \u201cTerceros Lugares\u201d<\/span><\/span><span style=\"font-family: Arial, sans-serif;\"><span style=\"font-size: medium;\">, que tras la casa, como primer lugar, o el trabajo como segundo lugar, ser\u00edan, seg\u00fan el concepto desarrollado por Oldenburg, <\/span><\/span><span style=\"font-family: Arial, sans-serif;\"><span style=\"font-size: medium;\">espacios<\/span><\/span> <span style=\"font-family: Arial, sans-serif;\"><span style=\"font-size: medium;\">atractivos <\/span><\/span><span style=\"font-family: Arial, sans-serif;\"><span style=\"font-size: medium;\">de<\/span><\/span> <span style=\"font-family: Arial, sans-serif;\"><span style=\"font-size: medium;\">encuentro con los que <\/span><\/span><span style=\"font-family: Arial, sans-serif;\"><span style=\"font-size: medium;\">favorecer la cohesi\u00f3n social, la ciudadan\u00eda activa, <\/span><\/span><span style=\"font-family: Arial, sans-serif;\"><span style=\"font-size: medium;\">la colaboraci\u00f3n, el intercambio <\/span><\/span><span style=\"font-family: Arial, sans-serif;\"><span style=\"font-size: medium;\">y la educaci\u00f3n no formal<\/span><\/span> <span style=\"font-family: Arial, sans-serif;\"><span style=\"font-size: medium;\">de<\/span><\/span><span style=\"font-family: Arial, sans-serif;\"><span style=\"font-size: medium;\"> las personas<\/span><\/span><span style=\"font-family: Arial, sans-serif;\"><span style=\"font-size: medium;\">. <\/span><\/span><span style=\"font-family: Arial, sans-serif;\"><span style=\"font-size: medium;\">Las biblioteca p\u00fablicas municipales son, por su idiosincrasia, espacios especialmente llamados a desempe\u00f1ar este papel vertebrador y dinamizador de la ciudadan\u00eda local a trav\u00e9s de la cultura y la formaci\u00f3n, <\/span><\/span><span style=\"font-family: Arial, sans-serif;\"><span style=\"font-size: medium;\">y por esta raz\u00f3n, este proyecto ha sido enormemente enriquecedor para las entidades participantes, que podr\u00e1n trabajar en el desarrollo de este enfoque, tanto desde un punto de vista conceptual como de adaptaci\u00f3n de espacios f\u00edsicos, en los pr\u00f3ximos a\u00f1os<\/span><\/span><span style=\"font-family: Arial, sans-serif;\"><span style=\"font-size: medium;\">.<\/span><\/span><\/p>\n<p style=\"text-align: justify;\" align=\"left\"><span style=\"font-family: Arial, sans-serif;\"><span style=\"font-size: medium;\">Desde el Ayuntamiento de Caudete estamos plenamente convencidos de que programas europeos como Erasmus+ permiten aprender y compartir a nivel europeo en beneficio de nuestro municipio y ciudadan\u00eda.<\/span><\/span><\/p>\n<p style=\"text-align: justify;\" align=\"left\"><a href=\"https:\/\/www.caudete.org\/ayuntamiento\/wp-content\/uploads\/2022\/07\/CROSS.jpeg\" rel='prettyPhoto'><img fetchpriority=\"high\" decoding=\"async\" class=\"size-full wp-image-19763\" src=\"https:\/\/www.caudete.org\/ayuntamiento\/wp-content\/uploads\/2022\/07\/CROSS.jpeg\" alt=\"\" width=\"1024\" height=\"768\" srcset=\"https:\/\/www.caudete.org\/ayuntamiento\/wp-content\/uploads\/2022\/07\/CROSS.jpeg 1024w, https:\/\/www.caudete.org\/ayuntamiento\/wp-content\/uploads\/2022\/07\/CROSS-300x225.jpeg 300w, https:\/\/www.caudete.org\/ayuntamiento\/wp-content\/uploads\/2022\/07\/CROSS-768x576.jpeg 768w\" sizes=\"(max-width: 1024px) 100vw, 1024px\" \/><\/a><\/p>\n","protected":false},"excerpt":{"rendered":"<p>Finaliza el proyecto de asociaci\u00f3n estrat\u00e9gica europea ERASMUS+ CROSS en el que han participado la Biblioteca P\u00fablica Municipal Ana Mar\u00eda Matute y la Casa de Cultura del Ayuntamiento de Caudete, con la colaboraci\u00f3n de la Agencia de Desarrollo Local, impulsora dentro del Ayuntamiento del programa Erasmus en su conjunto. As\u00ed lo anunciaba Mar\u00eda del Mar &hellip;<\/p>\n","protected":false},"author":1,"featured_media":19763,"comment_status":"closed","ping_status":"open","sticky":false,"template":"","format":"standard","meta":{"ngg_post_thumbnail":0,"footnotes":""},"categories":[37],"tags":[],"class_list":["post-19762","post","type-post","status-publish","format-standard","has-post-thumbnail","hentry","category-empleo-y-formacion"],"yoast_head":"<!-- This site is optimized with the Yoast SEO plugin v27.4 - https:\/\/yoast.com\/product\/yoast-seo-wordpress\/ -->\n<title>CaudeteEnEUROPA: finaliza el proyecto &quot;Erasmus CROSS&quot; - MI Ayuntamiento de Caudete<\/title>\n<meta name=\"description\" content=\"P\u00e1gina Oficial del Ayuntamiento de Caudete (Albacete)\" \/>\n<meta name=\"robots\" content=\"index, follow, max-snippet:-1, max-image-preview:large, max-video-preview:-1\" \/>\n<link rel=\"canonical\" href=\"https:\/\/www.caudete.org\/ayuntamiento\/finalizacion-del-proyecto-erasmus-cross\/\" \/>\n<meta property=\"og:locale\" content=\"es_ES\" \/>\n<meta property=\"og:type\" content=\"article\" \/>\n<meta property=\"og:title\" content=\"CaudeteEnEUROPA: finaliza el proyecto &quot;Erasmus CROSS&quot; - MI Ayuntamiento de Caudete\" \/>\n<meta property=\"og:description\" content=\"P\u00e1gina Oficial del Ayuntamiento de Caudete (Albacete)\" \/>\n<meta property=\"og:url\" content=\"https:\/\/www.caudete.org\/ayuntamiento\/finalizacion-del-proyecto-erasmus-cross\/\" \/>\n<meta property=\"og:site_name\" content=\"MI Ayuntamiento de Caudete\" \/>\n<meta property=\"article:publisher\" content=\"https:\/\/www.facebook.com\/ayuntamientocaudete\/\" \/>\n<meta property=\"article:published_time\" content=\"2022-07-29T09:36:39+00:00\" \/>\n<meta property=\"article:modified_time\" content=\"2022-07-29T14:58:36+00:00\" \/>\n<meta property=\"og:image\" content=\"https:\/\/www.caudete.org\/ayuntamiento\/wp-content\/uploads\/2022\/07\/CROSS.jpeg\" \/>\n\t<meta property=\"og:image:width\" content=\"1024\" \/>\n\t<meta property=\"og:image:height\" content=\"768\" \/>\n\t<meta property=\"og:image:type\" content=\"image\/jpeg\" \/>\n<meta name=\"author\" content=\"ayun\" \/>\n<meta name=\"twitter:card\" content=\"summary_large_image\" \/>\n<meta name=\"twitter:label1\" content=\"Escrito por\" \/>\n\t<meta name=\"twitter:data1\" content=\"ayun\" \/>\n\t<meta name=\"twitter:label2\" content=\"Tiempo de lectura\" \/>\n\t<meta name=\"twitter:data2\" content=\"4 minutos\" \/>\n<script type=\"application\/ld+json\" class=\"yoast-schema-graph\">{\"@context\":\"https:\\\/\\\/schema.org\",\"@graph\":[{\"@type\":\"Article\",\"@id\":\"https:\\\/\\\/www.caudete.org\\\/ayuntamiento\\\/finalizacion-del-proyecto-erasmus-cross\\\/#article\",\"isPartOf\":{\"@id\":\"https:\\\/\\\/www.caudete.org\\\/ayuntamiento\\\/finalizacion-del-proyecto-erasmus-cross\\\/\"},\"author\":{\"name\":\"ayun\",\"@id\":\"https:\\\/\\\/www.caudete.org\\\/ayuntamiento\\\/#\\\/schema\\\/person\\\/79f7e19fdd176fc2bc7a289013dc2056\"},\"headline\":\"CaudeteEnEUROPA: finaliza el proyecto &#8220;Erasmus CROSS&#8221;\",\"datePublished\":\"2022-07-29T09:36:39+00:00\",\"dateModified\":\"2022-07-29T14:58:36+00:00\",\"mainEntityOfPage\":{\"@id\":\"https:\\\/\\\/www.caudete.org\\\/ayuntamiento\\\/finalizacion-del-proyecto-erasmus-cross\\\/\"},\"wordCount\":757,\"publisher\":{\"@id\":\"https:\\\/\\\/www.caudete.org\\\/ayuntamiento\\\/#organization\"},\"image\":{\"@id\":\"https:\\\/\\\/www.caudete.org\\\/ayuntamiento\\\/finalizacion-del-proyecto-erasmus-cross\\\/#primaryimage\"},\"thumbnailUrl\":\"https:\\\/\\\/www.caudete.org\\\/ayuntamiento\\\/wp-content\\\/uploads\\\/2022\\\/07\\\/CROSS.jpeg\",\"articleSection\":[\"Empleo y Formaci\u00f3n\"],\"inLanguage\":\"es\"},{\"@type\":\"WebPage\",\"@id\":\"https:\\\/\\\/www.caudete.org\\\/ayuntamiento\\\/finalizacion-del-proyecto-erasmus-cross\\\/\",\"url\":\"https:\\\/\\\/www.caudete.org\\\/ayuntamiento\\\/finalizacion-del-proyecto-erasmus-cross\\\/\",\"name\":\"CaudeteEnEUROPA: finaliza el proyecto \\\"Erasmus CROSS\\\" - MI Ayuntamiento de Caudete\",\"isPartOf\":{\"@id\":\"https:\\\/\\\/www.caudete.org\\\/ayuntamiento\\\/#website\"},\"primaryImageOfPage\":{\"@id\":\"https:\\\/\\\/www.caudete.org\\\/ayuntamiento\\\/finalizacion-del-proyecto-erasmus-cross\\\/#primaryimage\"},\"image\":{\"@id\":\"https:\\\/\\\/www.caudete.org\\\/ayuntamiento\\\/finalizacion-del-proyecto-erasmus-cross\\\/#primaryimage\"},\"thumbnailUrl\":\"https:\\\/\\\/www.caudete.org\\\/ayuntamiento\\\/wp-content\\\/uploads\\\/2022\\\/07\\\/CROSS.jpeg\",\"datePublished\":\"2022-07-29T09:36:39+00:00\",\"dateModified\":\"2022-07-29T14:58:36+00:00\",\"description\":\"P\u00e1gina Oficial del Ayuntamiento de Caudete (Albacete)\",\"breadcrumb\":{\"@id\":\"https:\\\/\\\/www.caudete.org\\\/ayuntamiento\\\/finalizacion-del-proyecto-erasmus-cross\\\/#breadcrumb\"},\"inLanguage\":\"es\",\"potentialAction\":[{\"@type\":\"ReadAction\",\"target\":[\"https:\\\/\\\/www.caudete.org\\\/ayuntamiento\\\/finalizacion-del-proyecto-erasmus-cross\\\/\"]}]},{\"@type\":\"ImageObject\",\"inLanguage\":\"es\",\"@id\":\"https:\\\/\\\/www.caudete.org\\\/ayuntamiento\\\/finalizacion-del-proyecto-erasmus-cross\\\/#primaryimage\",\"url\":\"https:\\\/\\\/www.caudete.org\\\/ayuntamiento\\\/wp-content\\\/uploads\\\/2022\\\/07\\\/CROSS.jpeg\",\"contentUrl\":\"https:\\\/\\\/www.caudete.org\\\/ayuntamiento\\\/wp-content\\\/uploads\\\/2022\\\/07\\\/CROSS.jpeg\",\"width\":1024,\"height\":768},{\"@type\":\"BreadcrumbList\",\"@id\":\"https:\\\/\\\/www.caudete.org\\\/ayuntamiento\\\/finalizacion-del-proyecto-erasmus-cross\\\/#breadcrumb\",\"itemListElement\":[{\"@type\":\"ListItem\",\"position\":1,\"name\":\"Inicio\",\"item\":\"https:\\\/\\\/www.caudete.org\\\/ayuntamiento\\\/\"},{\"@type\":\"ListItem\",\"position\":2,\"name\":\"CaudeteEnEUROPA: finaliza el proyecto &#8220;Erasmus CROSS&#8221;\"}]},{\"@type\":\"WebSite\",\"@id\":\"https:\\\/\\\/www.caudete.org\\\/ayuntamiento\\\/#website\",\"url\":\"https:\\\/\\\/www.caudete.org\\\/ayuntamiento\\\/\",\"name\":\"MI Ayuntamiento de Caudete\",\"description\":\"P\u00e1gina Oficial del MI Ayuntamiento de Caudete\",\"publisher\":{\"@id\":\"https:\\\/\\\/www.caudete.org\\\/ayuntamiento\\\/#organization\"},\"potentialAction\":[{\"@type\":\"SearchAction\",\"target\":{\"@type\":\"EntryPoint\",\"urlTemplate\":\"https:\\\/\\\/www.caudete.org\\\/ayuntamiento\\\/?s={search_term_string}\"},\"query-input\":{\"@type\":\"PropertyValueSpecification\",\"valueRequired\":true,\"valueName\":\"search_term_string\"}}],\"inLanguage\":\"es\"},{\"@type\":\"Organization\",\"@id\":\"https:\\\/\\\/www.caudete.org\\\/ayuntamiento\\\/#organization\",\"name\":\"Ayuntamiento de Caudete\",\"url\":\"https:\\\/\\\/www.caudete.org\\\/ayuntamiento\\\/\",\"logo\":{\"@type\":\"ImageObject\",\"inLanguage\":\"es\",\"@id\":\"https:\\\/\\\/www.caudete.org\\\/ayuntamiento\\\/#\\\/schema\\\/logo\\\/image\\\/\",\"url\":\"https:\\\/\\\/www.caudete.org\\\/ayuntamiento\\\/wp-content\\\/uploads\\\/2020\\\/11\\\/logo_ayuntamiento_caudete.jpg\",\"contentUrl\":\"https:\\\/\\\/www.caudete.org\\\/ayuntamiento\\\/wp-content\\\/uploads\\\/2020\\\/11\\\/logo_ayuntamiento_caudete.jpg\",\"width\":600,\"height\":150,\"caption\":\"Ayuntamiento de Caudete\"},\"image\":{\"@id\":\"https:\\\/\\\/www.caudete.org\\\/ayuntamiento\\\/#\\\/schema\\\/logo\\\/image\\\/\"},\"sameAs\":[\"https:\\\/\\\/www.facebook.com\\\/ayuntamientocaudete\\\/\",\"https:\\\/\\\/www.youtube.com\\\/channel\\\/UC6VztHaooNsGpw-tNoBEFnQ\"]},{\"@type\":\"Person\",\"@id\":\"https:\\\/\\\/www.caudete.org\\\/ayuntamiento\\\/#\\\/schema\\\/person\\\/79f7e19fdd176fc2bc7a289013dc2056\",\"name\":\"ayun\",\"image\":{\"@type\":\"ImageObject\",\"inLanguage\":\"es\",\"@id\":\"https:\\\/\\\/secure.gravatar.com\\\/avatar\\\/4ce797ee07c943e7e592f8cd648e503e6cd571387558ed07135799c2bd2847df?s=96&d=mm&r=g\",\"url\":\"https:\\\/\\\/secure.gravatar.com\\\/avatar\\\/4ce797ee07c943e7e592f8cd648e503e6cd571387558ed07135799c2bd2847df?s=96&d=mm&r=g\",\"contentUrl\":\"https:\\\/\\\/secure.gravatar.com\\\/avatar\\\/4ce797ee07c943e7e592f8cd648e503e6cd571387558ed07135799c2bd2847df?s=96&d=mm&r=g\",\"caption\":\"ayun\"},\"sameAs\":[\"http:\\\/\\\/www.caudete.org\\\/ayuntamiento\"],\"url\":\"https:\\\/\\\/www.caudete.org\\\/ayuntamiento\\\/author\\\/ayun\\\/\"}]}<\/script>\n<!-- \/ Yoast SEO plugin. -->","yoast_head_json":{"title":"CaudeteEnEUROPA: finaliza el proyecto \"Erasmus CROSS\" - MI Ayuntamiento de Caudete","description":"P\u00e1gina Oficial del Ayuntamiento de Caudete (Albacete)","robots":{"index":"index","follow":"follow","max-snippet":"max-snippet:-1","max-image-preview":"max-image-preview:large","max-video-preview":"max-video-preview:-1"},"canonical":"https:\/\/www.caudete.org\/ayuntamiento\/finalizacion-del-proyecto-erasmus-cross\/","og_locale":"es_ES","og_type":"article","og_title":"CaudeteEnEUROPA: finaliza el proyecto \"Erasmus CROSS\" - MI Ayuntamiento de Caudete","og_description":"P\u00e1gina Oficial del Ayuntamiento de Caudete (Albacete)","og_url":"https:\/\/www.caudete.org\/ayuntamiento\/finalizacion-del-proyecto-erasmus-cross\/","og_site_name":"MI Ayuntamiento de Caudete","article_publisher":"https:\/\/www.facebook.com\/ayuntamientocaudete\/","article_published_time":"2022-07-29T09:36:39+00:00","article_modified_time":"2022-07-29T14:58:36+00:00","og_image":[{"width":1024,"height":768,"url":"https:\/\/www.caudete.org\/ayuntamiento\/wp-content\/uploads\/2022\/07\/CROSS.jpeg","type":"image\/jpeg"}],"author":"ayun","twitter_card":"summary_large_image","twitter_misc":{"Escrito por":"ayun","Tiempo de lectura":"4 minutos"},"schema":{"@context":"https:\/\/schema.org","@graph":[{"@type":"Article","@id":"https:\/\/www.caudete.org\/ayuntamiento\/finalizacion-del-proyecto-erasmus-cross\/#article","isPartOf":{"@id":"https:\/\/www.caudete.org\/ayuntamiento\/finalizacion-del-proyecto-erasmus-cross\/"},"author":{"name":"ayun","@id":"https:\/\/www.caudete.org\/ayuntamiento\/#\/schema\/person\/79f7e19fdd176fc2bc7a289013dc2056"},"headline":"CaudeteEnEUROPA: finaliza el proyecto &#8220;Erasmus CROSS&#8221;","datePublished":"2022-07-29T09:36:39+00:00","dateModified":"2022-07-29T14:58:36+00:00","mainEntityOfPage":{"@id":"https:\/\/www.caudete.org\/ayuntamiento\/finalizacion-del-proyecto-erasmus-cross\/"},"wordCount":757,"publisher":{"@id":"https:\/\/www.caudete.org\/ayuntamiento\/#organization"},"image":{"@id":"https:\/\/www.caudete.org\/ayuntamiento\/finalizacion-del-proyecto-erasmus-cross\/#primaryimage"},"thumbnailUrl":"https:\/\/www.caudete.org\/ayuntamiento\/wp-content\/uploads\/2022\/07\/CROSS.jpeg","articleSection":["Empleo y Formaci\u00f3n"],"inLanguage":"es"},{"@type":"WebPage","@id":"https:\/\/www.caudete.org\/ayuntamiento\/finalizacion-del-proyecto-erasmus-cross\/","url":"https:\/\/www.caudete.org\/ayuntamiento\/finalizacion-del-proyecto-erasmus-cross\/","name":"CaudeteEnEUROPA: finaliza el proyecto \"Erasmus CROSS\" - MI Ayuntamiento de Caudete","isPartOf":{"@id":"https:\/\/www.caudete.org\/ayuntamiento\/#website"},"primaryImageOfPage":{"@id":"https:\/\/www.caudete.org\/ayuntamiento\/finalizacion-del-proyecto-erasmus-cross\/#primaryimage"},"image":{"@id":"https:\/\/www.caudete.org\/ayuntamiento\/finalizacion-del-proyecto-erasmus-cross\/#primaryimage"},"thumbnailUrl":"https:\/\/www.caudete.org\/ayuntamiento\/wp-content\/uploads\/2022\/07\/CROSS.jpeg","datePublished":"2022-07-29T09:36:39+00:00","dateModified":"2022-07-29T14:58:36+00:00","description":"P\u00e1gina Oficial del Ayuntamiento de Caudete (Albacete)","breadcrumb":{"@id":"https:\/\/www.caudete.org\/ayuntamiento\/finalizacion-del-proyecto-erasmus-cross\/#breadcrumb"},"inLanguage":"es","potentialAction":[{"@type":"ReadAction","target":["https:\/\/www.caudete.org\/ayuntamiento\/finalizacion-del-proyecto-erasmus-cross\/"]}]},{"@type":"ImageObject","inLanguage":"es","@id":"https:\/\/www.caudete.org\/ayuntamiento\/finalizacion-del-proyecto-erasmus-cross\/#primaryimage","url":"https:\/\/www.caudete.org\/ayuntamiento\/wp-content\/uploads\/2022\/07\/CROSS.jpeg","contentUrl":"https:\/\/www.caudete.org\/ayuntamiento\/wp-content\/uploads\/2022\/07\/CROSS.jpeg","width":1024,"height":768},{"@type":"BreadcrumbList","@id":"https:\/\/www.caudete.org\/ayuntamiento\/finalizacion-del-proyecto-erasmus-cross\/#breadcrumb","itemListElement":[{"@type":"ListItem","position":1,"name":"Inicio","item":"https:\/\/www.caudete.org\/ayuntamiento\/"},{"@type":"ListItem","position":2,"name":"CaudeteEnEUROPA: finaliza el proyecto &#8220;Erasmus CROSS&#8221;"}]},{"@type":"WebSite","@id":"https:\/\/www.caudete.org\/ayuntamiento\/#website","url":"https:\/\/www.caudete.org\/ayuntamiento\/","name":"MI Ayuntamiento de Caudete","description":"P\u00e1gina Oficial del MI Ayuntamiento de Caudete","publisher":{"@id":"https:\/\/www.caudete.org\/ayuntamiento\/#organization"},"potentialAction":[{"@type":"SearchAction","target":{"@type":"EntryPoint","urlTemplate":"https:\/\/www.caudete.org\/ayuntamiento\/?s={search_term_string}"},"query-input":{"@type":"PropertyValueSpecification","valueRequired":true,"valueName":"search_term_string"}}],"inLanguage":"es"},{"@type":"Organization","@id":"https:\/\/www.caudete.org\/ayuntamiento\/#organization","name":"Ayuntamiento de Caudete","url":"https:\/\/www.caudete.org\/ayuntamiento\/","logo":{"@type":"ImageObject","inLanguage":"es","@id":"https:\/\/www.caudete.org\/ayuntamiento\/#\/schema\/logo\/image\/","url":"https:\/\/www.caudete.org\/ayuntamiento\/wp-content\/uploads\/2020\/11\/logo_ayuntamiento_caudete.jpg","contentUrl":"https:\/\/www.caudete.org\/ayuntamiento\/wp-content\/uploads\/2020\/11\/logo_ayuntamiento_caudete.jpg","width":600,"height":150,"caption":"Ayuntamiento de Caudete"},"image":{"@id":"https:\/\/www.caudete.org\/ayuntamiento\/#\/schema\/logo\/image\/"},"sameAs":["https:\/\/www.facebook.com\/ayuntamientocaudete\/","https:\/\/www.youtube.com\/channel\/UC6VztHaooNsGpw-tNoBEFnQ"]},{"@type":"Person","@id":"https:\/\/www.caudete.org\/ayuntamiento\/#\/schema\/person\/79f7e19fdd176fc2bc7a289013dc2056","name":"ayun","image":{"@type":"ImageObject","inLanguage":"es","@id":"https:\/\/secure.gravatar.com\/avatar\/4ce797ee07c943e7e592f8cd648e503e6cd571387558ed07135799c2bd2847df?s=96&d=mm&r=g","url":"https:\/\/secure.gravatar.com\/avatar\/4ce797ee07c943e7e592f8cd648e503e6cd571387558ed07135799c2bd2847df?s=96&d=mm&r=g","contentUrl":"https:\/\/secure.gravatar.com\/avatar\/4ce797ee07c943e7e592f8cd648e503e6cd571387558ed07135799c2bd2847df?s=96&d=mm&r=g","caption":"ayun"},"sameAs":["http:\/\/www.caudete.org\/ayuntamiento"],"url":"https:\/\/www.caudete.org\/ayuntamiento\/author\/ayun\/"}]}},"_links":{"self":[{"href":"https:\/\/www.caudete.org\/ayuntamiento\/wp-json\/wp\/v2\/posts\/19762","targetHints":{"allow":["GET"]}}],"collection":[{"href":"https:\/\/www.caudete.org\/ayuntamiento\/wp-json\/wp\/v2\/posts"}],"about":[{"href":"https:\/\/www.caudete.org\/ayuntamiento\/wp-json\/wp\/v2\/types\/post"}],"author":[{"embeddable":true,"href":"https:\/\/www.caudete.org\/ayuntamiento\/wp-json\/wp\/v2\/users\/1"}],"replies":[{"embeddable":true,"href":"https:\/\/www.caudete.org\/ayuntamiento\/wp-json\/wp\/v2\/comments?post=19762"}],"version-history":[{"count":3,"href":"https:\/\/www.caudete.org\/ayuntamiento\/wp-json\/wp\/v2\/posts\/19762\/revisions"}],"predecessor-version":[{"id":19765,"href":"https:\/\/www.caudete.org\/ayuntamiento\/wp-json\/wp\/v2\/posts\/19762\/revisions\/19765"}],"wp:featuredmedia":[{"embeddable":true,"href":"https:\/\/www.caudete.org\/ayuntamiento\/wp-json\/wp\/v2\/media\/19763"}],"wp:attachment":[{"href":"https:\/\/www.caudete.org\/ayuntamiento\/wp-json\/wp\/v2\/media?parent=19762"}],"wp:term":[{"taxonomy":"category","embeddable":true,"href":"https:\/\/www.caudete.org\/ayuntamiento\/wp-json\/wp\/v2\/categories?post=19762"},{"taxonomy":"post_tag","embeddable":true,"href":"https:\/\/www.caudete.org\/ayuntamiento\/wp-json\/wp\/v2\/tags?post=19762"}],"curies":[{"name":"wp","href":"https:\/\/api.w.org\/{rel}","templated":true}]}}