{"id":19767,"date":"2022-07-29T19:48:02","date_gmt":"2022-07-29T17:48:02","guid":{"rendered":"https:\/\/www.caudete.org\/ayuntamiento\/?p=19767"},"modified":"2022-07-31T19:12:10","modified_gmt":"2022-07-31T17:12:10","slug":"la-c-el-mercado-estara-cortada-al-trafico-los-fines-de-semana-hasta-despues-de-fiestas","status":"publish","type":"post","link":"https:\/\/www.caudete.org\/ayuntamiento\/la-c-el-mercado-estara-cortada-al-trafico-los-fines-de-semana-hasta-despues-de-fiestas\/","title":{"rendered":"La C\/EL MERCADO estar\u00e1 cortada al tr\u00e1fico los fines de semana hasta despu\u00e9s de Fiestas"},"content":{"rendered":"<p><a href=\"https:\/\/www.caudete.org\/ayuntamiento\/wp-content\/uploads\/2022\/07\/FB_IMG_1659110928201.jpg\" rel='prettyPhoto'><img fetchpriority=\"high\" decoding=\"async\" class=\"alignnone wp-image-19770 size-medium\" src=\"https:\/\/www.caudete.org\/ayuntamiento\/wp-content\/uploads\/2022\/07\/FB_IMG_1659110928201-300x225.jpg\" alt=\"\" width=\"300\" height=\"225\" srcset=\"https:\/\/www.caudete.org\/ayuntamiento\/wp-content\/uploads\/2022\/07\/FB_IMG_1659110928201-300x225.jpg 300w, https:\/\/www.caudete.org\/ayuntamiento\/wp-content\/uploads\/2022\/07\/FB_IMG_1659110928201.jpg 720w\" sizes=\"(max-width: 300px) 100vw, 300px\" \/><\/a><\/p>\n<p style=\"text-align: justify;\">En la pasada Junta de Gobierno Local del 1 de julio se dictamin\u00f3 favorable el corte del tr\u00e1fico de la&nbsp; C\/ El Mercado, aplicable durante la segunda quincena del mes de julio, agosto completo y primera quincena de septiembre.<\/p>\n<p style=\"text-align: justify;\">El horario de esta medida ser\u00e1 desde el viernes a las 14:00 horas hasta el domingo pasada la medianoche. El objeto no es otro que peatonalizar esta zona para mayor seguridad y disfrute de los vecinos de Caudete en esta \u00e9poca estival.<\/p>\n<p><a href=\"https:\/\/www.caudete.org\/ayuntamiento\/wp-content\/uploads\/2022\/07\/FB_IMG_1659110911009.jpg\" rel='prettyPhoto'><img decoding=\"async\" class=\"aligncenter wp-image-19769 size-medium\" src=\"https:\/\/www.caudete.org\/ayuntamiento\/wp-content\/uploads\/2022\/07\/FB_IMG_1659110911009-300x187.jpg\" alt=\"\" width=\"300\" height=\"187\" srcset=\"https:\/\/www.caudete.org\/ayuntamiento\/wp-content\/uploads\/2022\/07\/FB_IMG_1659110911009-300x187.jpg 300w, https:\/\/www.caudete.org\/ayuntamiento\/wp-content\/uploads\/2022\/07\/FB_IMG_1659110911009.jpg 720w\" sizes=\"(max-width: 300px) 100vw, 300px\" \/><\/a><\/p>\n<p style=\"text-align: justify;\">El acceso a las cocheras existentes en las C\/ El Mercado, Las Moreras y primer tramo de El Molino, durante el periodo descrito, se realizar\u00e1 desde la calle El Molino (por C\/Padre Fray El\u00edas Requena)&nbsp; en direcci\u00f3n contraria a la actual, exclusivamente para vecinos.<\/p>\n<p style=\"text-align: justify;\">Para ello, se ha se\u00f1alizado de forma adecuada, que permite el paso solo a los residentes de la zona, durante el horario del corte del tr\u00e1fico.<\/p>\n<p><a href=\"https:\/\/www.caudete.org\/ayuntamiento\/wp-content\/uploads\/2022\/07\/FB_IMG_1659110917317.jpg\" rel='prettyPhoto'><img decoding=\"async\" class=\"alignnone wp-image-19768 size-medium\" src=\"https:\/\/www.caudete.org\/ayuntamiento\/wp-content\/uploads\/2022\/07\/FB_IMG_1659110917317-300x225.jpg\" alt=\"\" width=\"300\" height=\"225\" srcset=\"https:\/\/www.caudete.org\/ayuntamiento\/wp-content\/uploads\/2022\/07\/FB_IMG_1659110917317-300x225.jpg 300w, https:\/\/www.caudete.org\/ayuntamiento\/wp-content\/uploads\/2022\/07\/FB_IMG_1659110917317.jpg 720w\" sizes=\"(max-width: 300px) 100vw, 300px\" \/><\/a><\/p>\n","protected":false},"excerpt":{"rendered":"<p>En la pasada Junta de Gobierno Local del 1 de julio se dictamin\u00f3 favorable el corte del tr\u00e1fico de la&nbsp; C\/ El Mercado, aplicable durante la segunda quincena del mes de julio, agosto completo y primera quincena de septiembre. El horario de esta medida ser\u00e1 desde el viernes a las 14:00 horas hasta el domingo &hellip;<\/p>\n","protected":false},"author":3,"featured_media":19769,"comment_status":"closed","ping_status":"open","sticky":false,"template":"","format":"standard","meta":{"ngg_post_thumbnail":0,"footnotes":""},"categories":[46],"tags":[],"class_list":["post-19767","post","type-post","status-publish","format-standard","has-post-thumbnail","hentry","category-movilidad-urbana"],"yoast_head":"<!-- This site is optimized with the Yoast SEO plugin v27.5 - https:\/\/yoast.com\/product\/yoast-seo-wordpress\/ -->\n<title>La C\/EL MERCADO estar\u00e1 cortada al tr\u00e1fico los fines de semana hasta despu\u00e9s de Fiestas - MI Ayuntamiento de Caudete<\/title>\n<meta name=\"description\" content=\"P\u00e1gina Oficial del Ayuntamiento de Caudete (Albacete)\" \/>\n<meta name=\"robots\" content=\"index, follow, max-snippet:-1, max-image-preview:large, max-video-preview:-1\" \/>\n<link rel=\"canonical\" href=\"https:\/\/www.caudete.org\/ayuntamiento\/la-c-el-mercado-estara-cortada-al-trafico-los-fines-de-semana-hasta-despues-de-fiestas\/\" \/>\n<meta property=\"og:locale\" content=\"es_ES\" \/>\n<meta property=\"og:type\" content=\"article\" \/>\n<meta property=\"og:title\" content=\"La C\/EL MERCADO estar\u00e1 cortada al tr\u00e1fico los fines de semana hasta despu\u00e9s de Fiestas - MI Ayuntamiento de Caudete\" \/>\n<meta property=\"og:description\" content=\"P\u00e1gina Oficial del Ayuntamiento de Caudete (Albacete)\" \/>\n<meta property=\"og:url\" content=\"https:\/\/www.caudete.org\/ayuntamiento\/la-c-el-mercado-estara-cortada-al-trafico-los-fines-de-semana-hasta-despues-de-fiestas\/\" \/>\n<meta property=\"og:site_name\" content=\"MI Ayuntamiento de Caudete\" \/>\n<meta property=\"article:publisher\" content=\"https:\/\/www.facebook.com\/ayuntamientocaudete\/\" \/>\n<meta property=\"article:published_time\" content=\"2022-07-29T17:48:02+00:00\" \/>\n<meta property=\"article:modified_time\" content=\"2022-07-31T17:12:10+00:00\" \/>\n<meta property=\"og:image\" content=\"https:\/\/www.caudete.org\/ayuntamiento\/wp-content\/uploads\/2022\/07\/FB_IMG_1659110911009.jpg\" \/>\n\t<meta property=\"og:image:width\" content=\"720\" \/>\n\t<meta property=\"og:image:height\" content=\"449\" \/>\n\t<meta property=\"og:image:type\" content=\"image\/jpeg\" \/>\n<meta name=\"author\" content=\"alcalde\" \/>\n<meta name=\"twitter:card\" content=\"summary_large_image\" \/>\n<meta name=\"twitter:label1\" content=\"Escrito por\" \/>\n\t<meta name=\"twitter:data1\" content=\"alcalde\" \/>\n\t<meta name=\"twitter:label2\" content=\"Tiempo de lectura\" \/>\n\t<meta name=\"twitter:data2\" content=\"2 minutos\" \/>\n<script type=\"application\/ld+json\" class=\"yoast-schema-graph\">{\"@context\":\"https:\\\/\\\/schema.org\",\"@graph\":[{\"@type\":\"Article\",\"@id\":\"https:\\\/\\\/www.caudete.org\\\/ayuntamiento\\\/la-c-el-mercado-estara-cortada-al-trafico-los-fines-de-semana-hasta-despues-de-fiestas\\\/#article\",\"isPartOf\":{\"@id\":\"https:\\\/\\\/www.caudete.org\\\/ayuntamiento\\\/la-c-el-mercado-estara-cortada-al-trafico-los-fines-de-semana-hasta-despues-de-fiestas\\\/\"},\"author\":{\"name\":\"alcalde\",\"@id\":\"https:\\\/\\\/www.caudete.org\\\/ayuntamiento\\\/#\\\/schema\\\/person\\\/cc646da9133078ee4d8dd47457947253\"},\"headline\":\"La C\\\/EL MERCADO estar\u00e1 cortada al tr\u00e1fico los fines de semana hasta despu\u00e9s de Fiestas\",\"datePublished\":\"2022-07-29T17:48:02+00:00\",\"dateModified\":\"2022-07-31T17:12:10+00:00\",\"mainEntityOfPage\":{\"@id\":\"https:\\\/\\\/www.caudete.org\\\/ayuntamiento\\\/la-c-el-mercado-estara-cortada-al-trafico-los-fines-de-semana-hasta-despues-de-fiestas\\\/\"},\"wordCount\":175,\"image\":{\"@id\":\"https:\\\/\\\/www.caudete.org\\\/ayuntamiento\\\/la-c-el-mercado-estara-cortada-al-trafico-los-fines-de-semana-hasta-despues-de-fiestas\\\/#primaryimage\"},\"thumbnailUrl\":\"https:\\\/\\\/www.caudete.org\\\/ayuntamiento\\\/wp-content\\\/uploads\\\/2022\\\/07\\\/FB_IMG_1659110911009.jpg\",\"articleSection\":[\"Movilidad Urbana\"],\"inLanguage\":\"es\"},{\"@type\":\"WebPage\",\"@id\":\"https:\\\/\\\/www.caudete.org\\\/ayuntamiento\\\/la-c-el-mercado-estara-cortada-al-trafico-los-fines-de-semana-hasta-despues-de-fiestas\\\/\",\"url\":\"https:\\\/\\\/www.caudete.org\\\/ayuntamiento\\\/la-c-el-mercado-estara-cortada-al-trafico-los-fines-de-semana-hasta-despues-de-fiestas\\\/\",\"name\":\"La C\\\/EL MERCADO estar\u00e1 cortada al tr\u00e1fico los fines de semana hasta despu\u00e9s de Fiestas - MI Ayuntamiento de Caudete\",\"isPartOf\":{\"@id\":\"https:\\\/\\\/www.caudete.org\\\/ayuntamiento\\\/#website\"},\"primaryImageOfPage\":{\"@id\":\"https:\\\/\\\/www.caudete.org\\\/ayuntamiento\\\/la-c-el-mercado-estara-cortada-al-trafico-los-fines-de-semana-hasta-despues-de-fiestas\\\/#primaryimage\"},\"image\":{\"@id\":\"https:\\\/\\\/www.caudete.org\\\/ayuntamiento\\\/la-c-el-mercado-estara-cortada-al-trafico-los-fines-de-semana-hasta-despues-de-fiestas\\\/#primaryimage\"},\"thumbnailUrl\":\"https:\\\/\\\/www.caudete.org\\\/ayuntamiento\\\/wp-content\\\/uploads\\\/2022\\\/07\\\/FB_IMG_1659110911009.jpg\",\"datePublished\":\"2022-07-29T17:48:02+00:00\",\"dateModified\":\"2022-07-31T17:12:10+00:00\",\"author\":{\"@id\":\"https:\\\/\\\/www.caudete.org\\\/ayuntamiento\\\/#\\\/schema\\\/person\\\/cc646da9133078ee4d8dd47457947253\"},\"description\":\"P\u00e1gina Oficial del Ayuntamiento de Caudete (Albacete)\",\"breadcrumb\":{\"@id\":\"https:\\\/\\\/www.caudete.org\\\/ayuntamiento\\\/la-c-el-mercado-estara-cortada-al-trafico-los-fines-de-semana-hasta-despues-de-fiestas\\\/#breadcrumb\"},\"inLanguage\":\"es\",\"potentialAction\":[{\"@type\":\"ReadAction\",\"target\":[\"https:\\\/\\\/www.caudete.org\\\/ayuntamiento\\\/la-c-el-mercado-estara-cortada-al-trafico-los-fines-de-semana-hasta-despues-de-fiestas\\\/\"]}]},{\"@type\":\"ImageObject\",\"inLanguage\":\"es\",\"@id\":\"https:\\\/\\\/www.caudete.org\\\/ayuntamiento\\\/la-c-el-mercado-estara-cortada-al-trafico-los-fines-de-semana-hasta-despues-de-fiestas\\\/#primaryimage\",\"url\":\"https:\\\/\\\/www.caudete.org\\\/ayuntamiento\\\/wp-content\\\/uploads\\\/2022\\\/07\\\/FB_IMG_1659110911009.jpg\",\"contentUrl\":\"https:\\\/\\\/www.caudete.org\\\/ayuntamiento\\\/wp-content\\\/uploads\\\/2022\\\/07\\\/FB_IMG_1659110911009.jpg\",\"width\":720,\"height\":449},{\"@type\":\"BreadcrumbList\",\"@id\":\"https:\\\/\\\/www.caudete.org\\\/ayuntamiento\\\/la-c-el-mercado-estara-cortada-al-trafico-los-fines-de-semana-hasta-despues-de-fiestas\\\/#breadcrumb\",\"itemListElement\":[{\"@type\":\"ListItem\",\"position\":1,\"name\":\"Inicio\",\"item\":\"https:\\\/\\\/www.caudete.org\\\/ayuntamiento\\\/\"},{\"@type\":\"ListItem\",\"position\":2,\"name\":\"La C\\\/EL MERCADO estar\u00e1 cortada al tr\u00e1fico los fines de semana hasta despu\u00e9s de Fiestas\"}]},{\"@type\":\"WebSite\",\"@id\":\"https:\\\/\\\/www.caudete.org\\\/ayuntamiento\\\/#website\",\"url\":\"https:\\\/\\\/www.caudete.org\\\/ayuntamiento\\\/\",\"name\":\"MI Ayuntamiento de Caudete\",\"description\":\"P\u00e1gina Oficial del MI Ayuntamiento de Caudete\",\"potentialAction\":[{\"@type\":\"SearchAction\",\"target\":{\"@type\":\"EntryPoint\",\"urlTemplate\":\"https:\\\/\\\/www.caudete.org\\\/ayuntamiento\\\/?s={search_term_string}\"},\"query-input\":{\"@type\":\"PropertyValueSpecification\",\"valueRequired\":true,\"valueName\":\"search_term_string\"}}],\"inLanguage\":\"es\"},{\"@type\":\"Person\",\"@id\":\"https:\\\/\\\/www.caudete.org\\\/ayuntamiento\\\/#\\\/schema\\\/person\\\/cc646da9133078ee4d8dd47457947253\",\"name\":\"alcalde\",\"image\":{\"@type\":\"ImageObject\",\"inLanguage\":\"es\",\"@id\":\"https:\\\/\\\/secure.gravatar.com\\\/avatar\\\/84a817ba065b29ff08d666b215a215f5c79186a645ccb25b14a663d48a130f77?s=96&d=mm&r=g\",\"url\":\"https:\\\/\\\/secure.gravatar.com\\\/avatar\\\/84a817ba065b29ff08d666b215a215f5c79186a645ccb25b14a663d48a130f77?s=96&d=mm&r=g\",\"contentUrl\":\"https:\\\/\\\/secure.gravatar.com\\\/avatar\\\/84a817ba065b29ff08d666b215a215f5c79186a645ccb25b14a663d48a130f77?s=96&d=mm&r=g\",\"caption\":\"alcalde\"},\"url\":\"https:\\\/\\\/www.caudete.org\\\/ayuntamiento\\\/author\\\/alcalde\\\/\"}]}<\/script>\n<!-- \/ Yoast SEO plugin. -->","yoast_head_json":{"title":"La C\/EL MERCADO estar\u00e1 cortada al tr\u00e1fico los fines de semana hasta despu\u00e9s de Fiestas - MI Ayuntamiento de Caudete","description":"P\u00e1gina Oficial del Ayuntamiento de Caudete (Albacete)","robots":{"index":"index","follow":"follow","max-snippet":"max-snippet:-1","max-image-preview":"max-image-preview:large","max-video-preview":"max-video-preview:-1"},"canonical":"https:\/\/www.caudete.org\/ayuntamiento\/la-c-el-mercado-estara-cortada-al-trafico-los-fines-de-semana-hasta-despues-de-fiestas\/","og_locale":"es_ES","og_type":"article","og_title":"La C\/EL MERCADO estar\u00e1 cortada al tr\u00e1fico los fines de semana hasta despu\u00e9s de Fiestas - MI Ayuntamiento de Caudete","og_description":"P\u00e1gina Oficial del Ayuntamiento de Caudete (Albacete)","og_url":"https:\/\/www.caudete.org\/ayuntamiento\/la-c-el-mercado-estara-cortada-al-trafico-los-fines-de-semana-hasta-despues-de-fiestas\/","og_site_name":"MI Ayuntamiento de Caudete","article_publisher":"https:\/\/www.facebook.com\/ayuntamientocaudete\/","article_published_time":"2022-07-29T17:48:02+00:00","article_modified_time":"2022-07-31T17:12:10+00:00","og_image":[{"width":720,"height":449,"url":"https:\/\/www.caudete.org\/ayuntamiento\/wp-content\/uploads\/2022\/07\/FB_IMG_1659110911009.jpg","type":"image\/jpeg"}],"author":"alcalde","twitter_card":"summary_large_image","twitter_misc":{"Escrito por":"alcalde","Tiempo de lectura":"2 minutos"},"schema":{"@context":"https:\/\/schema.org","@graph":[{"@type":"Article","@id":"https:\/\/www.caudete.org\/ayuntamiento\/la-c-el-mercado-estara-cortada-al-trafico-los-fines-de-semana-hasta-despues-de-fiestas\/#article","isPartOf":{"@id":"https:\/\/www.caudete.org\/ayuntamiento\/la-c-el-mercado-estara-cortada-al-trafico-los-fines-de-semana-hasta-despues-de-fiestas\/"},"author":{"name":"alcalde","@id":"https:\/\/www.caudete.org\/ayuntamiento\/#\/schema\/person\/cc646da9133078ee4d8dd47457947253"},"headline":"La C\/EL MERCADO estar\u00e1 cortada al tr\u00e1fico los fines de semana hasta despu\u00e9s de Fiestas","datePublished":"2022-07-29T17:48:02+00:00","dateModified":"2022-07-31T17:12:10+00:00","mainEntityOfPage":{"@id":"https:\/\/www.caudete.org\/ayuntamiento\/la-c-el-mercado-estara-cortada-al-trafico-los-fines-de-semana-hasta-despues-de-fiestas\/"},"wordCount":175,"image":{"@id":"https:\/\/www.caudete.org\/ayuntamiento\/la-c-el-mercado-estara-cortada-al-trafico-los-fines-de-semana-hasta-despues-de-fiestas\/#primaryimage"},"thumbnailUrl":"https:\/\/www.caudete.org\/ayuntamiento\/wp-content\/uploads\/2022\/07\/FB_IMG_1659110911009.jpg","articleSection":["Movilidad Urbana"],"inLanguage":"es"},{"@type":"WebPage","@id":"https:\/\/www.caudete.org\/ayuntamiento\/la-c-el-mercado-estara-cortada-al-trafico-los-fines-de-semana-hasta-despues-de-fiestas\/","url":"https:\/\/www.caudete.org\/ayuntamiento\/la-c-el-mercado-estara-cortada-al-trafico-los-fines-de-semana-hasta-despues-de-fiestas\/","name":"La C\/EL MERCADO estar\u00e1 cortada al tr\u00e1fico los fines de semana hasta despu\u00e9s de Fiestas - MI Ayuntamiento de Caudete","isPartOf":{"@id":"https:\/\/www.caudete.org\/ayuntamiento\/#website"},"primaryImageOfPage":{"@id":"https:\/\/www.caudete.org\/ayuntamiento\/la-c-el-mercado-estara-cortada-al-trafico-los-fines-de-semana-hasta-despues-de-fiestas\/#primaryimage"},"image":{"@id":"https:\/\/www.caudete.org\/ayuntamiento\/la-c-el-mercado-estara-cortada-al-trafico-los-fines-de-semana-hasta-despues-de-fiestas\/#primaryimage"},"thumbnailUrl":"https:\/\/www.caudete.org\/ayuntamiento\/wp-content\/uploads\/2022\/07\/FB_IMG_1659110911009.jpg","datePublished":"2022-07-29T17:48:02+00:00","dateModified":"2022-07-31T17:12:10+00:00","author":{"@id":"https:\/\/www.caudete.org\/ayuntamiento\/#\/schema\/person\/cc646da9133078ee4d8dd47457947253"},"description":"P\u00e1gina Oficial del Ayuntamiento de Caudete (Albacete)","breadcrumb":{"@id":"https:\/\/www.caudete.org\/ayuntamiento\/la-c-el-mercado-estara-cortada-al-trafico-los-fines-de-semana-hasta-despues-de-fiestas\/#breadcrumb"},"inLanguage":"es","potentialAction":[{"@type":"ReadAction","target":["https:\/\/www.caudete.org\/ayuntamiento\/la-c-el-mercado-estara-cortada-al-trafico-los-fines-de-semana-hasta-despues-de-fiestas\/"]}]},{"@type":"ImageObject","inLanguage":"es","@id":"https:\/\/www.caudete.org\/ayuntamiento\/la-c-el-mercado-estara-cortada-al-trafico-los-fines-de-semana-hasta-despues-de-fiestas\/#primaryimage","url":"https:\/\/www.caudete.org\/ayuntamiento\/wp-content\/uploads\/2022\/07\/FB_IMG_1659110911009.jpg","contentUrl":"https:\/\/www.caudete.org\/ayuntamiento\/wp-content\/uploads\/2022\/07\/FB_IMG_1659110911009.jpg","width":720,"height":449},{"@type":"BreadcrumbList","@id":"https:\/\/www.caudete.org\/ayuntamiento\/la-c-el-mercado-estara-cortada-al-trafico-los-fines-de-semana-hasta-despues-de-fiestas\/#breadcrumb","itemListElement":[{"@type":"ListItem","position":1,"name":"Inicio","item":"https:\/\/www.caudete.org\/ayuntamiento\/"},{"@type":"ListItem","position":2,"name":"La C\/EL MERCADO estar\u00e1 cortada al tr\u00e1fico los fines de semana hasta despu\u00e9s de Fiestas"}]},{"@type":"WebSite","@id":"https:\/\/www.caudete.org\/ayuntamiento\/#website","url":"https:\/\/www.caudete.org\/ayuntamiento\/","name":"MI Ayuntamiento de Caudete","description":"P\u00e1gina Oficial del MI Ayuntamiento de Caudete","potentialAction":[{"@type":"SearchAction","target":{"@type":"EntryPoint","urlTemplate":"https:\/\/www.caudete.org\/ayuntamiento\/?s={search_term_string}"},"query-input":{"@type":"PropertyValueSpecification","valueRequired":true,"valueName":"search_term_string"}}],"inLanguage":"es"},{"@type":"Person","@id":"https:\/\/www.caudete.org\/ayuntamiento\/#\/schema\/person\/cc646da9133078ee4d8dd47457947253","name":"alcalde","image":{"@type":"ImageObject","inLanguage":"es","@id":"https:\/\/secure.gravatar.com\/avatar\/84a817ba065b29ff08d666b215a215f5c79186a645ccb25b14a663d48a130f77?s=96&d=mm&r=g","url":"https:\/\/secure.gravatar.com\/avatar\/84a817ba065b29ff08d666b215a215f5c79186a645ccb25b14a663d48a130f77?s=96&d=mm&r=g","contentUrl":"https:\/\/secure.gravatar.com\/avatar\/84a817ba065b29ff08d666b215a215f5c79186a645ccb25b14a663d48a130f77?s=96&d=mm&r=g","caption":"alcalde"},"url":"https:\/\/www.caudete.org\/ayuntamiento\/author\/alcalde\/"}]}},"_links":{"self":[{"href":"https:\/\/www.caudete.org\/ayuntamiento\/wp-json\/wp\/v2\/posts\/19767","targetHints":{"allow":["GET"]}}],"collection":[{"href":"https:\/\/www.caudete.org\/ayuntamiento\/wp-json\/wp\/v2\/posts"}],"about":[{"href":"https:\/\/www.caudete.org\/ayuntamiento\/wp-json\/wp\/v2\/types\/post"}],"author":[{"embeddable":true,"href":"https:\/\/www.caudete.org\/ayuntamiento\/wp-json\/wp\/v2\/users\/3"}],"replies":[{"embeddable":true,"href":"https:\/\/www.caudete.org\/ayuntamiento\/wp-json\/wp\/v2\/comments?post=19767"}],"version-history":[{"count":2,"href":"https:\/\/www.caudete.org\/ayuntamiento\/wp-json\/wp\/v2\/posts\/19767\/revisions"}],"predecessor-version":[{"id":19773,"href":"https:\/\/www.caudete.org\/ayuntamiento\/wp-json\/wp\/v2\/posts\/19767\/revisions\/19773"}],"wp:featuredmedia":[{"embeddable":true,"href":"https:\/\/www.caudete.org\/ayuntamiento\/wp-json\/wp\/v2\/media\/19769"}],"wp:attachment":[{"href":"https:\/\/www.caudete.org\/ayuntamiento\/wp-json\/wp\/v2\/media?parent=19767"}],"wp:term":[{"taxonomy":"category","embeddable":true,"href":"https:\/\/www.caudete.org\/ayuntamiento\/wp-json\/wp\/v2\/categories?post=19767"},{"taxonomy":"post_tag","embeddable":true,"href":"https:\/\/www.caudete.org\/ayuntamiento\/wp-json\/wp\/v2\/tags?post=19767"}],"curies":[{"name":"wp","href":"https:\/\/api.w.org\/{rel}","templated":true}]}}