{"id":19790,"date":"2022-08-05T21:00:18","date_gmt":"2022-08-05T19:00:18","guid":{"rendered":"https:\/\/www.caudete.org\/ayuntamiento\/?p=19790"},"modified":"2022-08-05T21:01:45","modified_gmt":"2022-08-05T19:01:45","slug":"comienzan-las-obras-que-conectan-la-ciudad-deportiva-con-el-paraje-de-la-cruz","status":"publish","type":"post","link":"https:\/\/www.caudete.org\/ayuntamiento\/comienzan-las-obras-que-conectan-la-ciudad-deportiva-con-el-paraje-de-la-cruz\/","title":{"rendered":"Comienzan las obras que conectan la Ciudad Deportiva con el paraje de La Cruz"},"content":{"rendered":"<p style=\"text-align: justify;\">Desde ayer la empresa local HB Projects S.L. tiene el cometido municipal de realizar las obras encaminadas a conectar la Ciudad Deportiva &#8220;Antonio Amor\u00f3s&#8221; con el paraje de &#8220;La Cruz&#8221;, para lo que el proyecto se centra en eliminar parcialmente el vallado perimetral existente en esta zona, por un valor de adjudicaci\u00f3n de 36.663 \u20ac<\/p>\n<p style=\"text-align: justify;\">Tal y como expresaban en su visita a las obras el Alcalde Mois\u00e9s L\u00f3pez y la Concejal de Obras y Urbanismo Marian Ballester, la actuaci\u00f3n permitir\u00e1 ampliar notablemente esta zona tan frecuentada por todos los caudetanos, dando mayor uso y versatilidad, y no condicionando esa superficie y las instalaciones que se albergan en ella (como por ejemplo el parque de workout-calistenia) a que la Ciudad Deportiva est\u00e9 abierta o cerrada.<\/p>\n<p style=\"text-align: justify;\">Tambi\u00e9n incid\u00edan en que este proyecto formaba parte del programa electoral, por lo que es una obra programada que la pandemia hab\u00eda retrasado, y que su ejecuci\u00f3n pone de manifiesto el compromiso del Gobierno Municipal con los ciudadanos.<\/p>\n<p style=\"text-align: justify;\">Continuaban explicando que el proyecto consigue dar mayor visibilidad a las instalaciones que formando parte de la Ciudad Deportiva, pueden funcionar al margen de ella, como lo son el Bar &#8220;La Piscina&#8221; (con horario de apertura m\u00e1s all\u00e1 de la celebraci\u00f3n de eventos deportivos), el Albergue Juvenil o el espacio multifuncional &#8220;Lasala&#8221;.<\/p>\n<p style=\"text-align: justify;\">Dada la proximidad de las Fiestas Patronales, y teniendo en cuenta que ese punto alberga uno de los actos centrales de la fiesta, como lo es el Ruedo de Banderas y rueda de los Volantes del d\u00eda 7 de Septiembre, la obra se realizar\u00e1 en dos fases temporalmente hablando.<\/p>\n<p><img fetchpriority=\"high\" decoding=\"async\" class=\"size-medium wp-image-19794 aligncenter\" src=\"https:\/\/www.caudete.org\/ayuntamiento\/wp-content\/uploads\/2022\/08\/IMG_20220805_192219-300x225.jpg\" alt=\"\" width=\"300\" height=\"225\" srcset=\"https:\/\/www.caudete.org\/ayuntamiento\/wp-content\/uploads\/2022\/08\/IMG_20220805_192219-300x225.jpg 300w, https:\/\/www.caudete.org\/ayuntamiento\/wp-content\/uploads\/2022\/08\/IMG_20220805_192219-1024x768.jpg 1024w, https:\/\/www.caudete.org\/ayuntamiento\/wp-content\/uploads\/2022\/08\/IMG_20220805_192219-768x576.jpg 768w, https:\/\/www.caudete.org\/ayuntamiento\/wp-content\/uploads\/2022\/08\/IMG_20220805_192219-1536x1152.jpg 1536w, https:\/\/www.caudete.org\/ayuntamiento\/wp-content\/uploads\/2022\/08\/IMG_20220805_192219-2048x1536.jpg 2048w\" sizes=\"(max-width: 300px) 100vw, 300px\" \/><\/p>\n<p style=\"text-align: justify;\">En estos momentos y durante el mes de Agosto, los trabajos se centrar\u00e1n en el tramo de vallado recayente a Avenida Virgen de Gracia, mientras que una vez pasadas las fiestas patronales, se continuar\u00e1 por el tramo de Avenida de la Libertad.<\/p>\n<p style=\"text-align: justify;\">El debilitado y peligroso tramo de muro de bloque de hormig\u00f3n recayente al <em>Camino de La Virgen<\/em> (oficialmente Avenida Virgen de Gracia) junto a su alambrada met\u00e1lica ha sido ya eliminada, a la vez que las con\u00edferas que hac\u00edan de barrera vegetal. Se ha eliminado tambi\u00e9n el acceso existente con puerta corredera y el muro donde figuraba en acero el nombre de la Ciudad Deportiva. En esta fachada tan solo ha quedado el caset\u00f3n del cuadro el\u00e9ctrico, que ser\u00e1 movido del lugar para una mayor armon\u00eda del entorno, visibilidad y seguridad.<\/p>\n<p><img decoding=\"async\" class=\"size-medium wp-image-19795 aligncenter\" src=\"https:\/\/www.caudete.org\/ayuntamiento\/wp-content\/uploads\/2022\/08\/IMG_20220804_123004-300x225.jpg\" alt=\"\" width=\"300\" height=\"225\" srcset=\"https:\/\/www.caudete.org\/ayuntamiento\/wp-content\/uploads\/2022\/08\/IMG_20220804_123004-300x225.jpg 300w, https:\/\/www.caudete.org\/ayuntamiento\/wp-content\/uploads\/2022\/08\/IMG_20220804_123004-1024x768.jpg 1024w, https:\/\/www.caudete.org\/ayuntamiento\/wp-content\/uploads\/2022\/08\/IMG_20220804_123004-768x576.jpg 768w, https:\/\/www.caudete.org\/ayuntamiento\/wp-content\/uploads\/2022\/08\/IMG_20220804_123004-1536x1152.jpg 1536w, https:\/\/www.caudete.org\/ayuntamiento\/wp-content\/uploads\/2022\/08\/IMG_20220804_123004-2048x1536.jpg 2048w\" sizes=\"(max-width: 300px) 100vw, 300px\" \/><\/p>\n<p style=\"text-align: justify;\">En lugar de todo este muro, se generar\u00e1 una jardinera continua cortada por diferentes accesos para los peatones que se conectar\u00e1n de forma pavimentada con el C<em>amino de la Virgen<\/em> con la nueva explanada que se genera. Adem\u00e1s se aprovechar\u00e1 para encauzar mediante canalizaci\u00f3n oculta las aguas de lluvia hacia el parterre del propio camino, evitando as\u00ed que \u00e9stas entren a la explanada.<\/p>\n<p style=\"text-align: justify;\">El acceso principal de peatones y veh\u00edculos (autorizados) a la explanada, conectado al paraje de La Cruz, ser\u00e1 amplio y se ubicar\u00e1 en la zona donde el vallado hace quiebro, entre el Camino de La Virgen y la propia Avenida de la Libertad.<\/p>\n<p style=\"text-align: justify;\">En estos momentos, y mientras duren las obras, se ha realizado un acceso provisional para evitar que los usuarios de las instalaciones deportivas interfieran con la zona de trabajo.<\/p>\n<p><img decoding=\"async\" class=\"size-medium wp-image-19796 aligncenter\" src=\"https:\/\/www.caudete.org\/ayuntamiento\/wp-content\/uploads\/2022\/08\/IMG_20220805_192340-300x225.jpg\" alt=\"\" width=\"300\" height=\"225\" srcset=\"https:\/\/www.caudete.org\/ayuntamiento\/wp-content\/uploads\/2022\/08\/IMG_20220805_192340-300x225.jpg 300w, https:\/\/www.caudete.org\/ayuntamiento\/wp-content\/uploads\/2022\/08\/IMG_20220805_192340-1024x768.jpg 1024w, https:\/\/www.caudete.org\/ayuntamiento\/wp-content\/uploads\/2022\/08\/IMG_20220805_192340-768x576.jpg 768w, https:\/\/www.caudete.org\/ayuntamiento\/wp-content\/uploads\/2022\/08\/IMG_20220805_192340-1536x1152.jpg 1536w, https:\/\/www.caudete.org\/ayuntamiento\/wp-content\/uploads\/2022\/08\/IMG_20220805_192340-2048x1536.jpg 2048w\" sizes=\"(max-width: 300px) 100vw, 300px\" \/><\/p>\n<p style=\"text-align: justify;\">La segunda fase de las obras, a acometer pasadas las fiestas, dar\u00e1n continuidad a la eliminaci\u00f3n del vallado en el tramo recayente a la Avenida de La libertad, hasta el quiebro que hace con Calle La Toconera. A partir de este punto, el muro quedar\u00e1 intacto, no se eliminar\u00e1. Adem\u00e1s, el desnivel existente se librar\u00e1 con un talud de tierra que acoger\u00e1 vegetaci\u00f3n. realizando un acceso que lo conecte con &#8220;La Cruz&#8221;.<\/p>\n<p style=\"text-align: justify;\">Por \u00faltimo remarcaban que la vegetaci\u00f3n nueva que acoja la zona, se plantar\u00e1 cuando sea su \u00e9poca estacional para asegurar su perfecta adaptaci\u00f3n.<\/p>\n","protected":false},"excerpt":{"rendered":"<p>Desde ayer la empresa local HB Projects S.L. tiene el cometido municipal de realizar las obras encaminadas a conectar la Ciudad Deportiva &#8220;Antonio Amor\u00f3s&#8221; con el paraje de &#8220;La Cruz&#8221;, para lo que el proyecto se centra en eliminar parcialmente el vallado perimetral existente en esta zona, por un valor de adjudicaci\u00f3n de 36.663 \u20ac &hellip;<\/p>\n","protected":false},"author":3,"featured_media":19792,"comment_status":"closed","ping_status":"open","sticky":false,"template":"","format":"standard","meta":{"ngg_post_thumbnail":0,"footnotes":""},"categories":[92],"tags":[],"class_list":["post-19790","post","type-post","status-publish","format-standard","has-post-thumbnail","hentry","category-obras-y-urbanismo"],"yoast_head":"<!-- This site is optimized with the Yoast SEO plugin v27.5 - https:\/\/yoast.com\/product\/yoast-seo-wordpress\/ -->\n<title>Comienzan las obras que conectan la Ciudad Deportiva con el paraje de La Cruz - MI Ayuntamiento de Caudete<\/title>\n<meta name=\"description\" content=\"P\u00e1gina Oficial del Ayuntamiento de Caudete (Albacete)\" \/>\n<meta name=\"robots\" content=\"index, follow, max-snippet:-1, max-image-preview:large, max-video-preview:-1\" \/>\n<link rel=\"canonical\" href=\"https:\/\/www.caudete.org\/ayuntamiento\/comienzan-las-obras-que-conectan-la-ciudad-deportiva-con-el-paraje-de-la-cruz\/\" \/>\n<meta property=\"og:locale\" content=\"es_ES\" \/>\n<meta property=\"og:type\" content=\"article\" \/>\n<meta property=\"og:title\" content=\"Comienzan las obras que conectan la Ciudad Deportiva con el paraje de La Cruz - MI Ayuntamiento de Caudete\" \/>\n<meta property=\"og:description\" content=\"P\u00e1gina Oficial del Ayuntamiento de Caudete (Albacete)\" \/>\n<meta property=\"og:url\" content=\"https:\/\/www.caudete.org\/ayuntamiento\/comienzan-las-obras-que-conectan-la-ciudad-deportiva-con-el-paraje-de-la-cruz\/\" \/>\n<meta property=\"og:site_name\" content=\"MI Ayuntamiento de Caudete\" \/>\n<meta property=\"article:publisher\" content=\"https:\/\/www.facebook.com\/ayuntamientocaudete\/\" \/>\n<meta property=\"article:published_time\" content=\"2022-08-05T19:00:18+00:00\" \/>\n<meta property=\"article:modified_time\" content=\"2022-08-05T19:01:45+00:00\" \/>\n<meta property=\"og:image\" content=\"https:\/\/www.caudete.org\/ayuntamiento\/wp-content\/uploads\/2022\/08\/IMG_20220804_121440-scaled.jpg\" \/>\n\t<meta property=\"og:image:width\" content=\"2560\" \/>\n\t<meta property=\"og:image:height\" content=\"1920\" \/>\n\t<meta property=\"og:image:type\" content=\"image\/jpeg\" \/>\n<meta name=\"author\" content=\"alcalde\" \/>\n<meta name=\"twitter:card\" content=\"summary_large_image\" \/>\n<meta name=\"twitter:label1\" content=\"Escrito por\" \/>\n\t<meta name=\"twitter:data1\" content=\"alcalde\" \/>\n\t<meta name=\"twitter:label2\" content=\"Tiempo de lectura\" \/>\n\t<meta name=\"twitter:data2\" content=\"4 minutos\" \/>\n<script type=\"application\/ld+json\" class=\"yoast-schema-graph\">{\"@context\":\"https:\\\/\\\/schema.org\",\"@graph\":[{\"@type\":\"Article\",\"@id\":\"https:\\\/\\\/www.caudete.org\\\/ayuntamiento\\\/comienzan-las-obras-que-conectan-la-ciudad-deportiva-con-el-paraje-de-la-cruz\\\/#article\",\"isPartOf\":{\"@id\":\"https:\\\/\\\/www.caudete.org\\\/ayuntamiento\\\/comienzan-las-obras-que-conectan-la-ciudad-deportiva-con-el-paraje-de-la-cruz\\\/\"},\"author\":{\"name\":\"alcalde\",\"@id\":\"https:\\\/\\\/www.caudete.org\\\/ayuntamiento\\\/#\\\/schema\\\/person\\\/cc646da9133078ee4d8dd47457947253\"},\"headline\":\"Comienzan las obras que conectan la Ciudad Deportiva con el paraje de La Cruz\",\"datePublished\":\"2022-08-05T19:00:18+00:00\",\"dateModified\":\"2022-08-05T19:01:45+00:00\",\"mainEntityOfPage\":{\"@id\":\"https:\\\/\\\/www.caudete.org\\\/ayuntamiento\\\/comienzan-las-obras-que-conectan-la-ciudad-deportiva-con-el-paraje-de-la-cruz\\\/\"},\"wordCount\":670,\"image\":{\"@id\":\"https:\\\/\\\/www.caudete.org\\\/ayuntamiento\\\/comienzan-las-obras-que-conectan-la-ciudad-deportiva-con-el-paraje-de-la-cruz\\\/#primaryimage\"},\"thumbnailUrl\":\"https:\\\/\\\/www.caudete.org\\\/ayuntamiento\\\/wp-content\\\/uploads\\\/2022\\\/08\\\/IMG_20220804_121440-scaled.jpg\",\"articleSection\":[\"Obras y Urbanismo\"],\"inLanguage\":\"es\"},{\"@type\":\"WebPage\",\"@id\":\"https:\\\/\\\/www.caudete.org\\\/ayuntamiento\\\/comienzan-las-obras-que-conectan-la-ciudad-deportiva-con-el-paraje-de-la-cruz\\\/\",\"url\":\"https:\\\/\\\/www.caudete.org\\\/ayuntamiento\\\/comienzan-las-obras-que-conectan-la-ciudad-deportiva-con-el-paraje-de-la-cruz\\\/\",\"name\":\"Comienzan las obras que conectan la Ciudad Deportiva con el paraje de La Cruz - MI Ayuntamiento de Caudete\",\"isPartOf\":{\"@id\":\"https:\\\/\\\/www.caudete.org\\\/ayuntamiento\\\/#website\"},\"primaryImageOfPage\":{\"@id\":\"https:\\\/\\\/www.caudete.org\\\/ayuntamiento\\\/comienzan-las-obras-que-conectan-la-ciudad-deportiva-con-el-paraje-de-la-cruz\\\/#primaryimage\"},\"image\":{\"@id\":\"https:\\\/\\\/www.caudete.org\\\/ayuntamiento\\\/comienzan-las-obras-que-conectan-la-ciudad-deportiva-con-el-paraje-de-la-cruz\\\/#primaryimage\"},\"thumbnailUrl\":\"https:\\\/\\\/www.caudete.org\\\/ayuntamiento\\\/wp-content\\\/uploads\\\/2022\\\/08\\\/IMG_20220804_121440-scaled.jpg\",\"datePublished\":\"2022-08-05T19:00:18+00:00\",\"dateModified\":\"2022-08-05T19:01:45+00:00\",\"author\":{\"@id\":\"https:\\\/\\\/www.caudete.org\\\/ayuntamiento\\\/#\\\/schema\\\/person\\\/cc646da9133078ee4d8dd47457947253\"},\"description\":\"P\u00e1gina Oficial del Ayuntamiento de Caudete (Albacete)\",\"breadcrumb\":{\"@id\":\"https:\\\/\\\/www.caudete.org\\\/ayuntamiento\\\/comienzan-las-obras-que-conectan-la-ciudad-deportiva-con-el-paraje-de-la-cruz\\\/#breadcrumb\"},\"inLanguage\":\"es\",\"potentialAction\":[{\"@type\":\"ReadAction\",\"target\":[\"https:\\\/\\\/www.caudete.org\\\/ayuntamiento\\\/comienzan-las-obras-que-conectan-la-ciudad-deportiva-con-el-paraje-de-la-cruz\\\/\"]}]},{\"@type\":\"ImageObject\",\"inLanguage\":\"es\",\"@id\":\"https:\\\/\\\/www.caudete.org\\\/ayuntamiento\\\/comienzan-las-obras-que-conectan-la-ciudad-deportiva-con-el-paraje-de-la-cruz\\\/#primaryimage\",\"url\":\"https:\\\/\\\/www.caudete.org\\\/ayuntamiento\\\/wp-content\\\/uploads\\\/2022\\\/08\\\/IMG_20220804_121440-scaled.jpg\",\"contentUrl\":\"https:\\\/\\\/www.caudete.org\\\/ayuntamiento\\\/wp-content\\\/uploads\\\/2022\\\/08\\\/IMG_20220804_121440-scaled.jpg\",\"width\":2560,\"height\":1920},{\"@type\":\"BreadcrumbList\",\"@id\":\"https:\\\/\\\/www.caudete.org\\\/ayuntamiento\\\/comienzan-las-obras-que-conectan-la-ciudad-deportiva-con-el-paraje-de-la-cruz\\\/#breadcrumb\",\"itemListElement\":[{\"@type\":\"ListItem\",\"position\":1,\"name\":\"Inicio\",\"item\":\"https:\\\/\\\/www.caudete.org\\\/ayuntamiento\\\/\"},{\"@type\":\"ListItem\",\"position\":2,\"name\":\"Comienzan las obras que conectan la Ciudad Deportiva con el paraje de La Cruz\"}]},{\"@type\":\"WebSite\",\"@id\":\"https:\\\/\\\/www.caudete.org\\\/ayuntamiento\\\/#website\",\"url\":\"https:\\\/\\\/www.caudete.org\\\/ayuntamiento\\\/\",\"name\":\"MI Ayuntamiento de Caudete\",\"description\":\"P\u00e1gina Oficial del MI Ayuntamiento de Caudete\",\"potentialAction\":[{\"@type\":\"SearchAction\",\"target\":{\"@type\":\"EntryPoint\",\"urlTemplate\":\"https:\\\/\\\/www.caudete.org\\\/ayuntamiento\\\/?s={search_term_string}\"},\"query-input\":{\"@type\":\"PropertyValueSpecification\",\"valueRequired\":true,\"valueName\":\"search_term_string\"}}],\"inLanguage\":\"es\"},{\"@type\":\"Person\",\"@id\":\"https:\\\/\\\/www.caudete.org\\\/ayuntamiento\\\/#\\\/schema\\\/person\\\/cc646da9133078ee4d8dd47457947253\",\"name\":\"alcalde\",\"image\":{\"@type\":\"ImageObject\",\"inLanguage\":\"es\",\"@id\":\"https:\\\/\\\/secure.gravatar.com\\\/avatar\\\/84a817ba065b29ff08d666b215a215f5c79186a645ccb25b14a663d48a130f77?s=96&d=mm&r=g\",\"url\":\"https:\\\/\\\/secure.gravatar.com\\\/avatar\\\/84a817ba065b29ff08d666b215a215f5c79186a645ccb25b14a663d48a130f77?s=96&d=mm&r=g\",\"contentUrl\":\"https:\\\/\\\/secure.gravatar.com\\\/avatar\\\/84a817ba065b29ff08d666b215a215f5c79186a645ccb25b14a663d48a130f77?s=96&d=mm&r=g\",\"caption\":\"alcalde\"},\"url\":\"https:\\\/\\\/www.caudete.org\\\/ayuntamiento\\\/author\\\/alcalde\\\/\"}]}<\/script>\n<!-- \/ Yoast SEO plugin. -->","yoast_head_json":{"title":"Comienzan las obras que conectan la Ciudad Deportiva con el paraje de La Cruz - MI Ayuntamiento de Caudete","description":"P\u00e1gina Oficial del Ayuntamiento de Caudete (Albacete)","robots":{"index":"index","follow":"follow","max-snippet":"max-snippet:-1","max-image-preview":"max-image-preview:large","max-video-preview":"max-video-preview:-1"},"canonical":"https:\/\/www.caudete.org\/ayuntamiento\/comienzan-las-obras-que-conectan-la-ciudad-deportiva-con-el-paraje-de-la-cruz\/","og_locale":"es_ES","og_type":"article","og_title":"Comienzan las obras que conectan la Ciudad Deportiva con el paraje de La Cruz - MI Ayuntamiento de Caudete","og_description":"P\u00e1gina Oficial del Ayuntamiento de Caudete (Albacete)","og_url":"https:\/\/www.caudete.org\/ayuntamiento\/comienzan-las-obras-que-conectan-la-ciudad-deportiva-con-el-paraje-de-la-cruz\/","og_site_name":"MI Ayuntamiento de Caudete","article_publisher":"https:\/\/www.facebook.com\/ayuntamientocaudete\/","article_published_time":"2022-08-05T19:00:18+00:00","article_modified_time":"2022-08-05T19:01:45+00:00","og_image":[{"width":2560,"height":1920,"url":"https:\/\/www.caudete.org\/ayuntamiento\/wp-content\/uploads\/2022\/08\/IMG_20220804_121440-scaled.jpg","type":"image\/jpeg"}],"author":"alcalde","twitter_card":"summary_large_image","twitter_misc":{"Escrito por":"alcalde","Tiempo de lectura":"4 minutos"},"schema":{"@context":"https:\/\/schema.org","@graph":[{"@type":"Article","@id":"https:\/\/www.caudete.org\/ayuntamiento\/comienzan-las-obras-que-conectan-la-ciudad-deportiva-con-el-paraje-de-la-cruz\/#article","isPartOf":{"@id":"https:\/\/www.caudete.org\/ayuntamiento\/comienzan-las-obras-que-conectan-la-ciudad-deportiva-con-el-paraje-de-la-cruz\/"},"author":{"name":"alcalde","@id":"https:\/\/www.caudete.org\/ayuntamiento\/#\/schema\/person\/cc646da9133078ee4d8dd47457947253"},"headline":"Comienzan las obras que conectan la Ciudad Deportiva con el paraje de La Cruz","datePublished":"2022-08-05T19:00:18+00:00","dateModified":"2022-08-05T19:01:45+00:00","mainEntityOfPage":{"@id":"https:\/\/www.caudete.org\/ayuntamiento\/comienzan-las-obras-que-conectan-la-ciudad-deportiva-con-el-paraje-de-la-cruz\/"},"wordCount":670,"image":{"@id":"https:\/\/www.caudete.org\/ayuntamiento\/comienzan-las-obras-que-conectan-la-ciudad-deportiva-con-el-paraje-de-la-cruz\/#primaryimage"},"thumbnailUrl":"https:\/\/www.caudete.org\/ayuntamiento\/wp-content\/uploads\/2022\/08\/IMG_20220804_121440-scaled.jpg","articleSection":["Obras y Urbanismo"],"inLanguage":"es"},{"@type":"WebPage","@id":"https:\/\/www.caudete.org\/ayuntamiento\/comienzan-las-obras-que-conectan-la-ciudad-deportiva-con-el-paraje-de-la-cruz\/","url":"https:\/\/www.caudete.org\/ayuntamiento\/comienzan-las-obras-que-conectan-la-ciudad-deportiva-con-el-paraje-de-la-cruz\/","name":"Comienzan las obras que conectan la Ciudad Deportiva con el paraje de La Cruz - MI Ayuntamiento de Caudete","isPartOf":{"@id":"https:\/\/www.caudete.org\/ayuntamiento\/#website"},"primaryImageOfPage":{"@id":"https:\/\/www.caudete.org\/ayuntamiento\/comienzan-las-obras-que-conectan-la-ciudad-deportiva-con-el-paraje-de-la-cruz\/#primaryimage"},"image":{"@id":"https:\/\/www.caudete.org\/ayuntamiento\/comienzan-las-obras-que-conectan-la-ciudad-deportiva-con-el-paraje-de-la-cruz\/#primaryimage"},"thumbnailUrl":"https:\/\/www.caudete.org\/ayuntamiento\/wp-content\/uploads\/2022\/08\/IMG_20220804_121440-scaled.jpg","datePublished":"2022-08-05T19:00:18+00:00","dateModified":"2022-08-05T19:01:45+00:00","author":{"@id":"https:\/\/www.caudete.org\/ayuntamiento\/#\/schema\/person\/cc646da9133078ee4d8dd47457947253"},"description":"P\u00e1gina Oficial del Ayuntamiento de Caudete (Albacete)","breadcrumb":{"@id":"https:\/\/www.caudete.org\/ayuntamiento\/comienzan-las-obras-que-conectan-la-ciudad-deportiva-con-el-paraje-de-la-cruz\/#breadcrumb"},"inLanguage":"es","potentialAction":[{"@type":"ReadAction","target":["https:\/\/www.caudete.org\/ayuntamiento\/comienzan-las-obras-que-conectan-la-ciudad-deportiva-con-el-paraje-de-la-cruz\/"]}]},{"@type":"ImageObject","inLanguage":"es","@id":"https:\/\/www.caudete.org\/ayuntamiento\/comienzan-las-obras-que-conectan-la-ciudad-deportiva-con-el-paraje-de-la-cruz\/#primaryimage","url":"https:\/\/www.caudete.org\/ayuntamiento\/wp-content\/uploads\/2022\/08\/IMG_20220804_121440-scaled.jpg","contentUrl":"https:\/\/www.caudete.org\/ayuntamiento\/wp-content\/uploads\/2022\/08\/IMG_20220804_121440-scaled.jpg","width":2560,"height":1920},{"@type":"BreadcrumbList","@id":"https:\/\/www.caudete.org\/ayuntamiento\/comienzan-las-obras-que-conectan-la-ciudad-deportiva-con-el-paraje-de-la-cruz\/#breadcrumb","itemListElement":[{"@type":"ListItem","position":1,"name":"Inicio","item":"https:\/\/www.caudete.org\/ayuntamiento\/"},{"@type":"ListItem","position":2,"name":"Comienzan las obras que conectan la Ciudad Deportiva con el paraje de La Cruz"}]},{"@type":"WebSite","@id":"https:\/\/www.caudete.org\/ayuntamiento\/#website","url":"https:\/\/www.caudete.org\/ayuntamiento\/","name":"MI Ayuntamiento de Caudete","description":"P\u00e1gina Oficial del MI Ayuntamiento de Caudete","potentialAction":[{"@type":"SearchAction","target":{"@type":"EntryPoint","urlTemplate":"https:\/\/www.caudete.org\/ayuntamiento\/?s={search_term_string}"},"query-input":{"@type":"PropertyValueSpecification","valueRequired":true,"valueName":"search_term_string"}}],"inLanguage":"es"},{"@type":"Person","@id":"https:\/\/www.caudete.org\/ayuntamiento\/#\/schema\/person\/cc646da9133078ee4d8dd47457947253","name":"alcalde","image":{"@type":"ImageObject","inLanguage":"es","@id":"https:\/\/secure.gravatar.com\/avatar\/84a817ba065b29ff08d666b215a215f5c79186a645ccb25b14a663d48a130f77?s=96&d=mm&r=g","url":"https:\/\/secure.gravatar.com\/avatar\/84a817ba065b29ff08d666b215a215f5c79186a645ccb25b14a663d48a130f77?s=96&d=mm&r=g","contentUrl":"https:\/\/secure.gravatar.com\/avatar\/84a817ba065b29ff08d666b215a215f5c79186a645ccb25b14a663d48a130f77?s=96&d=mm&r=g","caption":"alcalde"},"url":"https:\/\/www.caudete.org\/ayuntamiento\/author\/alcalde\/"}]}},"_links":{"self":[{"href":"https:\/\/www.caudete.org\/ayuntamiento\/wp-json\/wp\/v2\/posts\/19790","targetHints":{"allow":["GET"]}}],"collection":[{"href":"https:\/\/www.caudete.org\/ayuntamiento\/wp-json\/wp\/v2\/posts"}],"about":[{"href":"https:\/\/www.caudete.org\/ayuntamiento\/wp-json\/wp\/v2\/types\/post"}],"author":[{"embeddable":true,"href":"https:\/\/www.caudete.org\/ayuntamiento\/wp-json\/wp\/v2\/users\/3"}],"replies":[{"embeddable":true,"href":"https:\/\/www.caudete.org\/ayuntamiento\/wp-json\/wp\/v2\/comments?post=19790"}],"version-history":[{"count":3,"href":"https:\/\/www.caudete.org\/ayuntamiento\/wp-json\/wp\/v2\/posts\/19790\/revisions"}],"predecessor-version":[{"id":19797,"href":"https:\/\/www.caudete.org\/ayuntamiento\/wp-json\/wp\/v2\/posts\/19790\/revisions\/19797"}],"wp:featuredmedia":[{"embeddable":true,"href":"https:\/\/www.caudete.org\/ayuntamiento\/wp-json\/wp\/v2\/media\/19792"}],"wp:attachment":[{"href":"https:\/\/www.caudete.org\/ayuntamiento\/wp-json\/wp\/v2\/media?parent=19790"}],"wp:term":[{"taxonomy":"category","embeddable":true,"href":"https:\/\/www.caudete.org\/ayuntamiento\/wp-json\/wp\/v2\/categories?post=19790"},{"taxonomy":"post_tag","embeddable":true,"href":"https:\/\/www.caudete.org\/ayuntamiento\/wp-json\/wp\/v2\/tags?post=19790"}],"curies":[{"name":"wp","href":"https:\/\/api.w.org\/{rel}","templated":true}]}}