{"id":19807,"date":"2022-08-09T20:07:40","date_gmt":"2022-08-09T18:07:40","guid":{"rendered":"https:\/\/www.caudete.org\/ayuntamiento\/?p=19807"},"modified":"2022-08-09T20:07:40","modified_gmt":"2022-08-09T18:07:40","slug":"el-colegio-gloria-fuertes-objeto-de-varias-mejoras-por-el-ayuntamiento","status":"publish","type":"post","link":"https:\/\/www.caudete.org\/ayuntamiento\/el-colegio-gloria-fuertes-objeto-de-varias-mejoras-por-el-ayuntamiento\/","title":{"rendered":"El Colegio GLORIA FUERTES, objeto de varias mejoras por el Ayuntamiento"},"content":{"rendered":"<p style=\"text-align: justify;\">La Concejal de Educaci\u00f3n Natalia Ba\u00f1\u00f3n manten\u00eda una reuni\u00f3n de trabajo con T\u00e9cnicos Municipales y Concejales de Obras y Medio Ambiente para revisar la programaci\u00f3n de acciones que sobre el Colegio Gloria Fuertes el Consistorio ha previsto realizar.<\/p>\n<p style=\"text-align: justify;\">Tal y como explicaba, las mejoras son fruto de las necesidades y peticiones que el Equipo Directivo ha trasladado al Ayuntamiento con el fin de mejorar las condiciones de habitabilidad del inmueble, as\u00ed como las condiciones para que los ni\u00f1os reciban la educaci\u00f3n en unas instalaciones con calidad.<\/p>\n<p>\u00a0<img fetchpriority=\"high\" decoding=\"async\" class=\"size-medium wp-image-19810 aligncenter\" src=\"https:\/\/www.caudete.org\/ayuntamiento\/wp-content\/uploads\/2022\/08\/vlcsnap-2022-08-06-16h41m34s229-300x169.png\" alt=\"\" width=\"300\" height=\"169\" srcset=\"https:\/\/www.caudete.org\/ayuntamiento\/wp-content\/uploads\/2022\/08\/vlcsnap-2022-08-06-16h41m34s229-300x169.png 300w, https:\/\/www.caudete.org\/ayuntamiento\/wp-content\/uploads\/2022\/08\/vlcsnap-2022-08-06-16h41m34s229-1024x576.png 1024w, https:\/\/www.caudete.org\/ayuntamiento\/wp-content\/uploads\/2022\/08\/vlcsnap-2022-08-06-16h41m34s229-768x432.png 768w, https:\/\/www.caudete.org\/ayuntamiento\/wp-content\/uploads\/2022\/08\/vlcsnap-2022-08-06-16h41m34s229-1536x864.png 1536w, https:\/\/www.caudete.org\/ayuntamiento\/wp-content\/uploads\/2022\/08\/vlcsnap-2022-08-06-16h41m34s229.png 1920w\" sizes=\"(max-width: 300px) 100vw, 300px\" \/><\/p>\n<p style=\"text-align: justify;\">En cuanto al edificio en si, se ha programado la sustituci\u00f3n de los toldos existentes en la fachada principal, el repaso de sanitarios en ba\u00f1os, y la eliminaci\u00f3n de dos peque\u00f1as filtraciones de la cubierta.<\/p>\n<p style=\"text-align: justify;\">En el exterior, se ha programado (y ejecutado en el d\u00eda de hoy) la eliminaci\u00f3n de dos grandes pinos que pon\u00edan en peligro la estabilidad del muro, acerado y pavimentado exterior de las calles circundantes (mayormente en Calle La Nieve y Calle El Molino). Estos ser\u00e1n sustituidos en invierno por \u00e1rboles que aporten sombra cuyas ra\u00edces no supongan riesgos futuros. Adem\u00e1s, se ha previsto realizar unas mejoras para evacuar las aguas pluviales en los patios y evitar as\u00ed encharcamientos.<\/p>\n<p><img decoding=\"async\" class=\"size-medium wp-image-19811 aligncenter\" src=\"https:\/\/www.caudete.org\/ayuntamiento\/wp-content\/uploads\/2022\/08\/vlcsnap-2022-08-06-16h42m19s153-300x169.png\" alt=\"\" width=\"300\" height=\"169\" srcset=\"https:\/\/www.caudete.org\/ayuntamiento\/wp-content\/uploads\/2022\/08\/vlcsnap-2022-08-06-16h42m19s153-300x169.png 300w, https:\/\/www.caudete.org\/ayuntamiento\/wp-content\/uploads\/2022\/08\/vlcsnap-2022-08-06-16h42m19s153-1024x576.png 1024w, https:\/\/www.caudete.org\/ayuntamiento\/wp-content\/uploads\/2022\/08\/vlcsnap-2022-08-06-16h42m19s153-768x432.png 768w, https:\/\/www.caudete.org\/ayuntamiento\/wp-content\/uploads\/2022\/08\/vlcsnap-2022-08-06-16h42m19s153-1536x864.png 1536w, https:\/\/www.caudete.org\/ayuntamiento\/wp-content\/uploads\/2022\/08\/vlcsnap-2022-08-06-16h42m19s153.png 1920w\" sizes=\"(max-width: 300px) 100vw, 300px\" \/><\/p>\n<p style=\"text-align: justify;\">Todas ellas se han programado para el periodo estival, donde los ni\u00f1os est\u00e1n de vacaciones y por tanto los trabajos se pueden realizar con mayor seguridad. No obstante, y puesto que la mayor\u00eda son realizadas por empresas externas al Ayuntamiento (mediante la celebraci\u00f3n de contrato de obra, servicio o suministro), las mismas pueden incluso alargarse a las primeras semanas del inicio del curso escolar.<\/p>\n<p style=\"text-align: justify;\">Natalia remarcaba que gracias a la dotaci\u00f3n presupuestaria extraordinaria de 42.000\u20ac sumados a los 10.000\u20ac iniciales destinados al mantenimiento e inversi\u00f3n de Centros Escolares, el Ayuntamiento ha podido atender en profundidad gran parte de las peticiones solicitadas, una cuesti\u00f3n que es de valorar y de la cual expresaba satisfacci\u00f3n.<\/p>\n<p><img decoding=\"async\" class=\"size-medium wp-image-19809 aligncenter\" src=\"https:\/\/www.caudete.org\/ayuntamiento\/wp-content\/uploads\/2022\/08\/vlcsnap-2022-08-06-16h41m27s161-300x169.png\" alt=\"\" width=\"300\" height=\"169\" srcset=\"https:\/\/www.caudete.org\/ayuntamiento\/wp-content\/uploads\/2022\/08\/vlcsnap-2022-08-06-16h41m27s161-300x169.png 300w, https:\/\/www.caudete.org\/ayuntamiento\/wp-content\/uploads\/2022\/08\/vlcsnap-2022-08-06-16h41m27s161-1024x576.png 1024w, https:\/\/www.caudete.org\/ayuntamiento\/wp-content\/uploads\/2022\/08\/vlcsnap-2022-08-06-16h41m27s161-768x432.png 768w, https:\/\/www.caudete.org\/ayuntamiento\/wp-content\/uploads\/2022\/08\/vlcsnap-2022-08-06-16h41m27s161-1536x864.png 1536w, https:\/\/www.caudete.org\/ayuntamiento\/wp-content\/uploads\/2022\/08\/vlcsnap-2022-08-06-16h41m27s161.png 1920w\" sizes=\"(max-width: 300px) 100vw, 300px\" \/><\/p>\n<p>&nbsp;<\/p>\n","protected":false},"excerpt":{"rendered":"<p>La Concejal de Educaci\u00f3n Natalia Ba\u00f1\u00f3n manten\u00eda una reuni\u00f3n de trabajo con T\u00e9cnicos Municipales y Concejales de Obras y Medio Ambiente para revisar la programaci\u00f3n de acciones que sobre el Colegio Gloria Fuertes el Consistorio ha previsto realizar. Tal y como explicaba, las mejoras son fruto de las necesidades y peticiones que el Equipo Directivo &hellip;<\/p>\n","protected":false},"author":3,"featured_media":19808,"comment_status":"closed","ping_status":"open","sticky":false,"template":"","format":"standard","meta":{"ngg_post_thumbnail":0,"footnotes":""},"categories":[25],"tags":[],"class_list":["post-19807","post","type-post","status-publish","format-standard","has-post-thumbnail","hentry","category-educacion"],"yoast_head":"<!-- This site is optimized with the Yoast SEO plugin v27.4 - https:\/\/yoast.com\/product\/yoast-seo-wordpress\/ -->\n<title>El Colegio GLORIA FUERTES, objeto de varias mejoras por el Ayuntamiento - MI Ayuntamiento de Caudete<\/title>\n<meta name=\"description\" content=\"P\u00e1gina Oficial del Ayuntamiento de Caudete (Albacete)\" \/>\n<meta name=\"robots\" content=\"index, follow, max-snippet:-1, max-image-preview:large, max-video-preview:-1\" \/>\n<link rel=\"canonical\" href=\"https:\/\/www.caudete.org\/ayuntamiento\/el-colegio-gloria-fuertes-objeto-de-varias-mejoras-por-el-ayuntamiento\/\" \/>\n<meta property=\"og:locale\" content=\"es_ES\" \/>\n<meta property=\"og:type\" content=\"article\" \/>\n<meta property=\"og:title\" content=\"El Colegio GLORIA FUERTES, objeto de varias mejoras por el Ayuntamiento - MI Ayuntamiento de Caudete\" \/>\n<meta property=\"og:description\" content=\"P\u00e1gina Oficial del Ayuntamiento de Caudete (Albacete)\" \/>\n<meta property=\"og:url\" content=\"https:\/\/www.caudete.org\/ayuntamiento\/el-colegio-gloria-fuertes-objeto-de-varias-mejoras-por-el-ayuntamiento\/\" \/>\n<meta property=\"og:site_name\" content=\"MI Ayuntamiento de Caudete\" \/>\n<meta property=\"article:publisher\" content=\"https:\/\/www.facebook.com\/ayuntamientocaudete\/\" \/>\n<meta property=\"article:published_time\" content=\"2022-08-09T18:07:40+00:00\" \/>\n<meta property=\"og:image\" content=\"https:\/\/www.caudete.org\/ayuntamiento\/wp-content\/uploads\/2022\/08\/vlcsnap-2022-08-06-16h41m58s140-1024x576.png\" \/>\n\t<meta property=\"og:image:width\" content=\"1024\" \/>\n\t<meta property=\"og:image:height\" content=\"576\" \/>\n\t<meta property=\"og:image:type\" content=\"image\/png\" \/>\n<meta name=\"author\" content=\"alcalde\" \/>\n<meta name=\"twitter:card\" content=\"summary_large_image\" \/>\n<meta name=\"twitter:label1\" content=\"Escrito por\" \/>\n\t<meta name=\"twitter:data1\" content=\"alcalde\" \/>\n\t<meta name=\"twitter:label2\" content=\"Tiempo de lectura\" \/>\n\t<meta name=\"twitter:data2\" content=\"3 minutos\" \/>\n<script type=\"application\/ld+json\" class=\"yoast-schema-graph\">{\"@context\":\"https:\\\/\\\/schema.org\",\"@graph\":[{\"@type\":\"Article\",\"@id\":\"https:\\\/\\\/www.caudete.org\\\/ayuntamiento\\\/el-colegio-gloria-fuertes-objeto-de-varias-mejoras-por-el-ayuntamiento\\\/#article\",\"isPartOf\":{\"@id\":\"https:\\\/\\\/www.caudete.org\\\/ayuntamiento\\\/el-colegio-gloria-fuertes-objeto-de-varias-mejoras-por-el-ayuntamiento\\\/\"},\"author\":{\"name\":\"alcalde\",\"@id\":\"https:\\\/\\\/www.caudete.org\\\/ayuntamiento\\\/#\\\/schema\\\/person\\\/cc646da9133078ee4d8dd47457947253\"},\"headline\":\"El Colegio GLORIA FUERTES, objeto de varias mejoras por el Ayuntamiento\",\"datePublished\":\"2022-08-09T18:07:40+00:00\",\"mainEntityOfPage\":{\"@id\":\"https:\\\/\\\/www.caudete.org\\\/ayuntamiento\\\/el-colegio-gloria-fuertes-objeto-de-varias-mejoras-por-el-ayuntamiento\\\/\"},\"wordCount\":349,\"publisher\":{\"@id\":\"https:\\\/\\\/www.caudete.org\\\/ayuntamiento\\\/#organization\"},\"image\":{\"@id\":\"https:\\\/\\\/www.caudete.org\\\/ayuntamiento\\\/el-colegio-gloria-fuertes-objeto-de-varias-mejoras-por-el-ayuntamiento\\\/#primaryimage\"},\"thumbnailUrl\":\"https:\\\/\\\/www.caudete.org\\\/ayuntamiento\\\/wp-content\\\/uploads\\\/2022\\\/08\\\/vlcsnap-2022-08-06-16h41m58s140.png\",\"articleSection\":[\"Educaci\u00f3n\"],\"inLanguage\":\"es\"},{\"@type\":\"WebPage\",\"@id\":\"https:\\\/\\\/www.caudete.org\\\/ayuntamiento\\\/el-colegio-gloria-fuertes-objeto-de-varias-mejoras-por-el-ayuntamiento\\\/\",\"url\":\"https:\\\/\\\/www.caudete.org\\\/ayuntamiento\\\/el-colegio-gloria-fuertes-objeto-de-varias-mejoras-por-el-ayuntamiento\\\/\",\"name\":\"El Colegio GLORIA FUERTES, objeto de varias mejoras por el Ayuntamiento - MI Ayuntamiento de Caudete\",\"isPartOf\":{\"@id\":\"https:\\\/\\\/www.caudete.org\\\/ayuntamiento\\\/#website\"},\"primaryImageOfPage\":{\"@id\":\"https:\\\/\\\/www.caudete.org\\\/ayuntamiento\\\/el-colegio-gloria-fuertes-objeto-de-varias-mejoras-por-el-ayuntamiento\\\/#primaryimage\"},\"image\":{\"@id\":\"https:\\\/\\\/www.caudete.org\\\/ayuntamiento\\\/el-colegio-gloria-fuertes-objeto-de-varias-mejoras-por-el-ayuntamiento\\\/#primaryimage\"},\"thumbnailUrl\":\"https:\\\/\\\/www.caudete.org\\\/ayuntamiento\\\/wp-content\\\/uploads\\\/2022\\\/08\\\/vlcsnap-2022-08-06-16h41m58s140.png\",\"datePublished\":\"2022-08-09T18:07:40+00:00\",\"description\":\"P\u00e1gina Oficial del Ayuntamiento de Caudete (Albacete)\",\"breadcrumb\":{\"@id\":\"https:\\\/\\\/www.caudete.org\\\/ayuntamiento\\\/el-colegio-gloria-fuertes-objeto-de-varias-mejoras-por-el-ayuntamiento\\\/#breadcrumb\"},\"inLanguage\":\"es\",\"potentialAction\":[{\"@type\":\"ReadAction\",\"target\":[\"https:\\\/\\\/www.caudete.org\\\/ayuntamiento\\\/el-colegio-gloria-fuertes-objeto-de-varias-mejoras-por-el-ayuntamiento\\\/\"]}]},{\"@type\":\"ImageObject\",\"inLanguage\":\"es\",\"@id\":\"https:\\\/\\\/www.caudete.org\\\/ayuntamiento\\\/el-colegio-gloria-fuertes-objeto-de-varias-mejoras-por-el-ayuntamiento\\\/#primaryimage\",\"url\":\"https:\\\/\\\/www.caudete.org\\\/ayuntamiento\\\/wp-content\\\/uploads\\\/2022\\\/08\\\/vlcsnap-2022-08-06-16h41m58s140.png\",\"contentUrl\":\"https:\\\/\\\/www.caudete.org\\\/ayuntamiento\\\/wp-content\\\/uploads\\\/2022\\\/08\\\/vlcsnap-2022-08-06-16h41m58s140.png\",\"width\":1920,\"height\":1080},{\"@type\":\"BreadcrumbList\",\"@id\":\"https:\\\/\\\/www.caudete.org\\\/ayuntamiento\\\/el-colegio-gloria-fuertes-objeto-de-varias-mejoras-por-el-ayuntamiento\\\/#breadcrumb\",\"itemListElement\":[{\"@type\":\"ListItem\",\"position\":1,\"name\":\"Inicio\",\"item\":\"https:\\\/\\\/www.caudete.org\\\/ayuntamiento\\\/\"},{\"@type\":\"ListItem\",\"position\":2,\"name\":\"El Colegio GLORIA FUERTES, objeto de varias mejoras por el Ayuntamiento\"}]},{\"@type\":\"WebSite\",\"@id\":\"https:\\\/\\\/www.caudete.org\\\/ayuntamiento\\\/#website\",\"url\":\"https:\\\/\\\/www.caudete.org\\\/ayuntamiento\\\/\",\"name\":\"MI Ayuntamiento de Caudete\",\"description\":\"P\u00e1gina Oficial del MI Ayuntamiento de Caudete\",\"publisher\":{\"@id\":\"https:\\\/\\\/www.caudete.org\\\/ayuntamiento\\\/#organization\"},\"potentialAction\":[{\"@type\":\"SearchAction\",\"target\":{\"@type\":\"EntryPoint\",\"urlTemplate\":\"https:\\\/\\\/www.caudete.org\\\/ayuntamiento\\\/?s={search_term_string}\"},\"query-input\":{\"@type\":\"PropertyValueSpecification\",\"valueRequired\":true,\"valueName\":\"search_term_string\"}}],\"inLanguage\":\"es\"},{\"@type\":\"Organization\",\"@id\":\"https:\\\/\\\/www.caudete.org\\\/ayuntamiento\\\/#organization\",\"name\":\"Ayuntamiento de Caudete\",\"url\":\"https:\\\/\\\/www.caudete.org\\\/ayuntamiento\\\/\",\"logo\":{\"@type\":\"ImageObject\",\"inLanguage\":\"es\",\"@id\":\"https:\\\/\\\/www.caudete.org\\\/ayuntamiento\\\/#\\\/schema\\\/logo\\\/image\\\/\",\"url\":\"https:\\\/\\\/www.caudete.org\\\/ayuntamiento\\\/wp-content\\\/uploads\\\/2020\\\/11\\\/logo_ayuntamiento_caudete.jpg\",\"contentUrl\":\"https:\\\/\\\/www.caudete.org\\\/ayuntamiento\\\/wp-content\\\/uploads\\\/2020\\\/11\\\/logo_ayuntamiento_caudete.jpg\",\"width\":600,\"height\":150,\"caption\":\"Ayuntamiento de Caudete\"},\"image\":{\"@id\":\"https:\\\/\\\/www.caudete.org\\\/ayuntamiento\\\/#\\\/schema\\\/logo\\\/image\\\/\"},\"sameAs\":[\"https:\\\/\\\/www.facebook.com\\\/ayuntamientocaudete\\\/\",\"https:\\\/\\\/www.youtube.com\\\/channel\\\/UC6VztHaooNsGpw-tNoBEFnQ\"]},{\"@type\":\"Person\",\"@id\":\"https:\\\/\\\/www.caudete.org\\\/ayuntamiento\\\/#\\\/schema\\\/person\\\/cc646da9133078ee4d8dd47457947253\",\"name\":\"alcalde\",\"image\":{\"@type\":\"ImageObject\",\"inLanguage\":\"es\",\"@id\":\"https:\\\/\\\/secure.gravatar.com\\\/avatar\\\/84a817ba065b29ff08d666b215a215f5c79186a645ccb25b14a663d48a130f77?s=96&d=mm&r=g\",\"url\":\"https:\\\/\\\/secure.gravatar.com\\\/avatar\\\/84a817ba065b29ff08d666b215a215f5c79186a645ccb25b14a663d48a130f77?s=96&d=mm&r=g\",\"contentUrl\":\"https:\\\/\\\/secure.gravatar.com\\\/avatar\\\/84a817ba065b29ff08d666b215a215f5c79186a645ccb25b14a663d48a130f77?s=96&d=mm&r=g\",\"caption\":\"alcalde\"},\"url\":\"https:\\\/\\\/www.caudete.org\\\/ayuntamiento\\\/author\\\/alcalde\\\/\"}]}<\/script>\n<!-- \/ Yoast SEO plugin. -->","yoast_head_json":{"title":"El Colegio GLORIA FUERTES, objeto de varias mejoras por el Ayuntamiento - MI Ayuntamiento de Caudete","description":"P\u00e1gina Oficial del Ayuntamiento de Caudete (Albacete)","robots":{"index":"index","follow":"follow","max-snippet":"max-snippet:-1","max-image-preview":"max-image-preview:large","max-video-preview":"max-video-preview:-1"},"canonical":"https:\/\/www.caudete.org\/ayuntamiento\/el-colegio-gloria-fuertes-objeto-de-varias-mejoras-por-el-ayuntamiento\/","og_locale":"es_ES","og_type":"article","og_title":"El Colegio GLORIA FUERTES, objeto de varias mejoras por el Ayuntamiento - MI Ayuntamiento de Caudete","og_description":"P\u00e1gina Oficial del Ayuntamiento de Caudete (Albacete)","og_url":"https:\/\/www.caudete.org\/ayuntamiento\/el-colegio-gloria-fuertes-objeto-de-varias-mejoras-por-el-ayuntamiento\/","og_site_name":"MI Ayuntamiento de Caudete","article_publisher":"https:\/\/www.facebook.com\/ayuntamientocaudete\/","article_published_time":"2022-08-09T18:07:40+00:00","og_image":[{"width":1024,"height":576,"url":"https:\/\/www.caudete.org\/ayuntamiento\/wp-content\/uploads\/2022\/08\/vlcsnap-2022-08-06-16h41m58s140-1024x576.png","type":"image\/png"}],"author":"alcalde","twitter_card":"summary_large_image","twitter_misc":{"Escrito por":"alcalde","Tiempo de lectura":"3 minutos"},"schema":{"@context":"https:\/\/schema.org","@graph":[{"@type":"Article","@id":"https:\/\/www.caudete.org\/ayuntamiento\/el-colegio-gloria-fuertes-objeto-de-varias-mejoras-por-el-ayuntamiento\/#article","isPartOf":{"@id":"https:\/\/www.caudete.org\/ayuntamiento\/el-colegio-gloria-fuertes-objeto-de-varias-mejoras-por-el-ayuntamiento\/"},"author":{"name":"alcalde","@id":"https:\/\/www.caudete.org\/ayuntamiento\/#\/schema\/person\/cc646da9133078ee4d8dd47457947253"},"headline":"El Colegio GLORIA FUERTES, objeto de varias mejoras por el Ayuntamiento","datePublished":"2022-08-09T18:07:40+00:00","mainEntityOfPage":{"@id":"https:\/\/www.caudete.org\/ayuntamiento\/el-colegio-gloria-fuertes-objeto-de-varias-mejoras-por-el-ayuntamiento\/"},"wordCount":349,"publisher":{"@id":"https:\/\/www.caudete.org\/ayuntamiento\/#organization"},"image":{"@id":"https:\/\/www.caudete.org\/ayuntamiento\/el-colegio-gloria-fuertes-objeto-de-varias-mejoras-por-el-ayuntamiento\/#primaryimage"},"thumbnailUrl":"https:\/\/www.caudete.org\/ayuntamiento\/wp-content\/uploads\/2022\/08\/vlcsnap-2022-08-06-16h41m58s140.png","articleSection":["Educaci\u00f3n"],"inLanguage":"es"},{"@type":"WebPage","@id":"https:\/\/www.caudete.org\/ayuntamiento\/el-colegio-gloria-fuertes-objeto-de-varias-mejoras-por-el-ayuntamiento\/","url":"https:\/\/www.caudete.org\/ayuntamiento\/el-colegio-gloria-fuertes-objeto-de-varias-mejoras-por-el-ayuntamiento\/","name":"El Colegio GLORIA FUERTES, objeto de varias mejoras por el Ayuntamiento - MI Ayuntamiento de Caudete","isPartOf":{"@id":"https:\/\/www.caudete.org\/ayuntamiento\/#website"},"primaryImageOfPage":{"@id":"https:\/\/www.caudete.org\/ayuntamiento\/el-colegio-gloria-fuertes-objeto-de-varias-mejoras-por-el-ayuntamiento\/#primaryimage"},"image":{"@id":"https:\/\/www.caudete.org\/ayuntamiento\/el-colegio-gloria-fuertes-objeto-de-varias-mejoras-por-el-ayuntamiento\/#primaryimage"},"thumbnailUrl":"https:\/\/www.caudete.org\/ayuntamiento\/wp-content\/uploads\/2022\/08\/vlcsnap-2022-08-06-16h41m58s140.png","datePublished":"2022-08-09T18:07:40+00:00","description":"P\u00e1gina Oficial del Ayuntamiento de Caudete (Albacete)","breadcrumb":{"@id":"https:\/\/www.caudete.org\/ayuntamiento\/el-colegio-gloria-fuertes-objeto-de-varias-mejoras-por-el-ayuntamiento\/#breadcrumb"},"inLanguage":"es","potentialAction":[{"@type":"ReadAction","target":["https:\/\/www.caudete.org\/ayuntamiento\/el-colegio-gloria-fuertes-objeto-de-varias-mejoras-por-el-ayuntamiento\/"]}]},{"@type":"ImageObject","inLanguage":"es","@id":"https:\/\/www.caudete.org\/ayuntamiento\/el-colegio-gloria-fuertes-objeto-de-varias-mejoras-por-el-ayuntamiento\/#primaryimage","url":"https:\/\/www.caudete.org\/ayuntamiento\/wp-content\/uploads\/2022\/08\/vlcsnap-2022-08-06-16h41m58s140.png","contentUrl":"https:\/\/www.caudete.org\/ayuntamiento\/wp-content\/uploads\/2022\/08\/vlcsnap-2022-08-06-16h41m58s140.png","width":1920,"height":1080},{"@type":"BreadcrumbList","@id":"https:\/\/www.caudete.org\/ayuntamiento\/el-colegio-gloria-fuertes-objeto-de-varias-mejoras-por-el-ayuntamiento\/#breadcrumb","itemListElement":[{"@type":"ListItem","position":1,"name":"Inicio","item":"https:\/\/www.caudete.org\/ayuntamiento\/"},{"@type":"ListItem","position":2,"name":"El Colegio GLORIA FUERTES, objeto de varias mejoras por el Ayuntamiento"}]},{"@type":"WebSite","@id":"https:\/\/www.caudete.org\/ayuntamiento\/#website","url":"https:\/\/www.caudete.org\/ayuntamiento\/","name":"MI Ayuntamiento de Caudete","description":"P\u00e1gina Oficial del MI Ayuntamiento de Caudete","publisher":{"@id":"https:\/\/www.caudete.org\/ayuntamiento\/#organization"},"potentialAction":[{"@type":"SearchAction","target":{"@type":"EntryPoint","urlTemplate":"https:\/\/www.caudete.org\/ayuntamiento\/?s={search_term_string}"},"query-input":{"@type":"PropertyValueSpecification","valueRequired":true,"valueName":"search_term_string"}}],"inLanguage":"es"},{"@type":"Organization","@id":"https:\/\/www.caudete.org\/ayuntamiento\/#organization","name":"Ayuntamiento de Caudete","url":"https:\/\/www.caudete.org\/ayuntamiento\/","logo":{"@type":"ImageObject","inLanguage":"es","@id":"https:\/\/www.caudete.org\/ayuntamiento\/#\/schema\/logo\/image\/","url":"https:\/\/www.caudete.org\/ayuntamiento\/wp-content\/uploads\/2020\/11\/logo_ayuntamiento_caudete.jpg","contentUrl":"https:\/\/www.caudete.org\/ayuntamiento\/wp-content\/uploads\/2020\/11\/logo_ayuntamiento_caudete.jpg","width":600,"height":150,"caption":"Ayuntamiento de Caudete"},"image":{"@id":"https:\/\/www.caudete.org\/ayuntamiento\/#\/schema\/logo\/image\/"},"sameAs":["https:\/\/www.facebook.com\/ayuntamientocaudete\/","https:\/\/www.youtube.com\/channel\/UC6VztHaooNsGpw-tNoBEFnQ"]},{"@type":"Person","@id":"https:\/\/www.caudete.org\/ayuntamiento\/#\/schema\/person\/cc646da9133078ee4d8dd47457947253","name":"alcalde","image":{"@type":"ImageObject","inLanguage":"es","@id":"https:\/\/secure.gravatar.com\/avatar\/84a817ba065b29ff08d666b215a215f5c79186a645ccb25b14a663d48a130f77?s=96&d=mm&r=g","url":"https:\/\/secure.gravatar.com\/avatar\/84a817ba065b29ff08d666b215a215f5c79186a645ccb25b14a663d48a130f77?s=96&d=mm&r=g","contentUrl":"https:\/\/secure.gravatar.com\/avatar\/84a817ba065b29ff08d666b215a215f5c79186a645ccb25b14a663d48a130f77?s=96&d=mm&r=g","caption":"alcalde"},"url":"https:\/\/www.caudete.org\/ayuntamiento\/author\/alcalde\/"}]}},"_links":{"self":[{"href":"https:\/\/www.caudete.org\/ayuntamiento\/wp-json\/wp\/v2\/posts\/19807","targetHints":{"allow":["GET"]}}],"collection":[{"href":"https:\/\/www.caudete.org\/ayuntamiento\/wp-json\/wp\/v2\/posts"}],"about":[{"href":"https:\/\/www.caudete.org\/ayuntamiento\/wp-json\/wp\/v2\/types\/post"}],"author":[{"embeddable":true,"href":"https:\/\/www.caudete.org\/ayuntamiento\/wp-json\/wp\/v2\/users\/3"}],"replies":[{"embeddable":true,"href":"https:\/\/www.caudete.org\/ayuntamiento\/wp-json\/wp\/v2\/comments?post=19807"}],"version-history":[{"count":1,"href":"https:\/\/www.caudete.org\/ayuntamiento\/wp-json\/wp\/v2\/posts\/19807\/revisions"}],"predecessor-version":[{"id":19812,"href":"https:\/\/www.caudete.org\/ayuntamiento\/wp-json\/wp\/v2\/posts\/19807\/revisions\/19812"}],"wp:featuredmedia":[{"embeddable":true,"href":"https:\/\/www.caudete.org\/ayuntamiento\/wp-json\/wp\/v2\/media\/19808"}],"wp:attachment":[{"href":"https:\/\/www.caudete.org\/ayuntamiento\/wp-json\/wp\/v2\/media?parent=19807"}],"wp:term":[{"taxonomy":"category","embeddable":true,"href":"https:\/\/www.caudete.org\/ayuntamiento\/wp-json\/wp\/v2\/categories?post=19807"},{"taxonomy":"post_tag","embeddable":true,"href":"https:\/\/www.caudete.org\/ayuntamiento\/wp-json\/wp\/v2\/tags?post=19807"}],"curies":[{"name":"wp","href":"https:\/\/api.w.org\/{rel}","templated":true}]}}