{"id":19818,"date":"2022-08-10T20:07:12","date_gmt":"2022-08-10T18:07:12","guid":{"rendered":"https:\/\/www.caudete.org\/ayuntamiento\/?p=19818"},"modified":"2022-08-10T20:16:08","modified_gmt":"2022-08-10T18:16:08","slug":"se-amplia-el-numero-de-papeleras-en-el-municipio-en-mas-de-una-veintena","status":"publish","type":"post","link":"https:\/\/www.caudete.org\/ayuntamiento\/se-amplia-el-numero-de-papeleras-en-el-municipio-en-mas-de-una-veintena\/","title":{"rendered":"Se ampl\u00eda el n\u00famero de papeleras en el municipio en m\u00e1s de una veintena"},"content":{"rendered":"<p style=\"text-align: justify;\"><span style=\"font-weight: 400;\">El Concejal de Medio Ambiente, Joaqu\u00edn Pag\u00e1n, ha informado de la nueva remesa de papeleras que se est\u00e1n instalando en el municipio, ampliando el n\u00famero de \u00e9stas, y a la vez sustituyendo o recuperando las que est\u00e1n en mal estado, con el objetivo de tener un pueblo limpio y dar respuesta a las peticiones de vecinos.<\/span><\/p>\n<p><img fetchpriority=\"high\" decoding=\"async\" class=\"alignnone size-medium wp-image-19823\" src=\"https:\/\/www.caudete.org\/ayuntamiento\/wp-content\/uploads\/2022\/08\/WhatsApp-Image-2022-08-08-at-08.13.09-300x216.jpeg\" alt=\"\" width=\"300\" height=\"216\" srcset=\"https:\/\/www.caudete.org\/ayuntamiento\/wp-content\/uploads\/2022\/08\/WhatsApp-Image-2022-08-08-at-08.13.09-300x216.jpeg 300w, https:\/\/www.caudete.org\/ayuntamiento\/wp-content\/uploads\/2022\/08\/WhatsApp-Image-2022-08-08-at-08.13.09-1024x736.jpeg 1024w, https:\/\/www.caudete.org\/ayuntamiento\/wp-content\/uploads\/2022\/08\/WhatsApp-Image-2022-08-08-at-08.13.09-768x552.jpeg 768w, https:\/\/www.caudete.org\/ayuntamiento\/wp-content\/uploads\/2022\/08\/WhatsApp-Image-2022-08-08-at-08.13.09.jpeg 1307w\" sizes=\"(max-width: 300px) 100vw, 300px\" \/> <img decoding=\"async\" class=\"alignnone size-medium wp-image-19822\" src=\"https:\/\/www.caudete.org\/ayuntamiento\/wp-content\/uploads\/2022\/08\/WhatsApp-Image-2022-08-08-at-08.13.38-300x215.jpeg\" alt=\"\" width=\"300\" height=\"215\" srcset=\"https:\/\/www.caudete.org\/ayuntamiento\/wp-content\/uploads\/2022\/08\/WhatsApp-Image-2022-08-08-at-08.13.38-300x215.jpeg 300w, https:\/\/www.caudete.org\/ayuntamiento\/wp-content\/uploads\/2022\/08\/WhatsApp-Image-2022-08-08-at-08.13.38-1024x733.jpeg 1024w, https:\/\/www.caudete.org\/ayuntamiento\/wp-content\/uploads\/2022\/08\/WhatsApp-Image-2022-08-08-at-08.13.38-768x550.jpeg 768w, https:\/\/www.caudete.org\/ayuntamiento\/wp-content\/uploads\/2022\/08\/WhatsApp-Image-2022-08-08-at-08.13.38.jpeg 1197w\" sizes=\"(max-width: 300px) 100vw, 300px\" \/> <img decoding=\"async\" class=\"alignnone size-medium wp-image-19820\" src=\"https:\/\/www.caudete.org\/ayuntamiento\/wp-content\/uploads\/2022\/08\/WhatsApp-Image-2022-08-08-at-08.15.27-300x219.jpeg\" alt=\"\" width=\"300\" height=\"219\" srcset=\"https:\/\/www.caudete.org\/ayuntamiento\/wp-content\/uploads\/2022\/08\/WhatsApp-Image-2022-08-08-at-08.15.27-300x219.jpeg 300w, https:\/\/www.caudete.org\/ayuntamiento\/wp-content\/uploads\/2022\/08\/WhatsApp-Image-2022-08-08-at-08.15.27-1024x748.jpeg 1024w, https:\/\/www.caudete.org\/ayuntamiento\/wp-content\/uploads\/2022\/08\/WhatsApp-Image-2022-08-08-at-08.15.27-768x561.jpeg 768w, https:\/\/www.caudete.org\/ayuntamiento\/wp-content\/uploads\/2022\/08\/WhatsApp-Image-2022-08-08-at-08.15.27.jpeg 1282w\" sizes=\"(max-width: 300px) 100vw, 300px\" \/><\/p>\n<p style=\"text-align: justify;\"><span style=\"font-weight: 400;\">Hasta la fecha detallaba que se <\/span><span style=\"font-weight: 400;\">han dispuesto papeleras en diferentes entornos donde hay gran afluencia de personas:<\/span><\/p>\n<ul style=\"text-align: justify;\">\n<li><span style=\"font-weight: 400;\">en el nuevo merendero de la Piscina de verano, reci\u00e9n estrenado, se han instalado 4 papeleras.<\/span><\/li>\n<li><span style=\"font-weight: 400;\">en la Plaza de la M\u00fasica, se ha dotado con 6 papeleras.<\/span><\/li>\n<li><span style=\"font-weight: 400;\">el Pol\u00edgono Industrial &#8220;Los Villares&#8221;, se han instalado 4 papeleras.<\/span><\/li>\n<li>en el Parque de la Urbanizaci\u00f3n &#8220;Episodios Caudetanos&#8221;, se han instalado 2 papeleras.<\/li>\n<\/ul>\n<p style=\"text-align: justify;\"><span style=\"font-weight: 400;\">Se han repuesto algunas que estaban rotas y colocado otras en nuevas ubicaciones singulares como el cruce de la C\/Maestro Serrano con C\/General Lassala, el inicio de C\/El Mercado, o la intersecci\u00f3n de C\/El Teatro con C\/Santa B\u00e1rbara.<\/span><\/p>\n<p><img loading=\"lazy\" decoding=\"async\" class=\"alignnone size-medium wp-image-19821\" src=\"https:\/\/www.caudete.org\/ayuntamiento\/wp-content\/uploads\/2022\/08\/WhatsApp-Image-2022-08-08-at-08.14.06-300x221.jpeg\" alt=\"\" width=\"300\" height=\"221\" srcset=\"https:\/\/www.caudete.org\/ayuntamiento\/wp-content\/uploads\/2022\/08\/WhatsApp-Image-2022-08-08-at-08.14.06-300x221.jpeg 300w, https:\/\/www.caudete.org\/ayuntamiento\/wp-content\/uploads\/2022\/08\/WhatsApp-Image-2022-08-08-at-08.14.06-1024x755.jpeg 1024w, https:\/\/www.caudete.org\/ayuntamiento\/wp-content\/uploads\/2022\/08\/WhatsApp-Image-2022-08-08-at-08.14.06-768x566.jpeg 768w, https:\/\/www.caudete.org\/ayuntamiento\/wp-content\/uploads\/2022\/08\/WhatsApp-Image-2022-08-08-at-08.14.06.jpeg 1282w\" sizes=\"(max-width: 300px) 100vw, 300px\" \/> <img loading=\"lazy\" decoding=\"async\" class=\"alignnone size-medium wp-image-19819\" src=\"https:\/\/www.caudete.org\/ayuntamiento\/wp-content\/uploads\/2022\/08\/WhatsApp-Image-2022-08-08-at-08.16.15-300x208.jpeg\" alt=\"\" width=\"300\" height=\"208\" srcset=\"https:\/\/www.caudete.org\/ayuntamiento\/wp-content\/uploads\/2022\/08\/WhatsApp-Image-2022-08-08-at-08.16.15-300x208.jpeg 300w, https:\/\/www.caudete.org\/ayuntamiento\/wp-content\/uploads\/2022\/08\/WhatsApp-Image-2022-08-08-at-08.16.15-1024x708.jpeg 1024w, https:\/\/www.caudete.org\/ayuntamiento\/wp-content\/uploads\/2022\/08\/WhatsApp-Image-2022-08-08-at-08.16.15-768x531.jpeg 768w, https:\/\/www.caudete.org\/ayuntamiento\/wp-content\/uploads\/2022\/08\/WhatsApp-Image-2022-08-08-at-08.16.15.jpeg 1320w\" sizes=\"(max-width: 300px) 100vw, 300px\" \/><\/p>\n<p style=\"text-align: justify;\"><span style=\"font-weight: 400;\">Adem\u00e1s, en el d\u00eda de hoy se han recibido 15 papeleras aportadas por la Excma. Diputaci\u00f3n Provincial de Albacete, las cuales vendr\u00e1n a instalarse en nuevos puntos demandados, o para sustituir deterioradas.<\/span><\/p>\n<p><img loading=\"lazy\" decoding=\"async\" class=\"size-medium wp-image-19824 aligncenter\" src=\"https:\/\/www.caudete.org\/ayuntamiento\/wp-content\/uploads\/2022\/08\/WhatsApp-Image-2022-08-10-at-13.41.38-169x300.jpeg\" alt=\"\" width=\"169\" height=\"300\" srcset=\"https:\/\/www.caudete.org\/ayuntamiento\/wp-content\/uploads\/2022\/08\/WhatsApp-Image-2022-08-10-at-13.41.38-169x300.jpeg 169w, https:\/\/www.caudete.org\/ayuntamiento\/wp-content\/uploads\/2022\/08\/WhatsApp-Image-2022-08-10-at-13.41.38-576x1024.jpeg 576w, https:\/\/www.caudete.org\/ayuntamiento\/wp-content\/uploads\/2022\/08\/WhatsApp-Image-2022-08-10-at-13.41.38-768x1365.jpeg 768w, https:\/\/www.caudete.org\/ayuntamiento\/wp-content\/uploads\/2022\/08\/WhatsApp-Image-2022-08-10-at-13.41.38-864x1536.jpeg 864w, https:\/\/www.caudete.org\/ayuntamiento\/wp-content\/uploads\/2022\/08\/WhatsApp-Image-2022-08-10-at-13.41.38.jpeg 1152w\" sizes=\"(max-width: 169px) 100vw, 169px\" \/><\/p>\n","protected":false},"excerpt":{"rendered":"<p>El Concejal de Medio Ambiente, Joaqu\u00edn Pag\u00e1n, ha informado de la nueva remesa de papeleras que se est\u00e1n instalando en el municipio, ampliando el n\u00famero de \u00e9stas, y a la vez sustituyendo o recuperando las que est\u00e1n en mal estado, con el objetivo de tener un pueblo limpio y dar respuesta a las peticiones de &hellip;<\/p>\n","protected":false},"author":3,"featured_media":19819,"comment_status":"closed","ping_status":"open","sticky":false,"template":"","format":"standard","meta":{"ngg_post_thumbnail":0,"footnotes":""},"categories":[29],"tags":[],"class_list":["post-19818","post","type-post","status-publish","format-standard","has-post-thumbnail","hentry","category-medio-ambiente"],"yoast_head":"<!-- This site is optimized with the Yoast SEO plugin v27.5 - https:\/\/yoast.com\/product\/yoast-seo-wordpress\/ -->\n<title>Se ampl\u00eda el n\u00famero de papeleras en el municipio en m\u00e1s de una veintena - MI Ayuntamiento de Caudete<\/title>\n<meta name=\"description\" content=\"P\u00e1gina Oficial del Ayuntamiento de Caudete (Albacete)\" \/>\n<meta name=\"robots\" content=\"index, follow, max-snippet:-1, max-image-preview:large, max-video-preview:-1\" \/>\n<link rel=\"canonical\" href=\"https:\/\/www.caudete.org\/ayuntamiento\/se-amplia-el-numero-de-papeleras-en-el-municipio-en-mas-de-una-veintena\/\" \/>\n<meta property=\"og:locale\" content=\"es_ES\" \/>\n<meta property=\"og:type\" content=\"article\" \/>\n<meta property=\"og:title\" content=\"Se ampl\u00eda el n\u00famero de papeleras en el municipio en m\u00e1s de una veintena - MI Ayuntamiento de Caudete\" \/>\n<meta property=\"og:description\" content=\"P\u00e1gina Oficial del Ayuntamiento de Caudete (Albacete)\" \/>\n<meta property=\"og:url\" content=\"https:\/\/www.caudete.org\/ayuntamiento\/se-amplia-el-numero-de-papeleras-en-el-municipio-en-mas-de-una-veintena\/\" \/>\n<meta property=\"og:site_name\" content=\"MI Ayuntamiento de Caudete\" \/>\n<meta property=\"article:publisher\" content=\"https:\/\/www.facebook.com\/ayuntamientocaudete\/\" \/>\n<meta property=\"article:published_time\" content=\"2022-08-10T18:07:12+00:00\" \/>\n<meta property=\"article:modified_time\" content=\"2022-08-10T18:16:08+00:00\" \/>\n<meta property=\"og:image\" content=\"https:\/\/www.caudete.org\/ayuntamiento\/wp-content\/uploads\/2022\/08\/WhatsApp-Image-2022-08-08-at-08.16.15.jpeg\" \/>\n\t<meta property=\"og:image:width\" content=\"1320\" \/>\n\t<meta property=\"og:image:height\" content=\"913\" \/>\n\t<meta property=\"og:image:type\" content=\"image\/jpeg\" \/>\n<meta name=\"author\" content=\"alcalde\" \/>\n<meta name=\"twitter:card\" content=\"summary_large_image\" \/>\n<meta name=\"twitter:label1\" content=\"Escrito por\" \/>\n\t<meta name=\"twitter:data1\" content=\"alcalde\" \/>\n\t<meta name=\"twitter:label2\" content=\"Tiempo de lectura\" \/>\n\t<meta name=\"twitter:data2\" content=\"3 minutos\" \/>\n<script type=\"application\/ld+json\" class=\"yoast-schema-graph\">{\"@context\":\"https:\\\/\\\/schema.org\",\"@graph\":[{\"@type\":\"Article\",\"@id\":\"https:\\\/\\\/www.caudete.org\\\/ayuntamiento\\\/se-amplia-el-numero-de-papeleras-en-el-municipio-en-mas-de-una-veintena\\\/#article\",\"isPartOf\":{\"@id\":\"https:\\\/\\\/www.caudete.org\\\/ayuntamiento\\\/se-amplia-el-numero-de-papeleras-en-el-municipio-en-mas-de-una-veintena\\\/\"},\"author\":{\"name\":\"alcalde\",\"@id\":\"https:\\\/\\\/www.caudete.org\\\/ayuntamiento\\\/#\\\/schema\\\/person\\\/cc646da9133078ee4d8dd47457947253\"},\"headline\":\"Se ampl\u00eda el n\u00famero de papeleras en el municipio en m\u00e1s de una veintena\",\"datePublished\":\"2022-08-10T18:07:12+00:00\",\"dateModified\":\"2022-08-10T18:16:08+00:00\",\"mainEntityOfPage\":{\"@id\":\"https:\\\/\\\/www.caudete.org\\\/ayuntamiento\\\/se-amplia-el-numero-de-papeleras-en-el-municipio-en-mas-de-una-veintena\\\/\"},\"wordCount\":227,\"image\":{\"@id\":\"https:\\\/\\\/www.caudete.org\\\/ayuntamiento\\\/se-amplia-el-numero-de-papeleras-en-el-municipio-en-mas-de-una-veintena\\\/#primaryimage\"},\"thumbnailUrl\":\"https:\\\/\\\/www.caudete.org\\\/ayuntamiento\\\/wp-content\\\/uploads\\\/2022\\\/08\\\/WhatsApp-Image-2022-08-08-at-08.16.15.jpeg\",\"articleSection\":[\"Medio Ambiente\"],\"inLanguage\":\"es\"},{\"@type\":\"WebPage\",\"@id\":\"https:\\\/\\\/www.caudete.org\\\/ayuntamiento\\\/se-amplia-el-numero-de-papeleras-en-el-municipio-en-mas-de-una-veintena\\\/\",\"url\":\"https:\\\/\\\/www.caudete.org\\\/ayuntamiento\\\/se-amplia-el-numero-de-papeleras-en-el-municipio-en-mas-de-una-veintena\\\/\",\"name\":\"Se ampl\u00eda el n\u00famero de papeleras en el municipio en m\u00e1s de una veintena - MI Ayuntamiento de Caudete\",\"isPartOf\":{\"@id\":\"https:\\\/\\\/www.caudete.org\\\/ayuntamiento\\\/#website\"},\"primaryImageOfPage\":{\"@id\":\"https:\\\/\\\/www.caudete.org\\\/ayuntamiento\\\/se-amplia-el-numero-de-papeleras-en-el-municipio-en-mas-de-una-veintena\\\/#primaryimage\"},\"image\":{\"@id\":\"https:\\\/\\\/www.caudete.org\\\/ayuntamiento\\\/se-amplia-el-numero-de-papeleras-en-el-municipio-en-mas-de-una-veintena\\\/#primaryimage\"},\"thumbnailUrl\":\"https:\\\/\\\/www.caudete.org\\\/ayuntamiento\\\/wp-content\\\/uploads\\\/2022\\\/08\\\/WhatsApp-Image-2022-08-08-at-08.16.15.jpeg\",\"datePublished\":\"2022-08-10T18:07:12+00:00\",\"dateModified\":\"2022-08-10T18:16:08+00:00\",\"author\":{\"@id\":\"https:\\\/\\\/www.caudete.org\\\/ayuntamiento\\\/#\\\/schema\\\/person\\\/cc646da9133078ee4d8dd47457947253\"},\"description\":\"P\u00e1gina Oficial del Ayuntamiento de Caudete (Albacete)\",\"breadcrumb\":{\"@id\":\"https:\\\/\\\/www.caudete.org\\\/ayuntamiento\\\/se-amplia-el-numero-de-papeleras-en-el-municipio-en-mas-de-una-veintena\\\/#breadcrumb\"},\"inLanguage\":\"es\",\"potentialAction\":[{\"@type\":\"ReadAction\",\"target\":[\"https:\\\/\\\/www.caudete.org\\\/ayuntamiento\\\/se-amplia-el-numero-de-papeleras-en-el-municipio-en-mas-de-una-veintena\\\/\"]}]},{\"@type\":\"ImageObject\",\"inLanguage\":\"es\",\"@id\":\"https:\\\/\\\/www.caudete.org\\\/ayuntamiento\\\/se-amplia-el-numero-de-papeleras-en-el-municipio-en-mas-de-una-veintena\\\/#primaryimage\",\"url\":\"https:\\\/\\\/www.caudete.org\\\/ayuntamiento\\\/wp-content\\\/uploads\\\/2022\\\/08\\\/WhatsApp-Image-2022-08-08-at-08.16.15.jpeg\",\"contentUrl\":\"https:\\\/\\\/www.caudete.org\\\/ayuntamiento\\\/wp-content\\\/uploads\\\/2022\\\/08\\\/WhatsApp-Image-2022-08-08-at-08.16.15.jpeg\",\"width\":1320,\"height\":913},{\"@type\":\"BreadcrumbList\",\"@id\":\"https:\\\/\\\/www.caudete.org\\\/ayuntamiento\\\/se-amplia-el-numero-de-papeleras-en-el-municipio-en-mas-de-una-veintena\\\/#breadcrumb\",\"itemListElement\":[{\"@type\":\"ListItem\",\"position\":1,\"name\":\"Inicio\",\"item\":\"https:\\\/\\\/www.caudete.org\\\/ayuntamiento\\\/\"},{\"@type\":\"ListItem\",\"position\":2,\"name\":\"Se ampl\u00eda el n\u00famero de papeleras en el municipio en m\u00e1s de una veintena\"}]},{\"@type\":\"WebSite\",\"@id\":\"https:\\\/\\\/www.caudete.org\\\/ayuntamiento\\\/#website\",\"url\":\"https:\\\/\\\/www.caudete.org\\\/ayuntamiento\\\/\",\"name\":\"MI Ayuntamiento de Caudete\",\"description\":\"P\u00e1gina Oficial del MI Ayuntamiento de Caudete\",\"potentialAction\":[{\"@type\":\"SearchAction\",\"target\":{\"@type\":\"EntryPoint\",\"urlTemplate\":\"https:\\\/\\\/www.caudete.org\\\/ayuntamiento\\\/?s={search_term_string}\"},\"query-input\":{\"@type\":\"PropertyValueSpecification\",\"valueRequired\":true,\"valueName\":\"search_term_string\"}}],\"inLanguage\":\"es\"},{\"@type\":\"Person\",\"@id\":\"https:\\\/\\\/www.caudete.org\\\/ayuntamiento\\\/#\\\/schema\\\/person\\\/cc646da9133078ee4d8dd47457947253\",\"name\":\"alcalde\",\"image\":{\"@type\":\"ImageObject\",\"inLanguage\":\"es\",\"@id\":\"https:\\\/\\\/secure.gravatar.com\\\/avatar\\\/84a817ba065b29ff08d666b215a215f5c79186a645ccb25b14a663d48a130f77?s=96&d=mm&r=g\",\"url\":\"https:\\\/\\\/secure.gravatar.com\\\/avatar\\\/84a817ba065b29ff08d666b215a215f5c79186a645ccb25b14a663d48a130f77?s=96&d=mm&r=g\",\"contentUrl\":\"https:\\\/\\\/secure.gravatar.com\\\/avatar\\\/84a817ba065b29ff08d666b215a215f5c79186a645ccb25b14a663d48a130f77?s=96&d=mm&r=g\",\"caption\":\"alcalde\"},\"url\":\"https:\\\/\\\/www.caudete.org\\\/ayuntamiento\\\/author\\\/alcalde\\\/\"}]}<\/script>\n<!-- \/ Yoast SEO plugin. -->","yoast_head_json":{"title":"Se ampl\u00eda el n\u00famero de papeleras en el municipio en m\u00e1s de una veintena - MI Ayuntamiento de Caudete","description":"P\u00e1gina Oficial del Ayuntamiento de Caudete (Albacete)","robots":{"index":"index","follow":"follow","max-snippet":"max-snippet:-1","max-image-preview":"max-image-preview:large","max-video-preview":"max-video-preview:-1"},"canonical":"https:\/\/www.caudete.org\/ayuntamiento\/se-amplia-el-numero-de-papeleras-en-el-municipio-en-mas-de-una-veintena\/","og_locale":"es_ES","og_type":"article","og_title":"Se ampl\u00eda el n\u00famero de papeleras en el municipio en m\u00e1s de una veintena - MI Ayuntamiento de Caudete","og_description":"P\u00e1gina Oficial del Ayuntamiento de Caudete (Albacete)","og_url":"https:\/\/www.caudete.org\/ayuntamiento\/se-amplia-el-numero-de-papeleras-en-el-municipio-en-mas-de-una-veintena\/","og_site_name":"MI Ayuntamiento de Caudete","article_publisher":"https:\/\/www.facebook.com\/ayuntamientocaudete\/","article_published_time":"2022-08-10T18:07:12+00:00","article_modified_time":"2022-08-10T18:16:08+00:00","og_image":[{"width":1320,"height":913,"url":"https:\/\/www.caudete.org\/ayuntamiento\/wp-content\/uploads\/2022\/08\/WhatsApp-Image-2022-08-08-at-08.16.15.jpeg","type":"image\/jpeg"}],"author":"alcalde","twitter_card":"summary_large_image","twitter_misc":{"Escrito por":"alcalde","Tiempo de lectura":"3 minutos"},"schema":{"@context":"https:\/\/schema.org","@graph":[{"@type":"Article","@id":"https:\/\/www.caudete.org\/ayuntamiento\/se-amplia-el-numero-de-papeleras-en-el-municipio-en-mas-de-una-veintena\/#article","isPartOf":{"@id":"https:\/\/www.caudete.org\/ayuntamiento\/se-amplia-el-numero-de-papeleras-en-el-municipio-en-mas-de-una-veintena\/"},"author":{"name":"alcalde","@id":"https:\/\/www.caudete.org\/ayuntamiento\/#\/schema\/person\/cc646da9133078ee4d8dd47457947253"},"headline":"Se ampl\u00eda el n\u00famero de papeleras en el municipio en m\u00e1s de una veintena","datePublished":"2022-08-10T18:07:12+00:00","dateModified":"2022-08-10T18:16:08+00:00","mainEntityOfPage":{"@id":"https:\/\/www.caudete.org\/ayuntamiento\/se-amplia-el-numero-de-papeleras-en-el-municipio-en-mas-de-una-veintena\/"},"wordCount":227,"image":{"@id":"https:\/\/www.caudete.org\/ayuntamiento\/se-amplia-el-numero-de-papeleras-en-el-municipio-en-mas-de-una-veintena\/#primaryimage"},"thumbnailUrl":"https:\/\/www.caudete.org\/ayuntamiento\/wp-content\/uploads\/2022\/08\/WhatsApp-Image-2022-08-08-at-08.16.15.jpeg","articleSection":["Medio Ambiente"],"inLanguage":"es"},{"@type":"WebPage","@id":"https:\/\/www.caudete.org\/ayuntamiento\/se-amplia-el-numero-de-papeleras-en-el-municipio-en-mas-de-una-veintena\/","url":"https:\/\/www.caudete.org\/ayuntamiento\/se-amplia-el-numero-de-papeleras-en-el-municipio-en-mas-de-una-veintena\/","name":"Se ampl\u00eda el n\u00famero de papeleras en el municipio en m\u00e1s de una veintena - MI Ayuntamiento de Caudete","isPartOf":{"@id":"https:\/\/www.caudete.org\/ayuntamiento\/#website"},"primaryImageOfPage":{"@id":"https:\/\/www.caudete.org\/ayuntamiento\/se-amplia-el-numero-de-papeleras-en-el-municipio-en-mas-de-una-veintena\/#primaryimage"},"image":{"@id":"https:\/\/www.caudete.org\/ayuntamiento\/se-amplia-el-numero-de-papeleras-en-el-municipio-en-mas-de-una-veintena\/#primaryimage"},"thumbnailUrl":"https:\/\/www.caudete.org\/ayuntamiento\/wp-content\/uploads\/2022\/08\/WhatsApp-Image-2022-08-08-at-08.16.15.jpeg","datePublished":"2022-08-10T18:07:12+00:00","dateModified":"2022-08-10T18:16:08+00:00","author":{"@id":"https:\/\/www.caudete.org\/ayuntamiento\/#\/schema\/person\/cc646da9133078ee4d8dd47457947253"},"description":"P\u00e1gina Oficial del Ayuntamiento de Caudete (Albacete)","breadcrumb":{"@id":"https:\/\/www.caudete.org\/ayuntamiento\/se-amplia-el-numero-de-papeleras-en-el-municipio-en-mas-de-una-veintena\/#breadcrumb"},"inLanguage":"es","potentialAction":[{"@type":"ReadAction","target":["https:\/\/www.caudete.org\/ayuntamiento\/se-amplia-el-numero-de-papeleras-en-el-municipio-en-mas-de-una-veintena\/"]}]},{"@type":"ImageObject","inLanguage":"es","@id":"https:\/\/www.caudete.org\/ayuntamiento\/se-amplia-el-numero-de-papeleras-en-el-municipio-en-mas-de-una-veintena\/#primaryimage","url":"https:\/\/www.caudete.org\/ayuntamiento\/wp-content\/uploads\/2022\/08\/WhatsApp-Image-2022-08-08-at-08.16.15.jpeg","contentUrl":"https:\/\/www.caudete.org\/ayuntamiento\/wp-content\/uploads\/2022\/08\/WhatsApp-Image-2022-08-08-at-08.16.15.jpeg","width":1320,"height":913},{"@type":"BreadcrumbList","@id":"https:\/\/www.caudete.org\/ayuntamiento\/se-amplia-el-numero-de-papeleras-en-el-municipio-en-mas-de-una-veintena\/#breadcrumb","itemListElement":[{"@type":"ListItem","position":1,"name":"Inicio","item":"https:\/\/www.caudete.org\/ayuntamiento\/"},{"@type":"ListItem","position":2,"name":"Se ampl\u00eda el n\u00famero de papeleras en el municipio en m\u00e1s de una veintena"}]},{"@type":"WebSite","@id":"https:\/\/www.caudete.org\/ayuntamiento\/#website","url":"https:\/\/www.caudete.org\/ayuntamiento\/","name":"MI Ayuntamiento de Caudete","description":"P\u00e1gina Oficial del MI Ayuntamiento de Caudete","potentialAction":[{"@type":"SearchAction","target":{"@type":"EntryPoint","urlTemplate":"https:\/\/www.caudete.org\/ayuntamiento\/?s={search_term_string}"},"query-input":{"@type":"PropertyValueSpecification","valueRequired":true,"valueName":"search_term_string"}}],"inLanguage":"es"},{"@type":"Person","@id":"https:\/\/www.caudete.org\/ayuntamiento\/#\/schema\/person\/cc646da9133078ee4d8dd47457947253","name":"alcalde","image":{"@type":"ImageObject","inLanguage":"es","@id":"https:\/\/secure.gravatar.com\/avatar\/84a817ba065b29ff08d666b215a215f5c79186a645ccb25b14a663d48a130f77?s=96&d=mm&r=g","url":"https:\/\/secure.gravatar.com\/avatar\/84a817ba065b29ff08d666b215a215f5c79186a645ccb25b14a663d48a130f77?s=96&d=mm&r=g","contentUrl":"https:\/\/secure.gravatar.com\/avatar\/84a817ba065b29ff08d666b215a215f5c79186a645ccb25b14a663d48a130f77?s=96&d=mm&r=g","caption":"alcalde"},"url":"https:\/\/www.caudete.org\/ayuntamiento\/author\/alcalde\/"}]}},"_links":{"self":[{"href":"https:\/\/www.caudete.org\/ayuntamiento\/wp-json\/wp\/v2\/posts\/19818","targetHints":{"allow":["GET"]}}],"collection":[{"href":"https:\/\/www.caudete.org\/ayuntamiento\/wp-json\/wp\/v2\/posts"}],"about":[{"href":"https:\/\/www.caudete.org\/ayuntamiento\/wp-json\/wp\/v2\/types\/post"}],"author":[{"embeddable":true,"href":"https:\/\/www.caudete.org\/ayuntamiento\/wp-json\/wp\/v2\/users\/3"}],"replies":[{"embeddable":true,"href":"https:\/\/www.caudete.org\/ayuntamiento\/wp-json\/wp\/v2\/comments?post=19818"}],"version-history":[{"count":1,"href":"https:\/\/www.caudete.org\/ayuntamiento\/wp-json\/wp\/v2\/posts\/19818\/revisions"}],"predecessor-version":[{"id":19825,"href":"https:\/\/www.caudete.org\/ayuntamiento\/wp-json\/wp\/v2\/posts\/19818\/revisions\/19825"}],"wp:featuredmedia":[{"embeddable":true,"href":"https:\/\/www.caudete.org\/ayuntamiento\/wp-json\/wp\/v2\/media\/19819"}],"wp:attachment":[{"href":"https:\/\/www.caudete.org\/ayuntamiento\/wp-json\/wp\/v2\/media?parent=19818"}],"wp:term":[{"taxonomy":"category","embeddable":true,"href":"https:\/\/www.caudete.org\/ayuntamiento\/wp-json\/wp\/v2\/categories?post=19818"},{"taxonomy":"post_tag","embeddable":true,"href":"https:\/\/www.caudete.org\/ayuntamiento\/wp-json\/wp\/v2\/tags?post=19818"}],"curies":[{"name":"wp","href":"https:\/\/api.w.org\/{rel}","templated":true}]}}